{"id":5321,"date":"2013-11-10T23:00:00","date_gmt":"2013-11-10T23:00:00","guid":{"rendered":"http:\/\/www.carideal.com\/blog\/2013\/11\/10\/bmw-x5-4x2-et-4-cylindres\/"},"modified":"2023-08-20T19:15:51","modified_gmt":"2023-08-20T17:15:51","slug":"bmw-x5-4x2-et-4-cylindres","status":"publish","type":"post","link":"https:\/\/www.carideal.com\/blog\/2013\/11\/10\/bmw-x5-4x2-et-4-cylindres\/","title":{"rendered":"BMW X5 sDrive 25d 4&#215;2 et 4 cylindres"},"content":{"rendered":"\n<h2 class=\"wp-block-heading\">BMW X5 sDrive 25d 4x2 et 4 cylindres<\/h2>\n\n\n\n<p><strong>BMW X5 sDrive 25d 4x2 et 4 cylindres<\/strong><\/p>\n\n\n\n<p><strong>Le BMW X5 sDrive 25d 4x2 et 4 cylindres<\/strong>. Le nouveau BMW X5 sort ces jours. Bien qu'il n'\u00e9volue pas trop au point de vue du gabarie ou du style, c'est la r\u00e9volution technologique.<br>Pour la premi\u00e8re fois il est propos\u00e9 en mode 4x2 et propulsion arri\u00e8re avec un moteur diesel 25d de 218 ch.<\/p>\n\n\n\n<p>Cela&nbsp;devait arriver t\u00f4t ou tard. Le grand <a href=\"http:\/\/www.carideal.com\/blog\/type-de-vehicule\/suv\/\">SUV<\/a>, ce dernier bastion des 4x4 permanents, o\u00f9 les voitures sont cens\u00e9es \u00eatre robustes&nbsp;et capable de passer partout en tout-terrain, a obtenu son premier membre dans la cat\u00e9gorie des deux roues motrices seulement 2WD - le BMW X5 sDrive 25d. Ce qui est appropri\u00e9 d'une certaine fa\u00e7on, \u00e9tant donn\u00e9 que la circulation dans la boue&nbsp;n'a jamais \u00e9t\u00e9 le point&nbsp;particulier fort du X5.<\/p>\n\n\n\n<p>Parce que c'est une <a href=\"http:\/\/www.carideal.com\/blog\/marque-de-voiture-actualites-essais\/bmw\/\">BMW<\/a>, c'est une propulsion\u00a0arri\u00e8re, avec une toute\u00a0premiere pour un X5 - un moteur 4cylindres. Le 2.0 diesel est l'excellent moteur du <a href=\"http:\/\/www.carideal.com\/blog\/2015\/06\/11\/bmw-serie-3-restylee-2015\/\">325d<\/a>, avec 215 ch\u00a0et 450 Nm de couple. Et en raison de l'\u00e9conomie de poids de la suppression du syst\u00e8me 4WD et de son\u00a0plus petit moteur - le BMW X5 sDrive 25d est 45 kg plus l\u00e9ger - la version\u00a0M Sport X5 consomme 6.15 L\/100 km\u00a0pour 151 g \/ Km de CO2. Des chiffres impressionnants, et vous pouvez les repousser\u00a0encore plus loin en optant pour la finition\u00a0SE avec des roues plus petites.<\/p>\n\n\n<div class=\"wp-block-image\">\n<figure class=\"aligncenter size-full\"><a href=\"http:\/\/www.carideal.com\/blog\/wp-content\/uploads\/2023\/08\/bmwx52013caridealmandataireautomobile-1384187121.jpg\"><img loading=\"lazy\" decoding=\"async\" width=\"628\" height=\"353\" src=\"http:\/\/www.carideal.com\/blog\/wp-content\/uploads\/2023\/08\/bmwx52013caridealmandataireautomobile-1384187121.jpg\" alt=\"BMW X5 sDrive 25d 4x2 et 4 cylindres\" class=\"wp-image-26938\" srcset=\"https:\/\/www.carideal.com\/blog\/wp-content\/uploads\/2023\/08\/bmwx52013caridealmandataireautomobile-1384187121.jpg 628w, https:\/\/www.carideal.com\/blog\/wp-content\/uploads\/2023\/08\/bmwx52013caridealmandataireautomobile-1384187121-300x169.jpg 300w, https:\/\/www.carideal.com\/blog\/wp-content\/uploads\/2023\/08\/bmwx52013caridealmandataireautomobile-1384187121-50x28.jpg 50w, https:\/\/www.carideal.com\/blog\/wp-content\/uploads\/2023\/08\/bmwx52013caridealmandataireautomobile-1384187121-110x62.jpg 110w, https:\/\/www.carideal.com\/blog\/wp-content\/uploads\/2023\/08\/bmwx52013caridealmandataireautomobile-1384187121-420x236.jpg 420w, https:\/\/www.carideal.com\/blog\/wp-content\/uploads\/2023\/08\/bmwx52013caridealmandataireautomobile-1384187121-248x138.jpg 248w\" sizes=\"(max-width: 628px) 100vw, 628px\" \/><\/a><figcaption class=\"wp-element-caption\">BMW X5 sDrive 25d 4x2 et 4 cylindres<\/figcaption><\/figure><\/div>\n\n\n<p>C'est un grand moteur - lisse, raffin\u00e9 et avec assez de Punch\u00a0pour des vitesses inf\u00e9rieures \u00e0 80\u00a0km\/h, calme avec\u00a0une acc\u00e9l\u00e9ration r\u00e9guli\u00e8re. Un bon avion de croisi\u00e8re. Mais malheureusement, quelque chose de pataud\u00a0et lourd comme un X5 - il p\u00e8se encore pr\u00e8s de deux tonnes - il n'est pas \u00e0 l'aise\u00a0\u00e0 des vitesses plus \u00e9lev\u00e9es. Si vous voulez d\u00e9passer\u00a0une autre voiture roulant \u00e0\u00a090 km\/h, le BMW X5 sDrive 25d lutte et a besoin de se battre. D'un autre cot\u00e9 la version 30d ne fera qu'une bouch\u00e9 de celui-ci. Et en vous d\u00e9battant avec le moteur 25d, vous ne profitez pas de la frugalit\u00e9\u00a0du moteur - vous\u00a0obtiendrez une moyenne de 8 L\/100 km, ce qui ressemble plus aux chiffres du moteur\u00a030d.<\/p>\n\n\n\n<ul class=\"wp-block-list\">\n<li><a href=\"http:\/\/www.carideal.com\/blog\/2023\/08\/19\/la-revolution-du-luxe-ecologique-decouvrez-la-bmw-x5-xdrive50e-2023\/\">La r\u00e9volution du luxe \u00e9cologique : D\u00e9couvrez la BMW X5 xDrive50e 2023<\/a><\/li>\n<\/ul>\n\n\n\n<p>Pourtant, au moins vous ne remarquez pas vraiment l'absence de 4 roues motrices. Parce que toute la puissance est envoy\u00e9e aux roues arri\u00e8re, les roues avants ne pattinent&nbsp;jamais hors des virages&nbsp;serr\u00e9s, et sur la route&nbsp;c'est difficile de dire que ce n'est pas un quatre roues motrices (4WD). C'est comme tout autre X5.<\/p>\n\n\n\n<p>Tout ceci est bien, mais tout&nbsp;comme tout autre X5, le sDrive n'aborde pas l'un des probl\u00e8mes majeurs du X5 - \u00e0 savoir, qu'il n'est pas si bien \u00e0 conduire. BMW semble avoir oubli\u00e9 que dans SUV il y avait le mot Sport...<\/p>\n\n\n\n<p>Tout cela s'ajoute \u00e0 une d\u00e9ception. Il est impressionnant que BMW a eu du&nbsp;flaire&nbsp;pour lancer un X5 \u00e0 deux roues motrices, mais si nous devions vraiment choisir un X5, nous choisirions&nbsp;encore le 30d. Le moteur six cylindres en ligne est tout simplement trop bon.<\/p>\n","protected":false},"excerpt":{"rendered":"<p>BMW X5 sDrive 25d 4&#215;2 et 4 cylindres BMW X5 sDrive 25d 4&#215;2 et 4 cylindres Le BMW X5 sDrive 25d 4&#215;2 et 4 cylindres. Le nouveau BMW X5 sort ces jours. Bien qu&rsquo;il n&rsquo;\u00e9volue pas trop au point de vue du gabarie ou du style, c&rsquo;est la r\u00e9volution technologique.Pour la premi\u00e8re fois il est &#8230; <a title=\"BMW X5 sDrive 25d 4&#215;2 et 4 cylindres\" class=\"read-more\" href=\"https:\/\/www.carideal.com\/blog\/2013\/11\/10\/bmw-x5-4x2-et-4-cylindres\/\" aria-label=\"En savoir plus sur BMW X5 sDrive 25d 4&#215;2 et 4 cylindres\">Lire plus<\/a><\/p>\n","protected":false},"author":3,"featured_media":14576,"comment_status":"open","ping_status":"open","sticky":false,"template":"","format":"standard","meta":{"_uag_custom_page_level_css":"","_themeisle_gutenberg_block_has_review":false,"footnotes":""},"categories":[21,5945,5944,6010,5974],"tags":[],"class_list":["post-5321","post","type-post","status-publish","format-standard","has-post-thumbnail","hentry","category-actualites-auto","category-bmw","category-constructeur","category-suv","category-type-de-vehicule"],"wppr_data":{"cwp_meta_box_check":"No"},"yoast_head":"<!-- This site is optimized with the Yoast SEO plugin v24.8.1 - https:\/\/yoast.com\/wordpress\/plugins\/seo\/ -->\n<title>BMW X5 sDrive 25d 4x2 et 4 cylindres - Blog auto Carid\u00e9al<\/title>\n<meta name=\"description\" content=\"Le BMW X5 sDrive 25d 4x2 et 4 cylindres. Le nouveau BMW X5 sort ces jours. Bien qu&#039;il n&#039;\u00e9volue pas trop au point de vue du gabarie ou du style\" \/>\n<meta name=\"robots\" content=\"index, follow, max-snippet:-1, max-image-preview:large, max-video-preview:-1\" \/>\n<link rel=\"canonical\" href=\"https:\/\/www.carideal.com\/blog\/2013\/11\/10\/bmw-x5-4x2-et-4-cylindres\/\" \/>\n<meta property=\"og:locale\" content=\"fr_FR\" \/>\n<meta property=\"og:type\" content=\"article\" \/>\n<meta property=\"og:title\" content=\"BMW X5 sDrive 25d 4x2 et 4 cylindres - Blog auto Carid\u00e9al\" \/>\n<meta property=\"og:description\" content=\"Le BMW X5 sDrive 25d 4x2 et 4 cylindres. Le nouveau BMW X5 sort ces jours. Bien qu&#039;il n&#039;\u00e9volue pas trop au point de vue du gabarie ou du style\" \/>\n<meta property=\"og:url\" content=\"https:\/\/www.carideal.com\/blog\/2013\/11\/10\/bmw-x5-4x2-et-4-cylindres\/\" \/>\n<meta property=\"og:site_name\" content=\"Blog auto Carid\u00e9al\" \/>\n<meta property=\"article:publisher\" content=\"https:\/\/www.facebook.com\/Carideal.mandataire.automobile\" \/>\n<meta property=\"article:author\" content=\"https:\/\/www.facebook.com\/nicolas.schiavon.39\" \/>\n<meta property=\"article:published_time\" content=\"2013-11-10T23:00:00+00:00\" \/>\n<meta property=\"article:modified_time\" content=\"2023-08-20T17:15:51+00:00\" \/>\n<meta property=\"og:image\" content=\"https:\/\/www.carideal.com\/blog\/wp-content\/uploads\/2013\/11\/bmw-x5-sdrive-25d-4x2-e1483622359747.jpg\" \/>\n\t<meta property=\"og:image:width\" content=\"800\" \/>\n\t<meta property=\"og:image:height\" content=\"471\" \/>\n\t<meta property=\"og:image:type\" content=\"image\/jpeg\" \/>\n<meta name=\"author\" content=\"Nicolas SCHIAVON\" \/>\n<meta name=\"twitter:card\" content=\"summary_large_image\" \/>\n<meta name=\"twitter:creator\" content=\"@caridealauto\" \/>\n<meta name=\"twitter:site\" content=\"@caridealauto\" \/>\n<meta name=\"twitter:label1\" content=\"\u00c9crit par\" \/>\n\t<meta name=\"twitter:data1\" content=\"Nicolas SCHIAVON\" \/>\n\t<meta name=\"twitter:label2\" content=\"Dur\u00e9e de lecture estim\u00e9e\" \/>\n\t<meta name=\"twitter:data2\" content=\"3 minutes\" \/>\n<script type=\"application\/ld+json\" class=\"yoast-schema-graph\">{\"@context\":\"https:\/\/schema.org\",\"@graph\":[{\"@type\":\"Article\",\"@id\":\"https:\/\/www.carideal.com\/blog\/2013\/11\/10\/bmw-x5-4x2-et-4-cylindres\/#article\",\"isPartOf\":{\"@id\":\"https:\/\/www.carideal.com\/blog\/2013\/11\/10\/bmw-x5-4x2-et-4-cylindres\/\"},\"author\":{\"name\":\"Nicolas SCHIAVON\",\"@id\":\"https:\/\/www.carideal.com\/blog\/#\/schema\/person\/cd95dc7919660de90d31b366f85be1ec\"},\"headline\":\"BMW X5 sDrive 25d 4&#215;2 et 4 cylindres\",\"datePublished\":\"2013-11-10T23:00:00+00:00\",\"dateModified\":\"2023-08-20T17:15:51+00:00\",\"mainEntityOfPage\":{\"@id\":\"https:\/\/www.carideal.com\/blog\/2013\/11\/10\/bmw-x5-4x2-et-4-cylindres\/\"},\"wordCount\":568,\"commentCount\":0,\"publisher\":{\"@id\":\"https:\/\/www.carideal.com\/blog\/#organization\"},\"image\":{\"@id\":\"https:\/\/www.carideal.com\/blog\/2013\/11\/10\/bmw-x5-4x2-et-4-cylindres\/#primaryimage\"},\"thumbnailUrl\":\"https:\/\/www.carideal.com\/blog\/wp-content\/uploads\/2013\/11\/bmw-x5-sdrive-25d-4x2-e1483622359747.jpg\",\"articleSection\":[\"Actualit\u00e9 automobile\",\"Actualit\u00e9 BMW\",\"Actualit\u00e9 Constructeur automobile\",\"SUV\",\"Type de v\u00e9hicule\"],\"inLanguage\":\"fr-FR\",\"potentialAction\":[{\"@type\":\"CommentAction\",\"name\":\"Comment\",\"target\":[\"https:\/\/www.carideal.com\/blog\/2013\/11\/10\/bmw-x5-4x2-et-4-cylindres\/#respond\"]}]},{\"@type\":\"WebPage\",\"@id\":\"https:\/\/www.carideal.com\/blog\/2013\/11\/10\/bmw-x5-4x2-et-4-cylindres\/\",\"url\":\"https:\/\/www.carideal.com\/blog\/2013\/11\/10\/bmw-x5-4x2-et-4-cylindres\/\",\"name\":\"BMW X5 sDrive 25d 4x2 et 4 cylindres - Blog auto Carid\u00e9al\",\"isPartOf\":{\"@id\":\"https:\/\/www.carideal.com\/blog\/#website\"},\"primaryImageOfPage\":{\"@id\":\"https:\/\/www.carideal.com\/blog\/2013\/11\/10\/bmw-x5-4x2-et-4-cylindres\/#primaryimage\"},\"image\":{\"@id\":\"https:\/\/www.carideal.com\/blog\/2013\/11\/10\/bmw-x5-4x2-et-4-cylindres\/#primaryimage\"},\"thumbnailUrl\":\"https:\/\/www.carideal.com\/blog\/wp-content\/uploads\/2013\/11\/bmw-x5-sdrive-25d-4x2-e1483622359747.jpg\",\"datePublished\":\"2013-11-10T23:00:00+00:00\",\"dateModified\":\"2023-08-20T17:15:51+00:00\",\"description\":\"Le BMW X5 sDrive 25d 4x2 et 4 cylindres. Le nouveau BMW X5 sort ces jours. Bien qu'il n'\u00e9volue pas trop au point de vue du gabarie ou du style\",\"breadcrumb\":{\"@id\":\"https:\/\/www.carideal.com\/blog\/2013\/11\/10\/bmw-x5-4x2-et-4-cylindres\/#breadcrumb\"},\"inLanguage\":\"fr-FR\",\"potentialAction\":[{\"@type\":\"ReadAction\",\"target\":[\"https:\/\/www.carideal.com\/blog\/2013\/11\/10\/bmw-x5-4x2-et-4-cylindres\/\"]}]},{\"@type\":\"ImageObject\",\"inLanguage\":\"fr-FR\",\"@id\":\"https:\/\/www.carideal.com\/blog\/2013\/11\/10\/bmw-x5-4x2-et-4-cylindres\/#primaryimage\",\"url\":\"https:\/\/www.carideal.com\/blog\/wp-content\/uploads\/2013\/11\/bmw-x5-sdrive-25d-4x2-e1483622359747.jpg\",\"contentUrl\":\"https:\/\/www.carideal.com\/blog\/wp-content\/uploads\/2013\/11\/bmw-x5-sdrive-25d-4x2-e1483622359747.jpg\",\"width\":800,\"height\":471,\"caption\":\"BMW X5 sDrive 25d 218 ch 4x2\"},{\"@type\":\"BreadcrumbList\",\"@id\":\"https:\/\/www.carideal.com\/blog\/2013\/11\/10\/bmw-x5-4x2-et-4-cylindres\/#breadcrumb\",\"itemListElement\":[{\"@type\":\"ListItem\",\"position\":1,\"name\":\"Blog Carid\u00e9al\",\"item\":\"https:\/\/www.carideal.com\/blog\/\"},{\"@type\":\"ListItem\",\"position\":2,\"name\":\"Actualit\u00e9 constructeur automobile\",\"item\":\"https:\/\/www.carideal.com\/blog\/constructeur\/\"},{\"@type\":\"ListItem\",\"position\":3,\"name\":\"Actualit\u00e9 BMW\",\"item\":\"https:\/\/www.carideal.com\/blog\/constructeur\/bmw\/\"},{\"@type\":\"ListItem\",\"position\":4,\"name\":\"BMW X5 sDrive 25d 4&#215;2 et 4 cylindres\"}]},{\"@type\":\"WebSite\",\"@id\":\"https:\/\/www.carideal.com\/blog\/#website\",\"url\":\"https:\/\/www.carideal.com\/blog\/\",\"name\":\"Blog auto Carid\u00e9al\",\"description\":\"Actualit\u00e9 auto par des passionn\u00e9s\",\"publisher\":{\"@id\":\"https:\/\/www.carideal.com\/blog\/#organization\"},\"potentialAction\":[{\"@type\":\"SearchAction\",\"target\":{\"@type\":\"EntryPoint\",\"urlTemplate\":\"https:\/\/www.carideal.com\/blog\/?s={search_term_string}\"},\"query-input\":{\"@type\":\"PropertyValueSpecification\",\"valueRequired\":true,\"valueName\":\"search_term_string\"}}],\"inLanguage\":\"fr-FR\"},{\"@type\":\"Organization\",\"@id\":\"https:\/\/www.carideal.com\/blog\/#organization\",\"name\":\"Carideal\",\"url\":\"https:\/\/www.carideal.com\/blog\/\",\"logo\":{\"@type\":\"ImageObject\",\"inLanguage\":\"fr-FR\",\"@id\":\"https:\/\/www.carideal.com\/blog\/#\/schema\/logo\/image\/\",\"url\":\"http:\/\/www.carideal.com\/blog\/wp-content\/uploads\/2016\/03\/logo-carideal-mandataire-automobile.png\",\"contentUrl\":\"http:\/\/www.carideal.com\/blog\/wp-content\/uploads\/2016\/03\/logo-carideal-mandataire-automobile.png\",\"width\":300,\"height\":300,\"caption\":\"Carideal\"},\"image\":{\"@id\":\"https:\/\/www.carideal.com\/blog\/#\/schema\/logo\/image\/\"},\"sameAs\":[\"https:\/\/www.facebook.com\/Carideal.mandataire.automobile\",\"https:\/\/x.com\/caridealauto\",\"https:\/\/www.instagram.com\/carideal1\/\",\"https:\/\/www.linkedin.com\/company\/carideal.com\",\"https:\/\/fr.pinterest.com\/schiavonsas\/\",\"https:\/\/www.youtube.com\/user\/caridealsas\"]},{\"@type\":\"Person\",\"@id\":\"https:\/\/www.carideal.com\/blog\/#\/schema\/person\/cd95dc7919660de90d31b366f85be1ec\",\"name\":\"Nicolas SCHIAVON\",\"image\":{\"@type\":\"ImageObject\",\"inLanguage\":\"fr-FR\",\"@id\":\"https:\/\/www.carideal.com\/blog\/#\/schema\/person\/image\/\",\"url\":\"https:\/\/secure.gravatar.com\/avatar\/c17e55009e671d92cc7f5dc837dc418a?s=96&r=g\",\"contentUrl\":\"https:\/\/secure.gravatar.com\/avatar\/c17e55009e671d92cc7f5dc837dc418a?s=96&r=g\",\"caption\":\"Nicolas SCHIAVON\"},\"description\":\"Nicolas Schiavon est tomb\u00e9 tout petit dans la marmite automobile. Ayant eu un garage de marque automobile, mandataire automobile de la premi\u00e8re heure d\u00e8s 1999. Nicolas a cr\u00e9\u00e9 ces premiers sites de vente de voiture et blog automobile d\u00e8s 1994. Carideal est n\u00e9 le 15 d\u00e9cembre 2000 de la volont\u00e9 de vendre des voitures d'occasions en ligne puis des voitures neuves. Il a pu essayer beaucoup de voitures tr\u00e8s diff\u00e9rentes et ayant eu personnellement quelques belles autos, Subaru Impreza, Mitsubishi Lancer Evo 7, Porsche 911, Ferrari Testarrossa, Audi RS3, RS4 et j'en passe...\",\"sameAs\":[\"http:\/\/www.carideal.com\",\"https:\/\/www.facebook.com\/nicolas.schiavon.39\",\"https:\/\/www.instagram.com\/carideal1\/\",\"https:\/\/www.linkedin.com\/in\/nschiavon\/\",\"https:\/\/x.com\/caridealauto\",\"https:\/\/www.youtube.com\/user\/caridealsas\/\"],\"url\":\"https:\/\/www.carideal.com\/blog\/author\/nschiavon\/\"}]}<\/script>\n<!-- \/ Yoast SEO plugin. -->","yoast_head_json":{"title":"BMW X5 sDrive 25d 4x2 et 4 cylindres - Blog auto Carid\u00e9al","description":"Le BMW X5 sDrive 25d 4x2 et 4 cylindres. Le nouveau BMW X5 sort ces jours. Bien qu'il n'\u00e9volue pas trop au point de vue du gabarie ou du style","robots":{"index":"index","follow":"follow","max-snippet":"max-snippet:-1","max-image-preview":"max-image-preview:large","max-video-preview":"max-video-preview:-1"},"canonical":"https:\/\/www.carideal.com\/blog\/2013\/11\/10\/bmw-x5-4x2-et-4-cylindres\/","og_locale":"fr_FR","og_type":"article","og_title":"BMW X5 sDrive 25d 4x2 et 4 cylindres - Blog auto Carid\u00e9al","og_description":"Le BMW X5 sDrive 25d 4x2 et 4 cylindres. Le nouveau BMW X5 sort ces jours. Bien qu'il n'\u00e9volue pas trop au point de vue du gabarie ou du style","og_url":"https:\/\/www.carideal.com\/blog\/2013\/11\/10\/bmw-x5-4x2-et-4-cylindres\/","og_site_name":"Blog auto Carid\u00e9al","article_publisher":"https:\/\/www.facebook.com\/Carideal.mandataire.automobile","article_author":"https:\/\/www.facebook.com\/nicolas.schiavon.39","article_published_time":"2013-11-10T23:00:00+00:00","article_modified_time":"2023-08-20T17:15:51+00:00","og_image":[{"width":800,"height":471,"url":"https:\/\/www.carideal.com\/blog\/wp-content\/uploads\/2013\/11\/bmw-x5-sdrive-25d-4x2-e1483622359747.jpg","type":"image\/jpeg"}],"author":"Nicolas SCHIAVON","twitter_card":"summary_large_image","twitter_creator":"@caridealauto","twitter_site":"@caridealauto","twitter_misc":{"\u00c9crit par":"Nicolas SCHIAVON","Dur\u00e9e de lecture estim\u00e9e":"3 minutes"},"schema":{"@context":"https:\/\/schema.org","@graph":[{"@type":"Article","@id":"https:\/\/www.carideal.com\/blog\/2013\/11\/10\/bmw-x5-4x2-et-4-cylindres\/#article","isPartOf":{"@id":"https:\/\/www.carideal.com\/blog\/2013\/11\/10\/bmw-x5-4x2-et-4-cylindres\/"},"author":{"name":"Nicolas SCHIAVON","@id":"https:\/\/www.carideal.com\/blog\/#\/schema\/person\/cd95dc7919660de90d31b366f85be1ec"},"headline":"BMW X5 sDrive 25d 4&#215;2 et 4 cylindres","datePublished":"2013-11-10T23:00:00+00:00","dateModified":"2023-08-20T17:15:51+00:00","mainEntityOfPage":{"@id":"https:\/\/www.carideal.com\/blog\/2013\/11\/10\/bmw-x5-4x2-et-4-cylindres\/"},"wordCount":568,"commentCount":0,"publisher":{"@id":"https:\/\/www.carideal.com\/blog\/#organization"},"image":{"@id":"https:\/\/www.carideal.com\/blog\/2013\/11\/10\/bmw-x5-4x2-et-4-cylindres\/#primaryimage"},"thumbnailUrl":"https:\/\/www.carideal.com\/blog\/wp-content\/uploads\/2013\/11\/bmw-x5-sdrive-25d-4x2-e1483622359747.jpg","articleSection":["Actualit\u00e9 automobile","Actualit\u00e9 BMW","Actualit\u00e9 Constructeur automobile","SUV","Type de v\u00e9hicule"],"inLanguage":"fr-FR","potentialAction":[{"@type":"CommentAction","name":"Comment","target":["https:\/\/www.carideal.com\/blog\/2013\/11\/10\/bmw-x5-4x2-et-4-cylindres\/#respond"]}]},{"@type":"WebPage","@id":"https:\/\/www.carideal.com\/blog\/2013\/11\/10\/bmw-x5-4x2-et-4-cylindres\/","url":"https:\/\/www.carideal.com\/blog\/2013\/11\/10\/bmw-x5-4x2-et-4-cylindres\/","name":"BMW X5 sDrive 25d 4x2 et 4 cylindres - Blog auto Carid\u00e9al","isPartOf":{"@id":"https:\/\/www.carideal.com\/blog\/#website"},"primaryImageOfPage":{"@id":"https:\/\/www.carideal.com\/blog\/2013\/11\/10\/bmw-x5-4x2-et-4-cylindres\/#primaryimage"},"image":{"@id":"https:\/\/www.carideal.com\/blog\/2013\/11\/10\/bmw-x5-4x2-et-4-cylindres\/#primaryimage"},"thumbnailUrl":"https:\/\/www.carideal.com\/blog\/wp-content\/uploads\/2013\/11\/bmw-x5-sdrive-25d-4x2-e1483622359747.jpg","datePublished":"2013-11-10T23:00:00+00:00","dateModified":"2023-08-20T17:15:51+00:00","description":"Le BMW X5 sDrive 25d 4x2 et 4 cylindres. Le nouveau BMW X5 sort ces jours. Bien qu'il n'\u00e9volue pas trop au point de vue du gabarie ou du style","breadcrumb":{"@id":"https:\/\/www.carideal.com\/blog\/2013\/11\/10\/bmw-x5-4x2-et-4-cylindres\/#breadcrumb"},"inLanguage":"fr-FR","potentialAction":[{"@type":"ReadAction","target":["https:\/\/www.carideal.com\/blog\/2013\/11\/10\/bmw-x5-4x2-et-4-cylindres\/"]}]},{"@type":"ImageObject","inLanguage":"fr-FR","@id":"https:\/\/www.carideal.com\/blog\/2013\/11\/10\/bmw-x5-4x2-et-4-cylindres\/#primaryimage","url":"https:\/\/www.carideal.com\/blog\/wp-content\/uploads\/2013\/11\/bmw-x5-sdrive-25d-4x2-e1483622359747.jpg","contentUrl":"https:\/\/www.carideal.com\/blog\/wp-content\/uploads\/2013\/11\/bmw-x5-sdrive-25d-4x2-e1483622359747.jpg","width":800,"height":471,"caption":"BMW X5 sDrive 25d 218 ch 4x2"},{"@type":"BreadcrumbList","@id":"https:\/\/www.carideal.com\/blog\/2013\/11\/10\/bmw-x5-4x2-et-4-cylindres\/#breadcrumb","itemListElement":[{"@type":"ListItem","position":1,"name":"Blog Carid\u00e9al","item":"https:\/\/www.carideal.com\/blog\/"},{"@type":"ListItem","position":2,"name":"Actualit\u00e9 constructeur automobile","item":"https:\/\/www.carideal.com\/blog\/constructeur\/"},{"@type":"ListItem","position":3,"name":"Actualit\u00e9 BMW","item":"https:\/\/www.carideal.com\/blog\/constructeur\/bmw\/"},{"@type":"ListItem","position":4,"name":"BMW X5 sDrive 25d 4&#215;2 et 4 cylindres"}]},{"@type":"WebSite","@id":"https:\/\/www.carideal.com\/blog\/#website","url":"https:\/\/www.carideal.com\/blog\/","name":"Blog auto Carid\u00e9al","description":"Actualit\u00e9 auto par des passionn\u00e9s","publisher":{"@id":"https:\/\/www.carideal.com\/blog\/#organization"},"potentialAction":[{"@type":"SearchAction","target":{"@type":"EntryPoint","urlTemplate":"https:\/\/www.carideal.com\/blog\/?s={search_term_string}"},"query-input":{"@type":"PropertyValueSpecification","valueRequired":true,"valueName":"search_term_string"}}],"inLanguage":"fr-FR"},{"@type":"Organization","@id":"https:\/\/www.carideal.com\/blog\/#organization","name":"Carideal","url":"https:\/\/www.carideal.com\/blog\/","logo":{"@type":"ImageObject","inLanguage":"fr-FR","@id":"https:\/\/www.carideal.com\/blog\/#\/schema\/logo\/image\/","url":"http:\/\/www.carideal.com\/blog\/wp-content\/uploads\/2016\/03\/logo-carideal-mandataire-automobile.png","contentUrl":"http:\/\/www.carideal.com\/blog\/wp-content\/uploads\/2016\/03\/logo-carideal-mandataire-automobile.png","width":300,"height":300,"caption":"Carideal"},"image":{"@id":"https:\/\/www.carideal.com\/blog\/#\/schema\/logo\/image\/"},"sameAs":["https:\/\/www.facebook.com\/Carideal.mandataire.automobile","https:\/\/x.com\/caridealauto","https:\/\/www.instagram.com\/carideal1\/","https:\/\/www.linkedin.com\/company\/carideal.com","https:\/\/fr.pinterest.com\/schiavonsas\/","https:\/\/www.youtube.com\/user\/caridealsas"]},{"@type":"Person","@id":"https:\/\/www.carideal.com\/blog\/#\/schema\/person\/cd95dc7919660de90d31b366f85be1ec","name":"Nicolas SCHIAVON","image":{"@type":"ImageObject","inLanguage":"fr-FR","@id":"https:\/\/www.carideal.com\/blog\/#\/schema\/person\/image\/","url":"https:\/\/secure.gravatar.com\/avatar\/c17e55009e671d92cc7f5dc837dc418a?s=96&r=g","contentUrl":"https:\/\/secure.gravatar.com\/avatar\/c17e55009e671d92cc7f5dc837dc418a?s=96&r=g","caption":"Nicolas SCHIAVON"},"description":"Nicolas Schiavon est tomb\u00e9 tout petit dans la marmite automobile. Ayant eu un garage de marque automobile, mandataire automobile de la premi\u00e8re heure d\u00e8s 1999. Nicolas a cr\u00e9\u00e9 ces premiers sites de vente de voiture et blog automobile d\u00e8s 1994. Carideal est n\u00e9 le 15 d\u00e9cembre 2000 de la volont\u00e9 de vendre des voitures d'occasions en ligne puis des voitures neuves. Il a pu essayer beaucoup de voitures tr\u00e8s diff\u00e9rentes et ayant eu personnellement quelques belles autos, Subaru Impreza, Mitsubishi Lancer Evo 7, Porsche 911, Ferrari Testarrossa, Audi RS3, RS4 et j'en passe...","sameAs":["http:\/\/www.carideal.com","https:\/\/www.facebook.com\/nicolas.schiavon.39","https:\/\/www.instagram.com\/carideal1\/","https:\/\/www.linkedin.com\/in\/nschiavon\/","https:\/\/x.com\/caridealauto","https:\/\/www.youtube.com\/user\/caridealsas\/"],"url":"https:\/\/www.carideal.com\/blog\/author\/nschiavon\/"}]}},"uagb_featured_image_src":{"full":["https:\/\/www.carideal.com\/blog\/wp-content\/uploads\/2013\/11\/bmw-x5-sdrive-25d-4x2-e1483622359747.jpg",800,471,false],"thumbnail":["https:\/\/www.carideal.com\/blog\/wp-content\/uploads\/2013\/11\/bmw-x5-sdrive-25d-4x2-150x150.jpg",150,150,true],"medium":["https:\/\/www.carideal.com\/blog\/wp-content\/uploads\/2013\/11\/bmw-x5-sdrive-25d-4x2-300x177.jpg",300,177,true],"medium_large":["https:\/\/www.carideal.com\/blog\/wp-content\/uploads\/2013\/11\/bmw-x5-sdrive-25d-4x2-768x452.jpg",768,452,true],"large":["https:\/\/www.carideal.com\/blog\/wp-content\/uploads\/2013\/11\/bmw-x5-sdrive-25d-4x2-1024x603.jpg",1024,603,true],"1536x1536":["https:\/\/www.carideal.com\/blog\/wp-content\/uploads\/2013\/11\/bmw-x5-sdrive-25d-4x2-e1483622359747.jpg",800,471,false],"2048x2048":["https:\/\/www.carideal.com\/blog\/wp-content\/uploads\/2013\/11\/bmw-x5-sdrive-25d-4x2-e1483622359747.jpg",800,471,false],"wppr-widget":["https:\/\/www.carideal.com\/blog\/wp-content\/uploads\/2013\/11\/bmw-x5-sdrive-25d-4x2-e1483622359747.jpg",50,29,false]},"uagb_author_info":{"display_name":"Nicolas SCHIAVON","author_link":"https:\/\/www.carideal.com\/blog\/author\/nschiavon\/"},"uagb_comment_info":0,"uagb_excerpt":"BMW X5 sDrive 25d 4x2 et 4 cylindres BMW X5 sDrive 25d 4x2 et 4 cylindres Le BMW X5 sDrive 25d 4x2 et 4 cylindres. Le nouveau BMW X5 sort ces jours. Bien qu'il n'\u00e9volue pas trop au point de vue du gabarie ou du style, c'est la r\u00e9volution technologique.Pour la premi\u00e8re fois il est\u2026","_links":{"self":[{"href":"https:\/\/www.carideal.com\/blog\/wp-json\/wp\/v2\/posts\/5321"}],"collection":[{"href":"https:\/\/www.carideal.com\/blog\/wp-json\/wp\/v2\/posts"}],"about":[{"href":"https:\/\/www.carideal.com\/blog\/wp-json\/wp\/v2\/types\/post"}],"author":[{"embeddable":true,"href":"https:\/\/www.carideal.com\/blog\/wp-json\/wp\/v2\/users\/3"}],"replies":[{"embeddable":true,"href":"https:\/\/www.carideal.com\/blog\/wp-json\/wp\/v2\/comments?post=5321"}],"version-history":[{"count":0,"href":"https:\/\/www.carideal.com\/blog\/wp-json\/wp\/v2\/posts\/5321\/revisions"}],"wp:featuredmedia":[{"embeddable":true,"href":"https:\/\/www.carideal.com\/blog\/wp-json\/wp\/v2\/media\/14576"}],"wp:attachment":[{"href":"https:\/\/www.carideal.com\/blog\/wp-json\/wp\/v2\/media?parent=5321"}],"wp:term":[{"taxonomy":"category","embeddable":true,"href":"https:\/\/www.carideal.com\/blog\/wp-json\/wp\/v2\/categories?post=5321"},{"taxonomy":"post_tag","embeddable":true,"href":"https:\/\/www.carideal.com\/blog\/wp-json\/wp\/v2\/tags?post=5321"}],"curies":[{"name":"wp","href":"https:\/\/api.w.org\/{rel}","templated":true}]}}