{"id":5319,"date":"2013-11-09T23:00:00","date_gmt":"2013-11-09T23:00:00","guid":{"rendered":"http:\/\/www.carideal.com\/blog\/2013\/11\/09\/bienvenu-au-suzuki-sx-4-s-cross\/"},"modified":"2019-01-27T18:21:35","modified_gmt":"2019-01-27T17:21:35","slug":"bienvenu-au-suzuki-sx-4-s-cross","status":"publish","type":"post","link":"https:\/\/www.carideal.com\/blog\/2013\/11\/09\/bienvenu-au-suzuki-sx-4-s-cross\/","title":{"rendered":"Bienvenu au Suzuki SX 4 S-Cross"},"content":{"rendered":"<div>\n<h2><strong>Bienvenu au Suzuki SX-4 S-Cross<\/strong><\/h2>\n<\/div>\n<p>Bienvenu au Suzuki SX-4 S-Cross. Elle est en vente dans les concessions depuis Septembre, le client a le choix entre un moteur \u00e0 essence ou de diesel de 120 ch chacun et \u00e0 partir de 20000 \u20ac.<\/p>\n<p>Ce nouveau SX4 est plus long de 15 cm \u00e0 4.30m. le Volume de son coffre augmente \u00e0 430 litres au lieu de 270 et quand la banquette arri\u00e8re est rabattu il passe \u00e0 875 litres. La transmission int\u00e9grale \u00e0 4 roues motrices Allgrip propose 4 modes de motricit\u00e9.<\/p>\n<p>L'entr\u00e9e de gamme se contentera de deux roues motrices.<\/p>\n","protected":false},"excerpt":{"rendered":"<p>Bienvenu au Suzuki SX-4 S-Cross Bienvenu au Suzuki SX-4 S-Cross. Elle est en vente dans les concessions depuis Septembre, le client a le choix entre un moteur \u00e0 essence ou de diesel de 120 ch chacun et \u00e0 partir de 20000 \u20ac. Ce nouveau SX4 est plus long de 15 cm \u00e0 4.30m. le Volume &#8230; <a title=\"Bienvenu au Suzuki SX 4 S-Cross\" class=\"read-more\" href=\"https:\/\/www.carideal.com\/blog\/2013\/11\/09\/bienvenu-au-suzuki-sx-4-s-cross\/\" aria-label=\"En savoir plus sur Bienvenu au Suzuki SX 4 S-Cross\">Lire plus<\/a><\/p>\n","protected":false},"author":3,"featured_media":15036,"comment_status":"open","ping_status":"open","sticky":false,"template":"","format":"standard","meta":{"_uag_custom_page_level_css":"","_themeisle_gutenberg_block_has_review":false,"footnotes":""},"categories":[5944,6145,6021,6223,5974],"tags":[],"class_list":["post-5319","post","type-post","status-publish","format-standard","has-post-thumbnail","hentry","category-constructeur","category-suzuki","category-crossovers","category-essais-suzuki","category-type-de-vehicule"],"wppr_data":{"cwp_meta_box_check":"No"},"yoast_head":"<!-- This site is optimized with the Yoast SEO plugin v24.8.1 - https:\/\/yoast.com\/wordpress\/plugins\/seo\/ -->\n<title>Bienvenu au Suzuki SX 4 S-Cross - Blog auto Carid\u00e9al<\/title>\n<meta name=\"robots\" content=\"noindex, follow\" \/>\n<meta property=\"og:locale\" content=\"fr_FR\" \/>\n<meta property=\"og:type\" content=\"article\" \/>\n<meta property=\"og:title\" content=\"Bienvenu au Suzuki SX 4 S-Cross - Blog auto Carid\u00e9al\" \/>\n<meta property=\"og:description\" content=\"Bienvenu au Suzuki SX-4 S-Cross Bienvenu au Suzuki SX-4 S-Cross. Elle est en vente dans les concessions depuis Septembre, le client a le choix entre un moteur \u00e0 essence ou de diesel de 120 ch chacun et \u00e0 partir de 20000 \u20ac. Ce nouveau SX4 est plus long de 15 cm \u00e0 4.30m. le Volume ... Lire plus\" \/>\n<meta property=\"og:url\" content=\"https:\/\/www.carideal.com\/blog\/2013\/11\/09\/bienvenu-au-suzuki-sx-4-s-cross\/\" \/>\n<meta property=\"og:site_name\" content=\"Blog auto Carid\u00e9al\" \/>\n<meta property=\"article:publisher\" content=\"https:\/\/www.facebook.com\/Carideal.mandataire.automobile\" \/>\n<meta property=\"article:author\" content=\"https:\/\/www.facebook.com\/nicolas.schiavon.39\" \/>\n<meta property=\"article:published_time\" content=\"2013-11-09T23:00:00+00:00\" \/>\n<meta property=\"article:modified_time\" content=\"2019-01-27T17:21:35+00:00\" \/>\n<meta property=\"og:image\" content=\"https:\/\/www.carideal.com\/blog\/wp-content\/uploads\/2013\/11\/suzukisx4achatcaridealmandataireautomobile-1384103929.jpg\" \/>\n\t<meta property=\"og:image:width\" content=\"620\" \/>\n\t<meta property=\"og:image:height\" content=\"387\" \/>\n\t<meta property=\"og:image:type\" content=\"image\/jpeg\" \/>\n<meta name=\"author\" content=\"Nicolas SCHIAVON\" \/>\n<meta name=\"twitter:card\" content=\"summary_large_image\" \/>\n<meta name=\"twitter:creator\" content=\"@caridealauto\" \/>\n<meta name=\"twitter:site\" content=\"@caridealauto\" \/>\n<meta name=\"twitter:label1\" content=\"\u00c9crit par\" \/>\n\t<meta name=\"twitter:data1\" content=\"Nicolas SCHIAVON\" \/>\n<script type=\"application\/ld+json\" class=\"yoast-schema-graph\">{\"@context\":\"https:\/\/schema.org\",\"@graph\":[{\"@type\":\"Article\",\"@id\":\"https:\/\/www.carideal.com\/blog\/2013\/11\/09\/bienvenu-au-suzuki-sx-4-s-cross\/#article\",\"isPartOf\":{\"@id\":\"https:\/\/www.carideal.com\/blog\/2013\/11\/09\/bienvenu-au-suzuki-sx-4-s-cross\/\"},\"author\":{\"name\":\"Nicolas SCHIAVON\",\"@id\":\"https:\/\/www.carideal.com\/blog\/#\/schema\/person\/cd95dc7919660de90d31b366f85be1ec\"},\"headline\":\"Bienvenu au Suzuki SX 4 S-Cross\",\"datePublished\":\"2013-11-09T23:00:00+00:00\",\"dateModified\":\"2019-01-27T17:21:35+00:00\",\"mainEntityOfPage\":{\"@id\":\"https:\/\/www.carideal.com\/blog\/2013\/11\/09\/bienvenu-au-suzuki-sx-4-s-cross\/\"},\"wordCount\":93,\"commentCount\":0,\"publisher\":{\"@id\":\"https:\/\/www.carideal.com\/blog\/#organization\"},\"image\":{\"@id\":\"https:\/\/www.carideal.com\/blog\/2013\/11\/09\/bienvenu-au-suzuki-sx-4-s-cross\/#primaryimage\"},\"thumbnailUrl\":\"https:\/\/www.carideal.com\/blog\/wp-content\/uploads\/2013\/11\/suzukisx4achatcaridealmandataireautomobile-1384103929.jpg\",\"articleSection\":[\"Actualit\u00e9 Constructeur automobile\",\"Actualit\u00e9 Suzuki\",\"Crossover\",\"Essais Suzuki\",\"Type de v\u00e9hicule\"],\"inLanguage\":\"fr-FR\",\"potentialAction\":[{\"@type\":\"CommentAction\",\"name\":\"Comment\",\"target\":[\"https:\/\/www.carideal.com\/blog\/2013\/11\/09\/bienvenu-au-suzuki-sx-4-s-cross\/#respond\"]}]},{\"@type\":\"WebPage\",\"@id\":\"https:\/\/www.carideal.com\/blog\/2013\/11\/09\/bienvenu-au-suzuki-sx-4-s-cross\/\",\"url\":\"https:\/\/www.carideal.com\/blog\/2013\/11\/09\/bienvenu-au-suzuki-sx-4-s-cross\/\",\"name\":\"Bienvenu au Suzuki SX 4 S-Cross - Blog auto Carid\u00e9al\",\"isPartOf\":{\"@id\":\"https:\/\/www.carideal.com\/blog\/#website\"},\"primaryImageOfPage\":{\"@id\":\"https:\/\/www.carideal.com\/blog\/2013\/11\/09\/bienvenu-au-suzuki-sx-4-s-cross\/#primaryimage\"},\"image\":{\"@id\":\"https:\/\/www.carideal.com\/blog\/2013\/11\/09\/bienvenu-au-suzuki-sx-4-s-cross\/#primaryimage\"},\"thumbnailUrl\":\"https:\/\/www.carideal.com\/blog\/wp-content\/uploads\/2013\/11\/suzukisx4achatcaridealmandataireautomobile-1384103929.jpg\",\"datePublished\":\"2013-11-09T23:00:00+00:00\",\"dateModified\":\"2019-01-27T17:21:35+00:00\",\"breadcrumb\":{\"@id\":\"https:\/\/www.carideal.com\/blog\/2013\/11\/09\/bienvenu-au-suzuki-sx-4-s-cross\/#breadcrumb\"},\"inLanguage\":\"fr-FR\",\"potentialAction\":[{\"@type\":\"ReadAction\",\"target\":[\"https:\/\/www.carideal.com\/blog\/2013\/11\/09\/bienvenu-au-suzuki-sx-4-s-cross\/\"]}]},{\"@type\":\"ImageObject\",\"inLanguage\":\"fr-FR\",\"@id\":\"https:\/\/www.carideal.com\/blog\/2013\/11\/09\/bienvenu-au-suzuki-sx-4-s-cross\/#primaryimage\",\"url\":\"https:\/\/www.carideal.com\/blog\/wp-content\/uploads\/2013\/11\/suzukisx4achatcaridealmandataireautomobile-1384103929.jpg\",\"contentUrl\":\"https:\/\/www.carideal.com\/blog\/wp-content\/uploads\/2013\/11\/suzukisx4achatcaridealmandataireautomobile-1384103929.jpg\",\"width\":620,\"height\":387,\"caption\":\"Suzuki SX4\"},{\"@type\":\"BreadcrumbList\",\"@id\":\"https:\/\/www.carideal.com\/blog\/2013\/11\/09\/bienvenu-au-suzuki-sx-4-s-cross\/#breadcrumb\",\"itemListElement\":[{\"@type\":\"ListItem\",\"position\":1,\"name\":\"Blog Carid\u00e9al\",\"item\":\"https:\/\/www.carideal.com\/blog\/\"},{\"@type\":\"ListItem\",\"position\":2,\"name\":\"Actualit\u00e9 constructeur automobile\",\"item\":\"https:\/\/www.carideal.com\/blog\/constructeur\/\"},{\"@type\":\"ListItem\",\"position\":3,\"name\":\"Actualit\u00e9 Suzuki\",\"item\":\"https:\/\/www.carideal.com\/blog\/constructeur\/suzuki\/\"},{\"@type\":\"ListItem\",\"position\":4,\"name\":\"Bienvenu au Suzuki SX 4 S-Cross\"}]},{\"@type\":\"WebSite\",\"@id\":\"https:\/\/www.carideal.com\/blog\/#website\",\"url\":\"https:\/\/www.carideal.com\/blog\/\",\"name\":\"Blog auto Carid\u00e9al\",\"description\":\"Actualit\u00e9 auto par des passionn\u00e9s\",\"publisher\":{\"@id\":\"https:\/\/www.carideal.com\/blog\/#organization\"},\"potentialAction\":[{\"@type\":\"SearchAction\",\"target\":{\"@type\":\"EntryPoint\",\"urlTemplate\":\"https:\/\/www.carideal.com\/blog\/?s={search_term_string}\"},\"query-input\":{\"@type\":\"PropertyValueSpecification\",\"valueRequired\":true,\"valueName\":\"search_term_string\"}}],\"inLanguage\":\"fr-FR\"},{\"@type\":\"Organization\",\"@id\":\"https:\/\/www.carideal.com\/blog\/#organization\",\"name\":\"Carideal\",\"url\":\"https:\/\/www.carideal.com\/blog\/\",\"logo\":{\"@type\":\"ImageObject\",\"inLanguage\":\"fr-FR\",\"@id\":\"https:\/\/www.carideal.com\/blog\/#\/schema\/logo\/image\/\",\"url\":\"http:\/\/www.carideal.com\/blog\/wp-content\/uploads\/2016\/03\/logo-carideal-mandataire-automobile.png\",\"contentUrl\":\"http:\/\/www.carideal.com\/blog\/wp-content\/uploads\/2016\/03\/logo-carideal-mandataire-automobile.png\",\"width\":300,\"height\":300,\"caption\":\"Carideal\"},\"image\":{\"@id\":\"https:\/\/www.carideal.com\/blog\/#\/schema\/logo\/image\/\"},\"sameAs\":[\"https:\/\/www.facebook.com\/Carideal.mandataire.automobile\",\"https:\/\/x.com\/caridealauto\",\"https:\/\/www.instagram.com\/carideal1\/\",\"https:\/\/www.linkedin.com\/company\/carideal.com\",\"https:\/\/fr.pinterest.com\/schiavonsas\/\",\"https:\/\/www.youtube.com\/user\/caridealsas\"]},{\"@type\":\"Person\",\"@id\":\"https:\/\/www.carideal.com\/blog\/#\/schema\/person\/cd95dc7919660de90d31b366f85be1ec\",\"name\":\"Nicolas SCHIAVON\",\"image\":{\"@type\":\"ImageObject\",\"inLanguage\":\"fr-FR\",\"@id\":\"https:\/\/www.carideal.com\/blog\/#\/schema\/person\/image\/\",\"url\":\"https:\/\/secure.gravatar.com\/avatar\/c17e55009e671d92cc7f5dc837dc418a?s=96&r=g\",\"contentUrl\":\"https:\/\/secure.gravatar.com\/avatar\/c17e55009e671d92cc7f5dc837dc418a?s=96&r=g\",\"caption\":\"Nicolas SCHIAVON\"},\"description\":\"Nicolas Schiavon est tomb\u00e9 tout petit dans la marmite automobile. Ayant eu un garage de marque automobile, mandataire automobile de la premi\u00e8re heure d\u00e8s 1999. Nicolas a cr\u00e9\u00e9 ces premiers sites de vente de voiture et blog automobile d\u00e8s 1994. Carideal est n\u00e9 le 15 d\u00e9cembre 2000 de la volont\u00e9 de vendre des voitures d'occasions en ligne puis des voitures neuves. Il a pu essayer beaucoup de voitures tr\u00e8s diff\u00e9rentes et ayant eu personnellement quelques belles autos, Subaru Impreza, Mitsubishi Lancer Evo 7, Porsche 911, Ferrari Testarrossa, Audi RS3, RS4 et j'en passe...\",\"sameAs\":[\"http:\/\/www.carideal.com\",\"https:\/\/www.facebook.com\/nicolas.schiavon.39\",\"https:\/\/www.instagram.com\/carideal1\/\",\"https:\/\/www.linkedin.com\/in\/nschiavon\/\",\"https:\/\/x.com\/caridealauto\",\"https:\/\/www.youtube.com\/user\/caridealsas\/\"],\"url\":\"https:\/\/www.carideal.com\/blog\/author\/nschiavon\/\"}]}<\/script>\n<!-- \/ Yoast SEO plugin. -->","yoast_head_json":{"title":"Bienvenu au Suzuki SX 4 S-Cross - Blog auto Carid\u00e9al","robots":{"index":"noindex","follow":"follow"},"og_locale":"fr_FR","og_type":"article","og_title":"Bienvenu au Suzuki SX 4 S-Cross - Blog auto Carid\u00e9al","og_description":"Bienvenu au Suzuki SX-4 S-Cross Bienvenu au Suzuki SX-4 S-Cross. Elle est en vente dans les concessions depuis Septembre, le client a le choix entre un moteur \u00e0 essence ou de diesel de 120 ch chacun et \u00e0 partir de 20000 \u20ac. Ce nouveau SX4 est plus long de 15 cm \u00e0 4.30m. le Volume ... Lire plus","og_url":"https:\/\/www.carideal.com\/blog\/2013\/11\/09\/bienvenu-au-suzuki-sx-4-s-cross\/","og_site_name":"Blog auto Carid\u00e9al","article_publisher":"https:\/\/www.facebook.com\/Carideal.mandataire.automobile","article_author":"https:\/\/www.facebook.com\/nicolas.schiavon.39","article_published_time":"2013-11-09T23:00:00+00:00","article_modified_time":"2019-01-27T17:21:35+00:00","og_image":[{"width":620,"height":387,"url":"https:\/\/www.carideal.com\/blog\/wp-content\/uploads\/2013\/11\/suzukisx4achatcaridealmandataireautomobile-1384103929.jpg","type":"image\/jpeg"}],"author":"Nicolas SCHIAVON","twitter_card":"summary_large_image","twitter_creator":"@caridealauto","twitter_site":"@caridealauto","twitter_misc":{"\u00c9crit par":"Nicolas SCHIAVON"},"schema":{"@context":"https:\/\/schema.org","@graph":[{"@type":"Article","@id":"https:\/\/www.carideal.com\/blog\/2013\/11\/09\/bienvenu-au-suzuki-sx-4-s-cross\/#article","isPartOf":{"@id":"https:\/\/www.carideal.com\/blog\/2013\/11\/09\/bienvenu-au-suzuki-sx-4-s-cross\/"},"author":{"name":"Nicolas SCHIAVON","@id":"https:\/\/www.carideal.com\/blog\/#\/schema\/person\/cd95dc7919660de90d31b366f85be1ec"},"headline":"Bienvenu au Suzuki SX 4 S-Cross","datePublished":"2013-11-09T23:00:00+00:00","dateModified":"2019-01-27T17:21:35+00:00","mainEntityOfPage":{"@id":"https:\/\/www.carideal.com\/blog\/2013\/11\/09\/bienvenu-au-suzuki-sx-4-s-cross\/"},"wordCount":93,"commentCount":0,"publisher":{"@id":"https:\/\/www.carideal.com\/blog\/#organization"},"image":{"@id":"https:\/\/www.carideal.com\/blog\/2013\/11\/09\/bienvenu-au-suzuki-sx-4-s-cross\/#primaryimage"},"thumbnailUrl":"https:\/\/www.carideal.com\/blog\/wp-content\/uploads\/2013\/11\/suzukisx4achatcaridealmandataireautomobile-1384103929.jpg","articleSection":["Actualit\u00e9 Constructeur automobile","Actualit\u00e9 Suzuki","Crossover","Essais Suzuki","Type de v\u00e9hicule"],"inLanguage":"fr-FR","potentialAction":[{"@type":"CommentAction","name":"Comment","target":["https:\/\/www.carideal.com\/blog\/2013\/11\/09\/bienvenu-au-suzuki-sx-4-s-cross\/#respond"]}]},{"@type":"WebPage","@id":"https:\/\/www.carideal.com\/blog\/2013\/11\/09\/bienvenu-au-suzuki-sx-4-s-cross\/","url":"https:\/\/www.carideal.com\/blog\/2013\/11\/09\/bienvenu-au-suzuki-sx-4-s-cross\/","name":"Bienvenu au Suzuki SX 4 S-Cross - Blog auto Carid\u00e9al","isPartOf":{"@id":"https:\/\/www.carideal.com\/blog\/#website"},"primaryImageOfPage":{"@id":"https:\/\/www.carideal.com\/blog\/2013\/11\/09\/bienvenu-au-suzuki-sx-4-s-cross\/#primaryimage"},"image":{"@id":"https:\/\/www.carideal.com\/blog\/2013\/11\/09\/bienvenu-au-suzuki-sx-4-s-cross\/#primaryimage"},"thumbnailUrl":"https:\/\/www.carideal.com\/blog\/wp-content\/uploads\/2013\/11\/suzukisx4achatcaridealmandataireautomobile-1384103929.jpg","datePublished":"2013-11-09T23:00:00+00:00","dateModified":"2019-01-27T17:21:35+00:00","breadcrumb":{"@id":"https:\/\/www.carideal.com\/blog\/2013\/11\/09\/bienvenu-au-suzuki-sx-4-s-cross\/#breadcrumb"},"inLanguage":"fr-FR","potentialAction":[{"@type":"ReadAction","target":["https:\/\/www.carideal.com\/blog\/2013\/11\/09\/bienvenu-au-suzuki-sx-4-s-cross\/"]}]},{"@type":"ImageObject","inLanguage":"fr-FR","@id":"https:\/\/www.carideal.com\/blog\/2013\/11\/09\/bienvenu-au-suzuki-sx-4-s-cross\/#primaryimage","url":"https:\/\/www.carideal.com\/blog\/wp-content\/uploads\/2013\/11\/suzukisx4achatcaridealmandataireautomobile-1384103929.jpg","contentUrl":"https:\/\/www.carideal.com\/blog\/wp-content\/uploads\/2013\/11\/suzukisx4achatcaridealmandataireautomobile-1384103929.jpg","width":620,"height":387,"caption":"Suzuki SX4"},{"@type":"BreadcrumbList","@id":"https:\/\/www.carideal.com\/blog\/2013\/11\/09\/bienvenu-au-suzuki-sx-4-s-cross\/#breadcrumb","itemListElement":[{"@type":"ListItem","position":1,"name":"Blog Carid\u00e9al","item":"https:\/\/www.carideal.com\/blog\/"},{"@type":"ListItem","position":2,"name":"Actualit\u00e9 constructeur automobile","item":"https:\/\/www.carideal.com\/blog\/constructeur\/"},{"@type":"ListItem","position":3,"name":"Actualit\u00e9 Suzuki","item":"https:\/\/www.carideal.com\/blog\/constructeur\/suzuki\/"},{"@type":"ListItem","position":4,"name":"Bienvenu au Suzuki SX 4 S-Cross"}]},{"@type":"WebSite","@id":"https:\/\/www.carideal.com\/blog\/#website","url":"https:\/\/www.carideal.com\/blog\/","name":"Blog auto Carid\u00e9al","description":"Actualit\u00e9 auto par des passionn\u00e9s","publisher":{"@id":"https:\/\/www.carideal.com\/blog\/#organization"},"potentialAction":[{"@type":"SearchAction","target":{"@type":"EntryPoint","urlTemplate":"https:\/\/www.carideal.com\/blog\/?s={search_term_string}"},"query-input":{"@type":"PropertyValueSpecification","valueRequired":true,"valueName":"search_term_string"}}],"inLanguage":"fr-FR"},{"@type":"Organization","@id":"https:\/\/www.carideal.com\/blog\/#organization","name":"Carideal","url":"https:\/\/www.carideal.com\/blog\/","logo":{"@type":"ImageObject","inLanguage":"fr-FR","@id":"https:\/\/www.carideal.com\/blog\/#\/schema\/logo\/image\/","url":"http:\/\/www.carideal.com\/blog\/wp-content\/uploads\/2016\/03\/logo-carideal-mandataire-automobile.png","contentUrl":"http:\/\/www.carideal.com\/blog\/wp-content\/uploads\/2016\/03\/logo-carideal-mandataire-automobile.png","width":300,"height":300,"caption":"Carideal"},"image":{"@id":"https:\/\/www.carideal.com\/blog\/#\/schema\/logo\/image\/"},"sameAs":["https:\/\/www.facebook.com\/Carideal.mandataire.automobile","https:\/\/x.com\/caridealauto","https:\/\/www.instagram.com\/carideal1\/","https:\/\/www.linkedin.com\/company\/carideal.com","https:\/\/fr.pinterest.com\/schiavonsas\/","https:\/\/www.youtube.com\/user\/caridealsas"]},{"@type":"Person","@id":"https:\/\/www.carideal.com\/blog\/#\/schema\/person\/cd95dc7919660de90d31b366f85be1ec","name":"Nicolas SCHIAVON","image":{"@type":"ImageObject","inLanguage":"fr-FR","@id":"https:\/\/www.carideal.com\/blog\/#\/schema\/person\/image\/","url":"https:\/\/secure.gravatar.com\/avatar\/c17e55009e671d92cc7f5dc837dc418a?s=96&r=g","contentUrl":"https:\/\/secure.gravatar.com\/avatar\/c17e55009e671d92cc7f5dc837dc418a?s=96&r=g","caption":"Nicolas SCHIAVON"},"description":"Nicolas Schiavon est tomb\u00e9 tout petit dans la marmite automobile. Ayant eu un garage de marque automobile, mandataire automobile de la premi\u00e8re heure d\u00e8s 1999. Nicolas a cr\u00e9\u00e9 ces premiers sites de vente de voiture et blog automobile d\u00e8s 1994. Carideal est n\u00e9 le 15 d\u00e9cembre 2000 de la volont\u00e9 de vendre des voitures d'occasions en ligne puis des voitures neuves. Il a pu essayer beaucoup de voitures tr\u00e8s diff\u00e9rentes et ayant eu personnellement quelques belles autos, Subaru Impreza, Mitsubishi Lancer Evo 7, Porsche 911, Ferrari Testarrossa, Audi RS3, RS4 et j'en passe...","sameAs":["http:\/\/www.carideal.com","https:\/\/www.facebook.com\/nicolas.schiavon.39","https:\/\/www.instagram.com\/carideal1\/","https:\/\/www.linkedin.com\/in\/nschiavon\/","https:\/\/x.com\/caridealauto","https:\/\/www.youtube.com\/user\/caridealsas\/"],"url":"https:\/\/www.carideal.com\/blog\/author\/nschiavon\/"}]}},"uagb_featured_image_src":{"full":["https:\/\/www.carideal.com\/blog\/wp-content\/uploads\/2013\/11\/suzukisx4achatcaridealmandataireautomobile-1384103929.jpg",620,387,false],"thumbnail":["https:\/\/www.carideal.com\/blog\/wp-content\/uploads\/2013\/11\/suzukisx4achatcaridealmandataireautomobile-1384103929-150x150.jpg",150,150,true],"medium":["https:\/\/www.carideal.com\/blog\/wp-content\/uploads\/2013\/11\/suzukisx4achatcaridealmandataireautomobile-1384103929-300x187.jpg",300,187,true],"medium_large":["https:\/\/www.carideal.com\/blog\/wp-content\/uploads\/2013\/11\/suzukisx4achatcaridealmandataireautomobile-1384103929.jpg",620,387,false],"large":["https:\/\/www.carideal.com\/blog\/wp-content\/uploads\/2013\/11\/suzukisx4achatcaridealmandataireautomobile-1384103929.jpg",620,387,false],"1536x1536":["https:\/\/www.carideal.com\/blog\/wp-content\/uploads\/2013\/11\/suzukisx4achatcaridealmandataireautomobile-1384103929.jpg",620,387,false],"2048x2048":["https:\/\/www.carideal.com\/blog\/wp-content\/uploads\/2013\/11\/suzukisx4achatcaridealmandataireautomobile-1384103929.jpg",620,387,false],"wppr-widget":["https:\/\/www.carideal.com\/blog\/wp-content\/uploads\/2013\/11\/suzukisx4achatcaridealmandataireautomobile-1384103929.jpg",50,31,false]},"uagb_author_info":{"display_name":"Nicolas SCHIAVON","author_link":"https:\/\/www.carideal.com\/blog\/author\/nschiavon\/"},"uagb_comment_info":0,"uagb_excerpt":"Bienvenu au Suzuki SX-4 S-Cross Bienvenu au Suzuki SX-4 S-Cross. Elle est en vente dans les concessions depuis Septembre, le client a le choix entre un moteur \u00e0 essence ou de diesel de 120 ch chacun et \u00e0 partir de 20000 \u20ac. Ce nouveau SX4 est plus long de 15 cm \u00e0 4.30m. le Volume\u2026","_links":{"self":[{"href":"https:\/\/www.carideal.com\/blog\/wp-json\/wp\/v2\/posts\/5319"}],"collection":[{"href":"https:\/\/www.carideal.com\/blog\/wp-json\/wp\/v2\/posts"}],"about":[{"href":"https:\/\/www.carideal.com\/blog\/wp-json\/wp\/v2\/types\/post"}],"author":[{"embeddable":true,"href":"https:\/\/www.carideal.com\/blog\/wp-json\/wp\/v2\/users\/3"}],"replies":[{"embeddable":true,"href":"https:\/\/www.carideal.com\/blog\/wp-json\/wp\/v2\/comments?post=5319"}],"version-history":[{"count":0,"href":"https:\/\/www.carideal.com\/blog\/wp-json\/wp\/v2\/posts\/5319\/revisions"}],"wp:featuredmedia":[{"embeddable":true,"href":"https:\/\/www.carideal.com\/blog\/wp-json\/wp\/v2\/media\/15036"}],"wp:attachment":[{"href":"https:\/\/www.carideal.com\/blog\/wp-json\/wp\/v2\/media?parent=5319"}],"wp:term":[{"taxonomy":"category","embeddable":true,"href":"https:\/\/www.carideal.com\/blog\/wp-json\/wp\/v2\/categories?post=5319"},{"taxonomy":"post_tag","embeddable":true,"href":"https:\/\/www.carideal.com\/blog\/wp-json\/wp\/v2\/tags?post=5319"}],"curies":[{"name":"wp","href":"https:\/\/api.w.org\/{rel}","templated":true}]}}