{"id":5316,"date":"2013-11-09T23:00:00","date_gmt":"2013-11-09T23:00:00","guid":{"rendered":"http:\/\/www.carideal.com\/blog\/2013\/11\/09\/saab-reviendra-t-il\/"},"modified":"2017-09-10T09:25:37","modified_gmt":"2017-09-10T07:25:37","slug":"saab-reviendra-t-il","status":"publish","type":"post","link":"https:\/\/www.carideal.com\/blog\/2013\/11\/09\/saab-reviendra-t-il\/","title":{"rendered":"Saab reviendra-t-il ? La production reprend"},"content":{"rendered":"<div>\n<h1>Saab reviendra-t-il ?<\/h1>\n<\/div>\n<p>NEVS, (National Electric Vehicle Sweden, le propri\u00e9taire des actifs de SAAB vient de d\u00e9clarer que l'usine \u00e9tait presque pr\u00eate pour relancer la fabrication de la \"vieille\" 9-3 dont la conception date quand m\u00eame de 1998.<\/p>\n<p>Il reste quelques d\u00e9tails \u00e0 peaufiner, dont certain avec des fournisseurs. NEVS souhaite distribuer la 9-3 en Europe et au Japon, mais comment fera t il puisque son r\u00e9seau de distribution a disparu suite \u00e0 la faillite de SAAB en D\u00e9cembre 2011 ?<\/p>\n<blockquote><p>Mise \u00e0 jour 2 D\u00e9cembre 2013.<\/p><\/blockquote>\n<h2>Saab reviendra-t-il ? en tout cas la production va reprendre doucement.<\/h2>\n<p>Saab, le constructeur automobile su\u00e9dois qui s'est d\u00e9clar\u00e9 en faillite en 2011, a d\u00e9clar\u00e9 lundi qu'il avait red\u00e9marr\u00e9 la production de la voiture compacte 9-3 sous la nouvelle propri\u00e9t\u00e9.<br \/>\nLe nouveau propri\u00e9taire de Saab est National Electric Vehicle Sweden, une soci\u00e9t\u00e9 chinoise, mais les 9-3\u00a0ne seront pas des v\u00e9hicules plug-in. Les nouvelles berlines Saab 9-3 Aero seront aliment\u00e9es par des moteurs \u00e0 essence de 220 chevaux de 2,0 litres.<br \/>\nLes voitures sont construites dans l'usine Trollhatten de Saab en Su\u00e8de. Les ventes initiales sont destin\u00e9es \u00e0 la Chine et \u00e0 la Su\u00e8de. La soci\u00e9t\u00e9 pr\u00e9voit d'\u00e9largir son march\u00e9 mondial \u00e0 l'avenir.<br \/>\nUne version \u00e9lectrique plug-in\u00a0de la 9-3 sera lanc\u00e9e au printemps 2014, les ventes initiales \u00e9tant encore concentr\u00e9es sur la Chine. Les voitures seront produites \u00e0 Trollhatten jusqu'\u00e0 ce que la capacit\u00e9 de cette usine soit atteinte, a d\u00e9clar\u00e9 le porte-parole de Saab, Mikael \u00d6stlund. Ensuite, une production suppl\u00e9mentaire d\u00e9butera en Chine.<br \/>\nLes batteries pour les voitures \u00e9lectriques sont d\u00e9velopp\u00e9es et produites en Chine avec la collaboration d'ing\u00e9nieurs japonais en batterie, a d\u00e9clar\u00e9 \u00d6stlund.<\/p>\n","protected":false},"excerpt":{"rendered":"<p>Saab reviendra-t-il ? NEVS, (National Electric Vehicle Sweden, le propri\u00e9taire des actifs de SAAB vient de d\u00e9clarer que l&rsquo;usine \u00e9tait presque pr\u00eate pour relancer la fabrication de la \u00ab\u00a0vieille\u00a0\u00bb 9-3 dont la conception date quand m\u00eame de 1998. Il reste quelques d\u00e9tails \u00e0 peaufiner, dont certain avec des fournisseurs. NEVS souhaite distribuer la 9-3 en &#8230; <a title=\"Saab reviendra-t-il ? La production reprend\" class=\"read-more\" href=\"https:\/\/www.carideal.com\/blog\/2013\/11\/09\/saab-reviendra-t-il\/\" aria-label=\"En savoir plus sur Saab reviendra-t-il ? La production reprend\">Lire plus<\/a><\/p>\n","protected":false},"author":3,"featured_media":16325,"comment_status":"open","ping_status":"open","sticky":false,"template":"","format":"standard","meta":{"_uag_custom_page_level_css":"","_themeisle_gutenberg_block_has_review":false,"footnotes":""},"categories":[21,6152],"tags":[],"class_list":["post-5316","post","type-post","status-publish","format-standard","has-post-thumbnail","hentry","category-actualites-auto","category-actualite-saab"],"wppr_data":{"cwp_meta_box_check":"No"},"yoast_head":"<!-- This site is optimized with the Yoast SEO plugin v24.8.1 - https:\/\/yoast.com\/wordpress\/plugins\/seo\/ -->\n<title>Saab reviendra-t-il ? La production reprend - Blog auto Carid\u00e9al<\/title>\n<meta name=\"description\" content=\"Saab 9-3 Le constructeur suedois reprend la production doucement avec ces premi\u00e8res 9-3 destin\u00e9es au March\u00e9 su\u00e9dois et chinois reviendra-t-il ?\" \/>\n<meta name=\"robots\" content=\"index, follow, max-snippet:-1, max-image-preview:large, max-video-preview:-1\" \/>\n<link rel=\"canonical\" href=\"https:\/\/www.carideal.com\/blog\/2013\/11\/09\/saab-reviendra-t-il\/\" \/>\n<meta property=\"og:locale\" content=\"fr_FR\" \/>\n<meta property=\"og:type\" content=\"article\" \/>\n<meta property=\"og:title\" content=\"Saab reviendra-t-il ? La production reprend - Blog auto Carid\u00e9al\" \/>\n<meta property=\"og:description\" content=\"Saab 9-3 Le constructeur suedois reprend la production doucement avec ces premi\u00e8res 9-3 destin\u00e9es au March\u00e9 su\u00e9dois et chinois reviendra-t-il ?\" \/>\n<meta property=\"og:url\" content=\"https:\/\/www.carideal.com\/blog\/2013\/11\/09\/saab-reviendra-t-il\/\" \/>\n<meta property=\"og:site_name\" content=\"Blog auto Carid\u00e9al\" \/>\n<meta property=\"article:publisher\" content=\"https:\/\/www.facebook.com\/Carideal.mandataire.automobile\" \/>\n<meta property=\"article:author\" content=\"https:\/\/www.facebook.com\/nicolas.schiavon.39\" \/>\n<meta property=\"article:published_time\" content=\"2013-11-09T23:00:00+00:00\" \/>\n<meta property=\"article:modified_time\" content=\"2017-09-10T07:25:37+00:00\" \/>\n<meta property=\"og:image\" content=\"https:\/\/www.carideal.com\/blog\/wp-content\/uploads\/2013\/11\/saab-9-3-1-e1505028197289.jpg\" \/>\n\t<meta property=\"og:image:width\" content=\"800\" \/>\n\t<meta property=\"og:image:height\" content=\"450\" \/>\n\t<meta property=\"og:image:type\" content=\"image\/jpeg\" \/>\n<meta name=\"author\" content=\"Nicolas SCHIAVON\" \/>\n<meta name=\"twitter:card\" content=\"summary_large_image\" \/>\n<meta name=\"twitter:creator\" content=\"@caridealauto\" \/>\n<meta name=\"twitter:site\" content=\"@caridealauto\" \/>\n<meta name=\"twitter:label1\" content=\"\u00c9crit par\" \/>\n\t<meta name=\"twitter:data1\" content=\"Nicolas SCHIAVON\" \/>\n\t<meta name=\"twitter:label2\" content=\"Dur\u00e9e de lecture estim\u00e9e\" \/>\n\t<meta name=\"twitter:data2\" content=\"1 minute\" \/>\n<script type=\"application\/ld+json\" class=\"yoast-schema-graph\">{\"@context\":\"https:\/\/schema.org\",\"@graph\":[{\"@type\":\"Article\",\"@id\":\"https:\/\/www.carideal.com\/blog\/2013\/11\/09\/saab-reviendra-t-il\/#article\",\"isPartOf\":{\"@id\":\"https:\/\/www.carideal.com\/blog\/2013\/11\/09\/saab-reviendra-t-il\/\"},\"author\":{\"name\":\"Nicolas SCHIAVON\",\"@id\":\"https:\/\/www.carideal.com\/blog\/#\/schema\/person\/cd95dc7919660de90d31b366f85be1ec\"},\"headline\":\"Saab reviendra-t-il ? La production reprend\",\"datePublished\":\"2013-11-09T23:00:00+00:00\",\"dateModified\":\"2017-09-10T07:25:37+00:00\",\"mainEntityOfPage\":{\"@id\":\"https:\/\/www.carideal.com\/blog\/2013\/11\/09\/saab-reviendra-t-il\/\"},\"wordCount\":292,\"commentCount\":0,\"publisher\":{\"@id\":\"https:\/\/www.carideal.com\/blog\/#organization\"},\"image\":{\"@id\":\"https:\/\/www.carideal.com\/blog\/2013\/11\/09\/saab-reviendra-t-il\/#primaryimage\"},\"thumbnailUrl\":\"https:\/\/www.carideal.com\/blog\/wp-content\/uploads\/2013\/11\/saab-9-3-1-e1505028197289.jpg\",\"articleSection\":[\"Actualit\u00e9 automobile\",\"Actualit\u00e9 SAAB\"],\"inLanguage\":\"fr-FR\",\"potentialAction\":[{\"@type\":\"CommentAction\",\"name\":\"Comment\",\"target\":[\"https:\/\/www.carideal.com\/blog\/2013\/11\/09\/saab-reviendra-t-il\/#respond\"]}]},{\"@type\":\"WebPage\",\"@id\":\"https:\/\/www.carideal.com\/blog\/2013\/11\/09\/saab-reviendra-t-il\/\",\"url\":\"https:\/\/www.carideal.com\/blog\/2013\/11\/09\/saab-reviendra-t-il\/\",\"name\":\"Saab reviendra-t-il ? La production reprend - Blog auto Carid\u00e9al\",\"isPartOf\":{\"@id\":\"https:\/\/www.carideal.com\/blog\/#website\"},\"primaryImageOfPage\":{\"@id\":\"https:\/\/www.carideal.com\/blog\/2013\/11\/09\/saab-reviendra-t-il\/#primaryimage\"},\"image\":{\"@id\":\"https:\/\/www.carideal.com\/blog\/2013\/11\/09\/saab-reviendra-t-il\/#primaryimage\"},\"thumbnailUrl\":\"https:\/\/www.carideal.com\/blog\/wp-content\/uploads\/2013\/11\/saab-9-3-1-e1505028197289.jpg\",\"datePublished\":\"2013-11-09T23:00:00+00:00\",\"dateModified\":\"2017-09-10T07:25:37+00:00\",\"description\":\"Saab 9-3 Le constructeur suedois reprend la production doucement avec ces premi\u00e8res 9-3 destin\u00e9es au March\u00e9 su\u00e9dois et chinois reviendra-t-il ?\",\"breadcrumb\":{\"@id\":\"https:\/\/www.carideal.com\/blog\/2013\/11\/09\/saab-reviendra-t-il\/#breadcrumb\"},\"inLanguage\":\"fr-FR\",\"potentialAction\":[{\"@type\":\"ReadAction\",\"target\":[\"https:\/\/www.carideal.com\/blog\/2013\/11\/09\/saab-reviendra-t-il\/\"]}]},{\"@type\":\"ImageObject\",\"inLanguage\":\"fr-FR\",\"@id\":\"https:\/\/www.carideal.com\/blog\/2013\/11\/09\/saab-reviendra-t-il\/#primaryimage\",\"url\":\"https:\/\/www.carideal.com\/blog\/wp-content\/uploads\/2013\/11\/saab-9-3-1-e1505028197289.jpg\",\"contentUrl\":\"https:\/\/www.carideal.com\/blog\/wp-content\/uploads\/2013\/11\/saab-9-3-1-e1505028197289.jpg\",\"width\":800,\"height\":450,\"caption\":\"Saab 9-3 Le constructeur suedois reprend la production doucement reviendra-t-il ?\"},{\"@type\":\"BreadcrumbList\",\"@id\":\"https:\/\/www.carideal.com\/blog\/2013\/11\/09\/saab-reviendra-t-il\/#breadcrumb\",\"itemListElement\":[{\"@type\":\"ListItem\",\"position\":1,\"name\":\"Blog Carid\u00e9al\",\"item\":\"https:\/\/www.carideal.com\/blog\/\"},{\"@type\":\"ListItem\",\"position\":2,\"name\":\"Actualit\u00e9 constructeur automobile\",\"item\":\"https:\/\/www.carideal.com\/blog\/constructeur\/\"},{\"@type\":\"ListItem\",\"position\":3,\"name\":\"Actualit\u00e9 SAAB\",\"item\":\"https:\/\/www.carideal.com\/blog\/constructeur\/actualite-saab\/\"},{\"@type\":\"ListItem\",\"position\":4,\"name\":\"Saab reviendra-t-il ? La production reprend\"}]},{\"@type\":\"WebSite\",\"@id\":\"https:\/\/www.carideal.com\/blog\/#website\",\"url\":\"https:\/\/www.carideal.com\/blog\/\",\"name\":\"Blog auto Carid\u00e9al\",\"description\":\"Actualit\u00e9 auto par des passionn\u00e9s\",\"publisher\":{\"@id\":\"https:\/\/www.carideal.com\/blog\/#organization\"},\"potentialAction\":[{\"@type\":\"SearchAction\",\"target\":{\"@type\":\"EntryPoint\",\"urlTemplate\":\"https:\/\/www.carideal.com\/blog\/?s={search_term_string}\"},\"query-input\":{\"@type\":\"PropertyValueSpecification\",\"valueRequired\":true,\"valueName\":\"search_term_string\"}}],\"inLanguage\":\"fr-FR\"},{\"@type\":\"Organization\",\"@id\":\"https:\/\/www.carideal.com\/blog\/#organization\",\"name\":\"Carideal\",\"url\":\"https:\/\/www.carideal.com\/blog\/\",\"logo\":{\"@type\":\"ImageObject\",\"inLanguage\":\"fr-FR\",\"@id\":\"https:\/\/www.carideal.com\/blog\/#\/schema\/logo\/image\/\",\"url\":\"http:\/\/www.carideal.com\/blog\/wp-content\/uploads\/2016\/03\/logo-carideal-mandataire-automobile.png\",\"contentUrl\":\"http:\/\/www.carideal.com\/blog\/wp-content\/uploads\/2016\/03\/logo-carideal-mandataire-automobile.png\",\"width\":300,\"height\":300,\"caption\":\"Carideal\"},\"image\":{\"@id\":\"https:\/\/www.carideal.com\/blog\/#\/schema\/logo\/image\/\"},\"sameAs\":[\"https:\/\/www.facebook.com\/Carideal.mandataire.automobile\",\"https:\/\/x.com\/caridealauto\",\"https:\/\/www.instagram.com\/carideal1\/\",\"https:\/\/www.linkedin.com\/company\/carideal.com\",\"https:\/\/fr.pinterest.com\/schiavonsas\/\",\"https:\/\/www.youtube.com\/user\/caridealsas\"]},{\"@type\":\"Person\",\"@id\":\"https:\/\/www.carideal.com\/blog\/#\/schema\/person\/cd95dc7919660de90d31b366f85be1ec\",\"name\":\"Nicolas SCHIAVON\",\"image\":{\"@type\":\"ImageObject\",\"inLanguage\":\"fr-FR\",\"@id\":\"https:\/\/www.carideal.com\/blog\/#\/schema\/person\/image\/\",\"url\":\"https:\/\/secure.gravatar.com\/avatar\/c17e55009e671d92cc7f5dc837dc418a?s=96&r=g\",\"contentUrl\":\"https:\/\/secure.gravatar.com\/avatar\/c17e55009e671d92cc7f5dc837dc418a?s=96&r=g\",\"caption\":\"Nicolas SCHIAVON\"},\"description\":\"Nicolas Schiavon est tomb\u00e9 tout petit dans la marmite automobile. Ayant eu un garage de marque automobile, mandataire automobile de la premi\u00e8re heure d\u00e8s 1999. Nicolas a cr\u00e9\u00e9 ces premiers sites de vente de voiture et blog automobile d\u00e8s 1994. Carideal est n\u00e9 le 15 d\u00e9cembre 2000 de la volont\u00e9 de vendre des voitures d'occasions en ligne puis des voitures neuves. Il a pu essayer beaucoup de voitures tr\u00e8s diff\u00e9rentes et ayant eu personnellement quelques belles autos, Subaru Impreza, Mitsubishi Lancer Evo 7, Porsche 911, Ferrari Testarrossa, Audi RS3, RS4 et j'en passe...\",\"sameAs\":[\"http:\/\/www.carideal.com\",\"https:\/\/www.facebook.com\/nicolas.schiavon.39\",\"https:\/\/www.instagram.com\/carideal1\/\",\"https:\/\/www.linkedin.com\/in\/nschiavon\/\",\"https:\/\/x.com\/caridealauto\",\"https:\/\/www.youtube.com\/user\/caridealsas\/\"],\"url\":\"https:\/\/www.carideal.com\/blog\/author\/nschiavon\/\"}]}<\/script>\n<!-- \/ Yoast SEO plugin. -->","yoast_head_json":{"title":"Saab reviendra-t-il ? La production reprend - Blog auto Carid\u00e9al","description":"Saab 9-3 Le constructeur suedois reprend la production doucement avec ces premi\u00e8res 9-3 destin\u00e9es au March\u00e9 su\u00e9dois et chinois reviendra-t-il ?","robots":{"index":"index","follow":"follow","max-snippet":"max-snippet:-1","max-image-preview":"max-image-preview:large","max-video-preview":"max-video-preview:-1"},"canonical":"https:\/\/www.carideal.com\/blog\/2013\/11\/09\/saab-reviendra-t-il\/","og_locale":"fr_FR","og_type":"article","og_title":"Saab reviendra-t-il ? La production reprend - Blog auto Carid\u00e9al","og_description":"Saab 9-3 Le constructeur suedois reprend la production doucement avec ces premi\u00e8res 9-3 destin\u00e9es au March\u00e9 su\u00e9dois et chinois reviendra-t-il ?","og_url":"https:\/\/www.carideal.com\/blog\/2013\/11\/09\/saab-reviendra-t-il\/","og_site_name":"Blog auto Carid\u00e9al","article_publisher":"https:\/\/www.facebook.com\/Carideal.mandataire.automobile","article_author":"https:\/\/www.facebook.com\/nicolas.schiavon.39","article_published_time":"2013-11-09T23:00:00+00:00","article_modified_time":"2017-09-10T07:25:37+00:00","og_image":[{"width":800,"height":450,"url":"https:\/\/www.carideal.com\/blog\/wp-content\/uploads\/2013\/11\/saab-9-3-1-e1505028197289.jpg","type":"image\/jpeg"}],"author":"Nicolas SCHIAVON","twitter_card":"summary_large_image","twitter_creator":"@caridealauto","twitter_site":"@caridealauto","twitter_misc":{"\u00c9crit par":"Nicolas SCHIAVON","Dur\u00e9e de lecture estim\u00e9e":"1 minute"},"schema":{"@context":"https:\/\/schema.org","@graph":[{"@type":"Article","@id":"https:\/\/www.carideal.com\/blog\/2013\/11\/09\/saab-reviendra-t-il\/#article","isPartOf":{"@id":"https:\/\/www.carideal.com\/blog\/2013\/11\/09\/saab-reviendra-t-il\/"},"author":{"name":"Nicolas SCHIAVON","@id":"https:\/\/www.carideal.com\/blog\/#\/schema\/person\/cd95dc7919660de90d31b366f85be1ec"},"headline":"Saab reviendra-t-il ? La production reprend","datePublished":"2013-11-09T23:00:00+00:00","dateModified":"2017-09-10T07:25:37+00:00","mainEntityOfPage":{"@id":"https:\/\/www.carideal.com\/blog\/2013\/11\/09\/saab-reviendra-t-il\/"},"wordCount":292,"commentCount":0,"publisher":{"@id":"https:\/\/www.carideal.com\/blog\/#organization"},"image":{"@id":"https:\/\/www.carideal.com\/blog\/2013\/11\/09\/saab-reviendra-t-il\/#primaryimage"},"thumbnailUrl":"https:\/\/www.carideal.com\/blog\/wp-content\/uploads\/2013\/11\/saab-9-3-1-e1505028197289.jpg","articleSection":["Actualit\u00e9 automobile","Actualit\u00e9 SAAB"],"inLanguage":"fr-FR","potentialAction":[{"@type":"CommentAction","name":"Comment","target":["https:\/\/www.carideal.com\/blog\/2013\/11\/09\/saab-reviendra-t-il\/#respond"]}]},{"@type":"WebPage","@id":"https:\/\/www.carideal.com\/blog\/2013\/11\/09\/saab-reviendra-t-il\/","url":"https:\/\/www.carideal.com\/blog\/2013\/11\/09\/saab-reviendra-t-il\/","name":"Saab reviendra-t-il ? La production reprend - Blog auto Carid\u00e9al","isPartOf":{"@id":"https:\/\/www.carideal.com\/blog\/#website"},"primaryImageOfPage":{"@id":"https:\/\/www.carideal.com\/blog\/2013\/11\/09\/saab-reviendra-t-il\/#primaryimage"},"image":{"@id":"https:\/\/www.carideal.com\/blog\/2013\/11\/09\/saab-reviendra-t-il\/#primaryimage"},"thumbnailUrl":"https:\/\/www.carideal.com\/blog\/wp-content\/uploads\/2013\/11\/saab-9-3-1-e1505028197289.jpg","datePublished":"2013-11-09T23:00:00+00:00","dateModified":"2017-09-10T07:25:37+00:00","description":"Saab 9-3 Le constructeur suedois reprend la production doucement avec ces premi\u00e8res 9-3 destin\u00e9es au March\u00e9 su\u00e9dois et chinois reviendra-t-il ?","breadcrumb":{"@id":"https:\/\/www.carideal.com\/blog\/2013\/11\/09\/saab-reviendra-t-il\/#breadcrumb"},"inLanguage":"fr-FR","potentialAction":[{"@type":"ReadAction","target":["https:\/\/www.carideal.com\/blog\/2013\/11\/09\/saab-reviendra-t-il\/"]}]},{"@type":"ImageObject","inLanguage":"fr-FR","@id":"https:\/\/www.carideal.com\/blog\/2013\/11\/09\/saab-reviendra-t-il\/#primaryimage","url":"https:\/\/www.carideal.com\/blog\/wp-content\/uploads\/2013\/11\/saab-9-3-1-e1505028197289.jpg","contentUrl":"https:\/\/www.carideal.com\/blog\/wp-content\/uploads\/2013\/11\/saab-9-3-1-e1505028197289.jpg","width":800,"height":450,"caption":"Saab 9-3 Le constructeur suedois reprend la production doucement reviendra-t-il ?"},{"@type":"BreadcrumbList","@id":"https:\/\/www.carideal.com\/blog\/2013\/11\/09\/saab-reviendra-t-il\/#breadcrumb","itemListElement":[{"@type":"ListItem","position":1,"name":"Blog Carid\u00e9al","item":"https:\/\/www.carideal.com\/blog\/"},{"@type":"ListItem","position":2,"name":"Actualit\u00e9 constructeur automobile","item":"https:\/\/www.carideal.com\/blog\/constructeur\/"},{"@type":"ListItem","position":3,"name":"Actualit\u00e9 SAAB","item":"https:\/\/www.carideal.com\/blog\/constructeur\/actualite-saab\/"},{"@type":"ListItem","position":4,"name":"Saab reviendra-t-il ? La production reprend"}]},{"@type":"WebSite","@id":"https:\/\/www.carideal.com\/blog\/#website","url":"https:\/\/www.carideal.com\/blog\/","name":"Blog auto Carid\u00e9al","description":"Actualit\u00e9 auto par des passionn\u00e9s","publisher":{"@id":"https:\/\/www.carideal.com\/blog\/#organization"},"potentialAction":[{"@type":"SearchAction","target":{"@type":"EntryPoint","urlTemplate":"https:\/\/www.carideal.com\/blog\/?s={search_term_string}"},"query-input":{"@type":"PropertyValueSpecification","valueRequired":true,"valueName":"search_term_string"}}],"inLanguage":"fr-FR"},{"@type":"Organization","@id":"https:\/\/www.carideal.com\/blog\/#organization","name":"Carideal","url":"https:\/\/www.carideal.com\/blog\/","logo":{"@type":"ImageObject","inLanguage":"fr-FR","@id":"https:\/\/www.carideal.com\/blog\/#\/schema\/logo\/image\/","url":"http:\/\/www.carideal.com\/blog\/wp-content\/uploads\/2016\/03\/logo-carideal-mandataire-automobile.png","contentUrl":"http:\/\/www.carideal.com\/blog\/wp-content\/uploads\/2016\/03\/logo-carideal-mandataire-automobile.png","width":300,"height":300,"caption":"Carideal"},"image":{"@id":"https:\/\/www.carideal.com\/blog\/#\/schema\/logo\/image\/"},"sameAs":["https:\/\/www.facebook.com\/Carideal.mandataire.automobile","https:\/\/x.com\/caridealauto","https:\/\/www.instagram.com\/carideal1\/","https:\/\/www.linkedin.com\/company\/carideal.com","https:\/\/fr.pinterest.com\/schiavonsas\/","https:\/\/www.youtube.com\/user\/caridealsas"]},{"@type":"Person","@id":"https:\/\/www.carideal.com\/blog\/#\/schema\/person\/cd95dc7919660de90d31b366f85be1ec","name":"Nicolas SCHIAVON","image":{"@type":"ImageObject","inLanguage":"fr-FR","@id":"https:\/\/www.carideal.com\/blog\/#\/schema\/person\/image\/","url":"https:\/\/secure.gravatar.com\/avatar\/c17e55009e671d92cc7f5dc837dc418a?s=96&r=g","contentUrl":"https:\/\/secure.gravatar.com\/avatar\/c17e55009e671d92cc7f5dc837dc418a?s=96&r=g","caption":"Nicolas SCHIAVON"},"description":"Nicolas Schiavon est tomb\u00e9 tout petit dans la marmite automobile. Ayant eu un garage de marque automobile, mandataire automobile de la premi\u00e8re heure d\u00e8s 1999. Nicolas a cr\u00e9\u00e9 ces premiers sites de vente de voiture et blog automobile d\u00e8s 1994. Carideal est n\u00e9 le 15 d\u00e9cembre 2000 de la volont\u00e9 de vendre des voitures d'occasions en ligne puis des voitures neuves. Il a pu essayer beaucoup de voitures tr\u00e8s diff\u00e9rentes et ayant eu personnellement quelques belles autos, Subaru Impreza, Mitsubishi Lancer Evo 7, Porsche 911, Ferrari Testarrossa, Audi RS3, RS4 et j'en passe...","sameAs":["http:\/\/www.carideal.com","https:\/\/www.facebook.com\/nicolas.schiavon.39","https:\/\/www.instagram.com\/carideal1\/","https:\/\/www.linkedin.com\/in\/nschiavon\/","https:\/\/x.com\/caridealauto","https:\/\/www.youtube.com\/user\/caridealsas\/"],"url":"https:\/\/www.carideal.com\/blog\/author\/nschiavon\/"}]}},"uagb_featured_image_src":{"full":["https:\/\/www.carideal.com\/blog\/wp-content\/uploads\/2013\/11\/saab-9-3-1-e1505028197289.jpg",800,450,false],"thumbnail":["https:\/\/www.carideal.com\/blog\/wp-content\/uploads\/2013\/11\/saab-9-3-1-150x150.jpg",150,150,true],"medium":["https:\/\/www.carideal.com\/blog\/wp-content\/uploads\/2013\/11\/saab-9-3-1-300x169.jpg",300,169,true],"medium_large":["https:\/\/www.carideal.com\/blog\/wp-content\/uploads\/2013\/11\/saab-9-3-1-768x432.jpg",768,432,true],"large":["https:\/\/www.carideal.com\/blog\/wp-content\/uploads\/2013\/11\/saab-9-3-1-1024x576.jpg",1024,576,true],"1536x1536":["https:\/\/www.carideal.com\/blog\/wp-content\/uploads\/2013\/11\/saab-9-3-1-e1505028197289.jpg",800,450,false],"2048x2048":["https:\/\/www.carideal.com\/blog\/wp-content\/uploads\/2013\/11\/saab-9-3-1-e1505028197289.jpg",800,450,false],"wppr-widget":["https:\/\/www.carideal.com\/blog\/wp-content\/uploads\/2013\/11\/saab-9-3-1-e1505028197289.jpg",50,28,false]},"uagb_author_info":{"display_name":"Nicolas SCHIAVON","author_link":"https:\/\/www.carideal.com\/blog\/author\/nschiavon\/"},"uagb_comment_info":0,"uagb_excerpt":"Saab reviendra-t-il ? NEVS, (National Electric Vehicle Sweden, le propri\u00e9taire des actifs de SAAB vient de d\u00e9clarer que l'usine \u00e9tait presque pr\u00eate pour relancer la fabrication de la \"vieille\" 9-3 dont la conception date quand m\u00eame de 1998. Il reste quelques d\u00e9tails \u00e0 peaufiner, dont certain avec des fournisseurs. NEVS souhaite distribuer la 9-3 en\u2026","_links":{"self":[{"href":"https:\/\/www.carideal.com\/blog\/wp-json\/wp\/v2\/posts\/5316"}],"collection":[{"href":"https:\/\/www.carideal.com\/blog\/wp-json\/wp\/v2\/posts"}],"about":[{"href":"https:\/\/www.carideal.com\/blog\/wp-json\/wp\/v2\/types\/post"}],"author":[{"embeddable":true,"href":"https:\/\/www.carideal.com\/blog\/wp-json\/wp\/v2\/users\/3"}],"replies":[{"embeddable":true,"href":"https:\/\/www.carideal.com\/blog\/wp-json\/wp\/v2\/comments?post=5316"}],"version-history":[{"count":0,"href":"https:\/\/www.carideal.com\/blog\/wp-json\/wp\/v2\/posts\/5316\/revisions"}],"wp:featuredmedia":[{"embeddable":true,"href":"https:\/\/www.carideal.com\/blog\/wp-json\/wp\/v2\/media\/16325"}],"wp:attachment":[{"href":"https:\/\/www.carideal.com\/blog\/wp-json\/wp\/v2\/media?parent=5316"}],"wp:term":[{"taxonomy":"category","embeddable":true,"href":"https:\/\/www.carideal.com\/blog\/wp-json\/wp\/v2\/categories?post=5316"},{"taxonomy":"post_tag","embeddable":true,"href":"https:\/\/www.carideal.com\/blog\/wp-json\/wp\/v2\/tags?post=5316"}],"curies":[{"name":"wp","href":"https:\/\/api.w.org\/{rel}","templated":true}]}}