{"id":5308,"date":"2013-11-05T23:00:00","date_gmt":"2013-11-05T23:00:00","guid":{"rendered":"http:\/\/www.carideal.com\/blog\/2013\/11\/05\/achat-peugeot-308-carideal-mandataire-automobile\/"},"modified":"2020-03-07T16:40:29","modified_gmt":"2020-03-07T15:40:29","slug":"achat-peugeot-308-carideal-mandataire-automobile","status":"publish","type":"post","link":"https:\/\/www.carideal.com\/blog\/2013\/11\/05\/achat-peugeot-308-carideal-mandataire-automobile\/","title":{"rendered":"Achat Peugeot 308"},"content":{"rendered":"<div>\n<figure style=\"width: 823px\" class=\"wp-caption alignnone\"><img loading=\"lazy\" decoding=\"async\" title=\"Achat Peugeot 308\" src=\"http:\/\/www.carideal.com\/images_actualite\/peugeot308achatcaridealmandataireautomobilechambery-1383773903.jpg\" alt=\"Achat Peugeot 308\" width=\"833\" height=\"413\" \/><figcaption class=\"wp-caption-text\">Achat Peugeot 308<\/figcaption><\/figure>\n<h1>Achat Peugeot 308<\/h1>\n<p>La <strong>nouvelle Peugeot 308 neuve<\/strong> est disponible chez Carideal mandataire auto.<\/p>\n<\/div>\n<p>Enfin, la nouvelle Peugeot 308 est disponible chez Carideal mandataire Peugeot 308. Vous retrouverez l'achat Peugeot 308 essence\u00a0gr\u00e2ce aux nouvelles motorisations tr\u00e8s performates e-THP.<\/p>\n<p>La nouvelle Peugeot 308 disponible \u00e0 l'achat avec des remises importantes chez Carideal .<\/p>\n<p>Peugeot a mis le paquet et vise la Golf pour passer en t\u00eate des ventes en Europe. La uqalit\u00e9 est l\u00e0, et les acheteurs de Peugeot 308 ne vont certainement pas s'y tromper !<\/p>\n<pre>Achat Peugeot 308 avec <span style=\"text-decoration: underline;\">Carideal mandataire Peugeot 308<\/span>.<\/pre>\n<p>1.381.684 clients ont craqu\u00e9s pour l'achat\u00a0de l'ancienne Peugeot 308 jusqu'en mai 2013. On se doute que Peugeot est ravi de ces chiffres de vente. Mais peugeot vise plus haut et veut devenir numero 1 des ventes en europe avec sa \u00a0308.<\/p>\n<p>Contrairement \u00e0 la pr\u00e9c\u00e9dente g\u00e9n\u00e9ration de\u00a0Peugeot 308 qui n'\u00e9tait finalement qu'une \u00e9volution de la 307 utilisant la m\u00eame plate-forme technique, L'achat de cette Peugeot 308 vous proposera une toute nouvelle voiture. Cette nouvelle version de la Peugeot\u00a0308 utilise la\u00a0nouvelle plateforme modulaire EMP2 (pour Efficient Modular Platform 2), qui lui fait gagner\u00a0jusqu'\u00e0 140 kg selon les versions.<\/p>\n<p>L'achat de cette Peugeot 308 vous fera changer de style. Vous n'irez pas jouer l'originalit\u00e9 avec cette Peugeot 308, elle est trop consentuelle, et tr\u00e8s proche de la Golf qu'elle vise et veut d\u00e9troner.<\/p>\n<h2>Achat d'une Peugeot 308 rigoureuse<\/h2>\n<p>L'achat d'une Peugeot 308 nouvelle mouture vous fera sentir la diff\u00e9rence d\u00e8s les premiers tours de roue, la direction est plus pr\u00e9cise, plus franche et le train ava,t est particuli\u00e8rement incisif. C'est praticuli\u00e8rement apr\u00e9ci\u00e9 sur nos routes de montagne, et on ne va pas s'en plaindre lorsque nous gravissons un col allentour. La Peugeot 308 fait figure de nouvelle r\u00e9f\u00e9rence de la cat\u00e9gorie au chapitre comportement routier.<\/p>\n<p>Bient\u00f4t vont \u00eatre pr\u00e9sent\u00e9es les versions Peugeot 308 SW. par conre pour les version 308 SW, nous ne savons pas encore dire si elles seront \u00e9quip\u00e9es de toit panoramique ou non. Nous vous proposerons l'<span style=\"text-decoration: underline;\">achat\u00a0308 d'occasions<\/span> d\u00e8s qu'elles seront disponibles dans quelques mois. <a href=\"http:\/\/www.carideal.com\/blog\/2013\/11\/11\/nouvelle-peugeot-308-essai\/\"><span style=\"text-decoration: underline;\">Retrouvez l'essai<\/span> de la nouvelle Peugeot 308<\/a> en pr\u00e9sentation. Tous les autres essais automobile sont disponibles sur notre <span style=\"text-decoration: underline;\"><a href=\"http:\/\/www.carideal.com\/blog\/\">Blog automobile<\/a><\/span> dans la rubrique idoine. Vous trouverez aussi toutes l'<span style=\"text-decoration: underline;\"><a href=\"http:\/\/www.carideal.com\/blog\/category\/actualites-auto\/\">actualit\u00e9 automobile<\/a><\/span> en g\u00e9n\u00e9ral et l'<span style=\"text-decoration: underline;\"><a href=\"http:\/\/www.carideal.com\/blog\/category\/constructeur\/peugeot\/\">actualit\u00e9 de Peugeot<\/a><\/span> en particulier.<\/p>\n","protected":false},"excerpt":{"rendered":"<p>Achat Peugeot 308 La nouvelle Peugeot 308 neuve est disponible chez Carideal mandataire auto. Enfin, la nouvelle Peugeot 308 est disponible chez Carideal mandataire Peugeot 308. Vous retrouverez l&rsquo;achat Peugeot 308 essence\u00a0gr\u00e2ce aux nouvelles motorisations tr\u00e8s performates e-THP. La nouvelle Peugeot 308 disponible \u00e0 l&rsquo;achat avec des remises importantes chez Carideal . Peugeot a mis &#8230; <a title=\"Achat Peugeot 308\" class=\"read-more\" href=\"https:\/\/www.carideal.com\/blog\/2013\/11\/05\/achat-peugeot-308-carideal-mandataire-automobile\/\" aria-label=\"En savoir plus sur Achat Peugeot 308\">Lire plus<\/a><\/p>\n","protected":false},"author":3,"featured_media":0,"comment_status":"open","ping_status":"open","sticky":false,"template":"","format":"standard","meta":{"_uag_custom_page_level_css":"","_themeisle_gutenberg_block_has_review":false,"footnotes":""},"categories":[21,5944,5946,5947,5948,10],"tags":[],"class_list":["post-5308","post","type-post","status-publish","format-standard","hentry","category-actualites-auto","category-constructeur","category-peugeot","category-essai","category-peugeot-essai","category-marche-automobile-voiture-neuve-occasion-4x4-suv"],"wppr_data":[],"yoast_head":"<!-- This site is optimized with the Yoast SEO plugin v24.8.1 - https:\/\/yoast.com\/wordpress\/plugins\/seo\/ -->\n<title>Achat Peugeot 308 - Blog auto Carid\u00e9al<\/title>\n<meta name=\"description\" content=\"Achat Peugeot 308 avec\u00a0Carideal\u00a0mandataire Peugeot, retrouvez l&#039;achat Peugeot 308 neuve et d&#039;occasion pas cher et les actualit\u00e9s automobile sur notre Blog.\" \/>\n<meta name=\"robots\" content=\"index, follow, max-snippet:-1, max-image-preview:large, max-video-preview:-1\" \/>\n<link rel=\"canonical\" href=\"https:\/\/www.carideal.com\/blog\/2013\/11\/05\/achat-peugeot-308-carideal-mandataire-automobile\/\" \/>\n<meta property=\"og:locale\" content=\"fr_FR\" \/>\n<meta property=\"og:type\" content=\"article\" \/>\n<meta property=\"og:title\" content=\"Achat Peugeot 308 - Blog auto Carid\u00e9al\" \/>\n<meta property=\"og:description\" content=\"Achat Peugeot 308 avec\u00a0Carideal\u00a0mandataire Peugeot, retrouvez l&#039;achat Peugeot 308 neuve et d&#039;occasion pas cher et les actualit\u00e9s automobile sur notre Blog.\" \/>\n<meta property=\"og:url\" content=\"https:\/\/www.carideal.com\/blog\/2013\/11\/05\/achat-peugeot-308-carideal-mandataire-automobile\/\" \/>\n<meta property=\"og:site_name\" content=\"Blog auto Carid\u00e9al\" \/>\n<meta property=\"article:publisher\" content=\"https:\/\/www.facebook.com\/Carideal.mandataire.automobile\" \/>\n<meta property=\"article:author\" content=\"https:\/\/www.facebook.com\/nicolas.schiavon.39\" \/>\n<meta property=\"article:published_time\" content=\"2013-11-05T23:00:00+00:00\" \/>\n<meta property=\"article:modified_time\" content=\"2020-03-07T15:40:29+00:00\" \/>\n<meta property=\"og:image\" content=\"http:\/\/www.carideal.com\/images_actualite\/peugeot308achatcaridealmandataireautomobilechambery-1383773903.jpg\" \/>\n<meta name=\"author\" content=\"Nicolas SCHIAVON\" \/>\n<meta name=\"twitter:card\" content=\"summary_large_image\" \/>\n<meta name=\"twitter:creator\" content=\"@caridealauto\" \/>\n<meta name=\"twitter:site\" content=\"@caridealauto\" \/>\n<meta name=\"twitter:label1\" content=\"\u00c9crit par\" \/>\n\t<meta name=\"twitter:data1\" content=\"Nicolas SCHIAVON\" \/>\n\t<meta name=\"twitter:label2\" content=\"Dur\u00e9e de lecture estim\u00e9e\" \/>\n\t<meta name=\"twitter:data2\" content=\"2 minutes\" \/>\n<script type=\"application\/ld+json\" class=\"yoast-schema-graph\">{\"@context\":\"https:\/\/schema.org\",\"@graph\":[{\"@type\":\"Article\",\"@id\":\"https:\/\/www.carideal.com\/blog\/2013\/11\/05\/achat-peugeot-308-carideal-mandataire-automobile\/#article\",\"isPartOf\":{\"@id\":\"https:\/\/www.carideal.com\/blog\/2013\/11\/05\/achat-peugeot-308-carideal-mandataire-automobile\/\"},\"author\":{\"name\":\"Nicolas SCHIAVON\",\"@id\":\"https:\/\/www.carideal.com\/blog\/#\/schema\/person\/cd95dc7919660de90d31b366f85be1ec\"},\"headline\":\"Achat Peugeot 308\",\"datePublished\":\"2013-11-05T23:00:00+00:00\",\"dateModified\":\"2020-03-07T15:40:29+00:00\",\"mainEntityOfPage\":{\"@id\":\"https:\/\/www.carideal.com\/blog\/2013\/11\/05\/achat-peugeot-308-carideal-mandataire-automobile\/\"},\"wordCount\":388,\"commentCount\":0,\"publisher\":{\"@id\":\"https:\/\/www.carideal.com\/blog\/#organization\"},\"image\":{\"@id\":\"https:\/\/www.carideal.com\/blog\/2013\/11\/05\/achat-peugeot-308-carideal-mandataire-automobile\/#primaryimage\"},\"thumbnailUrl\":\"http:\/\/www.carideal.com\/images_actualite\/peugeot308achatcaridealmandataireautomobilechambery-1383773903.jpg\",\"articleSection\":[\"Actualit\u00e9 automobile\",\"Actualit\u00e9 Constructeur automobile\",\"Actualit\u00e9 Peugeot\",\"Essais automobile\",\"Essais Peugeot\",\"March\u00e9 automobile\"],\"inLanguage\":\"fr-FR\",\"potentialAction\":[{\"@type\":\"CommentAction\",\"name\":\"Comment\",\"target\":[\"https:\/\/www.carideal.com\/blog\/2013\/11\/05\/achat-peugeot-308-carideal-mandataire-automobile\/#respond\"]}]},{\"@type\":\"WebPage\",\"@id\":\"https:\/\/www.carideal.com\/blog\/2013\/11\/05\/achat-peugeot-308-carideal-mandataire-automobile\/\",\"url\":\"https:\/\/www.carideal.com\/blog\/2013\/11\/05\/achat-peugeot-308-carideal-mandataire-automobile\/\",\"name\":\"Achat Peugeot 308 - Blog auto Carid\u00e9al\",\"isPartOf\":{\"@id\":\"https:\/\/www.carideal.com\/blog\/#website\"},\"primaryImageOfPage\":{\"@id\":\"https:\/\/www.carideal.com\/blog\/2013\/11\/05\/achat-peugeot-308-carideal-mandataire-automobile\/#primaryimage\"},\"image\":{\"@id\":\"https:\/\/www.carideal.com\/blog\/2013\/11\/05\/achat-peugeot-308-carideal-mandataire-automobile\/#primaryimage\"},\"thumbnailUrl\":\"http:\/\/www.carideal.com\/images_actualite\/peugeot308achatcaridealmandataireautomobilechambery-1383773903.jpg\",\"datePublished\":\"2013-11-05T23:00:00+00:00\",\"dateModified\":\"2020-03-07T15:40:29+00:00\",\"description\":\"Achat Peugeot 308 avec\u00a0Carideal\u00a0mandataire Peugeot, retrouvez l'achat Peugeot 308 neuve et d'occasion pas cher et les actualit\u00e9s automobile sur notre Blog.\",\"breadcrumb\":{\"@id\":\"https:\/\/www.carideal.com\/blog\/2013\/11\/05\/achat-peugeot-308-carideal-mandataire-automobile\/#breadcrumb\"},\"inLanguage\":\"fr-FR\",\"potentialAction\":[{\"@type\":\"ReadAction\",\"target\":[\"https:\/\/www.carideal.com\/blog\/2013\/11\/05\/achat-peugeot-308-carideal-mandataire-automobile\/\"]}]},{\"@type\":\"ImageObject\",\"inLanguage\":\"fr-FR\",\"@id\":\"https:\/\/www.carideal.com\/blog\/2013\/11\/05\/achat-peugeot-308-carideal-mandataire-automobile\/#primaryimage\",\"url\":\"http:\/\/www.carideal.com\/images_actualite\/peugeot308achatcaridealmandataireautomobilechambery-1383773903.jpg\",\"contentUrl\":\"http:\/\/www.carideal.com\/images_actualite\/peugeot308achatcaridealmandataireautomobilechambery-1383773903.jpg\"},{\"@type\":\"BreadcrumbList\",\"@id\":\"https:\/\/www.carideal.com\/blog\/2013\/11\/05\/achat-peugeot-308-carideal-mandataire-automobile\/#breadcrumb\",\"itemListElement\":[{\"@type\":\"ListItem\",\"position\":1,\"name\":\"Blog Carid\u00e9al\",\"item\":\"https:\/\/www.carideal.com\/blog\/\"},{\"@type\":\"ListItem\",\"position\":2,\"name\":\"Actualit\u00e9 automobile\",\"item\":\"https:\/\/www.carideal.com\/blog\/actualites-auto\/\"},{\"@type\":\"ListItem\",\"position\":3,\"name\":\"Achat Peugeot 308\"}]},{\"@type\":\"WebSite\",\"@id\":\"https:\/\/www.carideal.com\/blog\/#website\",\"url\":\"https:\/\/www.carideal.com\/blog\/\",\"name\":\"Blog auto Carid\u00e9al\",\"description\":\"Actualit\u00e9 auto par des passionn\u00e9s\",\"publisher\":{\"@id\":\"https:\/\/www.carideal.com\/blog\/#organization\"},\"potentialAction\":[{\"@type\":\"SearchAction\",\"target\":{\"@type\":\"EntryPoint\",\"urlTemplate\":\"https:\/\/www.carideal.com\/blog\/?s={search_term_string}\"},\"query-input\":{\"@type\":\"PropertyValueSpecification\",\"valueRequired\":true,\"valueName\":\"search_term_string\"}}],\"inLanguage\":\"fr-FR\"},{\"@type\":\"Organization\",\"@id\":\"https:\/\/www.carideal.com\/blog\/#organization\",\"name\":\"Carideal\",\"url\":\"https:\/\/www.carideal.com\/blog\/\",\"logo\":{\"@type\":\"ImageObject\",\"inLanguage\":\"fr-FR\",\"@id\":\"https:\/\/www.carideal.com\/blog\/#\/schema\/logo\/image\/\",\"url\":\"http:\/\/www.carideal.com\/blog\/wp-content\/uploads\/2016\/03\/logo-carideal-mandataire-automobile.png\",\"contentUrl\":\"http:\/\/www.carideal.com\/blog\/wp-content\/uploads\/2016\/03\/logo-carideal-mandataire-automobile.png\",\"width\":300,\"height\":300,\"caption\":\"Carideal\"},\"image\":{\"@id\":\"https:\/\/www.carideal.com\/blog\/#\/schema\/logo\/image\/\"},\"sameAs\":[\"https:\/\/www.facebook.com\/Carideal.mandataire.automobile\",\"https:\/\/x.com\/caridealauto\",\"https:\/\/www.instagram.com\/carideal1\/\",\"https:\/\/www.linkedin.com\/company\/carideal.com\",\"https:\/\/fr.pinterest.com\/schiavonsas\/\",\"https:\/\/www.youtube.com\/user\/caridealsas\"]},{\"@type\":\"Person\",\"@id\":\"https:\/\/www.carideal.com\/blog\/#\/schema\/person\/cd95dc7919660de90d31b366f85be1ec\",\"name\":\"Nicolas SCHIAVON\",\"image\":{\"@type\":\"ImageObject\",\"inLanguage\":\"fr-FR\",\"@id\":\"https:\/\/www.carideal.com\/blog\/#\/schema\/person\/image\/\",\"url\":\"https:\/\/secure.gravatar.com\/avatar\/c17e55009e671d92cc7f5dc837dc418a?s=96&r=g\",\"contentUrl\":\"https:\/\/secure.gravatar.com\/avatar\/c17e55009e671d92cc7f5dc837dc418a?s=96&r=g\",\"caption\":\"Nicolas SCHIAVON\"},\"description\":\"Nicolas Schiavon est tomb\u00e9 tout petit dans la marmite automobile. Ayant eu un garage de marque automobile, mandataire automobile de la premi\u00e8re heure d\u00e8s 1999. Nicolas a cr\u00e9\u00e9 ces premiers sites de vente de voiture et blog automobile d\u00e8s 1994. Carideal est n\u00e9 le 15 d\u00e9cembre 2000 de la volont\u00e9 de vendre des voitures d'occasions en ligne puis des voitures neuves. Il a pu essayer beaucoup de voitures tr\u00e8s diff\u00e9rentes et ayant eu personnellement quelques belles autos, Subaru Impreza, Mitsubishi Lancer Evo 7, Porsche 911, Ferrari Testarrossa, Audi RS3, RS4 et j'en passe...\",\"sameAs\":[\"http:\/\/www.carideal.com\",\"https:\/\/www.facebook.com\/nicolas.schiavon.39\",\"https:\/\/www.instagram.com\/carideal1\/\",\"https:\/\/www.linkedin.com\/in\/nschiavon\/\",\"https:\/\/x.com\/caridealauto\",\"https:\/\/www.youtube.com\/user\/caridealsas\/\"],\"url\":\"https:\/\/www.carideal.com\/blog\/author\/nschiavon\/\"}]}<\/script>\n<!-- \/ Yoast SEO plugin. -->","yoast_head_json":{"title":"Achat Peugeot 308 - Blog auto Carid\u00e9al","description":"Achat Peugeot 308 avec\u00a0Carideal\u00a0mandataire Peugeot, retrouvez l'achat Peugeot 308 neuve et d'occasion pas cher et les actualit\u00e9s automobile sur notre Blog.","robots":{"index":"index","follow":"follow","max-snippet":"max-snippet:-1","max-image-preview":"max-image-preview:large","max-video-preview":"max-video-preview:-1"},"canonical":"https:\/\/www.carideal.com\/blog\/2013\/11\/05\/achat-peugeot-308-carideal-mandataire-automobile\/","og_locale":"fr_FR","og_type":"article","og_title":"Achat Peugeot 308 - Blog auto Carid\u00e9al","og_description":"Achat Peugeot 308 avec\u00a0Carideal\u00a0mandataire Peugeot, retrouvez l'achat Peugeot 308 neuve et d'occasion pas cher et les actualit\u00e9s automobile sur notre Blog.","og_url":"https:\/\/www.carideal.com\/blog\/2013\/11\/05\/achat-peugeot-308-carideal-mandataire-automobile\/","og_site_name":"Blog auto Carid\u00e9al","article_publisher":"https:\/\/www.facebook.com\/Carideal.mandataire.automobile","article_author":"https:\/\/www.facebook.com\/nicolas.schiavon.39","article_published_time":"2013-11-05T23:00:00+00:00","article_modified_time":"2020-03-07T15:40:29+00:00","og_image":[{"url":"http:\/\/www.carideal.com\/images_actualite\/peugeot308achatcaridealmandataireautomobilechambery-1383773903.jpg","type":"","width":"","height":""}],"author":"Nicolas SCHIAVON","twitter_card":"summary_large_image","twitter_creator":"@caridealauto","twitter_site":"@caridealauto","twitter_misc":{"\u00c9crit par":"Nicolas SCHIAVON","Dur\u00e9e de lecture estim\u00e9e":"2 minutes"},"schema":{"@context":"https:\/\/schema.org","@graph":[{"@type":"Article","@id":"https:\/\/www.carideal.com\/blog\/2013\/11\/05\/achat-peugeot-308-carideal-mandataire-automobile\/#article","isPartOf":{"@id":"https:\/\/www.carideal.com\/blog\/2013\/11\/05\/achat-peugeot-308-carideal-mandataire-automobile\/"},"author":{"name":"Nicolas SCHIAVON","@id":"https:\/\/www.carideal.com\/blog\/#\/schema\/person\/cd95dc7919660de90d31b366f85be1ec"},"headline":"Achat Peugeot 308","datePublished":"2013-11-05T23:00:00+00:00","dateModified":"2020-03-07T15:40:29+00:00","mainEntityOfPage":{"@id":"https:\/\/www.carideal.com\/blog\/2013\/11\/05\/achat-peugeot-308-carideal-mandataire-automobile\/"},"wordCount":388,"commentCount":0,"publisher":{"@id":"https:\/\/www.carideal.com\/blog\/#organization"},"image":{"@id":"https:\/\/www.carideal.com\/blog\/2013\/11\/05\/achat-peugeot-308-carideal-mandataire-automobile\/#primaryimage"},"thumbnailUrl":"http:\/\/www.carideal.com\/images_actualite\/peugeot308achatcaridealmandataireautomobilechambery-1383773903.jpg","articleSection":["Actualit\u00e9 automobile","Actualit\u00e9 Constructeur automobile","Actualit\u00e9 Peugeot","Essais automobile","Essais Peugeot","March\u00e9 automobile"],"inLanguage":"fr-FR","potentialAction":[{"@type":"CommentAction","name":"Comment","target":["https:\/\/www.carideal.com\/blog\/2013\/11\/05\/achat-peugeot-308-carideal-mandataire-automobile\/#respond"]}]},{"@type":"WebPage","@id":"https:\/\/www.carideal.com\/blog\/2013\/11\/05\/achat-peugeot-308-carideal-mandataire-automobile\/","url":"https:\/\/www.carideal.com\/blog\/2013\/11\/05\/achat-peugeot-308-carideal-mandataire-automobile\/","name":"Achat Peugeot 308 - Blog auto Carid\u00e9al","isPartOf":{"@id":"https:\/\/www.carideal.com\/blog\/#website"},"primaryImageOfPage":{"@id":"https:\/\/www.carideal.com\/blog\/2013\/11\/05\/achat-peugeot-308-carideal-mandataire-automobile\/#primaryimage"},"image":{"@id":"https:\/\/www.carideal.com\/blog\/2013\/11\/05\/achat-peugeot-308-carideal-mandataire-automobile\/#primaryimage"},"thumbnailUrl":"http:\/\/www.carideal.com\/images_actualite\/peugeot308achatcaridealmandataireautomobilechambery-1383773903.jpg","datePublished":"2013-11-05T23:00:00+00:00","dateModified":"2020-03-07T15:40:29+00:00","description":"Achat Peugeot 308 avec\u00a0Carideal\u00a0mandataire Peugeot, retrouvez l'achat Peugeot 308 neuve et d'occasion pas cher et les actualit\u00e9s automobile sur notre Blog.","breadcrumb":{"@id":"https:\/\/www.carideal.com\/blog\/2013\/11\/05\/achat-peugeot-308-carideal-mandataire-automobile\/#breadcrumb"},"inLanguage":"fr-FR","potentialAction":[{"@type":"ReadAction","target":["https:\/\/www.carideal.com\/blog\/2013\/11\/05\/achat-peugeot-308-carideal-mandataire-automobile\/"]}]},{"@type":"ImageObject","inLanguage":"fr-FR","@id":"https:\/\/www.carideal.com\/blog\/2013\/11\/05\/achat-peugeot-308-carideal-mandataire-automobile\/#primaryimage","url":"http:\/\/www.carideal.com\/images_actualite\/peugeot308achatcaridealmandataireautomobilechambery-1383773903.jpg","contentUrl":"http:\/\/www.carideal.com\/images_actualite\/peugeot308achatcaridealmandataireautomobilechambery-1383773903.jpg"},{"@type":"BreadcrumbList","@id":"https:\/\/www.carideal.com\/blog\/2013\/11\/05\/achat-peugeot-308-carideal-mandataire-automobile\/#breadcrumb","itemListElement":[{"@type":"ListItem","position":1,"name":"Blog Carid\u00e9al","item":"https:\/\/www.carideal.com\/blog\/"},{"@type":"ListItem","position":2,"name":"Actualit\u00e9 automobile","item":"https:\/\/www.carideal.com\/blog\/actualites-auto\/"},{"@type":"ListItem","position":3,"name":"Achat Peugeot 308"}]},{"@type":"WebSite","@id":"https:\/\/www.carideal.com\/blog\/#website","url":"https:\/\/www.carideal.com\/blog\/","name":"Blog auto Carid\u00e9al","description":"Actualit\u00e9 auto par des passionn\u00e9s","publisher":{"@id":"https:\/\/www.carideal.com\/blog\/#organization"},"potentialAction":[{"@type":"SearchAction","target":{"@type":"EntryPoint","urlTemplate":"https:\/\/www.carideal.com\/blog\/?s={search_term_string}"},"query-input":{"@type":"PropertyValueSpecification","valueRequired":true,"valueName":"search_term_string"}}],"inLanguage":"fr-FR"},{"@type":"Organization","@id":"https:\/\/www.carideal.com\/blog\/#organization","name":"Carideal","url":"https:\/\/www.carideal.com\/blog\/","logo":{"@type":"ImageObject","inLanguage":"fr-FR","@id":"https:\/\/www.carideal.com\/blog\/#\/schema\/logo\/image\/","url":"http:\/\/www.carideal.com\/blog\/wp-content\/uploads\/2016\/03\/logo-carideal-mandataire-automobile.png","contentUrl":"http:\/\/www.carideal.com\/blog\/wp-content\/uploads\/2016\/03\/logo-carideal-mandataire-automobile.png","width":300,"height":300,"caption":"Carideal"},"image":{"@id":"https:\/\/www.carideal.com\/blog\/#\/schema\/logo\/image\/"},"sameAs":["https:\/\/www.facebook.com\/Carideal.mandataire.automobile","https:\/\/x.com\/caridealauto","https:\/\/www.instagram.com\/carideal1\/","https:\/\/www.linkedin.com\/company\/carideal.com","https:\/\/fr.pinterest.com\/schiavonsas\/","https:\/\/www.youtube.com\/user\/caridealsas"]},{"@type":"Person","@id":"https:\/\/www.carideal.com\/blog\/#\/schema\/person\/cd95dc7919660de90d31b366f85be1ec","name":"Nicolas SCHIAVON","image":{"@type":"ImageObject","inLanguage":"fr-FR","@id":"https:\/\/www.carideal.com\/blog\/#\/schema\/person\/image\/","url":"https:\/\/secure.gravatar.com\/avatar\/c17e55009e671d92cc7f5dc837dc418a?s=96&r=g","contentUrl":"https:\/\/secure.gravatar.com\/avatar\/c17e55009e671d92cc7f5dc837dc418a?s=96&r=g","caption":"Nicolas SCHIAVON"},"description":"Nicolas Schiavon est tomb\u00e9 tout petit dans la marmite automobile. Ayant eu un garage de marque automobile, mandataire automobile de la premi\u00e8re heure d\u00e8s 1999. Nicolas a cr\u00e9\u00e9 ces premiers sites de vente de voiture et blog automobile d\u00e8s 1994. Carideal est n\u00e9 le 15 d\u00e9cembre 2000 de la volont\u00e9 de vendre des voitures d'occasions en ligne puis des voitures neuves. Il a pu essayer beaucoup de voitures tr\u00e8s diff\u00e9rentes et ayant eu personnellement quelques belles autos, Subaru Impreza, Mitsubishi Lancer Evo 7, Porsche 911, Ferrari Testarrossa, Audi RS3, RS4 et j'en passe...","sameAs":["http:\/\/www.carideal.com","https:\/\/www.facebook.com\/nicolas.schiavon.39","https:\/\/www.instagram.com\/carideal1\/","https:\/\/www.linkedin.com\/in\/nschiavon\/","https:\/\/x.com\/caridealauto","https:\/\/www.youtube.com\/user\/caridealsas\/"],"url":"https:\/\/www.carideal.com\/blog\/author\/nschiavon\/"}]}},"uagb_featured_image_src":{"full":false,"thumbnail":false,"medium":false,"medium_large":false,"large":false,"1536x1536":false,"2048x2048":false,"wppr-widget":false},"uagb_author_info":{"display_name":"Nicolas SCHIAVON","author_link":"https:\/\/www.carideal.com\/blog\/author\/nschiavon\/"},"uagb_comment_info":0,"uagb_excerpt":"Achat Peugeot 308 La nouvelle Peugeot 308 neuve est disponible chez Carideal mandataire auto. Enfin, la nouvelle Peugeot 308 est disponible chez Carideal mandataire Peugeot 308. Vous retrouverez l'achat Peugeot 308 essence\u00a0gr\u00e2ce aux nouvelles motorisations tr\u00e8s performates e-THP. La nouvelle Peugeot 308 disponible \u00e0 l'achat avec des remises importantes chez Carideal . Peugeot a mis\u2026","_links":{"self":[{"href":"https:\/\/www.carideal.com\/blog\/wp-json\/wp\/v2\/posts\/5308"}],"collection":[{"href":"https:\/\/www.carideal.com\/blog\/wp-json\/wp\/v2\/posts"}],"about":[{"href":"https:\/\/www.carideal.com\/blog\/wp-json\/wp\/v2\/types\/post"}],"author":[{"embeddable":true,"href":"https:\/\/www.carideal.com\/blog\/wp-json\/wp\/v2\/users\/3"}],"replies":[{"embeddable":true,"href":"https:\/\/www.carideal.com\/blog\/wp-json\/wp\/v2\/comments?post=5308"}],"version-history":[{"count":0,"href":"https:\/\/www.carideal.com\/blog\/wp-json\/wp\/v2\/posts\/5308\/revisions"}],"wp:attachment":[{"href":"https:\/\/www.carideal.com\/blog\/wp-json\/wp\/v2\/media?parent=5308"}],"wp:term":[{"taxonomy":"category","embeddable":true,"href":"https:\/\/www.carideal.com\/blog\/wp-json\/wp\/v2\/categories?post=5308"},{"taxonomy":"post_tag","embeddable":true,"href":"https:\/\/www.carideal.com\/blog\/wp-json\/wp\/v2\/tags?post=5308"}],"curies":[{"name":"wp","href":"https:\/\/api.w.org\/{rel}","templated":true}]}}