{"id":5289,"date":"2013-10-23T22:00:00","date_gmt":"2013-10-23T22:00:00","guid":{"rendered":"http:\/\/www.carideal.com\/blog\/2013\/10\/23\/le-parc-automobile-americain-a-114-ans-d-age-moyen\/"},"modified":"2023-08-20T11:34:53","modified_gmt":"2023-08-20T09:34:53","slug":"le-parc-automobile-americain-a-114-ans-d-age-moyen","status":"publish","type":"post","link":"https:\/\/www.carideal.com\/blog\/2013\/10\/23\/le-parc-automobile-americain-a-114-ans-d-age-moyen\/","title":{"rendered":"Le parc automobile am\u00e9ricain a 11.4 ans d&rsquo;\u00e2ge moyen"},"content":{"rendered":"\n<h2 class=\"wp-block-heading\">L'essor du parc automobile am\u00e9ricain : Tendances, d\u00e9fis et opportunit\u00e9s : 11.4 ans de moyenne d'\u00e2ge<\/h2>\n\n\n\n<p>Le parc Automobile am\u00e9ricain a 11.4 ans d'\u00e2ge moyen. Il n'a jamais \u00e9t\u00e9 aussi vieux, il a vieilli de 2 mois en 1 an.<br><strong>\u00c0 titre de comparaison, le <a href=\"http:\/\/www.carideal.com\/blog\/2013\/02\/17\/le-parc-automobile-continue-de-croitre\/\">parc automobile<\/a> fran\u00e7ais a 8.3 ans.<\/strong><\/p>\n\n\n\n<h3 class=\"wp-block-heading\">L'\u00e2ge moyen des v\u00e9hicules aux \u00c9tats-Unis atteint un record<\/h3>\n\n\n\n<p>Saviez-vous que l'\u00e2ge moyen des v\u00e9hicules circulant sur les routes am\u00e9ricaines atteint d\u00e9sormais 11,4 ans ? C'est un chiffre record depuis que la firme de <a href=\"https:\/\/www.spglobal.com\/en\/enterprise\/btp\/Polk.html\">conseil Polk<\/a> a commenc\u00e9 \u00e0 compiler des statistiques sur l'anciennet\u00e9 du parc automobile am\u00e9ricain en 1995. Mais pourquoi cette tendance \u00e0 la hausse ? Vous le d\u00e9couvrirez dans le prochain chapitre.<\/p>\n\n\n\n<h3 class=\"wp-block-heading\">L'\u00e9volution du parc automobile am\u00e9ricain en chiffres<\/h3>\n\n\n<div class=\"wp-block-image\">\n<figure class=\"aligncenter size-full\"><a href=\"http:\/\/www.carideal.com\/blog\/wp-content\/uploads\/2023\/08\/parcautomobileamericainagemoyencaridealactualits-1382616340.jpg\"><img loading=\"lazy\" decoding=\"async\" width=\"568\" height=\"379\" src=\"http:\/\/www.carideal.com\/blog\/wp-content\/uploads\/2023\/08\/parcautomobileamericainagemoyencaridealactualits-1382616340.jpg\" alt=\"Parc automobile am\u00e9ricain\" class=\"wp-image-26924\" srcset=\"https:\/\/www.carideal.com\/blog\/wp-content\/uploads\/2023\/08\/parcautomobileamericainagemoyencaridealactualits-1382616340.jpg 568w, https:\/\/www.carideal.com\/blog\/wp-content\/uploads\/2023\/08\/parcautomobileamericainagemoyencaridealactualits-1382616340-300x200.jpg 300w, https:\/\/www.carideal.com\/blog\/wp-content\/uploads\/2023\/08\/parcautomobileamericainagemoyencaridealactualits-1382616340-50x33.jpg 50w, https:\/\/www.carideal.com\/blog\/wp-content\/uploads\/2023\/08\/parcautomobileamericainagemoyencaridealactualits-1382616340-110x73.jpg 110w, https:\/\/www.carideal.com\/blog\/wp-content\/uploads\/2023\/08\/parcautomobileamericainagemoyencaridealactualits-1382616340-420x280.jpg 420w, https:\/\/www.carideal.com\/blog\/wp-content\/uploads\/2023\/08\/parcautomobileamericainagemoyencaridealactualits-1382616340-272x182.jpg 272w\" sizes=\"(max-width: 568px) 100vw, 568px\" \/><\/a><figcaption class=\"wp-element-caption\">Parc automobile am\u00e9ricain<\/figcaption><\/figure><\/div>\n\n\n<p>En 2013, il y avait 247 millions de voitures et de camions l\u00e9gers (<a href=\"http:\/\/www.carideal.com\/blog\/2019\/08\/20\/meilleurs-pick-up-2019\/\">pick-ups<\/a>) en circulation aux \u00c9tats-Unis, se rapprochant du record de 250 millions atteint en 2008. Polk pr\u00e9voit que le parc automobile atteindra les 260 millions de v\u00e9hicules d'ici 2018. Quels facteurs ont contribu\u00e9 \u00e0 cette croissance ? La r\u00e9ponse vous attend dans le chapitre suivant.<\/p>\n\n\n\n<h3 class=\"wp-block-heading\">La r\u00e9cession et la qualit\u00e9 des v\u00e9hicules, des facteurs d\u00e9terminants<\/h3>\n\n\n\n<p>Le vieillissement du parc automobile s'explique principalement par deux facteurs. D'une part, <strong>la qualit\u00e9 des v\u00e9hicules s'est am\u00e9lior\u00e9e<\/strong>, ce qui fait que les automobilistes conservent leurs voitures plus longtemps. D'autre part, <strong>la r\u00e9cession<\/strong> a r\u00e9duit les d\u00e9penses de consommation, incitant les gens \u00e0 garder leurs v\u00e9hicules plus longtemps. Avant la r\u00e9cession, l'\u00e2ge moyen des v\u00e9hicules \u00e9tait de 10 ans. Mais quelles sont les cons\u00e9quences de cette tendance sur la consommation et l'industrie automobile ? Vous le saurez en lisant le chapitre suivant.<\/p>\n\n\n\n<h3 class=\"wp-block-heading\">Impacts sur la consommation et l'industrie automobile<\/h3>\n\n\n\n<p>Avec un parc automobile vieillissant, les conducteurs sont plus enclins \u00e0 investir dans l'entretien et la r\u00e9paration de leurs v\u00e9hicules, ce qui peut modifier les habitudes de consommation. De plus, l'industrie automobile doit s'adapter pour r\u00e9pondre \u00e0 cette nouvelle r\u00e9alit\u00e9 et continuer \u00e0 innover pour s\u00e9duire les consommateurs. Quelles perspectives pour l'avenir ? D\u00e9couvrez-le dans le dernier chapitre.<\/p>\n\n\n\n<h2 class=\"wp-block-heading\">L'avenir du parc automobile am\u00e9ricain<\/h2>\n\n\n\n<p>Les pr\u00e9visions de Polk sugg\u00e8rent une croissance continue du parc automobile am\u00e9ricain, atteignant 260 millions de v\u00e9hicules d'ici 2018. Les constructeurs automobiles devront relever de nouveaux d\u00e9fis pour r\u00e9pondre aux attentes des consommateurs, tout en \u00e9tant attentifs aux \u00e9volutions \u00e9conomiques et environnementales. Le parc automobile am\u00e9ricain est en pleine mutation, et son avenir semble riche en opportunit\u00e9s et en enjeux. Restez \u00e0 l'aff\u00fbt pour suivre les rebondissements de cette \u00e9volution fascinante !<\/p>\n","protected":false},"excerpt":{"rendered":"<p>L&rsquo;essor du parc automobile am\u00e9ricain : Tendances, d\u00e9fis et opportunit\u00e9s : 11.4 ans de moyenne d&rsquo;\u00e2ge Le parc Automobile am\u00e9ricain a 11.4 ans d&rsquo;\u00e2ge moyen. Il n&rsquo;a jamais \u00e9t\u00e9 aussi vieux, il a vieilli de 2 mois en 1 an.\u00c0 titre de comparaison, le parc automobile fran\u00e7ais a 8.3 ans. L&rsquo;\u00e2ge moyen des v\u00e9hicules aux &#8230; <a title=\"Le parc automobile am\u00e9ricain a 11.4 ans d&rsquo;\u00e2ge moyen\" class=\"read-more\" href=\"https:\/\/www.carideal.com\/blog\/2013\/10\/23\/le-parc-automobile-americain-a-114-ans-d-age-moyen\/\" aria-label=\"En savoir plus sur Le parc automobile am\u00e9ricain a 11.4 ans d&rsquo;\u00e2ge moyen\">Lire plus<\/a><\/p>\n","protected":false},"author":3,"featured_media":26925,"comment_status":"open","ping_status":"open","sticky":false,"template":"","format":"standard","meta":{"_uag_custom_page_level_css":"","_themeisle_gutenberg_block_has_review":false,"footnotes":""},"categories":[21,10],"tags":[],"class_list":["post-5289","post","type-post","status-publish","format-standard","has-post-thumbnail","hentry","category-actualites-auto","category-marche-automobile-voiture-neuve-occasion-4x4-suv"],"wppr_data":{"cwp_meta_box_check":"No"},"yoast_head":"<!-- This site is optimized with the Yoast SEO plugin v24.8.1 - https:\/\/yoast.com\/wordpress\/plugins\/seo\/ -->\n<title>Le parc automobile am\u00e9ricain a 11.4 ans d&#039;\u00e2ge moyen - Blog auto Carid\u00e9al<\/title>\n<meta name=\"description\" content=\"Le parc Automobile am\u00e9ricain a 11.4 ans d&#039;\u00e2ge moyen. Il n&#039;a jamais \u00e9t\u00e9 aussi vieux, il a vieilli de 2 mois en 1 an.\" \/>\n<meta name=\"robots\" content=\"index, follow, max-snippet:-1, max-image-preview:large, max-video-preview:-1\" \/>\n<link rel=\"canonical\" href=\"https:\/\/www.carideal.com\/blog\/2013\/10\/23\/le-parc-automobile-americain-a-114-ans-d-age-moyen\/\" \/>\n<meta property=\"og:locale\" content=\"fr_FR\" \/>\n<meta property=\"og:type\" content=\"article\" \/>\n<meta property=\"og:title\" content=\"Le parc automobile am\u00e9ricain a 11.4 ans d&#039;\u00e2ge moyen - Blog auto Carid\u00e9al\" \/>\n<meta property=\"og:description\" content=\"Le parc Automobile am\u00e9ricain a 11.4 ans d&#039;\u00e2ge moyen. Il n&#039;a jamais \u00e9t\u00e9 aussi vieux, il a vieilli de 2 mois en 1 an.\" \/>\n<meta property=\"og:url\" content=\"https:\/\/www.carideal.com\/blog\/2013\/10\/23\/le-parc-automobile-americain-a-114-ans-d-age-moyen\/\" \/>\n<meta property=\"og:site_name\" content=\"Blog auto Carid\u00e9al\" \/>\n<meta property=\"article:publisher\" content=\"https:\/\/www.facebook.com\/Carideal.mandataire.automobile\" \/>\n<meta property=\"article:author\" content=\"https:\/\/www.facebook.com\/nicolas.schiavon.39\" \/>\n<meta property=\"article:published_time\" content=\"2013-10-23T22:00:00+00:00\" \/>\n<meta property=\"article:modified_time\" content=\"2023-08-20T09:34:53+00:00\" \/>\n<meta property=\"og:image\" content=\"https:\/\/www.carideal.com\/blog\/wp-content\/uploads\/2013\/10\/parc-automobile-americain-2013.webp\" \/>\n\t<meta property=\"og:image:width\" content=\"1280\" \/>\n\t<meta property=\"og:image:height\" content=\"820\" \/>\n\t<meta property=\"og:image:type\" content=\"image\/webp\" \/>\n<meta name=\"author\" content=\"Nicolas SCHIAVON\" \/>\n<meta name=\"twitter:card\" content=\"summary_large_image\" \/>\n<meta name=\"twitter:creator\" content=\"@caridealauto\" \/>\n<meta name=\"twitter:site\" content=\"@caridealauto\" \/>\n<meta name=\"twitter:label1\" content=\"\u00c9crit par\" \/>\n\t<meta name=\"twitter:data1\" content=\"Nicolas SCHIAVON\" \/>\n\t<meta name=\"twitter:label2\" content=\"Dur\u00e9e de lecture estim\u00e9e\" \/>\n\t<meta name=\"twitter:data2\" content=\"3 minutes\" \/>\n<script type=\"application\/ld+json\" class=\"yoast-schema-graph\">{\"@context\":\"https:\/\/schema.org\",\"@graph\":[{\"@type\":\"Article\",\"@id\":\"https:\/\/www.carideal.com\/blog\/2013\/10\/23\/le-parc-automobile-americain-a-114-ans-d-age-moyen\/#article\",\"isPartOf\":{\"@id\":\"https:\/\/www.carideal.com\/blog\/2013\/10\/23\/le-parc-automobile-americain-a-114-ans-d-age-moyen\/\"},\"author\":{\"name\":\"Nicolas SCHIAVON\",\"@id\":\"https:\/\/www.carideal.com\/blog\/#\/schema\/person\/cd95dc7919660de90d31b366f85be1ec\"},\"headline\":\"Le parc automobile am\u00e9ricain a 11.4 ans d&rsquo;\u00e2ge moyen\",\"datePublished\":\"2013-10-23T22:00:00+00:00\",\"dateModified\":\"2023-08-20T09:34:53+00:00\",\"mainEntityOfPage\":{\"@id\":\"https:\/\/www.carideal.com\/blog\/2013\/10\/23\/le-parc-automobile-americain-a-114-ans-d-age-moyen\/\"},\"wordCount\":447,\"commentCount\":0,\"publisher\":{\"@id\":\"https:\/\/www.carideal.com\/blog\/#organization\"},\"image\":{\"@id\":\"https:\/\/www.carideal.com\/blog\/2013\/10\/23\/le-parc-automobile-americain-a-114-ans-d-age-moyen\/#primaryimage\"},\"thumbnailUrl\":\"https:\/\/www.carideal.com\/blog\/wp-content\/uploads\/2013\/10\/parc-automobile-americain-2013.webp\",\"articleSection\":[\"Actualit\u00e9 automobile\",\"March\u00e9 automobile\"],\"inLanguage\":\"fr-FR\",\"potentialAction\":[{\"@type\":\"CommentAction\",\"name\":\"Comment\",\"target\":[\"https:\/\/www.carideal.com\/blog\/2013\/10\/23\/le-parc-automobile-americain-a-114-ans-d-age-moyen\/#respond\"]}]},{\"@type\":\"WebPage\",\"@id\":\"https:\/\/www.carideal.com\/blog\/2013\/10\/23\/le-parc-automobile-americain-a-114-ans-d-age-moyen\/\",\"url\":\"https:\/\/www.carideal.com\/blog\/2013\/10\/23\/le-parc-automobile-americain-a-114-ans-d-age-moyen\/\",\"name\":\"Le parc automobile am\u00e9ricain a 11.4 ans d'\u00e2ge moyen - Blog auto Carid\u00e9al\",\"isPartOf\":{\"@id\":\"https:\/\/www.carideal.com\/blog\/#website\"},\"primaryImageOfPage\":{\"@id\":\"https:\/\/www.carideal.com\/blog\/2013\/10\/23\/le-parc-automobile-americain-a-114-ans-d-age-moyen\/#primaryimage\"},\"image\":{\"@id\":\"https:\/\/www.carideal.com\/blog\/2013\/10\/23\/le-parc-automobile-americain-a-114-ans-d-age-moyen\/#primaryimage\"},\"thumbnailUrl\":\"https:\/\/www.carideal.com\/blog\/wp-content\/uploads\/2013\/10\/parc-automobile-americain-2013.webp\",\"datePublished\":\"2013-10-23T22:00:00+00:00\",\"dateModified\":\"2023-08-20T09:34:53+00:00\",\"description\":\"Le parc Automobile am\u00e9ricain a 11.4 ans d'\u00e2ge moyen. Il n'a jamais \u00e9t\u00e9 aussi vieux, il a vieilli de 2 mois en 1 an.\",\"breadcrumb\":{\"@id\":\"https:\/\/www.carideal.com\/blog\/2013\/10\/23\/le-parc-automobile-americain-a-114-ans-d-age-moyen\/#breadcrumb\"},\"inLanguage\":\"fr-FR\",\"potentialAction\":[{\"@type\":\"ReadAction\",\"target\":[\"https:\/\/www.carideal.com\/blog\/2013\/10\/23\/le-parc-automobile-americain-a-114-ans-d-age-moyen\/\"]}]},{\"@type\":\"ImageObject\",\"inLanguage\":\"fr-FR\",\"@id\":\"https:\/\/www.carideal.com\/blog\/2013\/10\/23\/le-parc-automobile-americain-a-114-ans-d-age-moyen\/#primaryimage\",\"url\":\"https:\/\/www.carideal.com\/blog\/wp-content\/uploads\/2013\/10\/parc-automobile-americain-2013.webp\",\"contentUrl\":\"https:\/\/www.carideal.com\/blog\/wp-content\/uploads\/2013\/10\/parc-automobile-americain-2013.webp\",\"width\":1280,\"height\":820,\"caption\":\"Le parc automobile am\u00e9ricain a 11.4 ans d'\u00e2ge moyen\"},{\"@type\":\"BreadcrumbList\",\"@id\":\"https:\/\/www.carideal.com\/blog\/2013\/10\/23\/le-parc-automobile-americain-a-114-ans-d-age-moyen\/#breadcrumb\",\"itemListElement\":[{\"@type\":\"ListItem\",\"position\":1,\"name\":\"Blog Carid\u00e9al\",\"item\":\"https:\/\/www.carideal.com\/blog\/\"},{\"@type\":\"ListItem\",\"position\":2,\"name\":\"Actualit\u00e9 automobile\",\"item\":\"https:\/\/www.carideal.com\/blog\/actualites-auto\/\"},{\"@type\":\"ListItem\",\"position\":3,\"name\":\"Le parc automobile am\u00e9ricain a 11.4 ans d&rsquo;\u00e2ge moyen\"}]},{\"@type\":\"WebSite\",\"@id\":\"https:\/\/www.carideal.com\/blog\/#website\",\"url\":\"https:\/\/www.carideal.com\/blog\/\",\"name\":\"Blog auto Carid\u00e9al\",\"description\":\"Actualit\u00e9 auto par des passionn\u00e9s\",\"publisher\":{\"@id\":\"https:\/\/www.carideal.com\/blog\/#organization\"},\"potentialAction\":[{\"@type\":\"SearchAction\",\"target\":{\"@type\":\"EntryPoint\",\"urlTemplate\":\"https:\/\/www.carideal.com\/blog\/?s={search_term_string}\"},\"query-input\":{\"@type\":\"PropertyValueSpecification\",\"valueRequired\":true,\"valueName\":\"search_term_string\"}}],\"inLanguage\":\"fr-FR\"},{\"@type\":\"Organization\",\"@id\":\"https:\/\/www.carideal.com\/blog\/#organization\",\"name\":\"Carideal\",\"url\":\"https:\/\/www.carideal.com\/blog\/\",\"logo\":{\"@type\":\"ImageObject\",\"inLanguage\":\"fr-FR\",\"@id\":\"https:\/\/www.carideal.com\/blog\/#\/schema\/logo\/image\/\",\"url\":\"http:\/\/www.carideal.com\/blog\/wp-content\/uploads\/2016\/03\/logo-carideal-mandataire-automobile.png\",\"contentUrl\":\"http:\/\/www.carideal.com\/blog\/wp-content\/uploads\/2016\/03\/logo-carideal-mandataire-automobile.png\",\"width\":300,\"height\":300,\"caption\":\"Carideal\"},\"image\":{\"@id\":\"https:\/\/www.carideal.com\/blog\/#\/schema\/logo\/image\/\"},\"sameAs\":[\"https:\/\/www.facebook.com\/Carideal.mandataire.automobile\",\"https:\/\/x.com\/caridealauto\",\"https:\/\/www.instagram.com\/carideal1\/\",\"https:\/\/www.linkedin.com\/company\/carideal.com\",\"https:\/\/fr.pinterest.com\/schiavonsas\/\",\"https:\/\/www.youtube.com\/user\/caridealsas\"]},{\"@type\":\"Person\",\"@id\":\"https:\/\/www.carideal.com\/blog\/#\/schema\/person\/cd95dc7919660de90d31b366f85be1ec\",\"name\":\"Nicolas SCHIAVON\",\"image\":{\"@type\":\"ImageObject\",\"inLanguage\":\"fr-FR\",\"@id\":\"https:\/\/www.carideal.com\/blog\/#\/schema\/person\/image\/\",\"url\":\"https:\/\/secure.gravatar.com\/avatar\/c17e55009e671d92cc7f5dc837dc418a?s=96&r=g\",\"contentUrl\":\"https:\/\/secure.gravatar.com\/avatar\/c17e55009e671d92cc7f5dc837dc418a?s=96&r=g\",\"caption\":\"Nicolas SCHIAVON\"},\"description\":\"Nicolas Schiavon est tomb\u00e9 tout petit dans la marmite automobile. Ayant eu un garage de marque automobile, mandataire automobile de la premi\u00e8re heure d\u00e8s 1999. Nicolas a cr\u00e9\u00e9 ces premiers sites de vente de voiture et blog automobile d\u00e8s 1994. Carideal est n\u00e9 le 15 d\u00e9cembre 2000 de la volont\u00e9 de vendre des voitures d'occasions en ligne puis des voitures neuves. Il a pu essayer beaucoup de voitures tr\u00e8s diff\u00e9rentes et ayant eu personnellement quelques belles autos, Subaru Impreza, Mitsubishi Lancer Evo 7, Porsche 911, Ferrari Testarrossa, Audi RS3, RS4 et j'en passe...\",\"sameAs\":[\"http:\/\/www.carideal.com\",\"https:\/\/www.facebook.com\/nicolas.schiavon.39\",\"https:\/\/www.instagram.com\/carideal1\/\",\"https:\/\/www.linkedin.com\/in\/nschiavon\/\",\"https:\/\/x.com\/caridealauto\",\"https:\/\/www.youtube.com\/user\/caridealsas\/\"],\"url\":\"https:\/\/www.carideal.com\/blog\/author\/nschiavon\/\"}]}<\/script>\n<!-- \/ Yoast SEO plugin. -->","yoast_head_json":{"title":"Le parc automobile am\u00e9ricain a 11.4 ans d'\u00e2ge moyen - Blog auto Carid\u00e9al","description":"Le parc Automobile am\u00e9ricain a 11.4 ans d'\u00e2ge moyen. Il n'a jamais \u00e9t\u00e9 aussi vieux, il a vieilli de 2 mois en 1 an.","robots":{"index":"index","follow":"follow","max-snippet":"max-snippet:-1","max-image-preview":"max-image-preview:large","max-video-preview":"max-video-preview:-1"},"canonical":"https:\/\/www.carideal.com\/blog\/2013\/10\/23\/le-parc-automobile-americain-a-114-ans-d-age-moyen\/","og_locale":"fr_FR","og_type":"article","og_title":"Le parc automobile am\u00e9ricain a 11.4 ans d'\u00e2ge moyen - Blog auto Carid\u00e9al","og_description":"Le parc Automobile am\u00e9ricain a 11.4 ans d'\u00e2ge moyen. Il n'a jamais \u00e9t\u00e9 aussi vieux, il a vieilli de 2 mois en 1 an.","og_url":"https:\/\/www.carideal.com\/blog\/2013\/10\/23\/le-parc-automobile-americain-a-114-ans-d-age-moyen\/","og_site_name":"Blog auto Carid\u00e9al","article_publisher":"https:\/\/www.facebook.com\/Carideal.mandataire.automobile","article_author":"https:\/\/www.facebook.com\/nicolas.schiavon.39","article_published_time":"2013-10-23T22:00:00+00:00","article_modified_time":"2023-08-20T09:34:53+00:00","og_image":[{"width":1280,"height":820,"url":"https:\/\/www.carideal.com\/blog\/wp-content\/uploads\/2013\/10\/parc-automobile-americain-2013.webp","type":"image\/webp"}],"author":"Nicolas SCHIAVON","twitter_card":"summary_large_image","twitter_creator":"@caridealauto","twitter_site":"@caridealauto","twitter_misc":{"\u00c9crit par":"Nicolas SCHIAVON","Dur\u00e9e de lecture estim\u00e9e":"3 minutes"},"schema":{"@context":"https:\/\/schema.org","@graph":[{"@type":"Article","@id":"https:\/\/www.carideal.com\/blog\/2013\/10\/23\/le-parc-automobile-americain-a-114-ans-d-age-moyen\/#article","isPartOf":{"@id":"https:\/\/www.carideal.com\/blog\/2013\/10\/23\/le-parc-automobile-americain-a-114-ans-d-age-moyen\/"},"author":{"name":"Nicolas SCHIAVON","@id":"https:\/\/www.carideal.com\/blog\/#\/schema\/person\/cd95dc7919660de90d31b366f85be1ec"},"headline":"Le parc automobile am\u00e9ricain a 11.4 ans d&rsquo;\u00e2ge moyen","datePublished":"2013-10-23T22:00:00+00:00","dateModified":"2023-08-20T09:34:53+00:00","mainEntityOfPage":{"@id":"https:\/\/www.carideal.com\/blog\/2013\/10\/23\/le-parc-automobile-americain-a-114-ans-d-age-moyen\/"},"wordCount":447,"commentCount":0,"publisher":{"@id":"https:\/\/www.carideal.com\/blog\/#organization"},"image":{"@id":"https:\/\/www.carideal.com\/blog\/2013\/10\/23\/le-parc-automobile-americain-a-114-ans-d-age-moyen\/#primaryimage"},"thumbnailUrl":"https:\/\/www.carideal.com\/blog\/wp-content\/uploads\/2013\/10\/parc-automobile-americain-2013.webp","articleSection":["Actualit\u00e9 automobile","March\u00e9 automobile"],"inLanguage":"fr-FR","potentialAction":[{"@type":"CommentAction","name":"Comment","target":["https:\/\/www.carideal.com\/blog\/2013\/10\/23\/le-parc-automobile-americain-a-114-ans-d-age-moyen\/#respond"]}]},{"@type":"WebPage","@id":"https:\/\/www.carideal.com\/blog\/2013\/10\/23\/le-parc-automobile-americain-a-114-ans-d-age-moyen\/","url":"https:\/\/www.carideal.com\/blog\/2013\/10\/23\/le-parc-automobile-americain-a-114-ans-d-age-moyen\/","name":"Le parc automobile am\u00e9ricain a 11.4 ans d'\u00e2ge moyen - Blog auto Carid\u00e9al","isPartOf":{"@id":"https:\/\/www.carideal.com\/blog\/#website"},"primaryImageOfPage":{"@id":"https:\/\/www.carideal.com\/blog\/2013\/10\/23\/le-parc-automobile-americain-a-114-ans-d-age-moyen\/#primaryimage"},"image":{"@id":"https:\/\/www.carideal.com\/blog\/2013\/10\/23\/le-parc-automobile-americain-a-114-ans-d-age-moyen\/#primaryimage"},"thumbnailUrl":"https:\/\/www.carideal.com\/blog\/wp-content\/uploads\/2013\/10\/parc-automobile-americain-2013.webp","datePublished":"2013-10-23T22:00:00+00:00","dateModified":"2023-08-20T09:34:53+00:00","description":"Le parc Automobile am\u00e9ricain a 11.4 ans d'\u00e2ge moyen. Il n'a jamais \u00e9t\u00e9 aussi vieux, il a vieilli de 2 mois en 1 an.","breadcrumb":{"@id":"https:\/\/www.carideal.com\/blog\/2013\/10\/23\/le-parc-automobile-americain-a-114-ans-d-age-moyen\/#breadcrumb"},"inLanguage":"fr-FR","potentialAction":[{"@type":"ReadAction","target":["https:\/\/www.carideal.com\/blog\/2013\/10\/23\/le-parc-automobile-americain-a-114-ans-d-age-moyen\/"]}]},{"@type":"ImageObject","inLanguage":"fr-FR","@id":"https:\/\/www.carideal.com\/blog\/2013\/10\/23\/le-parc-automobile-americain-a-114-ans-d-age-moyen\/#primaryimage","url":"https:\/\/www.carideal.com\/blog\/wp-content\/uploads\/2013\/10\/parc-automobile-americain-2013.webp","contentUrl":"https:\/\/www.carideal.com\/blog\/wp-content\/uploads\/2013\/10\/parc-automobile-americain-2013.webp","width":1280,"height":820,"caption":"Le parc automobile am\u00e9ricain a 11.4 ans d'\u00e2ge moyen"},{"@type":"BreadcrumbList","@id":"https:\/\/www.carideal.com\/blog\/2013\/10\/23\/le-parc-automobile-americain-a-114-ans-d-age-moyen\/#breadcrumb","itemListElement":[{"@type":"ListItem","position":1,"name":"Blog Carid\u00e9al","item":"https:\/\/www.carideal.com\/blog\/"},{"@type":"ListItem","position":2,"name":"Actualit\u00e9 automobile","item":"https:\/\/www.carideal.com\/blog\/actualites-auto\/"},{"@type":"ListItem","position":3,"name":"Le parc automobile am\u00e9ricain a 11.4 ans d&rsquo;\u00e2ge moyen"}]},{"@type":"WebSite","@id":"https:\/\/www.carideal.com\/blog\/#website","url":"https:\/\/www.carideal.com\/blog\/","name":"Blog auto Carid\u00e9al","description":"Actualit\u00e9 auto par des passionn\u00e9s","publisher":{"@id":"https:\/\/www.carideal.com\/blog\/#organization"},"potentialAction":[{"@type":"SearchAction","target":{"@type":"EntryPoint","urlTemplate":"https:\/\/www.carideal.com\/blog\/?s={search_term_string}"},"query-input":{"@type":"PropertyValueSpecification","valueRequired":true,"valueName":"search_term_string"}}],"inLanguage":"fr-FR"},{"@type":"Organization","@id":"https:\/\/www.carideal.com\/blog\/#organization","name":"Carideal","url":"https:\/\/www.carideal.com\/blog\/","logo":{"@type":"ImageObject","inLanguage":"fr-FR","@id":"https:\/\/www.carideal.com\/blog\/#\/schema\/logo\/image\/","url":"http:\/\/www.carideal.com\/blog\/wp-content\/uploads\/2016\/03\/logo-carideal-mandataire-automobile.png","contentUrl":"http:\/\/www.carideal.com\/blog\/wp-content\/uploads\/2016\/03\/logo-carideal-mandataire-automobile.png","width":300,"height":300,"caption":"Carideal"},"image":{"@id":"https:\/\/www.carideal.com\/blog\/#\/schema\/logo\/image\/"},"sameAs":["https:\/\/www.facebook.com\/Carideal.mandataire.automobile","https:\/\/x.com\/caridealauto","https:\/\/www.instagram.com\/carideal1\/","https:\/\/www.linkedin.com\/company\/carideal.com","https:\/\/fr.pinterest.com\/schiavonsas\/","https:\/\/www.youtube.com\/user\/caridealsas"]},{"@type":"Person","@id":"https:\/\/www.carideal.com\/blog\/#\/schema\/person\/cd95dc7919660de90d31b366f85be1ec","name":"Nicolas SCHIAVON","image":{"@type":"ImageObject","inLanguage":"fr-FR","@id":"https:\/\/www.carideal.com\/blog\/#\/schema\/person\/image\/","url":"https:\/\/secure.gravatar.com\/avatar\/c17e55009e671d92cc7f5dc837dc418a?s=96&r=g","contentUrl":"https:\/\/secure.gravatar.com\/avatar\/c17e55009e671d92cc7f5dc837dc418a?s=96&r=g","caption":"Nicolas SCHIAVON"},"description":"Nicolas Schiavon est tomb\u00e9 tout petit dans la marmite automobile. Ayant eu un garage de marque automobile, mandataire automobile de la premi\u00e8re heure d\u00e8s 1999. Nicolas a cr\u00e9\u00e9 ces premiers sites de vente de voiture et blog automobile d\u00e8s 1994. Carideal est n\u00e9 le 15 d\u00e9cembre 2000 de la volont\u00e9 de vendre des voitures d'occasions en ligne puis des voitures neuves. Il a pu essayer beaucoup de voitures tr\u00e8s diff\u00e9rentes et ayant eu personnellement quelques belles autos, Subaru Impreza, Mitsubishi Lancer Evo 7, Porsche 911, Ferrari Testarrossa, Audi RS3, RS4 et j'en passe...","sameAs":["http:\/\/www.carideal.com","https:\/\/www.facebook.com\/nicolas.schiavon.39","https:\/\/www.instagram.com\/carideal1\/","https:\/\/www.linkedin.com\/in\/nschiavon\/","https:\/\/x.com\/caridealauto","https:\/\/www.youtube.com\/user\/caridealsas\/"],"url":"https:\/\/www.carideal.com\/blog\/author\/nschiavon\/"}]}},"uagb_featured_image_src":{"full":["https:\/\/www.carideal.com\/blog\/wp-content\/uploads\/2013\/10\/parc-automobile-americain-2013.webp",1280,820,false],"thumbnail":["https:\/\/www.carideal.com\/blog\/wp-content\/uploads\/2013\/10\/parc-automobile-americain-2013-150x150.webp",150,150,true],"medium":["https:\/\/www.carideal.com\/blog\/wp-content\/uploads\/2013\/10\/parc-automobile-americain-2013-300x192.webp",300,192,true],"medium_large":["https:\/\/www.carideal.com\/blog\/wp-content\/uploads\/2013\/10\/parc-automobile-americain-2013-768x492.webp",768,492,true],"large":["https:\/\/www.carideal.com\/blog\/wp-content\/uploads\/2013\/10\/parc-automobile-americain-2013-1024x656.webp",1024,656,true],"1536x1536":["https:\/\/www.carideal.com\/blog\/wp-content\/uploads\/2013\/10\/parc-automobile-americain-2013.webp",1280,820,false],"2048x2048":["https:\/\/www.carideal.com\/blog\/wp-content\/uploads\/2013\/10\/parc-automobile-americain-2013.webp",1280,820,false],"wppr-widget":["https:\/\/www.carideal.com\/blog\/wp-content\/uploads\/2013\/10\/parc-automobile-americain-2013-50x32.webp",50,32,true]},"uagb_author_info":{"display_name":"Nicolas SCHIAVON","author_link":"https:\/\/www.carideal.com\/blog\/author\/nschiavon\/"},"uagb_comment_info":1,"uagb_excerpt":"L'essor du parc automobile am\u00e9ricain : Tendances, d\u00e9fis et opportunit\u00e9s : 11.4 ans de moyenne d'\u00e2ge Le parc Automobile am\u00e9ricain a 11.4 ans d'\u00e2ge moyen. Il n'a jamais \u00e9t\u00e9 aussi vieux, il a vieilli de 2 mois en 1 an.\u00c0 titre de comparaison, le parc automobile fran\u00e7ais a 8.3 ans. L'\u00e2ge moyen des v\u00e9hicules aux\u2026","_links":{"self":[{"href":"https:\/\/www.carideal.com\/blog\/wp-json\/wp\/v2\/posts\/5289"}],"collection":[{"href":"https:\/\/www.carideal.com\/blog\/wp-json\/wp\/v2\/posts"}],"about":[{"href":"https:\/\/www.carideal.com\/blog\/wp-json\/wp\/v2\/types\/post"}],"author":[{"embeddable":true,"href":"https:\/\/www.carideal.com\/blog\/wp-json\/wp\/v2\/users\/3"}],"replies":[{"embeddable":true,"href":"https:\/\/www.carideal.com\/blog\/wp-json\/wp\/v2\/comments?post=5289"}],"version-history":[{"count":0,"href":"https:\/\/www.carideal.com\/blog\/wp-json\/wp\/v2\/posts\/5289\/revisions"}],"wp:featuredmedia":[{"embeddable":true,"href":"https:\/\/www.carideal.com\/blog\/wp-json\/wp\/v2\/media\/26925"}],"wp:attachment":[{"href":"https:\/\/www.carideal.com\/blog\/wp-json\/wp\/v2\/media?parent=5289"}],"wp:term":[{"taxonomy":"category","embeddable":true,"href":"https:\/\/www.carideal.com\/blog\/wp-json\/wp\/v2\/categories?post=5289"},{"taxonomy":"post_tag","embeddable":true,"href":"https:\/\/www.carideal.com\/blog\/wp-json\/wp\/v2\/tags?post=5289"}],"curies":[{"name":"wp","href":"https:\/\/api.w.org\/{rel}","templated":true}]}}