{"id":5287,"date":"2013-10-21T22:00:00","date_gmt":"2013-10-21T22:00:00","guid":{"rendered":"http:\/\/www.carideal.com\/blog\/2013\/10\/21\/succes-de-la-toyota-yaris-hybride\/"},"modified":"2017-01-07T14:12:46","modified_gmt":"2017-01-07T13:12:46","slug":"succes-de-la-toyota-yaris-hybride","status":"publish","type":"post","link":"https:\/\/www.carideal.com\/blog\/2013\/10\/21\/succes-de-la-toyota-yaris-hybride\/","title":{"rendered":"Succes de la Toyota Yaris Hybride"},"content":{"rendered":"<div><img decoding=\"async\" src=\"http:\/\/www.carideal.com\/images_actualite\/toyotayarishybridecaridealactualits-1382440911.jpg\" \/><\/p>\n<h1><strong>Succ\u00e8s de la Toyota Yaris hybride<\/strong><\/h1>\n<\/div>\n<p>Succ\u00e8s de la <a href=\"http:\/\/www.carideal.com\/blog\/marque-de-voiture-actualites-essais\/toyota\/\">Toyota<\/a> Yaris hybride. Sur les six premiers mois de l'ann\u00e9e, la motorisation hybride a d\u00e9pass\u00e9 les 1% des parts de march\u00e9, ce qui repr\u00e9sente 23058 v\u00e9hicules. Ceci est en grande partie du \u00e0 un seul mod\u00e8le, la Toyota Yaris hybride. Il s'en est vendu 6283 sur le premier semestre, ce qui est quasiment 50% de Toyota Hybride. La Yaris hybride est la plus vendu, 42.4% des Yaris contre 39% pour la version \u00e0 essence, et 18% des diesels. Pas \u00e9tonnant non plus quand le client r\u00e9cup\u00e8re 2000 \u20ac de bonus.<br \/>\nPSA loin derri\u00e8re, avec <a href=\"http:\/\/www.carideal.com\/blog\/marque-de-voiture-actualites-essais\/peugeot\/\">Peugeot<\/a> qui a vendu 5704 hybrides sur les 6 premiers mois de l'ann\u00e9e, 3244 <a href=\"http:\/\/www.carideal.com\/blog\/2012\/02\/18\/peugeot-3008-hybrid4-2\/\">3008 Hybrid4<\/a> et le reste en 508.<br \/>\n<a href=\"http:\/\/www.carideal.com\/blog\/marque-de-voiture-actualites-essais\/citroen\/\">Citroen<\/a> vend beaucoup moins de voitures hybrides car elle n'a que la <a href=\"http:\/\/www.carideal.com\/blog\/2013\/03\/13\/citroen-ds5-hybrid4-en-video\/\">DS5 Hybrid4<\/a> \u00e0 plus de 40000 \u20ac.<\/p>\n","protected":false},"excerpt":{"rendered":"<p>Succ\u00e8s de la Toyota Yaris hybride Succ\u00e8s de la Toyota Yaris hybride. Sur les six premiers mois de l&rsquo;ann\u00e9e, la motorisation hybride a d\u00e9pass\u00e9 les 1% des parts de march\u00e9, ce qui repr\u00e9sente 23058 v\u00e9hicules. Ceci est en grande partie du \u00e0 un seul mod\u00e8le, la Toyota Yaris hybride. Il s&rsquo;en est vendu 6283 sur &#8230; <a title=\"Succes de la Toyota Yaris Hybride\" class=\"read-more\" href=\"https:\/\/www.carideal.com\/blog\/2013\/10\/21\/succes-de-la-toyota-yaris-hybride\/\" aria-label=\"En savoir plus sur Succes de la Toyota Yaris Hybride\">Lire plus<\/a><\/p>\n","protected":false},"author":3,"featured_media":0,"comment_status":"open","ping_status":"open","sticky":false,"template":"","format":"standard","meta":{"_uag_custom_page_level_css":"","_themeisle_gutenberg_block_has_review":false,"footnotes":""},"categories":[21,5944,5951,5080,6089],"tags":[],"class_list":["post-5287","post","type-post","status-publish","format-standard","hentry","category-actualites-auto","category-constructeur","category-toyota","category-technologie-2","category-hybride"],"wppr_data":{"cwp_meta_box_check":"No"},"yoast_head":"<!-- This site is optimized with the Yoast SEO plugin v24.8.1 - https:\/\/yoast.com\/wordpress\/plugins\/seo\/ -->\n<title>Succes de la Toyota Yaris Hybride - Blog auto Carid\u00e9al<\/title>\n<meta name=\"robots\" content=\"index, follow, max-snippet:-1, max-image-preview:large, max-video-preview:-1\" \/>\n<link rel=\"canonical\" href=\"https:\/\/www.carideal.com\/blog\/2013\/10\/21\/succes-de-la-toyota-yaris-hybride\/\" \/>\n<meta property=\"og:locale\" content=\"fr_FR\" \/>\n<meta property=\"og:type\" content=\"article\" \/>\n<meta property=\"og:title\" content=\"Succes de la Toyota Yaris Hybride - Blog auto Carid\u00e9al\" \/>\n<meta property=\"og:description\" content=\"Succ\u00e8s de la Toyota Yaris hybride Succ\u00e8s de la Toyota Yaris hybride. Sur les six premiers mois de l&#039;ann\u00e9e, la motorisation hybride a d\u00e9pass\u00e9 les 1% des parts de march\u00e9, ce qui repr\u00e9sente 23058 v\u00e9hicules. Ceci est en grande partie du \u00e0 un seul mod\u00e8le, la Toyota Yaris hybride. Il s&#039;en est vendu 6283 sur ... Lire plus\" \/>\n<meta property=\"og:url\" content=\"https:\/\/www.carideal.com\/blog\/2013\/10\/21\/succes-de-la-toyota-yaris-hybride\/\" \/>\n<meta property=\"og:site_name\" content=\"Blog auto Carid\u00e9al\" \/>\n<meta property=\"article:publisher\" content=\"https:\/\/www.facebook.com\/Carideal.mandataire.automobile\" \/>\n<meta property=\"article:author\" content=\"https:\/\/www.facebook.com\/nicolas.schiavon.39\" \/>\n<meta property=\"article:published_time\" content=\"2013-10-21T22:00:00+00:00\" \/>\n<meta property=\"article:modified_time\" content=\"2017-01-07T13:12:46+00:00\" \/>\n<meta property=\"og:image\" content=\"http:\/\/www.carideal.com\/images_actualite\/toyotayarishybridecaridealactualits-1382440911.jpg\" \/>\n<meta name=\"author\" content=\"Nicolas SCHIAVON\" \/>\n<meta name=\"twitter:card\" content=\"summary_large_image\" \/>\n<meta name=\"twitter:creator\" content=\"@caridealauto\" \/>\n<meta name=\"twitter:site\" content=\"@caridealauto\" \/>\n<meta name=\"twitter:label1\" content=\"\u00c9crit par\" \/>\n\t<meta name=\"twitter:data1\" content=\"Nicolas SCHIAVON\" \/>\n\t<meta name=\"twitter:label2\" content=\"Dur\u00e9e de lecture estim\u00e9e\" \/>\n\t<meta name=\"twitter:data2\" content=\"1 minute\" \/>\n<script type=\"application\/ld+json\" class=\"yoast-schema-graph\">{\"@context\":\"https:\/\/schema.org\",\"@graph\":[{\"@type\":\"Article\",\"@id\":\"https:\/\/www.carideal.com\/blog\/2013\/10\/21\/succes-de-la-toyota-yaris-hybride\/#article\",\"isPartOf\":{\"@id\":\"https:\/\/www.carideal.com\/blog\/2013\/10\/21\/succes-de-la-toyota-yaris-hybride\/\"},\"author\":{\"name\":\"Nicolas SCHIAVON\",\"@id\":\"https:\/\/www.carideal.com\/blog\/#\/schema\/person\/cd95dc7919660de90d31b366f85be1ec\"},\"headline\":\"Succes de la Toyota Yaris Hybride\",\"datePublished\":\"2013-10-21T22:00:00+00:00\",\"dateModified\":\"2017-01-07T13:12:46+00:00\",\"mainEntityOfPage\":{\"@id\":\"https:\/\/www.carideal.com\/blog\/2013\/10\/21\/succes-de-la-toyota-yaris-hybride\/\"},\"wordCount\":141,\"commentCount\":0,\"publisher\":{\"@id\":\"https:\/\/www.carideal.com\/blog\/#organization\"},\"image\":{\"@id\":\"https:\/\/www.carideal.com\/blog\/2013\/10\/21\/succes-de-la-toyota-yaris-hybride\/#primaryimage\"},\"thumbnailUrl\":\"http:\/\/www.carideal.com\/images_actualite\/toyotayarishybridecaridealactualits-1382440911.jpg\",\"articleSection\":[\"Actualit\u00e9 automobile\",\"Actualit\u00e9 Constructeur automobile\",\"Actualit\u00e9 Toyota\",\"Technologie Automobile\",\"Voiture Hybride\"],\"inLanguage\":\"fr-FR\",\"potentialAction\":[{\"@type\":\"CommentAction\",\"name\":\"Comment\",\"target\":[\"https:\/\/www.carideal.com\/blog\/2013\/10\/21\/succes-de-la-toyota-yaris-hybride\/#respond\"]}]},{\"@type\":\"WebPage\",\"@id\":\"https:\/\/www.carideal.com\/blog\/2013\/10\/21\/succes-de-la-toyota-yaris-hybride\/\",\"url\":\"https:\/\/www.carideal.com\/blog\/2013\/10\/21\/succes-de-la-toyota-yaris-hybride\/\",\"name\":\"Succes de la Toyota Yaris Hybride - Blog auto Carid\u00e9al\",\"isPartOf\":{\"@id\":\"https:\/\/www.carideal.com\/blog\/#website\"},\"primaryImageOfPage\":{\"@id\":\"https:\/\/www.carideal.com\/blog\/2013\/10\/21\/succes-de-la-toyota-yaris-hybride\/#primaryimage\"},\"image\":{\"@id\":\"https:\/\/www.carideal.com\/blog\/2013\/10\/21\/succes-de-la-toyota-yaris-hybride\/#primaryimage\"},\"thumbnailUrl\":\"http:\/\/www.carideal.com\/images_actualite\/toyotayarishybridecaridealactualits-1382440911.jpg\",\"datePublished\":\"2013-10-21T22:00:00+00:00\",\"dateModified\":\"2017-01-07T13:12:46+00:00\",\"breadcrumb\":{\"@id\":\"https:\/\/www.carideal.com\/blog\/2013\/10\/21\/succes-de-la-toyota-yaris-hybride\/#breadcrumb\"},\"inLanguage\":\"fr-FR\",\"potentialAction\":[{\"@type\":\"ReadAction\",\"target\":[\"https:\/\/www.carideal.com\/blog\/2013\/10\/21\/succes-de-la-toyota-yaris-hybride\/\"]}]},{\"@type\":\"ImageObject\",\"inLanguage\":\"fr-FR\",\"@id\":\"https:\/\/www.carideal.com\/blog\/2013\/10\/21\/succes-de-la-toyota-yaris-hybride\/#primaryimage\",\"url\":\"http:\/\/www.carideal.com\/images_actualite\/toyotayarishybridecaridealactualits-1382440911.jpg\",\"contentUrl\":\"http:\/\/www.carideal.com\/images_actualite\/toyotayarishybridecaridealactualits-1382440911.jpg\"},{\"@type\":\"BreadcrumbList\",\"@id\":\"https:\/\/www.carideal.com\/blog\/2013\/10\/21\/succes-de-la-toyota-yaris-hybride\/#breadcrumb\",\"itemListElement\":[{\"@type\":\"ListItem\",\"position\":1,\"name\":\"Blog Carid\u00e9al\",\"item\":\"https:\/\/www.carideal.com\/blog\/\"},{\"@type\":\"ListItem\",\"position\":2,\"name\":\"Actualit\u00e9 constructeur automobile\",\"item\":\"https:\/\/www.carideal.com\/blog\/constructeur\/\"},{\"@type\":\"ListItem\",\"position\":3,\"name\":\"Actualit\u00e9 Toyota\",\"item\":\"https:\/\/www.carideal.com\/blog\/constructeur\/toyota\/\"},{\"@type\":\"ListItem\",\"position\":4,\"name\":\"Succes de la Toyota Yaris Hybride\"}]},{\"@type\":\"WebSite\",\"@id\":\"https:\/\/www.carideal.com\/blog\/#website\",\"url\":\"https:\/\/www.carideal.com\/blog\/\",\"name\":\"Blog auto Carid\u00e9al\",\"description\":\"Actualit\u00e9 auto par des passionn\u00e9s\",\"publisher\":{\"@id\":\"https:\/\/www.carideal.com\/blog\/#organization\"},\"potentialAction\":[{\"@type\":\"SearchAction\",\"target\":{\"@type\":\"EntryPoint\",\"urlTemplate\":\"https:\/\/www.carideal.com\/blog\/?s={search_term_string}\"},\"query-input\":{\"@type\":\"PropertyValueSpecification\",\"valueRequired\":true,\"valueName\":\"search_term_string\"}}],\"inLanguage\":\"fr-FR\"},{\"@type\":\"Organization\",\"@id\":\"https:\/\/www.carideal.com\/blog\/#organization\",\"name\":\"Carideal\",\"url\":\"https:\/\/www.carideal.com\/blog\/\",\"logo\":{\"@type\":\"ImageObject\",\"inLanguage\":\"fr-FR\",\"@id\":\"https:\/\/www.carideal.com\/blog\/#\/schema\/logo\/image\/\",\"url\":\"http:\/\/www.carideal.com\/blog\/wp-content\/uploads\/2016\/03\/logo-carideal-mandataire-automobile.png\",\"contentUrl\":\"http:\/\/www.carideal.com\/blog\/wp-content\/uploads\/2016\/03\/logo-carideal-mandataire-automobile.png\",\"width\":300,\"height\":300,\"caption\":\"Carideal\"},\"image\":{\"@id\":\"https:\/\/www.carideal.com\/blog\/#\/schema\/logo\/image\/\"},\"sameAs\":[\"https:\/\/www.facebook.com\/Carideal.mandataire.automobile\",\"https:\/\/x.com\/caridealauto\",\"https:\/\/www.instagram.com\/carideal1\/\",\"https:\/\/www.linkedin.com\/company\/carideal.com\",\"https:\/\/fr.pinterest.com\/schiavonsas\/\",\"https:\/\/www.youtube.com\/user\/caridealsas\"]},{\"@type\":\"Person\",\"@id\":\"https:\/\/www.carideal.com\/blog\/#\/schema\/person\/cd95dc7919660de90d31b366f85be1ec\",\"name\":\"Nicolas SCHIAVON\",\"image\":{\"@type\":\"ImageObject\",\"inLanguage\":\"fr-FR\",\"@id\":\"https:\/\/www.carideal.com\/blog\/#\/schema\/person\/image\/\",\"url\":\"https:\/\/secure.gravatar.com\/avatar\/c17e55009e671d92cc7f5dc837dc418a?s=96&r=g\",\"contentUrl\":\"https:\/\/secure.gravatar.com\/avatar\/c17e55009e671d92cc7f5dc837dc418a?s=96&r=g\",\"caption\":\"Nicolas SCHIAVON\"},\"description\":\"Nicolas Schiavon est tomb\u00e9 tout petit dans la marmite automobile. Ayant eu un garage de marque automobile, mandataire automobile de la premi\u00e8re heure d\u00e8s 1999. Nicolas a cr\u00e9\u00e9 ces premiers sites de vente de voiture et blog automobile d\u00e8s 1994. Carideal est n\u00e9 le 15 d\u00e9cembre 2000 de la volont\u00e9 de vendre des voitures d'occasions en ligne puis des voitures neuves. Il a pu essayer beaucoup de voitures tr\u00e8s diff\u00e9rentes et ayant eu personnellement quelques belles autos, Subaru Impreza, Mitsubishi Lancer Evo 7, Porsche 911, Ferrari Testarrossa, Audi RS3, RS4 et j'en passe...\",\"sameAs\":[\"http:\/\/www.carideal.com\",\"https:\/\/www.facebook.com\/nicolas.schiavon.39\",\"https:\/\/www.instagram.com\/carideal1\/\",\"https:\/\/www.linkedin.com\/in\/nschiavon\/\",\"https:\/\/x.com\/caridealauto\",\"https:\/\/www.youtube.com\/user\/caridealsas\/\"],\"url\":\"https:\/\/www.carideal.com\/blog\/author\/nschiavon\/\"}]}<\/script>\n<!-- \/ Yoast SEO plugin. -->","yoast_head_json":{"title":"Succes de la Toyota Yaris Hybride - Blog auto Carid\u00e9al","robots":{"index":"index","follow":"follow","max-snippet":"max-snippet:-1","max-image-preview":"max-image-preview:large","max-video-preview":"max-video-preview:-1"},"canonical":"https:\/\/www.carideal.com\/blog\/2013\/10\/21\/succes-de-la-toyota-yaris-hybride\/","og_locale":"fr_FR","og_type":"article","og_title":"Succes de la Toyota Yaris Hybride - Blog auto Carid\u00e9al","og_description":"Succ\u00e8s de la Toyota Yaris hybride Succ\u00e8s de la Toyota Yaris hybride. Sur les six premiers mois de l'ann\u00e9e, la motorisation hybride a d\u00e9pass\u00e9 les 1% des parts de march\u00e9, ce qui repr\u00e9sente 23058 v\u00e9hicules. Ceci est en grande partie du \u00e0 un seul mod\u00e8le, la Toyota Yaris hybride. Il s'en est vendu 6283 sur ... Lire plus","og_url":"https:\/\/www.carideal.com\/blog\/2013\/10\/21\/succes-de-la-toyota-yaris-hybride\/","og_site_name":"Blog auto Carid\u00e9al","article_publisher":"https:\/\/www.facebook.com\/Carideal.mandataire.automobile","article_author":"https:\/\/www.facebook.com\/nicolas.schiavon.39","article_published_time":"2013-10-21T22:00:00+00:00","article_modified_time":"2017-01-07T13:12:46+00:00","og_image":[{"url":"http:\/\/www.carideal.com\/images_actualite\/toyotayarishybridecaridealactualits-1382440911.jpg","type":"","width":"","height":""}],"author":"Nicolas SCHIAVON","twitter_card":"summary_large_image","twitter_creator":"@caridealauto","twitter_site":"@caridealauto","twitter_misc":{"\u00c9crit par":"Nicolas SCHIAVON","Dur\u00e9e de lecture estim\u00e9e":"1 minute"},"schema":{"@context":"https:\/\/schema.org","@graph":[{"@type":"Article","@id":"https:\/\/www.carideal.com\/blog\/2013\/10\/21\/succes-de-la-toyota-yaris-hybride\/#article","isPartOf":{"@id":"https:\/\/www.carideal.com\/blog\/2013\/10\/21\/succes-de-la-toyota-yaris-hybride\/"},"author":{"name":"Nicolas SCHIAVON","@id":"https:\/\/www.carideal.com\/blog\/#\/schema\/person\/cd95dc7919660de90d31b366f85be1ec"},"headline":"Succes de la Toyota Yaris Hybride","datePublished":"2013-10-21T22:00:00+00:00","dateModified":"2017-01-07T13:12:46+00:00","mainEntityOfPage":{"@id":"https:\/\/www.carideal.com\/blog\/2013\/10\/21\/succes-de-la-toyota-yaris-hybride\/"},"wordCount":141,"commentCount":0,"publisher":{"@id":"https:\/\/www.carideal.com\/blog\/#organization"},"image":{"@id":"https:\/\/www.carideal.com\/blog\/2013\/10\/21\/succes-de-la-toyota-yaris-hybride\/#primaryimage"},"thumbnailUrl":"http:\/\/www.carideal.com\/images_actualite\/toyotayarishybridecaridealactualits-1382440911.jpg","articleSection":["Actualit\u00e9 automobile","Actualit\u00e9 Constructeur automobile","Actualit\u00e9 Toyota","Technologie Automobile","Voiture Hybride"],"inLanguage":"fr-FR","potentialAction":[{"@type":"CommentAction","name":"Comment","target":["https:\/\/www.carideal.com\/blog\/2013\/10\/21\/succes-de-la-toyota-yaris-hybride\/#respond"]}]},{"@type":"WebPage","@id":"https:\/\/www.carideal.com\/blog\/2013\/10\/21\/succes-de-la-toyota-yaris-hybride\/","url":"https:\/\/www.carideal.com\/blog\/2013\/10\/21\/succes-de-la-toyota-yaris-hybride\/","name":"Succes de la Toyota Yaris Hybride - Blog auto Carid\u00e9al","isPartOf":{"@id":"https:\/\/www.carideal.com\/blog\/#website"},"primaryImageOfPage":{"@id":"https:\/\/www.carideal.com\/blog\/2013\/10\/21\/succes-de-la-toyota-yaris-hybride\/#primaryimage"},"image":{"@id":"https:\/\/www.carideal.com\/blog\/2013\/10\/21\/succes-de-la-toyota-yaris-hybride\/#primaryimage"},"thumbnailUrl":"http:\/\/www.carideal.com\/images_actualite\/toyotayarishybridecaridealactualits-1382440911.jpg","datePublished":"2013-10-21T22:00:00+00:00","dateModified":"2017-01-07T13:12:46+00:00","breadcrumb":{"@id":"https:\/\/www.carideal.com\/blog\/2013\/10\/21\/succes-de-la-toyota-yaris-hybride\/#breadcrumb"},"inLanguage":"fr-FR","potentialAction":[{"@type":"ReadAction","target":["https:\/\/www.carideal.com\/blog\/2013\/10\/21\/succes-de-la-toyota-yaris-hybride\/"]}]},{"@type":"ImageObject","inLanguage":"fr-FR","@id":"https:\/\/www.carideal.com\/blog\/2013\/10\/21\/succes-de-la-toyota-yaris-hybride\/#primaryimage","url":"http:\/\/www.carideal.com\/images_actualite\/toyotayarishybridecaridealactualits-1382440911.jpg","contentUrl":"http:\/\/www.carideal.com\/images_actualite\/toyotayarishybridecaridealactualits-1382440911.jpg"},{"@type":"BreadcrumbList","@id":"https:\/\/www.carideal.com\/blog\/2013\/10\/21\/succes-de-la-toyota-yaris-hybride\/#breadcrumb","itemListElement":[{"@type":"ListItem","position":1,"name":"Blog Carid\u00e9al","item":"https:\/\/www.carideal.com\/blog\/"},{"@type":"ListItem","position":2,"name":"Actualit\u00e9 constructeur automobile","item":"https:\/\/www.carideal.com\/blog\/constructeur\/"},{"@type":"ListItem","position":3,"name":"Actualit\u00e9 Toyota","item":"https:\/\/www.carideal.com\/blog\/constructeur\/toyota\/"},{"@type":"ListItem","position":4,"name":"Succes de la Toyota Yaris Hybride"}]},{"@type":"WebSite","@id":"https:\/\/www.carideal.com\/blog\/#website","url":"https:\/\/www.carideal.com\/blog\/","name":"Blog auto Carid\u00e9al","description":"Actualit\u00e9 auto par des passionn\u00e9s","publisher":{"@id":"https:\/\/www.carideal.com\/blog\/#organization"},"potentialAction":[{"@type":"SearchAction","target":{"@type":"EntryPoint","urlTemplate":"https:\/\/www.carideal.com\/blog\/?s={search_term_string}"},"query-input":{"@type":"PropertyValueSpecification","valueRequired":true,"valueName":"search_term_string"}}],"inLanguage":"fr-FR"},{"@type":"Organization","@id":"https:\/\/www.carideal.com\/blog\/#organization","name":"Carideal","url":"https:\/\/www.carideal.com\/blog\/","logo":{"@type":"ImageObject","inLanguage":"fr-FR","@id":"https:\/\/www.carideal.com\/blog\/#\/schema\/logo\/image\/","url":"http:\/\/www.carideal.com\/blog\/wp-content\/uploads\/2016\/03\/logo-carideal-mandataire-automobile.png","contentUrl":"http:\/\/www.carideal.com\/blog\/wp-content\/uploads\/2016\/03\/logo-carideal-mandataire-automobile.png","width":300,"height":300,"caption":"Carideal"},"image":{"@id":"https:\/\/www.carideal.com\/blog\/#\/schema\/logo\/image\/"},"sameAs":["https:\/\/www.facebook.com\/Carideal.mandataire.automobile","https:\/\/x.com\/caridealauto","https:\/\/www.instagram.com\/carideal1\/","https:\/\/www.linkedin.com\/company\/carideal.com","https:\/\/fr.pinterest.com\/schiavonsas\/","https:\/\/www.youtube.com\/user\/caridealsas"]},{"@type":"Person","@id":"https:\/\/www.carideal.com\/blog\/#\/schema\/person\/cd95dc7919660de90d31b366f85be1ec","name":"Nicolas SCHIAVON","image":{"@type":"ImageObject","inLanguage":"fr-FR","@id":"https:\/\/www.carideal.com\/blog\/#\/schema\/person\/image\/","url":"https:\/\/secure.gravatar.com\/avatar\/c17e55009e671d92cc7f5dc837dc418a?s=96&r=g","contentUrl":"https:\/\/secure.gravatar.com\/avatar\/c17e55009e671d92cc7f5dc837dc418a?s=96&r=g","caption":"Nicolas SCHIAVON"},"description":"Nicolas Schiavon est tomb\u00e9 tout petit dans la marmite automobile. Ayant eu un garage de marque automobile, mandataire automobile de la premi\u00e8re heure d\u00e8s 1999. Nicolas a cr\u00e9\u00e9 ces premiers sites de vente de voiture et blog automobile d\u00e8s 1994. Carideal est n\u00e9 le 15 d\u00e9cembre 2000 de la volont\u00e9 de vendre des voitures d'occasions en ligne puis des voitures neuves. Il a pu essayer beaucoup de voitures tr\u00e8s diff\u00e9rentes et ayant eu personnellement quelques belles autos, Subaru Impreza, Mitsubishi Lancer Evo 7, Porsche 911, Ferrari Testarrossa, Audi RS3, RS4 et j'en passe...","sameAs":["http:\/\/www.carideal.com","https:\/\/www.facebook.com\/nicolas.schiavon.39","https:\/\/www.instagram.com\/carideal1\/","https:\/\/www.linkedin.com\/in\/nschiavon\/","https:\/\/x.com\/caridealauto","https:\/\/www.youtube.com\/user\/caridealsas\/"],"url":"https:\/\/www.carideal.com\/blog\/author\/nschiavon\/"}]}},"uagb_featured_image_src":{"full":false,"thumbnail":false,"medium":false,"medium_large":false,"large":false,"1536x1536":false,"2048x2048":false,"wppr-widget":false},"uagb_author_info":{"display_name":"Nicolas SCHIAVON","author_link":"https:\/\/www.carideal.com\/blog\/author\/nschiavon\/"},"uagb_comment_info":1,"uagb_excerpt":"Succ\u00e8s de la Toyota Yaris hybride Succ\u00e8s de la Toyota Yaris hybride. Sur les six premiers mois de l'ann\u00e9e, la motorisation hybride a d\u00e9pass\u00e9 les 1% des parts de march\u00e9, ce qui repr\u00e9sente 23058 v\u00e9hicules. Ceci est en grande partie du \u00e0 un seul mod\u00e8le, la Toyota Yaris hybride. Il s'en est vendu 6283 sur\u2026","_links":{"self":[{"href":"https:\/\/www.carideal.com\/blog\/wp-json\/wp\/v2\/posts\/5287"}],"collection":[{"href":"https:\/\/www.carideal.com\/blog\/wp-json\/wp\/v2\/posts"}],"about":[{"href":"https:\/\/www.carideal.com\/blog\/wp-json\/wp\/v2\/types\/post"}],"author":[{"embeddable":true,"href":"https:\/\/www.carideal.com\/blog\/wp-json\/wp\/v2\/users\/3"}],"replies":[{"embeddable":true,"href":"https:\/\/www.carideal.com\/blog\/wp-json\/wp\/v2\/comments?post=5287"}],"version-history":[{"count":0,"href":"https:\/\/www.carideal.com\/blog\/wp-json\/wp\/v2\/posts\/5287\/revisions"}],"wp:attachment":[{"href":"https:\/\/www.carideal.com\/blog\/wp-json\/wp\/v2\/media?parent=5287"}],"wp:term":[{"taxonomy":"category","embeddable":true,"href":"https:\/\/www.carideal.com\/blog\/wp-json\/wp\/v2\/categories?post=5287"},{"taxonomy":"post_tag","embeddable":true,"href":"https:\/\/www.carideal.com\/blog\/wp-json\/wp\/v2\/tags?post=5287"}],"curies":[{"name":"wp","href":"https:\/\/api.w.org\/{rel}","templated":true}]}}