{"id":5283,"date":"2013-10-17T22:00:00","date_gmt":"2013-10-17T22:00:00","guid":{"rendered":"http:\/\/www.carideal.com\/blog\/2013\/10\/17\/motorisations-bluehdi-sur-la-citroen-ds5\/"},"modified":"2019-01-28T13:11:35","modified_gmt":"2019-01-28T12:11:35","slug":"motorisations-bluehdi-sur-la-citroen-ds5","status":"publish","type":"post","link":"https:\/\/www.carideal.com\/blog\/2013\/10\/17\/motorisations-bluehdi-sur-la-citroen-ds5\/","title":{"rendered":"Motorisations Bluehdi sur la Citroen DS5"},"content":{"rendered":"<div>\n<h1><strong>Motorisations BlueHDI sur la Citroen DS5<\/strong><\/h1>\n<\/div>\n<p>Motorisations BlueHDI sur la Citroen DS5. <a href=\"http:\/\/www.carideal.com\/blog\/marque-de-voiture-actualites-essais\/citroen\/\">Citroen<\/a> vient d'annoncer la mise en place des motorisation <a href=\"http:\/\/www.carideal.com\/blog\/2014\/04\/25\/nouveaux-moteurs-bluehdi-1-6l-dv6f-euro6\/\">blueHDI<\/a> sur sa <a href=\"http:\/\/www.carideal.com\/blog\/marque-de-voiture-actualites-essais\/ds\/ds5\/\">DS5<\/a> juste 1 an avant que la nouvelle <a href=\"http:\/\/www.carideal.com\/blog\/2014\/09\/24\/euro-6-le-diesel-qui-ne-pollue-plus\/\">Norme Euro 6<\/a>\u00a0ne l'impose. Il s'agit du 1.6 BlueHDI 120 avec une boite manuelle et du 2.0 BlueHDI 180 avec une nouvelle boite automatique \u00e0 6 rapports, ce qui prouve la volont\u00e9 de PSA de rester leader sur le secteur de l'environnement avec ses technologie de FAP additiv\u00e9 et de catalyseur SCR.<\/p>\n<p>&nbsp;<\/p>\n","protected":false},"excerpt":{"rendered":"<p>Motorisations BlueHDI sur la Citroen DS5 Motorisations BlueHDI sur la Citroen DS5. Citroen vient d&rsquo;annoncer la mise en place des motorisation blueHDI sur sa DS5 juste 1 an avant que la nouvelle Norme Euro 6\u00a0ne l&rsquo;impose. Il s&rsquo;agit du 1.6 BlueHDI 120 avec une boite manuelle et du 2.0 BlueHDI 180 avec une nouvelle boite &#8230; <a title=\"Motorisations Bluehdi sur la Citroen DS5\" class=\"read-more\" href=\"https:\/\/www.carideal.com\/blog\/2013\/10\/17\/motorisations-bluehdi-sur-la-citroen-ds5\/\" aria-label=\"En savoir plus sur Motorisations Bluehdi sur la Citroen DS5\">Lire plus<\/a><\/p>\n","protected":false},"author":3,"featured_media":15083,"comment_status":"open","ping_status":"open","sticky":false,"template":"","format":"standard","meta":{"_uag_custom_page_level_css":"","_themeisle_gutenberg_block_has_review":false,"footnotes":""},"categories":[6001,6225,6012,5974],"tags":[],"class_list":["post-5283","post","type-post","status-publish","format-standard","has-post-thumbnail","hentry","category-ds","category-actualite-ds5","category-berlines","category-type-de-vehicule"],"wppr_data":{"cwp_meta_box_check":"No"},"yoast_head":"<!-- This site is optimized with the Yoast SEO plugin v24.8.1 - https:\/\/yoast.com\/wordpress\/plugins\/seo\/ -->\n<title>Motorisations Bluehdi sur la Citroen DS5 - Blog auto Carid\u00e9al<\/title>\n<meta name=\"description\" content=\"Motorisations BlueHDI sur la Citroen DS5. Citroen vient d&#039;annoncer la mise en place des motorisation blueHDI sur sa DS5 juste 1 an avant la Norme Euro 6\" \/>\n<meta name=\"robots\" content=\"noindex, follow\" \/>\n<meta property=\"og:locale\" content=\"fr_FR\" \/>\n<meta property=\"og:type\" content=\"article\" \/>\n<meta property=\"og:title\" content=\"Motorisations Bluehdi sur la Citroen DS5 - Blog auto Carid\u00e9al\" \/>\n<meta property=\"og:description\" content=\"Motorisations BlueHDI sur la Citroen DS5. Citroen vient d&#039;annoncer la mise en place des motorisation blueHDI sur sa DS5 juste 1 an avant la Norme Euro 6\" \/>\n<meta property=\"og:url\" content=\"https:\/\/www.carideal.com\/blog\/2013\/10\/17\/motorisations-bluehdi-sur-la-citroen-ds5\/\" \/>\n<meta property=\"og:site_name\" content=\"Blog auto Carid\u00e9al\" \/>\n<meta property=\"article:publisher\" content=\"https:\/\/www.facebook.com\/Carideal.mandataire.automobile\" \/>\n<meta property=\"article:author\" content=\"https:\/\/www.facebook.com\/nicolas.schiavon.39\" \/>\n<meta property=\"article:published_time\" content=\"2013-10-17T22:00:00+00:00\" \/>\n<meta property=\"article:modified_time\" content=\"2019-01-28T12:11:35+00:00\" \/>\n<meta property=\"og:image\" content=\"https:\/\/www.carideal.com\/blog\/wp-content\/uploads\/2013\/10\/image5534achatcitroends5hdi160sochiccaridealmandataireautochambery6-1382080800.jpg\" \/>\n\t<meta property=\"og:image:width\" content=\"800\" \/>\n\t<meta property=\"og:image:height\" content=\"532\" \/>\n\t<meta property=\"og:image:type\" content=\"image\/jpeg\" \/>\n<meta name=\"author\" content=\"Nicolas SCHIAVON\" \/>\n<meta name=\"twitter:card\" content=\"summary_large_image\" \/>\n<meta name=\"twitter:creator\" content=\"@caridealauto\" \/>\n<meta name=\"twitter:site\" content=\"@caridealauto\" \/>\n<meta name=\"twitter:label1\" content=\"\u00c9crit par\" \/>\n\t<meta name=\"twitter:data1\" content=\"Nicolas SCHIAVON\" \/>\n<script type=\"application\/ld+json\" class=\"yoast-schema-graph\">{\"@context\":\"https:\/\/schema.org\",\"@graph\":[{\"@type\":\"Article\",\"@id\":\"https:\/\/www.carideal.com\/blog\/2013\/10\/17\/motorisations-bluehdi-sur-la-citroen-ds5\/#article\",\"isPartOf\":{\"@id\":\"https:\/\/www.carideal.com\/blog\/2013\/10\/17\/motorisations-bluehdi-sur-la-citroen-ds5\/\"},\"author\":{\"name\":\"Nicolas SCHIAVON\",\"@id\":\"https:\/\/www.carideal.com\/blog\/#\/schema\/person\/cd95dc7919660de90d31b366f85be1ec\"},\"headline\":\"Motorisations Bluehdi sur la Citroen DS5\",\"datePublished\":\"2013-10-17T22:00:00+00:00\",\"dateModified\":\"2019-01-28T12:11:35+00:00\",\"mainEntityOfPage\":{\"@id\":\"https:\/\/www.carideal.com\/blog\/2013\/10\/17\/motorisations-bluehdi-sur-la-citroen-ds5\/\"},\"wordCount\":84,\"commentCount\":0,\"publisher\":{\"@id\":\"https:\/\/www.carideal.com\/blog\/#organization\"},\"image\":{\"@id\":\"https:\/\/www.carideal.com\/blog\/2013\/10\/17\/motorisations-bluehdi-sur-la-citroen-ds5\/#primaryimage\"},\"thumbnailUrl\":\"https:\/\/www.carideal.com\/blog\/wp-content\/uploads\/2013\/10\/image5534achatcitroends5hdi160sochiccaridealmandataireautochambery6-1382080800.jpg\",\"articleSection\":[\"Actualit\u00e9 DS\",\"Actualit\u00e9 DS5\",\"Berlines\",\"Type de v\u00e9hicule\"],\"inLanguage\":\"fr-FR\",\"potentialAction\":[{\"@type\":\"CommentAction\",\"name\":\"Comment\",\"target\":[\"https:\/\/www.carideal.com\/blog\/2013\/10\/17\/motorisations-bluehdi-sur-la-citroen-ds5\/#respond\"]}]},{\"@type\":\"WebPage\",\"@id\":\"https:\/\/www.carideal.com\/blog\/2013\/10\/17\/motorisations-bluehdi-sur-la-citroen-ds5\/\",\"url\":\"https:\/\/www.carideal.com\/blog\/2013\/10\/17\/motorisations-bluehdi-sur-la-citroen-ds5\/\",\"name\":\"Motorisations Bluehdi sur la Citroen DS5 - Blog auto Carid\u00e9al\",\"isPartOf\":{\"@id\":\"https:\/\/www.carideal.com\/blog\/#website\"},\"primaryImageOfPage\":{\"@id\":\"https:\/\/www.carideal.com\/blog\/2013\/10\/17\/motorisations-bluehdi-sur-la-citroen-ds5\/#primaryimage\"},\"image\":{\"@id\":\"https:\/\/www.carideal.com\/blog\/2013\/10\/17\/motorisations-bluehdi-sur-la-citroen-ds5\/#primaryimage\"},\"thumbnailUrl\":\"https:\/\/www.carideal.com\/blog\/wp-content\/uploads\/2013\/10\/image5534achatcitroends5hdi160sochiccaridealmandataireautochambery6-1382080800.jpg\",\"datePublished\":\"2013-10-17T22:00:00+00:00\",\"dateModified\":\"2019-01-28T12:11:35+00:00\",\"description\":\"Motorisations BlueHDI sur la Citroen DS5. Citroen vient d'annoncer la mise en place des motorisation blueHDI sur sa DS5 juste 1 an avant la Norme Euro 6\",\"breadcrumb\":{\"@id\":\"https:\/\/www.carideal.com\/blog\/2013\/10\/17\/motorisations-bluehdi-sur-la-citroen-ds5\/#breadcrumb\"},\"inLanguage\":\"fr-FR\",\"potentialAction\":[{\"@type\":\"ReadAction\",\"target\":[\"https:\/\/www.carideal.com\/blog\/2013\/10\/17\/motorisations-bluehdi-sur-la-citroen-ds5\/\"]}]},{\"@type\":\"ImageObject\",\"inLanguage\":\"fr-FR\",\"@id\":\"https:\/\/www.carideal.com\/blog\/2013\/10\/17\/motorisations-bluehdi-sur-la-citroen-ds5\/#primaryimage\",\"url\":\"https:\/\/www.carideal.com\/blog\/wp-content\/uploads\/2013\/10\/image5534achatcitroends5hdi160sochiccaridealmandataireautochambery6-1382080800.jpg\",\"contentUrl\":\"https:\/\/www.carideal.com\/blog\/wp-content\/uploads\/2013\/10\/image5534achatcitroends5hdi160sochiccaridealmandataireautochambery6-1382080800.jpg\",\"width\":800,\"height\":532,\"caption\":\"Nouvelles motorisations BlueHDI sur DS5\"},{\"@type\":\"BreadcrumbList\",\"@id\":\"https:\/\/www.carideal.com\/blog\/2013\/10\/17\/motorisations-bluehdi-sur-la-citroen-ds5\/#breadcrumb\",\"itemListElement\":[{\"@type\":\"ListItem\",\"position\":1,\"name\":\"Blog Carid\u00e9al\",\"item\":\"https:\/\/www.carideal.com\/blog\/\"},{\"@type\":\"ListItem\",\"position\":2,\"name\":\"Actualit\u00e9 constructeur automobile\",\"item\":\"https:\/\/www.carideal.com\/blog\/constructeur\/\"},{\"@type\":\"ListItem\",\"position\":3,\"name\":\"Actualit\u00e9 DS\",\"item\":\"https:\/\/www.carideal.com\/blog\/constructeur\/ds\/\"},{\"@type\":\"ListItem\",\"position\":4,\"name\":\"Actualit\u00e9 DS5\",\"item\":\"https:\/\/www.carideal.com\/blog\/constructeur\/ds\/actualite-ds5\/\"},{\"@type\":\"ListItem\",\"position\":5,\"name\":\"Motorisations Bluehdi sur la Citroen DS5\"}]},{\"@type\":\"WebSite\",\"@id\":\"https:\/\/www.carideal.com\/blog\/#website\",\"url\":\"https:\/\/www.carideal.com\/blog\/\",\"name\":\"Blog auto Carid\u00e9al\",\"description\":\"Actualit\u00e9 auto par des passionn\u00e9s\",\"publisher\":{\"@id\":\"https:\/\/www.carideal.com\/blog\/#organization\"},\"potentialAction\":[{\"@type\":\"SearchAction\",\"target\":{\"@type\":\"EntryPoint\",\"urlTemplate\":\"https:\/\/www.carideal.com\/blog\/?s={search_term_string}\"},\"query-input\":{\"@type\":\"PropertyValueSpecification\",\"valueRequired\":true,\"valueName\":\"search_term_string\"}}],\"inLanguage\":\"fr-FR\"},{\"@type\":\"Organization\",\"@id\":\"https:\/\/www.carideal.com\/blog\/#organization\",\"name\":\"Carideal\",\"url\":\"https:\/\/www.carideal.com\/blog\/\",\"logo\":{\"@type\":\"ImageObject\",\"inLanguage\":\"fr-FR\",\"@id\":\"https:\/\/www.carideal.com\/blog\/#\/schema\/logo\/image\/\",\"url\":\"http:\/\/www.carideal.com\/blog\/wp-content\/uploads\/2016\/03\/logo-carideal-mandataire-automobile.png\",\"contentUrl\":\"http:\/\/www.carideal.com\/blog\/wp-content\/uploads\/2016\/03\/logo-carideal-mandataire-automobile.png\",\"width\":300,\"height\":300,\"caption\":\"Carideal\"},\"image\":{\"@id\":\"https:\/\/www.carideal.com\/blog\/#\/schema\/logo\/image\/\"},\"sameAs\":[\"https:\/\/www.facebook.com\/Carideal.mandataire.automobile\",\"https:\/\/x.com\/caridealauto\",\"https:\/\/www.instagram.com\/carideal1\/\",\"https:\/\/www.linkedin.com\/company\/carideal.com\",\"https:\/\/fr.pinterest.com\/schiavonsas\/\",\"https:\/\/www.youtube.com\/user\/caridealsas\"]},{\"@type\":\"Person\",\"@id\":\"https:\/\/www.carideal.com\/blog\/#\/schema\/person\/cd95dc7919660de90d31b366f85be1ec\",\"name\":\"Nicolas SCHIAVON\",\"image\":{\"@type\":\"ImageObject\",\"inLanguage\":\"fr-FR\",\"@id\":\"https:\/\/www.carideal.com\/blog\/#\/schema\/person\/image\/\",\"url\":\"https:\/\/secure.gravatar.com\/avatar\/c17e55009e671d92cc7f5dc837dc418a?s=96&r=g\",\"contentUrl\":\"https:\/\/secure.gravatar.com\/avatar\/c17e55009e671d92cc7f5dc837dc418a?s=96&r=g\",\"caption\":\"Nicolas SCHIAVON\"},\"description\":\"Nicolas Schiavon est tomb\u00e9 tout petit dans la marmite automobile. Ayant eu un garage de marque automobile, mandataire automobile de la premi\u00e8re heure d\u00e8s 1999. Nicolas a cr\u00e9\u00e9 ces premiers sites de vente de voiture et blog automobile d\u00e8s 1994. Carideal est n\u00e9 le 15 d\u00e9cembre 2000 de la volont\u00e9 de vendre des voitures d'occasions en ligne puis des voitures neuves. Il a pu essayer beaucoup de voitures tr\u00e8s diff\u00e9rentes et ayant eu personnellement quelques belles autos, Subaru Impreza, Mitsubishi Lancer Evo 7, Porsche 911, Ferrari Testarrossa, Audi RS3, RS4 et j'en passe...\",\"sameAs\":[\"http:\/\/www.carideal.com\",\"https:\/\/www.facebook.com\/nicolas.schiavon.39\",\"https:\/\/www.instagram.com\/carideal1\/\",\"https:\/\/www.linkedin.com\/in\/nschiavon\/\",\"https:\/\/x.com\/caridealauto\",\"https:\/\/www.youtube.com\/user\/caridealsas\/\"],\"url\":\"https:\/\/www.carideal.com\/blog\/author\/nschiavon\/\"}]}<\/script>\n<!-- \/ Yoast SEO plugin. -->","yoast_head_json":{"title":"Motorisations Bluehdi sur la Citroen DS5 - Blog auto Carid\u00e9al","description":"Motorisations BlueHDI sur la Citroen DS5. Citroen vient d'annoncer la mise en place des motorisation blueHDI sur sa DS5 juste 1 an avant la Norme Euro 6","robots":{"index":"noindex","follow":"follow"},"og_locale":"fr_FR","og_type":"article","og_title":"Motorisations Bluehdi sur la Citroen DS5 - Blog auto Carid\u00e9al","og_description":"Motorisations BlueHDI sur la Citroen DS5. Citroen vient d'annoncer la mise en place des motorisation blueHDI sur sa DS5 juste 1 an avant la Norme Euro 6","og_url":"https:\/\/www.carideal.com\/blog\/2013\/10\/17\/motorisations-bluehdi-sur-la-citroen-ds5\/","og_site_name":"Blog auto Carid\u00e9al","article_publisher":"https:\/\/www.facebook.com\/Carideal.mandataire.automobile","article_author":"https:\/\/www.facebook.com\/nicolas.schiavon.39","article_published_time":"2013-10-17T22:00:00+00:00","article_modified_time":"2019-01-28T12:11:35+00:00","og_image":[{"width":800,"height":532,"url":"https:\/\/www.carideal.com\/blog\/wp-content\/uploads\/2013\/10\/image5534achatcitroends5hdi160sochiccaridealmandataireautochambery6-1382080800.jpg","type":"image\/jpeg"}],"author":"Nicolas SCHIAVON","twitter_card":"summary_large_image","twitter_creator":"@caridealauto","twitter_site":"@caridealauto","twitter_misc":{"\u00c9crit par":"Nicolas SCHIAVON"},"schema":{"@context":"https:\/\/schema.org","@graph":[{"@type":"Article","@id":"https:\/\/www.carideal.com\/blog\/2013\/10\/17\/motorisations-bluehdi-sur-la-citroen-ds5\/#article","isPartOf":{"@id":"https:\/\/www.carideal.com\/blog\/2013\/10\/17\/motorisations-bluehdi-sur-la-citroen-ds5\/"},"author":{"name":"Nicolas SCHIAVON","@id":"https:\/\/www.carideal.com\/blog\/#\/schema\/person\/cd95dc7919660de90d31b366f85be1ec"},"headline":"Motorisations Bluehdi sur la Citroen DS5","datePublished":"2013-10-17T22:00:00+00:00","dateModified":"2019-01-28T12:11:35+00:00","mainEntityOfPage":{"@id":"https:\/\/www.carideal.com\/blog\/2013\/10\/17\/motorisations-bluehdi-sur-la-citroen-ds5\/"},"wordCount":84,"commentCount":0,"publisher":{"@id":"https:\/\/www.carideal.com\/blog\/#organization"},"image":{"@id":"https:\/\/www.carideal.com\/blog\/2013\/10\/17\/motorisations-bluehdi-sur-la-citroen-ds5\/#primaryimage"},"thumbnailUrl":"https:\/\/www.carideal.com\/blog\/wp-content\/uploads\/2013\/10\/image5534achatcitroends5hdi160sochiccaridealmandataireautochambery6-1382080800.jpg","articleSection":["Actualit\u00e9 DS","Actualit\u00e9 DS5","Berlines","Type de v\u00e9hicule"],"inLanguage":"fr-FR","potentialAction":[{"@type":"CommentAction","name":"Comment","target":["https:\/\/www.carideal.com\/blog\/2013\/10\/17\/motorisations-bluehdi-sur-la-citroen-ds5\/#respond"]}]},{"@type":"WebPage","@id":"https:\/\/www.carideal.com\/blog\/2013\/10\/17\/motorisations-bluehdi-sur-la-citroen-ds5\/","url":"https:\/\/www.carideal.com\/blog\/2013\/10\/17\/motorisations-bluehdi-sur-la-citroen-ds5\/","name":"Motorisations Bluehdi sur la Citroen DS5 - Blog auto Carid\u00e9al","isPartOf":{"@id":"https:\/\/www.carideal.com\/blog\/#website"},"primaryImageOfPage":{"@id":"https:\/\/www.carideal.com\/blog\/2013\/10\/17\/motorisations-bluehdi-sur-la-citroen-ds5\/#primaryimage"},"image":{"@id":"https:\/\/www.carideal.com\/blog\/2013\/10\/17\/motorisations-bluehdi-sur-la-citroen-ds5\/#primaryimage"},"thumbnailUrl":"https:\/\/www.carideal.com\/blog\/wp-content\/uploads\/2013\/10\/image5534achatcitroends5hdi160sochiccaridealmandataireautochambery6-1382080800.jpg","datePublished":"2013-10-17T22:00:00+00:00","dateModified":"2019-01-28T12:11:35+00:00","description":"Motorisations BlueHDI sur la Citroen DS5. Citroen vient d'annoncer la mise en place des motorisation blueHDI sur sa DS5 juste 1 an avant la Norme Euro 6","breadcrumb":{"@id":"https:\/\/www.carideal.com\/blog\/2013\/10\/17\/motorisations-bluehdi-sur-la-citroen-ds5\/#breadcrumb"},"inLanguage":"fr-FR","potentialAction":[{"@type":"ReadAction","target":["https:\/\/www.carideal.com\/blog\/2013\/10\/17\/motorisations-bluehdi-sur-la-citroen-ds5\/"]}]},{"@type":"ImageObject","inLanguage":"fr-FR","@id":"https:\/\/www.carideal.com\/blog\/2013\/10\/17\/motorisations-bluehdi-sur-la-citroen-ds5\/#primaryimage","url":"https:\/\/www.carideal.com\/blog\/wp-content\/uploads\/2013\/10\/image5534achatcitroends5hdi160sochiccaridealmandataireautochambery6-1382080800.jpg","contentUrl":"https:\/\/www.carideal.com\/blog\/wp-content\/uploads\/2013\/10\/image5534achatcitroends5hdi160sochiccaridealmandataireautochambery6-1382080800.jpg","width":800,"height":532,"caption":"Nouvelles motorisations BlueHDI sur DS5"},{"@type":"BreadcrumbList","@id":"https:\/\/www.carideal.com\/blog\/2013\/10\/17\/motorisations-bluehdi-sur-la-citroen-ds5\/#breadcrumb","itemListElement":[{"@type":"ListItem","position":1,"name":"Blog Carid\u00e9al","item":"https:\/\/www.carideal.com\/blog\/"},{"@type":"ListItem","position":2,"name":"Actualit\u00e9 constructeur automobile","item":"https:\/\/www.carideal.com\/blog\/constructeur\/"},{"@type":"ListItem","position":3,"name":"Actualit\u00e9 DS","item":"https:\/\/www.carideal.com\/blog\/constructeur\/ds\/"},{"@type":"ListItem","position":4,"name":"Actualit\u00e9 DS5","item":"https:\/\/www.carideal.com\/blog\/constructeur\/ds\/actualite-ds5\/"},{"@type":"ListItem","position":5,"name":"Motorisations Bluehdi sur la Citroen DS5"}]},{"@type":"WebSite","@id":"https:\/\/www.carideal.com\/blog\/#website","url":"https:\/\/www.carideal.com\/blog\/","name":"Blog auto Carid\u00e9al","description":"Actualit\u00e9 auto par des passionn\u00e9s","publisher":{"@id":"https:\/\/www.carideal.com\/blog\/#organization"},"potentialAction":[{"@type":"SearchAction","target":{"@type":"EntryPoint","urlTemplate":"https:\/\/www.carideal.com\/blog\/?s={search_term_string}"},"query-input":{"@type":"PropertyValueSpecification","valueRequired":true,"valueName":"search_term_string"}}],"inLanguage":"fr-FR"},{"@type":"Organization","@id":"https:\/\/www.carideal.com\/blog\/#organization","name":"Carideal","url":"https:\/\/www.carideal.com\/blog\/","logo":{"@type":"ImageObject","inLanguage":"fr-FR","@id":"https:\/\/www.carideal.com\/blog\/#\/schema\/logo\/image\/","url":"http:\/\/www.carideal.com\/blog\/wp-content\/uploads\/2016\/03\/logo-carideal-mandataire-automobile.png","contentUrl":"http:\/\/www.carideal.com\/blog\/wp-content\/uploads\/2016\/03\/logo-carideal-mandataire-automobile.png","width":300,"height":300,"caption":"Carideal"},"image":{"@id":"https:\/\/www.carideal.com\/blog\/#\/schema\/logo\/image\/"},"sameAs":["https:\/\/www.facebook.com\/Carideal.mandataire.automobile","https:\/\/x.com\/caridealauto","https:\/\/www.instagram.com\/carideal1\/","https:\/\/www.linkedin.com\/company\/carideal.com","https:\/\/fr.pinterest.com\/schiavonsas\/","https:\/\/www.youtube.com\/user\/caridealsas"]},{"@type":"Person","@id":"https:\/\/www.carideal.com\/blog\/#\/schema\/person\/cd95dc7919660de90d31b366f85be1ec","name":"Nicolas SCHIAVON","image":{"@type":"ImageObject","inLanguage":"fr-FR","@id":"https:\/\/www.carideal.com\/blog\/#\/schema\/person\/image\/","url":"https:\/\/secure.gravatar.com\/avatar\/c17e55009e671d92cc7f5dc837dc418a?s=96&r=g","contentUrl":"https:\/\/secure.gravatar.com\/avatar\/c17e55009e671d92cc7f5dc837dc418a?s=96&r=g","caption":"Nicolas SCHIAVON"},"description":"Nicolas Schiavon est tomb\u00e9 tout petit dans la marmite automobile. Ayant eu un garage de marque automobile, mandataire automobile de la premi\u00e8re heure d\u00e8s 1999. Nicolas a cr\u00e9\u00e9 ces premiers sites de vente de voiture et blog automobile d\u00e8s 1994. Carideal est n\u00e9 le 15 d\u00e9cembre 2000 de la volont\u00e9 de vendre des voitures d'occasions en ligne puis des voitures neuves. Il a pu essayer beaucoup de voitures tr\u00e8s diff\u00e9rentes et ayant eu personnellement quelques belles autos, Subaru Impreza, Mitsubishi Lancer Evo 7, Porsche 911, Ferrari Testarrossa, Audi RS3, RS4 et j'en passe...","sameAs":["http:\/\/www.carideal.com","https:\/\/www.facebook.com\/nicolas.schiavon.39","https:\/\/www.instagram.com\/carideal1\/","https:\/\/www.linkedin.com\/in\/nschiavon\/","https:\/\/x.com\/caridealauto","https:\/\/www.youtube.com\/user\/caridealsas\/"],"url":"https:\/\/www.carideal.com\/blog\/author\/nschiavon\/"}]}},"uagb_featured_image_src":{"full":["https:\/\/www.carideal.com\/blog\/wp-content\/uploads\/2013\/10\/image5534achatcitroends5hdi160sochiccaridealmandataireautochambery6-1382080800.jpg",800,532,false],"thumbnail":["https:\/\/www.carideal.com\/blog\/wp-content\/uploads\/2013\/10\/image5534achatcitroends5hdi160sochiccaridealmandataireautochambery6-1382080800-150x150.jpg",150,150,true],"medium":["https:\/\/www.carideal.com\/blog\/wp-content\/uploads\/2013\/10\/image5534achatcitroends5hdi160sochiccaridealmandataireautochambery6-1382080800-300x200.jpg",300,200,true],"medium_large":["https:\/\/www.carideal.com\/blog\/wp-content\/uploads\/2013\/10\/image5534achatcitroends5hdi160sochiccaridealmandataireautochambery6-1382080800-768x511.jpg",768,511,true],"large":["https:\/\/www.carideal.com\/blog\/wp-content\/uploads\/2013\/10\/image5534achatcitroends5hdi160sochiccaridealmandataireautochambery6-1382080800.jpg",800,532,false],"1536x1536":["https:\/\/www.carideal.com\/blog\/wp-content\/uploads\/2013\/10\/image5534achatcitroends5hdi160sochiccaridealmandataireautochambery6-1382080800.jpg",800,532,false],"2048x2048":["https:\/\/www.carideal.com\/blog\/wp-content\/uploads\/2013\/10\/image5534achatcitroends5hdi160sochiccaridealmandataireautochambery6-1382080800.jpg",800,532,false],"wppr-widget":["https:\/\/www.carideal.com\/blog\/wp-content\/uploads\/2013\/10\/image5534achatcitroends5hdi160sochiccaridealmandataireautochambery6-1382080800.jpg",50,33,false]},"uagb_author_info":{"display_name":"Nicolas SCHIAVON","author_link":"https:\/\/www.carideal.com\/blog\/author\/nschiavon\/"},"uagb_comment_info":0,"uagb_excerpt":"Motorisations BlueHDI sur la Citroen DS5 Motorisations BlueHDI sur la Citroen DS5. Citroen vient d'annoncer la mise en place des motorisation blueHDI sur sa DS5 juste 1 an avant que la nouvelle Norme Euro 6\u00a0ne l'impose. Il s'agit du 1.6 BlueHDI 120 avec une boite manuelle et du 2.0 BlueHDI 180 avec une nouvelle boite\u2026","_links":{"self":[{"href":"https:\/\/www.carideal.com\/blog\/wp-json\/wp\/v2\/posts\/5283"}],"collection":[{"href":"https:\/\/www.carideal.com\/blog\/wp-json\/wp\/v2\/posts"}],"about":[{"href":"https:\/\/www.carideal.com\/blog\/wp-json\/wp\/v2\/types\/post"}],"author":[{"embeddable":true,"href":"https:\/\/www.carideal.com\/blog\/wp-json\/wp\/v2\/users\/3"}],"replies":[{"embeddable":true,"href":"https:\/\/www.carideal.com\/blog\/wp-json\/wp\/v2\/comments?post=5283"}],"version-history":[{"count":0,"href":"https:\/\/www.carideal.com\/blog\/wp-json\/wp\/v2\/posts\/5283\/revisions"}],"wp:featuredmedia":[{"embeddable":true,"href":"https:\/\/www.carideal.com\/blog\/wp-json\/wp\/v2\/media\/15083"}],"wp:attachment":[{"href":"https:\/\/www.carideal.com\/blog\/wp-json\/wp\/v2\/media?parent=5283"}],"wp:term":[{"taxonomy":"category","embeddable":true,"href":"https:\/\/www.carideal.com\/blog\/wp-json\/wp\/v2\/categories?post=5283"},{"taxonomy":"post_tag","embeddable":true,"href":"https:\/\/www.carideal.com\/blog\/wp-json\/wp\/v2\/tags?post=5283"}],"curies":[{"name":"wp","href":"https:\/\/api.w.org\/{rel}","templated":true}]}}