{"id":5272,"date":"2013-10-05T22:00:00","date_gmt":"2013-10-05T22:00:00","guid":{"rendered":"http:\/\/www.carideal.com\/blog\/2013\/10\/05\/le-nouveau-jeep-cherokee-2014\/"},"modified":"2017-01-26T10:09:34","modified_gmt":"2017-01-26T09:09:34","slug":"le-nouveau-jeep-cherokee-2014","status":"publish","type":"post","link":"https:\/\/www.carideal.com\/blog\/2013\/10\/05\/le-nouveau-jeep-cherokee-2014\/","title":{"rendered":"Le nouveau Jeep Cherokee 2014"},"content":{"rendered":"<div>\n<h1><strong>Le Nouveau Jeep Cherokee 2014<\/strong><\/h1>\n<\/div>\n<p>Le Nouveau Jeep Cherokee 2014. <a href=\"http:\/\/www.carideal.com\/blog\/marque-de-voiture-actualites-essais\/jeep\/\">Jeep<\/a> renouvelle son Cherokee et rompt radicalement avec l'ancienne version, plus moderne, son esth\u00e9tique radicale, l'\u00e9clairage est r\u00e9parti sur trois niveaux, et sa calandre \u00e0 sept barres conserve le cot\u00e9 historique, tandis que les feux fins lui donnent un look tr\u00e8s futuriste. Il se distingue surement de la concurrence. Pour cette nouvelle version JEEP a puis\u00e9 dans la banque d'organe de <a href=\"http:\/\/www.carideal.com\/blog\/marque-de-voiture-actualites-essais\/fiat\/\">Fiat<\/a> et non plus de <a href=\"http:\/\/www.carideal.com\/blog\/marque-de-voiture-actualites-essais\/mercedes\/\">Mercedes<\/a>. Il sera disponible en version 4x2 et <a href=\"http:\/\/www.carideal.com\/blog\/type-de-vehicule\/4x4-suv\/\">4x4<\/a>.<br \/>\nIl est con\u00e7u sur la plateforme technique de l'<a href=\"http:\/\/www.carideal.com\/blog\/marque-de-voiture-actualites-essais\/alfa-romeo\/\">Alfa Romeo<\/a> Giulietta, allong\u00e9e de 13 cm \u00e0 4.62 m, et abaiss\u00e9 de 9 cm \u00e0 1.68 m, il reste plac\u00e9 entre le Compass de 4.45m, et le Grand Cherokee de 4.82 m. Le Compass ne sera plis import\u00e9 en Europe au profit des versions 4x2 du Cherokee. Les 4x4 seront toujours \u00e9quip\u00e9s de la fameuse transmission int\u00e9grale qui a fait la r\u00e9putation de franchissement des JEEP. Jeep d\u00e9clinera sa gamme de <a href=\"http:\/\/www.carideal.com\/blog\/type-de-vehicule\/suv\/\">SUV<\/a> vers le bas avec son projet \"B-SUV\" de 4.20 m qui sera le jumeau du futur <a href=\"http:\/\/www.carideal.com\/blog\/marque-de-voiture-actualites-essais\/fiat\/fiat-500x\/\">Fiat 500X<\/a>.<\/p>\n<p>Le nouveau Jeep Cherokee devrait \u00eatre \u00e9quip\u00e9 du moteur Fiat 2.0 JTDm en version 140 et 170 ch accoupl\u00e9 \u00e0 une boite m\u00e9canique \u00e0 6 rapports. Il devrait \u00eatre commercialis\u00e9 \u00e0 partir de 30000 \u20ac.<\/p>\n<p>&nbsp;<\/p>\n","protected":false},"excerpt":{"rendered":"<p>Le Nouveau Jeep Cherokee 2014 Le Nouveau Jeep Cherokee 2014. Jeep renouvelle son Cherokee et rompt radicalement avec l&rsquo;ancienne version, plus moderne, son esth\u00e9tique radicale, l&rsquo;\u00e9clairage est r\u00e9parti sur trois niveaux, et sa calandre \u00e0 sept barres conserve le cot\u00e9 historique, tandis que les feux fins lui donnent un look tr\u00e8s futuriste. Il se distingue &#8230; <a title=\"Le nouveau Jeep Cherokee 2014\" class=\"read-more\" href=\"https:\/\/www.carideal.com\/blog\/2013\/10\/05\/le-nouveau-jeep-cherokee-2014\/\" aria-label=\"En savoir plus sur Le nouveau Jeep Cherokee 2014\">Lire plus<\/a><\/p>\n","protected":false},"author":3,"featured_media":15000,"comment_status":"open","ping_status":"open","sticky":false,"template":"","format":"standard","meta":{"_uag_custom_page_level_css":"","_themeisle_gutenberg_block_has_review":false,"footnotes":""},"categories":[2,5944,6106,6010,5974],"tags":[],"class_list":["post-5272","post","type-post","status-publish","format-standard","has-post-thumbnail","hentry","category-4x4-suv","category-constructeur","category-jeep","category-suv","category-type-de-vehicule"],"wppr_data":{"cwp_meta_box_check":"No"},"yoast_head":"<!-- This site is optimized with the Yoast SEO plugin v24.8.1 - https:\/\/yoast.com\/wordpress\/plugins\/seo\/ -->\n<title>Le nouveau Jeep Cherokee 2014 - Blog auto Carid\u00e9al<\/title>\n<meta name=\"robots\" content=\"index, follow, max-snippet:-1, max-image-preview:large, max-video-preview:-1\" \/>\n<link rel=\"canonical\" href=\"https:\/\/www.carideal.com\/blog\/2013\/10\/05\/le-nouveau-jeep-cherokee-2014\/\" \/>\n<meta property=\"og:locale\" content=\"fr_FR\" \/>\n<meta property=\"og:type\" content=\"article\" \/>\n<meta property=\"og:title\" content=\"Le nouveau Jeep Cherokee 2014 - Blog auto Carid\u00e9al\" \/>\n<meta property=\"og:description\" content=\"Le Nouveau Jeep Cherokee 2014 Le Nouveau Jeep Cherokee 2014. Jeep renouvelle son Cherokee et rompt radicalement avec l&#039;ancienne version, plus moderne, son esth\u00e9tique radicale, l&#039;\u00e9clairage est r\u00e9parti sur trois niveaux, et sa calandre \u00e0 sept barres conserve le cot\u00e9 historique, tandis que les feux fins lui donnent un look tr\u00e8s futuriste. Il se distingue ... Lire plus\" \/>\n<meta property=\"og:url\" content=\"https:\/\/www.carideal.com\/blog\/2013\/10\/05\/le-nouveau-jeep-cherokee-2014\/\" \/>\n<meta property=\"og:site_name\" content=\"Blog auto Carid\u00e9al\" \/>\n<meta property=\"article:publisher\" content=\"https:\/\/www.facebook.com\/Carideal.mandataire.automobile\" \/>\n<meta property=\"article:author\" content=\"https:\/\/www.facebook.com\/nicolas.schiavon.39\" \/>\n<meta property=\"article:published_time\" content=\"2013-10-05T22:00:00+00:00\" \/>\n<meta property=\"article:modified_time\" content=\"2017-01-26T09:09:34+00:00\" \/>\n<meta property=\"og:image\" content=\"https:\/\/www.carideal.com\/blog\/wp-content\/uploads\/2013\/10\/jeepcherokee2014caridealactualits-1381079734.jpg\" \/>\n\t<meta property=\"og:image:width\" content=\"628\" \/>\n\t<meta property=\"og:image:height\" content=\"432\" \/>\n\t<meta property=\"og:image:type\" content=\"image\/jpeg\" \/>\n<meta name=\"author\" content=\"Nicolas SCHIAVON\" \/>\n<meta name=\"twitter:card\" content=\"summary_large_image\" \/>\n<meta name=\"twitter:creator\" content=\"@caridealauto\" \/>\n<meta name=\"twitter:site\" content=\"@caridealauto\" \/>\n<meta name=\"twitter:label1\" content=\"\u00c9crit par\" \/>\n\t<meta name=\"twitter:data1\" content=\"Nicolas SCHIAVON\" \/>\n\t<meta name=\"twitter:label2\" content=\"Dur\u00e9e de lecture estim\u00e9e\" \/>\n\t<meta name=\"twitter:data2\" content=\"1 minute\" \/>\n<script type=\"application\/ld+json\" class=\"yoast-schema-graph\">{\"@context\":\"https:\/\/schema.org\",\"@graph\":[{\"@type\":\"Article\",\"@id\":\"https:\/\/www.carideal.com\/blog\/2013\/10\/05\/le-nouveau-jeep-cherokee-2014\/#article\",\"isPartOf\":{\"@id\":\"https:\/\/www.carideal.com\/blog\/2013\/10\/05\/le-nouveau-jeep-cherokee-2014\/\"},\"author\":{\"name\":\"Nicolas SCHIAVON\",\"@id\":\"https:\/\/www.carideal.com\/blog\/#\/schema\/person\/cd95dc7919660de90d31b366f85be1ec\"},\"headline\":\"Le nouveau Jeep Cherokee 2014\",\"datePublished\":\"2013-10-05T22:00:00+00:00\",\"dateModified\":\"2017-01-26T09:09:34+00:00\",\"mainEntityOfPage\":{\"@id\":\"https:\/\/www.carideal.com\/blog\/2013\/10\/05\/le-nouveau-jeep-cherokee-2014\/\"},\"wordCount\":215,\"commentCount\":0,\"publisher\":{\"@id\":\"https:\/\/www.carideal.com\/blog\/#organization\"},\"image\":{\"@id\":\"https:\/\/www.carideal.com\/blog\/2013\/10\/05\/le-nouveau-jeep-cherokee-2014\/#primaryimage\"},\"thumbnailUrl\":\"https:\/\/www.carideal.com\/blog\/wp-content\/uploads\/2013\/10\/jeepcherokee2014caridealactualits-1381079734.jpg\",\"articleSection\":[\"4X4 Actualit\u00e9\",\"Actualit\u00e9 Constructeur automobile\",\"Actualit\u00e9 Jeep\",\"SUV\",\"Type de v\u00e9hicule\"],\"inLanguage\":\"fr-FR\",\"potentialAction\":[{\"@type\":\"CommentAction\",\"name\":\"Comment\",\"target\":[\"https:\/\/www.carideal.com\/blog\/2013\/10\/05\/le-nouveau-jeep-cherokee-2014\/#respond\"]}]},{\"@type\":\"WebPage\",\"@id\":\"https:\/\/www.carideal.com\/blog\/2013\/10\/05\/le-nouveau-jeep-cherokee-2014\/\",\"url\":\"https:\/\/www.carideal.com\/blog\/2013\/10\/05\/le-nouveau-jeep-cherokee-2014\/\",\"name\":\"Le nouveau Jeep Cherokee 2014 - Blog auto Carid\u00e9al\",\"isPartOf\":{\"@id\":\"https:\/\/www.carideal.com\/blog\/#website\"},\"primaryImageOfPage\":{\"@id\":\"https:\/\/www.carideal.com\/blog\/2013\/10\/05\/le-nouveau-jeep-cherokee-2014\/#primaryimage\"},\"image\":{\"@id\":\"https:\/\/www.carideal.com\/blog\/2013\/10\/05\/le-nouveau-jeep-cherokee-2014\/#primaryimage\"},\"thumbnailUrl\":\"https:\/\/www.carideal.com\/blog\/wp-content\/uploads\/2013\/10\/jeepcherokee2014caridealactualits-1381079734.jpg\",\"datePublished\":\"2013-10-05T22:00:00+00:00\",\"dateModified\":\"2017-01-26T09:09:34+00:00\",\"breadcrumb\":{\"@id\":\"https:\/\/www.carideal.com\/blog\/2013\/10\/05\/le-nouveau-jeep-cherokee-2014\/#breadcrumb\"},\"inLanguage\":\"fr-FR\",\"potentialAction\":[{\"@type\":\"ReadAction\",\"target\":[\"https:\/\/www.carideal.com\/blog\/2013\/10\/05\/le-nouveau-jeep-cherokee-2014\/\"]}]},{\"@type\":\"ImageObject\",\"inLanguage\":\"fr-FR\",\"@id\":\"https:\/\/www.carideal.com\/blog\/2013\/10\/05\/le-nouveau-jeep-cherokee-2014\/#primaryimage\",\"url\":\"https:\/\/www.carideal.com\/blog\/wp-content\/uploads\/2013\/10\/jeepcherokee2014caridealactualits-1381079734.jpg\",\"contentUrl\":\"https:\/\/www.carideal.com\/blog\/wp-content\/uploads\/2013\/10\/jeepcherokee2014caridealactualits-1381079734.jpg\",\"width\":628,\"height\":432,\"caption\":\"Jeep Cherokee 2014\"},{\"@type\":\"BreadcrumbList\",\"@id\":\"https:\/\/www.carideal.com\/blog\/2013\/10\/05\/le-nouveau-jeep-cherokee-2014\/#breadcrumb\",\"itemListElement\":[{\"@type\":\"ListItem\",\"position\":1,\"name\":\"Blog Carid\u00e9al\",\"item\":\"https:\/\/www.carideal.com\/blog\/\"},{\"@type\":\"ListItem\",\"position\":2,\"name\":\"Actualit\u00e9 constructeur automobile\",\"item\":\"https:\/\/www.carideal.com\/blog\/constructeur\/\"},{\"@type\":\"ListItem\",\"position\":3,\"name\":\"Actualit\u00e9 Jeep\",\"item\":\"https:\/\/www.carideal.com\/blog\/constructeur\/jeep\/\"},{\"@type\":\"ListItem\",\"position\":4,\"name\":\"Le nouveau Jeep Cherokee 2014\"}]},{\"@type\":\"WebSite\",\"@id\":\"https:\/\/www.carideal.com\/blog\/#website\",\"url\":\"https:\/\/www.carideal.com\/blog\/\",\"name\":\"Blog auto Carid\u00e9al\",\"description\":\"Actualit\u00e9 auto par des passionn\u00e9s\",\"publisher\":{\"@id\":\"https:\/\/www.carideal.com\/blog\/#organization\"},\"potentialAction\":[{\"@type\":\"SearchAction\",\"target\":{\"@type\":\"EntryPoint\",\"urlTemplate\":\"https:\/\/www.carideal.com\/blog\/?s={search_term_string}\"},\"query-input\":{\"@type\":\"PropertyValueSpecification\",\"valueRequired\":true,\"valueName\":\"search_term_string\"}}],\"inLanguage\":\"fr-FR\"},{\"@type\":\"Organization\",\"@id\":\"https:\/\/www.carideal.com\/blog\/#organization\",\"name\":\"Carideal\",\"url\":\"https:\/\/www.carideal.com\/blog\/\",\"logo\":{\"@type\":\"ImageObject\",\"inLanguage\":\"fr-FR\",\"@id\":\"https:\/\/www.carideal.com\/blog\/#\/schema\/logo\/image\/\",\"url\":\"http:\/\/www.carideal.com\/blog\/wp-content\/uploads\/2016\/03\/logo-carideal-mandataire-automobile.png\",\"contentUrl\":\"http:\/\/www.carideal.com\/blog\/wp-content\/uploads\/2016\/03\/logo-carideal-mandataire-automobile.png\",\"width\":300,\"height\":300,\"caption\":\"Carideal\"},\"image\":{\"@id\":\"https:\/\/www.carideal.com\/blog\/#\/schema\/logo\/image\/\"},\"sameAs\":[\"https:\/\/www.facebook.com\/Carideal.mandataire.automobile\",\"https:\/\/x.com\/caridealauto\",\"https:\/\/www.instagram.com\/carideal1\/\",\"https:\/\/www.linkedin.com\/company\/carideal.com\",\"https:\/\/fr.pinterest.com\/schiavonsas\/\",\"https:\/\/www.youtube.com\/user\/caridealsas\"]},{\"@type\":\"Person\",\"@id\":\"https:\/\/www.carideal.com\/blog\/#\/schema\/person\/cd95dc7919660de90d31b366f85be1ec\",\"name\":\"Nicolas SCHIAVON\",\"image\":{\"@type\":\"ImageObject\",\"inLanguage\":\"fr-FR\",\"@id\":\"https:\/\/www.carideal.com\/blog\/#\/schema\/person\/image\/\",\"url\":\"https:\/\/secure.gravatar.com\/avatar\/c17e55009e671d92cc7f5dc837dc418a?s=96&r=g\",\"contentUrl\":\"https:\/\/secure.gravatar.com\/avatar\/c17e55009e671d92cc7f5dc837dc418a?s=96&r=g\",\"caption\":\"Nicolas SCHIAVON\"},\"description\":\"Nicolas Schiavon est tomb\u00e9 tout petit dans la marmite automobile. Ayant eu un garage de marque automobile, mandataire automobile de la premi\u00e8re heure d\u00e8s 1999. Nicolas a cr\u00e9\u00e9 ces premiers sites de vente de voiture et blog automobile d\u00e8s 1994. Carideal est n\u00e9 le 15 d\u00e9cembre 2000 de la volont\u00e9 de vendre des voitures d'occasions en ligne puis des voitures neuves. Il a pu essayer beaucoup de voitures tr\u00e8s diff\u00e9rentes et ayant eu personnellement quelques belles autos, Subaru Impreza, Mitsubishi Lancer Evo 7, Porsche 911, Ferrari Testarrossa, Audi RS3, RS4 et j'en passe...\",\"sameAs\":[\"http:\/\/www.carideal.com\",\"https:\/\/www.facebook.com\/nicolas.schiavon.39\",\"https:\/\/www.instagram.com\/carideal1\/\",\"https:\/\/www.linkedin.com\/in\/nschiavon\/\",\"https:\/\/x.com\/caridealauto\",\"https:\/\/www.youtube.com\/user\/caridealsas\/\"],\"url\":\"https:\/\/www.carideal.com\/blog\/author\/nschiavon\/\"}]}<\/script>\n<!-- \/ Yoast SEO plugin. -->","yoast_head_json":{"title":"Le nouveau Jeep Cherokee 2014 - Blog auto Carid\u00e9al","robots":{"index":"index","follow":"follow","max-snippet":"max-snippet:-1","max-image-preview":"max-image-preview:large","max-video-preview":"max-video-preview:-1"},"canonical":"https:\/\/www.carideal.com\/blog\/2013\/10\/05\/le-nouveau-jeep-cherokee-2014\/","og_locale":"fr_FR","og_type":"article","og_title":"Le nouveau Jeep Cherokee 2014 - Blog auto Carid\u00e9al","og_description":"Le Nouveau Jeep Cherokee 2014 Le Nouveau Jeep Cherokee 2014. Jeep renouvelle son Cherokee et rompt radicalement avec l'ancienne version, plus moderne, son esth\u00e9tique radicale, l'\u00e9clairage est r\u00e9parti sur trois niveaux, et sa calandre \u00e0 sept barres conserve le cot\u00e9 historique, tandis que les feux fins lui donnent un look tr\u00e8s futuriste. Il se distingue ... Lire plus","og_url":"https:\/\/www.carideal.com\/blog\/2013\/10\/05\/le-nouveau-jeep-cherokee-2014\/","og_site_name":"Blog auto Carid\u00e9al","article_publisher":"https:\/\/www.facebook.com\/Carideal.mandataire.automobile","article_author":"https:\/\/www.facebook.com\/nicolas.schiavon.39","article_published_time":"2013-10-05T22:00:00+00:00","article_modified_time":"2017-01-26T09:09:34+00:00","og_image":[{"width":628,"height":432,"url":"https:\/\/www.carideal.com\/blog\/wp-content\/uploads\/2013\/10\/jeepcherokee2014caridealactualits-1381079734.jpg","type":"image\/jpeg"}],"author":"Nicolas SCHIAVON","twitter_card":"summary_large_image","twitter_creator":"@caridealauto","twitter_site":"@caridealauto","twitter_misc":{"\u00c9crit par":"Nicolas SCHIAVON","Dur\u00e9e de lecture estim\u00e9e":"1 minute"},"schema":{"@context":"https:\/\/schema.org","@graph":[{"@type":"Article","@id":"https:\/\/www.carideal.com\/blog\/2013\/10\/05\/le-nouveau-jeep-cherokee-2014\/#article","isPartOf":{"@id":"https:\/\/www.carideal.com\/blog\/2013\/10\/05\/le-nouveau-jeep-cherokee-2014\/"},"author":{"name":"Nicolas SCHIAVON","@id":"https:\/\/www.carideal.com\/blog\/#\/schema\/person\/cd95dc7919660de90d31b366f85be1ec"},"headline":"Le nouveau Jeep Cherokee 2014","datePublished":"2013-10-05T22:00:00+00:00","dateModified":"2017-01-26T09:09:34+00:00","mainEntityOfPage":{"@id":"https:\/\/www.carideal.com\/blog\/2013\/10\/05\/le-nouveau-jeep-cherokee-2014\/"},"wordCount":215,"commentCount":0,"publisher":{"@id":"https:\/\/www.carideal.com\/blog\/#organization"},"image":{"@id":"https:\/\/www.carideal.com\/blog\/2013\/10\/05\/le-nouveau-jeep-cherokee-2014\/#primaryimage"},"thumbnailUrl":"https:\/\/www.carideal.com\/blog\/wp-content\/uploads\/2013\/10\/jeepcherokee2014caridealactualits-1381079734.jpg","articleSection":["4X4 Actualit\u00e9","Actualit\u00e9 Constructeur automobile","Actualit\u00e9 Jeep","SUV","Type de v\u00e9hicule"],"inLanguage":"fr-FR","potentialAction":[{"@type":"CommentAction","name":"Comment","target":["https:\/\/www.carideal.com\/blog\/2013\/10\/05\/le-nouveau-jeep-cherokee-2014\/#respond"]}]},{"@type":"WebPage","@id":"https:\/\/www.carideal.com\/blog\/2013\/10\/05\/le-nouveau-jeep-cherokee-2014\/","url":"https:\/\/www.carideal.com\/blog\/2013\/10\/05\/le-nouveau-jeep-cherokee-2014\/","name":"Le nouveau Jeep Cherokee 2014 - Blog auto Carid\u00e9al","isPartOf":{"@id":"https:\/\/www.carideal.com\/blog\/#website"},"primaryImageOfPage":{"@id":"https:\/\/www.carideal.com\/blog\/2013\/10\/05\/le-nouveau-jeep-cherokee-2014\/#primaryimage"},"image":{"@id":"https:\/\/www.carideal.com\/blog\/2013\/10\/05\/le-nouveau-jeep-cherokee-2014\/#primaryimage"},"thumbnailUrl":"https:\/\/www.carideal.com\/blog\/wp-content\/uploads\/2013\/10\/jeepcherokee2014caridealactualits-1381079734.jpg","datePublished":"2013-10-05T22:00:00+00:00","dateModified":"2017-01-26T09:09:34+00:00","breadcrumb":{"@id":"https:\/\/www.carideal.com\/blog\/2013\/10\/05\/le-nouveau-jeep-cherokee-2014\/#breadcrumb"},"inLanguage":"fr-FR","potentialAction":[{"@type":"ReadAction","target":["https:\/\/www.carideal.com\/blog\/2013\/10\/05\/le-nouveau-jeep-cherokee-2014\/"]}]},{"@type":"ImageObject","inLanguage":"fr-FR","@id":"https:\/\/www.carideal.com\/blog\/2013\/10\/05\/le-nouveau-jeep-cherokee-2014\/#primaryimage","url":"https:\/\/www.carideal.com\/blog\/wp-content\/uploads\/2013\/10\/jeepcherokee2014caridealactualits-1381079734.jpg","contentUrl":"https:\/\/www.carideal.com\/blog\/wp-content\/uploads\/2013\/10\/jeepcherokee2014caridealactualits-1381079734.jpg","width":628,"height":432,"caption":"Jeep Cherokee 2014"},{"@type":"BreadcrumbList","@id":"https:\/\/www.carideal.com\/blog\/2013\/10\/05\/le-nouveau-jeep-cherokee-2014\/#breadcrumb","itemListElement":[{"@type":"ListItem","position":1,"name":"Blog Carid\u00e9al","item":"https:\/\/www.carideal.com\/blog\/"},{"@type":"ListItem","position":2,"name":"Actualit\u00e9 constructeur automobile","item":"https:\/\/www.carideal.com\/blog\/constructeur\/"},{"@type":"ListItem","position":3,"name":"Actualit\u00e9 Jeep","item":"https:\/\/www.carideal.com\/blog\/constructeur\/jeep\/"},{"@type":"ListItem","position":4,"name":"Le nouveau Jeep Cherokee 2014"}]},{"@type":"WebSite","@id":"https:\/\/www.carideal.com\/blog\/#website","url":"https:\/\/www.carideal.com\/blog\/","name":"Blog auto Carid\u00e9al","description":"Actualit\u00e9 auto par des passionn\u00e9s","publisher":{"@id":"https:\/\/www.carideal.com\/blog\/#organization"},"potentialAction":[{"@type":"SearchAction","target":{"@type":"EntryPoint","urlTemplate":"https:\/\/www.carideal.com\/blog\/?s={search_term_string}"},"query-input":{"@type":"PropertyValueSpecification","valueRequired":true,"valueName":"search_term_string"}}],"inLanguage":"fr-FR"},{"@type":"Organization","@id":"https:\/\/www.carideal.com\/blog\/#organization","name":"Carideal","url":"https:\/\/www.carideal.com\/blog\/","logo":{"@type":"ImageObject","inLanguage":"fr-FR","@id":"https:\/\/www.carideal.com\/blog\/#\/schema\/logo\/image\/","url":"http:\/\/www.carideal.com\/blog\/wp-content\/uploads\/2016\/03\/logo-carideal-mandataire-automobile.png","contentUrl":"http:\/\/www.carideal.com\/blog\/wp-content\/uploads\/2016\/03\/logo-carideal-mandataire-automobile.png","width":300,"height":300,"caption":"Carideal"},"image":{"@id":"https:\/\/www.carideal.com\/blog\/#\/schema\/logo\/image\/"},"sameAs":["https:\/\/www.facebook.com\/Carideal.mandataire.automobile","https:\/\/x.com\/caridealauto","https:\/\/www.instagram.com\/carideal1\/","https:\/\/www.linkedin.com\/company\/carideal.com","https:\/\/fr.pinterest.com\/schiavonsas\/","https:\/\/www.youtube.com\/user\/caridealsas"]},{"@type":"Person","@id":"https:\/\/www.carideal.com\/blog\/#\/schema\/person\/cd95dc7919660de90d31b366f85be1ec","name":"Nicolas SCHIAVON","image":{"@type":"ImageObject","inLanguage":"fr-FR","@id":"https:\/\/www.carideal.com\/blog\/#\/schema\/person\/image\/","url":"https:\/\/secure.gravatar.com\/avatar\/c17e55009e671d92cc7f5dc837dc418a?s=96&r=g","contentUrl":"https:\/\/secure.gravatar.com\/avatar\/c17e55009e671d92cc7f5dc837dc418a?s=96&r=g","caption":"Nicolas SCHIAVON"},"description":"Nicolas Schiavon est tomb\u00e9 tout petit dans la marmite automobile. Ayant eu un garage de marque automobile, mandataire automobile de la premi\u00e8re heure d\u00e8s 1999. Nicolas a cr\u00e9\u00e9 ces premiers sites de vente de voiture et blog automobile d\u00e8s 1994. Carideal est n\u00e9 le 15 d\u00e9cembre 2000 de la volont\u00e9 de vendre des voitures d'occasions en ligne puis des voitures neuves. Il a pu essayer beaucoup de voitures tr\u00e8s diff\u00e9rentes et ayant eu personnellement quelques belles autos, Subaru Impreza, Mitsubishi Lancer Evo 7, Porsche 911, Ferrari Testarrossa, Audi RS3, RS4 et j'en passe...","sameAs":["http:\/\/www.carideal.com","https:\/\/www.facebook.com\/nicolas.schiavon.39","https:\/\/www.instagram.com\/carideal1\/","https:\/\/www.linkedin.com\/in\/nschiavon\/","https:\/\/x.com\/caridealauto","https:\/\/www.youtube.com\/user\/caridealsas\/"],"url":"https:\/\/www.carideal.com\/blog\/author\/nschiavon\/"}]}},"uagb_featured_image_src":{"full":["https:\/\/www.carideal.com\/blog\/wp-content\/uploads\/2013\/10\/jeepcherokee2014caridealactualits-1381079734.jpg",628,432,false],"thumbnail":["https:\/\/www.carideal.com\/blog\/wp-content\/uploads\/2013\/10\/jeepcherokee2014caridealactualits-1381079734-150x150.jpg",150,150,true],"medium":["https:\/\/www.carideal.com\/blog\/wp-content\/uploads\/2013\/10\/jeepcherokee2014caridealactualits-1381079734-300x206.jpg",300,206,true],"medium_large":["https:\/\/www.carideal.com\/blog\/wp-content\/uploads\/2013\/10\/jeepcherokee2014caridealactualits-1381079734.jpg",628,432,false],"large":["https:\/\/www.carideal.com\/blog\/wp-content\/uploads\/2013\/10\/jeepcherokee2014caridealactualits-1381079734.jpg",628,432,false],"1536x1536":["https:\/\/www.carideal.com\/blog\/wp-content\/uploads\/2013\/10\/jeepcherokee2014caridealactualits-1381079734.jpg",628,432,false],"2048x2048":["https:\/\/www.carideal.com\/blog\/wp-content\/uploads\/2013\/10\/jeepcherokee2014caridealactualits-1381079734.jpg",628,432,false],"wppr-widget":["https:\/\/www.carideal.com\/blog\/wp-content\/uploads\/2013\/10\/jeepcherokee2014caridealactualits-1381079734.jpg",50,34,false]},"uagb_author_info":{"display_name":"Nicolas SCHIAVON","author_link":"https:\/\/www.carideal.com\/blog\/author\/nschiavon\/"},"uagb_comment_info":0,"uagb_excerpt":"Le Nouveau Jeep Cherokee 2014 Le Nouveau Jeep Cherokee 2014. Jeep renouvelle son Cherokee et rompt radicalement avec l'ancienne version, plus moderne, son esth\u00e9tique radicale, l'\u00e9clairage est r\u00e9parti sur trois niveaux, et sa calandre \u00e0 sept barres conserve le cot\u00e9 historique, tandis que les feux fins lui donnent un look tr\u00e8s futuriste. Il se distingue\u2026","_links":{"self":[{"href":"https:\/\/www.carideal.com\/blog\/wp-json\/wp\/v2\/posts\/5272"}],"collection":[{"href":"https:\/\/www.carideal.com\/blog\/wp-json\/wp\/v2\/posts"}],"about":[{"href":"https:\/\/www.carideal.com\/blog\/wp-json\/wp\/v2\/types\/post"}],"author":[{"embeddable":true,"href":"https:\/\/www.carideal.com\/blog\/wp-json\/wp\/v2\/users\/3"}],"replies":[{"embeddable":true,"href":"https:\/\/www.carideal.com\/blog\/wp-json\/wp\/v2\/comments?post=5272"}],"version-history":[{"count":0,"href":"https:\/\/www.carideal.com\/blog\/wp-json\/wp\/v2\/posts\/5272\/revisions"}],"wp:featuredmedia":[{"embeddable":true,"href":"https:\/\/www.carideal.com\/blog\/wp-json\/wp\/v2\/media\/15000"}],"wp:attachment":[{"href":"https:\/\/www.carideal.com\/blog\/wp-json\/wp\/v2\/media?parent=5272"}],"wp:term":[{"taxonomy":"category","embeddable":true,"href":"https:\/\/www.carideal.com\/blog\/wp-json\/wp\/v2\/categories?post=5272"},{"taxonomy":"post_tag","embeddable":true,"href":"https:\/\/www.carideal.com\/blog\/wp-json\/wp\/v2\/tags?post=5272"}],"curies":[{"name":"wp","href":"https:\/\/api.w.org\/{rel}","templated":true}]}}