{"id":5256,"date":"2013-09-12T22:00:00","date_gmt":"2013-09-12T22:00:00","guid":{"rendered":"http:\/\/www.carideal.com\/blog\/2013\/09\/12\/fiscalite-automobile-taxe-poids-lourds\/"},"modified":"2019-03-28T09:06:58","modified_gmt":"2019-03-28T08:06:58","slug":"fiscalite-automobile-taxe-poids-lourds","status":"publish","type":"post","link":"https:\/\/www.carideal.com\/blog\/2013\/09\/12\/fiscalite-automobile-taxe-poids-lourds\/","title":{"rendered":"fiscalite automobile taxe poids lourds"},"content":{"rendered":"<div>\n<h2>Fiscalit\u00e9 automobile : Taxe poids Lourds report\u00e9e<\/h2>\n<\/div>\n<p><strong>Fiscalit\u00e9 automobile : Taxe poids Lourds report\u00e9e<\/strong>. On vient juste de l\u2019apprendre suite \u00e0 la publication du projet de loi de finance de 2014, la taxe poids lourds qui devait rentrer en vigueur le 1er octobre a \u00e9t\u00e9 report\u00e9e au 1er janvier 2014. Cette taxe qui concerne uniquement le transport routier devait rapporter 1.2 Milliard d\u2019euros par an \u00e0 l\u2019Etat.<br \/>\nSelon Eco-Mouv qui g\u00e8re la collecte de cette taxe seulement 200000 camions \u00e9taient \u00e9quip\u00e9s du fameux boitier sur les 800000 concern\u00e9s.<\/p>\n<ul>\n<li><a href=\"http:\/\/www.carideal.com\/\">Toutes nos offres de voiture d'occasion<\/a><\/li>\n<\/ul>\n<p>Normalement \u00e0 partir du 1er octobre 2013, les poids lourds seront tax\u00e9s sur certains tron\u00e7ons routiers, hors autoroute. La taxe sera au kilom\u00e8tre parcouru et en fonction du type de camion et de son attelage de ses \u00e9missions etc. Chaque camion se ra donc \u00e9quip\u00e9 d'un badge sp\u00e9cifique tenant compte de ses caract\u00e9ristiques propres. Le transporteur recevra une facture en fin de mois qui devrait augmenter le co\u00fbt du transport de 3.7%. Le minist\u00e8re de l'\u00e9cologie veut relativiser son impacte argant que le prix du transport ne repr\u00e9sente que 10% du prix de la marchandise aux consommateurs... Mais dites moi , Si le prix du transport passe \u00e0 13.5% le consommateur va bien payer 3.5% de plus non ?<\/p>\n","protected":false},"excerpt":{"rendered":"<p>Fiscalit\u00e9 automobile : Taxe poids Lourds report\u00e9e Fiscalit\u00e9 automobile : Taxe poids Lourds report\u00e9e. On vient juste de l\u2019apprendre suite \u00e0 la publication du projet de loi de finance de 2014, la taxe poids lourds qui devait rentrer en vigueur le 1er octobre a \u00e9t\u00e9 report\u00e9e au 1er janvier 2014. Cette taxe qui concerne uniquement &#8230; <a title=\"fiscalite automobile taxe poids lourds\" class=\"read-more\" href=\"https:\/\/www.carideal.com\/blog\/2013\/09\/12\/fiscalite-automobile-taxe-poids-lourds\/\" aria-label=\"En savoir plus sur fiscalite automobile taxe poids lourds\">Lire plus<\/a><\/p>\n","protected":false},"author":3,"featured_media":19212,"comment_status":"open","ping_status":"open","sticky":false,"template":"","format":"standard","meta":{"_uag_custom_page_level_css":"","_themeisle_gutenberg_block_has_review":false,"footnotes":""},"categories":[21],"tags":[],"class_list":["post-5256","post","type-post","status-publish","format-standard","has-post-thumbnail","hentry","category-actualites-auto"],"wppr_data":{"cwp_meta_box_check":"No"},"yoast_head":"<!-- This site is optimized with the Yoast SEO plugin v24.8.1 - https:\/\/yoast.com\/wordpress\/plugins\/seo\/ -->\n<title>fiscalite automobile taxe poids lourds - Blog auto Carid\u00e9al<\/title>\n<meta name=\"description\" content=\"On vient juste de l&#039;apprendre en ce qui concerne la fiscalit\u00e9 automobile la taxe poids lours est report\u00e9e suivez les actus auto sur le blog Carideal\" \/>\n<meta name=\"robots\" content=\"index, follow, max-snippet:-1, max-image-preview:large, max-video-preview:-1\" \/>\n<link rel=\"canonical\" href=\"https:\/\/www.carideal.com\/blog\/2013\/09\/12\/fiscalite-automobile-taxe-poids-lourds\/\" \/>\n<meta property=\"og:locale\" content=\"fr_FR\" \/>\n<meta property=\"og:type\" content=\"article\" \/>\n<meta property=\"og:title\" content=\"fiscalite automobile taxe poids lourds - Blog auto Carid\u00e9al\" \/>\n<meta property=\"og:description\" content=\"On vient juste de l&#039;apprendre en ce qui concerne la fiscalit\u00e9 automobile la taxe poids lours est report\u00e9e suivez les actus auto sur le blog Carideal\" \/>\n<meta property=\"og:url\" content=\"https:\/\/www.carideal.com\/blog\/2013\/09\/12\/fiscalite-automobile-taxe-poids-lourds\/\" \/>\n<meta property=\"og:site_name\" content=\"Blog auto Carid\u00e9al\" \/>\n<meta property=\"article:publisher\" content=\"https:\/\/www.facebook.com\/Carideal.mandataire.automobile\" \/>\n<meta property=\"article:author\" content=\"https:\/\/www.facebook.com\/nicolas.schiavon.39\" \/>\n<meta property=\"article:published_time\" content=\"2013-09-12T22:00:00+00:00\" \/>\n<meta property=\"article:modified_time\" content=\"2019-03-28T08:06:58+00:00\" \/>\n<meta property=\"og:image\" content=\"https:\/\/www.carideal.com\/blog\/wp-content\/uploads\/2013\/09\/fiscalitautomobiletaxepoidslourdscaridealactualits-1379057212.jpg\" \/>\n\t<meta property=\"og:image:width\" content=\"400\" \/>\n\t<meta property=\"og:image:height\" content=\"300\" \/>\n\t<meta property=\"og:image:type\" content=\"image\/jpeg\" \/>\n<meta name=\"author\" content=\"Nicolas SCHIAVON\" \/>\n<meta name=\"twitter:card\" content=\"summary_large_image\" \/>\n<meta name=\"twitter:creator\" content=\"@caridealauto\" \/>\n<meta name=\"twitter:site\" content=\"@caridealauto\" \/>\n<meta name=\"twitter:label1\" content=\"\u00c9crit par\" \/>\n\t<meta name=\"twitter:data1\" content=\"Nicolas SCHIAVON\" \/>\n\t<meta name=\"twitter:label2\" content=\"Dur\u00e9e de lecture estim\u00e9e\" \/>\n\t<meta name=\"twitter:data2\" content=\"1 minute\" \/>\n<script type=\"application\/ld+json\" class=\"yoast-schema-graph\">{\"@context\":\"https:\/\/schema.org\",\"@graph\":[{\"@type\":\"Article\",\"@id\":\"https:\/\/www.carideal.com\/blog\/2013\/09\/12\/fiscalite-automobile-taxe-poids-lourds\/#article\",\"isPartOf\":{\"@id\":\"https:\/\/www.carideal.com\/blog\/2013\/09\/12\/fiscalite-automobile-taxe-poids-lourds\/\"},\"author\":{\"name\":\"Nicolas SCHIAVON\",\"@id\":\"https:\/\/www.carideal.com\/blog\/#\/schema\/person\/cd95dc7919660de90d31b366f85be1ec\"},\"headline\":\"fiscalite automobile taxe poids lourds\",\"datePublished\":\"2013-09-12T22:00:00+00:00\",\"dateModified\":\"2019-03-28T08:06:58+00:00\",\"mainEntityOfPage\":{\"@id\":\"https:\/\/www.carideal.com\/blog\/2013\/09\/12\/fiscalite-automobile-taxe-poids-lourds\/\"},\"wordCount\":218,\"commentCount\":0,\"publisher\":{\"@id\":\"https:\/\/www.carideal.com\/blog\/#organization\"},\"image\":{\"@id\":\"https:\/\/www.carideal.com\/blog\/2013\/09\/12\/fiscalite-automobile-taxe-poids-lourds\/#primaryimage\"},\"thumbnailUrl\":\"https:\/\/www.carideal.com\/blog\/wp-content\/uploads\/2013\/09\/fiscalitautomobiletaxepoidslourdscaridealactualits-1379057212.jpg\",\"articleSection\":[\"Actualit\u00e9 automobile\"],\"inLanguage\":\"fr-FR\",\"potentialAction\":[{\"@type\":\"CommentAction\",\"name\":\"Comment\",\"target\":[\"https:\/\/www.carideal.com\/blog\/2013\/09\/12\/fiscalite-automobile-taxe-poids-lourds\/#respond\"]}]},{\"@type\":\"WebPage\",\"@id\":\"https:\/\/www.carideal.com\/blog\/2013\/09\/12\/fiscalite-automobile-taxe-poids-lourds\/\",\"url\":\"https:\/\/www.carideal.com\/blog\/2013\/09\/12\/fiscalite-automobile-taxe-poids-lourds\/\",\"name\":\"fiscalite automobile taxe poids lourds - Blog auto Carid\u00e9al\",\"isPartOf\":{\"@id\":\"https:\/\/www.carideal.com\/blog\/#website\"},\"primaryImageOfPage\":{\"@id\":\"https:\/\/www.carideal.com\/blog\/2013\/09\/12\/fiscalite-automobile-taxe-poids-lourds\/#primaryimage\"},\"image\":{\"@id\":\"https:\/\/www.carideal.com\/blog\/2013\/09\/12\/fiscalite-automobile-taxe-poids-lourds\/#primaryimage\"},\"thumbnailUrl\":\"https:\/\/www.carideal.com\/blog\/wp-content\/uploads\/2013\/09\/fiscalitautomobiletaxepoidslourdscaridealactualits-1379057212.jpg\",\"datePublished\":\"2013-09-12T22:00:00+00:00\",\"dateModified\":\"2019-03-28T08:06:58+00:00\",\"description\":\"On vient juste de l'apprendre en ce qui concerne la fiscalit\u00e9 automobile la taxe poids lours est report\u00e9e suivez les actus auto sur le blog Carideal\",\"breadcrumb\":{\"@id\":\"https:\/\/www.carideal.com\/blog\/2013\/09\/12\/fiscalite-automobile-taxe-poids-lourds\/#breadcrumb\"},\"inLanguage\":\"fr-FR\",\"potentialAction\":[{\"@type\":\"ReadAction\",\"target\":[\"https:\/\/www.carideal.com\/blog\/2013\/09\/12\/fiscalite-automobile-taxe-poids-lourds\/\"]}]},{\"@type\":\"ImageObject\",\"inLanguage\":\"fr-FR\",\"@id\":\"https:\/\/www.carideal.com\/blog\/2013\/09\/12\/fiscalite-automobile-taxe-poids-lourds\/#primaryimage\",\"url\":\"https:\/\/www.carideal.com\/blog\/wp-content\/uploads\/2013\/09\/fiscalitautomobiletaxepoidslourdscaridealactualits-1379057212.jpg\",\"contentUrl\":\"https:\/\/www.carideal.com\/blog\/wp-content\/uploads\/2013\/09\/fiscalitautomobiletaxepoidslourdscaridealactualits-1379057212.jpg\",\"width\":400,\"height\":300,\"caption\":\"fiscalit\u00e9 automobile taxe poids lourd report\u00e9e\"},{\"@type\":\"BreadcrumbList\",\"@id\":\"https:\/\/www.carideal.com\/blog\/2013\/09\/12\/fiscalite-automobile-taxe-poids-lourds\/#breadcrumb\",\"itemListElement\":[{\"@type\":\"ListItem\",\"position\":1,\"name\":\"Blog Carid\u00e9al\",\"item\":\"https:\/\/www.carideal.com\/blog\/\"},{\"@type\":\"ListItem\",\"position\":2,\"name\":\"Actualit\u00e9 automobile\",\"item\":\"https:\/\/www.carideal.com\/blog\/actualites-auto\/\"},{\"@type\":\"ListItem\",\"position\":3,\"name\":\"fiscalite automobile taxe poids lourds\"}]},{\"@type\":\"WebSite\",\"@id\":\"https:\/\/www.carideal.com\/blog\/#website\",\"url\":\"https:\/\/www.carideal.com\/blog\/\",\"name\":\"Blog auto Carid\u00e9al\",\"description\":\"Actualit\u00e9 auto par des passionn\u00e9s\",\"publisher\":{\"@id\":\"https:\/\/www.carideal.com\/blog\/#organization\"},\"potentialAction\":[{\"@type\":\"SearchAction\",\"target\":{\"@type\":\"EntryPoint\",\"urlTemplate\":\"https:\/\/www.carideal.com\/blog\/?s={search_term_string}\"},\"query-input\":{\"@type\":\"PropertyValueSpecification\",\"valueRequired\":true,\"valueName\":\"search_term_string\"}}],\"inLanguage\":\"fr-FR\"},{\"@type\":\"Organization\",\"@id\":\"https:\/\/www.carideal.com\/blog\/#organization\",\"name\":\"Carideal\",\"url\":\"https:\/\/www.carideal.com\/blog\/\",\"logo\":{\"@type\":\"ImageObject\",\"inLanguage\":\"fr-FR\",\"@id\":\"https:\/\/www.carideal.com\/blog\/#\/schema\/logo\/image\/\",\"url\":\"http:\/\/www.carideal.com\/blog\/wp-content\/uploads\/2016\/03\/logo-carideal-mandataire-automobile.png\",\"contentUrl\":\"http:\/\/www.carideal.com\/blog\/wp-content\/uploads\/2016\/03\/logo-carideal-mandataire-automobile.png\",\"width\":300,\"height\":300,\"caption\":\"Carideal\"},\"image\":{\"@id\":\"https:\/\/www.carideal.com\/blog\/#\/schema\/logo\/image\/\"},\"sameAs\":[\"https:\/\/www.facebook.com\/Carideal.mandataire.automobile\",\"https:\/\/x.com\/caridealauto\",\"https:\/\/www.instagram.com\/carideal1\/\",\"https:\/\/www.linkedin.com\/company\/carideal.com\",\"https:\/\/fr.pinterest.com\/schiavonsas\/\",\"https:\/\/www.youtube.com\/user\/caridealsas\"]},{\"@type\":\"Person\",\"@id\":\"https:\/\/www.carideal.com\/blog\/#\/schema\/person\/cd95dc7919660de90d31b366f85be1ec\",\"name\":\"Nicolas SCHIAVON\",\"image\":{\"@type\":\"ImageObject\",\"inLanguage\":\"fr-FR\",\"@id\":\"https:\/\/www.carideal.com\/blog\/#\/schema\/person\/image\/\",\"url\":\"https:\/\/secure.gravatar.com\/avatar\/c17e55009e671d92cc7f5dc837dc418a?s=96&r=g\",\"contentUrl\":\"https:\/\/secure.gravatar.com\/avatar\/c17e55009e671d92cc7f5dc837dc418a?s=96&r=g\",\"caption\":\"Nicolas SCHIAVON\"},\"description\":\"Nicolas Schiavon est tomb\u00e9 tout petit dans la marmite automobile. Ayant eu un garage de marque automobile, mandataire automobile de la premi\u00e8re heure d\u00e8s 1999. Nicolas a cr\u00e9\u00e9 ces premiers sites de vente de voiture et blog automobile d\u00e8s 1994. Carideal est n\u00e9 le 15 d\u00e9cembre 2000 de la volont\u00e9 de vendre des voitures d'occasions en ligne puis des voitures neuves. Il a pu essayer beaucoup de voitures tr\u00e8s diff\u00e9rentes et ayant eu personnellement quelques belles autos, Subaru Impreza, Mitsubishi Lancer Evo 7, Porsche 911, Ferrari Testarrossa, Audi RS3, RS4 et j'en passe...\",\"sameAs\":[\"http:\/\/www.carideal.com\",\"https:\/\/www.facebook.com\/nicolas.schiavon.39\",\"https:\/\/www.instagram.com\/carideal1\/\",\"https:\/\/www.linkedin.com\/in\/nschiavon\/\",\"https:\/\/x.com\/caridealauto\",\"https:\/\/www.youtube.com\/user\/caridealsas\/\"],\"url\":\"https:\/\/www.carideal.com\/blog\/author\/nschiavon\/\"}]}<\/script>\n<!-- \/ Yoast SEO plugin. -->","yoast_head_json":{"title":"fiscalite automobile taxe poids lourds - Blog auto Carid\u00e9al","description":"On vient juste de l'apprendre en ce qui concerne la fiscalit\u00e9 automobile la taxe poids lours est report\u00e9e suivez les actus auto sur le blog Carideal","robots":{"index":"index","follow":"follow","max-snippet":"max-snippet:-1","max-image-preview":"max-image-preview:large","max-video-preview":"max-video-preview:-1"},"canonical":"https:\/\/www.carideal.com\/blog\/2013\/09\/12\/fiscalite-automobile-taxe-poids-lourds\/","og_locale":"fr_FR","og_type":"article","og_title":"fiscalite automobile taxe poids lourds - Blog auto Carid\u00e9al","og_description":"On vient juste de l'apprendre en ce qui concerne la fiscalit\u00e9 automobile la taxe poids lours est report\u00e9e suivez les actus auto sur le blog Carideal","og_url":"https:\/\/www.carideal.com\/blog\/2013\/09\/12\/fiscalite-automobile-taxe-poids-lourds\/","og_site_name":"Blog auto Carid\u00e9al","article_publisher":"https:\/\/www.facebook.com\/Carideal.mandataire.automobile","article_author":"https:\/\/www.facebook.com\/nicolas.schiavon.39","article_published_time":"2013-09-12T22:00:00+00:00","article_modified_time":"2019-03-28T08:06:58+00:00","og_image":[{"width":400,"height":300,"url":"https:\/\/www.carideal.com\/blog\/wp-content\/uploads\/2013\/09\/fiscalitautomobiletaxepoidslourdscaridealactualits-1379057212.jpg","type":"image\/jpeg"}],"author":"Nicolas SCHIAVON","twitter_card":"summary_large_image","twitter_creator":"@caridealauto","twitter_site":"@caridealauto","twitter_misc":{"\u00c9crit par":"Nicolas SCHIAVON","Dur\u00e9e de lecture estim\u00e9e":"1 minute"},"schema":{"@context":"https:\/\/schema.org","@graph":[{"@type":"Article","@id":"https:\/\/www.carideal.com\/blog\/2013\/09\/12\/fiscalite-automobile-taxe-poids-lourds\/#article","isPartOf":{"@id":"https:\/\/www.carideal.com\/blog\/2013\/09\/12\/fiscalite-automobile-taxe-poids-lourds\/"},"author":{"name":"Nicolas SCHIAVON","@id":"https:\/\/www.carideal.com\/blog\/#\/schema\/person\/cd95dc7919660de90d31b366f85be1ec"},"headline":"fiscalite automobile taxe poids lourds","datePublished":"2013-09-12T22:00:00+00:00","dateModified":"2019-03-28T08:06:58+00:00","mainEntityOfPage":{"@id":"https:\/\/www.carideal.com\/blog\/2013\/09\/12\/fiscalite-automobile-taxe-poids-lourds\/"},"wordCount":218,"commentCount":0,"publisher":{"@id":"https:\/\/www.carideal.com\/blog\/#organization"},"image":{"@id":"https:\/\/www.carideal.com\/blog\/2013\/09\/12\/fiscalite-automobile-taxe-poids-lourds\/#primaryimage"},"thumbnailUrl":"https:\/\/www.carideal.com\/blog\/wp-content\/uploads\/2013\/09\/fiscalitautomobiletaxepoidslourdscaridealactualits-1379057212.jpg","articleSection":["Actualit\u00e9 automobile"],"inLanguage":"fr-FR","potentialAction":[{"@type":"CommentAction","name":"Comment","target":["https:\/\/www.carideal.com\/blog\/2013\/09\/12\/fiscalite-automobile-taxe-poids-lourds\/#respond"]}]},{"@type":"WebPage","@id":"https:\/\/www.carideal.com\/blog\/2013\/09\/12\/fiscalite-automobile-taxe-poids-lourds\/","url":"https:\/\/www.carideal.com\/blog\/2013\/09\/12\/fiscalite-automobile-taxe-poids-lourds\/","name":"fiscalite automobile taxe poids lourds - Blog auto Carid\u00e9al","isPartOf":{"@id":"https:\/\/www.carideal.com\/blog\/#website"},"primaryImageOfPage":{"@id":"https:\/\/www.carideal.com\/blog\/2013\/09\/12\/fiscalite-automobile-taxe-poids-lourds\/#primaryimage"},"image":{"@id":"https:\/\/www.carideal.com\/blog\/2013\/09\/12\/fiscalite-automobile-taxe-poids-lourds\/#primaryimage"},"thumbnailUrl":"https:\/\/www.carideal.com\/blog\/wp-content\/uploads\/2013\/09\/fiscalitautomobiletaxepoidslourdscaridealactualits-1379057212.jpg","datePublished":"2013-09-12T22:00:00+00:00","dateModified":"2019-03-28T08:06:58+00:00","description":"On vient juste de l'apprendre en ce qui concerne la fiscalit\u00e9 automobile la taxe poids lours est report\u00e9e suivez les actus auto sur le blog Carideal","breadcrumb":{"@id":"https:\/\/www.carideal.com\/blog\/2013\/09\/12\/fiscalite-automobile-taxe-poids-lourds\/#breadcrumb"},"inLanguage":"fr-FR","potentialAction":[{"@type":"ReadAction","target":["https:\/\/www.carideal.com\/blog\/2013\/09\/12\/fiscalite-automobile-taxe-poids-lourds\/"]}]},{"@type":"ImageObject","inLanguage":"fr-FR","@id":"https:\/\/www.carideal.com\/blog\/2013\/09\/12\/fiscalite-automobile-taxe-poids-lourds\/#primaryimage","url":"https:\/\/www.carideal.com\/blog\/wp-content\/uploads\/2013\/09\/fiscalitautomobiletaxepoidslourdscaridealactualits-1379057212.jpg","contentUrl":"https:\/\/www.carideal.com\/blog\/wp-content\/uploads\/2013\/09\/fiscalitautomobiletaxepoidslourdscaridealactualits-1379057212.jpg","width":400,"height":300,"caption":"fiscalit\u00e9 automobile taxe poids lourd report\u00e9e"},{"@type":"BreadcrumbList","@id":"https:\/\/www.carideal.com\/blog\/2013\/09\/12\/fiscalite-automobile-taxe-poids-lourds\/#breadcrumb","itemListElement":[{"@type":"ListItem","position":1,"name":"Blog Carid\u00e9al","item":"https:\/\/www.carideal.com\/blog\/"},{"@type":"ListItem","position":2,"name":"Actualit\u00e9 automobile","item":"https:\/\/www.carideal.com\/blog\/actualites-auto\/"},{"@type":"ListItem","position":3,"name":"fiscalite automobile taxe poids lourds"}]},{"@type":"WebSite","@id":"https:\/\/www.carideal.com\/blog\/#website","url":"https:\/\/www.carideal.com\/blog\/","name":"Blog auto Carid\u00e9al","description":"Actualit\u00e9 auto par des passionn\u00e9s","publisher":{"@id":"https:\/\/www.carideal.com\/blog\/#organization"},"potentialAction":[{"@type":"SearchAction","target":{"@type":"EntryPoint","urlTemplate":"https:\/\/www.carideal.com\/blog\/?s={search_term_string}"},"query-input":{"@type":"PropertyValueSpecification","valueRequired":true,"valueName":"search_term_string"}}],"inLanguage":"fr-FR"},{"@type":"Organization","@id":"https:\/\/www.carideal.com\/blog\/#organization","name":"Carideal","url":"https:\/\/www.carideal.com\/blog\/","logo":{"@type":"ImageObject","inLanguage":"fr-FR","@id":"https:\/\/www.carideal.com\/blog\/#\/schema\/logo\/image\/","url":"http:\/\/www.carideal.com\/blog\/wp-content\/uploads\/2016\/03\/logo-carideal-mandataire-automobile.png","contentUrl":"http:\/\/www.carideal.com\/blog\/wp-content\/uploads\/2016\/03\/logo-carideal-mandataire-automobile.png","width":300,"height":300,"caption":"Carideal"},"image":{"@id":"https:\/\/www.carideal.com\/blog\/#\/schema\/logo\/image\/"},"sameAs":["https:\/\/www.facebook.com\/Carideal.mandataire.automobile","https:\/\/x.com\/caridealauto","https:\/\/www.instagram.com\/carideal1\/","https:\/\/www.linkedin.com\/company\/carideal.com","https:\/\/fr.pinterest.com\/schiavonsas\/","https:\/\/www.youtube.com\/user\/caridealsas"]},{"@type":"Person","@id":"https:\/\/www.carideal.com\/blog\/#\/schema\/person\/cd95dc7919660de90d31b366f85be1ec","name":"Nicolas SCHIAVON","image":{"@type":"ImageObject","inLanguage":"fr-FR","@id":"https:\/\/www.carideal.com\/blog\/#\/schema\/person\/image\/","url":"https:\/\/secure.gravatar.com\/avatar\/c17e55009e671d92cc7f5dc837dc418a?s=96&r=g","contentUrl":"https:\/\/secure.gravatar.com\/avatar\/c17e55009e671d92cc7f5dc837dc418a?s=96&r=g","caption":"Nicolas SCHIAVON"},"description":"Nicolas Schiavon est tomb\u00e9 tout petit dans la marmite automobile. Ayant eu un garage de marque automobile, mandataire automobile de la premi\u00e8re heure d\u00e8s 1999. Nicolas a cr\u00e9\u00e9 ces premiers sites de vente de voiture et blog automobile d\u00e8s 1994. Carideal est n\u00e9 le 15 d\u00e9cembre 2000 de la volont\u00e9 de vendre des voitures d'occasions en ligne puis des voitures neuves. Il a pu essayer beaucoup de voitures tr\u00e8s diff\u00e9rentes et ayant eu personnellement quelques belles autos, Subaru Impreza, Mitsubishi Lancer Evo 7, Porsche 911, Ferrari Testarrossa, Audi RS3, RS4 et j'en passe...","sameAs":["http:\/\/www.carideal.com","https:\/\/www.facebook.com\/nicolas.schiavon.39","https:\/\/www.instagram.com\/carideal1\/","https:\/\/www.linkedin.com\/in\/nschiavon\/","https:\/\/x.com\/caridealauto","https:\/\/www.youtube.com\/user\/caridealsas\/"],"url":"https:\/\/www.carideal.com\/blog\/author\/nschiavon\/"}]}},"uagb_featured_image_src":{"full":["https:\/\/www.carideal.com\/blog\/wp-content\/uploads\/2013\/09\/fiscalitautomobiletaxepoidslourdscaridealactualits-1379057212.jpg",400,300,false],"thumbnail":["https:\/\/www.carideal.com\/blog\/wp-content\/uploads\/2013\/09\/fiscalitautomobiletaxepoidslourdscaridealactualits-1379057212-150x150.jpg",150,150,true],"medium":["https:\/\/www.carideal.com\/blog\/wp-content\/uploads\/2013\/09\/fiscalitautomobiletaxepoidslourdscaridealactualits-1379057212-300x225.jpg",300,225,true],"medium_large":["https:\/\/www.carideal.com\/blog\/wp-content\/uploads\/2013\/09\/fiscalitautomobiletaxepoidslourdscaridealactualits-1379057212.jpg",400,300,false],"large":["https:\/\/www.carideal.com\/blog\/wp-content\/uploads\/2013\/09\/fiscalitautomobiletaxepoidslourdscaridealactualits-1379057212.jpg",400,300,false],"1536x1536":["https:\/\/www.carideal.com\/blog\/wp-content\/uploads\/2013\/09\/fiscalitautomobiletaxepoidslourdscaridealactualits-1379057212.jpg",400,300,false],"2048x2048":["https:\/\/www.carideal.com\/blog\/wp-content\/uploads\/2013\/09\/fiscalitautomobiletaxepoidslourdscaridealactualits-1379057212.jpg",400,300,false],"wppr-widget":["https:\/\/www.carideal.com\/blog\/wp-content\/uploads\/2013\/09\/fiscalitautomobiletaxepoidslourdscaridealactualits-1379057212-50x38.jpg",50,38,true]},"uagb_author_info":{"display_name":"Nicolas SCHIAVON","author_link":"https:\/\/www.carideal.com\/blog\/author\/nschiavon\/"},"uagb_comment_info":0,"uagb_excerpt":"Fiscalit\u00e9 automobile : Taxe poids Lourds report\u00e9e Fiscalit\u00e9 automobile : Taxe poids Lourds report\u00e9e. On vient juste de l\u2019apprendre suite \u00e0 la publication du projet de loi de finance de 2014, la taxe poids lourds qui devait rentrer en vigueur le 1er octobre a \u00e9t\u00e9 report\u00e9e au 1er janvier 2014. Cette taxe qui concerne uniquement\u2026","_links":{"self":[{"href":"https:\/\/www.carideal.com\/blog\/wp-json\/wp\/v2\/posts\/5256"}],"collection":[{"href":"https:\/\/www.carideal.com\/blog\/wp-json\/wp\/v2\/posts"}],"about":[{"href":"https:\/\/www.carideal.com\/blog\/wp-json\/wp\/v2\/types\/post"}],"author":[{"embeddable":true,"href":"https:\/\/www.carideal.com\/blog\/wp-json\/wp\/v2\/users\/3"}],"replies":[{"embeddable":true,"href":"https:\/\/www.carideal.com\/blog\/wp-json\/wp\/v2\/comments?post=5256"}],"version-history":[{"count":0,"href":"https:\/\/www.carideal.com\/blog\/wp-json\/wp\/v2\/posts\/5256\/revisions"}],"wp:featuredmedia":[{"embeddable":true,"href":"https:\/\/www.carideal.com\/blog\/wp-json\/wp\/v2\/media\/19212"}],"wp:attachment":[{"href":"https:\/\/www.carideal.com\/blog\/wp-json\/wp\/v2\/media?parent=5256"}],"wp:term":[{"taxonomy":"category","embeddable":true,"href":"https:\/\/www.carideal.com\/blog\/wp-json\/wp\/v2\/categories?post=5256"},{"taxonomy":"post_tag","embeddable":true,"href":"https:\/\/www.carideal.com\/blog\/wp-json\/wp\/v2\/tags?post=5256"}],"curies":[{"name":"wp","href":"https:\/\/api.w.org\/{rel}","templated":true}]}}