{"id":5255,"date":"2013-09-11T22:00:00","date_gmt":"2013-09-11T22:00:00","guid":{"rendered":"http:\/\/www.carideal.com\/blog\/2013\/09\/11\/fiscalite-automobile-taxation-des-fluides-frigorigenes\/"},"modified":"2013-09-11T22:00:00","modified_gmt":"2013-09-11T22:00:00","slug":"fiscalite-automobile-taxation-des-fluides-frigorigenes","status":"publish","type":"post","link":"https:\/\/www.carideal.com\/blog\/2013\/09\/11\/fiscalite-automobile-taxation-des-fluides-frigorigenes\/","title":{"rendered":"fiscalite automobile taxation des fluides frigorigenes"},"content":{"rendered":"<div>\n                        <img decoding=\"async\" src=\"http:\/\/www.carideal.com\/images_actualite\/fiscaliteautomobiletaxationfluidesfrigorignecaridealactualits-1379003239.jpg\"><\/p>\n<p>Fiscalit\u00e9 automobile : taxation des Fluides frigor<\/p>\n<\/div>\n<p> Fiscalit\u00e9 automobile : taxation des Fluides frigorig\u00e8nes. Le comit\u00e9 pour la fiscalit\u00e9 \u00e9cologique est parti tous azimuts et a m\u00eame pens\u00e9 \u00e0 taxer les fluides frigorig\u00e8nes, c'est \u00e0 dire le gaz de climatisation qui sont n\u00e9fastes pour la couche d'ozone. Cela parait pourtant difficile \u00e0 mettre en oeuvre, je ne vois pas trop comment taxer la fuite de gaz. L'\u00e9tat a tellement besoin d'argent qu'il est certainement pr\u00eat \u00e0 inventer une machine \u00e0 Gaz c'est le cas de le dire.<br \/>\nL'alliance climatisation froid environnement<br \/>\nqui surveille de pr\u00e8s ce que pourrait dire le CFE temp\u00e8re pourtant car une voiture n'embraque qu'environ 500 g de gaz ce qui est peu. Attendons de voire. <\/p>\n","protected":false},"excerpt":{"rendered":"<p>Fiscalit\u00e9 automobile : taxation des Fluides frigor Fiscalit\u00e9 automobile : taxation des Fluides frigorig\u00e8nes. Le comit\u00e9 pour la fiscalit\u00e9 \u00e9cologique est parti tous azimuts et a m\u00eame pens\u00e9 \u00e0 taxer les fluides frigorig\u00e8nes, c&rsquo;est \u00e0 dire le gaz de climatisation qui sont n\u00e9fastes pour la couche d&rsquo;ozone. Cela parait pourtant difficile \u00e0 mettre en oeuvre, &#8230; <a title=\"fiscalite automobile taxation des fluides frigorigenes\" class=\"read-more\" href=\"https:\/\/www.carideal.com\/blog\/2013\/09\/11\/fiscalite-automobile-taxation-des-fluides-frigorigenes\/\" aria-label=\"En savoir plus sur fiscalite automobile taxation des fluides frigorigenes\">Lire plus<\/a><\/p>\n","protected":false},"author":3,"featured_media":0,"comment_status":"open","ping_status":"open","sticky":false,"template":"","format":"standard","meta":{"_uag_custom_page_level_css":"","_themeisle_gutenberg_block_has_review":false,"footnotes":""},"categories":[21],"tags":[],"class_list":["post-5255","post","type-post","status-publish","format-standard","hentry","category-actualites-auto"],"wppr_data":[],"yoast_head":"<!-- This site is optimized with the Yoast SEO plugin v24.8.1 - https:\/\/yoast.com\/wordpress\/plugins\/seo\/ -->\n<title>fiscalite automobile taxation des fluides frigorigenes - Blog auto Carid\u00e9al<\/title>\n<meta name=\"robots\" content=\"index, follow, max-snippet:-1, max-image-preview:large, max-video-preview:-1\" \/>\n<link rel=\"canonical\" href=\"https:\/\/www.carideal.com\/blog\/2013\/09\/11\/fiscalite-automobile-taxation-des-fluides-frigorigenes\/\" \/>\n<meta property=\"og:locale\" content=\"fr_FR\" \/>\n<meta property=\"og:type\" content=\"article\" \/>\n<meta property=\"og:title\" content=\"fiscalite automobile taxation des fluides frigorigenes - Blog auto Carid\u00e9al\" \/>\n<meta property=\"og:description\" content=\"Fiscalit\u00e9 automobile : taxation des Fluides frigor Fiscalit\u00e9 automobile : taxation des Fluides frigorig\u00e8nes. Le comit\u00e9 pour la fiscalit\u00e9 \u00e9cologique est parti tous azimuts et a m\u00eame pens\u00e9 \u00e0 taxer les fluides frigorig\u00e8nes, c&#039;est \u00e0 dire le gaz de climatisation qui sont n\u00e9fastes pour la couche d&#039;ozone. Cela parait pourtant difficile \u00e0 mettre en oeuvre, ... Lire plus\" \/>\n<meta property=\"og:url\" content=\"https:\/\/www.carideal.com\/blog\/2013\/09\/11\/fiscalite-automobile-taxation-des-fluides-frigorigenes\/\" \/>\n<meta property=\"og:site_name\" content=\"Blog auto Carid\u00e9al\" \/>\n<meta property=\"article:publisher\" content=\"https:\/\/www.facebook.com\/Carideal.mandataire.automobile\" \/>\n<meta property=\"article:author\" content=\"https:\/\/www.facebook.com\/nicolas.schiavon.39\" \/>\n<meta property=\"article:published_time\" content=\"2013-09-11T22:00:00+00:00\" \/>\n<meta property=\"og:image\" content=\"http:\/\/www.carideal.com\/images_actualite\/fiscaliteautomobiletaxationfluidesfrigorignecaridealactualits-1379003239.jpg\" \/>\n<meta name=\"author\" content=\"Nicolas SCHIAVON\" \/>\n<meta name=\"twitter:card\" content=\"summary_large_image\" \/>\n<meta name=\"twitter:creator\" content=\"@caridealauto\" \/>\n<meta name=\"twitter:site\" content=\"@caridealauto\" \/>\n<meta name=\"twitter:label1\" content=\"\u00c9crit par\" \/>\n\t<meta name=\"twitter:data1\" content=\"Nicolas SCHIAVON\" \/>\n\t<meta name=\"twitter:label2\" content=\"Dur\u00e9e de lecture estim\u00e9e\" \/>\n\t<meta name=\"twitter:data2\" content=\"1 minute\" \/>\n<script type=\"application\/ld+json\" class=\"yoast-schema-graph\">{\"@context\":\"https:\/\/schema.org\",\"@graph\":[{\"@type\":\"Article\",\"@id\":\"https:\/\/www.carideal.com\/blog\/2013\/09\/11\/fiscalite-automobile-taxation-des-fluides-frigorigenes\/#article\",\"isPartOf\":{\"@id\":\"https:\/\/www.carideal.com\/blog\/2013\/09\/11\/fiscalite-automobile-taxation-des-fluides-frigorigenes\/\"},\"author\":{\"name\":\"Nicolas SCHIAVON\",\"@id\":\"https:\/\/www.carideal.com\/blog\/#\/schema\/person\/cd95dc7919660de90d31b366f85be1ec\"},\"headline\":\"fiscalite automobile taxation des fluides frigorigenes\",\"datePublished\":\"2013-09-11T22:00:00+00:00\",\"mainEntityOfPage\":{\"@id\":\"https:\/\/www.carideal.com\/blog\/2013\/09\/11\/fiscalite-automobile-taxation-des-fluides-frigorigenes\/\"},\"wordCount\":125,\"commentCount\":0,\"publisher\":{\"@id\":\"https:\/\/www.carideal.com\/blog\/#organization\"},\"image\":{\"@id\":\"https:\/\/www.carideal.com\/blog\/2013\/09\/11\/fiscalite-automobile-taxation-des-fluides-frigorigenes\/#primaryimage\"},\"thumbnailUrl\":\"http:\/\/www.carideal.com\/images_actualite\/fiscaliteautomobiletaxationfluidesfrigorignecaridealactualits-1379003239.jpg\",\"articleSection\":[\"Actualit\u00e9 automobile\"],\"inLanguage\":\"fr-FR\",\"potentialAction\":[{\"@type\":\"CommentAction\",\"name\":\"Comment\",\"target\":[\"https:\/\/www.carideal.com\/blog\/2013\/09\/11\/fiscalite-automobile-taxation-des-fluides-frigorigenes\/#respond\"]}]},{\"@type\":\"WebPage\",\"@id\":\"https:\/\/www.carideal.com\/blog\/2013\/09\/11\/fiscalite-automobile-taxation-des-fluides-frigorigenes\/\",\"url\":\"https:\/\/www.carideal.com\/blog\/2013\/09\/11\/fiscalite-automobile-taxation-des-fluides-frigorigenes\/\",\"name\":\"fiscalite automobile taxation des fluides frigorigenes - Blog auto Carid\u00e9al\",\"isPartOf\":{\"@id\":\"https:\/\/www.carideal.com\/blog\/#website\"},\"primaryImageOfPage\":{\"@id\":\"https:\/\/www.carideal.com\/blog\/2013\/09\/11\/fiscalite-automobile-taxation-des-fluides-frigorigenes\/#primaryimage\"},\"image\":{\"@id\":\"https:\/\/www.carideal.com\/blog\/2013\/09\/11\/fiscalite-automobile-taxation-des-fluides-frigorigenes\/#primaryimage\"},\"thumbnailUrl\":\"http:\/\/www.carideal.com\/images_actualite\/fiscaliteautomobiletaxationfluidesfrigorignecaridealactualits-1379003239.jpg\",\"datePublished\":\"2013-09-11T22:00:00+00:00\",\"breadcrumb\":{\"@id\":\"https:\/\/www.carideal.com\/blog\/2013\/09\/11\/fiscalite-automobile-taxation-des-fluides-frigorigenes\/#breadcrumb\"},\"inLanguage\":\"fr-FR\",\"potentialAction\":[{\"@type\":\"ReadAction\",\"target\":[\"https:\/\/www.carideal.com\/blog\/2013\/09\/11\/fiscalite-automobile-taxation-des-fluides-frigorigenes\/\"]}]},{\"@type\":\"ImageObject\",\"inLanguage\":\"fr-FR\",\"@id\":\"https:\/\/www.carideal.com\/blog\/2013\/09\/11\/fiscalite-automobile-taxation-des-fluides-frigorigenes\/#primaryimage\",\"url\":\"http:\/\/www.carideal.com\/images_actualite\/fiscaliteautomobiletaxationfluidesfrigorignecaridealactualits-1379003239.jpg\",\"contentUrl\":\"http:\/\/www.carideal.com\/images_actualite\/fiscaliteautomobiletaxationfluidesfrigorignecaridealactualits-1379003239.jpg\"},{\"@type\":\"BreadcrumbList\",\"@id\":\"https:\/\/www.carideal.com\/blog\/2013\/09\/11\/fiscalite-automobile-taxation-des-fluides-frigorigenes\/#breadcrumb\",\"itemListElement\":[{\"@type\":\"ListItem\",\"position\":1,\"name\":\"Blog Carid\u00e9al\",\"item\":\"https:\/\/www.carideal.com\/blog\/\"},{\"@type\":\"ListItem\",\"position\":2,\"name\":\"Actualit\u00e9 automobile\",\"item\":\"https:\/\/www.carideal.com\/blog\/actualites-auto\/\"},{\"@type\":\"ListItem\",\"position\":3,\"name\":\"fiscalite automobile taxation des fluides frigorigenes\"}]},{\"@type\":\"WebSite\",\"@id\":\"https:\/\/www.carideal.com\/blog\/#website\",\"url\":\"https:\/\/www.carideal.com\/blog\/\",\"name\":\"Blog auto Carid\u00e9al\",\"description\":\"Actualit\u00e9 auto par des passionn\u00e9s\",\"publisher\":{\"@id\":\"https:\/\/www.carideal.com\/blog\/#organization\"},\"potentialAction\":[{\"@type\":\"SearchAction\",\"target\":{\"@type\":\"EntryPoint\",\"urlTemplate\":\"https:\/\/www.carideal.com\/blog\/?s={search_term_string}\"},\"query-input\":{\"@type\":\"PropertyValueSpecification\",\"valueRequired\":true,\"valueName\":\"search_term_string\"}}],\"inLanguage\":\"fr-FR\"},{\"@type\":\"Organization\",\"@id\":\"https:\/\/www.carideal.com\/blog\/#organization\",\"name\":\"Carideal\",\"url\":\"https:\/\/www.carideal.com\/blog\/\",\"logo\":{\"@type\":\"ImageObject\",\"inLanguage\":\"fr-FR\",\"@id\":\"https:\/\/www.carideal.com\/blog\/#\/schema\/logo\/image\/\",\"url\":\"http:\/\/www.carideal.com\/blog\/wp-content\/uploads\/2016\/03\/logo-carideal-mandataire-automobile.png\",\"contentUrl\":\"http:\/\/www.carideal.com\/blog\/wp-content\/uploads\/2016\/03\/logo-carideal-mandataire-automobile.png\",\"width\":300,\"height\":300,\"caption\":\"Carideal\"},\"image\":{\"@id\":\"https:\/\/www.carideal.com\/blog\/#\/schema\/logo\/image\/\"},\"sameAs\":[\"https:\/\/www.facebook.com\/Carideal.mandataire.automobile\",\"https:\/\/x.com\/caridealauto\",\"https:\/\/www.instagram.com\/carideal1\/\",\"https:\/\/www.linkedin.com\/company\/carideal.com\",\"https:\/\/fr.pinterest.com\/schiavonsas\/\",\"https:\/\/www.youtube.com\/user\/caridealsas\"]},{\"@type\":\"Person\",\"@id\":\"https:\/\/www.carideal.com\/blog\/#\/schema\/person\/cd95dc7919660de90d31b366f85be1ec\",\"name\":\"Nicolas SCHIAVON\",\"image\":{\"@type\":\"ImageObject\",\"inLanguage\":\"fr-FR\",\"@id\":\"https:\/\/www.carideal.com\/blog\/#\/schema\/person\/image\/\",\"url\":\"https:\/\/secure.gravatar.com\/avatar\/c17e55009e671d92cc7f5dc837dc418a?s=96&r=g\",\"contentUrl\":\"https:\/\/secure.gravatar.com\/avatar\/c17e55009e671d92cc7f5dc837dc418a?s=96&r=g\",\"caption\":\"Nicolas SCHIAVON\"},\"description\":\"Nicolas Schiavon est tomb\u00e9 tout petit dans la marmite automobile. Ayant eu un garage de marque automobile, mandataire automobile de la premi\u00e8re heure d\u00e8s 1999. Nicolas a cr\u00e9\u00e9 ces premiers sites de vente de voiture et blog automobile d\u00e8s 1994. Carideal est n\u00e9 le 15 d\u00e9cembre 2000 de la volont\u00e9 de vendre des voitures d'occasions en ligne puis des voitures neuves. Il a pu essayer beaucoup de voitures tr\u00e8s diff\u00e9rentes et ayant eu personnellement quelques belles autos, Subaru Impreza, Mitsubishi Lancer Evo 7, Porsche 911, Ferrari Testarrossa, Audi RS3, RS4 et j'en passe...\",\"sameAs\":[\"http:\/\/www.carideal.com\",\"https:\/\/www.facebook.com\/nicolas.schiavon.39\",\"https:\/\/www.instagram.com\/carideal1\/\",\"https:\/\/www.linkedin.com\/in\/nschiavon\/\",\"https:\/\/x.com\/caridealauto\",\"https:\/\/www.youtube.com\/user\/caridealsas\/\"],\"url\":\"https:\/\/www.carideal.com\/blog\/author\/nschiavon\/\"}]}<\/script>\n<!-- \/ Yoast SEO plugin. -->","yoast_head_json":{"title":"fiscalite automobile taxation des fluides frigorigenes - Blog auto Carid\u00e9al","robots":{"index":"index","follow":"follow","max-snippet":"max-snippet:-1","max-image-preview":"max-image-preview:large","max-video-preview":"max-video-preview:-1"},"canonical":"https:\/\/www.carideal.com\/blog\/2013\/09\/11\/fiscalite-automobile-taxation-des-fluides-frigorigenes\/","og_locale":"fr_FR","og_type":"article","og_title":"fiscalite automobile taxation des fluides frigorigenes - Blog auto Carid\u00e9al","og_description":"Fiscalit\u00e9 automobile : taxation des Fluides frigor Fiscalit\u00e9 automobile : taxation des Fluides frigorig\u00e8nes. Le comit\u00e9 pour la fiscalit\u00e9 \u00e9cologique est parti tous azimuts et a m\u00eame pens\u00e9 \u00e0 taxer les fluides frigorig\u00e8nes, c'est \u00e0 dire le gaz de climatisation qui sont n\u00e9fastes pour la couche d'ozone. Cela parait pourtant difficile \u00e0 mettre en oeuvre, ... Lire plus","og_url":"https:\/\/www.carideal.com\/blog\/2013\/09\/11\/fiscalite-automobile-taxation-des-fluides-frigorigenes\/","og_site_name":"Blog auto Carid\u00e9al","article_publisher":"https:\/\/www.facebook.com\/Carideal.mandataire.automobile","article_author":"https:\/\/www.facebook.com\/nicolas.schiavon.39","article_published_time":"2013-09-11T22:00:00+00:00","og_image":[{"url":"http:\/\/www.carideal.com\/images_actualite\/fiscaliteautomobiletaxationfluidesfrigorignecaridealactualits-1379003239.jpg","type":"","width":"","height":""}],"author":"Nicolas SCHIAVON","twitter_card":"summary_large_image","twitter_creator":"@caridealauto","twitter_site":"@caridealauto","twitter_misc":{"\u00c9crit par":"Nicolas SCHIAVON","Dur\u00e9e de lecture estim\u00e9e":"1 minute"},"schema":{"@context":"https:\/\/schema.org","@graph":[{"@type":"Article","@id":"https:\/\/www.carideal.com\/blog\/2013\/09\/11\/fiscalite-automobile-taxation-des-fluides-frigorigenes\/#article","isPartOf":{"@id":"https:\/\/www.carideal.com\/blog\/2013\/09\/11\/fiscalite-automobile-taxation-des-fluides-frigorigenes\/"},"author":{"name":"Nicolas SCHIAVON","@id":"https:\/\/www.carideal.com\/blog\/#\/schema\/person\/cd95dc7919660de90d31b366f85be1ec"},"headline":"fiscalite automobile taxation des fluides frigorigenes","datePublished":"2013-09-11T22:00:00+00:00","mainEntityOfPage":{"@id":"https:\/\/www.carideal.com\/blog\/2013\/09\/11\/fiscalite-automobile-taxation-des-fluides-frigorigenes\/"},"wordCount":125,"commentCount":0,"publisher":{"@id":"https:\/\/www.carideal.com\/blog\/#organization"},"image":{"@id":"https:\/\/www.carideal.com\/blog\/2013\/09\/11\/fiscalite-automobile-taxation-des-fluides-frigorigenes\/#primaryimage"},"thumbnailUrl":"http:\/\/www.carideal.com\/images_actualite\/fiscaliteautomobiletaxationfluidesfrigorignecaridealactualits-1379003239.jpg","articleSection":["Actualit\u00e9 automobile"],"inLanguage":"fr-FR","potentialAction":[{"@type":"CommentAction","name":"Comment","target":["https:\/\/www.carideal.com\/blog\/2013\/09\/11\/fiscalite-automobile-taxation-des-fluides-frigorigenes\/#respond"]}]},{"@type":"WebPage","@id":"https:\/\/www.carideal.com\/blog\/2013\/09\/11\/fiscalite-automobile-taxation-des-fluides-frigorigenes\/","url":"https:\/\/www.carideal.com\/blog\/2013\/09\/11\/fiscalite-automobile-taxation-des-fluides-frigorigenes\/","name":"fiscalite automobile taxation des fluides frigorigenes - Blog auto Carid\u00e9al","isPartOf":{"@id":"https:\/\/www.carideal.com\/blog\/#website"},"primaryImageOfPage":{"@id":"https:\/\/www.carideal.com\/blog\/2013\/09\/11\/fiscalite-automobile-taxation-des-fluides-frigorigenes\/#primaryimage"},"image":{"@id":"https:\/\/www.carideal.com\/blog\/2013\/09\/11\/fiscalite-automobile-taxation-des-fluides-frigorigenes\/#primaryimage"},"thumbnailUrl":"http:\/\/www.carideal.com\/images_actualite\/fiscaliteautomobiletaxationfluidesfrigorignecaridealactualits-1379003239.jpg","datePublished":"2013-09-11T22:00:00+00:00","breadcrumb":{"@id":"https:\/\/www.carideal.com\/blog\/2013\/09\/11\/fiscalite-automobile-taxation-des-fluides-frigorigenes\/#breadcrumb"},"inLanguage":"fr-FR","potentialAction":[{"@type":"ReadAction","target":["https:\/\/www.carideal.com\/blog\/2013\/09\/11\/fiscalite-automobile-taxation-des-fluides-frigorigenes\/"]}]},{"@type":"ImageObject","inLanguage":"fr-FR","@id":"https:\/\/www.carideal.com\/blog\/2013\/09\/11\/fiscalite-automobile-taxation-des-fluides-frigorigenes\/#primaryimage","url":"http:\/\/www.carideal.com\/images_actualite\/fiscaliteautomobiletaxationfluidesfrigorignecaridealactualits-1379003239.jpg","contentUrl":"http:\/\/www.carideal.com\/images_actualite\/fiscaliteautomobiletaxationfluidesfrigorignecaridealactualits-1379003239.jpg"},{"@type":"BreadcrumbList","@id":"https:\/\/www.carideal.com\/blog\/2013\/09\/11\/fiscalite-automobile-taxation-des-fluides-frigorigenes\/#breadcrumb","itemListElement":[{"@type":"ListItem","position":1,"name":"Blog Carid\u00e9al","item":"https:\/\/www.carideal.com\/blog\/"},{"@type":"ListItem","position":2,"name":"Actualit\u00e9 automobile","item":"https:\/\/www.carideal.com\/blog\/actualites-auto\/"},{"@type":"ListItem","position":3,"name":"fiscalite automobile taxation des fluides frigorigenes"}]},{"@type":"WebSite","@id":"https:\/\/www.carideal.com\/blog\/#website","url":"https:\/\/www.carideal.com\/blog\/","name":"Blog auto Carid\u00e9al","description":"Actualit\u00e9 auto par des passionn\u00e9s","publisher":{"@id":"https:\/\/www.carideal.com\/blog\/#organization"},"potentialAction":[{"@type":"SearchAction","target":{"@type":"EntryPoint","urlTemplate":"https:\/\/www.carideal.com\/blog\/?s={search_term_string}"},"query-input":{"@type":"PropertyValueSpecification","valueRequired":true,"valueName":"search_term_string"}}],"inLanguage":"fr-FR"},{"@type":"Organization","@id":"https:\/\/www.carideal.com\/blog\/#organization","name":"Carideal","url":"https:\/\/www.carideal.com\/blog\/","logo":{"@type":"ImageObject","inLanguage":"fr-FR","@id":"https:\/\/www.carideal.com\/blog\/#\/schema\/logo\/image\/","url":"http:\/\/www.carideal.com\/blog\/wp-content\/uploads\/2016\/03\/logo-carideal-mandataire-automobile.png","contentUrl":"http:\/\/www.carideal.com\/blog\/wp-content\/uploads\/2016\/03\/logo-carideal-mandataire-automobile.png","width":300,"height":300,"caption":"Carideal"},"image":{"@id":"https:\/\/www.carideal.com\/blog\/#\/schema\/logo\/image\/"},"sameAs":["https:\/\/www.facebook.com\/Carideal.mandataire.automobile","https:\/\/x.com\/caridealauto","https:\/\/www.instagram.com\/carideal1\/","https:\/\/www.linkedin.com\/company\/carideal.com","https:\/\/fr.pinterest.com\/schiavonsas\/","https:\/\/www.youtube.com\/user\/caridealsas"]},{"@type":"Person","@id":"https:\/\/www.carideal.com\/blog\/#\/schema\/person\/cd95dc7919660de90d31b366f85be1ec","name":"Nicolas SCHIAVON","image":{"@type":"ImageObject","inLanguage":"fr-FR","@id":"https:\/\/www.carideal.com\/blog\/#\/schema\/person\/image\/","url":"https:\/\/secure.gravatar.com\/avatar\/c17e55009e671d92cc7f5dc837dc418a?s=96&r=g","contentUrl":"https:\/\/secure.gravatar.com\/avatar\/c17e55009e671d92cc7f5dc837dc418a?s=96&r=g","caption":"Nicolas SCHIAVON"},"description":"Nicolas Schiavon est tomb\u00e9 tout petit dans la marmite automobile. Ayant eu un garage de marque automobile, mandataire automobile de la premi\u00e8re heure d\u00e8s 1999. Nicolas a cr\u00e9\u00e9 ces premiers sites de vente de voiture et blog automobile d\u00e8s 1994. Carideal est n\u00e9 le 15 d\u00e9cembre 2000 de la volont\u00e9 de vendre des voitures d'occasions en ligne puis des voitures neuves. Il a pu essayer beaucoup de voitures tr\u00e8s diff\u00e9rentes et ayant eu personnellement quelques belles autos, Subaru Impreza, Mitsubishi Lancer Evo 7, Porsche 911, Ferrari Testarrossa, Audi RS3, RS4 et j'en passe...","sameAs":["http:\/\/www.carideal.com","https:\/\/www.facebook.com\/nicolas.schiavon.39","https:\/\/www.instagram.com\/carideal1\/","https:\/\/www.linkedin.com\/in\/nschiavon\/","https:\/\/x.com\/caridealauto","https:\/\/www.youtube.com\/user\/caridealsas\/"],"url":"https:\/\/www.carideal.com\/blog\/author\/nschiavon\/"}]}},"uagb_featured_image_src":{"full":false,"thumbnail":false,"medium":false,"medium_large":false,"large":false,"1536x1536":false,"2048x2048":false,"wppr-widget":false},"uagb_author_info":{"display_name":"Nicolas SCHIAVON","author_link":"https:\/\/www.carideal.com\/blog\/author\/nschiavon\/"},"uagb_comment_info":0,"uagb_excerpt":"Fiscalit\u00e9 automobile : taxation des Fluides frigor Fiscalit\u00e9 automobile : taxation des Fluides frigorig\u00e8nes. Le comit\u00e9 pour la fiscalit\u00e9 \u00e9cologique est parti tous azimuts et a m\u00eame pens\u00e9 \u00e0 taxer les fluides frigorig\u00e8nes, c'est \u00e0 dire le gaz de climatisation qui sont n\u00e9fastes pour la couche d'ozone. Cela parait pourtant difficile \u00e0 mettre en oeuvre,\u2026","_links":{"self":[{"href":"https:\/\/www.carideal.com\/blog\/wp-json\/wp\/v2\/posts\/5255"}],"collection":[{"href":"https:\/\/www.carideal.com\/blog\/wp-json\/wp\/v2\/posts"}],"about":[{"href":"https:\/\/www.carideal.com\/blog\/wp-json\/wp\/v2\/types\/post"}],"author":[{"embeddable":true,"href":"https:\/\/www.carideal.com\/blog\/wp-json\/wp\/v2\/users\/3"}],"replies":[{"embeddable":true,"href":"https:\/\/www.carideal.com\/blog\/wp-json\/wp\/v2\/comments?post=5255"}],"version-history":[{"count":0,"href":"https:\/\/www.carideal.com\/blog\/wp-json\/wp\/v2\/posts\/5255\/revisions"}],"wp:attachment":[{"href":"https:\/\/www.carideal.com\/blog\/wp-json\/wp\/v2\/media?parent=5255"}],"wp:term":[{"taxonomy":"category","embeddable":true,"href":"https:\/\/www.carideal.com\/blog\/wp-json\/wp\/v2\/categories?post=5255"},{"taxonomy":"post_tag","embeddable":true,"href":"https:\/\/www.carideal.com\/blog\/wp-json\/wp\/v2\/tags?post=5255"}],"curies":[{"name":"wp","href":"https:\/\/api.w.org\/{rel}","templated":true}]}}