{"id":525,"date":"2012-09-15T09:49:00","date_gmt":"2012-09-15T09:49:00","guid":{"rendered":"http:\/\/carideal.com\/blog\/?p=525"},"modified":"2020-03-07T16:51:32","modified_gmt":"2020-03-07T15:51:32","slug":"la-police-va-rouler-en-ford-et-en-volkswagen","status":"publish","type":"post","link":"https:\/\/www.carideal.com\/blog\/2012\/09\/15\/la-police-va-rouler-en-ford-et-en-volkswagen\/","title":{"rendered":"La Police va rouler en Ford et en Volkswagen !!!"},"content":{"rendered":"<\/p>\n<blockquote>\n<p>UGAP centrale d'achat public<\/p>\n<\/blockquote>\n<p>Ce n'est pas un pr\u00e9c\u00e9dent, puisque d\u00e9j\u00e0 il y a quelques ann\u00e9es l'\u00e9tat Fran\u00e7ais avait choisis Ford pour \u00e9quiper ses fonctionnaires, et soit dit en passant a Choisi Kimco, un constructeur taiwanais pour \u00e9quiper ses facteurs, au grand dam de Peugeot notre constructeur national.<br \/>\n<img decoding=\"async\" src=\"\/blog\/public\/.arnaud-Montebourg-carideal-mandataire-automobile_m.jpg\" alt=\"arnaud-Montebourg-carideal-mandataire-automobile.jpg\" title=\"arnaud-Montebourg-carideal-mandataire-automobile.jpg, ao\u00fbt 2012\" \/><\/p>\n<blockquote>\n<p>Arnaud Montebourg ministre du redressement progressif<\/p>\n<\/blockquote>\n<p>Il semblerait que l'adage tristement c\u00e9l\u00e8bre \"faite ce que je dis mais pas ce que je fais\" s'applique une fois de plus \u00e0 notre gouvernement et hommes politiques&nbsp;! Quoi de plus normal que notre police et gendarmerie roulent en voiture de marque fran\u00e7aise&nbsp;? Le gouvernement en appelle au patriotisme national pour nos <a href=\"\/blog\/index.php?tag\/achats\">achats<\/a> et lui m\u00eame ne montre pas l'exemple !<br \/>\n<img decoding=\"async\" src=\"\/blog\/public\/.Fordtransit_police_carideal_mandataire_automobile_m.jpg\" alt=\"Fordtransit_police_carideal_mandataire_automobile.jpg\" title=\"Fordtransit_police_carideal_mandataire_automobile.jpg, sept. 2012\" \/><\/p>\n<blockquote>\n<p>Ford Transit de la police<\/p>\n<\/blockquote>\n<p>L'<a href=\"\/blog\/index.php?tag\/UGAP\">UGAP<\/a> (union g\u00e9n\u00e9ral des achats publics), suite \u00e0 l'appel d'offre pour renouveler la flotte de nos forces de l'ordre, vient de d\u00e9cider qu'au d\u00e9but de 2013, la police et la gendarmerie nationale seront \u00e9quip\u00e9e de Ford focus et C-Max.<br \/>\n<img decoding=\"async\" src=\"\/blog\/public\/.ford_focus_break_gendarmerie_carideal_mandataire_automobile_m.jpg\" alt=\"ford_focus_break_gendarmerie_carideal_mandataire_automobile.jpg\" title=\"ford_focus_break_gendarmerie_carideal_mandataire_automobile.jpg, sept. 2012\" \/><\/p>\n<blockquote>\n<p>Ford Focus de la Gendarmerie<\/p>\n<\/blockquote>\n<p>L'\u00e9tat avait d\u00e9j\u00e0 command\u00e9 des Ford il y a quelques mois, des Mond\u00e9os pour la plupart, s\u00e9rigraphi\u00e9es ou banalis\u00e9es pour la police, la gendarmerie ou la BAC. Mais pour la plupart, gendarmes et policiers utilisaient des Sc\u00e9nic et Renault M\u00e9gane. Mais la commande de 1400 Ford Focus et C-Max va petit \u00e0 petit remplacer ces voitures.<\/p>\n<p><img decoding=\"async\" src=\"\/blog\/public\/.ford_mondeo_police_carideal_achat_mandataire_automobile_m.jpg\" alt=\"ford_mondeo_police_carideal_achat_mandataire_automobile.jpg\" title=\"ford_mondeo_police_carideal_achat_mandataire_automobile.jpg, sept. 2012\" \/><\/p>\n<blockquote>\n<p>Ford Mond\u00e9o de la Police<\/p>\n<\/blockquote>\n<p>L'ensemble de cette commande de l'UGAP porte sur 4000 v\u00e9hicules.<br \/>\nRenault et Peugeot ont \u00e9t\u00e9 choisis aussi par l'\u00e9tat mais uniquement pour des voitures banalis\u00e9es.<br \/>\nEnfin le clou&nbsp;! Les cadres Policiers et Gendarmes rouleront eux en <a href=\"\/blog\/index.php?tag\/Volkswagen%20Passat\">Volkswagen Passat<\/a> !!<br \/>\nCitroen n'a pas \u00e9t\u00e9 retenu.<\/p>\n","protected":false},"excerpt":{"rendered":"<p>UGAP centrale d&rsquo;achat public Ce n&rsquo;est pas un pr\u00e9c\u00e9dent, puisque d\u00e9j\u00e0 il y a quelques ann\u00e9es l&rsquo;\u00e9tat Fran\u00e7ais avait choisis Ford pour \u00e9quiper ses fonctionnaires, et soit dit en passant a Choisi Kimco, un constructeur taiwanais pour \u00e9quiper ses facteurs, au grand dam de Peugeot notre constructeur national. Arnaud Montebourg ministre du redressement progressif Il &#8230; <a title=\"La Police va rouler en Ford et en Volkswagen !!!\" class=\"read-more\" href=\"https:\/\/www.carideal.com\/blog\/2012\/09\/15\/la-police-va-rouler-en-ford-et-en-volkswagen\/\" aria-label=\"En savoir plus sur La Police va rouler en Ford et en Volkswagen !!!\">Lire plus<\/a><\/p>\n","protected":false},"author":1,"featured_media":0,"comment_status":"open","ping_status":"open","sticky":false,"template":"","format":"standard","meta":{"_uag_custom_page_level_css":"","_themeisle_gutenberg_block_has_review":false,"footnotes":""},"categories":[9],"tags":[],"class_list":["post-525","post","type-post","status-publish","format-standard","hentry","category-divers"],"wppr_data":[],"yoast_head":"<!-- This site is optimized with the Yoast SEO plugin v24.8.1 - https:\/\/yoast.com\/wordpress\/plugins\/seo\/ -->\n<title>La Police va rouler en Ford et en Volkswagen !!! - Blog auto Carid\u00e9al<\/title>\n<meta name=\"robots\" content=\"index, follow, max-snippet:-1, max-image-preview:large, max-video-preview:-1\" \/>\n<link rel=\"canonical\" href=\"https:\/\/www.carideal.com\/blog\/2012\/09\/15\/la-police-va-rouler-en-ford-et-en-volkswagen\/\" \/>\n<meta property=\"og:locale\" content=\"fr_FR\" \/>\n<meta property=\"og:type\" content=\"article\" \/>\n<meta property=\"og:title\" content=\"La Police va rouler en Ford et en Volkswagen !!! - Blog auto Carid\u00e9al\" \/>\n<meta property=\"og:description\" content=\"UGAP centrale d&#039;achat public Ce n&#039;est pas un pr\u00e9c\u00e9dent, puisque d\u00e9j\u00e0 il y a quelques ann\u00e9es l&#039;\u00e9tat Fran\u00e7ais avait choisis Ford pour \u00e9quiper ses fonctionnaires, et soit dit en passant a Choisi Kimco, un constructeur taiwanais pour \u00e9quiper ses facteurs, au grand dam de Peugeot notre constructeur national. Arnaud Montebourg ministre du redressement progressif Il ... Lire plus\" \/>\n<meta property=\"og:url\" content=\"https:\/\/www.carideal.com\/blog\/2012\/09\/15\/la-police-va-rouler-en-ford-et-en-volkswagen\/\" \/>\n<meta property=\"og:site_name\" content=\"Blog auto Carid\u00e9al\" \/>\n<meta property=\"article:publisher\" content=\"https:\/\/www.facebook.com\/Carideal.mandataire.automobile\" \/>\n<meta property=\"article:author\" content=\"https:\/\/www.facebook.com\/Carideal.mandataire.automobile\/\" \/>\n<meta property=\"article:published_time\" content=\"2012-09-15T09:49:00+00:00\" \/>\n<meta property=\"article:modified_time\" content=\"2020-03-07T15:51:32+00:00\" \/>\n<meta property=\"og:image\" content=\"https:\/\/www.carideal.com\/blog\/wp-content\/uploads\/2016\/03\/logo-carideal-mandataire-automobile.png\" \/>\n\t<meta property=\"og:image:width\" content=\"300\" \/>\n\t<meta property=\"og:image:height\" content=\"300\" \/>\n\t<meta property=\"og:image:type\" content=\"image\/png\" \/>\n<meta name=\"author\" content=\"N.S Carideal\" \/>\n<meta name=\"twitter:card\" content=\"summary_large_image\" \/>\n<meta name=\"twitter:creator\" content=\"@caridealauto\" \/>\n<meta name=\"twitter:site\" content=\"@caridealauto\" \/>\n<meta name=\"twitter:label1\" content=\"\u00c9crit par\" \/>\n\t<meta name=\"twitter:data1\" content=\"N.S Carideal\" \/>\n\t<meta name=\"twitter:label2\" content=\"Dur\u00e9e de lecture estim\u00e9e\" \/>\n\t<meta name=\"twitter:data2\" content=\"1 minute\" \/>\n<script type=\"application\/ld+json\" class=\"yoast-schema-graph\">{\"@context\":\"https:\/\/schema.org\",\"@graph\":[{\"@type\":\"Article\",\"@id\":\"https:\/\/www.carideal.com\/blog\/2012\/09\/15\/la-police-va-rouler-en-ford-et-en-volkswagen\/#article\",\"isPartOf\":{\"@id\":\"https:\/\/www.carideal.com\/blog\/2012\/09\/15\/la-police-va-rouler-en-ford-et-en-volkswagen\/\"},\"author\":{\"name\":\"N.S Carideal\",\"@id\":\"https:\/\/www.carideal.com\/blog\/#\/schema\/person\/985c7e757d1042d647f21bfaf8d41ebc\"},\"headline\":\"La Police va rouler en Ford et en Volkswagen !!!\",\"datePublished\":\"2012-09-15T09:49:00+00:00\",\"dateModified\":\"2020-03-07T15:51:32+00:00\",\"mainEntityOfPage\":{\"@id\":\"https:\/\/www.carideal.com\/blog\/2012\/09\/15\/la-police-va-rouler-en-ford-et-en-volkswagen\/\"},\"wordCount\":300,\"commentCount\":0,\"publisher\":{\"@id\":\"https:\/\/www.carideal.com\/blog\/#organization\"},\"articleSection\":[\"Divers\"],\"inLanguage\":\"fr-FR\",\"potentialAction\":[{\"@type\":\"CommentAction\",\"name\":\"Comment\",\"target\":[\"https:\/\/www.carideal.com\/blog\/2012\/09\/15\/la-police-va-rouler-en-ford-et-en-volkswagen\/#respond\"]}]},{\"@type\":\"WebPage\",\"@id\":\"https:\/\/www.carideal.com\/blog\/2012\/09\/15\/la-police-va-rouler-en-ford-et-en-volkswagen\/\",\"url\":\"https:\/\/www.carideal.com\/blog\/2012\/09\/15\/la-police-va-rouler-en-ford-et-en-volkswagen\/\",\"name\":\"La Police va rouler en Ford et en Volkswagen !!! - Blog auto Carid\u00e9al\",\"isPartOf\":{\"@id\":\"https:\/\/www.carideal.com\/blog\/#website\"},\"datePublished\":\"2012-09-15T09:49:00+00:00\",\"dateModified\":\"2020-03-07T15:51:32+00:00\",\"breadcrumb\":{\"@id\":\"https:\/\/www.carideal.com\/blog\/2012\/09\/15\/la-police-va-rouler-en-ford-et-en-volkswagen\/#breadcrumb\"},\"inLanguage\":\"fr-FR\",\"potentialAction\":[{\"@type\":\"ReadAction\",\"target\":[\"https:\/\/www.carideal.com\/blog\/2012\/09\/15\/la-police-va-rouler-en-ford-et-en-volkswagen\/\"]}]},{\"@type\":\"BreadcrumbList\",\"@id\":\"https:\/\/www.carideal.com\/blog\/2012\/09\/15\/la-police-va-rouler-en-ford-et-en-volkswagen\/#breadcrumb\",\"itemListElement\":[{\"@type\":\"ListItem\",\"position\":1,\"name\":\"Blog Carid\u00e9al\",\"item\":\"https:\/\/www.carideal.com\/blog\/\"},{\"@type\":\"ListItem\",\"position\":2,\"name\":\"Divers\",\"item\":\"https:\/\/www.carideal.com\/blog\/divers\/\"},{\"@type\":\"ListItem\",\"position\":3,\"name\":\"La Police va rouler en Ford et en Volkswagen !!!\"}]},{\"@type\":\"WebSite\",\"@id\":\"https:\/\/www.carideal.com\/blog\/#website\",\"url\":\"https:\/\/www.carideal.com\/blog\/\",\"name\":\"Blog auto Carid\u00e9al\",\"description\":\"Actualit\u00e9 auto par des passionn\u00e9s\",\"publisher\":{\"@id\":\"https:\/\/www.carideal.com\/blog\/#organization\"},\"potentialAction\":[{\"@type\":\"SearchAction\",\"target\":{\"@type\":\"EntryPoint\",\"urlTemplate\":\"https:\/\/www.carideal.com\/blog\/?s={search_term_string}\"},\"query-input\":{\"@type\":\"PropertyValueSpecification\",\"valueRequired\":true,\"valueName\":\"search_term_string\"}}],\"inLanguage\":\"fr-FR\"},{\"@type\":\"Organization\",\"@id\":\"https:\/\/www.carideal.com\/blog\/#organization\",\"name\":\"Carideal\",\"url\":\"https:\/\/www.carideal.com\/blog\/\",\"logo\":{\"@type\":\"ImageObject\",\"inLanguage\":\"fr-FR\",\"@id\":\"https:\/\/www.carideal.com\/blog\/#\/schema\/logo\/image\/\",\"url\":\"http:\/\/www.carideal.com\/blog\/wp-content\/uploads\/2016\/03\/logo-carideal-mandataire-automobile.png\",\"contentUrl\":\"http:\/\/www.carideal.com\/blog\/wp-content\/uploads\/2016\/03\/logo-carideal-mandataire-automobile.png\",\"width\":300,\"height\":300,\"caption\":\"Carideal\"},\"image\":{\"@id\":\"https:\/\/www.carideal.com\/blog\/#\/schema\/logo\/image\/\"},\"sameAs\":[\"https:\/\/www.facebook.com\/Carideal.mandataire.automobile\",\"https:\/\/x.com\/caridealauto\",\"https:\/\/www.instagram.com\/carideal1\/\",\"https:\/\/www.linkedin.com\/company\/carideal.com\",\"https:\/\/fr.pinterest.com\/schiavonsas\/\",\"https:\/\/www.youtube.com\/user\/caridealsas\"]},{\"@type\":\"Person\",\"@id\":\"https:\/\/www.carideal.com\/blog\/#\/schema\/person\/985c7e757d1042d647f21bfaf8d41ebc\",\"name\":\"N.S Carideal\",\"image\":{\"@type\":\"ImageObject\",\"inLanguage\":\"fr-FR\",\"@id\":\"https:\/\/www.carideal.com\/blog\/#\/schema\/person\/image\/\",\"url\":\"https:\/\/secure.gravatar.com\/avatar\/edb7ccdf1a4e3d14aef967760d354d0e?s=96&r=g\",\"contentUrl\":\"https:\/\/secure.gravatar.com\/avatar\/edb7ccdf1a4e3d14aef967760d354d0e?s=96&r=g\",\"caption\":\"N.S Carideal\"},\"description\":\"Depuis tout petit fan d'automobile. Il est question d'essayer et de comparer toutes ces voitures qui nous ont fait r\u00e9ver, avant que celles-ci ne devient uniquement des voitures de collection.\",\"sameAs\":[\"http:\/\/www.carideal.com\/blog\",\"https:\/\/www.facebook.com\/Carideal.mandataire.automobile\/\",\"https:\/\/www.linkedin.com\/in\/nschiavon\/\",\"https:\/\/www.youtube.com\/user\/caridealsas\/\"],\"url\":\"https:\/\/www.carideal.com\/blog\/author\/admin_carideal\/\"}]}<\/script>\n<!-- \/ Yoast SEO plugin. -->","yoast_head_json":{"title":"La Police va rouler en Ford et en Volkswagen !!! - Blog auto Carid\u00e9al","robots":{"index":"index","follow":"follow","max-snippet":"max-snippet:-1","max-image-preview":"max-image-preview:large","max-video-preview":"max-video-preview:-1"},"canonical":"https:\/\/www.carideal.com\/blog\/2012\/09\/15\/la-police-va-rouler-en-ford-et-en-volkswagen\/","og_locale":"fr_FR","og_type":"article","og_title":"La Police va rouler en Ford et en Volkswagen !!! - Blog auto Carid\u00e9al","og_description":"UGAP centrale d'achat public Ce n'est pas un pr\u00e9c\u00e9dent, puisque d\u00e9j\u00e0 il y a quelques ann\u00e9es l'\u00e9tat Fran\u00e7ais avait choisis Ford pour \u00e9quiper ses fonctionnaires, et soit dit en passant a Choisi Kimco, un constructeur taiwanais pour \u00e9quiper ses facteurs, au grand dam de Peugeot notre constructeur national. Arnaud Montebourg ministre du redressement progressif Il ... Lire plus","og_url":"https:\/\/www.carideal.com\/blog\/2012\/09\/15\/la-police-va-rouler-en-ford-et-en-volkswagen\/","og_site_name":"Blog auto Carid\u00e9al","article_publisher":"https:\/\/www.facebook.com\/Carideal.mandataire.automobile","article_author":"https:\/\/www.facebook.com\/Carideal.mandataire.automobile\/","article_published_time":"2012-09-15T09:49:00+00:00","article_modified_time":"2020-03-07T15:51:32+00:00","og_image":[{"width":300,"height":300,"url":"https:\/\/www.carideal.com\/blog\/wp-content\/uploads\/2016\/03\/logo-carideal-mandataire-automobile.png","type":"image\/png"}],"author":"N.S Carideal","twitter_card":"summary_large_image","twitter_creator":"@caridealauto","twitter_site":"@caridealauto","twitter_misc":{"\u00c9crit par":"N.S Carideal","Dur\u00e9e de lecture estim\u00e9e":"1 minute"},"schema":{"@context":"https:\/\/schema.org","@graph":[{"@type":"Article","@id":"https:\/\/www.carideal.com\/blog\/2012\/09\/15\/la-police-va-rouler-en-ford-et-en-volkswagen\/#article","isPartOf":{"@id":"https:\/\/www.carideal.com\/blog\/2012\/09\/15\/la-police-va-rouler-en-ford-et-en-volkswagen\/"},"author":{"name":"N.S Carideal","@id":"https:\/\/www.carideal.com\/blog\/#\/schema\/person\/985c7e757d1042d647f21bfaf8d41ebc"},"headline":"La Police va rouler en Ford et en Volkswagen !!!","datePublished":"2012-09-15T09:49:00+00:00","dateModified":"2020-03-07T15:51:32+00:00","mainEntityOfPage":{"@id":"https:\/\/www.carideal.com\/blog\/2012\/09\/15\/la-police-va-rouler-en-ford-et-en-volkswagen\/"},"wordCount":300,"commentCount":0,"publisher":{"@id":"https:\/\/www.carideal.com\/blog\/#organization"},"articleSection":["Divers"],"inLanguage":"fr-FR","potentialAction":[{"@type":"CommentAction","name":"Comment","target":["https:\/\/www.carideal.com\/blog\/2012\/09\/15\/la-police-va-rouler-en-ford-et-en-volkswagen\/#respond"]}]},{"@type":"WebPage","@id":"https:\/\/www.carideal.com\/blog\/2012\/09\/15\/la-police-va-rouler-en-ford-et-en-volkswagen\/","url":"https:\/\/www.carideal.com\/blog\/2012\/09\/15\/la-police-va-rouler-en-ford-et-en-volkswagen\/","name":"La Police va rouler en Ford et en Volkswagen !!! - Blog auto Carid\u00e9al","isPartOf":{"@id":"https:\/\/www.carideal.com\/blog\/#website"},"datePublished":"2012-09-15T09:49:00+00:00","dateModified":"2020-03-07T15:51:32+00:00","breadcrumb":{"@id":"https:\/\/www.carideal.com\/blog\/2012\/09\/15\/la-police-va-rouler-en-ford-et-en-volkswagen\/#breadcrumb"},"inLanguage":"fr-FR","potentialAction":[{"@type":"ReadAction","target":["https:\/\/www.carideal.com\/blog\/2012\/09\/15\/la-police-va-rouler-en-ford-et-en-volkswagen\/"]}]},{"@type":"BreadcrumbList","@id":"https:\/\/www.carideal.com\/blog\/2012\/09\/15\/la-police-va-rouler-en-ford-et-en-volkswagen\/#breadcrumb","itemListElement":[{"@type":"ListItem","position":1,"name":"Blog Carid\u00e9al","item":"https:\/\/www.carideal.com\/blog\/"},{"@type":"ListItem","position":2,"name":"Divers","item":"https:\/\/www.carideal.com\/blog\/divers\/"},{"@type":"ListItem","position":3,"name":"La Police va rouler en Ford et en Volkswagen !!!"}]},{"@type":"WebSite","@id":"https:\/\/www.carideal.com\/blog\/#website","url":"https:\/\/www.carideal.com\/blog\/","name":"Blog auto Carid\u00e9al","description":"Actualit\u00e9 auto par des passionn\u00e9s","publisher":{"@id":"https:\/\/www.carideal.com\/blog\/#organization"},"potentialAction":[{"@type":"SearchAction","target":{"@type":"EntryPoint","urlTemplate":"https:\/\/www.carideal.com\/blog\/?s={search_term_string}"},"query-input":{"@type":"PropertyValueSpecification","valueRequired":true,"valueName":"search_term_string"}}],"inLanguage":"fr-FR"},{"@type":"Organization","@id":"https:\/\/www.carideal.com\/blog\/#organization","name":"Carideal","url":"https:\/\/www.carideal.com\/blog\/","logo":{"@type":"ImageObject","inLanguage":"fr-FR","@id":"https:\/\/www.carideal.com\/blog\/#\/schema\/logo\/image\/","url":"http:\/\/www.carideal.com\/blog\/wp-content\/uploads\/2016\/03\/logo-carideal-mandataire-automobile.png","contentUrl":"http:\/\/www.carideal.com\/blog\/wp-content\/uploads\/2016\/03\/logo-carideal-mandataire-automobile.png","width":300,"height":300,"caption":"Carideal"},"image":{"@id":"https:\/\/www.carideal.com\/blog\/#\/schema\/logo\/image\/"},"sameAs":["https:\/\/www.facebook.com\/Carideal.mandataire.automobile","https:\/\/x.com\/caridealauto","https:\/\/www.instagram.com\/carideal1\/","https:\/\/www.linkedin.com\/company\/carideal.com","https:\/\/fr.pinterest.com\/schiavonsas\/","https:\/\/www.youtube.com\/user\/caridealsas"]},{"@type":"Person","@id":"https:\/\/www.carideal.com\/blog\/#\/schema\/person\/985c7e757d1042d647f21bfaf8d41ebc","name":"N.S Carideal","image":{"@type":"ImageObject","inLanguage":"fr-FR","@id":"https:\/\/www.carideal.com\/blog\/#\/schema\/person\/image\/","url":"https:\/\/secure.gravatar.com\/avatar\/edb7ccdf1a4e3d14aef967760d354d0e?s=96&r=g","contentUrl":"https:\/\/secure.gravatar.com\/avatar\/edb7ccdf1a4e3d14aef967760d354d0e?s=96&r=g","caption":"N.S Carideal"},"description":"Depuis tout petit fan d'automobile. Il est question d'essayer et de comparer toutes ces voitures qui nous ont fait r\u00e9ver, avant que celles-ci ne devient uniquement des voitures de collection.","sameAs":["http:\/\/www.carideal.com\/blog","https:\/\/www.facebook.com\/Carideal.mandataire.automobile\/","https:\/\/www.linkedin.com\/in\/nschiavon\/","https:\/\/www.youtube.com\/user\/caridealsas\/"],"url":"https:\/\/www.carideal.com\/blog\/author\/admin_carideal\/"}]}},"uagb_featured_image_src":{"full":false,"thumbnail":false,"medium":false,"medium_large":false,"large":false,"1536x1536":false,"2048x2048":false,"wppr-widget":false},"uagb_author_info":{"display_name":"N.S Carideal","author_link":"https:\/\/www.carideal.com\/blog\/author\/admin_carideal\/"},"uagb_comment_info":0,"uagb_excerpt":"UGAP centrale d'achat public Ce n'est pas un pr\u00e9c\u00e9dent, puisque d\u00e9j\u00e0 il y a quelques ann\u00e9es l'\u00e9tat Fran\u00e7ais avait choisis Ford pour \u00e9quiper ses fonctionnaires, et soit dit en passant a Choisi Kimco, un constructeur taiwanais pour \u00e9quiper ses facteurs, au grand dam de Peugeot notre constructeur national. Arnaud Montebourg ministre du redressement progressif Il\u2026","_links":{"self":[{"href":"https:\/\/www.carideal.com\/blog\/wp-json\/wp\/v2\/posts\/525"}],"collection":[{"href":"https:\/\/www.carideal.com\/blog\/wp-json\/wp\/v2\/posts"}],"about":[{"href":"https:\/\/www.carideal.com\/blog\/wp-json\/wp\/v2\/types\/post"}],"author":[{"embeddable":true,"href":"https:\/\/www.carideal.com\/blog\/wp-json\/wp\/v2\/users\/1"}],"replies":[{"embeddable":true,"href":"https:\/\/www.carideal.com\/blog\/wp-json\/wp\/v2\/comments?post=525"}],"version-history":[{"count":0,"href":"https:\/\/www.carideal.com\/blog\/wp-json\/wp\/v2\/posts\/525\/revisions"}],"wp:attachment":[{"href":"https:\/\/www.carideal.com\/blog\/wp-json\/wp\/v2\/media?parent=525"}],"wp:term":[{"taxonomy":"category","embeddable":true,"href":"https:\/\/www.carideal.com\/blog\/wp-json\/wp\/v2\/categories?post=525"},{"taxonomy":"post_tag","embeddable":true,"href":"https:\/\/www.carideal.com\/blog\/wp-json\/wp\/v2\/tags?post=525"}],"curies":[{"name":"wp","href":"https:\/\/api.w.org\/{rel}","templated":true}]}}