{"id":5241,"date":"2013-08-31T22:00:00","date_gmt":"2013-08-31T22:00:00","guid":{"rendered":"http:\/\/www.carideal.com\/blog\/2013\/08\/31\/les-voitures-sont-devenues-trop-lourdes\/"},"modified":"2019-01-28T17:18:08","modified_gmt":"2019-01-28T16:18:08","slug":"les-voitures-sont-devenues-trop-lourdes","status":"publish","type":"post","link":"https:\/\/www.carideal.com\/blog\/2013\/08\/31\/les-voitures-sont-devenues-trop-lourdes\/","title":{"rendered":"Les voitures sont devenues trop lourdes"},"content":{"rendered":"<div>\n<h1>Les voitures sont devenues trop lourdes.<\/h1>\n<\/div>\n<p><strong>Les voitures sont devenues trop lourdes<\/strong>. L'ademe, l'agence de l'environnement et de la ma\u00eetrise de l'\u00e9nergie vient de publier un rapport sur le poids des voitures. <strong>Elles ont pris du poids en 2012 + 12 kg<\/strong> plus exactement, elles sont pass\u00e9es en moyenne \u00e0 1263kg par rapport \u00e0 2011.<br \/>\nL'Ademe pr\u00e9cise que la masse des voitures n'a fait qu'augmenter depuis longtemps et a m\u00eame atteind un sommet en 2007 : 1298 kg. On peut aussi imputer l'augmentation des poids moyens \u00e0 l'augmentation des ventes de SUV et de 4x4.<\/p>\n<p>La r\u00e9ponse habituelle est la suivante: \"Elles ne passeraient pas les tests de s\u00e9curit\u00e9 modernes, les airbags et tout le reste\", mais combien de poids l'ajout de ces dispositifs de s\u00e9curit\u00e9 peut-il ajouter ?<\/p>\n<p>Je veux dire, les airbags et quelques renforts ici et l\u00e0 ne peuvent pas compenser les centaines de kilos qu'une voiture neuve d'aujourd'hui a pris sur une voiture d'il y a 20 ans. Une Civic de 1993, par exemple, p\u00e8se 350 kg de moins qu'un mod\u00e8le 2013. Vous penseriez aussi que les nouveaux alliages plus l\u00e9gers d\u00e9velopp\u00e9s au cours des deux derni\u00e8res d\u00e9cennies auraient contribu\u00e9 \u00e0 r\u00e9duire le poids ou au moins \u00e0 compenser une partie des \u00e9quipements de s\u00e9curit\u00e9.<\/p>\n<p>Les voitures neuves sont g\u00e9n\u00e9ralement plus grandes pour une raison quelconque ; une <a href=\"http:\/\/www.carideal.com\/blog\/2015\/02\/01\/bmw-serie-1-restylee-en-mars-2015\/\">BMW s\u00e9rie 1<\/a> d'aujourd'hui est aussi grosse qu'une <a href=\"http:\/\/www.carideal.com\/blog\/2008\/11\/12\/bmw-serie-3-e36-d-occasion\/\">E36 s\u00e9rie 3<\/a>. Cela ajoute probablement beaucoup de poids, est-ce encore d\u00fb aux r\u00e8gles de s\u00e9curit\u00e9 ? Sont-elles devenues trop lourdes ?<\/p>\n<p>Combinaison de normes de s\u00e9curit\u00e9 et de toutes sortes d'\u00e9quipements de luxes et de caract\u00e9ristiques de puissance. Bien qu'il soit agr\u00e9able d'avoir des voitures s\u00fbres et luxueuses disponibles, je ne comprends pas pourquoi les mod\u00e8les \"d\u00e9pouill\u00e9s\" ne devraient pas \u00eatre disponibles pour ceux qui pr\u00e9f\u00e8rent une voiture plus l\u00e9g\u00e8re, sachant qu'ils obtiennent quelque chose de moins s\u00fbr et de moins fonctionnel.<\/p>\n<p>Cette augmentation de poids des voitures modernes influe sur le <a href=\"http:\/\/www.carideal.com\/blog\/2014\/04\/04\/entretien-quel-est-le-cout-reel-de-votre-vehicule\/\">co\u00fbt de l'entretien<\/a>.<\/p>\n<p>La comparaison de la s\u00e9rie 1 \u00e0 une s\u00e9rie plus ancienne est un point int\u00e9ressant. Pourquoi la nouvelle BMW s\u00e9rie 3 est-elle tellement plus volumineuse, alors qu'une voiture de la m\u00eame taille qu'une voiture plus \u00e2g\u00e9e peut toujours r\u00e9pondre aux attentes de s\u00e9curit\u00e9 et de luxe d'un mod\u00e8le neuf ? Quel est l'int\u00e9r\u00eat de gonfler un petit mod\u00e8le et de devoir ensuite introduire un nouveau petit mod\u00e8le pour le remplacer ?<\/p>\n<p>Cela s'appelle la segmentation.<\/p>\n","protected":false},"excerpt":{"rendered":"<p>Les voitures sont devenues trop lourdes. Les voitures sont devenues trop lourdes. L&rsquo;ademe, l&rsquo;agence de l&rsquo;environnement et de la ma\u00eetrise de l&rsquo;\u00e9nergie vient de publier un rapport sur le poids des voitures. Elles ont pris du poids en 2012 + 12 kg plus exactement, elles sont pass\u00e9es en moyenne \u00e0 1263kg par rapport \u00e0 2011. &#8230; <a title=\"Les voitures sont devenues trop lourdes\" class=\"read-more\" href=\"https:\/\/www.carideal.com\/blog\/2013\/08\/31\/les-voitures-sont-devenues-trop-lourdes\/\" aria-label=\"En savoir plus sur Les voitures sont devenues trop lourdes\">Lire plus<\/a><\/p>\n","protected":false},"author":3,"featured_media":17577,"comment_status":"open","ping_status":"open","sticky":false,"template":"","format":"standard","meta":{"_uag_custom_page_level_css":"","_themeisle_gutenberg_block_has_review":false,"footnotes":""},"categories":[21],"tags":[5377],"class_list":["post-5241","post","type-post","status-publish","format-standard","has-post-thumbnail","hentry","category-actualites-auto","tag-agence-de-lenvironnement"],"wppr_data":{"cwp_meta_box_check":"No"},"yoast_head":"<!-- This site is optimized with the Yoast SEO plugin v24.8.1 - https:\/\/yoast.com\/wordpress\/plugins\/seo\/ -->\n<title>Les voitures sont devenues trop lourdes - Blog auto Carid\u00e9al<\/title>\n<meta name=\"robots\" content=\"index, follow, max-snippet:-1, max-image-preview:large, max-video-preview:-1\" \/>\n<link rel=\"canonical\" href=\"https:\/\/www.carideal.com\/blog\/2013\/08\/31\/les-voitures-sont-devenues-trop-lourdes\/\" \/>\n<meta property=\"og:locale\" content=\"fr_FR\" \/>\n<meta property=\"og:type\" content=\"article\" \/>\n<meta property=\"og:title\" content=\"Les voitures sont devenues trop lourdes - Blog auto Carid\u00e9al\" \/>\n<meta property=\"og:description\" content=\"Les voitures sont devenues trop lourdes. Les voitures sont devenues trop lourdes. L&#039;ademe, l&#039;agence de l&#039;environnement et de la ma\u00eetrise de l&#039;\u00e9nergie vient de publier un rapport sur le poids des voitures. Elles ont pris du poids en 2012 + 12 kg plus exactement, elles sont pass\u00e9es en moyenne \u00e0 1263kg par rapport \u00e0 2011. ... Lire plus\" \/>\n<meta property=\"og:url\" content=\"https:\/\/www.carideal.com\/blog\/2013\/08\/31\/les-voitures-sont-devenues-trop-lourdes\/\" \/>\n<meta property=\"og:site_name\" content=\"Blog auto Carid\u00e9al\" \/>\n<meta property=\"article:publisher\" content=\"https:\/\/www.facebook.com\/Carideal.mandataire.automobile\" \/>\n<meta property=\"article:author\" content=\"https:\/\/www.facebook.com\/nicolas.schiavon.39\" \/>\n<meta property=\"article:published_time\" content=\"2013-08-31T22:00:00+00:00\" \/>\n<meta property=\"article:modified_time\" content=\"2019-01-28T16:18:08+00:00\" \/>\n<meta property=\"og:image\" content=\"https:\/\/www.carideal.com\/blog\/wp-content\/uploads\/2013\/08\/humervoiturestropslourdescaridealactualits-1378053798.jpg\" \/>\n\t<meta property=\"og:image:width\" content=\"620\" \/>\n\t<meta property=\"og:image:height\" content=\"465\" \/>\n\t<meta property=\"og:image:type\" content=\"image\/jpeg\" \/>\n<meta name=\"author\" content=\"Nicolas SCHIAVON\" \/>\n<meta name=\"twitter:card\" content=\"summary_large_image\" \/>\n<meta name=\"twitter:creator\" content=\"@caridealauto\" \/>\n<meta name=\"twitter:site\" content=\"@caridealauto\" \/>\n<meta name=\"twitter:label1\" content=\"\u00c9crit par\" \/>\n\t<meta name=\"twitter:data1\" content=\"Nicolas SCHIAVON\" \/>\n\t<meta name=\"twitter:label2\" content=\"Dur\u00e9e de lecture estim\u00e9e\" \/>\n\t<meta name=\"twitter:data2\" content=\"2 minutes\" \/>\n<script type=\"application\/ld+json\" class=\"yoast-schema-graph\">{\"@context\":\"https:\/\/schema.org\",\"@graph\":[{\"@type\":\"Article\",\"@id\":\"https:\/\/www.carideal.com\/blog\/2013\/08\/31\/les-voitures-sont-devenues-trop-lourdes\/#article\",\"isPartOf\":{\"@id\":\"https:\/\/www.carideal.com\/blog\/2013\/08\/31\/les-voitures-sont-devenues-trop-lourdes\/\"},\"author\":{\"name\":\"Nicolas SCHIAVON\",\"@id\":\"https:\/\/www.carideal.com\/blog\/#\/schema\/person\/cd95dc7919660de90d31b366f85be1ec\"},\"headline\":\"Les voitures sont devenues trop lourdes\",\"datePublished\":\"2013-08-31T22:00:00+00:00\",\"dateModified\":\"2019-01-28T16:18:08+00:00\",\"mainEntityOfPage\":{\"@id\":\"https:\/\/www.carideal.com\/blog\/2013\/08\/31\/les-voitures-sont-devenues-trop-lourdes\/\"},\"wordCount\":430,\"commentCount\":0,\"publisher\":{\"@id\":\"https:\/\/www.carideal.com\/blog\/#organization\"},\"image\":{\"@id\":\"https:\/\/www.carideal.com\/blog\/2013\/08\/31\/les-voitures-sont-devenues-trop-lourdes\/#primaryimage\"},\"thumbnailUrl\":\"https:\/\/www.carideal.com\/blog\/wp-content\/uploads\/2013\/08\/humervoiturestropslourdescaridealactualits-1378053798.jpg\",\"keywords\":[\"Agence de l'environnement\"],\"articleSection\":[\"Actualit\u00e9 automobile\"],\"inLanguage\":\"fr-FR\",\"potentialAction\":[{\"@type\":\"CommentAction\",\"name\":\"Comment\",\"target\":[\"https:\/\/www.carideal.com\/blog\/2013\/08\/31\/les-voitures-sont-devenues-trop-lourdes\/#respond\"]}]},{\"@type\":\"WebPage\",\"@id\":\"https:\/\/www.carideal.com\/blog\/2013\/08\/31\/les-voitures-sont-devenues-trop-lourdes\/\",\"url\":\"https:\/\/www.carideal.com\/blog\/2013\/08\/31\/les-voitures-sont-devenues-trop-lourdes\/\",\"name\":\"Les voitures sont devenues trop lourdes - Blog auto Carid\u00e9al\",\"isPartOf\":{\"@id\":\"https:\/\/www.carideal.com\/blog\/#website\"},\"primaryImageOfPage\":{\"@id\":\"https:\/\/www.carideal.com\/blog\/2013\/08\/31\/les-voitures-sont-devenues-trop-lourdes\/#primaryimage\"},\"image\":{\"@id\":\"https:\/\/www.carideal.com\/blog\/2013\/08\/31\/les-voitures-sont-devenues-trop-lourdes\/#primaryimage\"},\"thumbnailUrl\":\"https:\/\/www.carideal.com\/blog\/wp-content\/uploads\/2013\/08\/humervoiturestropslourdescaridealactualits-1378053798.jpg\",\"datePublished\":\"2013-08-31T22:00:00+00:00\",\"dateModified\":\"2019-01-28T16:18:08+00:00\",\"breadcrumb\":{\"@id\":\"https:\/\/www.carideal.com\/blog\/2013\/08\/31\/les-voitures-sont-devenues-trop-lourdes\/#breadcrumb\"},\"inLanguage\":\"fr-FR\",\"potentialAction\":[{\"@type\":\"ReadAction\",\"target\":[\"https:\/\/www.carideal.com\/blog\/2013\/08\/31\/les-voitures-sont-devenues-trop-lourdes\/\"]}]},{\"@type\":\"ImageObject\",\"inLanguage\":\"fr-FR\",\"@id\":\"https:\/\/www.carideal.com\/blog\/2013\/08\/31\/les-voitures-sont-devenues-trop-lourdes\/#primaryimage\",\"url\":\"https:\/\/www.carideal.com\/blog\/wp-content\/uploads\/2013\/08\/humervoiturestropslourdescaridealactualits-1378053798.jpg\",\"contentUrl\":\"https:\/\/www.carideal.com\/blog\/wp-content\/uploads\/2013\/08\/humervoiturestropslourdescaridealactualits-1378053798.jpg\",\"width\":620,\"height\":465,\"caption\":\"Les voitures sont devenues trop lourdes\"},{\"@type\":\"BreadcrumbList\",\"@id\":\"https:\/\/www.carideal.com\/blog\/2013\/08\/31\/les-voitures-sont-devenues-trop-lourdes\/#breadcrumb\",\"itemListElement\":[{\"@type\":\"ListItem\",\"position\":1,\"name\":\"Blog Carid\u00e9al\",\"item\":\"https:\/\/www.carideal.com\/blog\/\"},{\"@type\":\"ListItem\",\"position\":2,\"name\":\"Actualit\u00e9 automobile\",\"item\":\"https:\/\/www.carideal.com\/blog\/actualites-auto\/\"},{\"@type\":\"ListItem\",\"position\":3,\"name\":\"Les voitures sont devenues trop lourdes\"}]},{\"@type\":\"WebSite\",\"@id\":\"https:\/\/www.carideal.com\/blog\/#website\",\"url\":\"https:\/\/www.carideal.com\/blog\/\",\"name\":\"Blog auto Carid\u00e9al\",\"description\":\"Actualit\u00e9 auto par des passionn\u00e9s\",\"publisher\":{\"@id\":\"https:\/\/www.carideal.com\/blog\/#organization\"},\"potentialAction\":[{\"@type\":\"SearchAction\",\"target\":{\"@type\":\"EntryPoint\",\"urlTemplate\":\"https:\/\/www.carideal.com\/blog\/?s={search_term_string}\"},\"query-input\":{\"@type\":\"PropertyValueSpecification\",\"valueRequired\":true,\"valueName\":\"search_term_string\"}}],\"inLanguage\":\"fr-FR\"},{\"@type\":\"Organization\",\"@id\":\"https:\/\/www.carideal.com\/blog\/#organization\",\"name\":\"Carideal\",\"url\":\"https:\/\/www.carideal.com\/blog\/\",\"logo\":{\"@type\":\"ImageObject\",\"inLanguage\":\"fr-FR\",\"@id\":\"https:\/\/www.carideal.com\/blog\/#\/schema\/logo\/image\/\",\"url\":\"http:\/\/www.carideal.com\/blog\/wp-content\/uploads\/2016\/03\/logo-carideal-mandataire-automobile.png\",\"contentUrl\":\"http:\/\/www.carideal.com\/blog\/wp-content\/uploads\/2016\/03\/logo-carideal-mandataire-automobile.png\",\"width\":300,\"height\":300,\"caption\":\"Carideal\"},\"image\":{\"@id\":\"https:\/\/www.carideal.com\/blog\/#\/schema\/logo\/image\/\"},\"sameAs\":[\"https:\/\/www.facebook.com\/Carideal.mandataire.automobile\",\"https:\/\/x.com\/caridealauto\",\"https:\/\/www.instagram.com\/carideal1\/\",\"https:\/\/www.linkedin.com\/company\/carideal.com\",\"https:\/\/fr.pinterest.com\/schiavonsas\/\",\"https:\/\/www.youtube.com\/user\/caridealsas\"]},{\"@type\":\"Person\",\"@id\":\"https:\/\/www.carideal.com\/blog\/#\/schema\/person\/cd95dc7919660de90d31b366f85be1ec\",\"name\":\"Nicolas SCHIAVON\",\"image\":{\"@type\":\"ImageObject\",\"inLanguage\":\"fr-FR\",\"@id\":\"https:\/\/www.carideal.com\/blog\/#\/schema\/person\/image\/\",\"url\":\"https:\/\/secure.gravatar.com\/avatar\/c17e55009e671d92cc7f5dc837dc418a?s=96&r=g\",\"contentUrl\":\"https:\/\/secure.gravatar.com\/avatar\/c17e55009e671d92cc7f5dc837dc418a?s=96&r=g\",\"caption\":\"Nicolas SCHIAVON\"},\"description\":\"Nicolas Schiavon est tomb\u00e9 tout petit dans la marmite automobile. Ayant eu un garage de marque automobile, mandataire automobile de la premi\u00e8re heure d\u00e8s 1999. Nicolas a cr\u00e9\u00e9 ces premiers sites de vente de voiture et blog automobile d\u00e8s 1994. Carideal est n\u00e9 le 15 d\u00e9cembre 2000 de la volont\u00e9 de vendre des voitures d'occasions en ligne puis des voitures neuves. Il a pu essayer beaucoup de voitures tr\u00e8s diff\u00e9rentes et ayant eu personnellement quelques belles autos, Subaru Impreza, Mitsubishi Lancer Evo 7, Porsche 911, Ferrari Testarrossa, Audi RS3, RS4 et j'en passe...\",\"sameAs\":[\"http:\/\/www.carideal.com\",\"https:\/\/www.facebook.com\/nicolas.schiavon.39\",\"https:\/\/www.instagram.com\/carideal1\/\",\"https:\/\/www.linkedin.com\/in\/nschiavon\/\",\"https:\/\/x.com\/caridealauto\",\"https:\/\/www.youtube.com\/user\/caridealsas\/\"],\"url\":\"https:\/\/www.carideal.com\/blog\/author\/nschiavon\/\"}]}<\/script>\n<!-- \/ Yoast SEO plugin. -->","yoast_head_json":{"title":"Les voitures sont devenues trop lourdes - Blog auto Carid\u00e9al","robots":{"index":"index","follow":"follow","max-snippet":"max-snippet:-1","max-image-preview":"max-image-preview:large","max-video-preview":"max-video-preview:-1"},"canonical":"https:\/\/www.carideal.com\/blog\/2013\/08\/31\/les-voitures-sont-devenues-trop-lourdes\/","og_locale":"fr_FR","og_type":"article","og_title":"Les voitures sont devenues trop lourdes - Blog auto Carid\u00e9al","og_description":"Les voitures sont devenues trop lourdes. Les voitures sont devenues trop lourdes. L'ademe, l'agence de l'environnement et de la ma\u00eetrise de l'\u00e9nergie vient de publier un rapport sur le poids des voitures. Elles ont pris du poids en 2012 + 12 kg plus exactement, elles sont pass\u00e9es en moyenne \u00e0 1263kg par rapport \u00e0 2011. ... Lire plus","og_url":"https:\/\/www.carideal.com\/blog\/2013\/08\/31\/les-voitures-sont-devenues-trop-lourdes\/","og_site_name":"Blog auto Carid\u00e9al","article_publisher":"https:\/\/www.facebook.com\/Carideal.mandataire.automobile","article_author":"https:\/\/www.facebook.com\/nicolas.schiavon.39","article_published_time":"2013-08-31T22:00:00+00:00","article_modified_time":"2019-01-28T16:18:08+00:00","og_image":[{"width":620,"height":465,"url":"https:\/\/www.carideal.com\/blog\/wp-content\/uploads\/2013\/08\/humervoiturestropslourdescaridealactualits-1378053798.jpg","type":"image\/jpeg"}],"author":"Nicolas SCHIAVON","twitter_card":"summary_large_image","twitter_creator":"@caridealauto","twitter_site":"@caridealauto","twitter_misc":{"\u00c9crit par":"Nicolas SCHIAVON","Dur\u00e9e de lecture estim\u00e9e":"2 minutes"},"schema":{"@context":"https:\/\/schema.org","@graph":[{"@type":"Article","@id":"https:\/\/www.carideal.com\/blog\/2013\/08\/31\/les-voitures-sont-devenues-trop-lourdes\/#article","isPartOf":{"@id":"https:\/\/www.carideal.com\/blog\/2013\/08\/31\/les-voitures-sont-devenues-trop-lourdes\/"},"author":{"name":"Nicolas SCHIAVON","@id":"https:\/\/www.carideal.com\/blog\/#\/schema\/person\/cd95dc7919660de90d31b366f85be1ec"},"headline":"Les voitures sont devenues trop lourdes","datePublished":"2013-08-31T22:00:00+00:00","dateModified":"2019-01-28T16:18:08+00:00","mainEntityOfPage":{"@id":"https:\/\/www.carideal.com\/blog\/2013\/08\/31\/les-voitures-sont-devenues-trop-lourdes\/"},"wordCount":430,"commentCount":0,"publisher":{"@id":"https:\/\/www.carideal.com\/blog\/#organization"},"image":{"@id":"https:\/\/www.carideal.com\/blog\/2013\/08\/31\/les-voitures-sont-devenues-trop-lourdes\/#primaryimage"},"thumbnailUrl":"https:\/\/www.carideal.com\/blog\/wp-content\/uploads\/2013\/08\/humervoiturestropslourdescaridealactualits-1378053798.jpg","keywords":["Agence de l'environnement"],"articleSection":["Actualit\u00e9 automobile"],"inLanguage":"fr-FR","potentialAction":[{"@type":"CommentAction","name":"Comment","target":["https:\/\/www.carideal.com\/blog\/2013\/08\/31\/les-voitures-sont-devenues-trop-lourdes\/#respond"]}]},{"@type":"WebPage","@id":"https:\/\/www.carideal.com\/blog\/2013\/08\/31\/les-voitures-sont-devenues-trop-lourdes\/","url":"https:\/\/www.carideal.com\/blog\/2013\/08\/31\/les-voitures-sont-devenues-trop-lourdes\/","name":"Les voitures sont devenues trop lourdes - Blog auto Carid\u00e9al","isPartOf":{"@id":"https:\/\/www.carideal.com\/blog\/#website"},"primaryImageOfPage":{"@id":"https:\/\/www.carideal.com\/blog\/2013\/08\/31\/les-voitures-sont-devenues-trop-lourdes\/#primaryimage"},"image":{"@id":"https:\/\/www.carideal.com\/blog\/2013\/08\/31\/les-voitures-sont-devenues-trop-lourdes\/#primaryimage"},"thumbnailUrl":"https:\/\/www.carideal.com\/blog\/wp-content\/uploads\/2013\/08\/humervoiturestropslourdescaridealactualits-1378053798.jpg","datePublished":"2013-08-31T22:00:00+00:00","dateModified":"2019-01-28T16:18:08+00:00","breadcrumb":{"@id":"https:\/\/www.carideal.com\/blog\/2013\/08\/31\/les-voitures-sont-devenues-trop-lourdes\/#breadcrumb"},"inLanguage":"fr-FR","potentialAction":[{"@type":"ReadAction","target":["https:\/\/www.carideal.com\/blog\/2013\/08\/31\/les-voitures-sont-devenues-trop-lourdes\/"]}]},{"@type":"ImageObject","inLanguage":"fr-FR","@id":"https:\/\/www.carideal.com\/blog\/2013\/08\/31\/les-voitures-sont-devenues-trop-lourdes\/#primaryimage","url":"https:\/\/www.carideal.com\/blog\/wp-content\/uploads\/2013\/08\/humervoiturestropslourdescaridealactualits-1378053798.jpg","contentUrl":"https:\/\/www.carideal.com\/blog\/wp-content\/uploads\/2013\/08\/humervoiturestropslourdescaridealactualits-1378053798.jpg","width":620,"height":465,"caption":"Les voitures sont devenues trop lourdes"},{"@type":"BreadcrumbList","@id":"https:\/\/www.carideal.com\/blog\/2013\/08\/31\/les-voitures-sont-devenues-trop-lourdes\/#breadcrumb","itemListElement":[{"@type":"ListItem","position":1,"name":"Blog Carid\u00e9al","item":"https:\/\/www.carideal.com\/blog\/"},{"@type":"ListItem","position":2,"name":"Actualit\u00e9 automobile","item":"https:\/\/www.carideal.com\/blog\/actualites-auto\/"},{"@type":"ListItem","position":3,"name":"Les voitures sont devenues trop lourdes"}]},{"@type":"WebSite","@id":"https:\/\/www.carideal.com\/blog\/#website","url":"https:\/\/www.carideal.com\/blog\/","name":"Blog auto Carid\u00e9al","description":"Actualit\u00e9 auto par des passionn\u00e9s","publisher":{"@id":"https:\/\/www.carideal.com\/blog\/#organization"},"potentialAction":[{"@type":"SearchAction","target":{"@type":"EntryPoint","urlTemplate":"https:\/\/www.carideal.com\/blog\/?s={search_term_string}"},"query-input":{"@type":"PropertyValueSpecification","valueRequired":true,"valueName":"search_term_string"}}],"inLanguage":"fr-FR"},{"@type":"Organization","@id":"https:\/\/www.carideal.com\/blog\/#organization","name":"Carideal","url":"https:\/\/www.carideal.com\/blog\/","logo":{"@type":"ImageObject","inLanguage":"fr-FR","@id":"https:\/\/www.carideal.com\/blog\/#\/schema\/logo\/image\/","url":"http:\/\/www.carideal.com\/blog\/wp-content\/uploads\/2016\/03\/logo-carideal-mandataire-automobile.png","contentUrl":"http:\/\/www.carideal.com\/blog\/wp-content\/uploads\/2016\/03\/logo-carideal-mandataire-automobile.png","width":300,"height":300,"caption":"Carideal"},"image":{"@id":"https:\/\/www.carideal.com\/blog\/#\/schema\/logo\/image\/"},"sameAs":["https:\/\/www.facebook.com\/Carideal.mandataire.automobile","https:\/\/x.com\/caridealauto","https:\/\/www.instagram.com\/carideal1\/","https:\/\/www.linkedin.com\/company\/carideal.com","https:\/\/fr.pinterest.com\/schiavonsas\/","https:\/\/www.youtube.com\/user\/caridealsas"]},{"@type":"Person","@id":"https:\/\/www.carideal.com\/blog\/#\/schema\/person\/cd95dc7919660de90d31b366f85be1ec","name":"Nicolas SCHIAVON","image":{"@type":"ImageObject","inLanguage":"fr-FR","@id":"https:\/\/www.carideal.com\/blog\/#\/schema\/person\/image\/","url":"https:\/\/secure.gravatar.com\/avatar\/c17e55009e671d92cc7f5dc837dc418a?s=96&r=g","contentUrl":"https:\/\/secure.gravatar.com\/avatar\/c17e55009e671d92cc7f5dc837dc418a?s=96&r=g","caption":"Nicolas SCHIAVON"},"description":"Nicolas Schiavon est tomb\u00e9 tout petit dans la marmite automobile. Ayant eu un garage de marque automobile, mandataire automobile de la premi\u00e8re heure d\u00e8s 1999. Nicolas a cr\u00e9\u00e9 ces premiers sites de vente de voiture et blog automobile d\u00e8s 1994. Carideal est n\u00e9 le 15 d\u00e9cembre 2000 de la volont\u00e9 de vendre des voitures d'occasions en ligne puis des voitures neuves. Il a pu essayer beaucoup de voitures tr\u00e8s diff\u00e9rentes et ayant eu personnellement quelques belles autos, Subaru Impreza, Mitsubishi Lancer Evo 7, Porsche 911, Ferrari Testarrossa, Audi RS3, RS4 et j'en passe...","sameAs":["http:\/\/www.carideal.com","https:\/\/www.facebook.com\/nicolas.schiavon.39","https:\/\/www.instagram.com\/carideal1\/","https:\/\/www.linkedin.com\/in\/nschiavon\/","https:\/\/x.com\/caridealauto","https:\/\/www.youtube.com\/user\/caridealsas\/"],"url":"https:\/\/www.carideal.com\/blog\/author\/nschiavon\/"}]}},"uagb_featured_image_src":{"full":["https:\/\/www.carideal.com\/blog\/wp-content\/uploads\/2013\/08\/humervoiturestropslourdescaridealactualits-1378053798.jpg",620,465,false],"thumbnail":["https:\/\/www.carideal.com\/blog\/wp-content\/uploads\/2013\/08\/humervoiturestropslourdescaridealactualits-1378053798-150x150.jpg",150,150,true],"medium":["https:\/\/www.carideal.com\/blog\/wp-content\/uploads\/2013\/08\/humervoiturestropslourdescaridealactualits-1378053798-300x225.jpg",300,225,true],"medium_large":["https:\/\/www.carideal.com\/blog\/wp-content\/uploads\/2013\/08\/humervoiturestropslourdescaridealactualits-1378053798.jpg",620,465,false],"large":["https:\/\/www.carideal.com\/blog\/wp-content\/uploads\/2013\/08\/humervoiturestropslourdescaridealactualits-1378053798.jpg",620,465,false],"1536x1536":["https:\/\/www.carideal.com\/blog\/wp-content\/uploads\/2013\/08\/humervoiturestropslourdescaridealactualits-1378053798.jpg",620,465,false],"2048x2048":["https:\/\/www.carideal.com\/blog\/wp-content\/uploads\/2013\/08\/humervoiturestropslourdescaridealactualits-1378053798.jpg",620,465,false],"wppr-widget":["https:\/\/www.carideal.com\/blog\/wp-content\/uploads\/2013\/08\/humervoiturestropslourdescaridealactualits-1378053798-50x38.jpg",50,38,true]},"uagb_author_info":{"display_name":"Nicolas SCHIAVON","author_link":"https:\/\/www.carideal.com\/blog\/author\/nschiavon\/"},"uagb_comment_info":0,"uagb_excerpt":"Les voitures sont devenues trop lourdes. Les voitures sont devenues trop lourdes. L'ademe, l'agence de l'environnement et de la ma\u00eetrise de l'\u00e9nergie vient de publier un rapport sur le poids des voitures. Elles ont pris du poids en 2012 + 12 kg plus exactement, elles sont pass\u00e9es en moyenne \u00e0 1263kg par rapport \u00e0 2011.\u2026","_links":{"self":[{"href":"https:\/\/www.carideal.com\/blog\/wp-json\/wp\/v2\/posts\/5241"}],"collection":[{"href":"https:\/\/www.carideal.com\/blog\/wp-json\/wp\/v2\/posts"}],"about":[{"href":"https:\/\/www.carideal.com\/blog\/wp-json\/wp\/v2\/types\/post"}],"author":[{"embeddable":true,"href":"https:\/\/www.carideal.com\/blog\/wp-json\/wp\/v2\/users\/3"}],"replies":[{"embeddable":true,"href":"https:\/\/www.carideal.com\/blog\/wp-json\/wp\/v2\/comments?post=5241"}],"version-history":[{"count":0,"href":"https:\/\/www.carideal.com\/blog\/wp-json\/wp\/v2\/posts\/5241\/revisions"}],"wp:featuredmedia":[{"embeddable":true,"href":"https:\/\/www.carideal.com\/blog\/wp-json\/wp\/v2\/media\/17577"}],"wp:attachment":[{"href":"https:\/\/www.carideal.com\/blog\/wp-json\/wp\/v2\/media?parent=5241"}],"wp:term":[{"taxonomy":"category","embeddable":true,"href":"https:\/\/www.carideal.com\/blog\/wp-json\/wp\/v2\/categories?post=5241"},{"taxonomy":"post_tag","embeddable":true,"href":"https:\/\/www.carideal.com\/blog\/wp-json\/wp\/v2\/tags?post=5241"}],"curies":[{"name":"wp","href":"https:\/\/api.w.org\/{rel}","templated":true}]}}