{"id":5220,"date":"2013-08-13T22:00:00","date_gmt":"2013-08-13T22:00:00","guid":{"rendered":"http:\/\/www.carideal.com\/blog\/2013\/08\/13\/audi-a3-berline-2\/"},"modified":"2019-12-06T17:17:02","modified_gmt":"2019-12-06T16:17:02","slug":"audi-a3-berline-2","status":"publish","type":"post","link":"https:\/\/www.carideal.com\/blog\/2013\/08\/13\/audi-a3-berline-2\/","title":{"rendered":"Audi A3 Berline tri-corps avec coffre"},"content":{"rendered":"<div>\n<h2><strong>Audi A3 Berline un version tri-corps de l'A3<\/strong><\/h2>\n<\/div>\n<p><strong>Audi A3 Berline un version tricorps de l'A3.<\/strong><br \/>\nDe profil on dirait une Audi A4, tellement la ressemblance est grande, pourtant c'est bel et bien une Audi A3 Berline, nouvelle avec un coffre sur ce segment pourtant peu porteur chez nous mais porteur en chine et aux Etats Unis et les pays en voie de d\u00e9veloppement. D'une longueur de 4.46m, cette <a href=\"http:\/\/www.carideal.com\/blog\/marque-de-voiture-actualites-essais\/audi\/\">Audi<\/a> se situe entre la version sportback 4.31m et l'Audi A4 \u00e0 4.70m. Elle vient en concurrence directe avec la <a href=\"http:\/\/www.carideal.com\/blog\/marque-de-voiture-actualites-essais\/mercedes\/\">Mercedes<\/a> CLA qui elle mesure 4.63m.<\/p>\n<figure id=\"attachment_20386\" aria-describedby=\"caption-attachment-20386\" style=\"width: 438px\" class=\"wp-caption alignnone\"><img loading=\"lazy\" decoding=\"async\" class=\"size-full wp-image-20386\" src=\"http:\/\/www.carideal.com\/blog\/wp-content\/uploads\/2013\/08\/audia3berlinecaridealmandataireautomobile-1376481746.jpg\" alt=\"Audi A3 Berline tri-corps avec coffre\" width=\"448\" height=\"207\" srcset=\"https:\/\/www.carideal.com\/blog\/wp-content\/uploads\/2013\/08\/audia3berlinecaridealmandataireautomobile-1376481746.jpg 448w, https:\/\/www.carideal.com\/blog\/wp-content\/uploads\/2013\/08\/audia3berlinecaridealmandataireautomobile-1376481746-300x139.jpg 300w, https:\/\/www.carideal.com\/blog\/wp-content\/uploads\/2013\/08\/audia3berlinecaridealmandataireautomobile-1376481746-50x23.jpg 50w, https:\/\/www.carideal.com\/blog\/wp-content\/uploads\/2013\/08\/audia3berlinecaridealmandataireautomobile-1376481746-110x51.jpg 110w, https:\/\/www.carideal.com\/blog\/wp-content\/uploads\/2013\/08\/audia3berlinecaridealmandataireautomobile-1376481746-420x194.jpg 420w\" sizes=\"(max-width: 448px) 100vw, 448px\" \/><figcaption id=\"caption-attachment-20386\" class=\"wp-caption-text\">Audi A3 Berline tri-corps avec coffre<\/figcaption><\/figure>\n<p>Les Passages de roues sont un peu plus prononc\u00e9s sur la berline. Elle sera \u00e9quip\u00e9e des moteurs essences 1.4 TFSICOD de 140 ch et 1.8 TFSI de 180 ch puis 2.0 TFSI de 300 ch. En diesel seul en septembre sera disponible le 2.0 TDI de 150 ch.<\/p>\n<ul>\n<li><a href=\"http:\/\/www.carideal.com\/blog\/2018\/02\/03\/meilleures-berlines-hayon-2018\/\">Retrouvez le classement des meilleurs berlines<\/a><\/li>\n<\/ul>\n<p>La famille des Audi A3 s'agrandit avec l'arriv\u00e9e de l'A3 Berline. Apr\u00e8s les compactes premium lanc\u00e9e il y a 17 ans Audi investit le cr\u00e9neau des berlines Tri-corps. Toute la voiture est nouvelle sauf la calandre, les phares, les r\u00e9troviseurs qui sont commun avec la compact A3.<\/p>\n<ul>\n<li>Toutes les offres Audi<\/li>\n<\/ul>\n<p>La garde au toit risque d'\u00eatre petite pour les grands gabarit. Audi continue ici sa strat\u00e9gie de multiplier les mod\u00e8les de (8 \u00e0 15) ce qui a fait passer sa production est pass\u00e9 de 736000 unit\u00e9s \u00e0 1.46 Millions en 2012. Cette A3 berline risque fort d'aller marcher sur les plates bandes de l'<a href=\"http:\/\/www.carideal.com\/blog\/2015\/10\/14\/essai-nouvelle-audi-a4-2016\/\">Audi A4<\/a> plus ch\u00e8re, reste que les berline \"\u00e0 coffre\" de ce segment n'ont pas la cote en France.<\/p>\n<p>&nbsp;<\/p>\n","protected":false},"excerpt":{"rendered":"<p>Audi A3 Berline un version tri-corps de l&rsquo;A3 Audi A3 Berline un version tricorps de l&rsquo;A3. De profil on dirait une Audi A4, tellement la ressemblance est grande, pourtant c&rsquo;est bel et bien une Audi A3 Berline, nouvelle avec un coffre sur ce segment pourtant peu porteur chez nous mais porteur en chine et aux &#8230; <a title=\"Audi A3 Berline tri-corps avec coffre\" class=\"read-more\" href=\"https:\/\/www.carideal.com\/blog\/2013\/08\/13\/audi-a3-berline-2\/\" aria-label=\"En savoir plus sur Audi A3 Berline tri-corps avec coffre\">Lire plus<\/a><\/p>\n","protected":false},"author":3,"featured_media":14103,"comment_status":"open","ping_status":"open","sticky":false,"template":"","format":"standard","meta":{"_uag_custom_page_level_css":"","_themeisle_gutenberg_block_has_review":false,"footnotes":""},"categories":[5978,5944,6012,5974],"tags":[3161],"class_list":["post-5220","post","type-post","status-publish","format-standard","has-post-thumbnail","hentry","category-audi","category-constructeur","category-berlines","category-type-de-vehicule","tag-berline-tri-corps"],"wppr_data":{"cwp_meta_box_check":"No"},"yoast_head":"<!-- This site is optimized with the Yoast SEO plugin v24.8.1 - https:\/\/yoast.com\/wordpress\/plugins\/seo\/ -->\n<title>Audi A3 Berline tri-corps avec coffre - Blog auto Carid\u00e9al<\/title>\n<meta name=\"description\" content=\"De profil on dirait une Audi A4 tellement la ressemblance est grande, pourtant c&#039;est bel et bien une Audi A3 Berline, nouvelle avec un coffre sur ce segment\" \/>\n<meta name=\"robots\" content=\"index, follow, max-snippet:-1, max-image-preview:large, max-video-preview:-1\" \/>\n<link rel=\"canonical\" href=\"https:\/\/www.carideal.com\/blog\/2013\/08\/13\/audi-a3-berline-2\/\" \/>\n<meta property=\"og:locale\" content=\"fr_FR\" \/>\n<meta property=\"og:type\" content=\"article\" \/>\n<meta property=\"og:title\" content=\"Audi A3 Berline tri-corps avec coffre - Blog auto Carid\u00e9al\" \/>\n<meta property=\"og:description\" content=\"De profil on dirait une Audi A4 tellement la ressemblance est grande, pourtant c&#039;est bel et bien une Audi A3 Berline, nouvelle avec un coffre sur ce segment\" \/>\n<meta property=\"og:url\" content=\"https:\/\/www.carideal.com\/blog\/2013\/08\/13\/audi-a3-berline-2\/\" \/>\n<meta property=\"og:site_name\" content=\"Blog auto Carid\u00e9al\" \/>\n<meta property=\"article:publisher\" content=\"https:\/\/www.facebook.com\/Carideal.mandataire.automobile\" \/>\n<meta property=\"article:author\" content=\"https:\/\/www.facebook.com\/nicolas.schiavon.39\" \/>\n<meta property=\"article:published_time\" content=\"2013-08-13T22:00:00+00:00\" \/>\n<meta property=\"article:modified_time\" content=\"2019-12-06T16:17:02+00:00\" \/>\n<meta property=\"og:image\" content=\"https:\/\/www.carideal.com\/blog\/wp-content\/uploads\/2013\/08\/audi-a3-berline.jpg\" \/>\n\t<meta property=\"og:image:width\" content=\"750\" \/>\n\t<meta property=\"og:image:height\" content=\"421\" \/>\n\t<meta property=\"og:image:type\" content=\"image\/jpeg\" \/>\n<meta name=\"author\" content=\"Nicolas SCHIAVON\" \/>\n<meta name=\"twitter:card\" content=\"summary_large_image\" \/>\n<meta name=\"twitter:creator\" content=\"@caridealauto\" \/>\n<meta name=\"twitter:site\" content=\"@caridealauto\" \/>\n<meta name=\"twitter:label1\" content=\"\u00c9crit par\" \/>\n\t<meta name=\"twitter:data1\" content=\"Nicolas SCHIAVON\" \/>\n\t<meta name=\"twitter:label2\" content=\"Dur\u00e9e de lecture estim\u00e9e\" \/>\n\t<meta name=\"twitter:data2\" content=\"1 minute\" \/>\n<script type=\"application\/ld+json\" class=\"yoast-schema-graph\">{\"@context\":\"https:\/\/schema.org\",\"@graph\":[{\"@type\":\"Article\",\"@id\":\"https:\/\/www.carideal.com\/blog\/2013\/08\/13\/audi-a3-berline-2\/#article\",\"isPartOf\":{\"@id\":\"https:\/\/www.carideal.com\/blog\/2013\/08\/13\/audi-a3-berline-2\/\"},\"author\":{\"name\":\"Nicolas SCHIAVON\",\"@id\":\"https:\/\/www.carideal.com\/blog\/#\/schema\/person\/cd95dc7919660de90d31b366f85be1ec\"},\"headline\":\"Audi A3 Berline tri-corps avec coffre\",\"datePublished\":\"2013-08-13T22:00:00+00:00\",\"dateModified\":\"2019-12-06T16:17:02+00:00\",\"mainEntityOfPage\":{\"@id\":\"https:\/\/www.carideal.com\/blog\/2013\/08\/13\/audi-a3-berline-2\/\"},\"wordCount\":287,\"commentCount\":0,\"publisher\":{\"@id\":\"https:\/\/www.carideal.com\/blog\/#organization\"},\"image\":{\"@id\":\"https:\/\/www.carideal.com\/blog\/2013\/08\/13\/audi-a3-berline-2\/#primaryimage\"},\"thumbnailUrl\":\"https:\/\/www.carideal.com\/blog\/wp-content\/uploads\/2013\/08\/audi-a3-berline.jpg\",\"keywords\":[\"Berline tri-corps\"],\"articleSection\":[\"Actualit\u00e9 Audi\",\"Actualit\u00e9 Constructeur automobile\",\"Berlines\",\"Type de v\u00e9hicule\"],\"inLanguage\":\"fr-FR\",\"potentialAction\":[{\"@type\":\"CommentAction\",\"name\":\"Comment\",\"target\":[\"https:\/\/www.carideal.com\/blog\/2013\/08\/13\/audi-a3-berline-2\/#respond\"]}]},{\"@type\":\"WebPage\",\"@id\":\"https:\/\/www.carideal.com\/blog\/2013\/08\/13\/audi-a3-berline-2\/\",\"url\":\"https:\/\/www.carideal.com\/blog\/2013\/08\/13\/audi-a3-berline-2\/\",\"name\":\"Audi A3 Berline tri-corps avec coffre - Blog auto Carid\u00e9al\",\"isPartOf\":{\"@id\":\"https:\/\/www.carideal.com\/blog\/#website\"},\"primaryImageOfPage\":{\"@id\":\"https:\/\/www.carideal.com\/blog\/2013\/08\/13\/audi-a3-berline-2\/#primaryimage\"},\"image\":{\"@id\":\"https:\/\/www.carideal.com\/blog\/2013\/08\/13\/audi-a3-berline-2\/#primaryimage\"},\"thumbnailUrl\":\"https:\/\/www.carideal.com\/blog\/wp-content\/uploads\/2013\/08\/audi-a3-berline.jpg\",\"datePublished\":\"2013-08-13T22:00:00+00:00\",\"dateModified\":\"2019-12-06T16:17:02+00:00\",\"description\":\"De profil on dirait une Audi A4 tellement la ressemblance est grande, pourtant c'est bel et bien une Audi A3 Berline, nouvelle avec un coffre sur ce segment\",\"breadcrumb\":{\"@id\":\"https:\/\/www.carideal.com\/blog\/2013\/08\/13\/audi-a3-berline-2\/#breadcrumb\"},\"inLanguage\":\"fr-FR\",\"potentialAction\":[{\"@type\":\"ReadAction\",\"target\":[\"https:\/\/www.carideal.com\/blog\/2013\/08\/13\/audi-a3-berline-2\/\"]}]},{\"@type\":\"ImageObject\",\"inLanguage\":\"fr-FR\",\"@id\":\"https:\/\/www.carideal.com\/blog\/2013\/08\/13\/audi-a3-berline-2\/#primaryimage\",\"url\":\"https:\/\/www.carideal.com\/blog\/wp-content\/uploads\/2013\/08\/audi-a3-berline.jpg\",\"contentUrl\":\"https:\/\/www.carideal.com\/blog\/wp-content\/uploads\/2013\/08\/audi-a3-berline.jpg\",\"width\":750,\"height\":421,\"caption\":\"Audi A3 Berline\"},{\"@type\":\"BreadcrumbList\",\"@id\":\"https:\/\/www.carideal.com\/blog\/2013\/08\/13\/audi-a3-berline-2\/#breadcrumb\",\"itemListElement\":[{\"@type\":\"ListItem\",\"position\":1,\"name\":\"Blog Carid\u00e9al\",\"item\":\"https:\/\/www.carideal.com\/blog\/\"},{\"@type\":\"ListItem\",\"position\":2,\"name\":\"Actualit\u00e9 constructeur automobile\",\"item\":\"https:\/\/www.carideal.com\/blog\/constructeur\/\"},{\"@type\":\"ListItem\",\"position\":3,\"name\":\"Actualit\u00e9 Audi\",\"item\":\"https:\/\/www.carideal.com\/blog\/constructeur\/audi\/\"},{\"@type\":\"ListItem\",\"position\":4,\"name\":\"Audi A3 Berline tri-corps avec coffre\"}]},{\"@type\":\"WebSite\",\"@id\":\"https:\/\/www.carideal.com\/blog\/#website\",\"url\":\"https:\/\/www.carideal.com\/blog\/\",\"name\":\"Blog auto Carid\u00e9al\",\"description\":\"Actualit\u00e9 auto par des passionn\u00e9s\",\"publisher\":{\"@id\":\"https:\/\/www.carideal.com\/blog\/#organization\"},\"potentialAction\":[{\"@type\":\"SearchAction\",\"target\":{\"@type\":\"EntryPoint\",\"urlTemplate\":\"https:\/\/www.carideal.com\/blog\/?s={search_term_string}\"},\"query-input\":{\"@type\":\"PropertyValueSpecification\",\"valueRequired\":true,\"valueName\":\"search_term_string\"}}],\"inLanguage\":\"fr-FR\"},{\"@type\":\"Organization\",\"@id\":\"https:\/\/www.carideal.com\/blog\/#organization\",\"name\":\"Carideal\",\"url\":\"https:\/\/www.carideal.com\/blog\/\",\"logo\":{\"@type\":\"ImageObject\",\"inLanguage\":\"fr-FR\",\"@id\":\"https:\/\/www.carideal.com\/blog\/#\/schema\/logo\/image\/\",\"url\":\"http:\/\/www.carideal.com\/blog\/wp-content\/uploads\/2016\/03\/logo-carideal-mandataire-automobile.png\",\"contentUrl\":\"http:\/\/www.carideal.com\/blog\/wp-content\/uploads\/2016\/03\/logo-carideal-mandataire-automobile.png\",\"width\":300,\"height\":300,\"caption\":\"Carideal\"},\"image\":{\"@id\":\"https:\/\/www.carideal.com\/blog\/#\/schema\/logo\/image\/\"},\"sameAs\":[\"https:\/\/www.facebook.com\/Carideal.mandataire.automobile\",\"https:\/\/x.com\/caridealauto\",\"https:\/\/www.instagram.com\/carideal1\/\",\"https:\/\/www.linkedin.com\/company\/carideal.com\",\"https:\/\/fr.pinterest.com\/schiavonsas\/\",\"https:\/\/www.youtube.com\/user\/caridealsas\"]},{\"@type\":\"Person\",\"@id\":\"https:\/\/www.carideal.com\/blog\/#\/schema\/person\/cd95dc7919660de90d31b366f85be1ec\",\"name\":\"Nicolas SCHIAVON\",\"image\":{\"@type\":\"ImageObject\",\"inLanguage\":\"fr-FR\",\"@id\":\"https:\/\/www.carideal.com\/blog\/#\/schema\/person\/image\/\",\"url\":\"https:\/\/secure.gravatar.com\/avatar\/c17e55009e671d92cc7f5dc837dc418a?s=96&r=g\",\"contentUrl\":\"https:\/\/secure.gravatar.com\/avatar\/c17e55009e671d92cc7f5dc837dc418a?s=96&r=g\",\"caption\":\"Nicolas SCHIAVON\"},\"description\":\"Nicolas Schiavon est tomb\u00e9 tout petit dans la marmite automobile. Ayant eu un garage de marque automobile, mandataire automobile de la premi\u00e8re heure d\u00e8s 1999. Nicolas a cr\u00e9\u00e9 ces premiers sites de vente de voiture et blog automobile d\u00e8s 1994. Carideal est n\u00e9 le 15 d\u00e9cembre 2000 de la volont\u00e9 de vendre des voitures d'occasions en ligne puis des voitures neuves. Il a pu essayer beaucoup de voitures tr\u00e8s diff\u00e9rentes et ayant eu personnellement quelques belles autos, Subaru Impreza, Mitsubishi Lancer Evo 7, Porsche 911, Ferrari Testarrossa, Audi RS3, RS4 et j'en passe...\",\"sameAs\":[\"http:\/\/www.carideal.com\",\"https:\/\/www.facebook.com\/nicolas.schiavon.39\",\"https:\/\/www.instagram.com\/carideal1\/\",\"https:\/\/www.linkedin.com\/in\/nschiavon\/\",\"https:\/\/x.com\/caridealauto\",\"https:\/\/www.youtube.com\/user\/caridealsas\/\"],\"url\":\"https:\/\/www.carideal.com\/blog\/author\/nschiavon\/\"}]}<\/script>\n<!-- \/ Yoast SEO plugin. -->","yoast_head_json":{"title":"Audi A3 Berline tri-corps avec coffre - Blog auto Carid\u00e9al","description":"De profil on dirait une Audi A4 tellement la ressemblance est grande, pourtant c'est bel et bien une Audi A3 Berline, nouvelle avec un coffre sur ce segment","robots":{"index":"index","follow":"follow","max-snippet":"max-snippet:-1","max-image-preview":"max-image-preview:large","max-video-preview":"max-video-preview:-1"},"canonical":"https:\/\/www.carideal.com\/blog\/2013\/08\/13\/audi-a3-berline-2\/","og_locale":"fr_FR","og_type":"article","og_title":"Audi A3 Berline tri-corps avec coffre - Blog auto Carid\u00e9al","og_description":"De profil on dirait une Audi A4 tellement la ressemblance est grande, pourtant c'est bel et bien une Audi A3 Berline, nouvelle avec un coffre sur ce segment","og_url":"https:\/\/www.carideal.com\/blog\/2013\/08\/13\/audi-a3-berline-2\/","og_site_name":"Blog auto Carid\u00e9al","article_publisher":"https:\/\/www.facebook.com\/Carideal.mandataire.automobile","article_author":"https:\/\/www.facebook.com\/nicolas.schiavon.39","article_published_time":"2013-08-13T22:00:00+00:00","article_modified_time":"2019-12-06T16:17:02+00:00","og_image":[{"width":750,"height":421,"url":"https:\/\/www.carideal.com\/blog\/wp-content\/uploads\/2013\/08\/audi-a3-berline.jpg","type":"image\/jpeg"}],"author":"Nicolas SCHIAVON","twitter_card":"summary_large_image","twitter_creator":"@caridealauto","twitter_site":"@caridealauto","twitter_misc":{"\u00c9crit par":"Nicolas SCHIAVON","Dur\u00e9e de lecture estim\u00e9e":"1 minute"},"schema":{"@context":"https:\/\/schema.org","@graph":[{"@type":"Article","@id":"https:\/\/www.carideal.com\/blog\/2013\/08\/13\/audi-a3-berline-2\/#article","isPartOf":{"@id":"https:\/\/www.carideal.com\/blog\/2013\/08\/13\/audi-a3-berline-2\/"},"author":{"name":"Nicolas SCHIAVON","@id":"https:\/\/www.carideal.com\/blog\/#\/schema\/person\/cd95dc7919660de90d31b366f85be1ec"},"headline":"Audi A3 Berline tri-corps avec coffre","datePublished":"2013-08-13T22:00:00+00:00","dateModified":"2019-12-06T16:17:02+00:00","mainEntityOfPage":{"@id":"https:\/\/www.carideal.com\/blog\/2013\/08\/13\/audi-a3-berline-2\/"},"wordCount":287,"commentCount":0,"publisher":{"@id":"https:\/\/www.carideal.com\/blog\/#organization"},"image":{"@id":"https:\/\/www.carideal.com\/blog\/2013\/08\/13\/audi-a3-berline-2\/#primaryimage"},"thumbnailUrl":"https:\/\/www.carideal.com\/blog\/wp-content\/uploads\/2013\/08\/audi-a3-berline.jpg","keywords":["Berline tri-corps"],"articleSection":["Actualit\u00e9 Audi","Actualit\u00e9 Constructeur automobile","Berlines","Type de v\u00e9hicule"],"inLanguage":"fr-FR","potentialAction":[{"@type":"CommentAction","name":"Comment","target":["https:\/\/www.carideal.com\/blog\/2013\/08\/13\/audi-a3-berline-2\/#respond"]}]},{"@type":"WebPage","@id":"https:\/\/www.carideal.com\/blog\/2013\/08\/13\/audi-a3-berline-2\/","url":"https:\/\/www.carideal.com\/blog\/2013\/08\/13\/audi-a3-berline-2\/","name":"Audi A3 Berline tri-corps avec coffre - Blog auto Carid\u00e9al","isPartOf":{"@id":"https:\/\/www.carideal.com\/blog\/#website"},"primaryImageOfPage":{"@id":"https:\/\/www.carideal.com\/blog\/2013\/08\/13\/audi-a3-berline-2\/#primaryimage"},"image":{"@id":"https:\/\/www.carideal.com\/blog\/2013\/08\/13\/audi-a3-berline-2\/#primaryimage"},"thumbnailUrl":"https:\/\/www.carideal.com\/blog\/wp-content\/uploads\/2013\/08\/audi-a3-berline.jpg","datePublished":"2013-08-13T22:00:00+00:00","dateModified":"2019-12-06T16:17:02+00:00","description":"De profil on dirait une Audi A4 tellement la ressemblance est grande, pourtant c'est bel et bien une Audi A3 Berline, nouvelle avec un coffre sur ce segment","breadcrumb":{"@id":"https:\/\/www.carideal.com\/blog\/2013\/08\/13\/audi-a3-berline-2\/#breadcrumb"},"inLanguage":"fr-FR","potentialAction":[{"@type":"ReadAction","target":["https:\/\/www.carideal.com\/blog\/2013\/08\/13\/audi-a3-berline-2\/"]}]},{"@type":"ImageObject","inLanguage":"fr-FR","@id":"https:\/\/www.carideal.com\/blog\/2013\/08\/13\/audi-a3-berline-2\/#primaryimage","url":"https:\/\/www.carideal.com\/blog\/wp-content\/uploads\/2013\/08\/audi-a3-berline.jpg","contentUrl":"https:\/\/www.carideal.com\/blog\/wp-content\/uploads\/2013\/08\/audi-a3-berline.jpg","width":750,"height":421,"caption":"Audi A3 Berline"},{"@type":"BreadcrumbList","@id":"https:\/\/www.carideal.com\/blog\/2013\/08\/13\/audi-a3-berline-2\/#breadcrumb","itemListElement":[{"@type":"ListItem","position":1,"name":"Blog Carid\u00e9al","item":"https:\/\/www.carideal.com\/blog\/"},{"@type":"ListItem","position":2,"name":"Actualit\u00e9 constructeur automobile","item":"https:\/\/www.carideal.com\/blog\/constructeur\/"},{"@type":"ListItem","position":3,"name":"Actualit\u00e9 Audi","item":"https:\/\/www.carideal.com\/blog\/constructeur\/audi\/"},{"@type":"ListItem","position":4,"name":"Audi A3 Berline tri-corps avec coffre"}]},{"@type":"WebSite","@id":"https:\/\/www.carideal.com\/blog\/#website","url":"https:\/\/www.carideal.com\/blog\/","name":"Blog auto Carid\u00e9al","description":"Actualit\u00e9 auto par des passionn\u00e9s","publisher":{"@id":"https:\/\/www.carideal.com\/blog\/#organization"},"potentialAction":[{"@type":"SearchAction","target":{"@type":"EntryPoint","urlTemplate":"https:\/\/www.carideal.com\/blog\/?s={search_term_string}"},"query-input":{"@type":"PropertyValueSpecification","valueRequired":true,"valueName":"search_term_string"}}],"inLanguage":"fr-FR"},{"@type":"Organization","@id":"https:\/\/www.carideal.com\/blog\/#organization","name":"Carideal","url":"https:\/\/www.carideal.com\/blog\/","logo":{"@type":"ImageObject","inLanguage":"fr-FR","@id":"https:\/\/www.carideal.com\/blog\/#\/schema\/logo\/image\/","url":"http:\/\/www.carideal.com\/blog\/wp-content\/uploads\/2016\/03\/logo-carideal-mandataire-automobile.png","contentUrl":"http:\/\/www.carideal.com\/blog\/wp-content\/uploads\/2016\/03\/logo-carideal-mandataire-automobile.png","width":300,"height":300,"caption":"Carideal"},"image":{"@id":"https:\/\/www.carideal.com\/blog\/#\/schema\/logo\/image\/"},"sameAs":["https:\/\/www.facebook.com\/Carideal.mandataire.automobile","https:\/\/x.com\/caridealauto","https:\/\/www.instagram.com\/carideal1\/","https:\/\/www.linkedin.com\/company\/carideal.com","https:\/\/fr.pinterest.com\/schiavonsas\/","https:\/\/www.youtube.com\/user\/caridealsas"]},{"@type":"Person","@id":"https:\/\/www.carideal.com\/blog\/#\/schema\/person\/cd95dc7919660de90d31b366f85be1ec","name":"Nicolas SCHIAVON","image":{"@type":"ImageObject","inLanguage":"fr-FR","@id":"https:\/\/www.carideal.com\/blog\/#\/schema\/person\/image\/","url":"https:\/\/secure.gravatar.com\/avatar\/c17e55009e671d92cc7f5dc837dc418a?s=96&r=g","contentUrl":"https:\/\/secure.gravatar.com\/avatar\/c17e55009e671d92cc7f5dc837dc418a?s=96&r=g","caption":"Nicolas SCHIAVON"},"description":"Nicolas Schiavon est tomb\u00e9 tout petit dans la marmite automobile. Ayant eu un garage de marque automobile, mandataire automobile de la premi\u00e8re heure d\u00e8s 1999. Nicolas a cr\u00e9\u00e9 ces premiers sites de vente de voiture et blog automobile d\u00e8s 1994. Carideal est n\u00e9 le 15 d\u00e9cembre 2000 de la volont\u00e9 de vendre des voitures d'occasions en ligne puis des voitures neuves. Il a pu essayer beaucoup de voitures tr\u00e8s diff\u00e9rentes et ayant eu personnellement quelques belles autos, Subaru Impreza, Mitsubishi Lancer Evo 7, Porsche 911, Ferrari Testarrossa, Audi RS3, RS4 et j'en passe...","sameAs":["http:\/\/www.carideal.com","https:\/\/www.facebook.com\/nicolas.schiavon.39","https:\/\/www.instagram.com\/carideal1\/","https:\/\/www.linkedin.com\/in\/nschiavon\/","https:\/\/x.com\/caridealauto","https:\/\/www.youtube.com\/user\/caridealsas\/"],"url":"https:\/\/www.carideal.com\/blog\/author\/nschiavon\/"}]}},"uagb_featured_image_src":{"full":["https:\/\/www.carideal.com\/blog\/wp-content\/uploads\/2013\/08\/audi-a3-berline.jpg",750,421,false],"thumbnail":["https:\/\/www.carideal.com\/blog\/wp-content\/uploads\/2013\/08\/audi-a3-berline-150x150.jpg",150,150,true],"medium":["https:\/\/www.carideal.com\/blog\/wp-content\/uploads\/2013\/08\/audi-a3-berline-300x168.jpg",300,168,true],"medium_large":["https:\/\/www.carideal.com\/blog\/wp-content\/uploads\/2013\/08\/audi-a3-berline.jpg",750,421,false],"large":["https:\/\/www.carideal.com\/blog\/wp-content\/uploads\/2013\/08\/audi-a3-berline.jpg",750,421,false],"1536x1536":["https:\/\/www.carideal.com\/blog\/wp-content\/uploads\/2013\/08\/audi-a3-berline.jpg",750,421,false],"2048x2048":["https:\/\/www.carideal.com\/blog\/wp-content\/uploads\/2013\/08\/audi-a3-berline.jpg",750,421,false],"wppr-widget":["https:\/\/www.carideal.com\/blog\/wp-content\/uploads\/2013\/08\/audi-a3-berline.jpg",50,28,false]},"uagb_author_info":{"display_name":"Nicolas SCHIAVON","author_link":"https:\/\/www.carideal.com\/blog\/author\/nschiavon\/"},"uagb_comment_info":0,"uagb_excerpt":"Audi A3 Berline un version tri-corps de l'A3 Audi A3 Berline un version tricorps de l'A3. De profil on dirait une Audi A4, tellement la ressemblance est grande, pourtant c'est bel et bien une Audi A3 Berline, nouvelle avec un coffre sur ce segment pourtant peu porteur chez nous mais porteur en chine et aux\u2026","_links":{"self":[{"href":"https:\/\/www.carideal.com\/blog\/wp-json\/wp\/v2\/posts\/5220"}],"collection":[{"href":"https:\/\/www.carideal.com\/blog\/wp-json\/wp\/v2\/posts"}],"about":[{"href":"https:\/\/www.carideal.com\/blog\/wp-json\/wp\/v2\/types\/post"}],"author":[{"embeddable":true,"href":"https:\/\/www.carideal.com\/blog\/wp-json\/wp\/v2\/users\/3"}],"replies":[{"embeddable":true,"href":"https:\/\/www.carideal.com\/blog\/wp-json\/wp\/v2\/comments?post=5220"}],"version-history":[{"count":0,"href":"https:\/\/www.carideal.com\/blog\/wp-json\/wp\/v2\/posts\/5220\/revisions"}],"wp:featuredmedia":[{"embeddable":true,"href":"https:\/\/www.carideal.com\/blog\/wp-json\/wp\/v2\/media\/14103"}],"wp:attachment":[{"href":"https:\/\/www.carideal.com\/blog\/wp-json\/wp\/v2\/media?parent=5220"}],"wp:term":[{"taxonomy":"category","embeddable":true,"href":"https:\/\/www.carideal.com\/blog\/wp-json\/wp\/v2\/categories?post=5220"},{"taxonomy":"post_tag","embeddable":true,"href":"https:\/\/www.carideal.com\/blog\/wp-json\/wp\/v2\/tags?post=5220"}],"curies":[{"name":"wp","href":"https:\/\/api.w.org\/{rel}","templated":true}]}}