{"id":5216,"date":"2013-08-03T22:00:00","date_gmt":"2013-08-03T22:00:00","guid":{"rendered":"http:\/\/www.carideal.com\/blog\/2013\/08\/03\/vers-une-homologation-automobile-internationale\/"},"modified":"2013-08-03T22:00:00","modified_gmt":"2013-08-03T22:00:00","slug":"vers-une-homologation-automobile-internationale","status":"publish","type":"post","link":"https:\/\/www.carideal.com\/blog\/2013\/08\/03\/vers-une-homologation-automobile-internationale\/","title":{"rendered":"vers une homologation automobile internationale"},"content":{"rendered":"<div>\n                        <img decoding=\"async\" src=\"http:\/\/www.carideal.com\/images_actualite\/hyundaiulsanusinecaridealactualits-1375618018.jpg\"><\/p>\n<p>Vers une homologation automobile internationale ?<\/p>\n<\/div>\n<p> Vers une homologation automobile internationale ? La communaut\u00e9 europ\u00e9enne, le japon, la Russie, la Cor\u00e9e du sud l'Afrique du Sud et l'Australie se sont mis d'accord pour harmoniser leurs proc\u00e9dures d'homologation des v\u00e9hicules. Attention ce n'est pas encore fait, mais la d\u00e9cision a \u00e9t\u00e9 prise.<br \/>\nCela va permettre de faire faire de sacr\u00e9es \u00e9conomies aux constructeurs automobiles, en effet plus besoin de modifier les feux ou autres pare-chocs pour pouvoir vendre dans tel ou tel pays, donc une \u00e9conomie pour eux et les administrations.<br \/>\nDonc le principe qui pr\u00e9valait au sein de l'UE \"test\u00e9e une fois, accept\u00e9e n'importe o\u00f9 en Europe...\" pr\u00e9vaudrait dans tous ces pays cit\u00e9s.<br \/>\nceci va aussi faciliter l'exportation dans ces pays \u00e9mergents qui faut des hausse de vente de 70 \u00e0 74%....<br \/>\nPar contre les USA n'ont pas ratifi\u00e9s cet accord.<\/p>\n","protected":false},"excerpt":{"rendered":"<p>Vers une homologation automobile internationale ? Vers une homologation automobile internationale ? La communaut\u00e9 europ\u00e9enne, le japon, la Russie, la Cor\u00e9e du sud l&rsquo;Afrique du Sud et l&rsquo;Australie se sont mis d&rsquo;accord pour harmoniser leurs proc\u00e9dures d&rsquo;homologation des v\u00e9hicules. Attention ce n&rsquo;est pas encore fait, mais la d\u00e9cision a \u00e9t\u00e9 prise. Cela va permettre de &#8230; <a title=\"vers une homologation automobile internationale\" class=\"read-more\" href=\"https:\/\/www.carideal.com\/blog\/2013\/08\/03\/vers-une-homologation-automobile-internationale\/\" aria-label=\"En savoir plus sur vers une homologation automobile internationale\">Lire plus<\/a><\/p>\n","protected":false},"author":3,"featured_media":0,"comment_status":"open","ping_status":"open","sticky":false,"template":"","format":"standard","meta":{"_uag_custom_page_level_css":"","_themeisle_gutenberg_block_has_review":false,"footnotes":""},"categories":[21],"tags":[],"class_list":["post-5216","post","type-post","status-publish","format-standard","hentry","category-actualites-auto"],"wppr_data":[],"yoast_head":"<!-- This site is optimized with the Yoast SEO plugin v24.8.1 - https:\/\/yoast.com\/wordpress\/plugins\/seo\/ -->\n<title>vers une homologation automobile internationale - Blog auto Carid\u00e9al<\/title>\n<meta name=\"robots\" content=\"index, follow, max-snippet:-1, max-image-preview:large, max-video-preview:-1\" \/>\n<link rel=\"canonical\" href=\"https:\/\/www.carideal.com\/blog\/2013\/08\/03\/vers-une-homologation-automobile-internationale\/\" \/>\n<meta property=\"og:locale\" content=\"fr_FR\" \/>\n<meta property=\"og:type\" content=\"article\" \/>\n<meta property=\"og:title\" content=\"vers une homologation automobile internationale - Blog auto Carid\u00e9al\" \/>\n<meta property=\"og:description\" content=\"Vers une homologation automobile internationale ? Vers une homologation automobile internationale ? La communaut\u00e9 europ\u00e9enne, le japon, la Russie, la Cor\u00e9e du sud l&#039;Afrique du Sud et l&#039;Australie se sont mis d&#039;accord pour harmoniser leurs proc\u00e9dures d&#039;homologation des v\u00e9hicules. Attention ce n&#039;est pas encore fait, mais la d\u00e9cision a \u00e9t\u00e9 prise. Cela va permettre de ... Lire plus\" \/>\n<meta property=\"og:url\" content=\"https:\/\/www.carideal.com\/blog\/2013\/08\/03\/vers-une-homologation-automobile-internationale\/\" \/>\n<meta property=\"og:site_name\" content=\"Blog auto Carid\u00e9al\" \/>\n<meta property=\"article:publisher\" content=\"https:\/\/www.facebook.com\/Carideal.mandataire.automobile\" \/>\n<meta property=\"article:author\" content=\"https:\/\/www.facebook.com\/nicolas.schiavon.39\" \/>\n<meta property=\"article:published_time\" content=\"2013-08-03T22:00:00+00:00\" \/>\n<meta property=\"og:image\" content=\"http:\/\/www.carideal.com\/images_actualite\/hyundaiulsanusinecaridealactualits-1375618018.jpg\" \/>\n<meta name=\"author\" content=\"Nicolas SCHIAVON\" \/>\n<meta name=\"twitter:card\" content=\"summary_large_image\" \/>\n<meta name=\"twitter:creator\" content=\"@caridealauto\" \/>\n<meta name=\"twitter:site\" content=\"@caridealauto\" \/>\n<meta name=\"twitter:label1\" content=\"\u00c9crit par\" \/>\n\t<meta name=\"twitter:data1\" content=\"Nicolas SCHIAVON\" \/>\n\t<meta name=\"twitter:label2\" content=\"Dur\u00e9e de lecture estim\u00e9e\" \/>\n\t<meta name=\"twitter:data2\" content=\"1 minute\" \/>\n<script type=\"application\/ld+json\" class=\"yoast-schema-graph\">{\"@context\":\"https:\/\/schema.org\",\"@graph\":[{\"@type\":\"Article\",\"@id\":\"https:\/\/www.carideal.com\/blog\/2013\/08\/03\/vers-une-homologation-automobile-internationale\/#article\",\"isPartOf\":{\"@id\":\"https:\/\/www.carideal.com\/blog\/2013\/08\/03\/vers-une-homologation-automobile-internationale\/\"},\"author\":{\"name\":\"Nicolas SCHIAVON\",\"@id\":\"https:\/\/www.carideal.com\/blog\/#\/schema\/person\/cd95dc7919660de90d31b366f85be1ec\"},\"headline\":\"vers une homologation automobile internationale\",\"datePublished\":\"2013-08-03T22:00:00+00:00\",\"mainEntityOfPage\":{\"@id\":\"https:\/\/www.carideal.com\/blog\/2013\/08\/03\/vers-une-homologation-automobile-internationale\/\"},\"wordCount\":153,\"commentCount\":0,\"publisher\":{\"@id\":\"https:\/\/www.carideal.com\/blog\/#organization\"},\"image\":{\"@id\":\"https:\/\/www.carideal.com\/blog\/2013\/08\/03\/vers-une-homologation-automobile-internationale\/#primaryimage\"},\"thumbnailUrl\":\"http:\/\/www.carideal.com\/images_actualite\/hyundaiulsanusinecaridealactualits-1375618018.jpg\",\"articleSection\":[\"Actualit\u00e9 automobile\"],\"inLanguage\":\"fr-FR\",\"potentialAction\":[{\"@type\":\"CommentAction\",\"name\":\"Comment\",\"target\":[\"https:\/\/www.carideal.com\/blog\/2013\/08\/03\/vers-une-homologation-automobile-internationale\/#respond\"]}]},{\"@type\":\"WebPage\",\"@id\":\"https:\/\/www.carideal.com\/blog\/2013\/08\/03\/vers-une-homologation-automobile-internationale\/\",\"url\":\"https:\/\/www.carideal.com\/blog\/2013\/08\/03\/vers-une-homologation-automobile-internationale\/\",\"name\":\"vers une homologation automobile internationale - Blog auto Carid\u00e9al\",\"isPartOf\":{\"@id\":\"https:\/\/www.carideal.com\/blog\/#website\"},\"primaryImageOfPage\":{\"@id\":\"https:\/\/www.carideal.com\/blog\/2013\/08\/03\/vers-une-homologation-automobile-internationale\/#primaryimage\"},\"image\":{\"@id\":\"https:\/\/www.carideal.com\/blog\/2013\/08\/03\/vers-une-homologation-automobile-internationale\/#primaryimage\"},\"thumbnailUrl\":\"http:\/\/www.carideal.com\/images_actualite\/hyundaiulsanusinecaridealactualits-1375618018.jpg\",\"datePublished\":\"2013-08-03T22:00:00+00:00\",\"breadcrumb\":{\"@id\":\"https:\/\/www.carideal.com\/blog\/2013\/08\/03\/vers-une-homologation-automobile-internationale\/#breadcrumb\"},\"inLanguage\":\"fr-FR\",\"potentialAction\":[{\"@type\":\"ReadAction\",\"target\":[\"https:\/\/www.carideal.com\/blog\/2013\/08\/03\/vers-une-homologation-automobile-internationale\/\"]}]},{\"@type\":\"ImageObject\",\"inLanguage\":\"fr-FR\",\"@id\":\"https:\/\/www.carideal.com\/blog\/2013\/08\/03\/vers-une-homologation-automobile-internationale\/#primaryimage\",\"url\":\"http:\/\/www.carideal.com\/images_actualite\/hyundaiulsanusinecaridealactualits-1375618018.jpg\",\"contentUrl\":\"http:\/\/www.carideal.com\/images_actualite\/hyundaiulsanusinecaridealactualits-1375618018.jpg\"},{\"@type\":\"BreadcrumbList\",\"@id\":\"https:\/\/www.carideal.com\/blog\/2013\/08\/03\/vers-une-homologation-automobile-internationale\/#breadcrumb\",\"itemListElement\":[{\"@type\":\"ListItem\",\"position\":1,\"name\":\"Blog Carid\u00e9al\",\"item\":\"https:\/\/www.carideal.com\/blog\/\"},{\"@type\":\"ListItem\",\"position\":2,\"name\":\"Actualit\u00e9 automobile\",\"item\":\"https:\/\/www.carideal.com\/blog\/actualites-auto\/\"},{\"@type\":\"ListItem\",\"position\":3,\"name\":\"vers une homologation automobile internationale\"}]},{\"@type\":\"WebSite\",\"@id\":\"https:\/\/www.carideal.com\/blog\/#website\",\"url\":\"https:\/\/www.carideal.com\/blog\/\",\"name\":\"Blog auto Carid\u00e9al\",\"description\":\"Actualit\u00e9 auto par des passionn\u00e9s\",\"publisher\":{\"@id\":\"https:\/\/www.carideal.com\/blog\/#organization\"},\"potentialAction\":[{\"@type\":\"SearchAction\",\"target\":{\"@type\":\"EntryPoint\",\"urlTemplate\":\"https:\/\/www.carideal.com\/blog\/?s={search_term_string}\"},\"query-input\":{\"@type\":\"PropertyValueSpecification\",\"valueRequired\":true,\"valueName\":\"search_term_string\"}}],\"inLanguage\":\"fr-FR\"},{\"@type\":\"Organization\",\"@id\":\"https:\/\/www.carideal.com\/blog\/#organization\",\"name\":\"Carideal\",\"url\":\"https:\/\/www.carideal.com\/blog\/\",\"logo\":{\"@type\":\"ImageObject\",\"inLanguage\":\"fr-FR\",\"@id\":\"https:\/\/www.carideal.com\/blog\/#\/schema\/logo\/image\/\",\"url\":\"http:\/\/www.carideal.com\/blog\/wp-content\/uploads\/2016\/03\/logo-carideal-mandataire-automobile.png\",\"contentUrl\":\"http:\/\/www.carideal.com\/blog\/wp-content\/uploads\/2016\/03\/logo-carideal-mandataire-automobile.png\",\"width\":300,\"height\":300,\"caption\":\"Carideal\"},\"image\":{\"@id\":\"https:\/\/www.carideal.com\/blog\/#\/schema\/logo\/image\/\"},\"sameAs\":[\"https:\/\/www.facebook.com\/Carideal.mandataire.automobile\",\"https:\/\/x.com\/caridealauto\",\"https:\/\/www.instagram.com\/carideal1\/\",\"https:\/\/www.linkedin.com\/company\/carideal.com\",\"https:\/\/fr.pinterest.com\/schiavonsas\/\",\"https:\/\/www.youtube.com\/user\/caridealsas\"]},{\"@type\":\"Person\",\"@id\":\"https:\/\/www.carideal.com\/blog\/#\/schema\/person\/cd95dc7919660de90d31b366f85be1ec\",\"name\":\"Nicolas SCHIAVON\",\"image\":{\"@type\":\"ImageObject\",\"inLanguage\":\"fr-FR\",\"@id\":\"https:\/\/www.carideal.com\/blog\/#\/schema\/person\/image\/\",\"url\":\"https:\/\/secure.gravatar.com\/avatar\/c17e55009e671d92cc7f5dc837dc418a?s=96&r=g\",\"contentUrl\":\"https:\/\/secure.gravatar.com\/avatar\/c17e55009e671d92cc7f5dc837dc418a?s=96&r=g\",\"caption\":\"Nicolas SCHIAVON\"},\"description\":\"Nicolas Schiavon est tomb\u00e9 tout petit dans la marmite automobile. Ayant eu un garage de marque automobile, mandataire automobile de la premi\u00e8re heure d\u00e8s 1999. Nicolas a cr\u00e9\u00e9 ces premiers sites de vente de voiture et blog automobile d\u00e8s 1994. Carideal est n\u00e9 le 15 d\u00e9cembre 2000 de la volont\u00e9 de vendre des voitures d'occasions en ligne puis des voitures neuves. Il a pu essayer beaucoup de voitures tr\u00e8s diff\u00e9rentes et ayant eu personnellement quelques belles autos, Subaru Impreza, Mitsubishi Lancer Evo 7, Porsche 911, Ferrari Testarrossa, Audi RS3, RS4 et j'en passe...\",\"sameAs\":[\"http:\/\/www.carideal.com\",\"https:\/\/www.facebook.com\/nicolas.schiavon.39\",\"https:\/\/www.instagram.com\/carideal1\/\",\"https:\/\/www.linkedin.com\/in\/nschiavon\/\",\"https:\/\/x.com\/caridealauto\",\"https:\/\/www.youtube.com\/user\/caridealsas\/\"],\"url\":\"https:\/\/www.carideal.com\/blog\/author\/nschiavon\/\"}]}<\/script>\n<!-- \/ Yoast SEO plugin. -->","yoast_head_json":{"title":"vers une homologation automobile internationale - Blog auto Carid\u00e9al","robots":{"index":"index","follow":"follow","max-snippet":"max-snippet:-1","max-image-preview":"max-image-preview:large","max-video-preview":"max-video-preview:-1"},"canonical":"https:\/\/www.carideal.com\/blog\/2013\/08\/03\/vers-une-homologation-automobile-internationale\/","og_locale":"fr_FR","og_type":"article","og_title":"vers une homologation automobile internationale - Blog auto Carid\u00e9al","og_description":"Vers une homologation automobile internationale ? Vers une homologation automobile internationale ? La communaut\u00e9 europ\u00e9enne, le japon, la Russie, la Cor\u00e9e du sud l'Afrique du Sud et l'Australie se sont mis d'accord pour harmoniser leurs proc\u00e9dures d'homologation des v\u00e9hicules. Attention ce n'est pas encore fait, mais la d\u00e9cision a \u00e9t\u00e9 prise. Cela va permettre de ... Lire plus","og_url":"https:\/\/www.carideal.com\/blog\/2013\/08\/03\/vers-une-homologation-automobile-internationale\/","og_site_name":"Blog auto Carid\u00e9al","article_publisher":"https:\/\/www.facebook.com\/Carideal.mandataire.automobile","article_author":"https:\/\/www.facebook.com\/nicolas.schiavon.39","article_published_time":"2013-08-03T22:00:00+00:00","og_image":[{"url":"http:\/\/www.carideal.com\/images_actualite\/hyundaiulsanusinecaridealactualits-1375618018.jpg","type":"","width":"","height":""}],"author":"Nicolas SCHIAVON","twitter_card":"summary_large_image","twitter_creator":"@caridealauto","twitter_site":"@caridealauto","twitter_misc":{"\u00c9crit par":"Nicolas SCHIAVON","Dur\u00e9e de lecture estim\u00e9e":"1 minute"},"schema":{"@context":"https:\/\/schema.org","@graph":[{"@type":"Article","@id":"https:\/\/www.carideal.com\/blog\/2013\/08\/03\/vers-une-homologation-automobile-internationale\/#article","isPartOf":{"@id":"https:\/\/www.carideal.com\/blog\/2013\/08\/03\/vers-une-homologation-automobile-internationale\/"},"author":{"name":"Nicolas SCHIAVON","@id":"https:\/\/www.carideal.com\/blog\/#\/schema\/person\/cd95dc7919660de90d31b366f85be1ec"},"headline":"vers une homologation automobile internationale","datePublished":"2013-08-03T22:00:00+00:00","mainEntityOfPage":{"@id":"https:\/\/www.carideal.com\/blog\/2013\/08\/03\/vers-une-homologation-automobile-internationale\/"},"wordCount":153,"commentCount":0,"publisher":{"@id":"https:\/\/www.carideal.com\/blog\/#organization"},"image":{"@id":"https:\/\/www.carideal.com\/blog\/2013\/08\/03\/vers-une-homologation-automobile-internationale\/#primaryimage"},"thumbnailUrl":"http:\/\/www.carideal.com\/images_actualite\/hyundaiulsanusinecaridealactualits-1375618018.jpg","articleSection":["Actualit\u00e9 automobile"],"inLanguage":"fr-FR","potentialAction":[{"@type":"CommentAction","name":"Comment","target":["https:\/\/www.carideal.com\/blog\/2013\/08\/03\/vers-une-homologation-automobile-internationale\/#respond"]}]},{"@type":"WebPage","@id":"https:\/\/www.carideal.com\/blog\/2013\/08\/03\/vers-une-homologation-automobile-internationale\/","url":"https:\/\/www.carideal.com\/blog\/2013\/08\/03\/vers-une-homologation-automobile-internationale\/","name":"vers une homologation automobile internationale - Blog auto Carid\u00e9al","isPartOf":{"@id":"https:\/\/www.carideal.com\/blog\/#website"},"primaryImageOfPage":{"@id":"https:\/\/www.carideal.com\/blog\/2013\/08\/03\/vers-une-homologation-automobile-internationale\/#primaryimage"},"image":{"@id":"https:\/\/www.carideal.com\/blog\/2013\/08\/03\/vers-une-homologation-automobile-internationale\/#primaryimage"},"thumbnailUrl":"http:\/\/www.carideal.com\/images_actualite\/hyundaiulsanusinecaridealactualits-1375618018.jpg","datePublished":"2013-08-03T22:00:00+00:00","breadcrumb":{"@id":"https:\/\/www.carideal.com\/blog\/2013\/08\/03\/vers-une-homologation-automobile-internationale\/#breadcrumb"},"inLanguage":"fr-FR","potentialAction":[{"@type":"ReadAction","target":["https:\/\/www.carideal.com\/blog\/2013\/08\/03\/vers-une-homologation-automobile-internationale\/"]}]},{"@type":"ImageObject","inLanguage":"fr-FR","@id":"https:\/\/www.carideal.com\/blog\/2013\/08\/03\/vers-une-homologation-automobile-internationale\/#primaryimage","url":"http:\/\/www.carideal.com\/images_actualite\/hyundaiulsanusinecaridealactualits-1375618018.jpg","contentUrl":"http:\/\/www.carideal.com\/images_actualite\/hyundaiulsanusinecaridealactualits-1375618018.jpg"},{"@type":"BreadcrumbList","@id":"https:\/\/www.carideal.com\/blog\/2013\/08\/03\/vers-une-homologation-automobile-internationale\/#breadcrumb","itemListElement":[{"@type":"ListItem","position":1,"name":"Blog Carid\u00e9al","item":"https:\/\/www.carideal.com\/blog\/"},{"@type":"ListItem","position":2,"name":"Actualit\u00e9 automobile","item":"https:\/\/www.carideal.com\/blog\/actualites-auto\/"},{"@type":"ListItem","position":3,"name":"vers une homologation automobile internationale"}]},{"@type":"WebSite","@id":"https:\/\/www.carideal.com\/blog\/#website","url":"https:\/\/www.carideal.com\/blog\/","name":"Blog auto Carid\u00e9al","description":"Actualit\u00e9 auto par des passionn\u00e9s","publisher":{"@id":"https:\/\/www.carideal.com\/blog\/#organization"},"potentialAction":[{"@type":"SearchAction","target":{"@type":"EntryPoint","urlTemplate":"https:\/\/www.carideal.com\/blog\/?s={search_term_string}"},"query-input":{"@type":"PropertyValueSpecification","valueRequired":true,"valueName":"search_term_string"}}],"inLanguage":"fr-FR"},{"@type":"Organization","@id":"https:\/\/www.carideal.com\/blog\/#organization","name":"Carideal","url":"https:\/\/www.carideal.com\/blog\/","logo":{"@type":"ImageObject","inLanguage":"fr-FR","@id":"https:\/\/www.carideal.com\/blog\/#\/schema\/logo\/image\/","url":"http:\/\/www.carideal.com\/blog\/wp-content\/uploads\/2016\/03\/logo-carideal-mandataire-automobile.png","contentUrl":"http:\/\/www.carideal.com\/blog\/wp-content\/uploads\/2016\/03\/logo-carideal-mandataire-automobile.png","width":300,"height":300,"caption":"Carideal"},"image":{"@id":"https:\/\/www.carideal.com\/blog\/#\/schema\/logo\/image\/"},"sameAs":["https:\/\/www.facebook.com\/Carideal.mandataire.automobile","https:\/\/x.com\/caridealauto","https:\/\/www.instagram.com\/carideal1\/","https:\/\/www.linkedin.com\/company\/carideal.com","https:\/\/fr.pinterest.com\/schiavonsas\/","https:\/\/www.youtube.com\/user\/caridealsas"]},{"@type":"Person","@id":"https:\/\/www.carideal.com\/blog\/#\/schema\/person\/cd95dc7919660de90d31b366f85be1ec","name":"Nicolas SCHIAVON","image":{"@type":"ImageObject","inLanguage":"fr-FR","@id":"https:\/\/www.carideal.com\/blog\/#\/schema\/person\/image\/","url":"https:\/\/secure.gravatar.com\/avatar\/c17e55009e671d92cc7f5dc837dc418a?s=96&r=g","contentUrl":"https:\/\/secure.gravatar.com\/avatar\/c17e55009e671d92cc7f5dc837dc418a?s=96&r=g","caption":"Nicolas SCHIAVON"},"description":"Nicolas Schiavon est tomb\u00e9 tout petit dans la marmite automobile. Ayant eu un garage de marque automobile, mandataire automobile de la premi\u00e8re heure d\u00e8s 1999. Nicolas a cr\u00e9\u00e9 ces premiers sites de vente de voiture et blog automobile d\u00e8s 1994. Carideal est n\u00e9 le 15 d\u00e9cembre 2000 de la volont\u00e9 de vendre des voitures d'occasions en ligne puis des voitures neuves. Il a pu essayer beaucoup de voitures tr\u00e8s diff\u00e9rentes et ayant eu personnellement quelques belles autos, Subaru Impreza, Mitsubishi Lancer Evo 7, Porsche 911, Ferrari Testarrossa, Audi RS3, RS4 et j'en passe...","sameAs":["http:\/\/www.carideal.com","https:\/\/www.facebook.com\/nicolas.schiavon.39","https:\/\/www.instagram.com\/carideal1\/","https:\/\/www.linkedin.com\/in\/nschiavon\/","https:\/\/x.com\/caridealauto","https:\/\/www.youtube.com\/user\/caridealsas\/"],"url":"https:\/\/www.carideal.com\/blog\/author\/nschiavon\/"}]}},"uagb_featured_image_src":{"full":false,"thumbnail":false,"medium":false,"medium_large":false,"large":false,"1536x1536":false,"2048x2048":false,"wppr-widget":false},"uagb_author_info":{"display_name":"Nicolas SCHIAVON","author_link":"https:\/\/www.carideal.com\/blog\/author\/nschiavon\/"},"uagb_comment_info":0,"uagb_excerpt":"Vers une homologation automobile internationale ? Vers une homologation automobile internationale ? La communaut\u00e9 europ\u00e9enne, le japon, la Russie, la Cor\u00e9e du sud l'Afrique du Sud et l'Australie se sont mis d'accord pour harmoniser leurs proc\u00e9dures d'homologation des v\u00e9hicules. Attention ce n'est pas encore fait, mais la d\u00e9cision a \u00e9t\u00e9 prise. Cela va permettre de\u2026","_links":{"self":[{"href":"https:\/\/www.carideal.com\/blog\/wp-json\/wp\/v2\/posts\/5216"}],"collection":[{"href":"https:\/\/www.carideal.com\/blog\/wp-json\/wp\/v2\/posts"}],"about":[{"href":"https:\/\/www.carideal.com\/blog\/wp-json\/wp\/v2\/types\/post"}],"author":[{"embeddable":true,"href":"https:\/\/www.carideal.com\/blog\/wp-json\/wp\/v2\/users\/3"}],"replies":[{"embeddable":true,"href":"https:\/\/www.carideal.com\/blog\/wp-json\/wp\/v2\/comments?post=5216"}],"version-history":[{"count":0,"href":"https:\/\/www.carideal.com\/blog\/wp-json\/wp\/v2\/posts\/5216\/revisions"}],"wp:attachment":[{"href":"https:\/\/www.carideal.com\/blog\/wp-json\/wp\/v2\/media?parent=5216"}],"wp:term":[{"taxonomy":"category","embeddable":true,"href":"https:\/\/www.carideal.com\/blog\/wp-json\/wp\/v2\/categories?post=5216"},{"taxonomy":"post_tag","embeddable":true,"href":"https:\/\/www.carideal.com\/blog\/wp-json\/wp\/v2\/tags?post=5216"}],"curies":[{"name":"wp","href":"https:\/\/api.w.org\/{rel}","templated":true}]}}