{"id":521,"date":"2012-06-19T13:15:00","date_gmt":"2012-06-19T13:15:00","guid":{"rendered":"http:\/\/carideal.com\/blog\/?p=521"},"modified":"2020-03-07T16:51:32","modified_gmt":"2020-03-07T15:51:32","slug":"secteur-automobile-sur-les-reseaux-sociaux","status":"publish","type":"post","link":"https:\/\/www.carideal.com\/blog\/2012\/06\/19\/secteur-automobile-sur-les-reseaux-sociaux\/","title":{"rendered":"Secteur automobile sur les r\u00e9seaux sociaux"},"content":{"rendered":"<p><img decoding=\"async\" title=\"automobile-et-reseaux-sociaux-carideal.jpg, juin 2012\" src=\"\/blog\/public\/.automobile-et-reseaux-sociaux-carideal_m.jpg\" alt=\"automobile-et-reseaux-sociaux-carideal.jpg\" \/><\/p>\n<h1>Secteur automobile sur les r\u00e9seaux sociaux<\/h1>\n<p>De nos jours, difficile d'oublier la puissance des r\u00e9seaux sociaux. Les professionnels du marketing les exploitent de plus en plus, et il faut bien reconna\u00eetre qu'ils auraient tort de renoncer de leur port\u00e9e de communication. Facebook, qui contr\u00f4le tr\u00e8s largement les r\u00e9seaux, compte quelque 835 millions d'utilisateurs.<\/p>\n<p>Dans le secteur automobile, les d\u00e9cisions s'intensifient, avec une acc\u00e9l\u00e9ration notable depuis un peu plus d'un an. <a href=\"http:\/\/www.carideal.com\/blog\/marque-de-voiture-actualites-essais\/kia\/\">Kia<\/a> s'adresse \u00e0 ses fans Facebook dans ses campagnes publicitaires. Au Royaume-Uni, <a href=\"http:\/\/www.carideal.com\/blog\/marque-de-voiture-actualites-essais\/citroen\/\">Citro\u00ebn<\/a> a sollicit\u00e9 sa communaut\u00e9 pour configurer un s\u00e9rie sp\u00e9ciale de sa C1 qui sera nomm\u00e9e \"Connexion\".<\/p>\n<p>Puisque il ne suffit pas d'\u00eatre l\u00e0, ni m\u00eame d'accumuler le nombre de membres pour gagner la r\u00e9putation sur les r\u00e9seaux sociaux. Il faut concevoir une vraie strat\u00e9gie de communication \"participative\".<\/p>\n<blockquote><p>\"Nous tentons d'\u00eatre compl\u00e9mentaire avec nos autres espaces de pr\u00e9sence sur le web. Nous fournissons sur les r\u00e9seaux des informations exclusifs, sous forme de photos et de vid\u00e9os. Ces plates-formes d\u00e9tiennent une vraie place dans notre plan de communication\"<\/p><\/blockquote>\n<p>pr\u00e9cise David Isherwood, en charge de la tactique social m\u00e9dia chez <a href=\"http:\/\/www.carideal.com\/blog\/marque-de-voiture-actualites-essais\/renault\/\">Renault<\/a>. Pendant le <a href=\"http:\/\/www.carideal.com\/blog\/2012\/03\/09\/salon-de-l-auto-de-geneve-2012\/\">salon de Gen\u00e8ve, en mars 2012<\/a>, le constructeur fran\u00e7ais a mis en ligne sur Facebook des photos prises \u00e0 la r\u00e9clamation de ses fans.\" Il s'agit d'une nouvelle mani\u00e8re d'\u00e9changer. Nous entrons en contact direct avec nos communaut\u00e9s\" annonce Dominique Jacson, community manager chez Renault.<\/p>\n<p>Un point de vue partag\u00e9 par Herv\u00e9 Richard, responsable de la strat\u00e9gie digitale monde chez Citro\u00ebn, qui parle de \"communication hybride\",et rappelle que les fans de la marque ont pu apercevoir en avant premi\u00e8re sur Facebook le <a href=\"http:\/\/www.carideal.com\/blog\/2012\/03\/19\/citroen-c4-aircross\/\">C4 Aircross<\/a> ou voir le premier mondiale de la <a href=\"http:\/\/www.carideal.com\/blog\/marque-de-voiture-actualites-essais\/ds\/ds5\/\">DS5<\/a> en live depuis Shangai. Ce mode op\u00e9ratoire est choisi ou pens\u00e9 aujourd'hui par la plupart des marques, la nouveaut\u00e9 produit \u00e9tant l'un des meilleurs moyens de faire secouer les internautes. C'est l\u00e0 l'enjeu le plus crucial: g\u00e9n\u00e9rer des commentaires et des partages de contenus, faire vivre la communaut\u00e9. Objectif: profiter du potentiel de ricochet des r\u00e9seaux sociaux, mais aussi gagner en clart\u00e9.\"Sur Facebook, le nombre de fans au compteur n'est pas \u00e9quivalent \u00e0 celui des personnes effectivement expos\u00e9es aux messages\" commente Vincent L\u00e9orat, directeur g\u00e9n\u00e9ral de l'agence DDB\/Opinion way, partenaire de Mini France .<\/p>\n<p>Pour que les communications d'une marque apparaissent dans le fil d'actualit\u00e9 de ses fans, il faut que ces derniers soient dynamique sur sa page. Cette variable (le taux d'engagement) entre en ligne de compte dans l'algorithme exploit\u00e9 par Facebook pour trier les actualit\u00e9s les plus judicieuses pour chacun de ses membres. Selon Vincent L\u00e9orat, la diff\u00e9rence se fait se fait sur la richesse, la qualit\u00e9 et l'originalit\u00e9 des contenus propos\u00e9s.\"L'important est d'avoir la bonne id\u00e9e et de se montrer r\u00e9actif. Il ne faut pas imiter ce qui a d\u00e9j\u00e0 \u00e9t\u00e9 fait\", pr\u00e9cise Herv\u00e9 Richard chez Citro\u00ebn.<\/p>\n<p>Chez les constructeurs automobiles, les contenus commerciaux se limitent \u00e0 des liens vers les sites institutionnels ou \u00e0 des services comme la demande d'essai. Alors comment am\u00e9liorer les communaut\u00e9s en clients ? C'est la question que se posent les professionnels. Il est tr\u00e8s difficile d'y r\u00e9pondre, car les r\u00e9percussions sur la fid\u00e9lisation ou sur la conqu\u00eate des clients sont difficilement quantifiables. Certes, les investissements \u00e0 consentir sont principalement humains, car la pr\u00e9sence sur les r\u00e9seaux sociaux ne co\u00fbte rien, \u00e0 proprement parler, en termes d'espaces. Cependant comme pour les frais, la question du retour sur investissement se...pose.<\/p>\n<p>C'est pour sa que Peugeot vient juste d'ouvrir sa page Facebook consacr\u00e9e \u00e0 la France et ne souhaite pas pour tout suite, \u00eatre pr\u00e9sent sur d'autres plates-formes. Peugeot \u00e0 mit du temps pour \u00eatre sur <a href=\"https:\/\/www.facebook.com\/Carideal.mandataire.automobile\/\">Facebook<\/a> car ils veulent \u00eatre sur de ce qu'ils font. Ils d\u00e9dicacent Facebook \u00e0 l\u2019\u00e9v\u00e8nementiel, sur ce canal pour communiquer sur nos derniers mod\u00e8les, avec des jeux concours.Mais nous attendons de voir comment il va se d\u00e9velopper, et si nous pouvons attirer les internautes, via Facebook, dans nos concessions\" commente Marc Giulioli directeur marketing de Peugeot France. Renault ou Citro\u00ebn ont d\u00e9cid\u00e9 d'aller plus vite et investissent en masse sur toutes les plates-formes participatives existantes, comme Pinterest, Instagram ou encore Flikr et <a href=\"https:\/\/www.youtube.com\/user\/caridealsas\/\">Youtube<\/a>. Mais d'apr\u00e8s tous les acteurs, nous n'en sommes qu'\u00e0 la pr\u00e9histoire des m\u00e9dias sociaux. Toutes les portes restent donc ouvertes.<\/p>\n","protected":false},"excerpt":{"rendered":"<p>Secteur automobile sur les r\u00e9seaux sociaux De nos jours, difficile d&rsquo;oublier la puissance des r\u00e9seaux sociaux. Les professionnels du marketing les exploitent de plus en plus, et il faut bien reconna\u00eetre qu&rsquo;ils auraient tort de renoncer de leur port\u00e9e de communication. Facebook, qui contr\u00f4le tr\u00e8s largement les r\u00e9seaux, compte quelque 835 millions d&rsquo;utilisateurs. Dans le &#8230; <a title=\"Secteur automobile sur les r\u00e9seaux sociaux\" class=\"read-more\" href=\"https:\/\/www.carideal.com\/blog\/2012\/06\/19\/secteur-automobile-sur-les-reseaux-sociaux\/\" aria-label=\"En savoir plus sur Secteur automobile sur les r\u00e9seaux sociaux\">Lire plus<\/a><\/p>\n","protected":false},"author":3,"featured_media":17601,"comment_status":"open","ping_status":"open","sticky":false,"template":"","format":"standard","meta":{"_uag_custom_page_level_css":"","_themeisle_gutenberg_block_has_review":false,"footnotes":""},"categories":[10],"tags":[2206],"class_list":["post-521","post","type-post","status-publish","format-standard","has-post-thumbnail","hentry","category-marche-automobile-voiture-neuve-occasion-4x4-suv","tag-concession"],"wppr_data":{"cwp_meta_box_check":"No"},"yoast_head":"<!-- This site is optimized with the Yoast SEO plugin v24.8.1 - https:\/\/yoast.com\/wordpress\/plugins\/seo\/ -->\n<title>Secteur automobile sur les r\u00e9seaux sociaux - Blog auto Carid\u00e9al<\/title>\n<meta name=\"description\" content=\"Les constructeurs automobiles commencent \u00e0 envahir les r\u00e9seaux sociaux, bient\u00f4t les concessionnaires ?\" \/>\n<meta name=\"robots\" content=\"index, follow, max-snippet:-1, max-image-preview:large, max-video-preview:-1\" \/>\n<link rel=\"canonical\" href=\"https:\/\/www.carideal.com\/blog\/2012\/06\/19\/secteur-automobile-sur-les-reseaux-sociaux\/\" \/>\n<meta property=\"og:locale\" content=\"fr_FR\" \/>\n<meta property=\"og:type\" content=\"article\" \/>\n<meta property=\"og:title\" content=\"Secteur automobile sur les r\u00e9seaux sociaux - Blog auto Carid\u00e9al\" \/>\n<meta property=\"og:description\" content=\"Les constructeurs automobiles commencent \u00e0 envahir les r\u00e9seaux sociaux, bient\u00f4t les concessionnaires ?\" \/>\n<meta property=\"og:url\" content=\"https:\/\/www.carideal.com\/blog\/2012\/06\/19\/secteur-automobile-sur-les-reseaux-sociaux\/\" \/>\n<meta property=\"og:site_name\" content=\"Blog auto Carid\u00e9al\" \/>\n<meta property=\"article:publisher\" content=\"https:\/\/www.facebook.com\/Carideal.mandataire.automobile\" \/>\n<meta property=\"article:author\" content=\"https:\/\/www.facebook.com\/nicolas.schiavon.39\" \/>\n<meta property=\"article:published_time\" content=\"2012-06-19T13:15:00+00:00\" \/>\n<meta property=\"article:modified_time\" content=\"2020-03-07T15:51:32+00:00\" \/>\n<meta property=\"og:image\" content=\"https:\/\/www.carideal.com\/blog\/wp-content\/uploads\/2012\/06\/automobile-et-reseaux-sociaux-carideal_m.jpg\" \/>\n\t<meta property=\"og:image:width\" content=\"448\" \/>\n\t<meta property=\"og:image:height\" content=\"180\" \/>\n\t<meta property=\"og:image:type\" content=\"image\/jpeg\" \/>\n<meta name=\"author\" content=\"Nicolas SCHIAVON\" \/>\n<meta name=\"twitter:card\" content=\"summary_large_image\" \/>\n<meta name=\"twitter:creator\" content=\"@caridealauto\" \/>\n<meta name=\"twitter:site\" content=\"@caridealauto\" \/>\n<meta name=\"twitter:label1\" content=\"\u00c9crit par\" \/>\n\t<meta name=\"twitter:data1\" content=\"Nicolas SCHIAVON\" \/>\n\t<meta name=\"twitter:label2\" content=\"Dur\u00e9e de lecture estim\u00e9e\" \/>\n\t<meta name=\"twitter:data2\" content=\"4 minutes\" \/>\n<script type=\"application\/ld+json\" class=\"yoast-schema-graph\">{\"@context\":\"https:\/\/schema.org\",\"@graph\":[{\"@type\":\"Article\",\"@id\":\"https:\/\/www.carideal.com\/blog\/2012\/06\/19\/secteur-automobile-sur-les-reseaux-sociaux\/#article\",\"isPartOf\":{\"@id\":\"https:\/\/www.carideal.com\/blog\/2012\/06\/19\/secteur-automobile-sur-les-reseaux-sociaux\/\"},\"author\":{\"name\":\"Nicolas SCHIAVON\",\"@id\":\"https:\/\/www.carideal.com\/blog\/#\/schema\/person\/cd95dc7919660de90d31b366f85be1ec\"},\"headline\":\"Secteur automobile sur les r\u00e9seaux sociaux\",\"datePublished\":\"2012-06-19T13:15:00+00:00\",\"dateModified\":\"2020-03-07T15:51:32+00:00\",\"mainEntityOfPage\":{\"@id\":\"https:\/\/www.carideal.com\/blog\/2012\/06\/19\/secteur-automobile-sur-les-reseaux-sociaux\/\"},\"wordCount\":774,\"commentCount\":0,\"publisher\":{\"@id\":\"https:\/\/www.carideal.com\/blog\/#organization\"},\"image\":{\"@id\":\"https:\/\/www.carideal.com\/blog\/2012\/06\/19\/secteur-automobile-sur-les-reseaux-sociaux\/#primaryimage\"},\"thumbnailUrl\":\"https:\/\/www.carideal.com\/blog\/wp-content\/uploads\/2012\/06\/automobile-et-reseaux-sociaux-carideal_m.jpg\",\"keywords\":[\"Concession automobile\"],\"articleSection\":[\"March\u00e9 automobile\"],\"inLanguage\":\"fr-FR\",\"potentialAction\":[{\"@type\":\"CommentAction\",\"name\":\"Comment\",\"target\":[\"https:\/\/www.carideal.com\/blog\/2012\/06\/19\/secteur-automobile-sur-les-reseaux-sociaux\/#respond\"]}]},{\"@type\":\"WebPage\",\"@id\":\"https:\/\/www.carideal.com\/blog\/2012\/06\/19\/secteur-automobile-sur-les-reseaux-sociaux\/\",\"url\":\"https:\/\/www.carideal.com\/blog\/2012\/06\/19\/secteur-automobile-sur-les-reseaux-sociaux\/\",\"name\":\"Secteur automobile sur les r\u00e9seaux sociaux - Blog auto Carid\u00e9al\",\"isPartOf\":{\"@id\":\"https:\/\/www.carideal.com\/blog\/#website\"},\"primaryImageOfPage\":{\"@id\":\"https:\/\/www.carideal.com\/blog\/2012\/06\/19\/secteur-automobile-sur-les-reseaux-sociaux\/#primaryimage\"},\"image\":{\"@id\":\"https:\/\/www.carideal.com\/blog\/2012\/06\/19\/secteur-automobile-sur-les-reseaux-sociaux\/#primaryimage\"},\"thumbnailUrl\":\"https:\/\/www.carideal.com\/blog\/wp-content\/uploads\/2012\/06\/automobile-et-reseaux-sociaux-carideal_m.jpg\",\"datePublished\":\"2012-06-19T13:15:00+00:00\",\"dateModified\":\"2020-03-07T15:51:32+00:00\",\"description\":\"Les constructeurs automobiles commencent \u00e0 envahir les r\u00e9seaux sociaux, bient\u00f4t les concessionnaires ?\",\"breadcrumb\":{\"@id\":\"https:\/\/www.carideal.com\/blog\/2012\/06\/19\/secteur-automobile-sur-les-reseaux-sociaux\/#breadcrumb\"},\"inLanguage\":\"fr-FR\",\"potentialAction\":[{\"@type\":\"ReadAction\",\"target\":[\"https:\/\/www.carideal.com\/blog\/2012\/06\/19\/secteur-automobile-sur-les-reseaux-sociaux\/\"]}]},{\"@type\":\"ImageObject\",\"inLanguage\":\"fr-FR\",\"@id\":\"https:\/\/www.carideal.com\/blog\/2012\/06\/19\/secteur-automobile-sur-les-reseaux-sociaux\/#primaryimage\",\"url\":\"https:\/\/www.carideal.com\/blog\/wp-content\/uploads\/2012\/06\/automobile-et-reseaux-sociaux-carideal_m.jpg\",\"contentUrl\":\"https:\/\/www.carideal.com\/blog\/wp-content\/uploads\/2012\/06\/automobile-et-reseaux-sociaux-carideal_m.jpg\",\"width\":448,\"height\":180,\"caption\":\"Automobile et r\u00e9seaux sociaux\"},{\"@type\":\"BreadcrumbList\",\"@id\":\"https:\/\/www.carideal.com\/blog\/2012\/06\/19\/secteur-automobile-sur-les-reseaux-sociaux\/#breadcrumb\",\"itemListElement\":[{\"@type\":\"ListItem\",\"position\":1,\"name\":\"Blog Carid\u00e9al\",\"item\":\"https:\/\/www.carideal.com\/blog\/\"},{\"@type\":\"ListItem\",\"position\":2,\"name\":\"March\u00e9 automobile\",\"item\":\"https:\/\/www.carideal.com\/blog\/marche-automobile-voiture-neuve-occasion-4x4-suv\/\"},{\"@type\":\"ListItem\",\"position\":3,\"name\":\"Secteur automobile sur les r\u00e9seaux sociaux\"}]},{\"@type\":\"WebSite\",\"@id\":\"https:\/\/www.carideal.com\/blog\/#website\",\"url\":\"https:\/\/www.carideal.com\/blog\/\",\"name\":\"Blog auto Carid\u00e9al\",\"description\":\"Actualit\u00e9 auto par des passionn\u00e9s\",\"publisher\":{\"@id\":\"https:\/\/www.carideal.com\/blog\/#organization\"},\"potentialAction\":[{\"@type\":\"SearchAction\",\"target\":{\"@type\":\"EntryPoint\",\"urlTemplate\":\"https:\/\/www.carideal.com\/blog\/?s={search_term_string}\"},\"query-input\":{\"@type\":\"PropertyValueSpecification\",\"valueRequired\":true,\"valueName\":\"search_term_string\"}}],\"inLanguage\":\"fr-FR\"},{\"@type\":\"Organization\",\"@id\":\"https:\/\/www.carideal.com\/blog\/#organization\",\"name\":\"Carideal\",\"url\":\"https:\/\/www.carideal.com\/blog\/\",\"logo\":{\"@type\":\"ImageObject\",\"inLanguage\":\"fr-FR\",\"@id\":\"https:\/\/www.carideal.com\/blog\/#\/schema\/logo\/image\/\",\"url\":\"http:\/\/www.carideal.com\/blog\/wp-content\/uploads\/2016\/03\/logo-carideal-mandataire-automobile.png\",\"contentUrl\":\"http:\/\/www.carideal.com\/blog\/wp-content\/uploads\/2016\/03\/logo-carideal-mandataire-automobile.png\",\"width\":300,\"height\":300,\"caption\":\"Carideal\"},\"image\":{\"@id\":\"https:\/\/www.carideal.com\/blog\/#\/schema\/logo\/image\/\"},\"sameAs\":[\"https:\/\/www.facebook.com\/Carideal.mandataire.automobile\",\"https:\/\/x.com\/caridealauto\",\"https:\/\/www.instagram.com\/carideal1\/\",\"https:\/\/www.linkedin.com\/company\/carideal.com\",\"https:\/\/fr.pinterest.com\/schiavonsas\/\",\"https:\/\/www.youtube.com\/user\/caridealsas\"]},{\"@type\":\"Person\",\"@id\":\"https:\/\/www.carideal.com\/blog\/#\/schema\/person\/cd95dc7919660de90d31b366f85be1ec\",\"name\":\"Nicolas SCHIAVON\",\"image\":{\"@type\":\"ImageObject\",\"inLanguage\":\"fr-FR\",\"@id\":\"https:\/\/www.carideal.com\/blog\/#\/schema\/person\/image\/\",\"url\":\"https:\/\/secure.gravatar.com\/avatar\/c17e55009e671d92cc7f5dc837dc418a?s=96&r=g\",\"contentUrl\":\"https:\/\/secure.gravatar.com\/avatar\/c17e55009e671d92cc7f5dc837dc418a?s=96&r=g\",\"caption\":\"Nicolas SCHIAVON\"},\"description\":\"Nicolas Schiavon est tomb\u00e9 tout petit dans la marmite automobile. Ayant eu un garage de marque automobile, mandataire automobile de la premi\u00e8re heure d\u00e8s 1999. Nicolas a cr\u00e9\u00e9 ces premiers sites de vente de voiture et blog automobile d\u00e8s 1994. Carideal est n\u00e9 le 15 d\u00e9cembre 2000 de la volont\u00e9 de vendre des voitures d'occasions en ligne puis des voitures neuves. Il a pu essayer beaucoup de voitures tr\u00e8s diff\u00e9rentes et ayant eu personnellement quelques belles autos, Subaru Impreza, Mitsubishi Lancer Evo 7, Porsche 911, Ferrari Testarrossa, Audi RS3, RS4 et j'en passe...\",\"sameAs\":[\"http:\/\/www.carideal.com\",\"https:\/\/www.facebook.com\/nicolas.schiavon.39\",\"https:\/\/www.instagram.com\/carideal1\/\",\"https:\/\/www.linkedin.com\/in\/nschiavon\/\",\"https:\/\/x.com\/caridealauto\",\"https:\/\/www.youtube.com\/user\/caridealsas\/\"],\"url\":\"https:\/\/www.carideal.com\/blog\/author\/nschiavon\/\"}]}<\/script>\n<!-- \/ Yoast SEO plugin. -->","yoast_head_json":{"title":"Secteur automobile sur les r\u00e9seaux sociaux - Blog auto Carid\u00e9al","description":"Les constructeurs automobiles commencent \u00e0 envahir les r\u00e9seaux sociaux, bient\u00f4t les concessionnaires ?","robots":{"index":"index","follow":"follow","max-snippet":"max-snippet:-1","max-image-preview":"max-image-preview:large","max-video-preview":"max-video-preview:-1"},"canonical":"https:\/\/www.carideal.com\/blog\/2012\/06\/19\/secteur-automobile-sur-les-reseaux-sociaux\/","og_locale":"fr_FR","og_type":"article","og_title":"Secteur automobile sur les r\u00e9seaux sociaux - Blog auto Carid\u00e9al","og_description":"Les constructeurs automobiles commencent \u00e0 envahir les r\u00e9seaux sociaux, bient\u00f4t les concessionnaires ?","og_url":"https:\/\/www.carideal.com\/blog\/2012\/06\/19\/secteur-automobile-sur-les-reseaux-sociaux\/","og_site_name":"Blog auto Carid\u00e9al","article_publisher":"https:\/\/www.facebook.com\/Carideal.mandataire.automobile","article_author":"https:\/\/www.facebook.com\/nicolas.schiavon.39","article_published_time":"2012-06-19T13:15:00+00:00","article_modified_time":"2020-03-07T15:51:32+00:00","og_image":[{"width":448,"height":180,"url":"https:\/\/www.carideal.com\/blog\/wp-content\/uploads\/2012\/06\/automobile-et-reseaux-sociaux-carideal_m.jpg","type":"image\/jpeg"}],"author":"Nicolas SCHIAVON","twitter_card":"summary_large_image","twitter_creator":"@caridealauto","twitter_site":"@caridealauto","twitter_misc":{"\u00c9crit par":"Nicolas SCHIAVON","Dur\u00e9e de lecture estim\u00e9e":"4 minutes"},"schema":{"@context":"https:\/\/schema.org","@graph":[{"@type":"Article","@id":"https:\/\/www.carideal.com\/blog\/2012\/06\/19\/secteur-automobile-sur-les-reseaux-sociaux\/#article","isPartOf":{"@id":"https:\/\/www.carideal.com\/blog\/2012\/06\/19\/secteur-automobile-sur-les-reseaux-sociaux\/"},"author":{"name":"Nicolas SCHIAVON","@id":"https:\/\/www.carideal.com\/blog\/#\/schema\/person\/cd95dc7919660de90d31b366f85be1ec"},"headline":"Secteur automobile sur les r\u00e9seaux sociaux","datePublished":"2012-06-19T13:15:00+00:00","dateModified":"2020-03-07T15:51:32+00:00","mainEntityOfPage":{"@id":"https:\/\/www.carideal.com\/blog\/2012\/06\/19\/secteur-automobile-sur-les-reseaux-sociaux\/"},"wordCount":774,"commentCount":0,"publisher":{"@id":"https:\/\/www.carideal.com\/blog\/#organization"},"image":{"@id":"https:\/\/www.carideal.com\/blog\/2012\/06\/19\/secteur-automobile-sur-les-reseaux-sociaux\/#primaryimage"},"thumbnailUrl":"https:\/\/www.carideal.com\/blog\/wp-content\/uploads\/2012\/06\/automobile-et-reseaux-sociaux-carideal_m.jpg","keywords":["Concession automobile"],"articleSection":["March\u00e9 automobile"],"inLanguage":"fr-FR","potentialAction":[{"@type":"CommentAction","name":"Comment","target":["https:\/\/www.carideal.com\/blog\/2012\/06\/19\/secteur-automobile-sur-les-reseaux-sociaux\/#respond"]}]},{"@type":"WebPage","@id":"https:\/\/www.carideal.com\/blog\/2012\/06\/19\/secteur-automobile-sur-les-reseaux-sociaux\/","url":"https:\/\/www.carideal.com\/blog\/2012\/06\/19\/secteur-automobile-sur-les-reseaux-sociaux\/","name":"Secteur automobile sur les r\u00e9seaux sociaux - Blog auto Carid\u00e9al","isPartOf":{"@id":"https:\/\/www.carideal.com\/blog\/#website"},"primaryImageOfPage":{"@id":"https:\/\/www.carideal.com\/blog\/2012\/06\/19\/secteur-automobile-sur-les-reseaux-sociaux\/#primaryimage"},"image":{"@id":"https:\/\/www.carideal.com\/blog\/2012\/06\/19\/secteur-automobile-sur-les-reseaux-sociaux\/#primaryimage"},"thumbnailUrl":"https:\/\/www.carideal.com\/blog\/wp-content\/uploads\/2012\/06\/automobile-et-reseaux-sociaux-carideal_m.jpg","datePublished":"2012-06-19T13:15:00+00:00","dateModified":"2020-03-07T15:51:32+00:00","description":"Les constructeurs automobiles commencent \u00e0 envahir les r\u00e9seaux sociaux, bient\u00f4t les concessionnaires ?","breadcrumb":{"@id":"https:\/\/www.carideal.com\/blog\/2012\/06\/19\/secteur-automobile-sur-les-reseaux-sociaux\/#breadcrumb"},"inLanguage":"fr-FR","potentialAction":[{"@type":"ReadAction","target":["https:\/\/www.carideal.com\/blog\/2012\/06\/19\/secteur-automobile-sur-les-reseaux-sociaux\/"]}]},{"@type":"ImageObject","inLanguage":"fr-FR","@id":"https:\/\/www.carideal.com\/blog\/2012\/06\/19\/secteur-automobile-sur-les-reseaux-sociaux\/#primaryimage","url":"https:\/\/www.carideal.com\/blog\/wp-content\/uploads\/2012\/06\/automobile-et-reseaux-sociaux-carideal_m.jpg","contentUrl":"https:\/\/www.carideal.com\/blog\/wp-content\/uploads\/2012\/06\/automobile-et-reseaux-sociaux-carideal_m.jpg","width":448,"height":180,"caption":"Automobile et r\u00e9seaux sociaux"},{"@type":"BreadcrumbList","@id":"https:\/\/www.carideal.com\/blog\/2012\/06\/19\/secteur-automobile-sur-les-reseaux-sociaux\/#breadcrumb","itemListElement":[{"@type":"ListItem","position":1,"name":"Blog Carid\u00e9al","item":"https:\/\/www.carideal.com\/blog\/"},{"@type":"ListItem","position":2,"name":"March\u00e9 automobile","item":"https:\/\/www.carideal.com\/blog\/marche-automobile-voiture-neuve-occasion-4x4-suv\/"},{"@type":"ListItem","position":3,"name":"Secteur automobile sur les r\u00e9seaux sociaux"}]},{"@type":"WebSite","@id":"https:\/\/www.carideal.com\/blog\/#website","url":"https:\/\/www.carideal.com\/blog\/","name":"Blog auto Carid\u00e9al","description":"Actualit\u00e9 auto par des passionn\u00e9s","publisher":{"@id":"https:\/\/www.carideal.com\/blog\/#organization"},"potentialAction":[{"@type":"SearchAction","target":{"@type":"EntryPoint","urlTemplate":"https:\/\/www.carideal.com\/blog\/?s={search_term_string}"},"query-input":{"@type":"PropertyValueSpecification","valueRequired":true,"valueName":"search_term_string"}}],"inLanguage":"fr-FR"},{"@type":"Organization","@id":"https:\/\/www.carideal.com\/blog\/#organization","name":"Carideal","url":"https:\/\/www.carideal.com\/blog\/","logo":{"@type":"ImageObject","inLanguage":"fr-FR","@id":"https:\/\/www.carideal.com\/blog\/#\/schema\/logo\/image\/","url":"http:\/\/www.carideal.com\/blog\/wp-content\/uploads\/2016\/03\/logo-carideal-mandataire-automobile.png","contentUrl":"http:\/\/www.carideal.com\/blog\/wp-content\/uploads\/2016\/03\/logo-carideal-mandataire-automobile.png","width":300,"height":300,"caption":"Carideal"},"image":{"@id":"https:\/\/www.carideal.com\/blog\/#\/schema\/logo\/image\/"},"sameAs":["https:\/\/www.facebook.com\/Carideal.mandataire.automobile","https:\/\/x.com\/caridealauto","https:\/\/www.instagram.com\/carideal1\/","https:\/\/www.linkedin.com\/company\/carideal.com","https:\/\/fr.pinterest.com\/schiavonsas\/","https:\/\/www.youtube.com\/user\/caridealsas"]},{"@type":"Person","@id":"https:\/\/www.carideal.com\/blog\/#\/schema\/person\/cd95dc7919660de90d31b366f85be1ec","name":"Nicolas SCHIAVON","image":{"@type":"ImageObject","inLanguage":"fr-FR","@id":"https:\/\/www.carideal.com\/blog\/#\/schema\/person\/image\/","url":"https:\/\/secure.gravatar.com\/avatar\/c17e55009e671d92cc7f5dc837dc418a?s=96&r=g","contentUrl":"https:\/\/secure.gravatar.com\/avatar\/c17e55009e671d92cc7f5dc837dc418a?s=96&r=g","caption":"Nicolas SCHIAVON"},"description":"Nicolas Schiavon est tomb\u00e9 tout petit dans la marmite automobile. Ayant eu un garage de marque automobile, mandataire automobile de la premi\u00e8re heure d\u00e8s 1999. Nicolas a cr\u00e9\u00e9 ces premiers sites de vente de voiture et blog automobile d\u00e8s 1994. Carideal est n\u00e9 le 15 d\u00e9cembre 2000 de la volont\u00e9 de vendre des voitures d'occasions en ligne puis des voitures neuves. Il a pu essayer beaucoup de voitures tr\u00e8s diff\u00e9rentes et ayant eu personnellement quelques belles autos, Subaru Impreza, Mitsubishi Lancer Evo 7, Porsche 911, Ferrari Testarrossa, Audi RS3, RS4 et j'en passe...","sameAs":["http:\/\/www.carideal.com","https:\/\/www.facebook.com\/nicolas.schiavon.39","https:\/\/www.instagram.com\/carideal1\/","https:\/\/www.linkedin.com\/in\/nschiavon\/","https:\/\/x.com\/caridealauto","https:\/\/www.youtube.com\/user\/caridealsas\/"],"url":"https:\/\/www.carideal.com\/blog\/author\/nschiavon\/"}]}},"uagb_featured_image_src":{"full":["https:\/\/www.carideal.com\/blog\/wp-content\/uploads\/2012\/06\/automobile-et-reseaux-sociaux-carideal_m.jpg",448,180,false],"thumbnail":["https:\/\/www.carideal.com\/blog\/wp-content\/uploads\/2012\/06\/automobile-et-reseaux-sociaux-carideal_m-150x150.jpg",150,150,true],"medium":["https:\/\/www.carideal.com\/blog\/wp-content\/uploads\/2012\/06\/automobile-et-reseaux-sociaux-carideal_m-300x121.jpg",300,121,true],"medium_large":["https:\/\/www.carideal.com\/blog\/wp-content\/uploads\/2012\/06\/automobile-et-reseaux-sociaux-carideal_m.jpg",448,180,false],"large":["https:\/\/www.carideal.com\/blog\/wp-content\/uploads\/2012\/06\/automobile-et-reseaux-sociaux-carideal_m.jpg",448,180,false],"1536x1536":["https:\/\/www.carideal.com\/blog\/wp-content\/uploads\/2012\/06\/automobile-et-reseaux-sociaux-carideal_m.jpg",448,180,false],"2048x2048":["https:\/\/www.carideal.com\/blog\/wp-content\/uploads\/2012\/06\/automobile-et-reseaux-sociaux-carideal_m.jpg",448,180,false],"wppr-widget":["https:\/\/www.carideal.com\/blog\/wp-content\/uploads\/2012\/06\/automobile-et-reseaux-sociaux-carideal_m-50x20.jpg",50,20,true]},"uagb_author_info":{"display_name":"Nicolas SCHIAVON","author_link":"https:\/\/www.carideal.com\/blog\/author\/nschiavon\/"},"uagb_comment_info":0,"uagb_excerpt":"Secteur automobile sur les r\u00e9seaux sociaux De nos jours, difficile d'oublier la puissance des r\u00e9seaux sociaux. Les professionnels du marketing les exploitent de plus en plus, et il faut bien reconna\u00eetre qu'ils auraient tort de renoncer de leur port\u00e9e de communication. Facebook, qui contr\u00f4le tr\u00e8s largement les r\u00e9seaux, compte quelque 835 millions d'utilisateurs. Dans le\u2026","_links":{"self":[{"href":"https:\/\/www.carideal.com\/blog\/wp-json\/wp\/v2\/posts\/521"}],"collection":[{"href":"https:\/\/www.carideal.com\/blog\/wp-json\/wp\/v2\/posts"}],"about":[{"href":"https:\/\/www.carideal.com\/blog\/wp-json\/wp\/v2\/types\/post"}],"author":[{"embeddable":true,"href":"https:\/\/www.carideal.com\/blog\/wp-json\/wp\/v2\/users\/3"}],"replies":[{"embeddable":true,"href":"https:\/\/www.carideal.com\/blog\/wp-json\/wp\/v2\/comments?post=521"}],"version-history":[{"count":0,"href":"https:\/\/www.carideal.com\/blog\/wp-json\/wp\/v2\/posts\/521\/revisions"}],"wp:featuredmedia":[{"embeddable":true,"href":"https:\/\/www.carideal.com\/blog\/wp-json\/wp\/v2\/media\/17601"}],"wp:attachment":[{"href":"https:\/\/www.carideal.com\/blog\/wp-json\/wp\/v2\/media?parent=521"}],"wp:term":[{"taxonomy":"category","embeddable":true,"href":"https:\/\/www.carideal.com\/blog\/wp-json\/wp\/v2\/categories?post=521"},{"taxonomy":"post_tag","embeddable":true,"href":"https:\/\/www.carideal.com\/blog\/wp-json\/wp\/v2\/tags?post=521"}],"curies":[{"name":"wp","href":"https:\/\/api.w.org\/{rel}","templated":true}]}}