{"id":5202,"date":"2013-07-12T22:00:00","date_gmt":"2013-07-12T22:00:00","guid":{"rendered":"http:\/\/www.carideal.com\/blog\/2013\/07\/12\/plus-de-voitures-dans-les-menages\/"},"modified":"2019-01-28T22:50:18","modified_gmt":"2019-01-28T21:50:18","slug":"plus-de-voitures-dans-les-menages","status":"publish","type":"post","link":"https:\/\/www.carideal.com\/blog\/2013\/07\/12\/plus-de-voitures-dans-les-menages\/","title":{"rendered":"plus de voitures dans les menages"},"content":{"rendered":"<div><img decoding=\"async\" src=\"http:\/\/www.carideal.com\/images_actualite\/plusdevoituredanslesmnagescaridealactualits-1373724879.jpg\" \/><\/p>\n<h2>Plus de voitures dans les m\u00e9nages<\/h2>\n<\/div>\n<p>Plus de voitures dans les m\u00e9nages.<br \/>\nEn 1992 77.2 % des m\u00e9nages poss\u00e9daient au moins une voiture.<br \/>\nEn 2012 84.3% des m\u00e9nages poss\u00e8dent au moins une voiture.<br \/>\n32.1% des m\u00e9nages motoris\u00e9s poss\u00e8dent deux voitures et 5.7% trois voitures en 2012 contre 4.9% en 2002. C'est en ville qu'on trouve le moins de voiture, par exemple \u00e0 Paris seulement 37% des m\u00e9nages poss\u00e8dent une voiture contre 61% en petite banlieue et 82% en grande Banlieue.<br \/>\nsource CCFA.<\/p>\n","protected":false},"excerpt":{"rendered":"<p>Plus de voitures dans les m\u00e9nages Plus de voitures dans les m\u00e9nages. En 1992 77.2 % des m\u00e9nages poss\u00e9daient au moins une voiture. En 2012 84.3% des m\u00e9nages poss\u00e8dent au moins une voiture. 32.1% des m\u00e9nages motoris\u00e9s poss\u00e8dent deux voitures et 5.7% trois voitures en 2012 contre 4.9% en 2002. C&rsquo;est en ville qu&rsquo;on trouve &#8230; <a title=\"plus de voitures dans les menages\" class=\"read-more\" href=\"https:\/\/www.carideal.com\/blog\/2013\/07\/12\/plus-de-voitures-dans-les-menages\/\" aria-label=\"En savoir plus sur plus de voitures dans les menages\">Lire plus<\/a><\/p>\n","protected":false},"author":3,"featured_media":0,"comment_status":"open","ping_status":"open","sticky":false,"template":"","format":"standard","meta":{"_uag_custom_page_level_css":"","_themeisle_gutenberg_block_has_review":false,"footnotes":""},"categories":[10],"tags":[],"class_list":["post-5202","post","type-post","status-publish","format-standard","hentry","category-marche-automobile-voiture-neuve-occasion-4x4-suv"],"wppr_data":{"cwp_meta_box_check":"No"},"yoast_head":"<!-- This site is optimized with the Yoast SEO plugin v24.8.1 - https:\/\/yoast.com\/wordpress\/plugins\/seo\/ -->\n<title>plus de voitures dans les menages - Blog auto Carid\u00e9al<\/title>\n<meta name=\"robots\" content=\"noindex, follow\" \/>\n<meta property=\"og:locale\" content=\"fr_FR\" \/>\n<meta property=\"og:type\" content=\"article\" \/>\n<meta property=\"og:title\" content=\"plus de voitures dans les menages - Blog auto Carid\u00e9al\" \/>\n<meta property=\"og:description\" content=\"Plus de voitures dans les m\u00e9nages Plus de voitures dans les m\u00e9nages. En 1992 77.2 % des m\u00e9nages poss\u00e9daient au moins une voiture. En 2012 84.3% des m\u00e9nages poss\u00e8dent au moins une voiture. 32.1% des m\u00e9nages motoris\u00e9s poss\u00e8dent deux voitures et 5.7% trois voitures en 2012 contre 4.9% en 2002. C&#039;est en ville qu&#039;on trouve ... Lire plus\" \/>\n<meta property=\"og:url\" content=\"https:\/\/www.carideal.com\/blog\/2013\/07\/12\/plus-de-voitures-dans-les-menages\/\" \/>\n<meta property=\"og:site_name\" content=\"Blog auto Carid\u00e9al\" \/>\n<meta property=\"article:publisher\" content=\"https:\/\/www.facebook.com\/Carideal.mandataire.automobile\" \/>\n<meta property=\"article:author\" content=\"https:\/\/www.facebook.com\/nicolas.schiavon.39\" \/>\n<meta property=\"article:published_time\" content=\"2013-07-12T22:00:00+00:00\" \/>\n<meta property=\"article:modified_time\" content=\"2019-01-28T21:50:18+00:00\" \/>\n<meta property=\"og:image\" content=\"http:\/\/www.carideal.com\/images_actualite\/plusdevoituredanslesmnagescaridealactualits-1373724879.jpg\" \/>\n<meta name=\"author\" content=\"Nicolas SCHIAVON\" \/>\n<meta name=\"twitter:card\" content=\"summary_large_image\" \/>\n<meta name=\"twitter:creator\" content=\"@caridealauto\" \/>\n<meta name=\"twitter:site\" content=\"@caridealauto\" \/>\n<meta name=\"twitter:label1\" content=\"\u00c9crit par\" \/>\n\t<meta name=\"twitter:data1\" content=\"Nicolas SCHIAVON\" \/>\n<script type=\"application\/ld+json\" class=\"yoast-schema-graph\">{\"@context\":\"https:\/\/schema.org\",\"@graph\":[{\"@type\":\"Article\",\"@id\":\"https:\/\/www.carideal.com\/blog\/2013\/07\/12\/plus-de-voitures-dans-les-menages\/#article\",\"isPartOf\":{\"@id\":\"https:\/\/www.carideal.com\/blog\/2013\/07\/12\/plus-de-voitures-dans-les-menages\/\"},\"author\":{\"name\":\"Nicolas SCHIAVON\",\"@id\":\"https:\/\/www.carideal.com\/blog\/#\/schema\/person\/cd95dc7919660de90d31b366f85be1ec\"},\"headline\":\"plus de voitures dans les menages\",\"datePublished\":\"2013-07-12T22:00:00+00:00\",\"dateModified\":\"2019-01-28T21:50:18+00:00\",\"mainEntityOfPage\":{\"@id\":\"https:\/\/www.carideal.com\/blog\/2013\/07\/12\/plus-de-voitures-dans-les-menages\/\"},\"wordCount\":85,\"commentCount\":0,\"publisher\":{\"@id\":\"https:\/\/www.carideal.com\/blog\/#organization\"},\"image\":{\"@id\":\"https:\/\/www.carideal.com\/blog\/2013\/07\/12\/plus-de-voitures-dans-les-menages\/#primaryimage\"},\"thumbnailUrl\":\"http:\/\/www.carideal.com\/images_actualite\/plusdevoituredanslesmnagescaridealactualits-1373724879.jpg\",\"articleSection\":[\"March\u00e9 automobile\"],\"inLanguage\":\"fr-FR\",\"potentialAction\":[{\"@type\":\"CommentAction\",\"name\":\"Comment\",\"target\":[\"https:\/\/www.carideal.com\/blog\/2013\/07\/12\/plus-de-voitures-dans-les-menages\/#respond\"]}]},{\"@type\":\"WebPage\",\"@id\":\"https:\/\/www.carideal.com\/blog\/2013\/07\/12\/plus-de-voitures-dans-les-menages\/\",\"url\":\"https:\/\/www.carideal.com\/blog\/2013\/07\/12\/plus-de-voitures-dans-les-menages\/\",\"name\":\"plus de voitures dans les menages - Blog auto Carid\u00e9al\",\"isPartOf\":{\"@id\":\"https:\/\/www.carideal.com\/blog\/#website\"},\"primaryImageOfPage\":{\"@id\":\"https:\/\/www.carideal.com\/blog\/2013\/07\/12\/plus-de-voitures-dans-les-menages\/#primaryimage\"},\"image\":{\"@id\":\"https:\/\/www.carideal.com\/blog\/2013\/07\/12\/plus-de-voitures-dans-les-menages\/#primaryimage\"},\"thumbnailUrl\":\"http:\/\/www.carideal.com\/images_actualite\/plusdevoituredanslesmnagescaridealactualits-1373724879.jpg\",\"datePublished\":\"2013-07-12T22:00:00+00:00\",\"dateModified\":\"2019-01-28T21:50:18+00:00\",\"breadcrumb\":{\"@id\":\"https:\/\/www.carideal.com\/blog\/2013\/07\/12\/plus-de-voitures-dans-les-menages\/#breadcrumb\"},\"inLanguage\":\"fr-FR\",\"potentialAction\":[{\"@type\":\"ReadAction\",\"target\":[\"https:\/\/www.carideal.com\/blog\/2013\/07\/12\/plus-de-voitures-dans-les-menages\/\"]}]},{\"@type\":\"ImageObject\",\"inLanguage\":\"fr-FR\",\"@id\":\"https:\/\/www.carideal.com\/blog\/2013\/07\/12\/plus-de-voitures-dans-les-menages\/#primaryimage\",\"url\":\"http:\/\/www.carideal.com\/images_actualite\/plusdevoituredanslesmnagescaridealactualits-1373724879.jpg\",\"contentUrl\":\"http:\/\/www.carideal.com\/images_actualite\/plusdevoituredanslesmnagescaridealactualits-1373724879.jpg\"},{\"@type\":\"BreadcrumbList\",\"@id\":\"https:\/\/www.carideal.com\/blog\/2013\/07\/12\/plus-de-voitures-dans-les-menages\/#breadcrumb\",\"itemListElement\":[{\"@type\":\"ListItem\",\"position\":1,\"name\":\"Blog Carid\u00e9al\",\"item\":\"https:\/\/www.carideal.com\/blog\/\"},{\"@type\":\"ListItem\",\"position\":2,\"name\":\"March\u00e9 automobile\",\"item\":\"https:\/\/www.carideal.com\/blog\/marche-automobile-voiture-neuve-occasion-4x4-suv\/\"},{\"@type\":\"ListItem\",\"position\":3,\"name\":\"plus de voitures dans les menages\"}]},{\"@type\":\"WebSite\",\"@id\":\"https:\/\/www.carideal.com\/blog\/#website\",\"url\":\"https:\/\/www.carideal.com\/blog\/\",\"name\":\"Blog auto Carid\u00e9al\",\"description\":\"Actualit\u00e9 auto par des passionn\u00e9s\",\"publisher\":{\"@id\":\"https:\/\/www.carideal.com\/blog\/#organization\"},\"potentialAction\":[{\"@type\":\"SearchAction\",\"target\":{\"@type\":\"EntryPoint\",\"urlTemplate\":\"https:\/\/www.carideal.com\/blog\/?s={search_term_string}\"},\"query-input\":{\"@type\":\"PropertyValueSpecification\",\"valueRequired\":true,\"valueName\":\"search_term_string\"}}],\"inLanguage\":\"fr-FR\"},{\"@type\":\"Organization\",\"@id\":\"https:\/\/www.carideal.com\/blog\/#organization\",\"name\":\"Carideal\",\"url\":\"https:\/\/www.carideal.com\/blog\/\",\"logo\":{\"@type\":\"ImageObject\",\"inLanguage\":\"fr-FR\",\"@id\":\"https:\/\/www.carideal.com\/blog\/#\/schema\/logo\/image\/\",\"url\":\"http:\/\/www.carideal.com\/blog\/wp-content\/uploads\/2016\/03\/logo-carideal-mandataire-automobile.png\",\"contentUrl\":\"http:\/\/www.carideal.com\/blog\/wp-content\/uploads\/2016\/03\/logo-carideal-mandataire-automobile.png\",\"width\":300,\"height\":300,\"caption\":\"Carideal\"},\"image\":{\"@id\":\"https:\/\/www.carideal.com\/blog\/#\/schema\/logo\/image\/\"},\"sameAs\":[\"https:\/\/www.facebook.com\/Carideal.mandataire.automobile\",\"https:\/\/x.com\/caridealauto\",\"https:\/\/www.instagram.com\/carideal1\/\",\"https:\/\/www.linkedin.com\/company\/carideal.com\",\"https:\/\/fr.pinterest.com\/schiavonsas\/\",\"https:\/\/www.youtube.com\/user\/caridealsas\"]},{\"@type\":\"Person\",\"@id\":\"https:\/\/www.carideal.com\/blog\/#\/schema\/person\/cd95dc7919660de90d31b366f85be1ec\",\"name\":\"Nicolas SCHIAVON\",\"image\":{\"@type\":\"ImageObject\",\"inLanguage\":\"fr-FR\",\"@id\":\"https:\/\/www.carideal.com\/blog\/#\/schema\/person\/image\/\",\"url\":\"https:\/\/secure.gravatar.com\/avatar\/c17e55009e671d92cc7f5dc837dc418a?s=96&r=g\",\"contentUrl\":\"https:\/\/secure.gravatar.com\/avatar\/c17e55009e671d92cc7f5dc837dc418a?s=96&r=g\",\"caption\":\"Nicolas SCHIAVON\"},\"description\":\"Nicolas Schiavon est tomb\u00e9 tout petit dans la marmite automobile. Ayant eu un garage de marque automobile, mandataire automobile de la premi\u00e8re heure d\u00e8s 1999. Nicolas a cr\u00e9\u00e9 ces premiers sites de vente de voiture et blog automobile d\u00e8s 1994. Carideal est n\u00e9 le 15 d\u00e9cembre 2000 de la volont\u00e9 de vendre des voitures d'occasions en ligne puis des voitures neuves. Il a pu essayer beaucoup de voitures tr\u00e8s diff\u00e9rentes et ayant eu personnellement quelques belles autos, Subaru Impreza, Mitsubishi Lancer Evo 7, Porsche 911, Ferrari Testarrossa, Audi RS3, RS4 et j'en passe...\",\"sameAs\":[\"http:\/\/www.carideal.com\",\"https:\/\/www.facebook.com\/nicolas.schiavon.39\",\"https:\/\/www.instagram.com\/carideal1\/\",\"https:\/\/www.linkedin.com\/in\/nschiavon\/\",\"https:\/\/x.com\/caridealauto\",\"https:\/\/www.youtube.com\/user\/caridealsas\/\"],\"url\":\"https:\/\/www.carideal.com\/blog\/author\/nschiavon\/\"}]}<\/script>\n<!-- \/ Yoast SEO plugin. -->","yoast_head_json":{"title":"plus de voitures dans les menages - Blog auto Carid\u00e9al","robots":{"index":"noindex","follow":"follow"},"og_locale":"fr_FR","og_type":"article","og_title":"plus de voitures dans les menages - Blog auto Carid\u00e9al","og_description":"Plus de voitures dans les m\u00e9nages Plus de voitures dans les m\u00e9nages. En 1992 77.2 % des m\u00e9nages poss\u00e9daient au moins une voiture. En 2012 84.3% des m\u00e9nages poss\u00e8dent au moins une voiture. 32.1% des m\u00e9nages motoris\u00e9s poss\u00e8dent deux voitures et 5.7% trois voitures en 2012 contre 4.9% en 2002. C'est en ville qu'on trouve ... Lire plus","og_url":"https:\/\/www.carideal.com\/blog\/2013\/07\/12\/plus-de-voitures-dans-les-menages\/","og_site_name":"Blog auto Carid\u00e9al","article_publisher":"https:\/\/www.facebook.com\/Carideal.mandataire.automobile","article_author":"https:\/\/www.facebook.com\/nicolas.schiavon.39","article_published_time":"2013-07-12T22:00:00+00:00","article_modified_time":"2019-01-28T21:50:18+00:00","og_image":[{"url":"http:\/\/www.carideal.com\/images_actualite\/plusdevoituredanslesmnagescaridealactualits-1373724879.jpg","type":"","width":"","height":""}],"author":"Nicolas SCHIAVON","twitter_card":"summary_large_image","twitter_creator":"@caridealauto","twitter_site":"@caridealauto","twitter_misc":{"\u00c9crit par":"Nicolas SCHIAVON"},"schema":{"@context":"https:\/\/schema.org","@graph":[{"@type":"Article","@id":"https:\/\/www.carideal.com\/blog\/2013\/07\/12\/plus-de-voitures-dans-les-menages\/#article","isPartOf":{"@id":"https:\/\/www.carideal.com\/blog\/2013\/07\/12\/plus-de-voitures-dans-les-menages\/"},"author":{"name":"Nicolas SCHIAVON","@id":"https:\/\/www.carideal.com\/blog\/#\/schema\/person\/cd95dc7919660de90d31b366f85be1ec"},"headline":"plus de voitures dans les menages","datePublished":"2013-07-12T22:00:00+00:00","dateModified":"2019-01-28T21:50:18+00:00","mainEntityOfPage":{"@id":"https:\/\/www.carideal.com\/blog\/2013\/07\/12\/plus-de-voitures-dans-les-menages\/"},"wordCount":85,"commentCount":0,"publisher":{"@id":"https:\/\/www.carideal.com\/blog\/#organization"},"image":{"@id":"https:\/\/www.carideal.com\/blog\/2013\/07\/12\/plus-de-voitures-dans-les-menages\/#primaryimage"},"thumbnailUrl":"http:\/\/www.carideal.com\/images_actualite\/plusdevoituredanslesmnagescaridealactualits-1373724879.jpg","articleSection":["March\u00e9 automobile"],"inLanguage":"fr-FR","potentialAction":[{"@type":"CommentAction","name":"Comment","target":["https:\/\/www.carideal.com\/blog\/2013\/07\/12\/plus-de-voitures-dans-les-menages\/#respond"]}]},{"@type":"WebPage","@id":"https:\/\/www.carideal.com\/blog\/2013\/07\/12\/plus-de-voitures-dans-les-menages\/","url":"https:\/\/www.carideal.com\/blog\/2013\/07\/12\/plus-de-voitures-dans-les-menages\/","name":"plus de voitures dans les menages - Blog auto Carid\u00e9al","isPartOf":{"@id":"https:\/\/www.carideal.com\/blog\/#website"},"primaryImageOfPage":{"@id":"https:\/\/www.carideal.com\/blog\/2013\/07\/12\/plus-de-voitures-dans-les-menages\/#primaryimage"},"image":{"@id":"https:\/\/www.carideal.com\/blog\/2013\/07\/12\/plus-de-voitures-dans-les-menages\/#primaryimage"},"thumbnailUrl":"http:\/\/www.carideal.com\/images_actualite\/plusdevoituredanslesmnagescaridealactualits-1373724879.jpg","datePublished":"2013-07-12T22:00:00+00:00","dateModified":"2019-01-28T21:50:18+00:00","breadcrumb":{"@id":"https:\/\/www.carideal.com\/blog\/2013\/07\/12\/plus-de-voitures-dans-les-menages\/#breadcrumb"},"inLanguage":"fr-FR","potentialAction":[{"@type":"ReadAction","target":["https:\/\/www.carideal.com\/blog\/2013\/07\/12\/plus-de-voitures-dans-les-menages\/"]}]},{"@type":"ImageObject","inLanguage":"fr-FR","@id":"https:\/\/www.carideal.com\/blog\/2013\/07\/12\/plus-de-voitures-dans-les-menages\/#primaryimage","url":"http:\/\/www.carideal.com\/images_actualite\/plusdevoituredanslesmnagescaridealactualits-1373724879.jpg","contentUrl":"http:\/\/www.carideal.com\/images_actualite\/plusdevoituredanslesmnagescaridealactualits-1373724879.jpg"},{"@type":"BreadcrumbList","@id":"https:\/\/www.carideal.com\/blog\/2013\/07\/12\/plus-de-voitures-dans-les-menages\/#breadcrumb","itemListElement":[{"@type":"ListItem","position":1,"name":"Blog Carid\u00e9al","item":"https:\/\/www.carideal.com\/blog\/"},{"@type":"ListItem","position":2,"name":"March\u00e9 automobile","item":"https:\/\/www.carideal.com\/blog\/marche-automobile-voiture-neuve-occasion-4x4-suv\/"},{"@type":"ListItem","position":3,"name":"plus de voitures dans les menages"}]},{"@type":"WebSite","@id":"https:\/\/www.carideal.com\/blog\/#website","url":"https:\/\/www.carideal.com\/blog\/","name":"Blog auto Carid\u00e9al","description":"Actualit\u00e9 auto par des passionn\u00e9s","publisher":{"@id":"https:\/\/www.carideal.com\/blog\/#organization"},"potentialAction":[{"@type":"SearchAction","target":{"@type":"EntryPoint","urlTemplate":"https:\/\/www.carideal.com\/blog\/?s={search_term_string}"},"query-input":{"@type":"PropertyValueSpecification","valueRequired":true,"valueName":"search_term_string"}}],"inLanguage":"fr-FR"},{"@type":"Organization","@id":"https:\/\/www.carideal.com\/blog\/#organization","name":"Carideal","url":"https:\/\/www.carideal.com\/blog\/","logo":{"@type":"ImageObject","inLanguage":"fr-FR","@id":"https:\/\/www.carideal.com\/blog\/#\/schema\/logo\/image\/","url":"http:\/\/www.carideal.com\/blog\/wp-content\/uploads\/2016\/03\/logo-carideal-mandataire-automobile.png","contentUrl":"http:\/\/www.carideal.com\/blog\/wp-content\/uploads\/2016\/03\/logo-carideal-mandataire-automobile.png","width":300,"height":300,"caption":"Carideal"},"image":{"@id":"https:\/\/www.carideal.com\/blog\/#\/schema\/logo\/image\/"},"sameAs":["https:\/\/www.facebook.com\/Carideal.mandataire.automobile","https:\/\/x.com\/caridealauto","https:\/\/www.instagram.com\/carideal1\/","https:\/\/www.linkedin.com\/company\/carideal.com","https:\/\/fr.pinterest.com\/schiavonsas\/","https:\/\/www.youtube.com\/user\/caridealsas"]},{"@type":"Person","@id":"https:\/\/www.carideal.com\/blog\/#\/schema\/person\/cd95dc7919660de90d31b366f85be1ec","name":"Nicolas SCHIAVON","image":{"@type":"ImageObject","inLanguage":"fr-FR","@id":"https:\/\/www.carideal.com\/blog\/#\/schema\/person\/image\/","url":"https:\/\/secure.gravatar.com\/avatar\/c17e55009e671d92cc7f5dc837dc418a?s=96&r=g","contentUrl":"https:\/\/secure.gravatar.com\/avatar\/c17e55009e671d92cc7f5dc837dc418a?s=96&r=g","caption":"Nicolas SCHIAVON"},"description":"Nicolas Schiavon est tomb\u00e9 tout petit dans la marmite automobile. Ayant eu un garage de marque automobile, mandataire automobile de la premi\u00e8re heure d\u00e8s 1999. Nicolas a cr\u00e9\u00e9 ces premiers sites de vente de voiture et blog automobile d\u00e8s 1994. Carideal est n\u00e9 le 15 d\u00e9cembre 2000 de la volont\u00e9 de vendre des voitures d'occasions en ligne puis des voitures neuves. Il a pu essayer beaucoup de voitures tr\u00e8s diff\u00e9rentes et ayant eu personnellement quelques belles autos, Subaru Impreza, Mitsubishi Lancer Evo 7, Porsche 911, Ferrari Testarrossa, Audi RS3, RS4 et j'en passe...","sameAs":["http:\/\/www.carideal.com","https:\/\/www.facebook.com\/nicolas.schiavon.39","https:\/\/www.instagram.com\/carideal1\/","https:\/\/www.linkedin.com\/in\/nschiavon\/","https:\/\/x.com\/caridealauto","https:\/\/www.youtube.com\/user\/caridealsas\/"],"url":"https:\/\/www.carideal.com\/blog\/author\/nschiavon\/"}]}},"uagb_featured_image_src":{"full":false,"thumbnail":false,"medium":false,"medium_large":false,"large":false,"1536x1536":false,"2048x2048":false,"wppr-widget":false},"uagb_author_info":{"display_name":"Nicolas SCHIAVON","author_link":"https:\/\/www.carideal.com\/blog\/author\/nschiavon\/"},"uagb_comment_info":0,"uagb_excerpt":"Plus de voitures dans les m\u00e9nages Plus de voitures dans les m\u00e9nages. En 1992 77.2 % des m\u00e9nages poss\u00e9daient au moins une voiture. En 2012 84.3% des m\u00e9nages poss\u00e8dent au moins une voiture. 32.1% des m\u00e9nages motoris\u00e9s poss\u00e8dent deux voitures et 5.7% trois voitures en 2012 contre 4.9% en 2002. C'est en ville qu'on trouve\u2026","_links":{"self":[{"href":"https:\/\/www.carideal.com\/blog\/wp-json\/wp\/v2\/posts\/5202"}],"collection":[{"href":"https:\/\/www.carideal.com\/blog\/wp-json\/wp\/v2\/posts"}],"about":[{"href":"https:\/\/www.carideal.com\/blog\/wp-json\/wp\/v2\/types\/post"}],"author":[{"embeddable":true,"href":"https:\/\/www.carideal.com\/blog\/wp-json\/wp\/v2\/users\/3"}],"replies":[{"embeddable":true,"href":"https:\/\/www.carideal.com\/blog\/wp-json\/wp\/v2\/comments?post=5202"}],"version-history":[{"count":0,"href":"https:\/\/www.carideal.com\/blog\/wp-json\/wp\/v2\/posts\/5202\/revisions"}],"wp:attachment":[{"href":"https:\/\/www.carideal.com\/blog\/wp-json\/wp\/v2\/media?parent=5202"}],"wp:term":[{"taxonomy":"category","embeddable":true,"href":"https:\/\/www.carideal.com\/blog\/wp-json\/wp\/v2\/categories?post=5202"},{"taxonomy":"post_tag","embeddable":true,"href":"https:\/\/www.carideal.com\/blog\/wp-json\/wp\/v2\/tags?post=5202"}],"curies":[{"name":"wp","href":"https:\/\/api.w.org\/{rel}","templated":true}]}}