{"id":5171,"date":"2013-03-25T23:00:00","date_gmt":"2013-03-25T23:00:00","guid":{"rendered":"http:\/\/www.carideal.com\/blog\/2013\/03\/25\/low-cost-pour-fiat-et-volkswagen\/"},"modified":"2013-03-25T23:00:00","modified_gmt":"2013-03-25T23:00:00","slug":"low-cost-pour-fiat-et-volkswagen","status":"publish","type":"post","link":"https:\/\/www.carideal.com\/blog\/2013\/03\/25\/low-cost-pour-fiat-et-volkswagen\/","title":{"rendered":"low cost pour fiat et volkswagen"},"content":{"rendered":"<div>\n                        <img decoding=\"async\" src=\"http:\/\/www.carideal.com\/images_actualite\/fiatvolkswagen-1364314235.jpg\"><\/p>\n<p>Fiat-Volkswagen<\/p>\n<\/div>\n<p> Pourquoi ce qui r\u00e9ussit \u00e0 Renault ne r\u00e9ussirait-il pas \u00e0 Fiat et \u00e0 Volkswagen? Les deux groupes \u00e9tudient actuellement la possibilit\u00e9 de produire un v\u00e9hicule \u00e0 bas co\u00fbts sous une marque d\u00e9di\u00e9e.\"Pour qu'ils soient comp\u00e9titifs (\u00e0 partir de 7450 \u20ac), ces mod\u00e8les devraient \u00eatre fabriqu\u00e9s dans une usine du groupe du groupe Chrysler-Fiat hors du Vieux Continent\", estime Sergio Marchionne, patron du groupe Fiat-Chrysler. Ils seraient commercialis\u00e9s sous une autre marque que celles actuellement utilis\u00e9s par le groupe. Certains \u00e9voquent Innocenti ou Zastava. Le groupe pr\u00e9voit de faire monter en gamme la Fiat 500 et la Panda, ce qui lib\u00e9rera une place en dessous. De son c\u00f4t\u00e9, le groupe Volkswagen devrait annoncer dans le courant de l'ann\u00e9e de lancement d'une marque \u00e0 bas co\u00fbt. Son premier mod\u00e8le serait d'abord destin\u00e9 \u00e0 la Chine o\u00f9 il serait fabriqu\u00e9 et ciblerait le segment \u00e0 fort potentiel des v\u00e9hicules pour petits budgets, un march\u00e9 de 3 millions d'unit\u00e9s, aujourd'hui enti\u00e8rement aux mains des constructeurs locaux. Le mod\u00e8le imagin\u00e9 par le groupe allemand serait propos\u00e9 \u00e0 un tarif compris entre 5000 et 10000 \u20ac.<br \/>\nRappelons que, de son c\u00f4t\u00e9, Nissan va ressusciter sa marque Datsun, sous laquelle elle commercialisera des v\u00e9hicules \u00e0 bas co\u00fbts sur des march\u00e9s \u00e9mergents comme la Russie, l'Inde est l'Indonn\u00e9sie. Il est assez probable que ces mod\u00e8les low cost seront \u00e9galement test\u00e9s sur le march\u00e9 europ\u00e9en que la crise rend sans cesse plus friand de v\u00e9hicules neufs pour budget tr\u00e8s restreints. Ces constructeurs observent avec envie la d\u00e9marche vertueuse de la Renault dont la marque Dacia affiche une marge op\u00e9rationnelle de l'ordre de 9%. Le niveau des marques premium.<\/p>\n","protected":false},"excerpt":{"rendered":"<p>Fiat-Volkswagen Pourquoi ce qui r\u00e9ussit \u00e0 Renault ne r\u00e9ussirait-il pas \u00e0 Fiat et \u00e0 Volkswagen? Les deux groupes \u00e9tudient actuellement la possibilit\u00e9 de produire un v\u00e9hicule \u00e0 bas co\u00fbts sous une marque d\u00e9di\u00e9e.\u00a0\u00bbPour qu&rsquo;ils soient comp\u00e9titifs (\u00e0 partir de 7450 \u20ac), ces mod\u00e8les devraient \u00eatre fabriqu\u00e9s dans une usine du groupe du groupe Chrysler-Fiat hors &#8230; <a title=\"low cost pour fiat et volkswagen\" class=\"read-more\" href=\"https:\/\/www.carideal.com\/blog\/2013\/03\/25\/low-cost-pour-fiat-et-volkswagen\/\" aria-label=\"En savoir plus sur low cost pour fiat et volkswagen\">Lire plus<\/a><\/p>\n","protected":false},"author":3,"featured_media":0,"comment_status":"open","ping_status":"open","sticky":false,"template":"","format":"standard","meta":{"_uag_custom_page_level_css":"","_themeisle_gutenberg_block_has_review":false,"footnotes":""},"categories":[21],"tags":[],"class_list":["post-5171","post","type-post","status-publish","format-standard","hentry","category-actualites-auto"],"wppr_data":[],"yoast_head":"<!-- This site is optimized with the Yoast SEO plugin v24.8.1 - https:\/\/yoast.com\/wordpress\/plugins\/seo\/ -->\n<title>low cost pour fiat et volkswagen - Blog auto Carid\u00e9al<\/title>\n<meta name=\"robots\" content=\"index, follow, max-snippet:-1, max-image-preview:large, max-video-preview:-1\" \/>\n<link rel=\"canonical\" href=\"https:\/\/www.carideal.com\/blog\/2013\/03\/25\/low-cost-pour-fiat-et-volkswagen\/\" \/>\n<meta property=\"og:locale\" content=\"fr_FR\" \/>\n<meta property=\"og:type\" content=\"article\" \/>\n<meta property=\"og:title\" content=\"low cost pour fiat et volkswagen - Blog auto Carid\u00e9al\" \/>\n<meta property=\"og:description\" content=\"Fiat-Volkswagen Pourquoi ce qui r\u00e9ussit \u00e0 Renault ne r\u00e9ussirait-il pas \u00e0 Fiat et \u00e0 Volkswagen? Les deux groupes \u00e9tudient actuellement la possibilit\u00e9 de produire un v\u00e9hicule \u00e0 bas co\u00fbts sous une marque d\u00e9di\u00e9e.&quot;Pour qu&#039;ils soient comp\u00e9titifs (\u00e0 partir de 7450 \u20ac), ces mod\u00e8les devraient \u00eatre fabriqu\u00e9s dans une usine du groupe du groupe Chrysler-Fiat hors ... Lire plus\" \/>\n<meta property=\"og:url\" content=\"https:\/\/www.carideal.com\/blog\/2013\/03\/25\/low-cost-pour-fiat-et-volkswagen\/\" \/>\n<meta property=\"og:site_name\" content=\"Blog auto Carid\u00e9al\" \/>\n<meta property=\"article:publisher\" content=\"https:\/\/www.facebook.com\/Carideal.mandataire.automobile\" \/>\n<meta property=\"article:author\" content=\"https:\/\/www.facebook.com\/nicolas.schiavon.39\" \/>\n<meta property=\"article:published_time\" content=\"2013-03-25T23:00:00+00:00\" \/>\n<meta property=\"og:image\" content=\"http:\/\/www.carideal.com\/images_actualite\/fiatvolkswagen-1364314235.jpg\" \/>\n<meta name=\"author\" content=\"Nicolas SCHIAVON\" \/>\n<meta name=\"twitter:card\" content=\"summary_large_image\" \/>\n<meta name=\"twitter:creator\" content=\"@caridealauto\" \/>\n<meta name=\"twitter:site\" content=\"@caridealauto\" \/>\n<meta name=\"twitter:label1\" content=\"\u00c9crit par\" \/>\n\t<meta name=\"twitter:data1\" content=\"Nicolas SCHIAVON\" \/>\n\t<meta name=\"twitter:label2\" content=\"Dur\u00e9e de lecture estim\u00e9e\" \/>\n\t<meta name=\"twitter:data2\" content=\"1 minute\" \/>\n<script type=\"application\/ld+json\" class=\"yoast-schema-graph\">{\"@context\":\"https:\/\/schema.org\",\"@graph\":[{\"@type\":\"Article\",\"@id\":\"https:\/\/www.carideal.com\/blog\/2013\/03\/25\/low-cost-pour-fiat-et-volkswagen\/#article\",\"isPartOf\":{\"@id\":\"https:\/\/www.carideal.com\/blog\/2013\/03\/25\/low-cost-pour-fiat-et-volkswagen\/\"},\"author\":{\"name\":\"Nicolas SCHIAVON\",\"@id\":\"https:\/\/www.carideal.com\/blog\/#\/schema\/person\/cd95dc7919660de90d31b366f85be1ec\"},\"headline\":\"low cost pour fiat et volkswagen\",\"datePublished\":\"2013-03-25T23:00:00+00:00\",\"mainEntityOfPage\":{\"@id\":\"https:\/\/www.carideal.com\/blog\/2013\/03\/25\/low-cost-pour-fiat-et-volkswagen\/\"},\"wordCount\":292,\"commentCount\":0,\"publisher\":{\"@id\":\"https:\/\/www.carideal.com\/blog\/#organization\"},\"image\":{\"@id\":\"https:\/\/www.carideal.com\/blog\/2013\/03\/25\/low-cost-pour-fiat-et-volkswagen\/#primaryimage\"},\"thumbnailUrl\":\"http:\/\/www.carideal.com\/images_actualite\/fiatvolkswagen-1364314235.jpg\",\"articleSection\":[\"Actualit\u00e9 automobile\"],\"inLanguage\":\"fr-FR\",\"potentialAction\":[{\"@type\":\"CommentAction\",\"name\":\"Comment\",\"target\":[\"https:\/\/www.carideal.com\/blog\/2013\/03\/25\/low-cost-pour-fiat-et-volkswagen\/#respond\"]}]},{\"@type\":\"WebPage\",\"@id\":\"https:\/\/www.carideal.com\/blog\/2013\/03\/25\/low-cost-pour-fiat-et-volkswagen\/\",\"url\":\"https:\/\/www.carideal.com\/blog\/2013\/03\/25\/low-cost-pour-fiat-et-volkswagen\/\",\"name\":\"low cost pour fiat et volkswagen - Blog auto Carid\u00e9al\",\"isPartOf\":{\"@id\":\"https:\/\/www.carideal.com\/blog\/#website\"},\"primaryImageOfPage\":{\"@id\":\"https:\/\/www.carideal.com\/blog\/2013\/03\/25\/low-cost-pour-fiat-et-volkswagen\/#primaryimage\"},\"image\":{\"@id\":\"https:\/\/www.carideal.com\/blog\/2013\/03\/25\/low-cost-pour-fiat-et-volkswagen\/#primaryimage\"},\"thumbnailUrl\":\"http:\/\/www.carideal.com\/images_actualite\/fiatvolkswagen-1364314235.jpg\",\"datePublished\":\"2013-03-25T23:00:00+00:00\",\"breadcrumb\":{\"@id\":\"https:\/\/www.carideal.com\/blog\/2013\/03\/25\/low-cost-pour-fiat-et-volkswagen\/#breadcrumb\"},\"inLanguage\":\"fr-FR\",\"potentialAction\":[{\"@type\":\"ReadAction\",\"target\":[\"https:\/\/www.carideal.com\/blog\/2013\/03\/25\/low-cost-pour-fiat-et-volkswagen\/\"]}]},{\"@type\":\"ImageObject\",\"inLanguage\":\"fr-FR\",\"@id\":\"https:\/\/www.carideal.com\/blog\/2013\/03\/25\/low-cost-pour-fiat-et-volkswagen\/#primaryimage\",\"url\":\"http:\/\/www.carideal.com\/images_actualite\/fiatvolkswagen-1364314235.jpg\",\"contentUrl\":\"http:\/\/www.carideal.com\/images_actualite\/fiatvolkswagen-1364314235.jpg\"},{\"@type\":\"BreadcrumbList\",\"@id\":\"https:\/\/www.carideal.com\/blog\/2013\/03\/25\/low-cost-pour-fiat-et-volkswagen\/#breadcrumb\",\"itemListElement\":[{\"@type\":\"ListItem\",\"position\":1,\"name\":\"Blog Carid\u00e9al\",\"item\":\"https:\/\/www.carideal.com\/blog\/\"},{\"@type\":\"ListItem\",\"position\":2,\"name\":\"Actualit\u00e9 automobile\",\"item\":\"https:\/\/www.carideal.com\/blog\/actualites-auto\/\"},{\"@type\":\"ListItem\",\"position\":3,\"name\":\"low cost pour fiat et volkswagen\"}]},{\"@type\":\"WebSite\",\"@id\":\"https:\/\/www.carideal.com\/blog\/#website\",\"url\":\"https:\/\/www.carideal.com\/blog\/\",\"name\":\"Blog auto Carid\u00e9al\",\"description\":\"Actualit\u00e9 auto par des passionn\u00e9s\",\"publisher\":{\"@id\":\"https:\/\/www.carideal.com\/blog\/#organization\"},\"potentialAction\":[{\"@type\":\"SearchAction\",\"target\":{\"@type\":\"EntryPoint\",\"urlTemplate\":\"https:\/\/www.carideal.com\/blog\/?s={search_term_string}\"},\"query-input\":{\"@type\":\"PropertyValueSpecification\",\"valueRequired\":true,\"valueName\":\"search_term_string\"}}],\"inLanguage\":\"fr-FR\"},{\"@type\":\"Organization\",\"@id\":\"https:\/\/www.carideal.com\/blog\/#organization\",\"name\":\"Carideal\",\"url\":\"https:\/\/www.carideal.com\/blog\/\",\"logo\":{\"@type\":\"ImageObject\",\"inLanguage\":\"fr-FR\",\"@id\":\"https:\/\/www.carideal.com\/blog\/#\/schema\/logo\/image\/\",\"url\":\"http:\/\/www.carideal.com\/blog\/wp-content\/uploads\/2016\/03\/logo-carideal-mandataire-automobile.png\",\"contentUrl\":\"http:\/\/www.carideal.com\/blog\/wp-content\/uploads\/2016\/03\/logo-carideal-mandataire-automobile.png\",\"width\":300,\"height\":300,\"caption\":\"Carideal\"},\"image\":{\"@id\":\"https:\/\/www.carideal.com\/blog\/#\/schema\/logo\/image\/\"},\"sameAs\":[\"https:\/\/www.facebook.com\/Carideal.mandataire.automobile\",\"https:\/\/x.com\/caridealauto\",\"https:\/\/www.instagram.com\/carideal1\/\",\"https:\/\/www.linkedin.com\/company\/carideal.com\",\"https:\/\/fr.pinterest.com\/schiavonsas\/\",\"https:\/\/www.youtube.com\/user\/caridealsas\"]},{\"@type\":\"Person\",\"@id\":\"https:\/\/www.carideal.com\/blog\/#\/schema\/person\/cd95dc7919660de90d31b366f85be1ec\",\"name\":\"Nicolas SCHIAVON\",\"image\":{\"@type\":\"ImageObject\",\"inLanguage\":\"fr-FR\",\"@id\":\"https:\/\/www.carideal.com\/blog\/#\/schema\/person\/image\/\",\"url\":\"https:\/\/secure.gravatar.com\/avatar\/c17e55009e671d92cc7f5dc837dc418a?s=96&r=g\",\"contentUrl\":\"https:\/\/secure.gravatar.com\/avatar\/c17e55009e671d92cc7f5dc837dc418a?s=96&r=g\",\"caption\":\"Nicolas SCHIAVON\"},\"description\":\"Nicolas Schiavon est tomb\u00e9 tout petit dans la marmite automobile. Ayant eu un garage de marque automobile, mandataire automobile de la premi\u00e8re heure d\u00e8s 1999. Nicolas a cr\u00e9\u00e9 ces premiers sites de vente de voiture et blog automobile d\u00e8s 1994. Carideal est n\u00e9 le 15 d\u00e9cembre 2000 de la volont\u00e9 de vendre des voitures d'occasions en ligne puis des voitures neuves. Il a pu essayer beaucoup de voitures tr\u00e8s diff\u00e9rentes et ayant eu personnellement quelques belles autos, Subaru Impreza, Mitsubishi Lancer Evo 7, Porsche 911, Ferrari Testarrossa, Audi RS3, RS4 et j'en passe...\",\"sameAs\":[\"http:\/\/www.carideal.com\",\"https:\/\/www.facebook.com\/nicolas.schiavon.39\",\"https:\/\/www.instagram.com\/carideal1\/\",\"https:\/\/www.linkedin.com\/in\/nschiavon\/\",\"https:\/\/x.com\/caridealauto\",\"https:\/\/www.youtube.com\/user\/caridealsas\/\"],\"url\":\"https:\/\/www.carideal.com\/blog\/author\/nschiavon\/\"}]}<\/script>\n<!-- \/ Yoast SEO plugin. -->","yoast_head_json":{"title":"low cost pour fiat et volkswagen - Blog auto Carid\u00e9al","robots":{"index":"index","follow":"follow","max-snippet":"max-snippet:-1","max-image-preview":"max-image-preview:large","max-video-preview":"max-video-preview:-1"},"canonical":"https:\/\/www.carideal.com\/blog\/2013\/03\/25\/low-cost-pour-fiat-et-volkswagen\/","og_locale":"fr_FR","og_type":"article","og_title":"low cost pour fiat et volkswagen - Blog auto Carid\u00e9al","og_description":"Fiat-Volkswagen Pourquoi ce qui r\u00e9ussit \u00e0 Renault ne r\u00e9ussirait-il pas \u00e0 Fiat et \u00e0 Volkswagen? Les deux groupes \u00e9tudient actuellement la possibilit\u00e9 de produire un v\u00e9hicule \u00e0 bas co\u00fbts sous une marque d\u00e9di\u00e9e.\"Pour qu'ils soient comp\u00e9titifs (\u00e0 partir de 7450 \u20ac), ces mod\u00e8les devraient \u00eatre fabriqu\u00e9s dans une usine du groupe du groupe Chrysler-Fiat hors ... Lire plus","og_url":"https:\/\/www.carideal.com\/blog\/2013\/03\/25\/low-cost-pour-fiat-et-volkswagen\/","og_site_name":"Blog auto Carid\u00e9al","article_publisher":"https:\/\/www.facebook.com\/Carideal.mandataire.automobile","article_author":"https:\/\/www.facebook.com\/nicolas.schiavon.39","article_published_time":"2013-03-25T23:00:00+00:00","og_image":[{"url":"http:\/\/www.carideal.com\/images_actualite\/fiatvolkswagen-1364314235.jpg","type":"","width":"","height":""}],"author":"Nicolas SCHIAVON","twitter_card":"summary_large_image","twitter_creator":"@caridealauto","twitter_site":"@caridealauto","twitter_misc":{"\u00c9crit par":"Nicolas SCHIAVON","Dur\u00e9e de lecture estim\u00e9e":"1 minute"},"schema":{"@context":"https:\/\/schema.org","@graph":[{"@type":"Article","@id":"https:\/\/www.carideal.com\/blog\/2013\/03\/25\/low-cost-pour-fiat-et-volkswagen\/#article","isPartOf":{"@id":"https:\/\/www.carideal.com\/blog\/2013\/03\/25\/low-cost-pour-fiat-et-volkswagen\/"},"author":{"name":"Nicolas SCHIAVON","@id":"https:\/\/www.carideal.com\/blog\/#\/schema\/person\/cd95dc7919660de90d31b366f85be1ec"},"headline":"low cost pour fiat et volkswagen","datePublished":"2013-03-25T23:00:00+00:00","mainEntityOfPage":{"@id":"https:\/\/www.carideal.com\/blog\/2013\/03\/25\/low-cost-pour-fiat-et-volkswagen\/"},"wordCount":292,"commentCount":0,"publisher":{"@id":"https:\/\/www.carideal.com\/blog\/#organization"},"image":{"@id":"https:\/\/www.carideal.com\/blog\/2013\/03\/25\/low-cost-pour-fiat-et-volkswagen\/#primaryimage"},"thumbnailUrl":"http:\/\/www.carideal.com\/images_actualite\/fiatvolkswagen-1364314235.jpg","articleSection":["Actualit\u00e9 automobile"],"inLanguage":"fr-FR","potentialAction":[{"@type":"CommentAction","name":"Comment","target":["https:\/\/www.carideal.com\/blog\/2013\/03\/25\/low-cost-pour-fiat-et-volkswagen\/#respond"]}]},{"@type":"WebPage","@id":"https:\/\/www.carideal.com\/blog\/2013\/03\/25\/low-cost-pour-fiat-et-volkswagen\/","url":"https:\/\/www.carideal.com\/blog\/2013\/03\/25\/low-cost-pour-fiat-et-volkswagen\/","name":"low cost pour fiat et volkswagen - Blog auto Carid\u00e9al","isPartOf":{"@id":"https:\/\/www.carideal.com\/blog\/#website"},"primaryImageOfPage":{"@id":"https:\/\/www.carideal.com\/blog\/2013\/03\/25\/low-cost-pour-fiat-et-volkswagen\/#primaryimage"},"image":{"@id":"https:\/\/www.carideal.com\/blog\/2013\/03\/25\/low-cost-pour-fiat-et-volkswagen\/#primaryimage"},"thumbnailUrl":"http:\/\/www.carideal.com\/images_actualite\/fiatvolkswagen-1364314235.jpg","datePublished":"2013-03-25T23:00:00+00:00","breadcrumb":{"@id":"https:\/\/www.carideal.com\/blog\/2013\/03\/25\/low-cost-pour-fiat-et-volkswagen\/#breadcrumb"},"inLanguage":"fr-FR","potentialAction":[{"@type":"ReadAction","target":["https:\/\/www.carideal.com\/blog\/2013\/03\/25\/low-cost-pour-fiat-et-volkswagen\/"]}]},{"@type":"ImageObject","inLanguage":"fr-FR","@id":"https:\/\/www.carideal.com\/blog\/2013\/03\/25\/low-cost-pour-fiat-et-volkswagen\/#primaryimage","url":"http:\/\/www.carideal.com\/images_actualite\/fiatvolkswagen-1364314235.jpg","contentUrl":"http:\/\/www.carideal.com\/images_actualite\/fiatvolkswagen-1364314235.jpg"},{"@type":"BreadcrumbList","@id":"https:\/\/www.carideal.com\/blog\/2013\/03\/25\/low-cost-pour-fiat-et-volkswagen\/#breadcrumb","itemListElement":[{"@type":"ListItem","position":1,"name":"Blog Carid\u00e9al","item":"https:\/\/www.carideal.com\/blog\/"},{"@type":"ListItem","position":2,"name":"Actualit\u00e9 automobile","item":"https:\/\/www.carideal.com\/blog\/actualites-auto\/"},{"@type":"ListItem","position":3,"name":"low cost pour fiat et volkswagen"}]},{"@type":"WebSite","@id":"https:\/\/www.carideal.com\/blog\/#website","url":"https:\/\/www.carideal.com\/blog\/","name":"Blog auto Carid\u00e9al","description":"Actualit\u00e9 auto par des passionn\u00e9s","publisher":{"@id":"https:\/\/www.carideal.com\/blog\/#organization"},"potentialAction":[{"@type":"SearchAction","target":{"@type":"EntryPoint","urlTemplate":"https:\/\/www.carideal.com\/blog\/?s={search_term_string}"},"query-input":{"@type":"PropertyValueSpecification","valueRequired":true,"valueName":"search_term_string"}}],"inLanguage":"fr-FR"},{"@type":"Organization","@id":"https:\/\/www.carideal.com\/blog\/#organization","name":"Carideal","url":"https:\/\/www.carideal.com\/blog\/","logo":{"@type":"ImageObject","inLanguage":"fr-FR","@id":"https:\/\/www.carideal.com\/blog\/#\/schema\/logo\/image\/","url":"http:\/\/www.carideal.com\/blog\/wp-content\/uploads\/2016\/03\/logo-carideal-mandataire-automobile.png","contentUrl":"http:\/\/www.carideal.com\/blog\/wp-content\/uploads\/2016\/03\/logo-carideal-mandataire-automobile.png","width":300,"height":300,"caption":"Carideal"},"image":{"@id":"https:\/\/www.carideal.com\/blog\/#\/schema\/logo\/image\/"},"sameAs":["https:\/\/www.facebook.com\/Carideal.mandataire.automobile","https:\/\/x.com\/caridealauto","https:\/\/www.instagram.com\/carideal1\/","https:\/\/www.linkedin.com\/company\/carideal.com","https:\/\/fr.pinterest.com\/schiavonsas\/","https:\/\/www.youtube.com\/user\/caridealsas"]},{"@type":"Person","@id":"https:\/\/www.carideal.com\/blog\/#\/schema\/person\/cd95dc7919660de90d31b366f85be1ec","name":"Nicolas SCHIAVON","image":{"@type":"ImageObject","inLanguage":"fr-FR","@id":"https:\/\/www.carideal.com\/blog\/#\/schema\/person\/image\/","url":"https:\/\/secure.gravatar.com\/avatar\/c17e55009e671d92cc7f5dc837dc418a?s=96&r=g","contentUrl":"https:\/\/secure.gravatar.com\/avatar\/c17e55009e671d92cc7f5dc837dc418a?s=96&r=g","caption":"Nicolas SCHIAVON"},"description":"Nicolas Schiavon est tomb\u00e9 tout petit dans la marmite automobile. Ayant eu un garage de marque automobile, mandataire automobile de la premi\u00e8re heure d\u00e8s 1999. Nicolas a cr\u00e9\u00e9 ces premiers sites de vente de voiture et blog automobile d\u00e8s 1994. Carideal est n\u00e9 le 15 d\u00e9cembre 2000 de la volont\u00e9 de vendre des voitures d'occasions en ligne puis des voitures neuves. Il a pu essayer beaucoup de voitures tr\u00e8s diff\u00e9rentes et ayant eu personnellement quelques belles autos, Subaru Impreza, Mitsubishi Lancer Evo 7, Porsche 911, Ferrari Testarrossa, Audi RS3, RS4 et j'en passe...","sameAs":["http:\/\/www.carideal.com","https:\/\/www.facebook.com\/nicolas.schiavon.39","https:\/\/www.instagram.com\/carideal1\/","https:\/\/www.linkedin.com\/in\/nschiavon\/","https:\/\/x.com\/caridealauto","https:\/\/www.youtube.com\/user\/caridealsas\/"],"url":"https:\/\/www.carideal.com\/blog\/author\/nschiavon\/"}]}},"uagb_featured_image_src":{"full":false,"thumbnail":false,"medium":false,"medium_large":false,"large":false,"1536x1536":false,"2048x2048":false,"wppr-widget":false},"uagb_author_info":{"display_name":"Nicolas SCHIAVON","author_link":"https:\/\/www.carideal.com\/blog\/author\/nschiavon\/"},"uagb_comment_info":0,"uagb_excerpt":"Fiat-Volkswagen Pourquoi ce qui r\u00e9ussit \u00e0 Renault ne r\u00e9ussirait-il pas \u00e0 Fiat et \u00e0 Volkswagen? Les deux groupes \u00e9tudient actuellement la possibilit\u00e9 de produire un v\u00e9hicule \u00e0 bas co\u00fbts sous une marque d\u00e9di\u00e9e.\"Pour qu'ils soient comp\u00e9titifs (\u00e0 partir de 7450 \u20ac), ces mod\u00e8les devraient \u00eatre fabriqu\u00e9s dans une usine du groupe du groupe Chrysler-Fiat hors\u2026","_links":{"self":[{"href":"https:\/\/www.carideal.com\/blog\/wp-json\/wp\/v2\/posts\/5171"}],"collection":[{"href":"https:\/\/www.carideal.com\/blog\/wp-json\/wp\/v2\/posts"}],"about":[{"href":"https:\/\/www.carideal.com\/blog\/wp-json\/wp\/v2\/types\/post"}],"author":[{"embeddable":true,"href":"https:\/\/www.carideal.com\/blog\/wp-json\/wp\/v2\/users\/3"}],"replies":[{"embeddable":true,"href":"https:\/\/www.carideal.com\/blog\/wp-json\/wp\/v2\/comments?post=5171"}],"version-history":[{"count":0,"href":"https:\/\/www.carideal.com\/blog\/wp-json\/wp\/v2\/posts\/5171\/revisions"}],"wp:attachment":[{"href":"https:\/\/www.carideal.com\/blog\/wp-json\/wp\/v2\/media?parent=5171"}],"wp:term":[{"taxonomy":"category","embeddable":true,"href":"https:\/\/www.carideal.com\/blog\/wp-json\/wp\/v2\/categories?post=5171"},{"taxonomy":"post_tag","embeddable":true,"href":"https:\/\/www.carideal.com\/blog\/wp-json\/wp\/v2\/tags?post=5171"}],"curies":[{"name":"wp","href":"https:\/\/api.w.org\/{rel}","templated":true}]}}