{"id":5159,"date":"2013-03-18T23:00:00","date_gmt":"2013-03-18T23:00:00","guid":{"rendered":"http:\/\/www.carideal.com\/blog\/2013\/03\/18\/c-cactus-le-prix-bas-de-citroen\/"},"modified":"2020-02-08T16:09:11","modified_gmt":"2020-02-08T15:09:11","slug":"c-cactus-le-prix-bas-de-citroen","status":"publish","type":"post","link":"https:\/\/www.carideal.com\/blog\/2013\/03\/18\/c-cactus-le-prix-bas-de-citroen\/","title":{"rendered":"C Cactus le prix bas de Citro\u00ebn"},"content":{"rendered":"<div>\n<h2>C Cactus le prix bas de Citro\u00ebn<\/h2>\n<\/div>\n<p>Le concept car C-Cactus, pr\u00e9sent\u00e9 au salon de Francfort en septembre 2007, va enfin se concr\u00e9tiser au sein de la gamme de <a href=\"http:\/\/www.carideal.com\/blog\/marque-de-voiture-actualites-essais\/citroen\/\">Citro\u00ebn<\/a>. Mais le mod\u00e8le de s\u00e9rie, l'ann\u00e9e prochaine, n'aura rien des exc\u00e8s du prototype.<\/p>\n<figure id=\"attachment_21795\" aria-describedby=\"caption-attachment-21795\" style=\"width: 590px\" class=\"wp-caption aligncenter\"><img loading=\"lazy\" decoding=\"async\" class=\"size-full wp-image-21795\" src=\"http:\/\/www.carideal.com\/blog\/wp-content\/uploads\/2013\/03\/citroenccactus-1363701628-e1581174249823.jpg\" alt=\"C Cactus le prix bas de Citro\u00ebn\" width=\"600\" height=\"400\" \/><figcaption id=\"caption-attachment-21795\" class=\"wp-caption-text\">C Cactus le prix bas de Citro\u00ebn<\/figcaption><\/figure>\n<p>\"Il s'agira d'un v\u00e9hicule simple et ing\u00e9nieux, avec un style tr\u00e8s fort et moins cher que ce que propose actuellement Citro\u00ebn, commente Fr\u00e9d\u00e9ric Banzet, directeur de Citro\u00ebn. Ce premier v\u00e9hicule \"\u00e0 bas prix\", et non low cost comme tient \u00e0 le souligner la marque (une approche qui serait en contradiction avec les valeurs que veulent imposer Citro\u00ebn et <a href=\"http:\/\/www.carideal.com\/blog\/marque-de-voiture-actualites-essais\/peugeot\/\">Peugeot<\/a>), sera fabriqu\u00e9 dans l'usine PSA de Madrid, et pr\u00e9figurera l'\u00e9volution d'une partie de la gamme.<\/p>\n<p>Les mod\u00e8les \"<a href=\"http:\/\/www.carideal.com\/blog\/marque-de-voiture-actualites-essais\/citroen\/c4-cactus\/\">Cactus<\/a>\" seront plac\u00e9s de fa\u00e7on plus concurrentielle que l'actuelle offre avec des tarifs situ\u00e9s en dessous de ceux de la ligne C ( C1,C3,C4 et C5). Selon Fr\u00e9d\u00e9ric Banzet, le premier \"Cactus\", qui sortira en 2014, se situera \u00e0 un niveau de prix similaire \u00e0 celui des japonais <a href=\"http:\/\/www.carideal.com\/blog\/marque-de-voiture-actualites-essais\/toyota\/\">Toyota<\/a>, <a href=\"http:\/\/www.carideal.com\/blog\/marque-de-voiture-actualites-essais\/honda\/\">Honda<\/a> et <a href=\"http:\/\/www.carideal.com\/blog\/marque-de-voiture-actualites-essais\/nissan\/\">Nissan<\/a>, mais sera plus cher qu'une <a href=\"http:\/\/www.carideal.com\/blog\/marque-de-voiture-actualites-essais\/dacia\/\">Dacia<\/a>.<\/p>\n<p>Pour rappel, le tarif d'acc\u00e8s \u00e0 la Citro\u00ebn C3 est de 13 300 \u20ac ceux de la <a href=\"http:\/\/www.carideal.com\/blog\/2014\/05\/12\/la-nissan-micra-remise-au-gout-du-jour\/\">Nissan Micra<\/a> et de la <a href=\"http:\/\/www.carideal.com\/blog\/2013\/01\/25\/dacia-tce-90\/\">Dacia Sandero<\/a> sont respectivement de 10560 \u20ac et 7900 \u20ac. Pour l'heure, il n'est pas question de tenir un discours marketing autour d'un label Cactus \u00e0 l'image de ce qui se fait avec la ligne DS.<\/p>\n<p>M\u00eame si les \"Cactus\" n'incorporeront pas une d\u00e9bauche de technologies, le slogan Cr\u00e9ative technologie y sera appliqu\u00e9 comme \u00e0 l'ensemble de la gamme.<\/p>\n","protected":false},"excerpt":{"rendered":"<p>C Cactus le prix bas de Citro\u00ebn Le concept car C-Cactus, pr\u00e9sent\u00e9 au salon de Francfort en septembre 2007, va enfin se concr\u00e9tiser au sein de la gamme de Citro\u00ebn. Mais le mod\u00e8le de s\u00e9rie, l&rsquo;ann\u00e9e prochaine, n&rsquo;aura rien des exc\u00e8s du prototype. \u00ab\u00a0Il s&rsquo;agira d&rsquo;un v\u00e9hicule simple et ing\u00e9nieux, avec un style tr\u00e8s fort &#8230; <a title=\"C Cactus le prix bas de Citro\u00ebn\" class=\"read-more\" href=\"https:\/\/www.carideal.com\/blog\/2013\/03\/18\/c-cactus-le-prix-bas-de-citroen\/\" aria-label=\"En savoir plus sur C Cactus le prix bas de Citro\u00ebn\">Lire plus<\/a><\/p>\n","protected":false},"author":3,"featured_media":21795,"comment_status":"open","ping_status":"open","sticky":false,"template":"","format":"standard","meta":{"_uag_custom_page_level_css":"","_themeisle_gutenberg_block_has_review":false,"footnotes":""},"categories":[21,5,17197,5975],"tags":[],"class_list":["post-5159","post","type-post","status-publish","format-standard","has-post-thumbnail","hentry","category-actualites-auto","category-citroen","category-actualite-citroen-c4-cactus","category-concept-car"],"wppr_data":{"cwp_meta_box_check":"No"},"yoast_head":"<!-- This site is optimized with the Yoast SEO plugin v24.8.1 - https:\/\/yoast.com\/wordpress\/plugins\/seo\/ -->\n<title>C Cactus le prix bas de Citro\u00ebn - Blog auto Carid\u00e9al<\/title>\n<meta name=\"robots\" content=\"index, follow, max-snippet:-1, max-image-preview:large, max-video-preview:-1\" \/>\n<link rel=\"canonical\" href=\"https:\/\/www.carideal.com\/blog\/2013\/03\/18\/c-cactus-le-prix-bas-de-citroen\/\" \/>\n<meta property=\"og:locale\" content=\"fr_FR\" \/>\n<meta property=\"og:type\" content=\"article\" \/>\n<meta property=\"og:title\" content=\"C Cactus le prix bas de Citro\u00ebn - Blog auto Carid\u00e9al\" \/>\n<meta property=\"og:description\" content=\"C Cactus le prix bas de Citro\u00ebn Le concept car C-Cactus, pr\u00e9sent\u00e9 au salon de Francfort en septembre 2007, va enfin se concr\u00e9tiser au sein de la gamme de Citro\u00ebn. Mais le mod\u00e8le de s\u00e9rie, l&#039;ann\u00e9e prochaine, n&#039;aura rien des exc\u00e8s du prototype. &quot;Il s&#039;agira d&#039;un v\u00e9hicule simple et ing\u00e9nieux, avec un style tr\u00e8s fort ... Lire plus\" \/>\n<meta property=\"og:url\" content=\"https:\/\/www.carideal.com\/blog\/2013\/03\/18\/c-cactus-le-prix-bas-de-citroen\/\" \/>\n<meta property=\"og:site_name\" content=\"Blog auto Carid\u00e9al\" \/>\n<meta property=\"article:publisher\" content=\"https:\/\/www.facebook.com\/Carideal.mandataire.automobile\" \/>\n<meta property=\"article:author\" content=\"https:\/\/www.facebook.com\/nicolas.schiavon.39\" \/>\n<meta property=\"article:published_time\" content=\"2013-03-18T23:00:00+00:00\" \/>\n<meta property=\"article:modified_time\" content=\"2020-02-08T15:09:11+00:00\" \/>\n<meta property=\"og:image\" content=\"https:\/\/www.carideal.com\/blog\/wp-content\/uploads\/2013\/03\/citroenccactus-1363701628-e1581174249823.jpg\" \/>\n\t<meta property=\"og:image:width\" content=\"600\" \/>\n\t<meta property=\"og:image:height\" content=\"400\" \/>\n\t<meta property=\"og:image:type\" content=\"image\/jpeg\" \/>\n<meta name=\"author\" content=\"Nicolas SCHIAVON\" \/>\n<meta name=\"twitter:card\" content=\"summary_large_image\" \/>\n<meta name=\"twitter:creator\" content=\"@caridealauto\" \/>\n<meta name=\"twitter:site\" content=\"@caridealauto\" \/>\n<meta name=\"twitter:label1\" content=\"\u00c9crit par\" \/>\n\t<meta name=\"twitter:data1\" content=\"Nicolas SCHIAVON\" \/>\n\t<meta name=\"twitter:label2\" content=\"Dur\u00e9e de lecture estim\u00e9e\" \/>\n\t<meta name=\"twitter:data2\" content=\"1 minute\" \/>\n<script type=\"application\/ld+json\" class=\"yoast-schema-graph\">{\"@context\":\"https:\/\/schema.org\",\"@graph\":[{\"@type\":\"Article\",\"@id\":\"https:\/\/www.carideal.com\/blog\/2013\/03\/18\/c-cactus-le-prix-bas-de-citroen\/#article\",\"isPartOf\":{\"@id\":\"https:\/\/www.carideal.com\/blog\/2013\/03\/18\/c-cactus-le-prix-bas-de-citroen\/\"},\"author\":{\"name\":\"Nicolas SCHIAVON\",\"@id\":\"https:\/\/www.carideal.com\/blog\/#\/schema\/person\/cd95dc7919660de90d31b366f85be1ec\"},\"headline\":\"C Cactus le prix bas de Citro\u00ebn\",\"datePublished\":\"2013-03-18T23:00:00+00:00\",\"dateModified\":\"2020-02-08T15:09:11+00:00\",\"mainEntityOfPage\":{\"@id\":\"https:\/\/www.carideal.com\/blog\/2013\/03\/18\/c-cactus-le-prix-bas-de-citroen\/\"},\"wordCount\":296,\"commentCount\":0,\"publisher\":{\"@id\":\"https:\/\/www.carideal.com\/blog\/#organization\"},\"image\":{\"@id\":\"https:\/\/www.carideal.com\/blog\/2013\/03\/18\/c-cactus-le-prix-bas-de-citroen\/#primaryimage\"},\"thumbnailUrl\":\"https:\/\/www.carideal.com\/blog\/wp-content\/uploads\/2013\/03\/citroenccactus-1363701628-e1581174249823.jpg\",\"articleSection\":[\"Actualit\u00e9 automobile\",\"Actualit\u00e9 Citroen\",\"Actualit\u00e9 Citroen C4 Cactus\",\"Concept car\"],\"inLanguage\":\"fr-FR\",\"potentialAction\":[{\"@type\":\"CommentAction\",\"name\":\"Comment\",\"target\":[\"https:\/\/www.carideal.com\/blog\/2013\/03\/18\/c-cactus-le-prix-bas-de-citroen\/#respond\"]}]},{\"@type\":\"WebPage\",\"@id\":\"https:\/\/www.carideal.com\/blog\/2013\/03\/18\/c-cactus-le-prix-bas-de-citroen\/\",\"url\":\"https:\/\/www.carideal.com\/blog\/2013\/03\/18\/c-cactus-le-prix-bas-de-citroen\/\",\"name\":\"C Cactus le prix bas de Citro\u00ebn - Blog auto Carid\u00e9al\",\"isPartOf\":{\"@id\":\"https:\/\/www.carideal.com\/blog\/#website\"},\"primaryImageOfPage\":{\"@id\":\"https:\/\/www.carideal.com\/blog\/2013\/03\/18\/c-cactus-le-prix-bas-de-citroen\/#primaryimage\"},\"image\":{\"@id\":\"https:\/\/www.carideal.com\/blog\/2013\/03\/18\/c-cactus-le-prix-bas-de-citroen\/#primaryimage\"},\"thumbnailUrl\":\"https:\/\/www.carideal.com\/blog\/wp-content\/uploads\/2013\/03\/citroenccactus-1363701628-e1581174249823.jpg\",\"datePublished\":\"2013-03-18T23:00:00+00:00\",\"dateModified\":\"2020-02-08T15:09:11+00:00\",\"breadcrumb\":{\"@id\":\"https:\/\/www.carideal.com\/blog\/2013\/03\/18\/c-cactus-le-prix-bas-de-citroen\/#breadcrumb\"},\"inLanguage\":\"fr-FR\",\"potentialAction\":[{\"@type\":\"ReadAction\",\"target\":[\"https:\/\/www.carideal.com\/blog\/2013\/03\/18\/c-cactus-le-prix-bas-de-citroen\/\"]}]},{\"@type\":\"ImageObject\",\"inLanguage\":\"fr-FR\",\"@id\":\"https:\/\/www.carideal.com\/blog\/2013\/03\/18\/c-cactus-le-prix-bas-de-citroen\/#primaryimage\",\"url\":\"https:\/\/www.carideal.com\/blog\/wp-content\/uploads\/2013\/03\/citroenccactus-1363701628-e1581174249823.jpg\",\"contentUrl\":\"https:\/\/www.carideal.com\/blog\/wp-content\/uploads\/2013\/03\/citroenccactus-1363701628-e1581174249823.jpg\",\"width\":600,\"height\":400,\"caption\":\"C Cactus le prix bas de Citro\u00ebn\"},{\"@type\":\"BreadcrumbList\",\"@id\":\"https:\/\/www.carideal.com\/blog\/2013\/03\/18\/c-cactus-le-prix-bas-de-citroen\/#breadcrumb\",\"itemListElement\":[{\"@type\":\"ListItem\",\"position\":1,\"name\":\"Blog Carid\u00e9al\",\"item\":\"https:\/\/www.carideal.com\/blog\/\"},{\"@type\":\"ListItem\",\"position\":2,\"name\":\"Actualit\u00e9 constructeur automobile\",\"item\":\"https:\/\/www.carideal.com\/blog\/constructeur\/\"},{\"@type\":\"ListItem\",\"position\":3,\"name\":\"Actualit\u00e9 Citroen\",\"item\":\"https:\/\/www.carideal.com\/blog\/constructeur\/citroen\/\"},{\"@type\":\"ListItem\",\"position\":4,\"name\":\"Actualit\u00e9 Citroen C4 Cactus\",\"item\":\"https:\/\/www.carideal.com\/blog\/constructeur\/citroen\/actualite-citroen-c4-cactus\/\"},{\"@type\":\"ListItem\",\"position\":5,\"name\":\"C Cactus le prix bas de Citro\u00ebn\"}]},{\"@type\":\"WebSite\",\"@id\":\"https:\/\/www.carideal.com\/blog\/#website\",\"url\":\"https:\/\/www.carideal.com\/blog\/\",\"name\":\"Blog auto Carid\u00e9al\",\"description\":\"Actualit\u00e9 auto par des passionn\u00e9s\",\"publisher\":{\"@id\":\"https:\/\/www.carideal.com\/blog\/#organization\"},\"potentialAction\":[{\"@type\":\"SearchAction\",\"target\":{\"@type\":\"EntryPoint\",\"urlTemplate\":\"https:\/\/www.carideal.com\/blog\/?s={search_term_string}\"},\"query-input\":{\"@type\":\"PropertyValueSpecification\",\"valueRequired\":true,\"valueName\":\"search_term_string\"}}],\"inLanguage\":\"fr-FR\"},{\"@type\":\"Organization\",\"@id\":\"https:\/\/www.carideal.com\/blog\/#organization\",\"name\":\"Carideal\",\"url\":\"https:\/\/www.carideal.com\/blog\/\",\"logo\":{\"@type\":\"ImageObject\",\"inLanguage\":\"fr-FR\",\"@id\":\"https:\/\/www.carideal.com\/blog\/#\/schema\/logo\/image\/\",\"url\":\"http:\/\/www.carideal.com\/blog\/wp-content\/uploads\/2016\/03\/logo-carideal-mandataire-automobile.png\",\"contentUrl\":\"http:\/\/www.carideal.com\/blog\/wp-content\/uploads\/2016\/03\/logo-carideal-mandataire-automobile.png\",\"width\":300,\"height\":300,\"caption\":\"Carideal\"},\"image\":{\"@id\":\"https:\/\/www.carideal.com\/blog\/#\/schema\/logo\/image\/\"},\"sameAs\":[\"https:\/\/www.facebook.com\/Carideal.mandataire.automobile\",\"https:\/\/x.com\/caridealauto\",\"https:\/\/www.instagram.com\/carideal1\/\",\"https:\/\/www.linkedin.com\/company\/carideal.com\",\"https:\/\/fr.pinterest.com\/schiavonsas\/\",\"https:\/\/www.youtube.com\/user\/caridealsas\"]},{\"@type\":\"Person\",\"@id\":\"https:\/\/www.carideal.com\/blog\/#\/schema\/person\/cd95dc7919660de90d31b366f85be1ec\",\"name\":\"Nicolas SCHIAVON\",\"image\":{\"@type\":\"ImageObject\",\"inLanguage\":\"fr-FR\",\"@id\":\"https:\/\/www.carideal.com\/blog\/#\/schema\/person\/image\/\",\"url\":\"https:\/\/secure.gravatar.com\/avatar\/c17e55009e671d92cc7f5dc837dc418a?s=96&r=g\",\"contentUrl\":\"https:\/\/secure.gravatar.com\/avatar\/c17e55009e671d92cc7f5dc837dc418a?s=96&r=g\",\"caption\":\"Nicolas SCHIAVON\"},\"description\":\"Nicolas Schiavon est tomb\u00e9 tout petit dans la marmite automobile. Ayant eu un garage de marque automobile, mandataire automobile de la premi\u00e8re heure d\u00e8s 1999. Nicolas a cr\u00e9\u00e9 ces premiers sites de vente de voiture et blog automobile d\u00e8s 1994. Carideal est n\u00e9 le 15 d\u00e9cembre 2000 de la volont\u00e9 de vendre des voitures d'occasions en ligne puis des voitures neuves. Il a pu essayer beaucoup de voitures tr\u00e8s diff\u00e9rentes et ayant eu personnellement quelques belles autos, Subaru Impreza, Mitsubishi Lancer Evo 7, Porsche 911, Ferrari Testarrossa, Audi RS3, RS4 et j'en passe...\",\"sameAs\":[\"http:\/\/www.carideal.com\",\"https:\/\/www.facebook.com\/nicolas.schiavon.39\",\"https:\/\/www.instagram.com\/carideal1\/\",\"https:\/\/www.linkedin.com\/in\/nschiavon\/\",\"https:\/\/x.com\/caridealauto\",\"https:\/\/www.youtube.com\/user\/caridealsas\/\"],\"url\":\"https:\/\/www.carideal.com\/blog\/author\/nschiavon\/\"}]}<\/script>\n<!-- \/ Yoast SEO plugin. -->","yoast_head_json":{"title":"C Cactus le prix bas de Citro\u00ebn - Blog auto Carid\u00e9al","robots":{"index":"index","follow":"follow","max-snippet":"max-snippet:-1","max-image-preview":"max-image-preview:large","max-video-preview":"max-video-preview:-1"},"canonical":"https:\/\/www.carideal.com\/blog\/2013\/03\/18\/c-cactus-le-prix-bas-de-citroen\/","og_locale":"fr_FR","og_type":"article","og_title":"C Cactus le prix bas de Citro\u00ebn - Blog auto Carid\u00e9al","og_description":"C Cactus le prix bas de Citro\u00ebn Le concept car C-Cactus, pr\u00e9sent\u00e9 au salon de Francfort en septembre 2007, va enfin se concr\u00e9tiser au sein de la gamme de Citro\u00ebn. Mais le mod\u00e8le de s\u00e9rie, l'ann\u00e9e prochaine, n'aura rien des exc\u00e8s du prototype. \"Il s'agira d'un v\u00e9hicule simple et ing\u00e9nieux, avec un style tr\u00e8s fort ... Lire plus","og_url":"https:\/\/www.carideal.com\/blog\/2013\/03\/18\/c-cactus-le-prix-bas-de-citroen\/","og_site_name":"Blog auto Carid\u00e9al","article_publisher":"https:\/\/www.facebook.com\/Carideal.mandataire.automobile","article_author":"https:\/\/www.facebook.com\/nicolas.schiavon.39","article_published_time":"2013-03-18T23:00:00+00:00","article_modified_time":"2020-02-08T15:09:11+00:00","og_image":[{"width":600,"height":400,"url":"https:\/\/www.carideal.com\/blog\/wp-content\/uploads\/2013\/03\/citroenccactus-1363701628-e1581174249823.jpg","type":"image\/jpeg"}],"author":"Nicolas SCHIAVON","twitter_card":"summary_large_image","twitter_creator":"@caridealauto","twitter_site":"@caridealauto","twitter_misc":{"\u00c9crit par":"Nicolas SCHIAVON","Dur\u00e9e de lecture estim\u00e9e":"1 minute"},"schema":{"@context":"https:\/\/schema.org","@graph":[{"@type":"Article","@id":"https:\/\/www.carideal.com\/blog\/2013\/03\/18\/c-cactus-le-prix-bas-de-citroen\/#article","isPartOf":{"@id":"https:\/\/www.carideal.com\/blog\/2013\/03\/18\/c-cactus-le-prix-bas-de-citroen\/"},"author":{"name":"Nicolas SCHIAVON","@id":"https:\/\/www.carideal.com\/blog\/#\/schema\/person\/cd95dc7919660de90d31b366f85be1ec"},"headline":"C Cactus le prix bas de Citro\u00ebn","datePublished":"2013-03-18T23:00:00+00:00","dateModified":"2020-02-08T15:09:11+00:00","mainEntityOfPage":{"@id":"https:\/\/www.carideal.com\/blog\/2013\/03\/18\/c-cactus-le-prix-bas-de-citroen\/"},"wordCount":296,"commentCount":0,"publisher":{"@id":"https:\/\/www.carideal.com\/blog\/#organization"},"image":{"@id":"https:\/\/www.carideal.com\/blog\/2013\/03\/18\/c-cactus-le-prix-bas-de-citroen\/#primaryimage"},"thumbnailUrl":"https:\/\/www.carideal.com\/blog\/wp-content\/uploads\/2013\/03\/citroenccactus-1363701628-e1581174249823.jpg","articleSection":["Actualit\u00e9 automobile","Actualit\u00e9 Citroen","Actualit\u00e9 Citroen C4 Cactus","Concept car"],"inLanguage":"fr-FR","potentialAction":[{"@type":"CommentAction","name":"Comment","target":["https:\/\/www.carideal.com\/blog\/2013\/03\/18\/c-cactus-le-prix-bas-de-citroen\/#respond"]}]},{"@type":"WebPage","@id":"https:\/\/www.carideal.com\/blog\/2013\/03\/18\/c-cactus-le-prix-bas-de-citroen\/","url":"https:\/\/www.carideal.com\/blog\/2013\/03\/18\/c-cactus-le-prix-bas-de-citroen\/","name":"C Cactus le prix bas de Citro\u00ebn - Blog auto Carid\u00e9al","isPartOf":{"@id":"https:\/\/www.carideal.com\/blog\/#website"},"primaryImageOfPage":{"@id":"https:\/\/www.carideal.com\/blog\/2013\/03\/18\/c-cactus-le-prix-bas-de-citroen\/#primaryimage"},"image":{"@id":"https:\/\/www.carideal.com\/blog\/2013\/03\/18\/c-cactus-le-prix-bas-de-citroen\/#primaryimage"},"thumbnailUrl":"https:\/\/www.carideal.com\/blog\/wp-content\/uploads\/2013\/03\/citroenccactus-1363701628-e1581174249823.jpg","datePublished":"2013-03-18T23:00:00+00:00","dateModified":"2020-02-08T15:09:11+00:00","breadcrumb":{"@id":"https:\/\/www.carideal.com\/blog\/2013\/03\/18\/c-cactus-le-prix-bas-de-citroen\/#breadcrumb"},"inLanguage":"fr-FR","potentialAction":[{"@type":"ReadAction","target":["https:\/\/www.carideal.com\/blog\/2013\/03\/18\/c-cactus-le-prix-bas-de-citroen\/"]}]},{"@type":"ImageObject","inLanguage":"fr-FR","@id":"https:\/\/www.carideal.com\/blog\/2013\/03\/18\/c-cactus-le-prix-bas-de-citroen\/#primaryimage","url":"https:\/\/www.carideal.com\/blog\/wp-content\/uploads\/2013\/03\/citroenccactus-1363701628-e1581174249823.jpg","contentUrl":"https:\/\/www.carideal.com\/blog\/wp-content\/uploads\/2013\/03\/citroenccactus-1363701628-e1581174249823.jpg","width":600,"height":400,"caption":"C Cactus le prix bas de Citro\u00ebn"},{"@type":"BreadcrumbList","@id":"https:\/\/www.carideal.com\/blog\/2013\/03\/18\/c-cactus-le-prix-bas-de-citroen\/#breadcrumb","itemListElement":[{"@type":"ListItem","position":1,"name":"Blog Carid\u00e9al","item":"https:\/\/www.carideal.com\/blog\/"},{"@type":"ListItem","position":2,"name":"Actualit\u00e9 constructeur automobile","item":"https:\/\/www.carideal.com\/blog\/constructeur\/"},{"@type":"ListItem","position":3,"name":"Actualit\u00e9 Citroen","item":"https:\/\/www.carideal.com\/blog\/constructeur\/citroen\/"},{"@type":"ListItem","position":4,"name":"Actualit\u00e9 Citroen C4 Cactus","item":"https:\/\/www.carideal.com\/blog\/constructeur\/citroen\/actualite-citroen-c4-cactus\/"},{"@type":"ListItem","position":5,"name":"C Cactus le prix bas de Citro\u00ebn"}]},{"@type":"WebSite","@id":"https:\/\/www.carideal.com\/blog\/#website","url":"https:\/\/www.carideal.com\/blog\/","name":"Blog auto Carid\u00e9al","description":"Actualit\u00e9 auto par des passionn\u00e9s","publisher":{"@id":"https:\/\/www.carideal.com\/blog\/#organization"},"potentialAction":[{"@type":"SearchAction","target":{"@type":"EntryPoint","urlTemplate":"https:\/\/www.carideal.com\/blog\/?s={search_term_string}"},"query-input":{"@type":"PropertyValueSpecification","valueRequired":true,"valueName":"search_term_string"}}],"inLanguage":"fr-FR"},{"@type":"Organization","@id":"https:\/\/www.carideal.com\/blog\/#organization","name":"Carideal","url":"https:\/\/www.carideal.com\/blog\/","logo":{"@type":"ImageObject","inLanguage":"fr-FR","@id":"https:\/\/www.carideal.com\/blog\/#\/schema\/logo\/image\/","url":"http:\/\/www.carideal.com\/blog\/wp-content\/uploads\/2016\/03\/logo-carideal-mandataire-automobile.png","contentUrl":"http:\/\/www.carideal.com\/blog\/wp-content\/uploads\/2016\/03\/logo-carideal-mandataire-automobile.png","width":300,"height":300,"caption":"Carideal"},"image":{"@id":"https:\/\/www.carideal.com\/blog\/#\/schema\/logo\/image\/"},"sameAs":["https:\/\/www.facebook.com\/Carideal.mandataire.automobile","https:\/\/x.com\/caridealauto","https:\/\/www.instagram.com\/carideal1\/","https:\/\/www.linkedin.com\/company\/carideal.com","https:\/\/fr.pinterest.com\/schiavonsas\/","https:\/\/www.youtube.com\/user\/caridealsas"]},{"@type":"Person","@id":"https:\/\/www.carideal.com\/blog\/#\/schema\/person\/cd95dc7919660de90d31b366f85be1ec","name":"Nicolas SCHIAVON","image":{"@type":"ImageObject","inLanguage":"fr-FR","@id":"https:\/\/www.carideal.com\/blog\/#\/schema\/person\/image\/","url":"https:\/\/secure.gravatar.com\/avatar\/c17e55009e671d92cc7f5dc837dc418a?s=96&r=g","contentUrl":"https:\/\/secure.gravatar.com\/avatar\/c17e55009e671d92cc7f5dc837dc418a?s=96&r=g","caption":"Nicolas SCHIAVON"},"description":"Nicolas Schiavon est tomb\u00e9 tout petit dans la marmite automobile. Ayant eu un garage de marque automobile, mandataire automobile de la premi\u00e8re heure d\u00e8s 1999. Nicolas a cr\u00e9\u00e9 ces premiers sites de vente de voiture et blog automobile d\u00e8s 1994. Carideal est n\u00e9 le 15 d\u00e9cembre 2000 de la volont\u00e9 de vendre des voitures d'occasions en ligne puis des voitures neuves. Il a pu essayer beaucoup de voitures tr\u00e8s diff\u00e9rentes et ayant eu personnellement quelques belles autos, Subaru Impreza, Mitsubishi Lancer Evo 7, Porsche 911, Ferrari Testarrossa, Audi RS3, RS4 et j'en passe...","sameAs":["http:\/\/www.carideal.com","https:\/\/www.facebook.com\/nicolas.schiavon.39","https:\/\/www.instagram.com\/carideal1\/","https:\/\/www.linkedin.com\/in\/nschiavon\/","https:\/\/x.com\/caridealauto","https:\/\/www.youtube.com\/user\/caridealsas\/"],"url":"https:\/\/www.carideal.com\/blog\/author\/nschiavon\/"}]}},"uagb_featured_image_src":{"full":["https:\/\/www.carideal.com\/blog\/wp-content\/uploads\/2013\/03\/citroenccactus-1363701628-e1581174249823.jpg",600,400,false],"thumbnail":["https:\/\/www.carideal.com\/blog\/wp-content\/uploads\/2013\/03\/citroenccactus-1363701628-150x150.jpg",150,150,true],"medium":["https:\/\/www.carideal.com\/blog\/wp-content\/uploads\/2013\/03\/citroenccactus-1363701628-300x200.jpg",300,200,true],"medium_large":["https:\/\/www.carideal.com\/blog\/wp-content\/uploads\/2013\/03\/citroenccactus-1363701628-768x512.jpg",768,512,true],"large":["https:\/\/www.carideal.com\/blog\/wp-content\/uploads\/2013\/03\/citroenccactus-1363701628-e1581174249823.jpg",600,400,false],"1536x1536":["https:\/\/www.carideal.com\/blog\/wp-content\/uploads\/2013\/03\/citroenccactus-1363701628-e1581174249823.jpg",600,400,false],"2048x2048":["https:\/\/www.carideal.com\/blog\/wp-content\/uploads\/2013\/03\/citroenccactus-1363701628-e1581174249823.jpg",600,400,false],"wppr-widget":["https:\/\/www.carideal.com\/blog\/wp-content\/uploads\/2013\/03\/citroenccactus-1363701628-50x33.jpg",50,33,true]},"uagb_author_info":{"display_name":"Nicolas SCHIAVON","author_link":"https:\/\/www.carideal.com\/blog\/author\/nschiavon\/"},"uagb_comment_info":0,"uagb_excerpt":"C Cactus le prix bas de Citro\u00ebn Le concept car C-Cactus, pr\u00e9sent\u00e9 au salon de Francfort en septembre 2007, va enfin se concr\u00e9tiser au sein de la gamme de Citro\u00ebn. Mais le mod\u00e8le de s\u00e9rie, l'ann\u00e9e prochaine, n'aura rien des exc\u00e8s du prototype. \"Il s'agira d'un v\u00e9hicule simple et ing\u00e9nieux, avec un style tr\u00e8s fort\u2026","_links":{"self":[{"href":"https:\/\/www.carideal.com\/blog\/wp-json\/wp\/v2\/posts\/5159"}],"collection":[{"href":"https:\/\/www.carideal.com\/blog\/wp-json\/wp\/v2\/posts"}],"about":[{"href":"https:\/\/www.carideal.com\/blog\/wp-json\/wp\/v2\/types\/post"}],"author":[{"embeddable":true,"href":"https:\/\/www.carideal.com\/blog\/wp-json\/wp\/v2\/users\/3"}],"replies":[{"embeddable":true,"href":"https:\/\/www.carideal.com\/blog\/wp-json\/wp\/v2\/comments?post=5159"}],"version-history":[{"count":0,"href":"https:\/\/www.carideal.com\/blog\/wp-json\/wp\/v2\/posts\/5159\/revisions"}],"wp:featuredmedia":[{"embeddable":true,"href":"https:\/\/www.carideal.com\/blog\/wp-json\/wp\/v2\/media\/21795"}],"wp:attachment":[{"href":"https:\/\/www.carideal.com\/blog\/wp-json\/wp\/v2\/media?parent=5159"}],"wp:term":[{"taxonomy":"category","embeddable":true,"href":"https:\/\/www.carideal.com\/blog\/wp-json\/wp\/v2\/categories?post=5159"},{"taxonomy":"post_tag","embeddable":true,"href":"https:\/\/www.carideal.com\/blog\/wp-json\/wp\/v2\/tags?post=5159"}],"curies":[{"name":"wp","href":"https:\/\/api.w.org\/{rel}","templated":true}]}}