{"id":5138,"date":"2013-02-13T23:00:00","date_gmt":"2013-02-13T23:00:00","guid":{"rendered":"http:\/\/www.carideal.com\/blog\/2013\/02\/13\/plus-moderne-que-celui-qu-il-vient-remplacer-le-c4-picasso-jouera-gros-dans-un-marche-difficile\/"},"modified":"2020-03-08T07:30:54","modified_gmt":"2020-03-08T06:30:54","slug":"plus-moderne-que-celui-qu-il-vient-remplacer-le-c4-picasso-jouera-gros-dans-un-marche-difficile","status":"publish","type":"post","link":"https:\/\/www.carideal.com\/blog\/2013\/02\/13\/plus-moderne-que-celui-qu-il-vient-remplacer-le-c4-picasso-jouera-gros-dans-un-marche-difficile\/","title":{"rendered":"Nouveau Citroen C4 Picasso 2"},"content":{"rendered":"<div>\n<figure style=\"width: 530px\" class=\"wp-caption alignnone\"><img loading=\"lazy\" decoding=\"async\" title=\"Citroen C4 Picasso 2\" src=\"http:\/\/www.carideal.com\/images_actualite\/citroenc4picassotechnospaceachatcaridealmandataireautomobile-1360877673.jpg\" alt=\"Citroen C4 Picasso 2\" width=\"540\" height=\"336\" \/><figcaption class=\"wp-caption-text\">Citroen C4 Picasso 2<\/figcaption><\/figure>\n<p>&nbsp;<\/p>\n<\/div>\n<h1>Plus moderne que celui qu'il vient remplacer, le Citroen\u00a0C4 Picasso 2 jouera gros dans un march\u00e9 difficile<\/h1>\n<p>Pi\u00e8ce ma\u00eetresse du Lego \u00e9conomique de <span style=\"text-decoration: underline;\">Citroen<\/span>, le nouveau C4 Picasso 2 va appara\u00eetre au salon de Gen\u00e8ve, d\u00e9but mars, sous la forme d'un concept car, le Citroen C4 Picasso 2 Technospace . Ou plut\u00f4t d'un show\u00adcar, la diff\u00e9rence entre les deux \u00e9tant que le premier est un v\u00e9hicule de salon donnant des indications d'ordre stylistique ou technologique sur les futurs mod\u00e8les d'une marque, alors que le show-car reprend la plupart des ingr\u00e9dients de la version de s\u00e9rie du mod\u00e8le qui sera d\u00e9voil\u00e9 quelques semaines plus tard. Plus moderne que le <span style=\"text-decoration: underline;\">monospace<\/span>\u00a0qu'il vient remplacer, le C4 Picasso 2 jouera gros dans un march\u00e9 difficile, et alors que la cat\u00e9gorie des <span style=\"text-decoration: underline;\">monospaces compact<\/span> voit son succ\u00e8s att\u00e9nu\u00e9, par celui plus moderne que celui qu'il vient remplacer, le C4 Picasso 2 jouera gros dans un march\u00e9 au naturel difficile des <span style=\"text-decoration: underline;\"><a href=\"http:\/\/www.carideal.com\/blog\/2013\/07\/23\/les-suv-ont-le-vent-en-poupe\/\">SUV<\/a><\/span>.<\/p>\n<p>Face au roi Sc\u00e9nic,qui a eu r\u00e9cemment recours \u00e0 la chirurgie esth\u00e9tique pour mettre sa\u00a0facce avant au go\u00fbt du jour, le nouveau C4 Picasso 2 n'a donc pas le droit \u00e0 l'erreur. Pourtant, sur Internet, ou sur les r\u00e9seaux sociaux, son style fait d\u00e9j\u00e0 d\u00e9bat. Il devra alors d\u00e9voiler rapidement ses atouts familiaux (volume de coffre, modularit\u00e9) pour finir de convaincre ceux qui sont d\u00e9j\u00e0 conquis, et tenter de d\u00e9cider les sceptiques.<\/p>\n<p>Mais alors que\u00a0le march\u00e9 europ\u00e9en, et par ricochet les ventes hexagonales, traversent une mauvaise passe, il semble que tout soit compliqu\u00e9. Et comme il faudra certainement encore quelques mois pour que les rayons du soleil viennent percer l'\u00e9pais nuage de crise qui plane au-dessus de nos t\u00eates, il va falloir s'adapter. Avec quelles cons\u00e9quences?<\/p>\n","protected":false},"excerpt":{"rendered":"<p>&nbsp; Plus moderne que celui qu&rsquo;il vient remplacer, le Citroen\u00a0C4 Picasso 2 jouera gros dans un march\u00e9 difficile Pi\u00e8ce ma\u00eetresse du Lego \u00e9conomique de Citroen, le nouveau C4 Picasso 2 va appara\u00eetre au salon de Gen\u00e8ve, d\u00e9but mars, sous la forme d&rsquo;un concept car, le Citroen C4 Picasso 2 Technospace . Ou plut\u00f4t d&rsquo;un show\u00adcar, &#8230; <a title=\"Nouveau Citroen C4 Picasso 2\" class=\"read-more\" href=\"https:\/\/www.carideal.com\/blog\/2013\/02\/13\/plus-moderne-que-celui-qu-il-vient-remplacer-le-c4-picasso-jouera-gros-dans-un-marche-difficile\/\" aria-label=\"En savoir plus sur Nouveau Citroen C4 Picasso 2\">Lire plus<\/a><\/p>\n","protected":false},"author":3,"featured_media":0,"comment_status":"open","ping_status":"open","sticky":false,"template":"","format":"standard","meta":{"_uag_custom_page_level_css":"","_themeisle_gutenberg_block_has_review":false,"footnotes":""},"categories":[21,5,5944,10,6023,5974],"tags":[],"class_list":["post-5138","post","type-post","status-publish","format-standard","hentry","category-actualites-auto","category-citroen","category-constructeur","category-marche-automobile-voiture-neuve-occasion-4x4-suv","category-monospace","category-type-de-vehicule"],"wppr_data":[],"yoast_head":"<!-- This site is optimized with the Yoast SEO plugin v24.8.1 - https:\/\/yoast.com\/wordpress\/plugins\/seo\/ -->\n<title>Nouveau Citroen C4 Picasso 2 - Blog auto Carid\u00e9al<\/title>\n<meta name=\"description\" content=\"Pr\u00e9sent\u00e9 au salon de Gen\u00e8ve,Plus moderne que celui qu&#039;il vient remplacer, le Citroen C4 Picasso 2 jouera gros dans un march\u00e9 difficile\" \/>\n<meta name=\"robots\" content=\"index, follow, max-snippet:-1, max-image-preview:large, max-video-preview:-1\" \/>\n<link rel=\"canonical\" href=\"https:\/\/www.carideal.com\/blog\/2013\/02\/13\/plus-moderne-que-celui-qu-il-vient-remplacer-le-c4-picasso-jouera-gros-dans-un-marche-difficile\/\" \/>\n<meta property=\"og:locale\" content=\"fr_FR\" \/>\n<meta property=\"og:type\" content=\"article\" \/>\n<meta property=\"og:title\" content=\"Nouveau Citroen C4 Picasso 2 - Blog auto Carid\u00e9al\" \/>\n<meta property=\"og:description\" content=\"Pr\u00e9sent\u00e9 au salon de Gen\u00e8ve,Plus moderne que celui qu&#039;il vient remplacer, le Citroen C4 Picasso 2 jouera gros dans un march\u00e9 difficile\" \/>\n<meta property=\"og:url\" content=\"https:\/\/www.carideal.com\/blog\/2013\/02\/13\/plus-moderne-que-celui-qu-il-vient-remplacer-le-c4-picasso-jouera-gros-dans-un-marche-difficile\/\" \/>\n<meta property=\"og:site_name\" content=\"Blog auto Carid\u00e9al\" \/>\n<meta property=\"article:publisher\" content=\"https:\/\/www.facebook.com\/Carideal.mandataire.automobile\" \/>\n<meta property=\"article:author\" content=\"https:\/\/www.facebook.com\/nicolas.schiavon.39\" \/>\n<meta property=\"article:published_time\" content=\"2013-02-13T23:00:00+00:00\" \/>\n<meta property=\"article:modified_time\" content=\"2020-03-08T06:30:54+00:00\" \/>\n<meta property=\"og:image\" content=\"http:\/\/www.carideal.com\/images_actualite\/citroenc4picassotechnospaceachatcaridealmandataireautomobile-1360877673.jpg\" \/>\n<meta name=\"author\" content=\"Nicolas SCHIAVON\" \/>\n<meta name=\"twitter:card\" content=\"summary_large_image\" \/>\n<meta name=\"twitter:creator\" content=\"@caridealauto\" \/>\n<meta name=\"twitter:site\" content=\"@caridealauto\" \/>\n<meta name=\"twitter:label1\" content=\"\u00c9crit par\" \/>\n\t<meta name=\"twitter:data1\" content=\"Nicolas SCHIAVON\" \/>\n\t<meta name=\"twitter:label2\" content=\"Dur\u00e9e de lecture estim\u00e9e\" \/>\n\t<meta name=\"twitter:data2\" content=\"2 minutes\" \/>\n<script type=\"application\/ld+json\" class=\"yoast-schema-graph\">{\"@context\":\"https:\/\/schema.org\",\"@graph\":[{\"@type\":\"Article\",\"@id\":\"https:\/\/www.carideal.com\/blog\/2013\/02\/13\/plus-moderne-que-celui-qu-il-vient-remplacer-le-c4-picasso-jouera-gros-dans-un-marche-difficile\/#article\",\"isPartOf\":{\"@id\":\"https:\/\/www.carideal.com\/blog\/2013\/02\/13\/plus-moderne-que-celui-qu-il-vient-remplacer-le-c4-picasso-jouera-gros-dans-un-marche-difficile\/\"},\"author\":{\"name\":\"Nicolas SCHIAVON\",\"@id\":\"https:\/\/www.carideal.com\/blog\/#\/schema\/person\/cd95dc7919660de90d31b366f85be1ec\"},\"headline\":\"Nouveau Citroen C4 Picasso 2\",\"datePublished\":\"2013-02-13T23:00:00+00:00\",\"dateModified\":\"2020-03-08T06:30:54+00:00\",\"mainEntityOfPage\":{\"@id\":\"https:\/\/www.carideal.com\/blog\/2013\/02\/13\/plus-moderne-que-celui-qu-il-vient-remplacer-le-c4-picasso-jouera-gros-dans-un-marche-difficile\/\"},\"wordCount\":323,\"commentCount\":0,\"publisher\":{\"@id\":\"https:\/\/www.carideal.com\/blog\/#organization\"},\"image\":{\"@id\":\"https:\/\/www.carideal.com\/blog\/2013\/02\/13\/plus-moderne-que-celui-qu-il-vient-remplacer-le-c4-picasso-jouera-gros-dans-un-marche-difficile\/#primaryimage\"},\"thumbnailUrl\":\"http:\/\/www.carideal.com\/images_actualite\/citroenc4picassotechnospaceachatcaridealmandataireautomobile-1360877673.jpg\",\"articleSection\":[\"Actualit\u00e9 automobile\",\"Actualit\u00e9 Citroen\",\"Actualit\u00e9 Constructeur automobile\",\"March\u00e9 automobile\",\"Monospace\",\"Type de v\u00e9hicule\"],\"inLanguage\":\"fr-FR\",\"potentialAction\":[{\"@type\":\"CommentAction\",\"name\":\"Comment\",\"target\":[\"https:\/\/www.carideal.com\/blog\/2013\/02\/13\/plus-moderne-que-celui-qu-il-vient-remplacer-le-c4-picasso-jouera-gros-dans-un-marche-difficile\/#respond\"]}]},{\"@type\":\"WebPage\",\"@id\":\"https:\/\/www.carideal.com\/blog\/2013\/02\/13\/plus-moderne-que-celui-qu-il-vient-remplacer-le-c4-picasso-jouera-gros-dans-un-marche-difficile\/\",\"url\":\"https:\/\/www.carideal.com\/blog\/2013\/02\/13\/plus-moderne-que-celui-qu-il-vient-remplacer-le-c4-picasso-jouera-gros-dans-un-marche-difficile\/\",\"name\":\"Nouveau Citroen C4 Picasso 2 - Blog auto Carid\u00e9al\",\"isPartOf\":{\"@id\":\"https:\/\/www.carideal.com\/blog\/#website\"},\"primaryImageOfPage\":{\"@id\":\"https:\/\/www.carideal.com\/blog\/2013\/02\/13\/plus-moderne-que-celui-qu-il-vient-remplacer-le-c4-picasso-jouera-gros-dans-un-marche-difficile\/#primaryimage\"},\"image\":{\"@id\":\"https:\/\/www.carideal.com\/blog\/2013\/02\/13\/plus-moderne-que-celui-qu-il-vient-remplacer-le-c4-picasso-jouera-gros-dans-un-marche-difficile\/#primaryimage\"},\"thumbnailUrl\":\"http:\/\/www.carideal.com\/images_actualite\/citroenc4picassotechnospaceachatcaridealmandataireautomobile-1360877673.jpg\",\"datePublished\":\"2013-02-13T23:00:00+00:00\",\"dateModified\":\"2020-03-08T06:30:54+00:00\",\"description\":\"Pr\u00e9sent\u00e9 au salon de Gen\u00e8ve,Plus moderne que celui qu'il vient remplacer, le Citroen C4 Picasso 2 jouera gros dans un march\u00e9 difficile\",\"breadcrumb\":{\"@id\":\"https:\/\/www.carideal.com\/blog\/2013\/02\/13\/plus-moderne-que-celui-qu-il-vient-remplacer-le-c4-picasso-jouera-gros-dans-un-marche-difficile\/#breadcrumb\"},\"inLanguage\":\"fr-FR\",\"potentialAction\":[{\"@type\":\"ReadAction\",\"target\":[\"https:\/\/www.carideal.com\/blog\/2013\/02\/13\/plus-moderne-que-celui-qu-il-vient-remplacer-le-c4-picasso-jouera-gros-dans-un-marche-difficile\/\"]}]},{\"@type\":\"ImageObject\",\"inLanguage\":\"fr-FR\",\"@id\":\"https:\/\/www.carideal.com\/blog\/2013\/02\/13\/plus-moderne-que-celui-qu-il-vient-remplacer-le-c4-picasso-jouera-gros-dans-un-marche-difficile\/#primaryimage\",\"url\":\"http:\/\/www.carideal.com\/images_actualite\/citroenc4picassotechnospaceachatcaridealmandataireautomobile-1360877673.jpg\",\"contentUrl\":\"http:\/\/www.carideal.com\/images_actualite\/citroenc4picassotechnospaceachatcaridealmandataireautomobile-1360877673.jpg\"},{\"@type\":\"BreadcrumbList\",\"@id\":\"https:\/\/www.carideal.com\/blog\/2013\/02\/13\/plus-moderne-que-celui-qu-il-vient-remplacer-le-c4-picasso-jouera-gros-dans-un-marche-difficile\/#breadcrumb\",\"itemListElement\":[{\"@type\":\"ListItem\",\"position\":1,\"name\":\"Blog Carid\u00e9al\",\"item\":\"https:\/\/www.carideal.com\/blog\/\"},{\"@type\":\"ListItem\",\"position\":2,\"name\":\"Actualit\u00e9 automobile\",\"item\":\"https:\/\/www.carideal.com\/blog\/actualites-auto\/\"},{\"@type\":\"ListItem\",\"position\":3,\"name\":\"Nouveau Citroen C4 Picasso 2\"}]},{\"@type\":\"WebSite\",\"@id\":\"https:\/\/www.carideal.com\/blog\/#website\",\"url\":\"https:\/\/www.carideal.com\/blog\/\",\"name\":\"Blog auto Carid\u00e9al\",\"description\":\"Actualit\u00e9 auto par des passionn\u00e9s\",\"publisher\":{\"@id\":\"https:\/\/www.carideal.com\/blog\/#organization\"},\"potentialAction\":[{\"@type\":\"SearchAction\",\"target\":{\"@type\":\"EntryPoint\",\"urlTemplate\":\"https:\/\/www.carideal.com\/blog\/?s={search_term_string}\"},\"query-input\":{\"@type\":\"PropertyValueSpecification\",\"valueRequired\":true,\"valueName\":\"search_term_string\"}}],\"inLanguage\":\"fr-FR\"},{\"@type\":\"Organization\",\"@id\":\"https:\/\/www.carideal.com\/blog\/#organization\",\"name\":\"Carideal\",\"url\":\"https:\/\/www.carideal.com\/blog\/\",\"logo\":{\"@type\":\"ImageObject\",\"inLanguage\":\"fr-FR\",\"@id\":\"https:\/\/www.carideal.com\/blog\/#\/schema\/logo\/image\/\",\"url\":\"http:\/\/www.carideal.com\/blog\/wp-content\/uploads\/2016\/03\/logo-carideal-mandataire-automobile.png\",\"contentUrl\":\"http:\/\/www.carideal.com\/blog\/wp-content\/uploads\/2016\/03\/logo-carideal-mandataire-automobile.png\",\"width\":300,\"height\":300,\"caption\":\"Carideal\"},\"image\":{\"@id\":\"https:\/\/www.carideal.com\/blog\/#\/schema\/logo\/image\/\"},\"sameAs\":[\"https:\/\/www.facebook.com\/Carideal.mandataire.automobile\",\"https:\/\/x.com\/caridealauto\",\"https:\/\/www.instagram.com\/carideal1\/\",\"https:\/\/www.linkedin.com\/company\/carideal.com\",\"https:\/\/fr.pinterest.com\/schiavonsas\/\",\"https:\/\/www.youtube.com\/user\/caridealsas\"]},{\"@type\":\"Person\",\"@id\":\"https:\/\/www.carideal.com\/blog\/#\/schema\/person\/cd95dc7919660de90d31b366f85be1ec\",\"name\":\"Nicolas SCHIAVON\",\"image\":{\"@type\":\"ImageObject\",\"inLanguage\":\"fr-FR\",\"@id\":\"https:\/\/www.carideal.com\/blog\/#\/schema\/person\/image\/\",\"url\":\"https:\/\/secure.gravatar.com\/avatar\/c17e55009e671d92cc7f5dc837dc418a?s=96&r=g\",\"contentUrl\":\"https:\/\/secure.gravatar.com\/avatar\/c17e55009e671d92cc7f5dc837dc418a?s=96&r=g\",\"caption\":\"Nicolas SCHIAVON\"},\"description\":\"Nicolas Schiavon est tomb\u00e9 tout petit dans la marmite automobile. Ayant eu un garage de marque automobile, mandataire automobile de la premi\u00e8re heure d\u00e8s 1999. Nicolas a cr\u00e9\u00e9 ces premiers sites de vente de voiture et blog automobile d\u00e8s 1994. Carideal est n\u00e9 le 15 d\u00e9cembre 2000 de la volont\u00e9 de vendre des voitures d'occasions en ligne puis des voitures neuves. Il a pu essayer beaucoup de voitures tr\u00e8s diff\u00e9rentes et ayant eu personnellement quelques belles autos, Subaru Impreza, Mitsubishi Lancer Evo 7, Porsche 911, Ferrari Testarrossa, Audi RS3, RS4 et j'en passe...\",\"sameAs\":[\"http:\/\/www.carideal.com\",\"https:\/\/www.facebook.com\/nicolas.schiavon.39\",\"https:\/\/www.instagram.com\/carideal1\/\",\"https:\/\/www.linkedin.com\/in\/nschiavon\/\",\"https:\/\/x.com\/caridealauto\",\"https:\/\/www.youtube.com\/user\/caridealsas\/\"],\"url\":\"https:\/\/www.carideal.com\/blog\/author\/nschiavon\/\"}]}<\/script>\n<!-- \/ Yoast SEO plugin. -->","yoast_head_json":{"title":"Nouveau Citroen C4 Picasso 2 - Blog auto Carid\u00e9al","description":"Pr\u00e9sent\u00e9 au salon de Gen\u00e8ve,Plus moderne que celui qu'il vient remplacer, le Citroen C4 Picasso 2 jouera gros dans un march\u00e9 difficile","robots":{"index":"index","follow":"follow","max-snippet":"max-snippet:-1","max-image-preview":"max-image-preview:large","max-video-preview":"max-video-preview:-1"},"canonical":"https:\/\/www.carideal.com\/blog\/2013\/02\/13\/plus-moderne-que-celui-qu-il-vient-remplacer-le-c4-picasso-jouera-gros-dans-un-marche-difficile\/","og_locale":"fr_FR","og_type":"article","og_title":"Nouveau Citroen C4 Picasso 2 - Blog auto Carid\u00e9al","og_description":"Pr\u00e9sent\u00e9 au salon de Gen\u00e8ve,Plus moderne que celui qu'il vient remplacer, le Citroen C4 Picasso 2 jouera gros dans un march\u00e9 difficile","og_url":"https:\/\/www.carideal.com\/blog\/2013\/02\/13\/plus-moderne-que-celui-qu-il-vient-remplacer-le-c4-picasso-jouera-gros-dans-un-marche-difficile\/","og_site_name":"Blog auto Carid\u00e9al","article_publisher":"https:\/\/www.facebook.com\/Carideal.mandataire.automobile","article_author":"https:\/\/www.facebook.com\/nicolas.schiavon.39","article_published_time":"2013-02-13T23:00:00+00:00","article_modified_time":"2020-03-08T06:30:54+00:00","og_image":[{"url":"http:\/\/www.carideal.com\/images_actualite\/citroenc4picassotechnospaceachatcaridealmandataireautomobile-1360877673.jpg","type":"","width":"","height":""}],"author":"Nicolas SCHIAVON","twitter_card":"summary_large_image","twitter_creator":"@caridealauto","twitter_site":"@caridealauto","twitter_misc":{"\u00c9crit par":"Nicolas SCHIAVON","Dur\u00e9e de lecture estim\u00e9e":"2 minutes"},"schema":{"@context":"https:\/\/schema.org","@graph":[{"@type":"Article","@id":"https:\/\/www.carideal.com\/blog\/2013\/02\/13\/plus-moderne-que-celui-qu-il-vient-remplacer-le-c4-picasso-jouera-gros-dans-un-marche-difficile\/#article","isPartOf":{"@id":"https:\/\/www.carideal.com\/blog\/2013\/02\/13\/plus-moderne-que-celui-qu-il-vient-remplacer-le-c4-picasso-jouera-gros-dans-un-marche-difficile\/"},"author":{"name":"Nicolas SCHIAVON","@id":"https:\/\/www.carideal.com\/blog\/#\/schema\/person\/cd95dc7919660de90d31b366f85be1ec"},"headline":"Nouveau Citroen C4 Picasso 2","datePublished":"2013-02-13T23:00:00+00:00","dateModified":"2020-03-08T06:30:54+00:00","mainEntityOfPage":{"@id":"https:\/\/www.carideal.com\/blog\/2013\/02\/13\/plus-moderne-que-celui-qu-il-vient-remplacer-le-c4-picasso-jouera-gros-dans-un-marche-difficile\/"},"wordCount":323,"commentCount":0,"publisher":{"@id":"https:\/\/www.carideal.com\/blog\/#organization"},"image":{"@id":"https:\/\/www.carideal.com\/blog\/2013\/02\/13\/plus-moderne-que-celui-qu-il-vient-remplacer-le-c4-picasso-jouera-gros-dans-un-marche-difficile\/#primaryimage"},"thumbnailUrl":"http:\/\/www.carideal.com\/images_actualite\/citroenc4picassotechnospaceachatcaridealmandataireautomobile-1360877673.jpg","articleSection":["Actualit\u00e9 automobile","Actualit\u00e9 Citroen","Actualit\u00e9 Constructeur automobile","March\u00e9 automobile","Monospace","Type de v\u00e9hicule"],"inLanguage":"fr-FR","potentialAction":[{"@type":"CommentAction","name":"Comment","target":["https:\/\/www.carideal.com\/blog\/2013\/02\/13\/plus-moderne-que-celui-qu-il-vient-remplacer-le-c4-picasso-jouera-gros-dans-un-marche-difficile\/#respond"]}]},{"@type":"WebPage","@id":"https:\/\/www.carideal.com\/blog\/2013\/02\/13\/plus-moderne-que-celui-qu-il-vient-remplacer-le-c4-picasso-jouera-gros-dans-un-marche-difficile\/","url":"https:\/\/www.carideal.com\/blog\/2013\/02\/13\/plus-moderne-que-celui-qu-il-vient-remplacer-le-c4-picasso-jouera-gros-dans-un-marche-difficile\/","name":"Nouveau Citroen C4 Picasso 2 - Blog auto Carid\u00e9al","isPartOf":{"@id":"https:\/\/www.carideal.com\/blog\/#website"},"primaryImageOfPage":{"@id":"https:\/\/www.carideal.com\/blog\/2013\/02\/13\/plus-moderne-que-celui-qu-il-vient-remplacer-le-c4-picasso-jouera-gros-dans-un-marche-difficile\/#primaryimage"},"image":{"@id":"https:\/\/www.carideal.com\/blog\/2013\/02\/13\/plus-moderne-que-celui-qu-il-vient-remplacer-le-c4-picasso-jouera-gros-dans-un-marche-difficile\/#primaryimage"},"thumbnailUrl":"http:\/\/www.carideal.com\/images_actualite\/citroenc4picassotechnospaceachatcaridealmandataireautomobile-1360877673.jpg","datePublished":"2013-02-13T23:00:00+00:00","dateModified":"2020-03-08T06:30:54+00:00","description":"Pr\u00e9sent\u00e9 au salon de Gen\u00e8ve,Plus moderne que celui qu'il vient remplacer, le Citroen C4 Picasso 2 jouera gros dans un march\u00e9 difficile","breadcrumb":{"@id":"https:\/\/www.carideal.com\/blog\/2013\/02\/13\/plus-moderne-que-celui-qu-il-vient-remplacer-le-c4-picasso-jouera-gros-dans-un-marche-difficile\/#breadcrumb"},"inLanguage":"fr-FR","potentialAction":[{"@type":"ReadAction","target":["https:\/\/www.carideal.com\/blog\/2013\/02\/13\/plus-moderne-que-celui-qu-il-vient-remplacer-le-c4-picasso-jouera-gros-dans-un-marche-difficile\/"]}]},{"@type":"ImageObject","inLanguage":"fr-FR","@id":"https:\/\/www.carideal.com\/blog\/2013\/02\/13\/plus-moderne-que-celui-qu-il-vient-remplacer-le-c4-picasso-jouera-gros-dans-un-marche-difficile\/#primaryimage","url":"http:\/\/www.carideal.com\/images_actualite\/citroenc4picassotechnospaceachatcaridealmandataireautomobile-1360877673.jpg","contentUrl":"http:\/\/www.carideal.com\/images_actualite\/citroenc4picassotechnospaceachatcaridealmandataireautomobile-1360877673.jpg"},{"@type":"BreadcrumbList","@id":"https:\/\/www.carideal.com\/blog\/2013\/02\/13\/plus-moderne-que-celui-qu-il-vient-remplacer-le-c4-picasso-jouera-gros-dans-un-marche-difficile\/#breadcrumb","itemListElement":[{"@type":"ListItem","position":1,"name":"Blog Carid\u00e9al","item":"https:\/\/www.carideal.com\/blog\/"},{"@type":"ListItem","position":2,"name":"Actualit\u00e9 automobile","item":"https:\/\/www.carideal.com\/blog\/actualites-auto\/"},{"@type":"ListItem","position":3,"name":"Nouveau Citroen C4 Picasso 2"}]},{"@type":"WebSite","@id":"https:\/\/www.carideal.com\/blog\/#website","url":"https:\/\/www.carideal.com\/blog\/","name":"Blog auto Carid\u00e9al","description":"Actualit\u00e9 auto par des passionn\u00e9s","publisher":{"@id":"https:\/\/www.carideal.com\/blog\/#organization"},"potentialAction":[{"@type":"SearchAction","target":{"@type":"EntryPoint","urlTemplate":"https:\/\/www.carideal.com\/blog\/?s={search_term_string}"},"query-input":{"@type":"PropertyValueSpecification","valueRequired":true,"valueName":"search_term_string"}}],"inLanguage":"fr-FR"},{"@type":"Organization","@id":"https:\/\/www.carideal.com\/blog\/#organization","name":"Carideal","url":"https:\/\/www.carideal.com\/blog\/","logo":{"@type":"ImageObject","inLanguage":"fr-FR","@id":"https:\/\/www.carideal.com\/blog\/#\/schema\/logo\/image\/","url":"http:\/\/www.carideal.com\/blog\/wp-content\/uploads\/2016\/03\/logo-carideal-mandataire-automobile.png","contentUrl":"http:\/\/www.carideal.com\/blog\/wp-content\/uploads\/2016\/03\/logo-carideal-mandataire-automobile.png","width":300,"height":300,"caption":"Carideal"},"image":{"@id":"https:\/\/www.carideal.com\/blog\/#\/schema\/logo\/image\/"},"sameAs":["https:\/\/www.facebook.com\/Carideal.mandataire.automobile","https:\/\/x.com\/caridealauto","https:\/\/www.instagram.com\/carideal1\/","https:\/\/www.linkedin.com\/company\/carideal.com","https:\/\/fr.pinterest.com\/schiavonsas\/","https:\/\/www.youtube.com\/user\/caridealsas"]},{"@type":"Person","@id":"https:\/\/www.carideal.com\/blog\/#\/schema\/person\/cd95dc7919660de90d31b366f85be1ec","name":"Nicolas SCHIAVON","image":{"@type":"ImageObject","inLanguage":"fr-FR","@id":"https:\/\/www.carideal.com\/blog\/#\/schema\/person\/image\/","url":"https:\/\/secure.gravatar.com\/avatar\/c17e55009e671d92cc7f5dc837dc418a?s=96&r=g","contentUrl":"https:\/\/secure.gravatar.com\/avatar\/c17e55009e671d92cc7f5dc837dc418a?s=96&r=g","caption":"Nicolas SCHIAVON"},"description":"Nicolas Schiavon est tomb\u00e9 tout petit dans la marmite automobile. Ayant eu un garage de marque automobile, mandataire automobile de la premi\u00e8re heure d\u00e8s 1999. Nicolas a cr\u00e9\u00e9 ces premiers sites de vente de voiture et blog automobile d\u00e8s 1994. Carideal est n\u00e9 le 15 d\u00e9cembre 2000 de la volont\u00e9 de vendre des voitures d'occasions en ligne puis des voitures neuves. Il a pu essayer beaucoup de voitures tr\u00e8s diff\u00e9rentes et ayant eu personnellement quelques belles autos, Subaru Impreza, Mitsubishi Lancer Evo 7, Porsche 911, Ferrari Testarrossa, Audi RS3, RS4 et j'en passe...","sameAs":["http:\/\/www.carideal.com","https:\/\/www.facebook.com\/nicolas.schiavon.39","https:\/\/www.instagram.com\/carideal1\/","https:\/\/www.linkedin.com\/in\/nschiavon\/","https:\/\/x.com\/caridealauto","https:\/\/www.youtube.com\/user\/caridealsas\/"],"url":"https:\/\/www.carideal.com\/blog\/author\/nschiavon\/"}]}},"uagb_featured_image_src":{"full":false,"thumbnail":false,"medium":false,"medium_large":false,"large":false,"1536x1536":false,"2048x2048":false,"wppr-widget":false},"uagb_author_info":{"display_name":"Nicolas SCHIAVON","author_link":"https:\/\/www.carideal.com\/blog\/author\/nschiavon\/"},"uagb_comment_info":0,"uagb_excerpt":"&nbsp; Plus moderne que celui qu'il vient remplacer, le Citroen\u00a0C4 Picasso 2 jouera gros dans un march\u00e9 difficile Pi\u00e8ce ma\u00eetresse du Lego \u00e9conomique de Citroen, le nouveau C4 Picasso 2 va appara\u00eetre au salon de Gen\u00e8ve, d\u00e9but mars, sous la forme d'un concept car, le Citroen C4 Picasso 2 Technospace . Ou plut\u00f4t d'un show\u00adcar,\u2026","_links":{"self":[{"href":"https:\/\/www.carideal.com\/blog\/wp-json\/wp\/v2\/posts\/5138"}],"collection":[{"href":"https:\/\/www.carideal.com\/blog\/wp-json\/wp\/v2\/posts"}],"about":[{"href":"https:\/\/www.carideal.com\/blog\/wp-json\/wp\/v2\/types\/post"}],"author":[{"embeddable":true,"href":"https:\/\/www.carideal.com\/blog\/wp-json\/wp\/v2\/users\/3"}],"replies":[{"embeddable":true,"href":"https:\/\/www.carideal.com\/blog\/wp-json\/wp\/v2\/comments?post=5138"}],"version-history":[{"count":0,"href":"https:\/\/www.carideal.com\/blog\/wp-json\/wp\/v2\/posts\/5138\/revisions"}],"wp:attachment":[{"href":"https:\/\/www.carideal.com\/blog\/wp-json\/wp\/v2\/media?parent=5138"}],"wp:term":[{"taxonomy":"category","embeddable":true,"href":"https:\/\/www.carideal.com\/blog\/wp-json\/wp\/v2\/categories?post=5138"},{"taxonomy":"post_tag","embeddable":true,"href":"https:\/\/www.carideal.com\/blog\/wp-json\/wp\/v2\/tags?post=5138"}],"curies":[{"name":"wp","href":"https:\/\/api.w.org\/{rel}","templated":true}]}}