{"id":513,"date":"2012-05-06T21:49:00","date_gmt":"2012-05-06T21:49:00","guid":{"rendered":"http:\/\/carideal.com\/blog\/?p=513"},"modified":"2020-03-07T16:51:30","modified_gmt":"2020-03-07T15:51:30","slug":"bmw-x4","status":"publish","type":"post","link":"https:\/\/www.carideal.com\/blog\/2012\/05\/06\/bmw-x4\/","title":{"rendered":"Futur BMW X4 pour contrer l Evoque ?"},"content":{"rendered":"<h1><strong>Futur BMW X4 pour contrer le Range Rover Evoque<\/strong><\/h1>\n<figure style=\"width: 438px\" class=\"wp-caption alignnone\"><img loading=\"lazy\" decoding=\"async\" title=\"Futur BMW X4\" src=\"\/blog\/public\/.BMW_X4_carideal_achat_mandataire_automobile_m.jpg\" alt=\"Futur BMW X4\" width=\"448\" height=\"295\" \/><figcaption class=\"wp-caption-text\">Futur BMW X4<\/figcaption><\/figure>\n<blockquote><p>Est ce que le futur BMW X4 ressemblera \u00e0 cela\u00a0? (c) Argus<\/p><\/blockquote>\n<p>BMW veut recommencer le \"coup\" du <a href=\"http:\/\/www.carideal.com\/blog\/2012\/03\/10\/bmw-x6\/\">X6<\/a> dans le segment des 4x4 compact avec son X4 sur la base technique du X3. BMW a peur du Range Rover Evoque, et d\u00e9clinera sa silhouette en version 3p et 5p. Uniquement en 4 places il fera 4.65m de long pour 1.55m de haut soit 10 cm de moins que le X3. BMW le destine principalement \u00e0 la route et a doute baiss\u00e9 sa garde au sol et a aussi ajust\u00e9 ses trains roulants plus dynamiques. Il devrait \u00eatre propos\u00e9 \u00e0 partir de 45500 \u20ac avec des moteurs diesels de 184 et 258 ch et essence de 258 et 306 ch.<\/p>\n<p>Plus de d\u00e9tails ont filt\u00e9s sur la prochaine sortie du futur BMW X4. Comme indiqu\u00e9 pr\u00e9c\u00e9demment par Carideal, le <a href=\"http:\/\/www.carideal.com\/blog\/2011\/02\/24\/bmw-x4-la-famille-s-agrandit\/\">nouveau BMW X4, la famille s'agrandit<\/a> est en version essence un petit BMW\u00a0X6, une sorte de coup\u00e9-cum-4x4 \u00e9cras\u00e9 pour appeler vers l'ext\u00e9rieur types.<\/p>\n<p>Frank-Peter Arndt, membre du conseil d'administration de BMW en charge de la production, a confirm\u00e9 que la futur\u00a0BMW X4 sera construite \u00e0 Plant Spartanburg, en Caroline du Sud, aux \u00c9tats-Unis.<\/p>\n<p>BMW va encore investir 900 millions de dollars \u00e0 Spartangburg d'ici 2014, co\u00efncidant avec le lancement du X4.<\/p>\n<h2>Pourquoi BMW lance le futur\u00a0X4<\/h2>\n<p>BMW r\u00e9pond ainsi \u00e0 la demande mondiale croissante pour les mod\u00e8les BMW de la famille SUV X et l'expansion de la famille BMW X pour lancer\u00a0la BMW X4. BMW pr\u00e9voit de cr\u00e9er 300 nouveaux emplois d'ici \u00e0 la fin de l'ann\u00e9e et vis eune production de produire 350 000 unit\u00e9s \u00e0 Spartanburg \u00e0 moyen terme.<\/p>\n<p>Le X4 se positionne\u00a0entre le X3 et le X5 et est con\u00e7u pour cibler les prochains <a href=\"http:\/\/www.carideal.com\/blog\/2012\/06\/05\/mercedes-glk-restyle\/\">Mercedes GLK<\/a>, Audi Q6 et <a href=\"http:\/\/www.carideal.com\/blog\/2011\/02\/24\/porsche-cajun-petit-frere-du-cayenne\/\">Porsche Cajun<\/a>. Pas de surprises.<\/p>\n<p>Mais bien que tout le ponde pensait que le futur BMW X4 serait un SUV deux portes, Munich a chang\u00e9 d'avis et opt\u00e9 pour\u00a0une configuration \u00e0\u00a0quatre portes. Pourquoi cela ? Parce que les volumes de vente des quatre portes sont en hausse, et parce que la production de la quatre portes permet d'\u00e9conomiser une partie de l'argent investit dans les outillages en conservant les panneaux lat\u00e9raux int\u00e9rieurs et ext\u00e9rieurs inf\u00e9rieurs du X3, ainsi que les panneaux\u00a0inf\u00e9rieures des portes, a expliqu\u00e9 une source proche du projet.<\/p>\n<p>Le toit et l'habitacle du futur BMW X4 seront bien s\u00fbr r\u00e9vus pour donner \u00e0 la voiture un look de coup\u00e9 sportif. D'autres pi\u00e8ces\u00a0revues sp\u00e9cialement sur mesure sont les optiques de phares, les pare-chocs, la calandre, les\u00a0roues et les sorties\u00a0d'\u00e9chappement.<\/p>\n<h2><\/h2>\n<p>Cr\u00e9dit <a href=\"http:\/\/www.largus.fr\/\" target=\"_blank\" rel=\"noopener noreferrer\">photo<\/a>\u00a0Argus<\/p>\n","protected":false},"excerpt":{"rendered":"<p>Futur BMW X4 pour contrer le Range Rover Evoque Est ce que le futur BMW X4 ressemblera \u00e0 cela\u00a0? (c) Argus BMW veut recommencer le \u00ab\u00a0coup\u00a0\u00bb du X6 dans le segment des 4&#215;4 compact avec son X4 sur la base technique du X3. BMW a peur du Range Rover Evoque, et d\u00e9clinera sa silhouette en &#8230; <a title=\"Futur BMW X4 pour contrer l Evoque ?\" class=\"read-more\" href=\"https:\/\/www.carideal.com\/blog\/2012\/05\/06\/bmw-x4\/\" aria-label=\"En savoir plus sur Futur BMW X4 pour contrer l Evoque ?\">Lire plus<\/a><\/p>\n","protected":false},"author":1,"featured_media":13844,"comment_status":"open","ping_status":"open","sticky":false,"template":"","format":"standard","meta":{"_uag_custom_page_level_css":"","_themeisle_gutenberg_block_has_review":false,"footnotes":""},"categories":[21,5945,5944,6010,5974],"tags":[],"class_list":["post-513","post","type-post","status-publish","format-standard","has-post-thumbnail","hentry","category-actualites-auto","category-bmw","category-constructeur","category-suv","category-type-de-vehicule"],"wppr_data":{"cwp_meta_box_check":"No"},"yoast_head":"<!-- This site is optimized with the Yoast SEO plugin v24.8.1 - https:\/\/yoast.com\/wordpress\/plugins\/seo\/ -->\n<title>Futur BMW X4 pour contrer l Evoque ? - Blog auto Carid\u00e9al<\/title>\n<meta name=\"description\" content=\"Est ce que le futur BMW X4 ressemblera \u00e0 cela ? BMW veut recommencer le &quot;coup&quot; du X6 dans le segment des 4x4 compact avec son X4 sur la base technique du X3\" \/>\n<meta name=\"robots\" content=\"index, follow, max-snippet:-1, max-image-preview:large, max-video-preview:-1\" \/>\n<link rel=\"canonical\" href=\"https:\/\/www.carideal.com\/blog\/2012\/05\/06\/bmw-x4\/\" \/>\n<meta property=\"og:locale\" content=\"fr_FR\" \/>\n<meta property=\"og:type\" content=\"article\" \/>\n<meta property=\"og:title\" content=\"Futur BMW X4 pour contrer l Evoque ? - Blog auto Carid\u00e9al\" \/>\n<meta property=\"og:description\" content=\"Est ce que le futur BMW X4 ressemblera \u00e0 cela ? BMW veut recommencer le &quot;coup&quot; du X6 dans le segment des 4x4 compact avec son X4 sur la base technique du X3\" \/>\n<meta property=\"og:url\" content=\"https:\/\/www.carideal.com\/blog\/2012\/05\/06\/bmw-x4\/\" \/>\n<meta property=\"og:site_name\" content=\"Blog auto Carid\u00e9al\" \/>\n<meta property=\"article:publisher\" content=\"https:\/\/www.facebook.com\/Carideal.mandataire.automobile\" \/>\n<meta property=\"article:author\" content=\"https:\/\/www.facebook.com\/Carideal.mandataire.automobile\/\" \/>\n<meta property=\"article:published_time\" content=\"2012-05-06T21:49:00+00:00\" \/>\n<meta property=\"article:modified_time\" content=\"2020-03-07T15:51:30+00:00\" \/>\n<meta property=\"og:image\" content=\"https:\/\/www.carideal.com\/blog\/wp-content\/uploads\/2012\/05\/futur-bmw-x4.jpg\" \/>\n\t<meta property=\"og:image:width\" content=\"799\" \/>\n\t<meta property=\"og:image:height\" content=\"499\" \/>\n\t<meta property=\"og:image:type\" content=\"image\/jpeg\" \/>\n<meta name=\"author\" content=\"N.S Carideal\" \/>\n<meta name=\"twitter:card\" content=\"summary_large_image\" \/>\n<meta name=\"twitter:creator\" content=\"@caridealauto\" \/>\n<meta name=\"twitter:site\" content=\"@caridealauto\" \/>\n<meta name=\"twitter:label1\" content=\"\u00c9crit par\" \/>\n\t<meta name=\"twitter:data1\" content=\"N.S Carideal\" \/>\n\t<meta name=\"twitter:label2\" content=\"Dur\u00e9e de lecture estim\u00e9e\" \/>\n\t<meta name=\"twitter:data2\" content=\"2 minutes\" \/>\n<script type=\"application\/ld+json\" class=\"yoast-schema-graph\">{\"@context\":\"https:\/\/schema.org\",\"@graph\":[{\"@type\":\"Article\",\"@id\":\"https:\/\/www.carideal.com\/blog\/2012\/05\/06\/bmw-x4\/#article\",\"isPartOf\":{\"@id\":\"https:\/\/www.carideal.com\/blog\/2012\/05\/06\/bmw-x4\/\"},\"author\":{\"name\":\"N.S Carideal\",\"@id\":\"https:\/\/www.carideal.com\/blog\/#\/schema\/person\/985c7e757d1042d647f21bfaf8d41ebc\"},\"headline\":\"Futur BMW X4 pour contrer l Evoque ?\",\"datePublished\":\"2012-05-06T21:49:00+00:00\",\"dateModified\":\"2020-03-07T15:51:30+00:00\",\"mainEntityOfPage\":{\"@id\":\"https:\/\/www.carideal.com\/blog\/2012\/05\/06\/bmw-x4\/\"},\"wordCount\":463,\"commentCount\":0,\"publisher\":{\"@id\":\"https:\/\/www.carideal.com\/blog\/#organization\"},\"image\":{\"@id\":\"https:\/\/www.carideal.com\/blog\/2012\/05\/06\/bmw-x4\/#primaryimage\"},\"thumbnailUrl\":\"https:\/\/www.carideal.com\/blog\/wp-content\/uploads\/2012\/05\/futur-bmw-x4.jpg\",\"articleSection\":[\"Actualit\u00e9 automobile\",\"Actualit\u00e9 BMW\",\"Actualit\u00e9 Constructeur automobile\",\"SUV\",\"Type de v\u00e9hicule\"],\"inLanguage\":\"fr-FR\",\"potentialAction\":[{\"@type\":\"CommentAction\",\"name\":\"Comment\",\"target\":[\"https:\/\/www.carideal.com\/blog\/2012\/05\/06\/bmw-x4\/#respond\"]}]},{\"@type\":\"WebPage\",\"@id\":\"https:\/\/www.carideal.com\/blog\/2012\/05\/06\/bmw-x4\/\",\"url\":\"https:\/\/www.carideal.com\/blog\/2012\/05\/06\/bmw-x4\/\",\"name\":\"Futur BMW X4 pour contrer l Evoque ? - Blog auto Carid\u00e9al\",\"isPartOf\":{\"@id\":\"https:\/\/www.carideal.com\/blog\/#website\"},\"primaryImageOfPage\":{\"@id\":\"https:\/\/www.carideal.com\/blog\/2012\/05\/06\/bmw-x4\/#primaryimage\"},\"image\":{\"@id\":\"https:\/\/www.carideal.com\/blog\/2012\/05\/06\/bmw-x4\/#primaryimage\"},\"thumbnailUrl\":\"https:\/\/www.carideal.com\/blog\/wp-content\/uploads\/2012\/05\/futur-bmw-x4.jpg\",\"datePublished\":\"2012-05-06T21:49:00+00:00\",\"dateModified\":\"2020-03-07T15:51:30+00:00\",\"description\":\"Est ce que le futur BMW X4 ressemblera \u00e0 cela ? BMW veut recommencer le \\\"coup\\\" du X6 dans le segment des 4x4 compact avec son X4 sur la base technique du X3\",\"breadcrumb\":{\"@id\":\"https:\/\/www.carideal.com\/blog\/2012\/05\/06\/bmw-x4\/#breadcrumb\"},\"inLanguage\":\"fr-FR\",\"potentialAction\":[{\"@type\":\"ReadAction\",\"target\":[\"https:\/\/www.carideal.com\/blog\/2012\/05\/06\/bmw-x4\/\"]}]},{\"@type\":\"ImageObject\",\"inLanguage\":\"fr-FR\",\"@id\":\"https:\/\/www.carideal.com\/blog\/2012\/05\/06\/bmw-x4\/#primaryimage\",\"url\":\"https:\/\/www.carideal.com\/blog\/wp-content\/uploads\/2012\/05\/futur-bmw-x4.jpg\",\"contentUrl\":\"https:\/\/www.carideal.com\/blog\/wp-content\/uploads\/2012\/05\/futur-bmw-x4.jpg\",\"width\":799,\"height\":499,\"caption\":\"Futur BMW X4\"},{\"@type\":\"BreadcrumbList\",\"@id\":\"https:\/\/www.carideal.com\/blog\/2012\/05\/06\/bmw-x4\/#breadcrumb\",\"itemListElement\":[{\"@type\":\"ListItem\",\"position\":1,\"name\":\"Blog Carid\u00e9al\",\"item\":\"https:\/\/www.carideal.com\/blog\/\"},{\"@type\":\"ListItem\",\"position\":2,\"name\":\"Actualit\u00e9 constructeur automobile\",\"item\":\"https:\/\/www.carideal.com\/blog\/constructeur\/\"},{\"@type\":\"ListItem\",\"position\":3,\"name\":\"Futur BMW X4 pour contrer l Evoque ?\"}]},{\"@type\":\"WebSite\",\"@id\":\"https:\/\/www.carideal.com\/blog\/#website\",\"url\":\"https:\/\/www.carideal.com\/blog\/\",\"name\":\"Blog auto Carid\u00e9al\",\"description\":\"Actualit\u00e9 auto par des passionn\u00e9s\",\"publisher\":{\"@id\":\"https:\/\/www.carideal.com\/blog\/#organization\"},\"potentialAction\":[{\"@type\":\"SearchAction\",\"target\":{\"@type\":\"EntryPoint\",\"urlTemplate\":\"https:\/\/www.carideal.com\/blog\/?s={search_term_string}\"},\"query-input\":{\"@type\":\"PropertyValueSpecification\",\"valueRequired\":true,\"valueName\":\"search_term_string\"}}],\"inLanguage\":\"fr-FR\"},{\"@type\":\"Organization\",\"@id\":\"https:\/\/www.carideal.com\/blog\/#organization\",\"name\":\"Carideal\",\"url\":\"https:\/\/www.carideal.com\/blog\/\",\"logo\":{\"@type\":\"ImageObject\",\"inLanguage\":\"fr-FR\",\"@id\":\"https:\/\/www.carideal.com\/blog\/#\/schema\/logo\/image\/\",\"url\":\"http:\/\/www.carideal.com\/blog\/wp-content\/uploads\/2016\/03\/logo-carideal-mandataire-automobile.png\",\"contentUrl\":\"http:\/\/www.carideal.com\/blog\/wp-content\/uploads\/2016\/03\/logo-carideal-mandataire-automobile.png\",\"width\":300,\"height\":300,\"caption\":\"Carideal\"},\"image\":{\"@id\":\"https:\/\/www.carideal.com\/blog\/#\/schema\/logo\/image\/\"},\"sameAs\":[\"https:\/\/www.facebook.com\/Carideal.mandataire.automobile\",\"https:\/\/x.com\/caridealauto\",\"https:\/\/www.instagram.com\/carideal1\/\",\"https:\/\/www.linkedin.com\/company\/carideal.com\",\"https:\/\/fr.pinterest.com\/schiavonsas\/\",\"https:\/\/www.youtube.com\/user\/caridealsas\"]},{\"@type\":\"Person\",\"@id\":\"https:\/\/www.carideal.com\/blog\/#\/schema\/person\/985c7e757d1042d647f21bfaf8d41ebc\",\"name\":\"N.S Carideal\",\"image\":{\"@type\":\"ImageObject\",\"inLanguage\":\"fr-FR\",\"@id\":\"https:\/\/www.carideal.com\/blog\/#\/schema\/person\/image\/\",\"url\":\"https:\/\/secure.gravatar.com\/avatar\/edb7ccdf1a4e3d14aef967760d354d0e?s=96&r=g\",\"contentUrl\":\"https:\/\/secure.gravatar.com\/avatar\/edb7ccdf1a4e3d14aef967760d354d0e?s=96&r=g\",\"caption\":\"N.S Carideal\"},\"description\":\"Depuis tout petit fan d'automobile. Il est question d'essayer et de comparer toutes ces voitures qui nous ont fait r\u00e9ver, avant que celles-ci ne devient uniquement des voitures de collection.\",\"sameAs\":[\"http:\/\/www.carideal.com\/blog\",\"https:\/\/www.facebook.com\/Carideal.mandataire.automobile\/\",\"https:\/\/www.linkedin.com\/in\/nschiavon\/\",\"https:\/\/www.youtube.com\/user\/caridealsas\/\"],\"url\":\"https:\/\/www.carideal.com\/blog\/author\/admin_carideal\/\"}]}<\/script>\n<!-- \/ Yoast SEO plugin. -->","yoast_head_json":{"title":"Futur BMW X4 pour contrer l Evoque ? - Blog auto Carid\u00e9al","description":"Est ce que le futur BMW X4 ressemblera \u00e0 cela ? BMW veut recommencer le \"coup\" du X6 dans le segment des 4x4 compact avec son X4 sur la base technique du X3","robots":{"index":"index","follow":"follow","max-snippet":"max-snippet:-1","max-image-preview":"max-image-preview:large","max-video-preview":"max-video-preview:-1"},"canonical":"https:\/\/www.carideal.com\/blog\/2012\/05\/06\/bmw-x4\/","og_locale":"fr_FR","og_type":"article","og_title":"Futur BMW X4 pour contrer l Evoque ? - Blog auto Carid\u00e9al","og_description":"Est ce que le futur BMW X4 ressemblera \u00e0 cela ? BMW veut recommencer le \"coup\" du X6 dans le segment des 4x4 compact avec son X4 sur la base technique du X3","og_url":"https:\/\/www.carideal.com\/blog\/2012\/05\/06\/bmw-x4\/","og_site_name":"Blog auto Carid\u00e9al","article_publisher":"https:\/\/www.facebook.com\/Carideal.mandataire.automobile","article_author":"https:\/\/www.facebook.com\/Carideal.mandataire.automobile\/","article_published_time":"2012-05-06T21:49:00+00:00","article_modified_time":"2020-03-07T15:51:30+00:00","og_image":[{"width":799,"height":499,"url":"https:\/\/www.carideal.com\/blog\/wp-content\/uploads\/2012\/05\/futur-bmw-x4.jpg","type":"image\/jpeg"}],"author":"N.S Carideal","twitter_card":"summary_large_image","twitter_creator":"@caridealauto","twitter_site":"@caridealauto","twitter_misc":{"\u00c9crit par":"N.S Carideal","Dur\u00e9e de lecture estim\u00e9e":"2 minutes"},"schema":{"@context":"https:\/\/schema.org","@graph":[{"@type":"Article","@id":"https:\/\/www.carideal.com\/blog\/2012\/05\/06\/bmw-x4\/#article","isPartOf":{"@id":"https:\/\/www.carideal.com\/blog\/2012\/05\/06\/bmw-x4\/"},"author":{"name":"N.S Carideal","@id":"https:\/\/www.carideal.com\/blog\/#\/schema\/person\/985c7e757d1042d647f21bfaf8d41ebc"},"headline":"Futur BMW X4 pour contrer l Evoque ?","datePublished":"2012-05-06T21:49:00+00:00","dateModified":"2020-03-07T15:51:30+00:00","mainEntityOfPage":{"@id":"https:\/\/www.carideal.com\/blog\/2012\/05\/06\/bmw-x4\/"},"wordCount":463,"commentCount":0,"publisher":{"@id":"https:\/\/www.carideal.com\/blog\/#organization"},"image":{"@id":"https:\/\/www.carideal.com\/blog\/2012\/05\/06\/bmw-x4\/#primaryimage"},"thumbnailUrl":"https:\/\/www.carideal.com\/blog\/wp-content\/uploads\/2012\/05\/futur-bmw-x4.jpg","articleSection":["Actualit\u00e9 automobile","Actualit\u00e9 BMW","Actualit\u00e9 Constructeur automobile","SUV","Type de v\u00e9hicule"],"inLanguage":"fr-FR","potentialAction":[{"@type":"CommentAction","name":"Comment","target":["https:\/\/www.carideal.com\/blog\/2012\/05\/06\/bmw-x4\/#respond"]}]},{"@type":"WebPage","@id":"https:\/\/www.carideal.com\/blog\/2012\/05\/06\/bmw-x4\/","url":"https:\/\/www.carideal.com\/blog\/2012\/05\/06\/bmw-x4\/","name":"Futur BMW X4 pour contrer l Evoque ? - Blog auto Carid\u00e9al","isPartOf":{"@id":"https:\/\/www.carideal.com\/blog\/#website"},"primaryImageOfPage":{"@id":"https:\/\/www.carideal.com\/blog\/2012\/05\/06\/bmw-x4\/#primaryimage"},"image":{"@id":"https:\/\/www.carideal.com\/blog\/2012\/05\/06\/bmw-x4\/#primaryimage"},"thumbnailUrl":"https:\/\/www.carideal.com\/blog\/wp-content\/uploads\/2012\/05\/futur-bmw-x4.jpg","datePublished":"2012-05-06T21:49:00+00:00","dateModified":"2020-03-07T15:51:30+00:00","description":"Est ce que le futur BMW X4 ressemblera \u00e0 cela ? BMW veut recommencer le \"coup\" du X6 dans le segment des 4x4 compact avec son X4 sur la base technique du X3","breadcrumb":{"@id":"https:\/\/www.carideal.com\/blog\/2012\/05\/06\/bmw-x4\/#breadcrumb"},"inLanguage":"fr-FR","potentialAction":[{"@type":"ReadAction","target":["https:\/\/www.carideal.com\/blog\/2012\/05\/06\/bmw-x4\/"]}]},{"@type":"ImageObject","inLanguage":"fr-FR","@id":"https:\/\/www.carideal.com\/blog\/2012\/05\/06\/bmw-x4\/#primaryimage","url":"https:\/\/www.carideal.com\/blog\/wp-content\/uploads\/2012\/05\/futur-bmw-x4.jpg","contentUrl":"https:\/\/www.carideal.com\/blog\/wp-content\/uploads\/2012\/05\/futur-bmw-x4.jpg","width":799,"height":499,"caption":"Futur BMW X4"},{"@type":"BreadcrumbList","@id":"https:\/\/www.carideal.com\/blog\/2012\/05\/06\/bmw-x4\/#breadcrumb","itemListElement":[{"@type":"ListItem","position":1,"name":"Blog Carid\u00e9al","item":"https:\/\/www.carideal.com\/blog\/"},{"@type":"ListItem","position":2,"name":"Actualit\u00e9 constructeur automobile","item":"https:\/\/www.carideal.com\/blog\/constructeur\/"},{"@type":"ListItem","position":3,"name":"Futur BMW X4 pour contrer l Evoque ?"}]},{"@type":"WebSite","@id":"https:\/\/www.carideal.com\/blog\/#website","url":"https:\/\/www.carideal.com\/blog\/","name":"Blog auto Carid\u00e9al","description":"Actualit\u00e9 auto par des passionn\u00e9s","publisher":{"@id":"https:\/\/www.carideal.com\/blog\/#organization"},"potentialAction":[{"@type":"SearchAction","target":{"@type":"EntryPoint","urlTemplate":"https:\/\/www.carideal.com\/blog\/?s={search_term_string}"},"query-input":{"@type":"PropertyValueSpecification","valueRequired":true,"valueName":"search_term_string"}}],"inLanguage":"fr-FR"},{"@type":"Organization","@id":"https:\/\/www.carideal.com\/blog\/#organization","name":"Carideal","url":"https:\/\/www.carideal.com\/blog\/","logo":{"@type":"ImageObject","inLanguage":"fr-FR","@id":"https:\/\/www.carideal.com\/blog\/#\/schema\/logo\/image\/","url":"http:\/\/www.carideal.com\/blog\/wp-content\/uploads\/2016\/03\/logo-carideal-mandataire-automobile.png","contentUrl":"http:\/\/www.carideal.com\/blog\/wp-content\/uploads\/2016\/03\/logo-carideal-mandataire-automobile.png","width":300,"height":300,"caption":"Carideal"},"image":{"@id":"https:\/\/www.carideal.com\/blog\/#\/schema\/logo\/image\/"},"sameAs":["https:\/\/www.facebook.com\/Carideal.mandataire.automobile","https:\/\/x.com\/caridealauto","https:\/\/www.instagram.com\/carideal1\/","https:\/\/www.linkedin.com\/company\/carideal.com","https:\/\/fr.pinterest.com\/schiavonsas\/","https:\/\/www.youtube.com\/user\/caridealsas"]},{"@type":"Person","@id":"https:\/\/www.carideal.com\/blog\/#\/schema\/person\/985c7e757d1042d647f21bfaf8d41ebc","name":"N.S Carideal","image":{"@type":"ImageObject","inLanguage":"fr-FR","@id":"https:\/\/www.carideal.com\/blog\/#\/schema\/person\/image\/","url":"https:\/\/secure.gravatar.com\/avatar\/edb7ccdf1a4e3d14aef967760d354d0e?s=96&r=g","contentUrl":"https:\/\/secure.gravatar.com\/avatar\/edb7ccdf1a4e3d14aef967760d354d0e?s=96&r=g","caption":"N.S Carideal"},"description":"Depuis tout petit fan d'automobile. Il est question d'essayer et de comparer toutes ces voitures qui nous ont fait r\u00e9ver, avant que celles-ci ne devient uniquement des voitures de collection.","sameAs":["http:\/\/www.carideal.com\/blog","https:\/\/www.facebook.com\/Carideal.mandataire.automobile\/","https:\/\/www.linkedin.com\/in\/nschiavon\/","https:\/\/www.youtube.com\/user\/caridealsas\/"],"url":"https:\/\/www.carideal.com\/blog\/author\/admin_carideal\/"}]}},"uagb_featured_image_src":{"full":["https:\/\/www.carideal.com\/blog\/wp-content\/uploads\/2012\/05\/futur-bmw-x4.jpg",799,499,false],"thumbnail":["https:\/\/www.carideal.com\/blog\/wp-content\/uploads\/2012\/05\/futur-bmw-x4-150x150.jpg",150,150,true],"medium":["https:\/\/www.carideal.com\/blog\/wp-content\/uploads\/2012\/05\/futur-bmw-x4-300x187.jpg",300,187,true],"medium_large":["https:\/\/www.carideal.com\/blog\/wp-content\/uploads\/2012\/05\/futur-bmw-x4-768x480.jpg",768,480,true],"large":["https:\/\/www.carideal.com\/blog\/wp-content\/uploads\/2012\/05\/futur-bmw-x4.jpg",799,499,false],"1536x1536":["https:\/\/www.carideal.com\/blog\/wp-content\/uploads\/2012\/05\/futur-bmw-x4.jpg",799,499,false],"2048x2048":["https:\/\/www.carideal.com\/blog\/wp-content\/uploads\/2012\/05\/futur-bmw-x4.jpg",799,499,false],"wppr-widget":["https:\/\/www.carideal.com\/blog\/wp-content\/uploads\/2012\/05\/futur-bmw-x4.jpg",50,31,false]},"uagb_author_info":{"display_name":"N.S Carideal","author_link":"https:\/\/www.carideal.com\/blog\/author\/admin_carideal\/"},"uagb_comment_info":0,"uagb_excerpt":"Futur BMW X4 pour contrer le Range Rover Evoque Est ce que le futur BMW X4 ressemblera \u00e0 cela\u00a0? (c) Argus BMW veut recommencer le \"coup\" du X6 dans le segment des 4x4 compact avec son X4 sur la base technique du X3. BMW a peur du Range Rover Evoque, et d\u00e9clinera sa silhouette en\u2026","_links":{"self":[{"href":"https:\/\/www.carideal.com\/blog\/wp-json\/wp\/v2\/posts\/513"}],"collection":[{"href":"https:\/\/www.carideal.com\/blog\/wp-json\/wp\/v2\/posts"}],"about":[{"href":"https:\/\/www.carideal.com\/blog\/wp-json\/wp\/v2\/types\/post"}],"author":[{"embeddable":true,"href":"https:\/\/www.carideal.com\/blog\/wp-json\/wp\/v2\/users\/1"}],"replies":[{"embeddable":true,"href":"https:\/\/www.carideal.com\/blog\/wp-json\/wp\/v2\/comments?post=513"}],"version-history":[{"count":0,"href":"https:\/\/www.carideal.com\/blog\/wp-json\/wp\/v2\/posts\/513\/revisions"}],"wp:featuredmedia":[{"embeddable":true,"href":"https:\/\/www.carideal.com\/blog\/wp-json\/wp\/v2\/media\/13844"}],"wp:attachment":[{"href":"https:\/\/www.carideal.com\/blog\/wp-json\/wp\/v2\/media?parent=513"}],"wp:term":[{"taxonomy":"category","embeddable":true,"href":"https:\/\/www.carideal.com\/blog\/wp-json\/wp\/v2\/categories?post=513"},{"taxonomy":"post_tag","embeddable":true,"href":"https:\/\/www.carideal.com\/blog\/wp-json\/wp\/v2\/tags?post=513"}],"curies":[{"name":"wp","href":"https:\/\/api.w.org\/{rel}","templated":true}]}}