{"id":5114,"date":"2013-01-30T23:00:00","date_gmt":"2013-01-30T23:00:00","guid":{"rendered":"http:\/\/www.carideal.com\/blog\/2013\/01\/30\/vehicules-d-occasion\/"},"modified":"2020-02-14T13:34:20","modified_gmt":"2020-02-14T12:34:20","slug":"vehicules-d-occasion","status":"publish","type":"post","link":"https:\/\/www.carideal.com\/blog\/2013\/01\/30\/vehicules-d-occasion\/","title":{"rendered":"ASSAINIR LE MARCH\u00c9 DU V\u00c9HICULE D&rsquo;OCCASION"},"content":{"rendered":"<h2>ASSAINIR LE MARCH\u00c9 DU V\u00c9HICULE D'OCCASION<\/h2>\n<p>Le <a href=\"https:\/\/www.cecra.eu\/\">Cecra<\/a>, l'organisation europ\u00e9enne des concessionnaires, veut mettre un terme au commerce transfrontalier des <strong>V\u00c9HICULES\u00a0D'OCCASIONS<\/strong> au compteur trafiqu\u00e9. C'est l'image de la profession qui est en jeu. Il faut <strong>assainir le march\u00e9 de la voiture d'occasion<\/strong>.<\/p>\n<figure id=\"attachment_14797\" aria-describedby=\"caption-attachment-14797\" style=\"width: 590px\" class=\"wp-caption aligncenter\"><img loading=\"lazy\" decoding=\"async\" class=\"size-full wp-image-14797\" src=\"http:\/\/www.carideal.com\/blog\/wp-content\/uploads\/2013\/01\/assainissement-marche-vehicule-occasion-e1581683108637.jpg\" alt=\"Assainir le march\u00e9 de la voiture d'occasion\" width=\"600\" height=\"342\" \/><figcaption id=\"caption-attachment-14797\" class=\"wp-caption-text\">Assainir le march\u00e9 de la voiture d'occasion<\/figcaption><\/figure>\n<p>Selon une enqu\u00eate publi\u00e9e par la Commission europ\u00e9enne et portant sur 51 march\u00e9s, le secteur du <a href=\"http:\/\/www.carideal.com\/blog\/voitures-occasions\/\"><span style=\"text-decoration: underline;\">v\u00e9hicule d'occasion<\/span><\/a> appara\u00eet comme celui g\u00e9n\u00e9rant les plus bas scores de confiance accord\u00e9e par les consommateurs. C'est \u00e9galement celui o\u00f9 l'on rencontre le plus de probl\u00e8mes. La Commission va donc lancer une \u00e9tude sp\u00e9cifique qui examinera l'environnement r\u00e9glementaire du march\u00e9 du v\u00e9hicule\u00a0d'occasion dans tous les Etats membres, les pratiques des vendeurs de v\u00e9hicule d'occasion, et identifiera les principaux probl\u00e8mes rapport\u00e9s, ainsi que les plaintes des consommateurs.<\/p>\n<p>Le Cecra qui sera l'un des acteurs consult\u00e9s par la Commission, a d\u00e9j\u00e0 rencontr\u00e9 le directeur g\u00e9n\u00e9ral charg\u00e9 de la Sant\u00e9 et des consommateurs afin de discuter de a prochaine collaboration avec les service de la Commission et pour d\u00e9finir les solutions. Selon le Cecra, l'une de celles-ci serait mieux d\u00e9tecter les manipulations de compteurs kilom\u00e9triques. Dans un futur plus lointain, les fichiers pourraient \u00eatre interconnect\u00e9s, ce qui permettra des utilisations.<\/p>\n<p>L'organisation sugg\u00e8re que la Commission s'inspire du syst\u00e8me Car-pass, mis en place en Belgique. Celui-ci contraint de noter syst\u00e9matiquement le kilom\u00e9trage \u00e0 chaque intervention sur un v\u00e9hicule, ces informations \u00e9tant centralis\u00e9es au niveau national. L'id\u00e9e serait de centraliser ce type de donn\u00e9es \u00e0 l'ensemble des pays europ\u00e9ens.<\/p>\n<ul>\n<li><a href=\"http:\/\/www.carideal.com\/blog\/2017\/01\/05\/legislation-auto-2017\/\">Un point sur la l\u00e9gislation automobile en 2017<\/a><\/li>\n<\/ul>\n<h2>Ce que CARIDEAL Proposerait pour le V\u00e9hicule d'occasion<\/h2>\n<p>compteur<\/p>\n<figure id=\"attachment_21915\" aria-describedby=\"caption-attachment-21915\" style=\"width: 490px\" class=\"wp-caption aligncenter\"><img loading=\"lazy\" decoding=\"async\" class=\"size-full wp-image-21915\" src=\"http:\/\/www.carideal.com\/blog\/wp-content\/uploads\/2013\/01\/compteurtrafiqu-1359623856.jpg\" alt=\"Compteur trafiqu\u00e9 : Assainir le march\u00e9 du V\u00e9hicule d'occasion et \u00e9viter entre autre les arnaques aux faux kilom\u00e9trages.\" width=\"500\" height=\"165\" srcset=\"https:\/\/www.carideal.com\/blog\/wp-content\/uploads\/2013\/01\/compteurtrafiqu-1359623856.jpg 500w, https:\/\/www.carideal.com\/blog\/wp-content\/uploads\/2013\/01\/compteurtrafiqu-1359623856-300x100.jpg 300w, https:\/\/www.carideal.com\/blog\/wp-content\/uploads\/2013\/01\/compteurtrafiqu-1359623856-50x17.jpg 50w, https:\/\/www.carideal.com\/blog\/wp-content\/uploads\/2013\/01\/compteurtrafiqu-1359623856-110x36.jpg 110w, https:\/\/www.carideal.com\/blog\/wp-content\/uploads\/2013\/01\/compteurtrafiqu-1359623856-420x139.jpg 420w\" sizes=\"(max-width: 500px) 100vw, 500px\" \/><figcaption id=\"caption-attachment-21915\" class=\"wp-caption-text\">Compteur trafiqu\u00e9 : Assainir le march\u00e9 du V\u00e9hicule d'occasion et \u00e9viter entre autre les arnaques aux faux kilom\u00e9trages.<\/figcaption><\/figure>\n<p>Une autre solution, qui pourrait revenir au m\u00eame serait d'utiliser un <span style=\"text-decoration: underline;\"><a href=\"http:\/\/www.carideal.com\/blog\/2011\/01\/20\/mon-entretien-citroen\/\">carnet d'entretien virtuel<\/a><\/span>, qui enregistre toutes les donn\u00e9es du v\u00e9hicules \u00e0 chaque passage \u00e0 l'atelier, r\u00e9vision kilom\u00e9trage, donn\u00e9e moteur importante etc. Ceci permettrait de tracer les v\u00e9hicules d'occasions sur un fichier central et disponible pour le propri\u00e9taire. Ce carnet pourrait envoyer des alertes au propri\u00e9taire en cas \u00a0de d\u00e9passement de l'intervalle d'entretien de son v\u00e9hicule d'occasion, ce qui serait une excellente id\u00e9e, on se demande m\u00eame pourquoi les constructeurs ne l'on pas d\u00e9j\u00e0 adopt\u00e9 !<\/p>\n<p>Ce carnet virtuel d'entretien, permettrait si il \u00e9tait adopt\u00e9, de <a href=\"http:\/\/www.carideal.com\/blog\/2015\/11\/06\/bien-acheter-sa-voiture-doccasion-avec-un-expert\/\">bien acheter son v\u00e9hicule d'occasion<\/a>. Bien entendu, pour se pr\u00e9munire contre les al\u00e9as de la m\u00e9canique, et rouler sereinement il vaut mieux souscrire une <a href=\"http:\/\/www.carideal.com\/content\/7-extension-garantie\">e<span style=\"text-decoration: underline;\">xtension de garantie<\/span><\/a>.<\/p>\n","protected":false},"excerpt":{"rendered":"<p>ASSAINIR LE MARCH\u00c9 DU V\u00c9HICULE D&rsquo;OCCASION Le Cecra, l&rsquo;organisation europ\u00e9enne des concessionnaires, veut mettre un terme au commerce transfrontalier des V\u00c9HICULES\u00a0D&rsquo;OCCASIONS au compteur trafiqu\u00e9. C&rsquo;est l&rsquo;image de la profession qui est en jeu. Il faut assainir le march\u00e9 de la voiture d&rsquo;occasion. Selon une enqu\u00eate publi\u00e9e par la Commission europ\u00e9enne et portant sur 51 march\u00e9s, &#8230; <a title=\"ASSAINIR LE MARCH\u00c9 DU V\u00c9HICULE D&rsquo;OCCASION\" class=\"read-more\" href=\"https:\/\/www.carideal.com\/blog\/2013\/01\/30\/vehicules-d-occasion\/\" aria-label=\"En savoir plus sur ASSAINIR LE MARCH\u00c9 DU V\u00c9HICULE D&rsquo;OCCASION\">Lire plus<\/a><\/p>\n","protected":false},"author":3,"featured_media":14797,"comment_status":"open","ping_status":"open","sticky":false,"template":"","format":"standard","meta":{"_uag_custom_page_level_css":"","_themeisle_gutenberg_block_has_review":false,"footnotes":""},"categories":[21,9,6025,5962,10],"tags":[],"class_list":["post-5114","post","type-post","status-publish","format-standard","has-post-thumbnail","hentry","category-actualites-auto","category-divers","category-occasion-type-de-vehicule-type-de-vehicule","category-legislation","category-marche-automobile-voiture-neuve-occasion-4x4-suv"],"wppr_data":{"cwp_meta_box_check":"No"},"yoast_head":"<!-- This site is optimized with the Yoast SEO plugin v24.8.1 - https:\/\/yoast.com\/wordpress\/plugins\/seo\/ -->\n<title>ASSAINIR LE MARCH\u00c9 DU V\u00c9HICULE D&#039;OCCASION - Blog auto Carid\u00e9al<\/title>\n<meta name=\"description\" content=\"Selon une enqu\u00eate publi\u00e9e par la Commission europ\u00e9enne, le march\u00e9 du v\u00e9hicule d&#039;occasion est celui g\u00e9n\u00e9rant les plus bas scores de confiance il faut l&#039;assainir\" \/>\n<meta name=\"robots\" content=\"index, follow, max-snippet:-1, max-image-preview:large, max-video-preview:-1\" \/>\n<link rel=\"canonical\" href=\"https:\/\/www.carideal.com\/blog\/2013\/01\/30\/vehicules-d-occasion\/\" \/>\n<meta property=\"og:locale\" content=\"fr_FR\" \/>\n<meta property=\"og:type\" content=\"article\" \/>\n<meta property=\"og:title\" content=\"ASSAINIR LE MARCH\u00c9 DU V\u00c9HICULE D&#039;OCCASION - Blog auto Carid\u00e9al\" \/>\n<meta property=\"og:description\" content=\"Selon une enqu\u00eate publi\u00e9e par la Commission europ\u00e9enne, le march\u00e9 du v\u00e9hicule d&#039;occasion est celui g\u00e9n\u00e9rant les plus bas scores de confiance il faut l&#039;assainir\" \/>\n<meta property=\"og:url\" content=\"https:\/\/www.carideal.com\/blog\/2013\/01\/30\/vehicules-d-occasion\/\" \/>\n<meta property=\"og:site_name\" content=\"Blog auto Carid\u00e9al\" \/>\n<meta property=\"article:publisher\" content=\"https:\/\/www.facebook.com\/Carideal.mandataire.automobile\" \/>\n<meta property=\"article:author\" content=\"https:\/\/www.facebook.com\/nicolas.schiavon.39\" \/>\n<meta property=\"article:published_time\" content=\"2013-01-30T23:00:00+00:00\" \/>\n<meta property=\"article:modified_time\" content=\"2020-02-14T12:34:20+00:00\" \/>\n<meta property=\"og:image\" content=\"https:\/\/www.carideal.com\/blog\/wp-content\/uploads\/2013\/01\/assainissement-marche-vehicule-occasion-e1581683108637.jpg\" \/>\n\t<meta property=\"og:image:width\" content=\"600\" \/>\n\t<meta property=\"og:image:height\" content=\"342\" \/>\n\t<meta property=\"og:image:type\" content=\"image\/jpeg\" \/>\n<meta name=\"author\" content=\"Nicolas SCHIAVON\" \/>\n<meta name=\"twitter:card\" content=\"summary_large_image\" \/>\n<meta name=\"twitter:creator\" content=\"@caridealauto\" \/>\n<meta name=\"twitter:site\" content=\"@caridealauto\" \/>\n<meta name=\"twitter:label1\" content=\"\u00c9crit par\" \/>\n\t<meta name=\"twitter:data1\" content=\"Nicolas SCHIAVON\" \/>\n\t<meta name=\"twitter:label2\" content=\"Dur\u00e9e de lecture estim\u00e9e\" \/>\n\t<meta name=\"twitter:data2\" content=\"2 minutes\" \/>\n<script type=\"application\/ld+json\" class=\"yoast-schema-graph\">{\"@context\":\"https:\/\/schema.org\",\"@graph\":[{\"@type\":\"Article\",\"@id\":\"https:\/\/www.carideal.com\/blog\/2013\/01\/30\/vehicules-d-occasion\/#article\",\"isPartOf\":{\"@id\":\"https:\/\/www.carideal.com\/blog\/2013\/01\/30\/vehicules-d-occasion\/\"},\"author\":{\"name\":\"Nicolas SCHIAVON\",\"@id\":\"https:\/\/www.carideal.com\/blog\/#\/schema\/person\/cd95dc7919660de90d31b366f85be1ec\"},\"headline\":\"ASSAINIR LE MARCH\u00c9 DU V\u00c9HICULE D&rsquo;OCCASION\",\"datePublished\":\"2013-01-30T23:00:00+00:00\",\"dateModified\":\"2020-02-14T12:34:20+00:00\",\"mainEntityOfPage\":{\"@id\":\"https:\/\/www.carideal.com\/blog\/2013\/01\/30\/vehicules-d-occasion\/\"},\"wordCount\":480,\"commentCount\":0,\"publisher\":{\"@id\":\"https:\/\/www.carideal.com\/blog\/#organization\"},\"image\":{\"@id\":\"https:\/\/www.carideal.com\/blog\/2013\/01\/30\/vehicules-d-occasion\/#primaryimage\"},\"thumbnailUrl\":\"https:\/\/www.carideal.com\/blog\/wp-content\/uploads\/2013\/01\/assainissement-marche-vehicule-occasion-e1581683108637.jpg\",\"articleSection\":[\"Actualit\u00e9 automobile\",\"Divers\",\"Essai Voiture Occasion\",\"L\u00e9gislation Automobile\",\"March\u00e9 automobile\"],\"inLanguage\":\"fr-FR\",\"potentialAction\":[{\"@type\":\"CommentAction\",\"name\":\"Comment\",\"target\":[\"https:\/\/www.carideal.com\/blog\/2013\/01\/30\/vehicules-d-occasion\/#respond\"]}]},{\"@type\":\"WebPage\",\"@id\":\"https:\/\/www.carideal.com\/blog\/2013\/01\/30\/vehicules-d-occasion\/\",\"url\":\"https:\/\/www.carideal.com\/blog\/2013\/01\/30\/vehicules-d-occasion\/\",\"name\":\"ASSAINIR LE MARCH\u00c9 DU V\u00c9HICULE D'OCCASION - Blog auto Carid\u00e9al\",\"isPartOf\":{\"@id\":\"https:\/\/www.carideal.com\/blog\/#website\"},\"primaryImageOfPage\":{\"@id\":\"https:\/\/www.carideal.com\/blog\/2013\/01\/30\/vehicules-d-occasion\/#primaryimage\"},\"image\":{\"@id\":\"https:\/\/www.carideal.com\/blog\/2013\/01\/30\/vehicules-d-occasion\/#primaryimage\"},\"thumbnailUrl\":\"https:\/\/www.carideal.com\/blog\/wp-content\/uploads\/2013\/01\/assainissement-marche-vehicule-occasion-e1581683108637.jpg\",\"datePublished\":\"2013-01-30T23:00:00+00:00\",\"dateModified\":\"2020-02-14T12:34:20+00:00\",\"description\":\"Selon une enqu\u00eate publi\u00e9e par la Commission europ\u00e9enne, le march\u00e9 du v\u00e9hicule d'occasion est celui g\u00e9n\u00e9rant les plus bas scores de confiance il faut l'assainir\",\"breadcrumb\":{\"@id\":\"https:\/\/www.carideal.com\/blog\/2013\/01\/30\/vehicules-d-occasion\/#breadcrumb\"},\"inLanguage\":\"fr-FR\",\"potentialAction\":[{\"@type\":\"ReadAction\",\"target\":[\"https:\/\/www.carideal.com\/blog\/2013\/01\/30\/vehicules-d-occasion\/\"]}]},{\"@type\":\"ImageObject\",\"inLanguage\":\"fr-FR\",\"@id\":\"https:\/\/www.carideal.com\/blog\/2013\/01\/30\/vehicules-d-occasion\/#primaryimage\",\"url\":\"https:\/\/www.carideal.com\/blog\/wp-content\/uploads\/2013\/01\/assainissement-marche-vehicule-occasion-e1581683108637.jpg\",\"contentUrl\":\"https:\/\/www.carideal.com\/blog\/wp-content\/uploads\/2013\/01\/assainissement-marche-vehicule-occasion-e1581683108637.jpg\",\"width\":600,\"height\":342,\"caption\":\"Assainir le march\u00e9 de la voiture d'occasion\"},{\"@type\":\"BreadcrumbList\",\"@id\":\"https:\/\/www.carideal.com\/blog\/2013\/01\/30\/vehicules-d-occasion\/#breadcrumb\",\"itemListElement\":[{\"@type\":\"ListItem\",\"position\":1,\"name\":\"Blog Carid\u00e9al\",\"item\":\"https:\/\/www.carideal.com\/blog\/\"},{\"@type\":\"ListItem\",\"position\":2,\"name\":\"March\u00e9 automobile\",\"item\":\"https:\/\/www.carideal.com\/blog\/marche-automobile-voiture-neuve-occasion-4x4-suv\/\"},{\"@type\":\"ListItem\",\"position\":3,\"name\":\"ASSAINIR LE MARCH\u00c9 DU V\u00c9HICULE D&rsquo;OCCASION\"}]},{\"@type\":\"WebSite\",\"@id\":\"https:\/\/www.carideal.com\/blog\/#website\",\"url\":\"https:\/\/www.carideal.com\/blog\/\",\"name\":\"Blog auto Carid\u00e9al\",\"description\":\"Actualit\u00e9 auto par des passionn\u00e9s\",\"publisher\":{\"@id\":\"https:\/\/www.carideal.com\/blog\/#organization\"},\"potentialAction\":[{\"@type\":\"SearchAction\",\"target\":{\"@type\":\"EntryPoint\",\"urlTemplate\":\"https:\/\/www.carideal.com\/blog\/?s={search_term_string}\"},\"query-input\":{\"@type\":\"PropertyValueSpecification\",\"valueRequired\":true,\"valueName\":\"search_term_string\"}}],\"inLanguage\":\"fr-FR\"},{\"@type\":\"Organization\",\"@id\":\"https:\/\/www.carideal.com\/blog\/#organization\",\"name\":\"Carideal\",\"url\":\"https:\/\/www.carideal.com\/blog\/\",\"logo\":{\"@type\":\"ImageObject\",\"inLanguage\":\"fr-FR\",\"@id\":\"https:\/\/www.carideal.com\/blog\/#\/schema\/logo\/image\/\",\"url\":\"http:\/\/www.carideal.com\/blog\/wp-content\/uploads\/2016\/03\/logo-carideal-mandataire-automobile.png\",\"contentUrl\":\"http:\/\/www.carideal.com\/blog\/wp-content\/uploads\/2016\/03\/logo-carideal-mandataire-automobile.png\",\"width\":300,\"height\":300,\"caption\":\"Carideal\"},\"image\":{\"@id\":\"https:\/\/www.carideal.com\/blog\/#\/schema\/logo\/image\/\"},\"sameAs\":[\"https:\/\/www.facebook.com\/Carideal.mandataire.automobile\",\"https:\/\/x.com\/caridealauto\",\"https:\/\/www.instagram.com\/carideal1\/\",\"https:\/\/www.linkedin.com\/company\/carideal.com\",\"https:\/\/fr.pinterest.com\/schiavonsas\/\",\"https:\/\/www.youtube.com\/user\/caridealsas\"]},{\"@type\":\"Person\",\"@id\":\"https:\/\/www.carideal.com\/blog\/#\/schema\/person\/cd95dc7919660de90d31b366f85be1ec\",\"name\":\"Nicolas SCHIAVON\",\"image\":{\"@type\":\"ImageObject\",\"inLanguage\":\"fr-FR\",\"@id\":\"https:\/\/www.carideal.com\/blog\/#\/schema\/person\/image\/\",\"url\":\"https:\/\/secure.gravatar.com\/avatar\/c17e55009e671d92cc7f5dc837dc418a?s=96&r=g\",\"contentUrl\":\"https:\/\/secure.gravatar.com\/avatar\/c17e55009e671d92cc7f5dc837dc418a?s=96&r=g\",\"caption\":\"Nicolas SCHIAVON\"},\"description\":\"Nicolas Schiavon est tomb\u00e9 tout petit dans la marmite automobile. Ayant eu un garage de marque automobile, mandataire automobile de la premi\u00e8re heure d\u00e8s 1999. Nicolas a cr\u00e9\u00e9 ces premiers sites de vente de voiture et blog automobile d\u00e8s 1994. Carideal est n\u00e9 le 15 d\u00e9cembre 2000 de la volont\u00e9 de vendre des voitures d'occasions en ligne puis des voitures neuves. Il a pu essayer beaucoup de voitures tr\u00e8s diff\u00e9rentes et ayant eu personnellement quelques belles autos, Subaru Impreza, Mitsubishi Lancer Evo 7, Porsche 911, Ferrari Testarrossa, Audi RS3, RS4 et j'en passe...\",\"sameAs\":[\"http:\/\/www.carideal.com\",\"https:\/\/www.facebook.com\/nicolas.schiavon.39\",\"https:\/\/www.instagram.com\/carideal1\/\",\"https:\/\/www.linkedin.com\/in\/nschiavon\/\",\"https:\/\/x.com\/caridealauto\",\"https:\/\/www.youtube.com\/user\/caridealsas\/\"],\"url\":\"https:\/\/www.carideal.com\/blog\/author\/nschiavon\/\"}]}<\/script>\n<!-- \/ Yoast SEO plugin. -->","yoast_head_json":{"title":"ASSAINIR LE MARCH\u00c9 DU V\u00c9HICULE D'OCCASION - Blog auto Carid\u00e9al","description":"Selon une enqu\u00eate publi\u00e9e par la Commission europ\u00e9enne, le march\u00e9 du v\u00e9hicule d'occasion est celui g\u00e9n\u00e9rant les plus bas scores de confiance il faut l'assainir","robots":{"index":"index","follow":"follow","max-snippet":"max-snippet:-1","max-image-preview":"max-image-preview:large","max-video-preview":"max-video-preview:-1"},"canonical":"https:\/\/www.carideal.com\/blog\/2013\/01\/30\/vehicules-d-occasion\/","og_locale":"fr_FR","og_type":"article","og_title":"ASSAINIR LE MARCH\u00c9 DU V\u00c9HICULE D'OCCASION - Blog auto Carid\u00e9al","og_description":"Selon une enqu\u00eate publi\u00e9e par la Commission europ\u00e9enne, le march\u00e9 du v\u00e9hicule d'occasion est celui g\u00e9n\u00e9rant les plus bas scores de confiance il faut l'assainir","og_url":"https:\/\/www.carideal.com\/blog\/2013\/01\/30\/vehicules-d-occasion\/","og_site_name":"Blog auto Carid\u00e9al","article_publisher":"https:\/\/www.facebook.com\/Carideal.mandataire.automobile","article_author":"https:\/\/www.facebook.com\/nicolas.schiavon.39","article_published_time":"2013-01-30T23:00:00+00:00","article_modified_time":"2020-02-14T12:34:20+00:00","og_image":[{"width":600,"height":342,"url":"https:\/\/www.carideal.com\/blog\/wp-content\/uploads\/2013\/01\/assainissement-marche-vehicule-occasion-e1581683108637.jpg","type":"image\/jpeg"}],"author":"Nicolas SCHIAVON","twitter_card":"summary_large_image","twitter_creator":"@caridealauto","twitter_site":"@caridealauto","twitter_misc":{"\u00c9crit par":"Nicolas SCHIAVON","Dur\u00e9e de lecture estim\u00e9e":"2 minutes"},"schema":{"@context":"https:\/\/schema.org","@graph":[{"@type":"Article","@id":"https:\/\/www.carideal.com\/blog\/2013\/01\/30\/vehicules-d-occasion\/#article","isPartOf":{"@id":"https:\/\/www.carideal.com\/blog\/2013\/01\/30\/vehicules-d-occasion\/"},"author":{"name":"Nicolas SCHIAVON","@id":"https:\/\/www.carideal.com\/blog\/#\/schema\/person\/cd95dc7919660de90d31b366f85be1ec"},"headline":"ASSAINIR LE MARCH\u00c9 DU V\u00c9HICULE D&rsquo;OCCASION","datePublished":"2013-01-30T23:00:00+00:00","dateModified":"2020-02-14T12:34:20+00:00","mainEntityOfPage":{"@id":"https:\/\/www.carideal.com\/blog\/2013\/01\/30\/vehicules-d-occasion\/"},"wordCount":480,"commentCount":0,"publisher":{"@id":"https:\/\/www.carideal.com\/blog\/#organization"},"image":{"@id":"https:\/\/www.carideal.com\/blog\/2013\/01\/30\/vehicules-d-occasion\/#primaryimage"},"thumbnailUrl":"https:\/\/www.carideal.com\/blog\/wp-content\/uploads\/2013\/01\/assainissement-marche-vehicule-occasion-e1581683108637.jpg","articleSection":["Actualit\u00e9 automobile","Divers","Essai Voiture Occasion","L\u00e9gislation Automobile","March\u00e9 automobile"],"inLanguage":"fr-FR","potentialAction":[{"@type":"CommentAction","name":"Comment","target":["https:\/\/www.carideal.com\/blog\/2013\/01\/30\/vehicules-d-occasion\/#respond"]}]},{"@type":"WebPage","@id":"https:\/\/www.carideal.com\/blog\/2013\/01\/30\/vehicules-d-occasion\/","url":"https:\/\/www.carideal.com\/blog\/2013\/01\/30\/vehicules-d-occasion\/","name":"ASSAINIR LE MARCH\u00c9 DU V\u00c9HICULE D'OCCASION - Blog auto Carid\u00e9al","isPartOf":{"@id":"https:\/\/www.carideal.com\/blog\/#website"},"primaryImageOfPage":{"@id":"https:\/\/www.carideal.com\/blog\/2013\/01\/30\/vehicules-d-occasion\/#primaryimage"},"image":{"@id":"https:\/\/www.carideal.com\/blog\/2013\/01\/30\/vehicules-d-occasion\/#primaryimage"},"thumbnailUrl":"https:\/\/www.carideal.com\/blog\/wp-content\/uploads\/2013\/01\/assainissement-marche-vehicule-occasion-e1581683108637.jpg","datePublished":"2013-01-30T23:00:00+00:00","dateModified":"2020-02-14T12:34:20+00:00","description":"Selon une enqu\u00eate publi\u00e9e par la Commission europ\u00e9enne, le march\u00e9 du v\u00e9hicule d'occasion est celui g\u00e9n\u00e9rant les plus bas scores de confiance il faut l'assainir","breadcrumb":{"@id":"https:\/\/www.carideal.com\/blog\/2013\/01\/30\/vehicules-d-occasion\/#breadcrumb"},"inLanguage":"fr-FR","potentialAction":[{"@type":"ReadAction","target":["https:\/\/www.carideal.com\/blog\/2013\/01\/30\/vehicules-d-occasion\/"]}]},{"@type":"ImageObject","inLanguage":"fr-FR","@id":"https:\/\/www.carideal.com\/blog\/2013\/01\/30\/vehicules-d-occasion\/#primaryimage","url":"https:\/\/www.carideal.com\/blog\/wp-content\/uploads\/2013\/01\/assainissement-marche-vehicule-occasion-e1581683108637.jpg","contentUrl":"https:\/\/www.carideal.com\/blog\/wp-content\/uploads\/2013\/01\/assainissement-marche-vehicule-occasion-e1581683108637.jpg","width":600,"height":342,"caption":"Assainir le march\u00e9 de la voiture d'occasion"},{"@type":"BreadcrumbList","@id":"https:\/\/www.carideal.com\/blog\/2013\/01\/30\/vehicules-d-occasion\/#breadcrumb","itemListElement":[{"@type":"ListItem","position":1,"name":"Blog Carid\u00e9al","item":"https:\/\/www.carideal.com\/blog\/"},{"@type":"ListItem","position":2,"name":"March\u00e9 automobile","item":"https:\/\/www.carideal.com\/blog\/marche-automobile-voiture-neuve-occasion-4x4-suv\/"},{"@type":"ListItem","position":3,"name":"ASSAINIR LE MARCH\u00c9 DU V\u00c9HICULE D&rsquo;OCCASION"}]},{"@type":"WebSite","@id":"https:\/\/www.carideal.com\/blog\/#website","url":"https:\/\/www.carideal.com\/blog\/","name":"Blog auto Carid\u00e9al","description":"Actualit\u00e9 auto par des passionn\u00e9s","publisher":{"@id":"https:\/\/www.carideal.com\/blog\/#organization"},"potentialAction":[{"@type":"SearchAction","target":{"@type":"EntryPoint","urlTemplate":"https:\/\/www.carideal.com\/blog\/?s={search_term_string}"},"query-input":{"@type":"PropertyValueSpecification","valueRequired":true,"valueName":"search_term_string"}}],"inLanguage":"fr-FR"},{"@type":"Organization","@id":"https:\/\/www.carideal.com\/blog\/#organization","name":"Carideal","url":"https:\/\/www.carideal.com\/blog\/","logo":{"@type":"ImageObject","inLanguage":"fr-FR","@id":"https:\/\/www.carideal.com\/blog\/#\/schema\/logo\/image\/","url":"http:\/\/www.carideal.com\/blog\/wp-content\/uploads\/2016\/03\/logo-carideal-mandataire-automobile.png","contentUrl":"http:\/\/www.carideal.com\/blog\/wp-content\/uploads\/2016\/03\/logo-carideal-mandataire-automobile.png","width":300,"height":300,"caption":"Carideal"},"image":{"@id":"https:\/\/www.carideal.com\/blog\/#\/schema\/logo\/image\/"},"sameAs":["https:\/\/www.facebook.com\/Carideal.mandataire.automobile","https:\/\/x.com\/caridealauto","https:\/\/www.instagram.com\/carideal1\/","https:\/\/www.linkedin.com\/company\/carideal.com","https:\/\/fr.pinterest.com\/schiavonsas\/","https:\/\/www.youtube.com\/user\/caridealsas"]},{"@type":"Person","@id":"https:\/\/www.carideal.com\/blog\/#\/schema\/person\/cd95dc7919660de90d31b366f85be1ec","name":"Nicolas SCHIAVON","image":{"@type":"ImageObject","inLanguage":"fr-FR","@id":"https:\/\/www.carideal.com\/blog\/#\/schema\/person\/image\/","url":"https:\/\/secure.gravatar.com\/avatar\/c17e55009e671d92cc7f5dc837dc418a?s=96&r=g","contentUrl":"https:\/\/secure.gravatar.com\/avatar\/c17e55009e671d92cc7f5dc837dc418a?s=96&r=g","caption":"Nicolas SCHIAVON"},"description":"Nicolas Schiavon est tomb\u00e9 tout petit dans la marmite automobile. Ayant eu un garage de marque automobile, mandataire automobile de la premi\u00e8re heure d\u00e8s 1999. Nicolas a cr\u00e9\u00e9 ces premiers sites de vente de voiture et blog automobile d\u00e8s 1994. Carideal est n\u00e9 le 15 d\u00e9cembre 2000 de la volont\u00e9 de vendre des voitures d'occasions en ligne puis des voitures neuves. Il a pu essayer beaucoup de voitures tr\u00e8s diff\u00e9rentes et ayant eu personnellement quelques belles autos, Subaru Impreza, Mitsubishi Lancer Evo 7, Porsche 911, Ferrari Testarrossa, Audi RS3, RS4 et j'en passe...","sameAs":["http:\/\/www.carideal.com","https:\/\/www.facebook.com\/nicolas.schiavon.39","https:\/\/www.instagram.com\/carideal1\/","https:\/\/www.linkedin.com\/in\/nschiavon\/","https:\/\/x.com\/caridealauto","https:\/\/www.youtube.com\/user\/caridealsas\/"],"url":"https:\/\/www.carideal.com\/blog\/author\/nschiavon\/"}]}},"uagb_featured_image_src":{"full":["https:\/\/www.carideal.com\/blog\/wp-content\/uploads\/2013\/01\/assainissement-marche-vehicule-occasion-e1581683108637.jpg",600,342,false],"thumbnail":["https:\/\/www.carideal.com\/blog\/wp-content\/uploads\/2013\/01\/assainissement-marche-vehicule-occasion-150x150.jpg",150,150,true],"medium":["https:\/\/www.carideal.com\/blog\/wp-content\/uploads\/2013\/01\/assainissement-marche-vehicule-occasion-300x171.jpg",300,171,true],"medium_large":["https:\/\/www.carideal.com\/blog\/wp-content\/uploads\/2013\/01\/assainissement-marche-vehicule-occasion-768x438.jpg",768,438,true],"large":["https:\/\/www.carideal.com\/blog\/wp-content\/uploads\/2013\/01\/assainissement-marche-vehicule-occasion-e1581683108637.jpg",600,342,false],"1536x1536":["https:\/\/www.carideal.com\/blog\/wp-content\/uploads\/2013\/01\/assainissement-marche-vehicule-occasion-e1581683108637.jpg",600,342,false],"2048x2048":["https:\/\/www.carideal.com\/blog\/wp-content\/uploads\/2013\/01\/assainissement-marche-vehicule-occasion-e1581683108637.jpg",600,342,false],"wppr-widget":["https:\/\/www.carideal.com\/blog\/wp-content\/uploads\/2013\/01\/assainissement-marche-vehicule-occasion-e1581683108637.jpg",50,29,false]},"uagb_author_info":{"display_name":"Nicolas SCHIAVON","author_link":"https:\/\/www.carideal.com\/blog\/author\/nschiavon\/"},"uagb_comment_info":0,"uagb_excerpt":"ASSAINIR LE MARCH\u00c9 DU V\u00c9HICULE D'OCCASION Le Cecra, l'organisation europ\u00e9enne des concessionnaires, veut mettre un terme au commerce transfrontalier des V\u00c9HICULES\u00a0D'OCCASIONS au compteur trafiqu\u00e9. C'est l'image de la profession qui est en jeu. Il faut assainir le march\u00e9 de la voiture d'occasion. Selon une enqu\u00eate publi\u00e9e par la Commission europ\u00e9enne et portant sur 51 march\u00e9s,\u2026","_links":{"self":[{"href":"https:\/\/www.carideal.com\/blog\/wp-json\/wp\/v2\/posts\/5114"}],"collection":[{"href":"https:\/\/www.carideal.com\/blog\/wp-json\/wp\/v2\/posts"}],"about":[{"href":"https:\/\/www.carideal.com\/blog\/wp-json\/wp\/v2\/types\/post"}],"author":[{"embeddable":true,"href":"https:\/\/www.carideal.com\/blog\/wp-json\/wp\/v2\/users\/3"}],"replies":[{"embeddable":true,"href":"https:\/\/www.carideal.com\/blog\/wp-json\/wp\/v2\/comments?post=5114"}],"version-history":[{"count":0,"href":"https:\/\/www.carideal.com\/blog\/wp-json\/wp\/v2\/posts\/5114\/revisions"}],"wp:featuredmedia":[{"embeddable":true,"href":"https:\/\/www.carideal.com\/blog\/wp-json\/wp\/v2\/media\/14797"}],"wp:attachment":[{"href":"https:\/\/www.carideal.com\/blog\/wp-json\/wp\/v2\/media?parent=5114"}],"wp:term":[{"taxonomy":"category","embeddable":true,"href":"https:\/\/www.carideal.com\/blog\/wp-json\/wp\/v2\/categories?post=5114"},{"taxonomy":"post_tag","embeddable":true,"href":"https:\/\/www.carideal.com\/blog\/wp-json\/wp\/v2\/tags?post=5114"}],"curies":[{"name":"wp","href":"https:\/\/api.w.org\/{rel}","templated":true}]}}