{"id":5113,"date":"2013-01-30T23:00:00","date_gmt":"2013-01-30T23:00:00","guid":{"rendered":"http:\/\/www.carideal.com\/blog\/2013\/01\/30\/budget-l-etat-veut-remplir-ses-caisses-grace-a-l-automobile\/"},"modified":"2019-12-04T08:49:26","modified_gmt":"2019-12-04T07:49:26","slug":"budget-l-etat-veut-remplir-ses-caisses-grace-a-l-automobile","status":"publish","type":"post","link":"https:\/\/www.carideal.com\/blog\/2013\/01\/30\/budget-l-etat-veut-remplir-ses-caisses-grace-a-l-automobile\/","title":{"rendered":"Loi de finances 2013 : l&rsquo;\u00e9tat veut remplir ses caisses gr\u00e2ce \u00e0 l&rsquo;automobile"},"content":{"rendered":"<div><\/div>\n<h2>Loi de finances 2013 &amp; budget : l'\u00e9tat veut remplir ses caisses gr\u00e2ce \u00e0 l'automobile<\/h2>\n<p>La <strong>loi de finances 2013<\/strong> vient d'\u00eatre transmise au S\u00e9nat, dans une version qui se rel\u00e8ve sans doute proche de ce qu'elle sera d\u00e9finitivement.<\/p>\n<p>Premier enseignement, le gouvernement, malgr\u00e9 la fronde des s\u00e9nateurs en premi\u00e8re lecture, est parvenu \u00e0 imposer sa vision du <strong>malus<\/strong> \u00e0 l'achat des v\u00e9hicules neufs.<\/p>\n<figure id=\"attachment_20340\" aria-describedby=\"caption-attachment-20340\" style=\"width: 420px\" class=\"wp-caption alignnone\"><img loading=\"lazy\" decoding=\"async\" class=\"wp-image-20340 size-full\" title=\"Loi de finances 2013 : l'\u00e9tat veut remplir ses caisses gr\u00e2ce \u00e0 l'automobile\" src=\"http:\/\/www.carideal.com\/blog\/wp-content\/uploads\/2013\/01\/radarautoroute-1359622795.jpg\" alt=\"Loi de finances 2013 : l'\u00e9tat veut remplir ses caisses gr\u00e2ce \u00e0 l'automobile\" width=\"430\" height=\"330\" srcset=\"https:\/\/www.carideal.com\/blog\/wp-content\/uploads\/2013\/01\/radarautoroute-1359622795.jpg 430w, https:\/\/www.carideal.com\/blog\/wp-content\/uploads\/2013\/01\/radarautoroute-1359622795-300x230.jpg 300w, https:\/\/www.carideal.com\/blog\/wp-content\/uploads\/2013\/01\/radarautoroute-1359622795-50x38.jpg 50w, https:\/\/www.carideal.com\/blog\/wp-content\/uploads\/2013\/01\/radarautoroute-1359622795-110x84.jpg 110w, https:\/\/www.carideal.com\/blog\/wp-content\/uploads\/2013\/01\/radarautoroute-1359622795-420x322.jpg 420w\" sizes=\"(max-width: 430px) 100vw, 430px\" \/><figcaption id=\"caption-attachment-20340\" class=\"wp-caption-text\">Loi de finances 2013 : l'\u00e9tat veut remplir ses caisses gr\u00e2ce \u00e0 l'automobile<\/figcaption><\/figure>\n<p>Tout ce qui \u00e9mettra <strong>plus de 135 g de CO2\/km en 2013 devrait \u00eatre tax\u00e9<\/strong>, sachant qu'\u00e0 partir de 200 g, le malus maximal de 6000 \u20ac s'appliquera. Un sacr\u00e9 tour de vis, qui devrait rapporter \u00e0 l'Etat 403,6 millions d'euros l'an prochain. Soit 42 % de plus que ce qui avait \u00e9t\u00e9 pr\u00e9vu que 18,1 % d'entre eux seront soumis au malus et 34,8 % seront b\u00e9n\u00e9ficiaires d'un bonus\" pr\u00e9cise le rapporteur du projet de loi de finances <a href=\"http:\/\/www.assemblee-nationale.fr\/14\/rapports\/r0079.asp\">Christian Eckert<\/a>.<\/p>\n<ul>\n<li><a href=\"http:\/\/www.carideal.com\/blog\/2013\/01\/24\/le-bonus-malus-2013-va-augmenter-la-polution\/\">Le malus 2013 va augmenter la pollution<\/a><\/li>\n<\/ul>\n<p>Deuxi\u00e8me budget \u00e0 conna\u00eetre l'an prochain une croissance \u00e0 deux chiffres, celui du \"fichier national du permis de conduire\" : hausse de 42,1 % par rapport \u00e0 2012, avec plus de 27 millions d'euros. L'Etat doit en effet r\u00e9former cet examen, ce qui passera entre autres par une mise \u00e0 jour du support physique du permis.<\/p>\n<p>Adieu carton rose, bonjour le format type carte de cr\u00e9dit, dot\u00e9 d'une puce et d'une piste magn\u00e9tique. Ces <a href=\"http:\/\/www.carideal.com\/blog\/2013\/09\/13\/nouveau-permis-de-conduire\/\">permis de conduire<\/a> auraient d\u00fb commencer \u00e0 devenir la norme le mois prochain, mais la mesure a \u00e9t\u00e9 repouss\u00e9e \u00e0 septembre.<\/p>\n<ul>\n<li><a href=\"http:\/\/www.carideal.com\/blog\/2013\/06\/16\/6-mois-pour-passer-son-permis-de-conduire\/\">6 mois pour passer son permis de conduire<\/a><\/li>\n<\/ul>\n<p>Enfin, la s\u00e9curit\u00e9 routi\u00e8re. Le budget consacr\u00e9 aux radars va cro\u00eetre de 16,5 % pour atteindre 211 millions d'euros. Les amendes per\u00e7ues gr\u00e2ce aux radars automatiques devraient suivre la m\u00eame tendance, avec une hausse de 19,6 %, \u00e0 239 millions d'euros : \"La fraction du produit des amendes radars affect\u00e9e aux collectivit\u00e9s territoriales a \u00e9t\u00e9 major\u00e9e de 20 millions d'euros, \u00e0 l'initiative du rapporteur g\u00e9n\u00e9ral, afin de les faire b\u00e9n\u00e9ficier du dynamisme de cette recette\" pr\u00e9cise encore le chef d'orchestre de la loi de finances.<\/p>\n<p>Le gouvernement en place depuis mai 2012 s'est toutefois d\u00e9marqu\u00e9 de ses pr\u00e9d\u00e9cesseurs. Alors que ces derniers juraient la main sur le coeur que l'argent des radars ne servait pas \u00e0 autre chose qu'\u00e0 la s\u00e9curit\u00e9 routi\u00e8re, le budget 2013 pr\u00e9voit que plus de 458 millions d'euros d'amendes per\u00e7ues serviront \u00e0 financer le d\u00e9sendettement de l'Etat. Soit 10,5 % de baisse par rapport \u00e0 2012 !<\/p>\n","protected":false},"excerpt":{"rendered":"<p>Loi de finances 2013 &amp; budget : l&rsquo;\u00e9tat veut remplir ses caisses gr\u00e2ce \u00e0 l&rsquo;automobile La loi de finances 2013 vient d&rsquo;\u00eatre transmise au S\u00e9nat, dans une version qui se rel\u00e8ve sans doute proche de ce qu&rsquo;elle sera d\u00e9finitivement. Premier enseignement, le gouvernement, malgr\u00e9 la fronde des s\u00e9nateurs en premi\u00e8re lecture, est parvenu \u00e0 imposer &#8230; <a title=\"Loi de finances 2013 : l&rsquo;\u00e9tat veut remplir ses caisses gr\u00e2ce \u00e0 l&rsquo;automobile\" class=\"read-more\" href=\"https:\/\/www.carideal.com\/blog\/2013\/01\/30\/budget-l-etat-veut-remplir-ses-caisses-grace-a-l-automobile\/\" aria-label=\"En savoir plus sur Loi de finances 2013 : l&rsquo;\u00e9tat veut remplir ses caisses gr\u00e2ce \u00e0 l&rsquo;automobile\">Lire plus<\/a><\/p>\n","protected":false},"author":3,"featured_media":20340,"comment_status":"open","ping_status":"open","sticky":false,"template":"","format":"standard","meta":{"_uag_custom_page_level_css":"","_themeisle_gutenberg_block_has_review":false,"footnotes":""},"categories":[21,3],"tags":[],"class_list":["post-5113","post","type-post","status-publish","format-standard","has-post-thumbnail","hentry","category-actualites-auto","category-actualites-financieres"],"wppr_data":{"cwp_meta_box_check":"No"},"yoast_head":"<!-- This site is optimized with the Yoast SEO plugin v24.8.1 - https:\/\/yoast.com\/wordpress\/plugins\/seo\/ -->\n<title>Loi de finances 2013 : l&#039;\u00e9tat veut remplir ses caisses gr\u00e2ce \u00e0 l&#039;automobile - Blog auto Carid\u00e9al<\/title>\n<meta name=\"description\" content=\"Budget l&#039;\u00e9tat veut remplir ses caisses gr\u00e2ce \u00e0 l&#039;automobile. La loi de finances 2013 vient d&#039;\u00eatre transmise au S\u00e9nat, dans une version qui se rel\u00e8ve sans doute proche de ce qu&#039;elle sera d\u00e9finitivement.\" \/>\n<meta name=\"robots\" content=\"index, follow, max-snippet:-1, max-image-preview:large, max-video-preview:-1\" \/>\n<link rel=\"canonical\" href=\"https:\/\/www.carideal.com\/blog\/2013\/01\/30\/budget-l-etat-veut-remplir-ses-caisses-grace-a-l-automobile\/\" \/>\n<meta property=\"og:locale\" content=\"fr_FR\" \/>\n<meta property=\"og:type\" content=\"article\" \/>\n<meta property=\"og:title\" content=\"Loi de finances 2013 : l&#039;\u00e9tat veut remplir ses caisses gr\u00e2ce \u00e0 l&#039;automobile - Blog auto Carid\u00e9al\" \/>\n<meta property=\"og:description\" content=\"Budget l&#039;\u00e9tat veut remplir ses caisses gr\u00e2ce \u00e0 l&#039;automobile. La loi de finances 2013 vient d&#039;\u00eatre transmise au S\u00e9nat, dans une version qui se rel\u00e8ve sans doute proche de ce qu&#039;elle sera d\u00e9finitivement.\" \/>\n<meta property=\"og:url\" content=\"https:\/\/www.carideal.com\/blog\/2013\/01\/30\/budget-l-etat-veut-remplir-ses-caisses-grace-a-l-automobile\/\" \/>\n<meta property=\"og:site_name\" content=\"Blog auto Carid\u00e9al\" \/>\n<meta property=\"article:publisher\" content=\"https:\/\/www.facebook.com\/Carideal.mandataire.automobile\" \/>\n<meta property=\"article:author\" content=\"https:\/\/www.facebook.com\/nicolas.schiavon.39\" \/>\n<meta property=\"article:published_time\" content=\"2013-01-30T23:00:00+00:00\" \/>\n<meta property=\"article:modified_time\" content=\"2019-12-04T07:49:26+00:00\" \/>\n<meta property=\"og:image\" content=\"https:\/\/www.carideal.com\/blog\/wp-content\/uploads\/2013\/01\/radarautoroute-1359622795.jpg\" \/>\n\t<meta property=\"og:image:width\" content=\"430\" \/>\n\t<meta property=\"og:image:height\" content=\"330\" \/>\n\t<meta property=\"og:image:type\" content=\"image\/jpeg\" \/>\n<meta name=\"author\" content=\"Nicolas SCHIAVON\" \/>\n<meta name=\"twitter:card\" content=\"summary_large_image\" \/>\n<meta name=\"twitter:creator\" content=\"@caridealauto\" \/>\n<meta name=\"twitter:site\" content=\"@caridealauto\" \/>\n<meta name=\"twitter:label1\" content=\"\u00c9crit par\" \/>\n\t<meta name=\"twitter:data1\" content=\"Nicolas SCHIAVON\" \/>\n\t<meta name=\"twitter:label2\" content=\"Dur\u00e9e de lecture estim\u00e9e\" \/>\n\t<meta name=\"twitter:data2\" content=\"2 minutes\" \/>\n<script type=\"application\/ld+json\" class=\"yoast-schema-graph\">{\"@context\":\"https:\/\/schema.org\",\"@graph\":[{\"@type\":\"Article\",\"@id\":\"https:\/\/www.carideal.com\/blog\/2013\/01\/30\/budget-l-etat-veut-remplir-ses-caisses-grace-a-l-automobile\/#article\",\"isPartOf\":{\"@id\":\"https:\/\/www.carideal.com\/blog\/2013\/01\/30\/budget-l-etat-veut-remplir-ses-caisses-grace-a-l-automobile\/\"},\"author\":{\"name\":\"Nicolas SCHIAVON\",\"@id\":\"https:\/\/www.carideal.com\/blog\/#\/schema\/person\/cd95dc7919660de90d31b366f85be1ec\"},\"headline\":\"Loi de finances 2013 : l&rsquo;\u00e9tat veut remplir ses caisses gr\u00e2ce \u00e0 l&rsquo;automobile\",\"datePublished\":\"2013-01-30T23:00:00+00:00\",\"dateModified\":\"2019-12-04T07:49:26+00:00\",\"mainEntityOfPage\":{\"@id\":\"https:\/\/www.carideal.com\/blog\/2013\/01\/30\/budget-l-etat-veut-remplir-ses-caisses-grace-a-l-automobile\/\"},\"wordCount\":427,\"commentCount\":0,\"publisher\":{\"@id\":\"https:\/\/www.carideal.com\/blog\/#organization\"},\"image\":{\"@id\":\"https:\/\/www.carideal.com\/blog\/2013\/01\/30\/budget-l-etat-veut-remplir-ses-caisses-grace-a-l-automobile\/#primaryimage\"},\"thumbnailUrl\":\"https:\/\/www.carideal.com\/blog\/wp-content\/uploads\/2013\/01\/radarautoroute-1359622795.jpg\",\"articleSection\":[\"Actualit\u00e9 automobile\",\"Actualit\u00e9 Financi\u00e8re\"],\"inLanguage\":\"fr-FR\",\"potentialAction\":[{\"@type\":\"CommentAction\",\"name\":\"Comment\",\"target\":[\"https:\/\/www.carideal.com\/blog\/2013\/01\/30\/budget-l-etat-veut-remplir-ses-caisses-grace-a-l-automobile\/#respond\"]}]},{\"@type\":\"WebPage\",\"@id\":\"https:\/\/www.carideal.com\/blog\/2013\/01\/30\/budget-l-etat-veut-remplir-ses-caisses-grace-a-l-automobile\/\",\"url\":\"https:\/\/www.carideal.com\/blog\/2013\/01\/30\/budget-l-etat-veut-remplir-ses-caisses-grace-a-l-automobile\/\",\"name\":\"Loi de finances 2013 : l'\u00e9tat veut remplir ses caisses gr\u00e2ce \u00e0 l'automobile - Blog auto Carid\u00e9al\",\"isPartOf\":{\"@id\":\"https:\/\/www.carideal.com\/blog\/#website\"},\"primaryImageOfPage\":{\"@id\":\"https:\/\/www.carideal.com\/blog\/2013\/01\/30\/budget-l-etat-veut-remplir-ses-caisses-grace-a-l-automobile\/#primaryimage\"},\"image\":{\"@id\":\"https:\/\/www.carideal.com\/blog\/2013\/01\/30\/budget-l-etat-veut-remplir-ses-caisses-grace-a-l-automobile\/#primaryimage\"},\"thumbnailUrl\":\"https:\/\/www.carideal.com\/blog\/wp-content\/uploads\/2013\/01\/radarautoroute-1359622795.jpg\",\"datePublished\":\"2013-01-30T23:00:00+00:00\",\"dateModified\":\"2019-12-04T07:49:26+00:00\",\"description\":\"Budget l'\u00e9tat veut remplir ses caisses gr\u00e2ce \u00e0 l'automobile. La loi de finances 2013 vient d'\u00eatre transmise au S\u00e9nat, dans une version qui se rel\u00e8ve sans doute proche de ce qu'elle sera d\u00e9finitivement.\",\"breadcrumb\":{\"@id\":\"https:\/\/www.carideal.com\/blog\/2013\/01\/30\/budget-l-etat-veut-remplir-ses-caisses-grace-a-l-automobile\/#breadcrumb\"},\"inLanguage\":\"fr-FR\",\"potentialAction\":[{\"@type\":\"ReadAction\",\"target\":[\"https:\/\/www.carideal.com\/blog\/2013\/01\/30\/budget-l-etat-veut-remplir-ses-caisses-grace-a-l-automobile\/\"]}]},{\"@type\":\"ImageObject\",\"inLanguage\":\"fr-FR\",\"@id\":\"https:\/\/www.carideal.com\/blog\/2013\/01\/30\/budget-l-etat-veut-remplir-ses-caisses-grace-a-l-automobile\/#primaryimage\",\"url\":\"https:\/\/www.carideal.com\/blog\/wp-content\/uploads\/2013\/01\/radarautoroute-1359622795.jpg\",\"contentUrl\":\"https:\/\/www.carideal.com\/blog\/wp-content\/uploads\/2013\/01\/radarautoroute-1359622795.jpg\",\"width\":430,\"height\":330,\"caption\":\"Loi de finances 2013 : l'\u00e9tat veut remplir ses caisses gr\u00e2ce \u00e0 l'automobile\"},{\"@type\":\"BreadcrumbList\",\"@id\":\"https:\/\/www.carideal.com\/blog\/2013\/01\/30\/budget-l-etat-veut-remplir-ses-caisses-grace-a-l-automobile\/#breadcrumb\",\"itemListElement\":[{\"@type\":\"ListItem\",\"position\":1,\"name\":\"Blog Carid\u00e9al\",\"item\":\"https:\/\/www.carideal.com\/blog\/\"},{\"@type\":\"ListItem\",\"position\":2,\"name\":\"Actualit\u00e9 Financi\u00e8re\",\"item\":\"https:\/\/www.carideal.com\/blog\/actualites-financieres\/\"},{\"@type\":\"ListItem\",\"position\":3,\"name\":\"Loi de finances 2013 : l&rsquo;\u00e9tat veut remplir ses caisses gr\u00e2ce \u00e0 l&rsquo;automobile\"}]},{\"@type\":\"WebSite\",\"@id\":\"https:\/\/www.carideal.com\/blog\/#website\",\"url\":\"https:\/\/www.carideal.com\/blog\/\",\"name\":\"Blog auto Carid\u00e9al\",\"description\":\"Actualit\u00e9 auto par des passionn\u00e9s\",\"publisher\":{\"@id\":\"https:\/\/www.carideal.com\/blog\/#organization\"},\"potentialAction\":[{\"@type\":\"SearchAction\",\"target\":{\"@type\":\"EntryPoint\",\"urlTemplate\":\"https:\/\/www.carideal.com\/blog\/?s={search_term_string}\"},\"query-input\":{\"@type\":\"PropertyValueSpecification\",\"valueRequired\":true,\"valueName\":\"search_term_string\"}}],\"inLanguage\":\"fr-FR\"},{\"@type\":\"Organization\",\"@id\":\"https:\/\/www.carideal.com\/blog\/#organization\",\"name\":\"Carideal\",\"url\":\"https:\/\/www.carideal.com\/blog\/\",\"logo\":{\"@type\":\"ImageObject\",\"inLanguage\":\"fr-FR\",\"@id\":\"https:\/\/www.carideal.com\/blog\/#\/schema\/logo\/image\/\",\"url\":\"http:\/\/www.carideal.com\/blog\/wp-content\/uploads\/2016\/03\/logo-carideal-mandataire-automobile.png\",\"contentUrl\":\"http:\/\/www.carideal.com\/blog\/wp-content\/uploads\/2016\/03\/logo-carideal-mandataire-automobile.png\",\"width\":300,\"height\":300,\"caption\":\"Carideal\"},\"image\":{\"@id\":\"https:\/\/www.carideal.com\/blog\/#\/schema\/logo\/image\/\"},\"sameAs\":[\"https:\/\/www.facebook.com\/Carideal.mandataire.automobile\",\"https:\/\/x.com\/caridealauto\",\"https:\/\/www.instagram.com\/carideal1\/\",\"https:\/\/www.linkedin.com\/company\/carideal.com\",\"https:\/\/fr.pinterest.com\/schiavonsas\/\",\"https:\/\/www.youtube.com\/user\/caridealsas\"]},{\"@type\":\"Person\",\"@id\":\"https:\/\/www.carideal.com\/blog\/#\/schema\/person\/cd95dc7919660de90d31b366f85be1ec\",\"name\":\"Nicolas SCHIAVON\",\"image\":{\"@type\":\"ImageObject\",\"inLanguage\":\"fr-FR\",\"@id\":\"https:\/\/www.carideal.com\/blog\/#\/schema\/person\/image\/\",\"url\":\"https:\/\/secure.gravatar.com\/avatar\/c17e55009e671d92cc7f5dc837dc418a?s=96&r=g\",\"contentUrl\":\"https:\/\/secure.gravatar.com\/avatar\/c17e55009e671d92cc7f5dc837dc418a?s=96&r=g\",\"caption\":\"Nicolas SCHIAVON\"},\"description\":\"Nicolas Schiavon est tomb\u00e9 tout petit dans la marmite automobile. Ayant eu un garage de marque automobile, mandataire automobile de la premi\u00e8re heure d\u00e8s 1999. Nicolas a cr\u00e9\u00e9 ces premiers sites de vente de voiture et blog automobile d\u00e8s 1994. Carideal est n\u00e9 le 15 d\u00e9cembre 2000 de la volont\u00e9 de vendre des voitures d'occasions en ligne puis des voitures neuves. Il a pu essayer beaucoup de voitures tr\u00e8s diff\u00e9rentes et ayant eu personnellement quelques belles autos, Subaru Impreza, Mitsubishi Lancer Evo 7, Porsche 911, Ferrari Testarrossa, Audi RS3, RS4 et j'en passe...\",\"sameAs\":[\"http:\/\/www.carideal.com\",\"https:\/\/www.facebook.com\/nicolas.schiavon.39\",\"https:\/\/www.instagram.com\/carideal1\/\",\"https:\/\/www.linkedin.com\/in\/nschiavon\/\",\"https:\/\/x.com\/caridealauto\",\"https:\/\/www.youtube.com\/user\/caridealsas\/\"],\"url\":\"https:\/\/www.carideal.com\/blog\/author\/nschiavon\/\"}]}<\/script>\n<!-- \/ Yoast SEO plugin. -->","yoast_head_json":{"title":"Loi de finances 2013 : l'\u00e9tat veut remplir ses caisses gr\u00e2ce \u00e0 l'automobile - Blog auto Carid\u00e9al","description":"Budget l'\u00e9tat veut remplir ses caisses gr\u00e2ce \u00e0 l'automobile. La loi de finances 2013 vient d'\u00eatre transmise au S\u00e9nat, dans une version qui se rel\u00e8ve sans doute proche de ce qu'elle sera d\u00e9finitivement.","robots":{"index":"index","follow":"follow","max-snippet":"max-snippet:-1","max-image-preview":"max-image-preview:large","max-video-preview":"max-video-preview:-1"},"canonical":"https:\/\/www.carideal.com\/blog\/2013\/01\/30\/budget-l-etat-veut-remplir-ses-caisses-grace-a-l-automobile\/","og_locale":"fr_FR","og_type":"article","og_title":"Loi de finances 2013 : l'\u00e9tat veut remplir ses caisses gr\u00e2ce \u00e0 l'automobile - Blog auto Carid\u00e9al","og_description":"Budget l'\u00e9tat veut remplir ses caisses gr\u00e2ce \u00e0 l'automobile. La loi de finances 2013 vient d'\u00eatre transmise au S\u00e9nat, dans une version qui se rel\u00e8ve sans doute proche de ce qu'elle sera d\u00e9finitivement.","og_url":"https:\/\/www.carideal.com\/blog\/2013\/01\/30\/budget-l-etat-veut-remplir-ses-caisses-grace-a-l-automobile\/","og_site_name":"Blog auto Carid\u00e9al","article_publisher":"https:\/\/www.facebook.com\/Carideal.mandataire.automobile","article_author":"https:\/\/www.facebook.com\/nicolas.schiavon.39","article_published_time":"2013-01-30T23:00:00+00:00","article_modified_time":"2019-12-04T07:49:26+00:00","og_image":[{"width":430,"height":330,"url":"https:\/\/www.carideal.com\/blog\/wp-content\/uploads\/2013\/01\/radarautoroute-1359622795.jpg","type":"image\/jpeg"}],"author":"Nicolas SCHIAVON","twitter_card":"summary_large_image","twitter_creator":"@caridealauto","twitter_site":"@caridealauto","twitter_misc":{"\u00c9crit par":"Nicolas SCHIAVON","Dur\u00e9e de lecture estim\u00e9e":"2 minutes"},"schema":{"@context":"https:\/\/schema.org","@graph":[{"@type":"Article","@id":"https:\/\/www.carideal.com\/blog\/2013\/01\/30\/budget-l-etat-veut-remplir-ses-caisses-grace-a-l-automobile\/#article","isPartOf":{"@id":"https:\/\/www.carideal.com\/blog\/2013\/01\/30\/budget-l-etat-veut-remplir-ses-caisses-grace-a-l-automobile\/"},"author":{"name":"Nicolas SCHIAVON","@id":"https:\/\/www.carideal.com\/blog\/#\/schema\/person\/cd95dc7919660de90d31b366f85be1ec"},"headline":"Loi de finances 2013 : l&rsquo;\u00e9tat veut remplir ses caisses gr\u00e2ce \u00e0 l&rsquo;automobile","datePublished":"2013-01-30T23:00:00+00:00","dateModified":"2019-12-04T07:49:26+00:00","mainEntityOfPage":{"@id":"https:\/\/www.carideal.com\/blog\/2013\/01\/30\/budget-l-etat-veut-remplir-ses-caisses-grace-a-l-automobile\/"},"wordCount":427,"commentCount":0,"publisher":{"@id":"https:\/\/www.carideal.com\/blog\/#organization"},"image":{"@id":"https:\/\/www.carideal.com\/blog\/2013\/01\/30\/budget-l-etat-veut-remplir-ses-caisses-grace-a-l-automobile\/#primaryimage"},"thumbnailUrl":"https:\/\/www.carideal.com\/blog\/wp-content\/uploads\/2013\/01\/radarautoroute-1359622795.jpg","articleSection":["Actualit\u00e9 automobile","Actualit\u00e9 Financi\u00e8re"],"inLanguage":"fr-FR","potentialAction":[{"@type":"CommentAction","name":"Comment","target":["https:\/\/www.carideal.com\/blog\/2013\/01\/30\/budget-l-etat-veut-remplir-ses-caisses-grace-a-l-automobile\/#respond"]}]},{"@type":"WebPage","@id":"https:\/\/www.carideal.com\/blog\/2013\/01\/30\/budget-l-etat-veut-remplir-ses-caisses-grace-a-l-automobile\/","url":"https:\/\/www.carideal.com\/blog\/2013\/01\/30\/budget-l-etat-veut-remplir-ses-caisses-grace-a-l-automobile\/","name":"Loi de finances 2013 : l'\u00e9tat veut remplir ses caisses gr\u00e2ce \u00e0 l'automobile - Blog auto Carid\u00e9al","isPartOf":{"@id":"https:\/\/www.carideal.com\/blog\/#website"},"primaryImageOfPage":{"@id":"https:\/\/www.carideal.com\/blog\/2013\/01\/30\/budget-l-etat-veut-remplir-ses-caisses-grace-a-l-automobile\/#primaryimage"},"image":{"@id":"https:\/\/www.carideal.com\/blog\/2013\/01\/30\/budget-l-etat-veut-remplir-ses-caisses-grace-a-l-automobile\/#primaryimage"},"thumbnailUrl":"https:\/\/www.carideal.com\/blog\/wp-content\/uploads\/2013\/01\/radarautoroute-1359622795.jpg","datePublished":"2013-01-30T23:00:00+00:00","dateModified":"2019-12-04T07:49:26+00:00","description":"Budget l'\u00e9tat veut remplir ses caisses gr\u00e2ce \u00e0 l'automobile. La loi de finances 2013 vient d'\u00eatre transmise au S\u00e9nat, dans une version qui se rel\u00e8ve sans doute proche de ce qu'elle sera d\u00e9finitivement.","breadcrumb":{"@id":"https:\/\/www.carideal.com\/blog\/2013\/01\/30\/budget-l-etat-veut-remplir-ses-caisses-grace-a-l-automobile\/#breadcrumb"},"inLanguage":"fr-FR","potentialAction":[{"@type":"ReadAction","target":["https:\/\/www.carideal.com\/blog\/2013\/01\/30\/budget-l-etat-veut-remplir-ses-caisses-grace-a-l-automobile\/"]}]},{"@type":"ImageObject","inLanguage":"fr-FR","@id":"https:\/\/www.carideal.com\/blog\/2013\/01\/30\/budget-l-etat-veut-remplir-ses-caisses-grace-a-l-automobile\/#primaryimage","url":"https:\/\/www.carideal.com\/blog\/wp-content\/uploads\/2013\/01\/radarautoroute-1359622795.jpg","contentUrl":"https:\/\/www.carideal.com\/blog\/wp-content\/uploads\/2013\/01\/radarautoroute-1359622795.jpg","width":430,"height":330,"caption":"Loi de finances 2013 : l'\u00e9tat veut remplir ses caisses gr\u00e2ce \u00e0 l'automobile"},{"@type":"BreadcrumbList","@id":"https:\/\/www.carideal.com\/blog\/2013\/01\/30\/budget-l-etat-veut-remplir-ses-caisses-grace-a-l-automobile\/#breadcrumb","itemListElement":[{"@type":"ListItem","position":1,"name":"Blog Carid\u00e9al","item":"https:\/\/www.carideal.com\/blog\/"},{"@type":"ListItem","position":2,"name":"Actualit\u00e9 Financi\u00e8re","item":"https:\/\/www.carideal.com\/blog\/actualites-financieres\/"},{"@type":"ListItem","position":3,"name":"Loi de finances 2013 : l&rsquo;\u00e9tat veut remplir ses caisses gr\u00e2ce \u00e0 l&rsquo;automobile"}]},{"@type":"WebSite","@id":"https:\/\/www.carideal.com\/blog\/#website","url":"https:\/\/www.carideal.com\/blog\/","name":"Blog auto Carid\u00e9al","description":"Actualit\u00e9 auto par des passionn\u00e9s","publisher":{"@id":"https:\/\/www.carideal.com\/blog\/#organization"},"potentialAction":[{"@type":"SearchAction","target":{"@type":"EntryPoint","urlTemplate":"https:\/\/www.carideal.com\/blog\/?s={search_term_string}"},"query-input":{"@type":"PropertyValueSpecification","valueRequired":true,"valueName":"search_term_string"}}],"inLanguage":"fr-FR"},{"@type":"Organization","@id":"https:\/\/www.carideal.com\/blog\/#organization","name":"Carideal","url":"https:\/\/www.carideal.com\/blog\/","logo":{"@type":"ImageObject","inLanguage":"fr-FR","@id":"https:\/\/www.carideal.com\/blog\/#\/schema\/logo\/image\/","url":"http:\/\/www.carideal.com\/blog\/wp-content\/uploads\/2016\/03\/logo-carideal-mandataire-automobile.png","contentUrl":"http:\/\/www.carideal.com\/blog\/wp-content\/uploads\/2016\/03\/logo-carideal-mandataire-automobile.png","width":300,"height":300,"caption":"Carideal"},"image":{"@id":"https:\/\/www.carideal.com\/blog\/#\/schema\/logo\/image\/"},"sameAs":["https:\/\/www.facebook.com\/Carideal.mandataire.automobile","https:\/\/x.com\/caridealauto","https:\/\/www.instagram.com\/carideal1\/","https:\/\/www.linkedin.com\/company\/carideal.com","https:\/\/fr.pinterest.com\/schiavonsas\/","https:\/\/www.youtube.com\/user\/caridealsas"]},{"@type":"Person","@id":"https:\/\/www.carideal.com\/blog\/#\/schema\/person\/cd95dc7919660de90d31b366f85be1ec","name":"Nicolas SCHIAVON","image":{"@type":"ImageObject","inLanguage":"fr-FR","@id":"https:\/\/www.carideal.com\/blog\/#\/schema\/person\/image\/","url":"https:\/\/secure.gravatar.com\/avatar\/c17e55009e671d92cc7f5dc837dc418a?s=96&r=g","contentUrl":"https:\/\/secure.gravatar.com\/avatar\/c17e55009e671d92cc7f5dc837dc418a?s=96&r=g","caption":"Nicolas SCHIAVON"},"description":"Nicolas Schiavon est tomb\u00e9 tout petit dans la marmite automobile. Ayant eu un garage de marque automobile, mandataire automobile de la premi\u00e8re heure d\u00e8s 1999. Nicolas a cr\u00e9\u00e9 ces premiers sites de vente de voiture et blog automobile d\u00e8s 1994. Carideal est n\u00e9 le 15 d\u00e9cembre 2000 de la volont\u00e9 de vendre des voitures d'occasions en ligne puis des voitures neuves. Il a pu essayer beaucoup de voitures tr\u00e8s diff\u00e9rentes et ayant eu personnellement quelques belles autos, Subaru Impreza, Mitsubishi Lancer Evo 7, Porsche 911, Ferrari Testarrossa, Audi RS3, RS4 et j'en passe...","sameAs":["http:\/\/www.carideal.com","https:\/\/www.facebook.com\/nicolas.schiavon.39","https:\/\/www.instagram.com\/carideal1\/","https:\/\/www.linkedin.com\/in\/nschiavon\/","https:\/\/x.com\/caridealauto","https:\/\/www.youtube.com\/user\/caridealsas\/"],"url":"https:\/\/www.carideal.com\/blog\/author\/nschiavon\/"}]}},"uagb_featured_image_src":{"full":["https:\/\/www.carideal.com\/blog\/wp-content\/uploads\/2013\/01\/radarautoroute-1359622795.jpg",430,330,false],"thumbnail":["https:\/\/www.carideal.com\/blog\/wp-content\/uploads\/2013\/01\/radarautoroute-1359622795-150x150.jpg",150,150,true],"medium":["https:\/\/www.carideal.com\/blog\/wp-content\/uploads\/2013\/01\/radarautoroute-1359622795-300x230.jpg",300,230,true],"medium_large":["https:\/\/www.carideal.com\/blog\/wp-content\/uploads\/2013\/01\/radarautoroute-1359622795.jpg",430,330,false],"large":["https:\/\/www.carideal.com\/blog\/wp-content\/uploads\/2013\/01\/radarautoroute-1359622795.jpg",430,330,false],"1536x1536":["https:\/\/www.carideal.com\/blog\/wp-content\/uploads\/2013\/01\/radarautoroute-1359622795.jpg",430,330,false],"2048x2048":["https:\/\/www.carideal.com\/blog\/wp-content\/uploads\/2013\/01\/radarautoroute-1359622795.jpg",430,330,false],"wppr-widget":["https:\/\/www.carideal.com\/blog\/wp-content\/uploads\/2013\/01\/radarautoroute-1359622795-50x38.jpg",50,38,true]},"uagb_author_info":{"display_name":"Nicolas SCHIAVON","author_link":"https:\/\/www.carideal.com\/blog\/author\/nschiavon\/"},"uagb_comment_info":0,"uagb_excerpt":"Loi de finances 2013 &amp; budget : l'\u00e9tat veut remplir ses caisses gr\u00e2ce \u00e0 l'automobile La loi de finances 2013 vient d'\u00eatre transmise au S\u00e9nat, dans une version qui se rel\u00e8ve sans doute proche de ce qu'elle sera d\u00e9finitivement. Premier enseignement, le gouvernement, malgr\u00e9 la fronde des s\u00e9nateurs en premi\u00e8re lecture, est parvenu \u00e0 imposer\u2026","_links":{"self":[{"href":"https:\/\/www.carideal.com\/blog\/wp-json\/wp\/v2\/posts\/5113"}],"collection":[{"href":"https:\/\/www.carideal.com\/blog\/wp-json\/wp\/v2\/posts"}],"about":[{"href":"https:\/\/www.carideal.com\/blog\/wp-json\/wp\/v2\/types\/post"}],"author":[{"embeddable":true,"href":"https:\/\/www.carideal.com\/blog\/wp-json\/wp\/v2\/users\/3"}],"replies":[{"embeddable":true,"href":"https:\/\/www.carideal.com\/blog\/wp-json\/wp\/v2\/comments?post=5113"}],"version-history":[{"count":0,"href":"https:\/\/www.carideal.com\/blog\/wp-json\/wp\/v2\/posts\/5113\/revisions"}],"wp:featuredmedia":[{"embeddable":true,"href":"https:\/\/www.carideal.com\/blog\/wp-json\/wp\/v2\/media\/20340"}],"wp:attachment":[{"href":"https:\/\/www.carideal.com\/blog\/wp-json\/wp\/v2\/media?parent=5113"}],"wp:term":[{"taxonomy":"category","embeddable":true,"href":"https:\/\/www.carideal.com\/blog\/wp-json\/wp\/v2\/categories?post=5113"},{"taxonomy":"post_tag","embeddable":true,"href":"https:\/\/www.carideal.com\/blog\/wp-json\/wp\/v2\/tags?post=5113"}],"curies":[{"name":"wp","href":"https:\/\/api.w.org\/{rel}","templated":true}]}}