{"id":5101,"date":"2013-01-22T23:00:00","date_gmt":"2013-01-22T23:00:00","guid":{"rendered":"http:\/\/www.carideal.com\/blog\/2013\/01\/22\/stopstart-2\/"},"modified":"2019-01-30T00:33:30","modified_gmt":"2019-01-29T23:33:30","slug":"stopstart-2","status":"publish","type":"post","link":"https:\/\/www.carideal.com\/blog\/2013\/01\/22\/stopstart-2\/","title":{"rendered":"Le Goupil G3 \u00e9lectrique aux Etats Unis"},"content":{"rendered":"<h2>Le Goupil G3 \u00e9lectrique aux Etats Unis<\/h2>\n<p><a href=\"http:\/\/www.goupil-industrie.eu\/\">Goupil Industrie<\/a>, constructeur de v\u00e9hicules utilitaires \u00e9lectriques et hybrides situ\u00e9 \u00e0 Bourran (Lot-et\u00adGaronne), a livr\u00e9 25 exemplaires de son utilitaire 100 % \u00e9lectrique Goupil G3 aux \u00c9tats-Unis. Les mod\u00e8les export\u00e9s sont destin\u00e9s \u00e0 une client\u00e8le professionnelle et distribu\u00e9s sur place par le r\u00e9seau Polaris (motoneiges, motos, quads...). Ce d\u00e9veloppement international, adoss\u00e9 \u00e0 un grand groupe, devrait permettre \u00e0 la petite marque de passer \u00e0 la vitesse sup\u00e9rieure. Jusque-l\u00e0, 6000 Goupil G3 ont d\u00e9j\u00e0 \u00e9t\u00e9 vendus en France et en Europe. Voiture \u00e9cologique consacrera un reportage \u00e0 Goupil Industrie dans son num\u00e9ro de mars 2013.<\/p>\n<h2>Le fourgon \u00e9lectrique Goupil G3<\/h2>\n<p>Pr\u00e9sentation du Goupil G3, leader de son secteur.<\/p>\n<p>Durable, adaptable et un v\u00e9ritable interpr\u00e8te. Le Goupil G3 a une empreinte au sol r\u00e9duite et un faible rayon de braquage, ce qui le rend id\u00e9al en tant que fourgonnette utilitaire sur site. Il est \u00e9galement l\u00e9gal sur la route et capable de franchir la plupart des bornes sur la rue. Avec son ch\u00e2ssis poutre en acier trait\u00e9 anti-corrosion et sa couche de poudre, son moteur \u00e9lectrique sans entretien et ses batteries de traction ultra-r\u00e9sistantes, le G3 est un v\u00e9ritable bourreau de travail.<\/p>\n<p>Avec une multitude de types de carrosseries et d'options sp\u00e9cifiques suivant les applications, le Goupil G3 peut \u00eatre configur\u00e9 comme un v\u00e9hicule multifonction. Cela peut inclure la collecte des d\u00e9chets, la collecte des feuilles et m\u00eame le lavage sous pression en une seule unit\u00e9.<\/p>\n<p>La gamme Goupil utilise des batteries de type traction \u00e0 usage intensif, une technologie \u00e9prouv\u00e9e et largement adopt\u00e9e dans les applications industrielles offrant une source d'alimentation durable et fiable.<\/p>\n<p>Il est disponible avec trois tailles de batteries offrant une autonomie totale de 35, 40 ou 50 milles. La gamme Goupil peut \u00e9galement utiliser un syst\u00e8me de batterie \u00e0 changement rapide. Le Goupil se recharge directement \u00e0 partir d\u2019une prise domestique \u00e0 3 broches (240v \/ 13Amp) en 8 heures si les batteries sont \u00e0 plat.<\/p>\n","protected":false},"excerpt":{"rendered":"<p>Le Goupil G3 \u00e9lectrique aux Etats Unis Goupil Industrie, constructeur de v\u00e9hicules utilitaires \u00e9lectriques et hybrides situ\u00e9 \u00e0 Bourran (Lot-et\u00adGaronne), a livr\u00e9 25 exemplaires de son utilitaire 100 % \u00e9lectrique Goupil G3 aux \u00c9tats-Unis. Les mod\u00e8les export\u00e9s sont destin\u00e9s \u00e0 une client\u00e8le professionnelle et distribu\u00e9s sur place par le r\u00e9seau Polaris (motoneiges, motos, quads&#8230;). Ce &#8230; <a title=\"Le Goupil G3 \u00e9lectrique aux Etats Unis\" class=\"read-more\" href=\"https:\/\/www.carideal.com\/blog\/2013\/01\/22\/stopstart-2\/\" aria-label=\"En savoir plus sur Le Goupil G3 \u00e9lectrique aux Etats Unis\">Lire plus<\/a><\/p>\n","protected":false},"author":3,"featured_media":18686,"comment_status":"open","ping_status":"open","sticky":false,"template":"","format":"standard","meta":{"_uag_custom_page_level_css":"","_themeisle_gutenberg_block_has_review":false,"footnotes":""},"categories":[21,5080,5970],"tags":[],"class_list":["post-5101","post","type-post","status-publish","format-standard","has-post-thumbnail","hentry","category-actualites-auto","category-technologie-2","category-electrique-technologie-2"],"wppr_data":{"cwp_meta_box_check":"No"},"yoast_head":"<!-- This site is optimized with the Yoast SEO plugin v24.8.1 - https:\/\/yoast.com\/wordpress\/plugins\/seo\/ -->\n<title>Le Goupil G3 \u00e9lectrique aux Etats Unis - Blog auto Carid\u00e9al<\/title>\n<meta name=\"description\" content=\"La soci\u00e9t\u00e9 fran\u00e7aise de v\u00e9hicule utilitaire \u00e9lectrique Goupil vient de livrer 25 Goupil G3 aux Etats-Unis\" \/>\n<meta name=\"robots\" content=\"index, follow, max-snippet:-1, max-image-preview:large, max-video-preview:-1\" \/>\n<link rel=\"canonical\" href=\"https:\/\/www.carideal.com\/blog\/2013\/01\/22\/stopstart-2\/\" \/>\n<meta property=\"og:locale\" content=\"fr_FR\" \/>\n<meta property=\"og:type\" content=\"article\" \/>\n<meta property=\"og:title\" content=\"Le Goupil G3 \u00e9lectrique aux Etats Unis - Blog auto Carid\u00e9al\" \/>\n<meta property=\"og:description\" content=\"La soci\u00e9t\u00e9 fran\u00e7aise de v\u00e9hicule utilitaire \u00e9lectrique Goupil vient de livrer 25 Goupil G3 aux Etats-Unis\" \/>\n<meta property=\"og:url\" content=\"https:\/\/www.carideal.com\/blog\/2013\/01\/22\/stopstart-2\/\" \/>\n<meta property=\"og:site_name\" content=\"Blog auto Carid\u00e9al\" \/>\n<meta property=\"article:publisher\" content=\"https:\/\/www.facebook.com\/Carideal.mandataire.automobile\" \/>\n<meta property=\"article:author\" content=\"https:\/\/www.facebook.com\/nicolas.schiavon.39\" \/>\n<meta property=\"article:published_time\" content=\"2013-01-22T23:00:00+00:00\" \/>\n<meta property=\"article:modified_time\" content=\"2019-01-29T23:33:30+00:00\" \/>\n<meta property=\"og:image\" content=\"https:\/\/www.carideal.com\/blog\/wp-content\/uploads\/2013\/01\/goupilg3-1358937263.jpg\" \/>\n\t<meta property=\"og:image:width\" content=\"400\" \/>\n\t<meta property=\"og:image:height\" content=\"400\" \/>\n\t<meta property=\"og:image:type\" content=\"image\/jpeg\" \/>\n<meta name=\"author\" content=\"Nicolas SCHIAVON\" \/>\n<meta name=\"twitter:card\" content=\"summary_large_image\" \/>\n<meta name=\"twitter:creator\" content=\"@caridealauto\" \/>\n<meta name=\"twitter:site\" content=\"@caridealauto\" \/>\n<meta name=\"twitter:label1\" content=\"\u00c9crit par\" \/>\n\t<meta name=\"twitter:data1\" content=\"Nicolas SCHIAVON\" \/>\n\t<meta name=\"twitter:label2\" content=\"Dur\u00e9e de lecture estim\u00e9e\" \/>\n\t<meta name=\"twitter:data2\" content=\"2 minutes\" \/>\n<script type=\"application\/ld+json\" class=\"yoast-schema-graph\">{\"@context\":\"https:\/\/schema.org\",\"@graph\":[{\"@type\":\"Article\",\"@id\":\"https:\/\/www.carideal.com\/blog\/2013\/01\/22\/stopstart-2\/#article\",\"isPartOf\":{\"@id\":\"https:\/\/www.carideal.com\/blog\/2013\/01\/22\/stopstart-2\/\"},\"author\":{\"name\":\"Nicolas SCHIAVON\",\"@id\":\"https:\/\/www.carideal.com\/blog\/#\/schema\/person\/cd95dc7919660de90d31b366f85be1ec\"},\"headline\":\"Le Goupil G3 \u00e9lectrique aux Etats Unis\",\"datePublished\":\"2013-01-22T23:00:00+00:00\",\"dateModified\":\"2019-01-29T23:33:30+00:00\",\"mainEntityOfPage\":{\"@id\":\"https:\/\/www.carideal.com\/blog\/2013\/01\/22\/stopstart-2\/\"},\"wordCount\":340,\"commentCount\":0,\"publisher\":{\"@id\":\"https:\/\/www.carideal.com\/blog\/#organization\"},\"image\":{\"@id\":\"https:\/\/www.carideal.com\/blog\/2013\/01\/22\/stopstart-2\/#primaryimage\"},\"thumbnailUrl\":\"https:\/\/www.carideal.com\/blog\/wp-content\/uploads\/2013\/01\/goupilg3-1358937263.jpg\",\"articleSection\":[\"Actualit\u00e9 automobile\",\"Technologie Automobile\",\"Voiture \u00e9lectrique\"],\"inLanguage\":\"fr-FR\",\"potentialAction\":[{\"@type\":\"CommentAction\",\"name\":\"Comment\",\"target\":[\"https:\/\/www.carideal.com\/blog\/2013\/01\/22\/stopstart-2\/#respond\"]}]},{\"@type\":\"WebPage\",\"@id\":\"https:\/\/www.carideal.com\/blog\/2013\/01\/22\/stopstart-2\/\",\"url\":\"https:\/\/www.carideal.com\/blog\/2013\/01\/22\/stopstart-2\/\",\"name\":\"Le Goupil G3 \u00e9lectrique aux Etats Unis - Blog auto Carid\u00e9al\",\"isPartOf\":{\"@id\":\"https:\/\/www.carideal.com\/blog\/#website\"},\"primaryImageOfPage\":{\"@id\":\"https:\/\/www.carideal.com\/blog\/2013\/01\/22\/stopstart-2\/#primaryimage\"},\"image\":{\"@id\":\"https:\/\/www.carideal.com\/blog\/2013\/01\/22\/stopstart-2\/#primaryimage\"},\"thumbnailUrl\":\"https:\/\/www.carideal.com\/blog\/wp-content\/uploads\/2013\/01\/goupilg3-1358937263.jpg\",\"datePublished\":\"2013-01-22T23:00:00+00:00\",\"dateModified\":\"2019-01-29T23:33:30+00:00\",\"description\":\"La soci\u00e9t\u00e9 fran\u00e7aise de v\u00e9hicule utilitaire \u00e9lectrique Goupil vient de livrer 25 Goupil G3 aux Etats-Unis\",\"breadcrumb\":{\"@id\":\"https:\/\/www.carideal.com\/blog\/2013\/01\/22\/stopstart-2\/#breadcrumb\"},\"inLanguage\":\"fr-FR\",\"potentialAction\":[{\"@type\":\"ReadAction\",\"target\":[\"https:\/\/www.carideal.com\/blog\/2013\/01\/22\/stopstart-2\/\"]}]},{\"@type\":\"ImageObject\",\"inLanguage\":\"fr-FR\",\"@id\":\"https:\/\/www.carideal.com\/blog\/2013\/01\/22\/stopstart-2\/#primaryimage\",\"url\":\"https:\/\/www.carideal.com\/blog\/wp-content\/uploads\/2013\/01\/goupilg3-1358937263.jpg\",\"contentUrl\":\"https:\/\/www.carideal.com\/blog\/wp-content\/uploads\/2013\/01\/goupilg3-1358937263.jpg\",\"width\":400,\"height\":400,\"caption\":\"Le Goupil G3 \u00e9lectrique aux Etats Unis\"},{\"@type\":\"BreadcrumbList\",\"@id\":\"https:\/\/www.carideal.com\/blog\/2013\/01\/22\/stopstart-2\/#breadcrumb\",\"itemListElement\":[{\"@type\":\"ListItem\",\"position\":1,\"name\":\"Blog Carid\u00e9al\",\"item\":\"https:\/\/www.carideal.com\/blog\/\"},{\"@type\":\"ListItem\",\"position\":2,\"name\":\"Technologie Automobile\",\"item\":\"https:\/\/www.carideal.com\/blog\/technologie-2\/\"},{\"@type\":\"ListItem\",\"position\":3,\"name\":\"Voiture \u00e9lectrique\",\"item\":\"https:\/\/www.carideal.com\/blog\/technologie-2\/electrique-technologie-2\/\"},{\"@type\":\"ListItem\",\"position\":4,\"name\":\"Le Goupil G3 \u00e9lectrique aux Etats Unis\"}]},{\"@type\":\"WebSite\",\"@id\":\"https:\/\/www.carideal.com\/blog\/#website\",\"url\":\"https:\/\/www.carideal.com\/blog\/\",\"name\":\"Blog auto Carid\u00e9al\",\"description\":\"Actualit\u00e9 auto par des passionn\u00e9s\",\"publisher\":{\"@id\":\"https:\/\/www.carideal.com\/blog\/#organization\"},\"potentialAction\":[{\"@type\":\"SearchAction\",\"target\":{\"@type\":\"EntryPoint\",\"urlTemplate\":\"https:\/\/www.carideal.com\/blog\/?s={search_term_string}\"},\"query-input\":{\"@type\":\"PropertyValueSpecification\",\"valueRequired\":true,\"valueName\":\"search_term_string\"}}],\"inLanguage\":\"fr-FR\"},{\"@type\":\"Organization\",\"@id\":\"https:\/\/www.carideal.com\/blog\/#organization\",\"name\":\"Carideal\",\"url\":\"https:\/\/www.carideal.com\/blog\/\",\"logo\":{\"@type\":\"ImageObject\",\"inLanguage\":\"fr-FR\",\"@id\":\"https:\/\/www.carideal.com\/blog\/#\/schema\/logo\/image\/\",\"url\":\"http:\/\/www.carideal.com\/blog\/wp-content\/uploads\/2016\/03\/logo-carideal-mandataire-automobile.png\",\"contentUrl\":\"http:\/\/www.carideal.com\/blog\/wp-content\/uploads\/2016\/03\/logo-carideal-mandataire-automobile.png\",\"width\":300,\"height\":300,\"caption\":\"Carideal\"},\"image\":{\"@id\":\"https:\/\/www.carideal.com\/blog\/#\/schema\/logo\/image\/\"},\"sameAs\":[\"https:\/\/www.facebook.com\/Carideal.mandataire.automobile\",\"https:\/\/x.com\/caridealauto\",\"https:\/\/www.instagram.com\/carideal1\/\",\"https:\/\/www.linkedin.com\/company\/carideal.com\",\"https:\/\/fr.pinterest.com\/schiavonsas\/\",\"https:\/\/www.youtube.com\/user\/caridealsas\"]},{\"@type\":\"Person\",\"@id\":\"https:\/\/www.carideal.com\/blog\/#\/schema\/person\/cd95dc7919660de90d31b366f85be1ec\",\"name\":\"Nicolas SCHIAVON\",\"image\":{\"@type\":\"ImageObject\",\"inLanguage\":\"fr-FR\",\"@id\":\"https:\/\/www.carideal.com\/blog\/#\/schema\/person\/image\/\",\"url\":\"https:\/\/secure.gravatar.com\/avatar\/c17e55009e671d92cc7f5dc837dc418a?s=96&r=g\",\"contentUrl\":\"https:\/\/secure.gravatar.com\/avatar\/c17e55009e671d92cc7f5dc837dc418a?s=96&r=g\",\"caption\":\"Nicolas SCHIAVON\"},\"description\":\"Nicolas Schiavon est tomb\u00e9 tout petit dans la marmite automobile. Ayant eu un garage de marque automobile, mandataire automobile de la premi\u00e8re heure d\u00e8s 1999. Nicolas a cr\u00e9\u00e9 ces premiers sites de vente de voiture et blog automobile d\u00e8s 1994. Carideal est n\u00e9 le 15 d\u00e9cembre 2000 de la volont\u00e9 de vendre des voitures d'occasions en ligne puis des voitures neuves. Il a pu essayer beaucoup de voitures tr\u00e8s diff\u00e9rentes et ayant eu personnellement quelques belles autos, Subaru Impreza, Mitsubishi Lancer Evo 7, Porsche 911, Ferrari Testarrossa, Audi RS3, RS4 et j'en passe...\",\"sameAs\":[\"http:\/\/www.carideal.com\",\"https:\/\/www.facebook.com\/nicolas.schiavon.39\",\"https:\/\/www.instagram.com\/carideal1\/\",\"https:\/\/www.linkedin.com\/in\/nschiavon\/\",\"https:\/\/x.com\/caridealauto\",\"https:\/\/www.youtube.com\/user\/caridealsas\/\"],\"url\":\"https:\/\/www.carideal.com\/blog\/author\/nschiavon\/\"}]}<\/script>\n<!-- \/ Yoast SEO plugin. -->","yoast_head_json":{"title":"Le Goupil G3 \u00e9lectrique aux Etats Unis - Blog auto Carid\u00e9al","description":"La soci\u00e9t\u00e9 fran\u00e7aise de v\u00e9hicule utilitaire \u00e9lectrique Goupil vient de livrer 25 Goupil G3 aux Etats-Unis","robots":{"index":"index","follow":"follow","max-snippet":"max-snippet:-1","max-image-preview":"max-image-preview:large","max-video-preview":"max-video-preview:-1"},"canonical":"https:\/\/www.carideal.com\/blog\/2013\/01\/22\/stopstart-2\/","og_locale":"fr_FR","og_type":"article","og_title":"Le Goupil G3 \u00e9lectrique aux Etats Unis - Blog auto Carid\u00e9al","og_description":"La soci\u00e9t\u00e9 fran\u00e7aise de v\u00e9hicule utilitaire \u00e9lectrique Goupil vient de livrer 25 Goupil G3 aux Etats-Unis","og_url":"https:\/\/www.carideal.com\/blog\/2013\/01\/22\/stopstart-2\/","og_site_name":"Blog auto Carid\u00e9al","article_publisher":"https:\/\/www.facebook.com\/Carideal.mandataire.automobile","article_author":"https:\/\/www.facebook.com\/nicolas.schiavon.39","article_published_time":"2013-01-22T23:00:00+00:00","article_modified_time":"2019-01-29T23:33:30+00:00","og_image":[{"width":400,"height":400,"url":"https:\/\/www.carideal.com\/blog\/wp-content\/uploads\/2013\/01\/goupilg3-1358937263.jpg","type":"image\/jpeg"}],"author":"Nicolas SCHIAVON","twitter_card":"summary_large_image","twitter_creator":"@caridealauto","twitter_site":"@caridealauto","twitter_misc":{"\u00c9crit par":"Nicolas SCHIAVON","Dur\u00e9e de lecture estim\u00e9e":"2 minutes"},"schema":{"@context":"https:\/\/schema.org","@graph":[{"@type":"Article","@id":"https:\/\/www.carideal.com\/blog\/2013\/01\/22\/stopstart-2\/#article","isPartOf":{"@id":"https:\/\/www.carideal.com\/blog\/2013\/01\/22\/stopstart-2\/"},"author":{"name":"Nicolas SCHIAVON","@id":"https:\/\/www.carideal.com\/blog\/#\/schema\/person\/cd95dc7919660de90d31b366f85be1ec"},"headline":"Le Goupil G3 \u00e9lectrique aux Etats Unis","datePublished":"2013-01-22T23:00:00+00:00","dateModified":"2019-01-29T23:33:30+00:00","mainEntityOfPage":{"@id":"https:\/\/www.carideal.com\/blog\/2013\/01\/22\/stopstart-2\/"},"wordCount":340,"commentCount":0,"publisher":{"@id":"https:\/\/www.carideal.com\/blog\/#organization"},"image":{"@id":"https:\/\/www.carideal.com\/blog\/2013\/01\/22\/stopstart-2\/#primaryimage"},"thumbnailUrl":"https:\/\/www.carideal.com\/blog\/wp-content\/uploads\/2013\/01\/goupilg3-1358937263.jpg","articleSection":["Actualit\u00e9 automobile","Technologie Automobile","Voiture \u00e9lectrique"],"inLanguage":"fr-FR","potentialAction":[{"@type":"CommentAction","name":"Comment","target":["https:\/\/www.carideal.com\/blog\/2013\/01\/22\/stopstart-2\/#respond"]}]},{"@type":"WebPage","@id":"https:\/\/www.carideal.com\/blog\/2013\/01\/22\/stopstart-2\/","url":"https:\/\/www.carideal.com\/blog\/2013\/01\/22\/stopstart-2\/","name":"Le Goupil G3 \u00e9lectrique aux Etats Unis - Blog auto Carid\u00e9al","isPartOf":{"@id":"https:\/\/www.carideal.com\/blog\/#website"},"primaryImageOfPage":{"@id":"https:\/\/www.carideal.com\/blog\/2013\/01\/22\/stopstart-2\/#primaryimage"},"image":{"@id":"https:\/\/www.carideal.com\/blog\/2013\/01\/22\/stopstart-2\/#primaryimage"},"thumbnailUrl":"https:\/\/www.carideal.com\/blog\/wp-content\/uploads\/2013\/01\/goupilg3-1358937263.jpg","datePublished":"2013-01-22T23:00:00+00:00","dateModified":"2019-01-29T23:33:30+00:00","description":"La soci\u00e9t\u00e9 fran\u00e7aise de v\u00e9hicule utilitaire \u00e9lectrique Goupil vient de livrer 25 Goupil G3 aux Etats-Unis","breadcrumb":{"@id":"https:\/\/www.carideal.com\/blog\/2013\/01\/22\/stopstart-2\/#breadcrumb"},"inLanguage":"fr-FR","potentialAction":[{"@type":"ReadAction","target":["https:\/\/www.carideal.com\/blog\/2013\/01\/22\/stopstart-2\/"]}]},{"@type":"ImageObject","inLanguage":"fr-FR","@id":"https:\/\/www.carideal.com\/blog\/2013\/01\/22\/stopstart-2\/#primaryimage","url":"https:\/\/www.carideal.com\/blog\/wp-content\/uploads\/2013\/01\/goupilg3-1358937263.jpg","contentUrl":"https:\/\/www.carideal.com\/blog\/wp-content\/uploads\/2013\/01\/goupilg3-1358937263.jpg","width":400,"height":400,"caption":"Le Goupil G3 \u00e9lectrique aux Etats Unis"},{"@type":"BreadcrumbList","@id":"https:\/\/www.carideal.com\/blog\/2013\/01\/22\/stopstart-2\/#breadcrumb","itemListElement":[{"@type":"ListItem","position":1,"name":"Blog Carid\u00e9al","item":"https:\/\/www.carideal.com\/blog\/"},{"@type":"ListItem","position":2,"name":"Technologie Automobile","item":"https:\/\/www.carideal.com\/blog\/technologie-2\/"},{"@type":"ListItem","position":3,"name":"Voiture \u00e9lectrique","item":"https:\/\/www.carideal.com\/blog\/technologie-2\/electrique-technologie-2\/"},{"@type":"ListItem","position":4,"name":"Le Goupil G3 \u00e9lectrique aux Etats Unis"}]},{"@type":"WebSite","@id":"https:\/\/www.carideal.com\/blog\/#website","url":"https:\/\/www.carideal.com\/blog\/","name":"Blog auto Carid\u00e9al","description":"Actualit\u00e9 auto par des passionn\u00e9s","publisher":{"@id":"https:\/\/www.carideal.com\/blog\/#organization"},"potentialAction":[{"@type":"SearchAction","target":{"@type":"EntryPoint","urlTemplate":"https:\/\/www.carideal.com\/blog\/?s={search_term_string}"},"query-input":{"@type":"PropertyValueSpecification","valueRequired":true,"valueName":"search_term_string"}}],"inLanguage":"fr-FR"},{"@type":"Organization","@id":"https:\/\/www.carideal.com\/blog\/#organization","name":"Carideal","url":"https:\/\/www.carideal.com\/blog\/","logo":{"@type":"ImageObject","inLanguage":"fr-FR","@id":"https:\/\/www.carideal.com\/blog\/#\/schema\/logo\/image\/","url":"http:\/\/www.carideal.com\/blog\/wp-content\/uploads\/2016\/03\/logo-carideal-mandataire-automobile.png","contentUrl":"http:\/\/www.carideal.com\/blog\/wp-content\/uploads\/2016\/03\/logo-carideal-mandataire-automobile.png","width":300,"height":300,"caption":"Carideal"},"image":{"@id":"https:\/\/www.carideal.com\/blog\/#\/schema\/logo\/image\/"},"sameAs":["https:\/\/www.facebook.com\/Carideal.mandataire.automobile","https:\/\/x.com\/caridealauto","https:\/\/www.instagram.com\/carideal1\/","https:\/\/www.linkedin.com\/company\/carideal.com","https:\/\/fr.pinterest.com\/schiavonsas\/","https:\/\/www.youtube.com\/user\/caridealsas"]},{"@type":"Person","@id":"https:\/\/www.carideal.com\/blog\/#\/schema\/person\/cd95dc7919660de90d31b366f85be1ec","name":"Nicolas SCHIAVON","image":{"@type":"ImageObject","inLanguage":"fr-FR","@id":"https:\/\/www.carideal.com\/blog\/#\/schema\/person\/image\/","url":"https:\/\/secure.gravatar.com\/avatar\/c17e55009e671d92cc7f5dc837dc418a?s=96&r=g","contentUrl":"https:\/\/secure.gravatar.com\/avatar\/c17e55009e671d92cc7f5dc837dc418a?s=96&r=g","caption":"Nicolas SCHIAVON"},"description":"Nicolas Schiavon est tomb\u00e9 tout petit dans la marmite automobile. Ayant eu un garage de marque automobile, mandataire automobile de la premi\u00e8re heure d\u00e8s 1999. Nicolas a cr\u00e9\u00e9 ces premiers sites de vente de voiture et blog automobile d\u00e8s 1994. Carideal est n\u00e9 le 15 d\u00e9cembre 2000 de la volont\u00e9 de vendre des voitures d'occasions en ligne puis des voitures neuves. Il a pu essayer beaucoup de voitures tr\u00e8s diff\u00e9rentes et ayant eu personnellement quelques belles autos, Subaru Impreza, Mitsubishi Lancer Evo 7, Porsche 911, Ferrari Testarrossa, Audi RS3, RS4 et j'en passe...","sameAs":["http:\/\/www.carideal.com","https:\/\/www.facebook.com\/nicolas.schiavon.39","https:\/\/www.instagram.com\/carideal1\/","https:\/\/www.linkedin.com\/in\/nschiavon\/","https:\/\/x.com\/caridealauto","https:\/\/www.youtube.com\/user\/caridealsas\/"],"url":"https:\/\/www.carideal.com\/blog\/author\/nschiavon\/"}]}},"uagb_featured_image_src":{"full":["https:\/\/www.carideal.com\/blog\/wp-content\/uploads\/2013\/01\/goupilg3-1358937263.jpg",400,400,false],"thumbnail":["https:\/\/www.carideal.com\/blog\/wp-content\/uploads\/2013\/01\/goupilg3-1358937263-150x150.jpg",150,150,true],"medium":["https:\/\/www.carideal.com\/blog\/wp-content\/uploads\/2013\/01\/goupilg3-1358937263-300x300.jpg",300,300,true],"medium_large":["https:\/\/www.carideal.com\/blog\/wp-content\/uploads\/2013\/01\/goupilg3-1358937263.jpg",400,400,false],"large":["https:\/\/www.carideal.com\/blog\/wp-content\/uploads\/2013\/01\/goupilg3-1358937263.jpg",400,400,false],"1536x1536":["https:\/\/www.carideal.com\/blog\/wp-content\/uploads\/2013\/01\/goupilg3-1358937263.jpg",400,400,false],"2048x2048":["https:\/\/www.carideal.com\/blog\/wp-content\/uploads\/2013\/01\/goupilg3-1358937263.jpg",400,400,false],"wppr-widget":["https:\/\/www.carideal.com\/blog\/wp-content\/uploads\/2013\/01\/goupilg3-1358937263-50x50.jpg",50,50,true]},"uagb_author_info":{"display_name":"Nicolas SCHIAVON","author_link":"https:\/\/www.carideal.com\/blog\/author\/nschiavon\/"},"uagb_comment_info":0,"uagb_excerpt":"Le Goupil G3 \u00e9lectrique aux Etats Unis Goupil Industrie, constructeur de v\u00e9hicules utilitaires \u00e9lectriques et hybrides situ\u00e9 \u00e0 Bourran (Lot-et\u00adGaronne), a livr\u00e9 25 exemplaires de son utilitaire 100 % \u00e9lectrique Goupil G3 aux \u00c9tats-Unis. Les mod\u00e8les export\u00e9s sont destin\u00e9s \u00e0 une client\u00e8le professionnelle et distribu\u00e9s sur place par le r\u00e9seau Polaris (motoneiges, motos, quads...). Ce\u2026","_links":{"self":[{"href":"https:\/\/www.carideal.com\/blog\/wp-json\/wp\/v2\/posts\/5101"}],"collection":[{"href":"https:\/\/www.carideal.com\/blog\/wp-json\/wp\/v2\/posts"}],"about":[{"href":"https:\/\/www.carideal.com\/blog\/wp-json\/wp\/v2\/types\/post"}],"author":[{"embeddable":true,"href":"https:\/\/www.carideal.com\/blog\/wp-json\/wp\/v2\/users\/3"}],"replies":[{"embeddable":true,"href":"https:\/\/www.carideal.com\/blog\/wp-json\/wp\/v2\/comments?post=5101"}],"version-history":[{"count":0,"href":"https:\/\/www.carideal.com\/blog\/wp-json\/wp\/v2\/posts\/5101\/revisions"}],"wp:featuredmedia":[{"embeddable":true,"href":"https:\/\/www.carideal.com\/blog\/wp-json\/wp\/v2\/media\/18686"}],"wp:attachment":[{"href":"https:\/\/www.carideal.com\/blog\/wp-json\/wp\/v2\/media?parent=5101"}],"wp:term":[{"taxonomy":"category","embeddable":true,"href":"https:\/\/www.carideal.com\/blog\/wp-json\/wp\/v2\/categories?post=5101"},{"taxonomy":"post_tag","embeddable":true,"href":"https:\/\/www.carideal.com\/blog\/wp-json\/wp\/v2\/tags?post=5101"}],"curies":[{"name":"wp","href":"https:\/\/api.w.org\/{rel}","templated":true}]}}