{"id":510,"date":"2012-04-20T09:55:00","date_gmt":"2012-04-20T09:55:00","guid":{"rendered":"http:\/\/carideal.com\/blog\/?p=510"},"modified":"2020-03-07T16:51:23","modified_gmt":"2020-03-07T15:51:23","slug":"renault-zoe-le-cameleon-de-lautomobile","status":"publish","type":"post","link":"https:\/\/www.carideal.com\/blog\/2012\/04\/20\/renault-zoe-le-cameleon-de-lautomobile\/","title":{"rendered":"Renault Zoe: le cameleon de l&rsquo;automobile !"},"content":{"rendered":"<p>Ultra innovante et beaucoup moins \u00e9nergivore que la plupart de ses homologues, la Renault Zo\u00e9 fait preuve d'une polyvalence inou\u00efe, puisque son chargeur \"Cam\u00e9l\u00e9on\" s'adapte \u00e0 n'importe quelle borne et \u00e0 n'importe quelle prise, pour un tarif quatre fois inf\u00e9rieur \u00e0 une borne standard. La recharge s'effectue en une demi-heure seulement.<\/p>\n<p>Tout comme la Honda Jazz Hybrid, la Zo\u00e9 b\u00e9n\u00e9ficie d'un bonus \u00e9cologique particuli\u00e8rement all\u00e9chant pouvant grimper jusqu'\u00e0 5000 \u20ac pour sa version d'entr\u00e9e de gamme, la Zo\u00e9 Life.<\/p>\n<p>La Zo\u00e9 ZE est la version la plus compl\u00e8te de la gamme. Elle arbore un look dynamique et dispose d'un syst\u00e8me de climatisation r\u00e9gul\u00e9e de pointe. Son gabarit est beaucoup plus compact que celui de la Fluence ZE, toutefois le volume du coffre reste honorable. Le moteur de 88 chevaux peut atteindre une vitesse de pointe de 135 km\/h.<\/p>\n<p>La marque au losange ne l\u00e9sine pas non plus sur la s\u00e9curit\u00e9. En effet, un g\u00e9n\u00e9rateur sonore ultra performant et enti\u00e8rement personnalisable alerte les pi\u00e9tons et les cyclistes situ\u00e9s \u00e0 proximit\u00e9 du v\u00e9hicule. Le syst\u00e8me est enclench\u00e9 d\u00e8s lors que la vitesse se place sous la barre des 30km\/h. La Zo\u00e9 dispose \u00e9galement de pneus Michelin Energy EV et d'un syst\u00e8me de freinage r\u00e9cup\u00e9ratif.<\/p>\n<p>Seul point noir. La batterie n'est pas inclue dans le v\u00e9hicule et il convient de souscrire \u00e0 un forfait locatif de 79 \u20ac par mois pour un kilom\u00e9trage annuel de 12 500 km et pour une dur\u00e9e d'engagement de 36 mois.<\/p>\n<p>Mais une chose est s\u00fbre: Renault est en train de s'imposer sur le segment de la voiture hybride. Le prix de vente de la Zo\u00e9 Life se situe aux alentours des 15 700 \u20ac. Il faudra compter davantage pour les versions haut-de-gamme Zo\u00e9 Zen en Zo\u00e9 Intens, soit environ 17 500 \u20ac, incitation fiscale d\u00e9duite.<\/p>\n","protected":false},"excerpt":{"rendered":"<p>Ultra innovante et beaucoup moins \u00e9nergivore que la plupart de ses homologues, la Renault Zo\u00e9 fait preuve d&rsquo;une polyvalence inou\u00efe, puisque son chargeur \u00ab\u00a0Cam\u00e9l\u00e9on\u00a0\u00bb s&rsquo;adapte \u00e0 n&rsquo;importe quelle borne et \u00e0 n&rsquo;importe quelle prise, pour un tarif quatre fois inf\u00e9rieur \u00e0 une borne standard. La recharge s&rsquo;effectue en une demi-heure seulement. Tout comme la Honda &#8230; <a title=\"Renault Zoe: le cameleon de l&rsquo;automobile !\" class=\"read-more\" href=\"https:\/\/www.carideal.com\/blog\/2012\/04\/20\/renault-zoe-le-cameleon-de-lautomobile\/\" aria-label=\"En savoir plus sur Renault Zoe: le cameleon de l&rsquo;automobile !\">Lire plus<\/a><\/p>\n","protected":false},"author":1,"featured_media":0,"comment_status":"open","ping_status":"open","sticky":false,"template":"","format":"standard","meta":{"_uag_custom_page_level_css":"","_themeisle_gutenberg_block_has_review":false,"footnotes":""},"categories":[9],"tags":[1348],"class_list":["post-510","post","type-post","status-publish","format-standard","hentry","category-divers","tag-citadine"],"wppr_data":[],"yoast_head":"<!-- This site is optimized with the Yoast SEO plugin v24.8.1 - https:\/\/yoast.com\/wordpress\/plugins\/seo\/ -->\n<title>Renault Zoe: le cameleon de l&#039;automobile ! - Blog auto Carid\u00e9al<\/title>\n<meta name=\"robots\" content=\"index, follow, max-snippet:-1, max-image-preview:large, max-video-preview:-1\" \/>\n<link rel=\"canonical\" href=\"https:\/\/www.carideal.com\/blog\/2012\/04\/20\/renault-zoe-le-cameleon-de-lautomobile\/\" \/>\n<meta property=\"og:locale\" content=\"fr_FR\" \/>\n<meta property=\"og:type\" content=\"article\" \/>\n<meta property=\"og:title\" content=\"Renault Zoe: le cameleon de l&#039;automobile ! - Blog auto Carid\u00e9al\" \/>\n<meta property=\"og:description\" content=\"Ultra innovante et beaucoup moins \u00e9nergivore que la plupart de ses homologues, la Renault Zo\u00e9 fait preuve d&#039;une polyvalence inou\u00efe, puisque son chargeur &quot;Cam\u00e9l\u00e9on&quot; s&#039;adapte \u00e0 n&#039;importe quelle borne et \u00e0 n&#039;importe quelle prise, pour un tarif quatre fois inf\u00e9rieur \u00e0 une borne standard. La recharge s&#039;effectue en une demi-heure seulement. Tout comme la Honda ... Lire plus\" \/>\n<meta property=\"og:url\" content=\"https:\/\/www.carideal.com\/blog\/2012\/04\/20\/renault-zoe-le-cameleon-de-lautomobile\/\" \/>\n<meta property=\"og:site_name\" content=\"Blog auto Carid\u00e9al\" \/>\n<meta property=\"article:publisher\" content=\"https:\/\/www.facebook.com\/Carideal.mandataire.automobile\" \/>\n<meta property=\"article:author\" content=\"https:\/\/www.facebook.com\/Carideal.mandataire.automobile\/\" \/>\n<meta property=\"article:published_time\" content=\"2012-04-20T09:55:00+00:00\" \/>\n<meta property=\"article:modified_time\" content=\"2020-03-07T15:51:23+00:00\" \/>\n<meta property=\"og:image\" content=\"https:\/\/www.carideal.com\/blog\/wp-content\/uploads\/2016\/03\/logo-carideal-mandataire-automobile.png\" \/>\n\t<meta property=\"og:image:width\" content=\"300\" \/>\n\t<meta property=\"og:image:height\" content=\"300\" \/>\n\t<meta property=\"og:image:type\" content=\"image\/png\" \/>\n<meta name=\"author\" content=\"N.S Carideal\" \/>\n<meta name=\"twitter:card\" content=\"summary_large_image\" \/>\n<meta name=\"twitter:creator\" content=\"@caridealauto\" \/>\n<meta name=\"twitter:site\" content=\"@caridealauto\" \/>\n<meta name=\"twitter:label1\" content=\"\u00c9crit par\" \/>\n\t<meta name=\"twitter:data1\" content=\"N.S Carideal\" \/>\n\t<meta name=\"twitter:label2\" content=\"Dur\u00e9e de lecture estim\u00e9e\" \/>\n\t<meta name=\"twitter:data2\" content=\"2 minutes\" \/>\n<script type=\"application\/ld+json\" class=\"yoast-schema-graph\">{\"@context\":\"https:\/\/schema.org\",\"@graph\":[{\"@type\":\"Article\",\"@id\":\"https:\/\/www.carideal.com\/blog\/2012\/04\/20\/renault-zoe-le-cameleon-de-lautomobile\/#article\",\"isPartOf\":{\"@id\":\"https:\/\/www.carideal.com\/blog\/2012\/04\/20\/renault-zoe-le-cameleon-de-lautomobile\/\"},\"author\":{\"name\":\"N.S Carideal\",\"@id\":\"https:\/\/www.carideal.com\/blog\/#\/schema\/person\/985c7e757d1042d647f21bfaf8d41ebc\"},\"headline\":\"Renault Zoe: le cameleon de l&rsquo;automobile !\",\"datePublished\":\"2012-04-20T09:55:00+00:00\",\"dateModified\":\"2020-03-07T15:51:23+00:00\",\"mainEntityOfPage\":{\"@id\":\"https:\/\/www.carideal.com\/blog\/2012\/04\/20\/renault-zoe-le-cameleon-de-lautomobile\/\"},\"wordCount\":317,\"commentCount\":0,\"publisher\":{\"@id\":\"https:\/\/www.carideal.com\/blog\/#organization\"},\"keywords\":[\"Voiture citadine\"],\"articleSection\":[\"Divers\"],\"inLanguage\":\"fr-FR\",\"potentialAction\":[{\"@type\":\"CommentAction\",\"name\":\"Comment\",\"target\":[\"https:\/\/www.carideal.com\/blog\/2012\/04\/20\/renault-zoe-le-cameleon-de-lautomobile\/#respond\"]}]},{\"@type\":\"WebPage\",\"@id\":\"https:\/\/www.carideal.com\/blog\/2012\/04\/20\/renault-zoe-le-cameleon-de-lautomobile\/\",\"url\":\"https:\/\/www.carideal.com\/blog\/2012\/04\/20\/renault-zoe-le-cameleon-de-lautomobile\/\",\"name\":\"Renault Zoe: le cameleon de l'automobile ! - Blog auto Carid\u00e9al\",\"isPartOf\":{\"@id\":\"https:\/\/www.carideal.com\/blog\/#website\"},\"datePublished\":\"2012-04-20T09:55:00+00:00\",\"dateModified\":\"2020-03-07T15:51:23+00:00\",\"breadcrumb\":{\"@id\":\"https:\/\/www.carideal.com\/blog\/2012\/04\/20\/renault-zoe-le-cameleon-de-lautomobile\/#breadcrumb\"},\"inLanguage\":\"fr-FR\",\"potentialAction\":[{\"@type\":\"ReadAction\",\"target\":[\"https:\/\/www.carideal.com\/blog\/2012\/04\/20\/renault-zoe-le-cameleon-de-lautomobile\/\"]}]},{\"@type\":\"BreadcrumbList\",\"@id\":\"https:\/\/www.carideal.com\/blog\/2012\/04\/20\/renault-zoe-le-cameleon-de-lautomobile\/#breadcrumb\",\"itemListElement\":[{\"@type\":\"ListItem\",\"position\":1,\"name\":\"Blog Carid\u00e9al\",\"item\":\"https:\/\/www.carideal.com\/blog\/\"},{\"@type\":\"ListItem\",\"position\":2,\"name\":\"Divers\",\"item\":\"https:\/\/www.carideal.com\/blog\/divers\/\"},{\"@type\":\"ListItem\",\"position\":3,\"name\":\"Renault Zoe: le cameleon de l&rsquo;automobile !\"}]},{\"@type\":\"WebSite\",\"@id\":\"https:\/\/www.carideal.com\/blog\/#website\",\"url\":\"https:\/\/www.carideal.com\/blog\/\",\"name\":\"Blog auto Carid\u00e9al\",\"description\":\"Actualit\u00e9 auto par des passionn\u00e9s\",\"publisher\":{\"@id\":\"https:\/\/www.carideal.com\/blog\/#organization\"},\"potentialAction\":[{\"@type\":\"SearchAction\",\"target\":{\"@type\":\"EntryPoint\",\"urlTemplate\":\"https:\/\/www.carideal.com\/blog\/?s={search_term_string}\"},\"query-input\":{\"@type\":\"PropertyValueSpecification\",\"valueRequired\":true,\"valueName\":\"search_term_string\"}}],\"inLanguage\":\"fr-FR\"},{\"@type\":\"Organization\",\"@id\":\"https:\/\/www.carideal.com\/blog\/#organization\",\"name\":\"Carideal\",\"url\":\"https:\/\/www.carideal.com\/blog\/\",\"logo\":{\"@type\":\"ImageObject\",\"inLanguage\":\"fr-FR\",\"@id\":\"https:\/\/www.carideal.com\/blog\/#\/schema\/logo\/image\/\",\"url\":\"http:\/\/www.carideal.com\/blog\/wp-content\/uploads\/2016\/03\/logo-carideal-mandataire-automobile.png\",\"contentUrl\":\"http:\/\/www.carideal.com\/blog\/wp-content\/uploads\/2016\/03\/logo-carideal-mandataire-automobile.png\",\"width\":300,\"height\":300,\"caption\":\"Carideal\"},\"image\":{\"@id\":\"https:\/\/www.carideal.com\/blog\/#\/schema\/logo\/image\/\"},\"sameAs\":[\"https:\/\/www.facebook.com\/Carideal.mandataire.automobile\",\"https:\/\/x.com\/caridealauto\",\"https:\/\/www.instagram.com\/carideal1\/\",\"https:\/\/www.linkedin.com\/company\/carideal.com\",\"https:\/\/fr.pinterest.com\/schiavonsas\/\",\"https:\/\/www.youtube.com\/user\/caridealsas\"]},{\"@type\":\"Person\",\"@id\":\"https:\/\/www.carideal.com\/blog\/#\/schema\/person\/985c7e757d1042d647f21bfaf8d41ebc\",\"name\":\"N.S Carideal\",\"image\":{\"@type\":\"ImageObject\",\"inLanguage\":\"fr-FR\",\"@id\":\"https:\/\/www.carideal.com\/blog\/#\/schema\/person\/image\/\",\"url\":\"https:\/\/secure.gravatar.com\/avatar\/edb7ccdf1a4e3d14aef967760d354d0e?s=96&r=g\",\"contentUrl\":\"https:\/\/secure.gravatar.com\/avatar\/edb7ccdf1a4e3d14aef967760d354d0e?s=96&r=g\",\"caption\":\"N.S Carideal\"},\"description\":\"Depuis tout petit fan d'automobile. Il est question d'essayer et de comparer toutes ces voitures qui nous ont fait r\u00e9ver, avant que celles-ci ne devient uniquement des voitures de collection.\",\"sameAs\":[\"http:\/\/www.carideal.com\/blog\",\"https:\/\/www.facebook.com\/Carideal.mandataire.automobile\/\",\"https:\/\/www.linkedin.com\/in\/nschiavon\/\",\"https:\/\/www.youtube.com\/user\/caridealsas\/\"],\"url\":\"https:\/\/www.carideal.com\/blog\/author\/admin_carideal\/\"}]}<\/script>\n<!-- \/ Yoast SEO plugin. -->","yoast_head_json":{"title":"Renault Zoe: le cameleon de l'automobile ! - Blog auto Carid\u00e9al","robots":{"index":"index","follow":"follow","max-snippet":"max-snippet:-1","max-image-preview":"max-image-preview:large","max-video-preview":"max-video-preview:-1"},"canonical":"https:\/\/www.carideal.com\/blog\/2012\/04\/20\/renault-zoe-le-cameleon-de-lautomobile\/","og_locale":"fr_FR","og_type":"article","og_title":"Renault Zoe: le cameleon de l'automobile ! - Blog auto Carid\u00e9al","og_description":"Ultra innovante et beaucoup moins \u00e9nergivore que la plupart de ses homologues, la Renault Zo\u00e9 fait preuve d'une polyvalence inou\u00efe, puisque son chargeur \"Cam\u00e9l\u00e9on\" s'adapte \u00e0 n'importe quelle borne et \u00e0 n'importe quelle prise, pour un tarif quatre fois inf\u00e9rieur \u00e0 une borne standard. La recharge s'effectue en une demi-heure seulement. Tout comme la Honda ... Lire plus","og_url":"https:\/\/www.carideal.com\/blog\/2012\/04\/20\/renault-zoe-le-cameleon-de-lautomobile\/","og_site_name":"Blog auto Carid\u00e9al","article_publisher":"https:\/\/www.facebook.com\/Carideal.mandataire.automobile","article_author":"https:\/\/www.facebook.com\/Carideal.mandataire.automobile\/","article_published_time":"2012-04-20T09:55:00+00:00","article_modified_time":"2020-03-07T15:51:23+00:00","og_image":[{"width":300,"height":300,"url":"https:\/\/www.carideal.com\/blog\/wp-content\/uploads\/2016\/03\/logo-carideal-mandataire-automobile.png","type":"image\/png"}],"author":"N.S Carideal","twitter_card":"summary_large_image","twitter_creator":"@caridealauto","twitter_site":"@caridealauto","twitter_misc":{"\u00c9crit par":"N.S Carideal","Dur\u00e9e de lecture estim\u00e9e":"2 minutes"},"schema":{"@context":"https:\/\/schema.org","@graph":[{"@type":"Article","@id":"https:\/\/www.carideal.com\/blog\/2012\/04\/20\/renault-zoe-le-cameleon-de-lautomobile\/#article","isPartOf":{"@id":"https:\/\/www.carideal.com\/blog\/2012\/04\/20\/renault-zoe-le-cameleon-de-lautomobile\/"},"author":{"name":"N.S Carideal","@id":"https:\/\/www.carideal.com\/blog\/#\/schema\/person\/985c7e757d1042d647f21bfaf8d41ebc"},"headline":"Renault Zoe: le cameleon de l&rsquo;automobile !","datePublished":"2012-04-20T09:55:00+00:00","dateModified":"2020-03-07T15:51:23+00:00","mainEntityOfPage":{"@id":"https:\/\/www.carideal.com\/blog\/2012\/04\/20\/renault-zoe-le-cameleon-de-lautomobile\/"},"wordCount":317,"commentCount":0,"publisher":{"@id":"https:\/\/www.carideal.com\/blog\/#organization"},"keywords":["Voiture citadine"],"articleSection":["Divers"],"inLanguage":"fr-FR","potentialAction":[{"@type":"CommentAction","name":"Comment","target":["https:\/\/www.carideal.com\/blog\/2012\/04\/20\/renault-zoe-le-cameleon-de-lautomobile\/#respond"]}]},{"@type":"WebPage","@id":"https:\/\/www.carideal.com\/blog\/2012\/04\/20\/renault-zoe-le-cameleon-de-lautomobile\/","url":"https:\/\/www.carideal.com\/blog\/2012\/04\/20\/renault-zoe-le-cameleon-de-lautomobile\/","name":"Renault Zoe: le cameleon de l'automobile ! - Blog auto Carid\u00e9al","isPartOf":{"@id":"https:\/\/www.carideal.com\/blog\/#website"},"datePublished":"2012-04-20T09:55:00+00:00","dateModified":"2020-03-07T15:51:23+00:00","breadcrumb":{"@id":"https:\/\/www.carideal.com\/blog\/2012\/04\/20\/renault-zoe-le-cameleon-de-lautomobile\/#breadcrumb"},"inLanguage":"fr-FR","potentialAction":[{"@type":"ReadAction","target":["https:\/\/www.carideal.com\/blog\/2012\/04\/20\/renault-zoe-le-cameleon-de-lautomobile\/"]}]},{"@type":"BreadcrumbList","@id":"https:\/\/www.carideal.com\/blog\/2012\/04\/20\/renault-zoe-le-cameleon-de-lautomobile\/#breadcrumb","itemListElement":[{"@type":"ListItem","position":1,"name":"Blog Carid\u00e9al","item":"https:\/\/www.carideal.com\/blog\/"},{"@type":"ListItem","position":2,"name":"Divers","item":"https:\/\/www.carideal.com\/blog\/divers\/"},{"@type":"ListItem","position":3,"name":"Renault Zoe: le cameleon de l&rsquo;automobile !"}]},{"@type":"WebSite","@id":"https:\/\/www.carideal.com\/blog\/#website","url":"https:\/\/www.carideal.com\/blog\/","name":"Blog auto Carid\u00e9al","description":"Actualit\u00e9 auto par des passionn\u00e9s","publisher":{"@id":"https:\/\/www.carideal.com\/blog\/#organization"},"potentialAction":[{"@type":"SearchAction","target":{"@type":"EntryPoint","urlTemplate":"https:\/\/www.carideal.com\/blog\/?s={search_term_string}"},"query-input":{"@type":"PropertyValueSpecification","valueRequired":true,"valueName":"search_term_string"}}],"inLanguage":"fr-FR"},{"@type":"Organization","@id":"https:\/\/www.carideal.com\/blog\/#organization","name":"Carideal","url":"https:\/\/www.carideal.com\/blog\/","logo":{"@type":"ImageObject","inLanguage":"fr-FR","@id":"https:\/\/www.carideal.com\/blog\/#\/schema\/logo\/image\/","url":"http:\/\/www.carideal.com\/blog\/wp-content\/uploads\/2016\/03\/logo-carideal-mandataire-automobile.png","contentUrl":"http:\/\/www.carideal.com\/blog\/wp-content\/uploads\/2016\/03\/logo-carideal-mandataire-automobile.png","width":300,"height":300,"caption":"Carideal"},"image":{"@id":"https:\/\/www.carideal.com\/blog\/#\/schema\/logo\/image\/"},"sameAs":["https:\/\/www.facebook.com\/Carideal.mandataire.automobile","https:\/\/x.com\/caridealauto","https:\/\/www.instagram.com\/carideal1\/","https:\/\/www.linkedin.com\/company\/carideal.com","https:\/\/fr.pinterest.com\/schiavonsas\/","https:\/\/www.youtube.com\/user\/caridealsas"]},{"@type":"Person","@id":"https:\/\/www.carideal.com\/blog\/#\/schema\/person\/985c7e757d1042d647f21bfaf8d41ebc","name":"N.S Carideal","image":{"@type":"ImageObject","inLanguage":"fr-FR","@id":"https:\/\/www.carideal.com\/blog\/#\/schema\/person\/image\/","url":"https:\/\/secure.gravatar.com\/avatar\/edb7ccdf1a4e3d14aef967760d354d0e?s=96&r=g","contentUrl":"https:\/\/secure.gravatar.com\/avatar\/edb7ccdf1a4e3d14aef967760d354d0e?s=96&r=g","caption":"N.S Carideal"},"description":"Depuis tout petit fan d'automobile. Il est question d'essayer et de comparer toutes ces voitures qui nous ont fait r\u00e9ver, avant que celles-ci ne devient uniquement des voitures de collection.","sameAs":["http:\/\/www.carideal.com\/blog","https:\/\/www.facebook.com\/Carideal.mandataire.automobile\/","https:\/\/www.linkedin.com\/in\/nschiavon\/","https:\/\/www.youtube.com\/user\/caridealsas\/"],"url":"https:\/\/www.carideal.com\/blog\/author\/admin_carideal\/"}]}},"uagb_featured_image_src":{"full":false,"thumbnail":false,"medium":false,"medium_large":false,"large":false,"1536x1536":false,"2048x2048":false,"wppr-widget":false},"uagb_author_info":{"display_name":"N.S Carideal","author_link":"https:\/\/www.carideal.com\/blog\/author\/admin_carideal\/"},"uagb_comment_info":0,"uagb_excerpt":"Ultra innovante et beaucoup moins \u00e9nergivore que la plupart de ses homologues, la Renault Zo\u00e9 fait preuve d'une polyvalence inou\u00efe, puisque son chargeur \"Cam\u00e9l\u00e9on\" s'adapte \u00e0 n'importe quelle borne et \u00e0 n'importe quelle prise, pour un tarif quatre fois inf\u00e9rieur \u00e0 une borne standard. La recharge s'effectue en une demi-heure seulement. Tout comme la Honda\u2026","_links":{"self":[{"href":"https:\/\/www.carideal.com\/blog\/wp-json\/wp\/v2\/posts\/510"}],"collection":[{"href":"https:\/\/www.carideal.com\/blog\/wp-json\/wp\/v2\/posts"}],"about":[{"href":"https:\/\/www.carideal.com\/blog\/wp-json\/wp\/v2\/types\/post"}],"author":[{"embeddable":true,"href":"https:\/\/www.carideal.com\/blog\/wp-json\/wp\/v2\/users\/1"}],"replies":[{"embeddable":true,"href":"https:\/\/www.carideal.com\/blog\/wp-json\/wp\/v2\/comments?post=510"}],"version-history":[{"count":0,"href":"https:\/\/www.carideal.com\/blog\/wp-json\/wp\/v2\/posts\/510\/revisions"}],"wp:attachment":[{"href":"https:\/\/www.carideal.com\/blog\/wp-json\/wp\/v2\/media?parent=510"}],"wp:term":[{"taxonomy":"category","embeddable":true,"href":"https:\/\/www.carideal.com\/blog\/wp-json\/wp\/v2\/categories?post=510"},{"taxonomy":"post_tag","embeddable":true,"href":"https:\/\/www.carideal.com\/blog\/wp-json\/wp\/v2\/tags?post=510"}],"curies":[{"name":"wp","href":"https:\/\/api.w.org\/{rel}","templated":true}]}}