{"id":5087,"date":"2013-01-06T23:00:00","date_gmt":"2013-01-06T23:00:00","guid":{"rendered":"http:\/\/www.carideal.com\/blog\/2013\/01\/06\/croissance-automobile-en-chine\/"},"modified":"2018-03-24T23:00:54","modified_gmt":"2018-03-24T22:00:54","slug":"croissance-automobile-en-chine","status":"publish","type":"post","link":"https:\/\/www.carideal.com\/blog\/2013\/01\/06\/croissance-automobile-en-chine\/","title":{"rendered":"Croissance automobile en chine"},"content":{"rendered":"<div>\n<h1>Le march\u00e9 Chinois tire la croissance automobile dans le monde.<\/h1>\n<\/div>\n<p>La Chine est et reste le march\u00e9 le plus prometteur de la plan\u00e8te. Premi\u00e8res marques import\u00e9es, <a href=\"http:\/\/www.carideal.com\/blog\/marque-de-voiture-actualites-essais\/volkswagen\/\">Volkswagen<\/a> ou G\u00e9n\u00e9ral Motors s'en frottent les mains. Certes nous sommes loin du taux de croissance de 24% affich\u00e9 entre 2005 et 2010. Mais selon une \u00e9tude McKinsey, les ventes devraient continuer d'y progresser jusqu'en 2020 sur un rythme annuel de plus de 8%. Le march\u00e9 devrait passer ainsi de 14.5 millions de v\u00e9hicules en 2011 \u00e0 22 millions \u00e0 la fin de la d\u00e9c\u00e9nnie.<\/p>\n<p>Dans le m\u00eame temps la demande \u00e9volue pour se rapprocher de celle des Etats-Unis, de l'Europe et du Japon. loin d'\u00eatre \u00e9colos, les Chinois continuent d'avoir un penchant pour les 4x4 et les <a href=\"http:\/\/www.carideal.com\/blog\/type-de-vehicule\/suv\/\">SUV<\/a> dont les ventes vont augmenter en moyenne de 13% par an jusqu'en 2020. Aubaine pour les constructeurs qui y font leurs meilleures marges, ils seront de plus en plus enclins, \u00e0 acheter des voitures ch\u00e8res entre 31000 et 100000 \u20ac.<\/p>\n<p>Cependant, du fait de l'\u00e9largissement de la classe moyenne, et bien que l'\u00e9tat ait drastiquement r\u00e9duit les subventions accord\u00e9es aux acheteurs de petites cylindr\u00e9es, le gros des ventes va se concentrer sur les voitures de milieu de gamme affich\u00e9es entre 10000 et 31000 \u20ac. McKinsey se veut n\u00e9anmoins prudent et pr\u00e9cise qu'il n'est pas facile de vendre des voitures en chine.<\/p>\n<p>Et certaines villes en Chine comme P\u00e9kin, Shanghai et Canton limitent, par exemple, la circulation \u00e0 cause de la pollution et du trafic, et une vingtaine d'autres m\u00e9tropoles devraient suivre d'ici 2020.<\/p>\n<p>http:\/\/www.carideal.com\/blog\/index.php?post\/2013\/01\/01\/La-Peugeot-301-pour-le-reste-du-monde<\/p>\n","protected":false},"excerpt":{"rendered":"<p>Le march\u00e9 Chinois tire la croissance automobile dans le monde. La Chine est et reste le march\u00e9 le plus prometteur de la plan\u00e8te. Premi\u00e8res marques import\u00e9es, Volkswagen ou G\u00e9n\u00e9ral Motors s&rsquo;en frottent les mains. Certes nous sommes loin du taux de croissance de 24% affich\u00e9 entre 2005 et 2010. Mais selon une \u00e9tude McKinsey, les &#8230; <a title=\"Croissance automobile en chine\" class=\"read-more\" href=\"https:\/\/www.carideal.com\/blog\/2013\/01\/06\/croissance-automobile-en-chine\/\" aria-label=\"En savoir plus sur Croissance automobile en chine\">Lire plus<\/a><\/p>\n","protected":false},"author":3,"featured_media":17058,"comment_status":"open","ping_status":"open","sticky":false,"template":"","format":"standard","meta":{"_uag_custom_page_level_css":"","_themeisle_gutenberg_block_has_review":false,"footnotes":""},"categories":[21,10],"tags":[],"class_list":["post-5087","post","type-post","status-publish","format-standard","has-post-thumbnail","hentry","category-actualites-auto","category-marche-automobile-voiture-neuve-occasion-4x4-suv"],"wppr_data":{"cwp_meta_box_check":"No"},"yoast_head":"<!-- This site is optimized with the Yoast SEO plugin v24.8.1 - https:\/\/yoast.com\/wordpress\/plugins\/seo\/ -->\n<title>Croissance automobile en chine - Blog auto Carid\u00e9al<\/title>\n<meta name=\"robots\" content=\"index, follow, max-snippet:-1, max-image-preview:large, max-video-preview:-1\" \/>\n<link rel=\"canonical\" href=\"https:\/\/www.carideal.com\/blog\/2013\/01\/06\/croissance-automobile-en-chine\/\" \/>\n<meta property=\"og:locale\" content=\"fr_FR\" \/>\n<meta property=\"og:type\" content=\"article\" \/>\n<meta property=\"og:title\" content=\"Croissance automobile en chine - Blog auto Carid\u00e9al\" \/>\n<meta property=\"og:description\" content=\"Le march\u00e9 Chinois tire la croissance automobile dans le monde. La Chine est et reste le march\u00e9 le plus prometteur de la plan\u00e8te. Premi\u00e8res marques import\u00e9es, Volkswagen ou G\u00e9n\u00e9ral Motors s&#039;en frottent les mains. Certes nous sommes loin du taux de croissance de 24% affich\u00e9 entre 2005 et 2010. Mais selon une \u00e9tude McKinsey, les ... Lire plus\" \/>\n<meta property=\"og:url\" content=\"https:\/\/www.carideal.com\/blog\/2013\/01\/06\/croissance-automobile-en-chine\/\" \/>\n<meta property=\"og:site_name\" content=\"Blog auto Carid\u00e9al\" \/>\n<meta property=\"article:publisher\" content=\"https:\/\/www.facebook.com\/Carideal.mandataire.automobile\" \/>\n<meta property=\"article:author\" content=\"https:\/\/www.facebook.com\/nicolas.schiavon.39\" \/>\n<meta property=\"article:published_time\" content=\"2013-01-06T23:00:00+00:00\" \/>\n<meta property=\"article:modified_time\" content=\"2018-03-24T22:00:54+00:00\" \/>\n<meta property=\"og:image\" content=\"https:\/\/www.carideal.com\/blog\/wp-content\/uploads\/2013\/01\/volkswagenchineachatcaridealmandataireautomobile-1357559407.jpg\" \/>\n\t<meta property=\"og:image:width\" content=\"470\" \/>\n\t<meta property=\"og:image:height\" content=\"313\" \/>\n\t<meta property=\"og:image:type\" content=\"image\/jpeg\" \/>\n<meta name=\"author\" content=\"Nicolas SCHIAVON\" \/>\n<meta name=\"twitter:card\" content=\"summary_large_image\" \/>\n<meta name=\"twitter:creator\" content=\"@caridealauto\" \/>\n<meta name=\"twitter:site\" content=\"@caridealauto\" \/>\n<meta name=\"twitter:label1\" content=\"\u00c9crit par\" \/>\n\t<meta name=\"twitter:data1\" content=\"Nicolas SCHIAVON\" \/>\n\t<meta name=\"twitter:label2\" content=\"Dur\u00e9e de lecture estim\u00e9e\" \/>\n\t<meta name=\"twitter:data2\" content=\"1 minute\" \/>\n<script type=\"application\/ld+json\" class=\"yoast-schema-graph\">{\"@context\":\"https:\/\/schema.org\",\"@graph\":[{\"@type\":\"Article\",\"@id\":\"https:\/\/www.carideal.com\/blog\/2013\/01\/06\/croissance-automobile-en-chine\/#article\",\"isPartOf\":{\"@id\":\"https:\/\/www.carideal.com\/blog\/2013\/01\/06\/croissance-automobile-en-chine\/\"},\"author\":{\"name\":\"Nicolas SCHIAVON\",\"@id\":\"https:\/\/www.carideal.com\/blog\/#\/schema\/person\/cd95dc7919660de90d31b366f85be1ec\"},\"headline\":\"Croissance automobile en chine\",\"datePublished\":\"2013-01-06T23:00:00+00:00\",\"dateModified\":\"2018-03-24T22:00:54+00:00\",\"mainEntityOfPage\":{\"@id\":\"https:\/\/www.carideal.com\/blog\/2013\/01\/06\/croissance-automobile-en-chine\/\"},\"wordCount\":272,\"commentCount\":0,\"publisher\":{\"@id\":\"https:\/\/www.carideal.com\/blog\/#organization\"},\"image\":{\"@id\":\"https:\/\/www.carideal.com\/blog\/2013\/01\/06\/croissance-automobile-en-chine\/#primaryimage\"},\"thumbnailUrl\":\"https:\/\/www.carideal.com\/blog\/wp-content\/uploads\/2013\/01\/volkswagenchineachatcaridealmandataireautomobile-1357559407.jpg\",\"articleSection\":[\"Actualit\u00e9 automobile\",\"March\u00e9 automobile\"],\"inLanguage\":\"fr-FR\",\"potentialAction\":[{\"@type\":\"CommentAction\",\"name\":\"Comment\",\"target\":[\"https:\/\/www.carideal.com\/blog\/2013\/01\/06\/croissance-automobile-en-chine\/#respond\"]}]},{\"@type\":\"WebPage\",\"@id\":\"https:\/\/www.carideal.com\/blog\/2013\/01\/06\/croissance-automobile-en-chine\/\",\"url\":\"https:\/\/www.carideal.com\/blog\/2013\/01\/06\/croissance-automobile-en-chine\/\",\"name\":\"Croissance automobile en chine - Blog auto Carid\u00e9al\",\"isPartOf\":{\"@id\":\"https:\/\/www.carideal.com\/blog\/#website\"},\"primaryImageOfPage\":{\"@id\":\"https:\/\/www.carideal.com\/blog\/2013\/01\/06\/croissance-automobile-en-chine\/#primaryimage\"},\"image\":{\"@id\":\"https:\/\/www.carideal.com\/blog\/2013\/01\/06\/croissance-automobile-en-chine\/#primaryimage\"},\"thumbnailUrl\":\"https:\/\/www.carideal.com\/blog\/wp-content\/uploads\/2013\/01\/volkswagenchineachatcaridealmandataireautomobile-1357559407.jpg\",\"datePublished\":\"2013-01-06T23:00:00+00:00\",\"dateModified\":\"2018-03-24T22:00:54+00:00\",\"breadcrumb\":{\"@id\":\"https:\/\/www.carideal.com\/blog\/2013\/01\/06\/croissance-automobile-en-chine\/#breadcrumb\"},\"inLanguage\":\"fr-FR\",\"potentialAction\":[{\"@type\":\"ReadAction\",\"target\":[\"https:\/\/www.carideal.com\/blog\/2013\/01\/06\/croissance-automobile-en-chine\/\"]}]},{\"@type\":\"ImageObject\",\"inLanguage\":\"fr-FR\",\"@id\":\"https:\/\/www.carideal.com\/blog\/2013\/01\/06\/croissance-automobile-en-chine\/#primaryimage\",\"url\":\"https:\/\/www.carideal.com\/blog\/wp-content\/uploads\/2013\/01\/volkswagenchineachatcaridealmandataireautomobile-1357559407.jpg\",\"contentUrl\":\"https:\/\/www.carideal.com\/blog\/wp-content\/uploads\/2013\/01\/volkswagenchineachatcaridealmandataireautomobile-1357559407.jpg\",\"width\":470,\"height\":313,\"caption\":\"Croissance automobile en chine\"},{\"@type\":\"BreadcrumbList\",\"@id\":\"https:\/\/www.carideal.com\/blog\/2013\/01\/06\/croissance-automobile-en-chine\/#breadcrumb\",\"itemListElement\":[{\"@type\":\"ListItem\",\"position\":1,\"name\":\"Blog Carid\u00e9al\",\"item\":\"https:\/\/www.carideal.com\/blog\/\"},{\"@type\":\"ListItem\",\"position\":2,\"name\":\"March\u00e9 automobile\",\"item\":\"https:\/\/www.carideal.com\/blog\/marche-automobile-voiture-neuve-occasion-4x4-suv\/\"},{\"@type\":\"ListItem\",\"position\":3,\"name\":\"Croissance automobile en chine\"}]},{\"@type\":\"WebSite\",\"@id\":\"https:\/\/www.carideal.com\/blog\/#website\",\"url\":\"https:\/\/www.carideal.com\/blog\/\",\"name\":\"Blog auto Carid\u00e9al\",\"description\":\"Actualit\u00e9 auto par des passionn\u00e9s\",\"publisher\":{\"@id\":\"https:\/\/www.carideal.com\/blog\/#organization\"},\"potentialAction\":[{\"@type\":\"SearchAction\",\"target\":{\"@type\":\"EntryPoint\",\"urlTemplate\":\"https:\/\/www.carideal.com\/blog\/?s={search_term_string}\"},\"query-input\":{\"@type\":\"PropertyValueSpecification\",\"valueRequired\":true,\"valueName\":\"search_term_string\"}}],\"inLanguage\":\"fr-FR\"},{\"@type\":\"Organization\",\"@id\":\"https:\/\/www.carideal.com\/blog\/#organization\",\"name\":\"Carideal\",\"url\":\"https:\/\/www.carideal.com\/blog\/\",\"logo\":{\"@type\":\"ImageObject\",\"inLanguage\":\"fr-FR\",\"@id\":\"https:\/\/www.carideal.com\/blog\/#\/schema\/logo\/image\/\",\"url\":\"http:\/\/www.carideal.com\/blog\/wp-content\/uploads\/2016\/03\/logo-carideal-mandataire-automobile.png\",\"contentUrl\":\"http:\/\/www.carideal.com\/blog\/wp-content\/uploads\/2016\/03\/logo-carideal-mandataire-automobile.png\",\"width\":300,\"height\":300,\"caption\":\"Carideal\"},\"image\":{\"@id\":\"https:\/\/www.carideal.com\/blog\/#\/schema\/logo\/image\/\"},\"sameAs\":[\"https:\/\/www.facebook.com\/Carideal.mandataire.automobile\",\"https:\/\/x.com\/caridealauto\",\"https:\/\/www.instagram.com\/carideal1\/\",\"https:\/\/www.linkedin.com\/company\/carideal.com\",\"https:\/\/fr.pinterest.com\/schiavonsas\/\",\"https:\/\/www.youtube.com\/user\/caridealsas\"]},{\"@type\":\"Person\",\"@id\":\"https:\/\/www.carideal.com\/blog\/#\/schema\/person\/cd95dc7919660de90d31b366f85be1ec\",\"name\":\"Nicolas SCHIAVON\",\"image\":{\"@type\":\"ImageObject\",\"inLanguage\":\"fr-FR\",\"@id\":\"https:\/\/www.carideal.com\/blog\/#\/schema\/person\/image\/\",\"url\":\"https:\/\/secure.gravatar.com\/avatar\/c17e55009e671d92cc7f5dc837dc418a?s=96&r=g\",\"contentUrl\":\"https:\/\/secure.gravatar.com\/avatar\/c17e55009e671d92cc7f5dc837dc418a?s=96&r=g\",\"caption\":\"Nicolas SCHIAVON\"},\"description\":\"Nicolas Schiavon est tomb\u00e9 tout petit dans la marmite automobile. Ayant eu un garage de marque automobile, mandataire automobile de la premi\u00e8re heure d\u00e8s 1999. Nicolas a cr\u00e9\u00e9 ces premiers sites de vente de voiture et blog automobile d\u00e8s 1994. Carideal est n\u00e9 le 15 d\u00e9cembre 2000 de la volont\u00e9 de vendre des voitures d'occasions en ligne puis des voitures neuves. Il a pu essayer beaucoup de voitures tr\u00e8s diff\u00e9rentes et ayant eu personnellement quelques belles autos, Subaru Impreza, Mitsubishi Lancer Evo 7, Porsche 911, Ferrari Testarrossa, Audi RS3, RS4 et j'en passe...\",\"sameAs\":[\"http:\/\/www.carideal.com\",\"https:\/\/www.facebook.com\/nicolas.schiavon.39\",\"https:\/\/www.instagram.com\/carideal1\/\",\"https:\/\/www.linkedin.com\/in\/nschiavon\/\",\"https:\/\/x.com\/caridealauto\",\"https:\/\/www.youtube.com\/user\/caridealsas\/\"],\"url\":\"https:\/\/www.carideal.com\/blog\/author\/nschiavon\/\"}]}<\/script>\n<!-- \/ Yoast SEO plugin. -->","yoast_head_json":{"title":"Croissance automobile en chine - Blog auto Carid\u00e9al","robots":{"index":"index","follow":"follow","max-snippet":"max-snippet:-1","max-image-preview":"max-image-preview:large","max-video-preview":"max-video-preview:-1"},"canonical":"https:\/\/www.carideal.com\/blog\/2013\/01\/06\/croissance-automobile-en-chine\/","og_locale":"fr_FR","og_type":"article","og_title":"Croissance automobile en chine - Blog auto Carid\u00e9al","og_description":"Le march\u00e9 Chinois tire la croissance automobile dans le monde. La Chine est et reste le march\u00e9 le plus prometteur de la plan\u00e8te. Premi\u00e8res marques import\u00e9es, Volkswagen ou G\u00e9n\u00e9ral Motors s'en frottent les mains. Certes nous sommes loin du taux de croissance de 24% affich\u00e9 entre 2005 et 2010. Mais selon une \u00e9tude McKinsey, les ... Lire plus","og_url":"https:\/\/www.carideal.com\/blog\/2013\/01\/06\/croissance-automobile-en-chine\/","og_site_name":"Blog auto Carid\u00e9al","article_publisher":"https:\/\/www.facebook.com\/Carideal.mandataire.automobile","article_author":"https:\/\/www.facebook.com\/nicolas.schiavon.39","article_published_time":"2013-01-06T23:00:00+00:00","article_modified_time":"2018-03-24T22:00:54+00:00","og_image":[{"width":470,"height":313,"url":"https:\/\/www.carideal.com\/blog\/wp-content\/uploads\/2013\/01\/volkswagenchineachatcaridealmandataireautomobile-1357559407.jpg","type":"image\/jpeg"}],"author":"Nicolas SCHIAVON","twitter_card":"summary_large_image","twitter_creator":"@caridealauto","twitter_site":"@caridealauto","twitter_misc":{"\u00c9crit par":"Nicolas SCHIAVON","Dur\u00e9e de lecture estim\u00e9e":"1 minute"},"schema":{"@context":"https:\/\/schema.org","@graph":[{"@type":"Article","@id":"https:\/\/www.carideal.com\/blog\/2013\/01\/06\/croissance-automobile-en-chine\/#article","isPartOf":{"@id":"https:\/\/www.carideal.com\/blog\/2013\/01\/06\/croissance-automobile-en-chine\/"},"author":{"name":"Nicolas SCHIAVON","@id":"https:\/\/www.carideal.com\/blog\/#\/schema\/person\/cd95dc7919660de90d31b366f85be1ec"},"headline":"Croissance automobile en chine","datePublished":"2013-01-06T23:00:00+00:00","dateModified":"2018-03-24T22:00:54+00:00","mainEntityOfPage":{"@id":"https:\/\/www.carideal.com\/blog\/2013\/01\/06\/croissance-automobile-en-chine\/"},"wordCount":272,"commentCount":0,"publisher":{"@id":"https:\/\/www.carideal.com\/blog\/#organization"},"image":{"@id":"https:\/\/www.carideal.com\/blog\/2013\/01\/06\/croissance-automobile-en-chine\/#primaryimage"},"thumbnailUrl":"https:\/\/www.carideal.com\/blog\/wp-content\/uploads\/2013\/01\/volkswagenchineachatcaridealmandataireautomobile-1357559407.jpg","articleSection":["Actualit\u00e9 automobile","March\u00e9 automobile"],"inLanguage":"fr-FR","potentialAction":[{"@type":"CommentAction","name":"Comment","target":["https:\/\/www.carideal.com\/blog\/2013\/01\/06\/croissance-automobile-en-chine\/#respond"]}]},{"@type":"WebPage","@id":"https:\/\/www.carideal.com\/blog\/2013\/01\/06\/croissance-automobile-en-chine\/","url":"https:\/\/www.carideal.com\/blog\/2013\/01\/06\/croissance-automobile-en-chine\/","name":"Croissance automobile en chine - Blog auto Carid\u00e9al","isPartOf":{"@id":"https:\/\/www.carideal.com\/blog\/#website"},"primaryImageOfPage":{"@id":"https:\/\/www.carideal.com\/blog\/2013\/01\/06\/croissance-automobile-en-chine\/#primaryimage"},"image":{"@id":"https:\/\/www.carideal.com\/blog\/2013\/01\/06\/croissance-automobile-en-chine\/#primaryimage"},"thumbnailUrl":"https:\/\/www.carideal.com\/blog\/wp-content\/uploads\/2013\/01\/volkswagenchineachatcaridealmandataireautomobile-1357559407.jpg","datePublished":"2013-01-06T23:00:00+00:00","dateModified":"2018-03-24T22:00:54+00:00","breadcrumb":{"@id":"https:\/\/www.carideal.com\/blog\/2013\/01\/06\/croissance-automobile-en-chine\/#breadcrumb"},"inLanguage":"fr-FR","potentialAction":[{"@type":"ReadAction","target":["https:\/\/www.carideal.com\/blog\/2013\/01\/06\/croissance-automobile-en-chine\/"]}]},{"@type":"ImageObject","inLanguage":"fr-FR","@id":"https:\/\/www.carideal.com\/blog\/2013\/01\/06\/croissance-automobile-en-chine\/#primaryimage","url":"https:\/\/www.carideal.com\/blog\/wp-content\/uploads\/2013\/01\/volkswagenchineachatcaridealmandataireautomobile-1357559407.jpg","contentUrl":"https:\/\/www.carideal.com\/blog\/wp-content\/uploads\/2013\/01\/volkswagenchineachatcaridealmandataireautomobile-1357559407.jpg","width":470,"height":313,"caption":"Croissance automobile en chine"},{"@type":"BreadcrumbList","@id":"https:\/\/www.carideal.com\/blog\/2013\/01\/06\/croissance-automobile-en-chine\/#breadcrumb","itemListElement":[{"@type":"ListItem","position":1,"name":"Blog Carid\u00e9al","item":"https:\/\/www.carideal.com\/blog\/"},{"@type":"ListItem","position":2,"name":"March\u00e9 automobile","item":"https:\/\/www.carideal.com\/blog\/marche-automobile-voiture-neuve-occasion-4x4-suv\/"},{"@type":"ListItem","position":3,"name":"Croissance automobile en chine"}]},{"@type":"WebSite","@id":"https:\/\/www.carideal.com\/blog\/#website","url":"https:\/\/www.carideal.com\/blog\/","name":"Blog auto Carid\u00e9al","description":"Actualit\u00e9 auto par des passionn\u00e9s","publisher":{"@id":"https:\/\/www.carideal.com\/blog\/#organization"},"potentialAction":[{"@type":"SearchAction","target":{"@type":"EntryPoint","urlTemplate":"https:\/\/www.carideal.com\/blog\/?s={search_term_string}"},"query-input":{"@type":"PropertyValueSpecification","valueRequired":true,"valueName":"search_term_string"}}],"inLanguage":"fr-FR"},{"@type":"Organization","@id":"https:\/\/www.carideal.com\/blog\/#organization","name":"Carideal","url":"https:\/\/www.carideal.com\/blog\/","logo":{"@type":"ImageObject","inLanguage":"fr-FR","@id":"https:\/\/www.carideal.com\/blog\/#\/schema\/logo\/image\/","url":"http:\/\/www.carideal.com\/blog\/wp-content\/uploads\/2016\/03\/logo-carideal-mandataire-automobile.png","contentUrl":"http:\/\/www.carideal.com\/blog\/wp-content\/uploads\/2016\/03\/logo-carideal-mandataire-automobile.png","width":300,"height":300,"caption":"Carideal"},"image":{"@id":"https:\/\/www.carideal.com\/blog\/#\/schema\/logo\/image\/"},"sameAs":["https:\/\/www.facebook.com\/Carideal.mandataire.automobile","https:\/\/x.com\/caridealauto","https:\/\/www.instagram.com\/carideal1\/","https:\/\/www.linkedin.com\/company\/carideal.com","https:\/\/fr.pinterest.com\/schiavonsas\/","https:\/\/www.youtube.com\/user\/caridealsas"]},{"@type":"Person","@id":"https:\/\/www.carideal.com\/blog\/#\/schema\/person\/cd95dc7919660de90d31b366f85be1ec","name":"Nicolas SCHIAVON","image":{"@type":"ImageObject","inLanguage":"fr-FR","@id":"https:\/\/www.carideal.com\/blog\/#\/schema\/person\/image\/","url":"https:\/\/secure.gravatar.com\/avatar\/c17e55009e671d92cc7f5dc837dc418a?s=96&r=g","contentUrl":"https:\/\/secure.gravatar.com\/avatar\/c17e55009e671d92cc7f5dc837dc418a?s=96&r=g","caption":"Nicolas SCHIAVON"},"description":"Nicolas Schiavon est tomb\u00e9 tout petit dans la marmite automobile. Ayant eu un garage de marque automobile, mandataire automobile de la premi\u00e8re heure d\u00e8s 1999. Nicolas a cr\u00e9\u00e9 ces premiers sites de vente de voiture et blog automobile d\u00e8s 1994. Carideal est n\u00e9 le 15 d\u00e9cembre 2000 de la volont\u00e9 de vendre des voitures d'occasions en ligne puis des voitures neuves. Il a pu essayer beaucoup de voitures tr\u00e8s diff\u00e9rentes et ayant eu personnellement quelques belles autos, Subaru Impreza, Mitsubishi Lancer Evo 7, Porsche 911, Ferrari Testarrossa, Audi RS3, RS4 et j'en passe...","sameAs":["http:\/\/www.carideal.com","https:\/\/www.facebook.com\/nicolas.schiavon.39","https:\/\/www.instagram.com\/carideal1\/","https:\/\/www.linkedin.com\/in\/nschiavon\/","https:\/\/x.com\/caridealauto","https:\/\/www.youtube.com\/user\/caridealsas\/"],"url":"https:\/\/www.carideal.com\/blog\/author\/nschiavon\/"}]}},"uagb_featured_image_src":{"full":["https:\/\/www.carideal.com\/blog\/wp-content\/uploads\/2013\/01\/volkswagenchineachatcaridealmandataireautomobile-1357559407.jpg",470,313,false],"thumbnail":["https:\/\/www.carideal.com\/blog\/wp-content\/uploads\/2013\/01\/volkswagenchineachatcaridealmandataireautomobile-1357559407-150x150.jpg",150,150,true],"medium":["https:\/\/www.carideal.com\/blog\/wp-content\/uploads\/2013\/01\/volkswagenchineachatcaridealmandataireautomobile-1357559407-300x200.jpg",300,200,true],"medium_large":["https:\/\/www.carideal.com\/blog\/wp-content\/uploads\/2013\/01\/volkswagenchineachatcaridealmandataireautomobile-1357559407.jpg",470,313,false],"large":["https:\/\/www.carideal.com\/blog\/wp-content\/uploads\/2013\/01\/volkswagenchineachatcaridealmandataireautomobile-1357559407.jpg",470,313,false],"1536x1536":["https:\/\/www.carideal.com\/blog\/wp-content\/uploads\/2013\/01\/volkswagenchineachatcaridealmandataireautomobile-1357559407.jpg",470,313,false],"2048x2048":["https:\/\/www.carideal.com\/blog\/wp-content\/uploads\/2013\/01\/volkswagenchineachatcaridealmandataireautomobile-1357559407.jpg",470,313,false],"wppr-widget":["https:\/\/www.carideal.com\/blog\/wp-content\/uploads\/2013\/01\/volkswagenchineachatcaridealmandataireautomobile-1357559407.jpg",50,33,false]},"uagb_author_info":{"display_name":"Nicolas SCHIAVON","author_link":"https:\/\/www.carideal.com\/blog\/author\/nschiavon\/"},"uagb_comment_info":0,"uagb_excerpt":"Le march\u00e9 Chinois tire la croissance automobile dans le monde. La Chine est et reste le march\u00e9 le plus prometteur de la plan\u00e8te. Premi\u00e8res marques import\u00e9es, Volkswagen ou G\u00e9n\u00e9ral Motors s'en frottent les mains. Certes nous sommes loin du taux de croissance de 24% affich\u00e9 entre 2005 et 2010. Mais selon une \u00e9tude McKinsey, les\u2026","_links":{"self":[{"href":"https:\/\/www.carideal.com\/blog\/wp-json\/wp\/v2\/posts\/5087"}],"collection":[{"href":"https:\/\/www.carideal.com\/blog\/wp-json\/wp\/v2\/posts"}],"about":[{"href":"https:\/\/www.carideal.com\/blog\/wp-json\/wp\/v2\/types\/post"}],"author":[{"embeddable":true,"href":"https:\/\/www.carideal.com\/blog\/wp-json\/wp\/v2\/users\/3"}],"replies":[{"embeddable":true,"href":"https:\/\/www.carideal.com\/blog\/wp-json\/wp\/v2\/comments?post=5087"}],"version-history":[{"count":0,"href":"https:\/\/www.carideal.com\/blog\/wp-json\/wp\/v2\/posts\/5087\/revisions"}],"wp:featuredmedia":[{"embeddable":true,"href":"https:\/\/www.carideal.com\/blog\/wp-json\/wp\/v2\/media\/17058"}],"wp:attachment":[{"href":"https:\/\/www.carideal.com\/blog\/wp-json\/wp\/v2\/media?parent=5087"}],"wp:term":[{"taxonomy":"category","embeddable":true,"href":"https:\/\/www.carideal.com\/blog\/wp-json\/wp\/v2\/categories?post=5087"},{"taxonomy":"post_tag","embeddable":true,"href":"https:\/\/www.carideal.com\/blog\/wp-json\/wp\/v2\/tags?post=5087"}],"curies":[{"name":"wp","href":"https:\/\/api.w.org\/{rel}","templated":true}]}}