{"id":5086,"date":"2013-01-05T23:00:00","date_gmt":"2013-01-05T23:00:00","guid":{"rendered":"http:\/\/www.carideal.com\/blog\/2013\/01\/05\/downsizing-150-ch-au-litre-pour-ford\/"},"modified":"2019-01-30T17:14:37","modified_gmt":"2019-01-30T16:14:37","slug":"downsizing-150-ch-au-litre-pour-ford","status":"publish","type":"post","link":"https:\/\/www.carideal.com\/blog\/2013\/01\/05\/downsizing-150-ch-au-litre-pour-ford\/","title":{"rendered":"downsizing 150 ch au litre pour ford"},"content":{"rendered":"<div><img decoding=\"async\" src=\"http:\/\/www.carideal.com\/images_actualite\/10ecoboost150chcaridealmandataireautomobile-1357502822.jpg\" \/>Downsizing 150 ch au litre pour Ford<\/p>\n<\/div>\n<h2>Downsizing 150 ch au litre pour Ford<\/h2>\n<p>Non content d'avoir mis au point un moteur \u00e0 essence de 1000 cm3 de 125 ch, mont\u00e9 sur la Fiesta, les ing\u00e9nieurs Ford cherchent \u00e0 monter cette puissance \u00e0 150 ch. Au stade de prototype, ce bloc \u00e0 haut rendement devra r\u00e9ussir divers tests d'endurance avant lanc\u00e9 en grande s\u00e9rie.<\/p>\n","protected":false},"excerpt":{"rendered":"<p>Downsizing 150 ch au litre pour Ford Downsizing 150 ch au litre pour Ford Non content d&rsquo;avoir mis au point un moteur \u00e0 essence de 1000 cm3 de 125 ch, mont\u00e9 sur la Fiesta, les ing\u00e9nieurs Ford cherchent \u00e0 monter cette puissance \u00e0 150 ch. Au stade de prototype, ce bloc \u00e0 haut rendement devra &#8230; <a title=\"downsizing 150 ch au litre pour ford\" class=\"read-more\" href=\"https:\/\/www.carideal.com\/blog\/2013\/01\/05\/downsizing-150-ch-au-litre-pour-ford\/\" aria-label=\"En savoir plus sur downsizing 150 ch au litre pour ford\">Lire plus<\/a><\/p>\n","protected":false},"author":3,"featured_media":0,"comment_status":"open","ping_status":"open","sticky":false,"template":"","format":"standard","meta":{"_uag_custom_page_level_css":"","_themeisle_gutenberg_block_has_review":false,"footnotes":""},"categories":[5968],"tags":[],"class_list":["post-5086","post","type-post","status-publish","format-standard","hentry","category-ford"],"wppr_data":{"cwp_meta_box_check":"No"},"yoast_head":"<!-- This site is optimized with the Yoast SEO plugin v24.8.1 - https:\/\/yoast.com\/wordpress\/plugins\/seo\/ -->\n<title>downsizing 150 ch au litre pour ford - Blog auto Carid\u00e9al<\/title>\n<meta name=\"robots\" content=\"noindex, follow\" \/>\n<meta property=\"og:locale\" content=\"fr_FR\" \/>\n<meta property=\"og:type\" content=\"article\" \/>\n<meta property=\"og:title\" content=\"downsizing 150 ch au litre pour ford - Blog auto Carid\u00e9al\" \/>\n<meta property=\"og:description\" content=\"Downsizing 150 ch au litre pour Ford Downsizing 150 ch au litre pour Ford Non content d&#039;avoir mis au point un moteur \u00e0 essence de 1000 cm3 de 125 ch, mont\u00e9 sur la Fiesta, les ing\u00e9nieurs Ford cherchent \u00e0 monter cette puissance \u00e0 150 ch. Au stade de prototype, ce bloc \u00e0 haut rendement devra ... Lire plus\" \/>\n<meta property=\"og:url\" content=\"https:\/\/www.carideal.com\/blog\/2013\/01\/05\/downsizing-150-ch-au-litre-pour-ford\/\" \/>\n<meta property=\"og:site_name\" content=\"Blog auto Carid\u00e9al\" \/>\n<meta property=\"article:publisher\" content=\"https:\/\/www.facebook.com\/Carideal.mandataire.automobile\" \/>\n<meta property=\"article:author\" content=\"https:\/\/www.facebook.com\/nicolas.schiavon.39\" \/>\n<meta property=\"article:published_time\" content=\"2013-01-05T23:00:00+00:00\" \/>\n<meta property=\"article:modified_time\" content=\"2019-01-30T16:14:37+00:00\" \/>\n<meta property=\"og:image\" content=\"http:\/\/www.carideal.com\/images_actualite\/10ecoboost150chcaridealmandataireautomobile-1357502822.jpg\" \/>\n<meta name=\"author\" content=\"Nicolas SCHIAVON\" \/>\n<meta name=\"twitter:card\" content=\"summary_large_image\" \/>\n<meta name=\"twitter:creator\" content=\"@caridealauto\" \/>\n<meta name=\"twitter:site\" content=\"@caridealauto\" \/>\n<meta name=\"twitter:label1\" content=\"\u00c9crit par\" \/>\n\t<meta name=\"twitter:data1\" content=\"Nicolas SCHIAVON\" \/>\n<script type=\"application\/ld+json\" class=\"yoast-schema-graph\">{\"@context\":\"https:\/\/schema.org\",\"@graph\":[{\"@type\":\"Article\",\"@id\":\"https:\/\/www.carideal.com\/blog\/2013\/01\/05\/downsizing-150-ch-au-litre-pour-ford\/#article\",\"isPartOf\":{\"@id\":\"https:\/\/www.carideal.com\/blog\/2013\/01\/05\/downsizing-150-ch-au-litre-pour-ford\/\"},\"author\":{\"name\":\"Nicolas SCHIAVON\",\"@id\":\"https:\/\/www.carideal.com\/blog\/#\/schema\/person\/cd95dc7919660de90d31b366f85be1ec\"},\"headline\":\"downsizing 150 ch au litre pour ford\",\"datePublished\":\"2013-01-05T23:00:00+00:00\",\"dateModified\":\"2019-01-30T16:14:37+00:00\",\"mainEntityOfPage\":{\"@id\":\"https:\/\/www.carideal.com\/blog\/2013\/01\/05\/downsizing-150-ch-au-litre-pour-ford\/\"},\"wordCount\":64,\"commentCount\":0,\"publisher\":{\"@id\":\"https:\/\/www.carideal.com\/blog\/#organization\"},\"image\":{\"@id\":\"https:\/\/www.carideal.com\/blog\/2013\/01\/05\/downsizing-150-ch-au-litre-pour-ford\/#primaryimage\"},\"thumbnailUrl\":\"http:\/\/www.carideal.com\/images_actualite\/10ecoboost150chcaridealmandataireautomobile-1357502822.jpg\",\"articleSection\":[\"Actualit\u00e9 Ford\"],\"inLanguage\":\"fr-FR\",\"potentialAction\":[{\"@type\":\"CommentAction\",\"name\":\"Comment\",\"target\":[\"https:\/\/www.carideal.com\/blog\/2013\/01\/05\/downsizing-150-ch-au-litre-pour-ford\/#respond\"]}]},{\"@type\":\"WebPage\",\"@id\":\"https:\/\/www.carideal.com\/blog\/2013\/01\/05\/downsizing-150-ch-au-litre-pour-ford\/\",\"url\":\"https:\/\/www.carideal.com\/blog\/2013\/01\/05\/downsizing-150-ch-au-litre-pour-ford\/\",\"name\":\"downsizing 150 ch au litre pour ford - Blog auto Carid\u00e9al\",\"isPartOf\":{\"@id\":\"https:\/\/www.carideal.com\/blog\/#website\"},\"primaryImageOfPage\":{\"@id\":\"https:\/\/www.carideal.com\/blog\/2013\/01\/05\/downsizing-150-ch-au-litre-pour-ford\/#primaryimage\"},\"image\":{\"@id\":\"https:\/\/www.carideal.com\/blog\/2013\/01\/05\/downsizing-150-ch-au-litre-pour-ford\/#primaryimage\"},\"thumbnailUrl\":\"http:\/\/www.carideal.com\/images_actualite\/10ecoboost150chcaridealmandataireautomobile-1357502822.jpg\",\"datePublished\":\"2013-01-05T23:00:00+00:00\",\"dateModified\":\"2019-01-30T16:14:37+00:00\",\"breadcrumb\":{\"@id\":\"https:\/\/www.carideal.com\/blog\/2013\/01\/05\/downsizing-150-ch-au-litre-pour-ford\/#breadcrumb\"},\"inLanguage\":\"fr-FR\",\"potentialAction\":[{\"@type\":\"ReadAction\",\"target\":[\"https:\/\/www.carideal.com\/blog\/2013\/01\/05\/downsizing-150-ch-au-litre-pour-ford\/\"]}]},{\"@type\":\"ImageObject\",\"inLanguage\":\"fr-FR\",\"@id\":\"https:\/\/www.carideal.com\/blog\/2013\/01\/05\/downsizing-150-ch-au-litre-pour-ford\/#primaryimage\",\"url\":\"http:\/\/www.carideal.com\/images_actualite\/10ecoboost150chcaridealmandataireautomobile-1357502822.jpg\",\"contentUrl\":\"http:\/\/www.carideal.com\/images_actualite\/10ecoboost150chcaridealmandataireautomobile-1357502822.jpg\"},{\"@type\":\"BreadcrumbList\",\"@id\":\"https:\/\/www.carideal.com\/blog\/2013\/01\/05\/downsizing-150-ch-au-litre-pour-ford\/#breadcrumb\",\"itemListElement\":[{\"@type\":\"ListItem\",\"position\":1,\"name\":\"Blog Carid\u00e9al\",\"item\":\"https:\/\/www.carideal.com\/blog\/\"},{\"@type\":\"ListItem\",\"position\":2,\"name\":\"Actualit\u00e9 constructeur automobile\",\"item\":\"https:\/\/www.carideal.com\/blog\/constructeur\/\"},{\"@type\":\"ListItem\",\"position\":3,\"name\":\"Actualit\u00e9 Ford\",\"item\":\"https:\/\/www.carideal.com\/blog\/constructeur\/ford\/\"},{\"@type\":\"ListItem\",\"position\":4,\"name\":\"downsizing 150 ch au litre pour ford\"}]},{\"@type\":\"WebSite\",\"@id\":\"https:\/\/www.carideal.com\/blog\/#website\",\"url\":\"https:\/\/www.carideal.com\/blog\/\",\"name\":\"Blog auto Carid\u00e9al\",\"description\":\"Actualit\u00e9 auto par des passionn\u00e9s\",\"publisher\":{\"@id\":\"https:\/\/www.carideal.com\/blog\/#organization\"},\"potentialAction\":[{\"@type\":\"SearchAction\",\"target\":{\"@type\":\"EntryPoint\",\"urlTemplate\":\"https:\/\/www.carideal.com\/blog\/?s={search_term_string}\"},\"query-input\":{\"@type\":\"PropertyValueSpecification\",\"valueRequired\":true,\"valueName\":\"search_term_string\"}}],\"inLanguage\":\"fr-FR\"},{\"@type\":\"Organization\",\"@id\":\"https:\/\/www.carideal.com\/blog\/#organization\",\"name\":\"Carideal\",\"url\":\"https:\/\/www.carideal.com\/blog\/\",\"logo\":{\"@type\":\"ImageObject\",\"inLanguage\":\"fr-FR\",\"@id\":\"https:\/\/www.carideal.com\/blog\/#\/schema\/logo\/image\/\",\"url\":\"http:\/\/www.carideal.com\/blog\/wp-content\/uploads\/2016\/03\/logo-carideal-mandataire-automobile.png\",\"contentUrl\":\"http:\/\/www.carideal.com\/blog\/wp-content\/uploads\/2016\/03\/logo-carideal-mandataire-automobile.png\",\"width\":300,\"height\":300,\"caption\":\"Carideal\"},\"image\":{\"@id\":\"https:\/\/www.carideal.com\/blog\/#\/schema\/logo\/image\/\"},\"sameAs\":[\"https:\/\/www.facebook.com\/Carideal.mandataire.automobile\",\"https:\/\/x.com\/caridealauto\",\"https:\/\/www.instagram.com\/carideal1\/\",\"https:\/\/www.linkedin.com\/company\/carideal.com\",\"https:\/\/fr.pinterest.com\/schiavonsas\/\",\"https:\/\/www.youtube.com\/user\/caridealsas\"]},{\"@type\":\"Person\",\"@id\":\"https:\/\/www.carideal.com\/blog\/#\/schema\/person\/cd95dc7919660de90d31b366f85be1ec\",\"name\":\"Nicolas SCHIAVON\",\"image\":{\"@type\":\"ImageObject\",\"inLanguage\":\"fr-FR\",\"@id\":\"https:\/\/www.carideal.com\/blog\/#\/schema\/person\/image\/\",\"url\":\"https:\/\/secure.gravatar.com\/avatar\/c17e55009e671d92cc7f5dc837dc418a?s=96&r=g\",\"contentUrl\":\"https:\/\/secure.gravatar.com\/avatar\/c17e55009e671d92cc7f5dc837dc418a?s=96&r=g\",\"caption\":\"Nicolas SCHIAVON\"},\"description\":\"Nicolas Schiavon est tomb\u00e9 tout petit dans la marmite automobile. Ayant eu un garage de marque automobile, mandataire automobile de la premi\u00e8re heure d\u00e8s 1999. Nicolas a cr\u00e9\u00e9 ces premiers sites de vente de voiture et blog automobile d\u00e8s 1994. Carideal est n\u00e9 le 15 d\u00e9cembre 2000 de la volont\u00e9 de vendre des voitures d'occasions en ligne puis des voitures neuves. Il a pu essayer beaucoup de voitures tr\u00e8s diff\u00e9rentes et ayant eu personnellement quelques belles autos, Subaru Impreza, Mitsubishi Lancer Evo 7, Porsche 911, Ferrari Testarrossa, Audi RS3, RS4 et j'en passe...\",\"sameAs\":[\"http:\/\/www.carideal.com\",\"https:\/\/www.facebook.com\/nicolas.schiavon.39\",\"https:\/\/www.instagram.com\/carideal1\/\",\"https:\/\/www.linkedin.com\/in\/nschiavon\/\",\"https:\/\/x.com\/caridealauto\",\"https:\/\/www.youtube.com\/user\/caridealsas\/\"],\"url\":\"https:\/\/www.carideal.com\/blog\/author\/nschiavon\/\"}]}<\/script>\n<!-- \/ Yoast SEO plugin. -->","yoast_head_json":{"title":"downsizing 150 ch au litre pour ford - Blog auto Carid\u00e9al","robots":{"index":"noindex","follow":"follow"},"og_locale":"fr_FR","og_type":"article","og_title":"downsizing 150 ch au litre pour ford - Blog auto Carid\u00e9al","og_description":"Downsizing 150 ch au litre pour Ford Downsizing 150 ch au litre pour Ford Non content d'avoir mis au point un moteur \u00e0 essence de 1000 cm3 de 125 ch, mont\u00e9 sur la Fiesta, les ing\u00e9nieurs Ford cherchent \u00e0 monter cette puissance \u00e0 150 ch. Au stade de prototype, ce bloc \u00e0 haut rendement devra ... Lire plus","og_url":"https:\/\/www.carideal.com\/blog\/2013\/01\/05\/downsizing-150-ch-au-litre-pour-ford\/","og_site_name":"Blog auto Carid\u00e9al","article_publisher":"https:\/\/www.facebook.com\/Carideal.mandataire.automobile","article_author":"https:\/\/www.facebook.com\/nicolas.schiavon.39","article_published_time":"2013-01-05T23:00:00+00:00","article_modified_time":"2019-01-30T16:14:37+00:00","og_image":[{"url":"http:\/\/www.carideal.com\/images_actualite\/10ecoboost150chcaridealmandataireautomobile-1357502822.jpg","type":"","width":"","height":""}],"author":"Nicolas SCHIAVON","twitter_card":"summary_large_image","twitter_creator":"@caridealauto","twitter_site":"@caridealauto","twitter_misc":{"\u00c9crit par":"Nicolas SCHIAVON"},"schema":{"@context":"https:\/\/schema.org","@graph":[{"@type":"Article","@id":"https:\/\/www.carideal.com\/blog\/2013\/01\/05\/downsizing-150-ch-au-litre-pour-ford\/#article","isPartOf":{"@id":"https:\/\/www.carideal.com\/blog\/2013\/01\/05\/downsizing-150-ch-au-litre-pour-ford\/"},"author":{"name":"Nicolas SCHIAVON","@id":"https:\/\/www.carideal.com\/blog\/#\/schema\/person\/cd95dc7919660de90d31b366f85be1ec"},"headline":"downsizing 150 ch au litre pour ford","datePublished":"2013-01-05T23:00:00+00:00","dateModified":"2019-01-30T16:14:37+00:00","mainEntityOfPage":{"@id":"https:\/\/www.carideal.com\/blog\/2013\/01\/05\/downsizing-150-ch-au-litre-pour-ford\/"},"wordCount":64,"commentCount":0,"publisher":{"@id":"https:\/\/www.carideal.com\/blog\/#organization"},"image":{"@id":"https:\/\/www.carideal.com\/blog\/2013\/01\/05\/downsizing-150-ch-au-litre-pour-ford\/#primaryimage"},"thumbnailUrl":"http:\/\/www.carideal.com\/images_actualite\/10ecoboost150chcaridealmandataireautomobile-1357502822.jpg","articleSection":["Actualit\u00e9 Ford"],"inLanguage":"fr-FR","potentialAction":[{"@type":"CommentAction","name":"Comment","target":["https:\/\/www.carideal.com\/blog\/2013\/01\/05\/downsizing-150-ch-au-litre-pour-ford\/#respond"]}]},{"@type":"WebPage","@id":"https:\/\/www.carideal.com\/blog\/2013\/01\/05\/downsizing-150-ch-au-litre-pour-ford\/","url":"https:\/\/www.carideal.com\/blog\/2013\/01\/05\/downsizing-150-ch-au-litre-pour-ford\/","name":"downsizing 150 ch au litre pour ford - Blog auto Carid\u00e9al","isPartOf":{"@id":"https:\/\/www.carideal.com\/blog\/#website"},"primaryImageOfPage":{"@id":"https:\/\/www.carideal.com\/blog\/2013\/01\/05\/downsizing-150-ch-au-litre-pour-ford\/#primaryimage"},"image":{"@id":"https:\/\/www.carideal.com\/blog\/2013\/01\/05\/downsizing-150-ch-au-litre-pour-ford\/#primaryimage"},"thumbnailUrl":"http:\/\/www.carideal.com\/images_actualite\/10ecoboost150chcaridealmandataireautomobile-1357502822.jpg","datePublished":"2013-01-05T23:00:00+00:00","dateModified":"2019-01-30T16:14:37+00:00","breadcrumb":{"@id":"https:\/\/www.carideal.com\/blog\/2013\/01\/05\/downsizing-150-ch-au-litre-pour-ford\/#breadcrumb"},"inLanguage":"fr-FR","potentialAction":[{"@type":"ReadAction","target":["https:\/\/www.carideal.com\/blog\/2013\/01\/05\/downsizing-150-ch-au-litre-pour-ford\/"]}]},{"@type":"ImageObject","inLanguage":"fr-FR","@id":"https:\/\/www.carideal.com\/blog\/2013\/01\/05\/downsizing-150-ch-au-litre-pour-ford\/#primaryimage","url":"http:\/\/www.carideal.com\/images_actualite\/10ecoboost150chcaridealmandataireautomobile-1357502822.jpg","contentUrl":"http:\/\/www.carideal.com\/images_actualite\/10ecoboost150chcaridealmandataireautomobile-1357502822.jpg"},{"@type":"BreadcrumbList","@id":"https:\/\/www.carideal.com\/blog\/2013\/01\/05\/downsizing-150-ch-au-litre-pour-ford\/#breadcrumb","itemListElement":[{"@type":"ListItem","position":1,"name":"Blog Carid\u00e9al","item":"https:\/\/www.carideal.com\/blog\/"},{"@type":"ListItem","position":2,"name":"Actualit\u00e9 constructeur automobile","item":"https:\/\/www.carideal.com\/blog\/constructeur\/"},{"@type":"ListItem","position":3,"name":"Actualit\u00e9 Ford","item":"https:\/\/www.carideal.com\/blog\/constructeur\/ford\/"},{"@type":"ListItem","position":4,"name":"downsizing 150 ch au litre pour ford"}]},{"@type":"WebSite","@id":"https:\/\/www.carideal.com\/blog\/#website","url":"https:\/\/www.carideal.com\/blog\/","name":"Blog auto Carid\u00e9al","description":"Actualit\u00e9 auto par des passionn\u00e9s","publisher":{"@id":"https:\/\/www.carideal.com\/blog\/#organization"},"potentialAction":[{"@type":"SearchAction","target":{"@type":"EntryPoint","urlTemplate":"https:\/\/www.carideal.com\/blog\/?s={search_term_string}"},"query-input":{"@type":"PropertyValueSpecification","valueRequired":true,"valueName":"search_term_string"}}],"inLanguage":"fr-FR"},{"@type":"Organization","@id":"https:\/\/www.carideal.com\/blog\/#organization","name":"Carideal","url":"https:\/\/www.carideal.com\/blog\/","logo":{"@type":"ImageObject","inLanguage":"fr-FR","@id":"https:\/\/www.carideal.com\/blog\/#\/schema\/logo\/image\/","url":"http:\/\/www.carideal.com\/blog\/wp-content\/uploads\/2016\/03\/logo-carideal-mandataire-automobile.png","contentUrl":"http:\/\/www.carideal.com\/blog\/wp-content\/uploads\/2016\/03\/logo-carideal-mandataire-automobile.png","width":300,"height":300,"caption":"Carideal"},"image":{"@id":"https:\/\/www.carideal.com\/blog\/#\/schema\/logo\/image\/"},"sameAs":["https:\/\/www.facebook.com\/Carideal.mandataire.automobile","https:\/\/x.com\/caridealauto","https:\/\/www.instagram.com\/carideal1\/","https:\/\/www.linkedin.com\/company\/carideal.com","https:\/\/fr.pinterest.com\/schiavonsas\/","https:\/\/www.youtube.com\/user\/caridealsas"]},{"@type":"Person","@id":"https:\/\/www.carideal.com\/blog\/#\/schema\/person\/cd95dc7919660de90d31b366f85be1ec","name":"Nicolas SCHIAVON","image":{"@type":"ImageObject","inLanguage":"fr-FR","@id":"https:\/\/www.carideal.com\/blog\/#\/schema\/person\/image\/","url":"https:\/\/secure.gravatar.com\/avatar\/c17e55009e671d92cc7f5dc837dc418a?s=96&r=g","contentUrl":"https:\/\/secure.gravatar.com\/avatar\/c17e55009e671d92cc7f5dc837dc418a?s=96&r=g","caption":"Nicolas SCHIAVON"},"description":"Nicolas Schiavon est tomb\u00e9 tout petit dans la marmite automobile. Ayant eu un garage de marque automobile, mandataire automobile de la premi\u00e8re heure d\u00e8s 1999. Nicolas a cr\u00e9\u00e9 ces premiers sites de vente de voiture et blog automobile d\u00e8s 1994. Carideal est n\u00e9 le 15 d\u00e9cembre 2000 de la volont\u00e9 de vendre des voitures d'occasions en ligne puis des voitures neuves. Il a pu essayer beaucoup de voitures tr\u00e8s diff\u00e9rentes et ayant eu personnellement quelques belles autos, Subaru Impreza, Mitsubishi Lancer Evo 7, Porsche 911, Ferrari Testarrossa, Audi RS3, RS4 et j'en passe...","sameAs":["http:\/\/www.carideal.com","https:\/\/www.facebook.com\/nicolas.schiavon.39","https:\/\/www.instagram.com\/carideal1\/","https:\/\/www.linkedin.com\/in\/nschiavon\/","https:\/\/x.com\/caridealauto","https:\/\/www.youtube.com\/user\/caridealsas\/"],"url":"https:\/\/www.carideal.com\/blog\/author\/nschiavon\/"}]}},"uagb_featured_image_src":{"full":false,"thumbnail":false,"medium":false,"medium_large":false,"large":false,"1536x1536":false,"2048x2048":false,"wppr-widget":false},"uagb_author_info":{"display_name":"Nicolas SCHIAVON","author_link":"https:\/\/www.carideal.com\/blog\/author\/nschiavon\/"},"uagb_comment_info":0,"uagb_excerpt":"Downsizing 150 ch au litre pour Ford Downsizing 150 ch au litre pour Ford Non content d'avoir mis au point un moteur \u00e0 essence de 1000 cm3 de 125 ch, mont\u00e9 sur la Fiesta, les ing\u00e9nieurs Ford cherchent \u00e0 monter cette puissance \u00e0 150 ch. Au stade de prototype, ce bloc \u00e0 haut rendement devra\u2026","_links":{"self":[{"href":"https:\/\/www.carideal.com\/blog\/wp-json\/wp\/v2\/posts\/5086"}],"collection":[{"href":"https:\/\/www.carideal.com\/blog\/wp-json\/wp\/v2\/posts"}],"about":[{"href":"https:\/\/www.carideal.com\/blog\/wp-json\/wp\/v2\/types\/post"}],"author":[{"embeddable":true,"href":"https:\/\/www.carideal.com\/blog\/wp-json\/wp\/v2\/users\/3"}],"replies":[{"embeddable":true,"href":"https:\/\/www.carideal.com\/blog\/wp-json\/wp\/v2\/comments?post=5086"}],"version-history":[{"count":0,"href":"https:\/\/www.carideal.com\/blog\/wp-json\/wp\/v2\/posts\/5086\/revisions"}],"wp:attachment":[{"href":"https:\/\/www.carideal.com\/blog\/wp-json\/wp\/v2\/media?parent=5086"}],"wp:term":[{"taxonomy":"category","embeddable":true,"href":"https:\/\/www.carideal.com\/blog\/wp-json\/wp\/v2\/categories?post=5086"},{"taxonomy":"post_tag","embeddable":true,"href":"https:\/\/www.carideal.com\/blog\/wp-json\/wp\/v2\/tags?post=5086"}],"curies":[{"name":"wp","href":"https:\/\/api.w.org\/{rel}","templated":true}]}}