{"id":5083,"date":"2012-12-31T23:00:00","date_gmt":"2012-12-31T23:00:00","guid":{"rendered":"http:\/\/www.carideal.com\/blog\/2012\/12\/31\/hybride-l-ampera-patine\/"},"modified":"2019-01-31T11:33:19","modified_gmt":"2019-01-31T10:33:19","slug":"hybride-l-ampera-patine","status":"publish","type":"post","link":"https:\/\/www.carideal.com\/blog\/2012\/12\/31\/hybride-l-ampera-patine\/","title":{"rendered":"Hybride l&rsquo;Ampera patine"},"content":{"rendered":"<div><img decoding=\"async\" src=\"http:\/\/www.carideal.com\/images_actualite\/opelamperahybridecaridealmandataireautomobile-1357040997.jpg\" \/>Hybride l'Ampera patine<\/p>\n<\/div>\n<h2>Hybride l'Ampera patine<\/h2>\n<p>pouvant rouler plus de 60 km e tout \u00e9lectrique avant que le moteur thermique qui lui sert de g\u00e9n\u00e9rateur ne se mette en route, la voiture de l'ann\u00e9e 2012a en th\u00e9orie, tout pour plaire. Tout sauf son prix, A 45000 \u20ac, elle n'a s\u00e9duit que 200 clients cette ann\u00e9e en France. Et malgr\u00e9 ses 5000 \u20ac de bonus, <a href=\"http:\/\/www.carideal.com\/blog\/marque-de-voiture-actualites-essais\/opel\/\">Opel<\/a> ne s'attend pas \u00e0 beaucoup mieux pour 2013.<\/p>\n","protected":false},"excerpt":{"rendered":"<p>Hybride l&rsquo;Ampera patine Hybride l&rsquo;Ampera patine pouvant rouler plus de 60 km e tout \u00e9lectrique avant que le moteur thermique qui lui sert de g\u00e9n\u00e9rateur ne se mette en route, la voiture de l&rsquo;ann\u00e9e 2012a en th\u00e9orie, tout pour plaire. Tout sauf son prix, A 45000 \u20ac, elle n&rsquo;a s\u00e9duit que 200 clients cette ann\u00e9e &#8230; <a title=\"Hybride l&rsquo;Ampera patine\" class=\"read-more\" href=\"https:\/\/www.carideal.com\/blog\/2012\/12\/31\/hybride-l-ampera-patine\/\" aria-label=\"En savoir plus sur Hybride l&rsquo;Ampera patine\">Lire plus<\/a><\/p>\n","protected":false},"author":3,"featured_media":0,"comment_status":"open","ping_status":"open","sticky":false,"template":"","format":"standard","meta":{"_uag_custom_page_level_css":"","_themeisle_gutenberg_block_has_review":false,"footnotes":""},"categories":[21,6017,6089],"tags":[],"class_list":["post-5083","post","type-post","status-publish","format-standard","hentry","category-actualites-auto","category-opel","category-hybride"],"wppr_data":{"cwp_meta_box_check":"No"},"yoast_head":"<!-- This site is optimized with the Yoast SEO plugin v24.8.1 - https:\/\/yoast.com\/wordpress\/plugins\/seo\/ -->\n<title>Hybride l&#039;Ampera patine - Blog auto Carid\u00e9al<\/title>\n<meta name=\"robots\" content=\"noindex, follow\" \/>\n<meta property=\"og:locale\" content=\"fr_FR\" \/>\n<meta property=\"og:type\" content=\"article\" \/>\n<meta property=\"og:title\" content=\"Hybride l&#039;Ampera patine - Blog auto Carid\u00e9al\" \/>\n<meta property=\"og:description\" content=\"Hybride l&#039;Ampera patine Hybride l&#039;Ampera patine pouvant rouler plus de 60 km e tout \u00e9lectrique avant que le moteur thermique qui lui sert de g\u00e9n\u00e9rateur ne se mette en route, la voiture de l&#039;ann\u00e9e 2012a en th\u00e9orie, tout pour plaire. Tout sauf son prix, A 45000 \u20ac, elle n&#039;a s\u00e9duit que 200 clients cette ann\u00e9e ... Lire plus\" \/>\n<meta property=\"og:url\" content=\"https:\/\/www.carideal.com\/blog\/2012\/12\/31\/hybride-l-ampera-patine\/\" \/>\n<meta property=\"og:site_name\" content=\"Blog auto Carid\u00e9al\" \/>\n<meta property=\"article:publisher\" content=\"https:\/\/www.facebook.com\/Carideal.mandataire.automobile\" \/>\n<meta property=\"article:author\" content=\"https:\/\/www.facebook.com\/nicolas.schiavon.39\" \/>\n<meta property=\"article:published_time\" content=\"2012-12-31T23:00:00+00:00\" \/>\n<meta property=\"article:modified_time\" content=\"2019-01-31T10:33:19+00:00\" \/>\n<meta property=\"og:image\" content=\"http:\/\/www.carideal.com\/images_actualite\/opelamperahybridecaridealmandataireautomobile-1357040997.jpg\" \/>\n<meta name=\"author\" content=\"Nicolas SCHIAVON\" \/>\n<meta name=\"twitter:card\" content=\"summary_large_image\" \/>\n<meta name=\"twitter:creator\" content=\"@caridealauto\" \/>\n<meta name=\"twitter:site\" content=\"@caridealauto\" \/>\n<meta name=\"twitter:label1\" content=\"\u00c9crit par\" \/>\n\t<meta name=\"twitter:data1\" content=\"Nicolas SCHIAVON\" \/>\n<script type=\"application\/ld+json\" class=\"yoast-schema-graph\">{\"@context\":\"https:\/\/schema.org\",\"@graph\":[{\"@type\":\"Article\",\"@id\":\"https:\/\/www.carideal.com\/blog\/2012\/12\/31\/hybride-l-ampera-patine\/#article\",\"isPartOf\":{\"@id\":\"https:\/\/www.carideal.com\/blog\/2012\/12\/31\/hybride-l-ampera-patine\/\"},\"author\":{\"name\":\"Nicolas SCHIAVON\",\"@id\":\"https:\/\/www.carideal.com\/blog\/#\/schema\/person\/cd95dc7919660de90d31b366f85be1ec\"},\"headline\":\"Hybride l&rsquo;Ampera patine\",\"datePublished\":\"2012-12-31T23:00:00+00:00\",\"dateModified\":\"2019-01-31T10:33:19+00:00\",\"mainEntityOfPage\":{\"@id\":\"https:\/\/www.carideal.com\/blog\/2012\/12\/31\/hybride-l-ampera-patine\/\"},\"wordCount\":74,\"commentCount\":0,\"publisher\":{\"@id\":\"https:\/\/www.carideal.com\/blog\/#organization\"},\"image\":{\"@id\":\"https:\/\/www.carideal.com\/blog\/2012\/12\/31\/hybride-l-ampera-patine\/#primaryimage\"},\"thumbnailUrl\":\"http:\/\/www.carideal.com\/images_actualite\/opelamperahybridecaridealmandataireautomobile-1357040997.jpg\",\"articleSection\":[\"Actualit\u00e9 automobile\",\"Actualit\u00e9 Opel\",\"Voiture Hybride\"],\"inLanguage\":\"fr-FR\",\"potentialAction\":[{\"@type\":\"CommentAction\",\"name\":\"Comment\",\"target\":[\"https:\/\/www.carideal.com\/blog\/2012\/12\/31\/hybride-l-ampera-patine\/#respond\"]}]},{\"@type\":\"WebPage\",\"@id\":\"https:\/\/www.carideal.com\/blog\/2012\/12\/31\/hybride-l-ampera-patine\/\",\"url\":\"https:\/\/www.carideal.com\/blog\/2012\/12\/31\/hybride-l-ampera-patine\/\",\"name\":\"Hybride l'Ampera patine - Blog auto Carid\u00e9al\",\"isPartOf\":{\"@id\":\"https:\/\/www.carideal.com\/blog\/#website\"},\"primaryImageOfPage\":{\"@id\":\"https:\/\/www.carideal.com\/blog\/2012\/12\/31\/hybride-l-ampera-patine\/#primaryimage\"},\"image\":{\"@id\":\"https:\/\/www.carideal.com\/blog\/2012\/12\/31\/hybride-l-ampera-patine\/#primaryimage\"},\"thumbnailUrl\":\"http:\/\/www.carideal.com\/images_actualite\/opelamperahybridecaridealmandataireautomobile-1357040997.jpg\",\"datePublished\":\"2012-12-31T23:00:00+00:00\",\"dateModified\":\"2019-01-31T10:33:19+00:00\",\"breadcrumb\":{\"@id\":\"https:\/\/www.carideal.com\/blog\/2012\/12\/31\/hybride-l-ampera-patine\/#breadcrumb\"},\"inLanguage\":\"fr-FR\",\"potentialAction\":[{\"@type\":\"ReadAction\",\"target\":[\"https:\/\/www.carideal.com\/blog\/2012\/12\/31\/hybride-l-ampera-patine\/\"]}]},{\"@type\":\"ImageObject\",\"inLanguage\":\"fr-FR\",\"@id\":\"https:\/\/www.carideal.com\/blog\/2012\/12\/31\/hybride-l-ampera-patine\/#primaryimage\",\"url\":\"http:\/\/www.carideal.com\/images_actualite\/opelamperahybridecaridealmandataireautomobile-1357040997.jpg\",\"contentUrl\":\"http:\/\/www.carideal.com\/images_actualite\/opelamperahybridecaridealmandataireautomobile-1357040997.jpg\"},{\"@type\":\"BreadcrumbList\",\"@id\":\"https:\/\/www.carideal.com\/blog\/2012\/12\/31\/hybride-l-ampera-patine\/#breadcrumb\",\"itemListElement\":[{\"@type\":\"ListItem\",\"position\":1,\"name\":\"Blog Carid\u00e9al\",\"item\":\"https:\/\/www.carideal.com\/blog\/\"},{\"@type\":\"ListItem\",\"position\":2,\"name\":\"Actualit\u00e9 constructeur automobile\",\"item\":\"https:\/\/www.carideal.com\/blog\/constructeur\/\"},{\"@type\":\"ListItem\",\"position\":3,\"name\":\"Actualit\u00e9 Opel\",\"item\":\"https:\/\/www.carideal.com\/blog\/constructeur\/opel\/\"},{\"@type\":\"ListItem\",\"position\":4,\"name\":\"Hybride l&rsquo;Ampera patine\"}]},{\"@type\":\"WebSite\",\"@id\":\"https:\/\/www.carideal.com\/blog\/#website\",\"url\":\"https:\/\/www.carideal.com\/blog\/\",\"name\":\"Blog auto Carid\u00e9al\",\"description\":\"Actualit\u00e9 auto par des passionn\u00e9s\",\"publisher\":{\"@id\":\"https:\/\/www.carideal.com\/blog\/#organization\"},\"potentialAction\":[{\"@type\":\"SearchAction\",\"target\":{\"@type\":\"EntryPoint\",\"urlTemplate\":\"https:\/\/www.carideal.com\/blog\/?s={search_term_string}\"},\"query-input\":{\"@type\":\"PropertyValueSpecification\",\"valueRequired\":true,\"valueName\":\"search_term_string\"}}],\"inLanguage\":\"fr-FR\"},{\"@type\":\"Organization\",\"@id\":\"https:\/\/www.carideal.com\/blog\/#organization\",\"name\":\"Carideal\",\"url\":\"https:\/\/www.carideal.com\/blog\/\",\"logo\":{\"@type\":\"ImageObject\",\"inLanguage\":\"fr-FR\",\"@id\":\"https:\/\/www.carideal.com\/blog\/#\/schema\/logo\/image\/\",\"url\":\"http:\/\/www.carideal.com\/blog\/wp-content\/uploads\/2016\/03\/logo-carideal-mandataire-automobile.png\",\"contentUrl\":\"http:\/\/www.carideal.com\/blog\/wp-content\/uploads\/2016\/03\/logo-carideal-mandataire-automobile.png\",\"width\":300,\"height\":300,\"caption\":\"Carideal\"},\"image\":{\"@id\":\"https:\/\/www.carideal.com\/blog\/#\/schema\/logo\/image\/\"},\"sameAs\":[\"https:\/\/www.facebook.com\/Carideal.mandataire.automobile\",\"https:\/\/x.com\/caridealauto\",\"https:\/\/www.instagram.com\/carideal1\/\",\"https:\/\/www.linkedin.com\/company\/carideal.com\",\"https:\/\/fr.pinterest.com\/schiavonsas\/\",\"https:\/\/www.youtube.com\/user\/caridealsas\"]},{\"@type\":\"Person\",\"@id\":\"https:\/\/www.carideal.com\/blog\/#\/schema\/person\/cd95dc7919660de90d31b366f85be1ec\",\"name\":\"Nicolas SCHIAVON\",\"image\":{\"@type\":\"ImageObject\",\"inLanguage\":\"fr-FR\",\"@id\":\"https:\/\/www.carideal.com\/blog\/#\/schema\/person\/image\/\",\"url\":\"https:\/\/secure.gravatar.com\/avatar\/c17e55009e671d92cc7f5dc837dc418a?s=96&r=g\",\"contentUrl\":\"https:\/\/secure.gravatar.com\/avatar\/c17e55009e671d92cc7f5dc837dc418a?s=96&r=g\",\"caption\":\"Nicolas SCHIAVON\"},\"description\":\"Nicolas Schiavon est tomb\u00e9 tout petit dans la marmite automobile. Ayant eu un garage de marque automobile, mandataire automobile de la premi\u00e8re heure d\u00e8s 1999. Nicolas a cr\u00e9\u00e9 ces premiers sites de vente de voiture et blog automobile d\u00e8s 1994. Carideal est n\u00e9 le 15 d\u00e9cembre 2000 de la volont\u00e9 de vendre des voitures d'occasions en ligne puis des voitures neuves. Il a pu essayer beaucoup de voitures tr\u00e8s diff\u00e9rentes et ayant eu personnellement quelques belles autos, Subaru Impreza, Mitsubishi Lancer Evo 7, Porsche 911, Ferrari Testarrossa, Audi RS3, RS4 et j'en passe...\",\"sameAs\":[\"http:\/\/www.carideal.com\",\"https:\/\/www.facebook.com\/nicolas.schiavon.39\",\"https:\/\/www.instagram.com\/carideal1\/\",\"https:\/\/www.linkedin.com\/in\/nschiavon\/\",\"https:\/\/x.com\/caridealauto\",\"https:\/\/www.youtube.com\/user\/caridealsas\/\"],\"url\":\"https:\/\/www.carideal.com\/blog\/author\/nschiavon\/\"}]}<\/script>\n<!-- \/ Yoast SEO plugin. -->","yoast_head_json":{"title":"Hybride l'Ampera patine - Blog auto Carid\u00e9al","robots":{"index":"noindex","follow":"follow"},"og_locale":"fr_FR","og_type":"article","og_title":"Hybride l'Ampera patine - Blog auto Carid\u00e9al","og_description":"Hybride l'Ampera patine Hybride l'Ampera patine pouvant rouler plus de 60 km e tout \u00e9lectrique avant que le moteur thermique qui lui sert de g\u00e9n\u00e9rateur ne se mette en route, la voiture de l'ann\u00e9e 2012a en th\u00e9orie, tout pour plaire. Tout sauf son prix, A 45000 \u20ac, elle n'a s\u00e9duit que 200 clients cette ann\u00e9e ... Lire plus","og_url":"https:\/\/www.carideal.com\/blog\/2012\/12\/31\/hybride-l-ampera-patine\/","og_site_name":"Blog auto Carid\u00e9al","article_publisher":"https:\/\/www.facebook.com\/Carideal.mandataire.automobile","article_author":"https:\/\/www.facebook.com\/nicolas.schiavon.39","article_published_time":"2012-12-31T23:00:00+00:00","article_modified_time":"2019-01-31T10:33:19+00:00","og_image":[{"url":"http:\/\/www.carideal.com\/images_actualite\/opelamperahybridecaridealmandataireautomobile-1357040997.jpg","type":"","width":"","height":""}],"author":"Nicolas SCHIAVON","twitter_card":"summary_large_image","twitter_creator":"@caridealauto","twitter_site":"@caridealauto","twitter_misc":{"\u00c9crit par":"Nicolas SCHIAVON"},"schema":{"@context":"https:\/\/schema.org","@graph":[{"@type":"Article","@id":"https:\/\/www.carideal.com\/blog\/2012\/12\/31\/hybride-l-ampera-patine\/#article","isPartOf":{"@id":"https:\/\/www.carideal.com\/blog\/2012\/12\/31\/hybride-l-ampera-patine\/"},"author":{"name":"Nicolas SCHIAVON","@id":"https:\/\/www.carideal.com\/blog\/#\/schema\/person\/cd95dc7919660de90d31b366f85be1ec"},"headline":"Hybride l&rsquo;Ampera patine","datePublished":"2012-12-31T23:00:00+00:00","dateModified":"2019-01-31T10:33:19+00:00","mainEntityOfPage":{"@id":"https:\/\/www.carideal.com\/blog\/2012\/12\/31\/hybride-l-ampera-patine\/"},"wordCount":74,"commentCount":0,"publisher":{"@id":"https:\/\/www.carideal.com\/blog\/#organization"},"image":{"@id":"https:\/\/www.carideal.com\/blog\/2012\/12\/31\/hybride-l-ampera-patine\/#primaryimage"},"thumbnailUrl":"http:\/\/www.carideal.com\/images_actualite\/opelamperahybridecaridealmandataireautomobile-1357040997.jpg","articleSection":["Actualit\u00e9 automobile","Actualit\u00e9 Opel","Voiture Hybride"],"inLanguage":"fr-FR","potentialAction":[{"@type":"CommentAction","name":"Comment","target":["https:\/\/www.carideal.com\/blog\/2012\/12\/31\/hybride-l-ampera-patine\/#respond"]}]},{"@type":"WebPage","@id":"https:\/\/www.carideal.com\/blog\/2012\/12\/31\/hybride-l-ampera-patine\/","url":"https:\/\/www.carideal.com\/blog\/2012\/12\/31\/hybride-l-ampera-patine\/","name":"Hybride l'Ampera patine - Blog auto Carid\u00e9al","isPartOf":{"@id":"https:\/\/www.carideal.com\/blog\/#website"},"primaryImageOfPage":{"@id":"https:\/\/www.carideal.com\/blog\/2012\/12\/31\/hybride-l-ampera-patine\/#primaryimage"},"image":{"@id":"https:\/\/www.carideal.com\/blog\/2012\/12\/31\/hybride-l-ampera-patine\/#primaryimage"},"thumbnailUrl":"http:\/\/www.carideal.com\/images_actualite\/opelamperahybridecaridealmandataireautomobile-1357040997.jpg","datePublished":"2012-12-31T23:00:00+00:00","dateModified":"2019-01-31T10:33:19+00:00","breadcrumb":{"@id":"https:\/\/www.carideal.com\/blog\/2012\/12\/31\/hybride-l-ampera-patine\/#breadcrumb"},"inLanguage":"fr-FR","potentialAction":[{"@type":"ReadAction","target":["https:\/\/www.carideal.com\/blog\/2012\/12\/31\/hybride-l-ampera-patine\/"]}]},{"@type":"ImageObject","inLanguage":"fr-FR","@id":"https:\/\/www.carideal.com\/blog\/2012\/12\/31\/hybride-l-ampera-patine\/#primaryimage","url":"http:\/\/www.carideal.com\/images_actualite\/opelamperahybridecaridealmandataireautomobile-1357040997.jpg","contentUrl":"http:\/\/www.carideal.com\/images_actualite\/opelamperahybridecaridealmandataireautomobile-1357040997.jpg"},{"@type":"BreadcrumbList","@id":"https:\/\/www.carideal.com\/blog\/2012\/12\/31\/hybride-l-ampera-patine\/#breadcrumb","itemListElement":[{"@type":"ListItem","position":1,"name":"Blog Carid\u00e9al","item":"https:\/\/www.carideal.com\/blog\/"},{"@type":"ListItem","position":2,"name":"Actualit\u00e9 constructeur automobile","item":"https:\/\/www.carideal.com\/blog\/constructeur\/"},{"@type":"ListItem","position":3,"name":"Actualit\u00e9 Opel","item":"https:\/\/www.carideal.com\/blog\/constructeur\/opel\/"},{"@type":"ListItem","position":4,"name":"Hybride l&rsquo;Ampera patine"}]},{"@type":"WebSite","@id":"https:\/\/www.carideal.com\/blog\/#website","url":"https:\/\/www.carideal.com\/blog\/","name":"Blog auto Carid\u00e9al","description":"Actualit\u00e9 auto par des passionn\u00e9s","publisher":{"@id":"https:\/\/www.carideal.com\/blog\/#organization"},"potentialAction":[{"@type":"SearchAction","target":{"@type":"EntryPoint","urlTemplate":"https:\/\/www.carideal.com\/blog\/?s={search_term_string}"},"query-input":{"@type":"PropertyValueSpecification","valueRequired":true,"valueName":"search_term_string"}}],"inLanguage":"fr-FR"},{"@type":"Organization","@id":"https:\/\/www.carideal.com\/blog\/#organization","name":"Carideal","url":"https:\/\/www.carideal.com\/blog\/","logo":{"@type":"ImageObject","inLanguage":"fr-FR","@id":"https:\/\/www.carideal.com\/blog\/#\/schema\/logo\/image\/","url":"http:\/\/www.carideal.com\/blog\/wp-content\/uploads\/2016\/03\/logo-carideal-mandataire-automobile.png","contentUrl":"http:\/\/www.carideal.com\/blog\/wp-content\/uploads\/2016\/03\/logo-carideal-mandataire-automobile.png","width":300,"height":300,"caption":"Carideal"},"image":{"@id":"https:\/\/www.carideal.com\/blog\/#\/schema\/logo\/image\/"},"sameAs":["https:\/\/www.facebook.com\/Carideal.mandataire.automobile","https:\/\/x.com\/caridealauto","https:\/\/www.instagram.com\/carideal1\/","https:\/\/www.linkedin.com\/company\/carideal.com","https:\/\/fr.pinterest.com\/schiavonsas\/","https:\/\/www.youtube.com\/user\/caridealsas"]},{"@type":"Person","@id":"https:\/\/www.carideal.com\/blog\/#\/schema\/person\/cd95dc7919660de90d31b366f85be1ec","name":"Nicolas SCHIAVON","image":{"@type":"ImageObject","inLanguage":"fr-FR","@id":"https:\/\/www.carideal.com\/blog\/#\/schema\/person\/image\/","url":"https:\/\/secure.gravatar.com\/avatar\/c17e55009e671d92cc7f5dc837dc418a?s=96&r=g","contentUrl":"https:\/\/secure.gravatar.com\/avatar\/c17e55009e671d92cc7f5dc837dc418a?s=96&r=g","caption":"Nicolas SCHIAVON"},"description":"Nicolas Schiavon est tomb\u00e9 tout petit dans la marmite automobile. Ayant eu un garage de marque automobile, mandataire automobile de la premi\u00e8re heure d\u00e8s 1999. Nicolas a cr\u00e9\u00e9 ces premiers sites de vente de voiture et blog automobile d\u00e8s 1994. Carideal est n\u00e9 le 15 d\u00e9cembre 2000 de la volont\u00e9 de vendre des voitures d'occasions en ligne puis des voitures neuves. Il a pu essayer beaucoup de voitures tr\u00e8s diff\u00e9rentes et ayant eu personnellement quelques belles autos, Subaru Impreza, Mitsubishi Lancer Evo 7, Porsche 911, Ferrari Testarrossa, Audi RS3, RS4 et j'en passe...","sameAs":["http:\/\/www.carideal.com","https:\/\/www.facebook.com\/nicolas.schiavon.39","https:\/\/www.instagram.com\/carideal1\/","https:\/\/www.linkedin.com\/in\/nschiavon\/","https:\/\/x.com\/caridealauto","https:\/\/www.youtube.com\/user\/caridealsas\/"],"url":"https:\/\/www.carideal.com\/blog\/author\/nschiavon\/"}]}},"uagb_featured_image_src":{"full":false,"thumbnail":false,"medium":false,"medium_large":false,"large":false,"1536x1536":false,"2048x2048":false,"wppr-widget":false},"uagb_author_info":{"display_name":"Nicolas SCHIAVON","author_link":"https:\/\/www.carideal.com\/blog\/author\/nschiavon\/"},"uagb_comment_info":0,"uagb_excerpt":"Hybride l'Ampera patine Hybride l'Ampera patine pouvant rouler plus de 60 km e tout \u00e9lectrique avant que le moteur thermique qui lui sert de g\u00e9n\u00e9rateur ne se mette en route, la voiture de l'ann\u00e9e 2012a en th\u00e9orie, tout pour plaire. Tout sauf son prix, A 45000 \u20ac, elle n'a s\u00e9duit que 200 clients cette ann\u00e9e\u2026","_links":{"self":[{"href":"https:\/\/www.carideal.com\/blog\/wp-json\/wp\/v2\/posts\/5083"}],"collection":[{"href":"https:\/\/www.carideal.com\/blog\/wp-json\/wp\/v2\/posts"}],"about":[{"href":"https:\/\/www.carideal.com\/blog\/wp-json\/wp\/v2\/types\/post"}],"author":[{"embeddable":true,"href":"https:\/\/www.carideal.com\/blog\/wp-json\/wp\/v2\/users\/3"}],"replies":[{"embeddable":true,"href":"https:\/\/www.carideal.com\/blog\/wp-json\/wp\/v2\/comments?post=5083"}],"version-history":[{"count":0,"href":"https:\/\/www.carideal.com\/blog\/wp-json\/wp\/v2\/posts\/5083\/revisions"}],"wp:attachment":[{"href":"https:\/\/www.carideal.com\/blog\/wp-json\/wp\/v2\/media?parent=5083"}],"wp:term":[{"taxonomy":"category","embeddable":true,"href":"https:\/\/www.carideal.com\/blog\/wp-json\/wp\/v2\/categories?post=5083"},{"taxonomy":"post_tag","embeddable":true,"href":"https:\/\/www.carideal.com\/blog\/wp-json\/wp\/v2\/tags?post=5083"}],"curies":[{"name":"wp","href":"https:\/\/api.w.org\/{rel}","templated":true}]}}