{"id":5053,"date":"2012-11-28T23:00:00","date_gmt":"2012-11-28T23:00:00","guid":{"rendered":"http:\/\/www.carideal.com\/blog\/2012\/11\/28\/opel-mokka\/"},"modified":"2020-03-07T16:33:10","modified_gmt":"2020-03-07T15:33:10","slug":"opel-mokka","status":"publish","type":"post","link":"https:\/\/www.carideal.com\/blog\/2012\/11\/28\/opel-mokka\/","title":{"rendered":"Oppel Mokka"},"content":{"rendered":"<div>\n<p><img decoding=\"async\" src=\"http:\/\/www.carideal.com\/images_actualite\/opelmokka-1354197475.jpg\" alt=\"\" \/>Opel Mokka<\/p>\n<\/div>\n<p><strong>Opel en route pour des exp\u00e9ditions avec le Mokka.<\/strong><br \/>\nLes urbains veulent s'\u00e9vader... <a href=\"http:\/\/www.carideal.com\/blog\/marque-de-voiture-actualites-essais\/opel\/\">Opel<\/a> a re\u00e7u le message et y r\u00e9pond avec son v\u00e9hicule de loisir: le Mokka. Long de 4.28, celui-ci sera commercialis\u00e9 en versions 4x2 et 4x4, en essence comme en diesel, et s\u2019ins\u00e9rera dans la gamme entre la Corsa et l'Astra. Il embo\u00eetera le pas Nissan Juke et d\u00e9passera le <a href=\"http:\/\/www.carideal.com\/blog\/2016\/02\/14\/le-peugeot-2008-2-arrive-en-juin-2016\/\">Peugeot 200<\/a>8 et le <a href=\"http:\/\/www.carideal.com\/blog\/2013\/08\/18\/renault-captur-a-lessai\/\">Renault Captur<\/a>.<\/p>\n","protected":false},"excerpt":{"rendered":"<p>Opel Mokka Opel en route pour des exp\u00e9ditions avec le Mokka. Les urbains veulent s&rsquo;\u00e9vader&#8230; Opel a re\u00e7u le message et y r\u00e9pond avec son v\u00e9hicule de loisir: le Mokka. Long de 4.28, celui-ci sera commercialis\u00e9 en versions 4&#215;2 et 4&#215;4, en essence comme en diesel, et s\u2019ins\u00e9rera dans la gamme entre la Corsa et &#8230; <a title=\"Oppel Mokka\" class=\"read-more\" href=\"https:\/\/www.carideal.com\/blog\/2012\/11\/28\/opel-mokka\/\" aria-label=\"En savoir plus sur Oppel Mokka\">Lire plus<\/a><\/p>\n","protected":false},"author":3,"featured_media":0,"comment_status":"open","ping_status":"open","sticky":false,"template":"","format":"standard","meta":{"_uag_custom_page_level_css":"","_themeisle_gutenberg_block_has_review":false,"footnotes":""},"categories":[6017],"tags":[],"class_list":["post-5053","post","type-post","status-publish","format-standard","hentry","category-opel"],"wppr_data":{"cwp_meta_box_check":"No"},"yoast_head":"<!-- This site is optimized with the Yoast SEO plugin v24.8.1 - https:\/\/yoast.com\/wordpress\/plugins\/seo\/ -->\n<title>Oppel Mokka - Blog auto Carid\u00e9al<\/title>\n<meta name=\"robots\" content=\"noindex, follow\" \/>\n<meta property=\"og:locale\" content=\"fr_FR\" \/>\n<meta property=\"og:type\" content=\"article\" \/>\n<meta property=\"og:title\" content=\"Oppel Mokka - Blog auto Carid\u00e9al\" \/>\n<meta property=\"og:description\" content=\"Opel Mokka Opel en route pour des exp\u00e9ditions avec le Mokka. Les urbains veulent s&#039;\u00e9vader... Opel a re\u00e7u le message et y r\u00e9pond avec son v\u00e9hicule de loisir: le Mokka. Long de 4.28, celui-ci sera commercialis\u00e9 en versions 4x2 et 4x4, en essence comme en diesel, et s\u2019ins\u00e9rera dans la gamme entre la Corsa et ... Lire plus\" \/>\n<meta property=\"og:url\" content=\"https:\/\/www.carideal.com\/blog\/2012\/11\/28\/opel-mokka\/\" \/>\n<meta property=\"og:site_name\" content=\"Blog auto Carid\u00e9al\" \/>\n<meta property=\"article:publisher\" content=\"https:\/\/www.facebook.com\/Carideal.mandataire.automobile\" \/>\n<meta property=\"article:author\" content=\"https:\/\/www.facebook.com\/nicolas.schiavon.39\" \/>\n<meta property=\"article:published_time\" content=\"2012-11-28T23:00:00+00:00\" \/>\n<meta property=\"article:modified_time\" content=\"2020-03-07T15:33:10+00:00\" \/>\n<meta property=\"og:image\" content=\"http:\/\/www.carideal.com\/images_actualite\/opelmokka-1354197475.jpg\" \/>\n<meta name=\"author\" content=\"Nicolas SCHIAVON\" \/>\n<meta name=\"twitter:card\" content=\"summary_large_image\" \/>\n<meta name=\"twitter:creator\" content=\"@caridealauto\" \/>\n<meta name=\"twitter:site\" content=\"@caridealauto\" \/>\n<meta name=\"twitter:label1\" content=\"\u00c9crit par\" \/>\n\t<meta name=\"twitter:data1\" content=\"Nicolas SCHIAVON\" \/>\n<script type=\"application\/ld+json\" class=\"yoast-schema-graph\">{\"@context\":\"https:\/\/schema.org\",\"@graph\":[{\"@type\":\"Article\",\"@id\":\"https:\/\/www.carideal.com\/blog\/2012\/11\/28\/opel-mokka\/#article\",\"isPartOf\":{\"@id\":\"https:\/\/www.carideal.com\/blog\/2012\/11\/28\/opel-mokka\/\"},\"author\":{\"name\":\"Nicolas SCHIAVON\",\"@id\":\"https:\/\/www.carideal.com\/blog\/#\/schema\/person\/cd95dc7919660de90d31b366f85be1ec\"},\"headline\":\"Oppel Mokka\",\"datePublished\":\"2012-11-28T23:00:00+00:00\",\"dateModified\":\"2020-03-07T15:33:10+00:00\",\"mainEntityOfPage\":{\"@id\":\"https:\/\/www.carideal.com\/blog\/2012\/11\/28\/opel-mokka\/\"},\"wordCount\":80,\"commentCount\":0,\"publisher\":{\"@id\":\"https:\/\/www.carideal.com\/blog\/#organization\"},\"image\":{\"@id\":\"https:\/\/www.carideal.com\/blog\/2012\/11\/28\/opel-mokka\/#primaryimage\"},\"thumbnailUrl\":\"http:\/\/www.carideal.com\/images_actualite\/opelmokka-1354197475.jpg\",\"articleSection\":[\"Actualit\u00e9 Opel\"],\"inLanguage\":\"fr-FR\",\"potentialAction\":[{\"@type\":\"CommentAction\",\"name\":\"Comment\",\"target\":[\"https:\/\/www.carideal.com\/blog\/2012\/11\/28\/opel-mokka\/#respond\"]}]},{\"@type\":\"WebPage\",\"@id\":\"https:\/\/www.carideal.com\/blog\/2012\/11\/28\/opel-mokka\/\",\"url\":\"https:\/\/www.carideal.com\/blog\/2012\/11\/28\/opel-mokka\/\",\"name\":\"Oppel Mokka - Blog auto Carid\u00e9al\",\"isPartOf\":{\"@id\":\"https:\/\/www.carideal.com\/blog\/#website\"},\"primaryImageOfPage\":{\"@id\":\"https:\/\/www.carideal.com\/blog\/2012\/11\/28\/opel-mokka\/#primaryimage\"},\"image\":{\"@id\":\"https:\/\/www.carideal.com\/blog\/2012\/11\/28\/opel-mokka\/#primaryimage\"},\"thumbnailUrl\":\"http:\/\/www.carideal.com\/images_actualite\/opelmokka-1354197475.jpg\",\"datePublished\":\"2012-11-28T23:00:00+00:00\",\"dateModified\":\"2020-03-07T15:33:10+00:00\",\"breadcrumb\":{\"@id\":\"https:\/\/www.carideal.com\/blog\/2012\/11\/28\/opel-mokka\/#breadcrumb\"},\"inLanguage\":\"fr-FR\",\"potentialAction\":[{\"@type\":\"ReadAction\",\"target\":[\"https:\/\/www.carideal.com\/blog\/2012\/11\/28\/opel-mokka\/\"]}]},{\"@type\":\"ImageObject\",\"inLanguage\":\"fr-FR\",\"@id\":\"https:\/\/www.carideal.com\/blog\/2012\/11\/28\/opel-mokka\/#primaryimage\",\"url\":\"http:\/\/www.carideal.com\/images_actualite\/opelmokka-1354197475.jpg\",\"contentUrl\":\"http:\/\/www.carideal.com\/images_actualite\/opelmokka-1354197475.jpg\"},{\"@type\":\"BreadcrumbList\",\"@id\":\"https:\/\/www.carideal.com\/blog\/2012\/11\/28\/opel-mokka\/#breadcrumb\",\"itemListElement\":[{\"@type\":\"ListItem\",\"position\":1,\"name\":\"Blog Carid\u00e9al\",\"item\":\"https:\/\/www.carideal.com\/blog\/\"},{\"@type\":\"ListItem\",\"position\":2,\"name\":\"Actualit\u00e9 constructeur automobile\",\"item\":\"https:\/\/www.carideal.com\/blog\/constructeur\/\"},{\"@type\":\"ListItem\",\"position\":3,\"name\":\"Actualit\u00e9 Opel\",\"item\":\"https:\/\/www.carideal.com\/blog\/constructeur\/opel\/\"},{\"@type\":\"ListItem\",\"position\":4,\"name\":\"Oppel Mokka\"}]},{\"@type\":\"WebSite\",\"@id\":\"https:\/\/www.carideal.com\/blog\/#website\",\"url\":\"https:\/\/www.carideal.com\/blog\/\",\"name\":\"Blog auto Carid\u00e9al\",\"description\":\"Actualit\u00e9 auto par des passionn\u00e9s\",\"publisher\":{\"@id\":\"https:\/\/www.carideal.com\/blog\/#organization\"},\"potentialAction\":[{\"@type\":\"SearchAction\",\"target\":{\"@type\":\"EntryPoint\",\"urlTemplate\":\"https:\/\/www.carideal.com\/blog\/?s={search_term_string}\"},\"query-input\":{\"@type\":\"PropertyValueSpecification\",\"valueRequired\":true,\"valueName\":\"search_term_string\"}}],\"inLanguage\":\"fr-FR\"},{\"@type\":\"Organization\",\"@id\":\"https:\/\/www.carideal.com\/blog\/#organization\",\"name\":\"Carideal\",\"url\":\"https:\/\/www.carideal.com\/blog\/\",\"logo\":{\"@type\":\"ImageObject\",\"inLanguage\":\"fr-FR\",\"@id\":\"https:\/\/www.carideal.com\/blog\/#\/schema\/logo\/image\/\",\"url\":\"http:\/\/www.carideal.com\/blog\/wp-content\/uploads\/2016\/03\/logo-carideal-mandataire-automobile.png\",\"contentUrl\":\"http:\/\/www.carideal.com\/blog\/wp-content\/uploads\/2016\/03\/logo-carideal-mandataire-automobile.png\",\"width\":300,\"height\":300,\"caption\":\"Carideal\"},\"image\":{\"@id\":\"https:\/\/www.carideal.com\/blog\/#\/schema\/logo\/image\/\"},\"sameAs\":[\"https:\/\/www.facebook.com\/Carideal.mandataire.automobile\",\"https:\/\/x.com\/caridealauto\",\"https:\/\/www.instagram.com\/carideal1\/\",\"https:\/\/www.linkedin.com\/company\/carideal.com\",\"https:\/\/fr.pinterest.com\/schiavonsas\/\",\"https:\/\/www.youtube.com\/user\/caridealsas\"]},{\"@type\":\"Person\",\"@id\":\"https:\/\/www.carideal.com\/blog\/#\/schema\/person\/cd95dc7919660de90d31b366f85be1ec\",\"name\":\"Nicolas SCHIAVON\",\"image\":{\"@type\":\"ImageObject\",\"inLanguage\":\"fr-FR\",\"@id\":\"https:\/\/www.carideal.com\/blog\/#\/schema\/person\/image\/\",\"url\":\"https:\/\/secure.gravatar.com\/avatar\/c17e55009e671d92cc7f5dc837dc418a?s=96&r=g\",\"contentUrl\":\"https:\/\/secure.gravatar.com\/avatar\/c17e55009e671d92cc7f5dc837dc418a?s=96&r=g\",\"caption\":\"Nicolas SCHIAVON\"},\"description\":\"Nicolas Schiavon est tomb\u00e9 tout petit dans la marmite automobile. Ayant eu un garage de marque automobile, mandataire automobile de la premi\u00e8re heure d\u00e8s 1999. Nicolas a cr\u00e9\u00e9 ces premiers sites de vente de voiture et blog automobile d\u00e8s 1994. Carideal est n\u00e9 le 15 d\u00e9cembre 2000 de la volont\u00e9 de vendre des voitures d'occasions en ligne puis des voitures neuves. Il a pu essayer beaucoup de voitures tr\u00e8s diff\u00e9rentes et ayant eu personnellement quelques belles autos, Subaru Impreza, Mitsubishi Lancer Evo 7, Porsche 911, Ferrari Testarrossa, Audi RS3, RS4 et j'en passe...\",\"sameAs\":[\"http:\/\/www.carideal.com\",\"https:\/\/www.facebook.com\/nicolas.schiavon.39\",\"https:\/\/www.instagram.com\/carideal1\/\",\"https:\/\/www.linkedin.com\/in\/nschiavon\/\",\"https:\/\/x.com\/caridealauto\",\"https:\/\/www.youtube.com\/user\/caridealsas\/\"],\"url\":\"https:\/\/www.carideal.com\/blog\/author\/nschiavon\/\"}]}<\/script>\n<!-- \/ Yoast SEO plugin. -->","yoast_head_json":{"title":"Oppel Mokka - Blog auto Carid\u00e9al","robots":{"index":"noindex","follow":"follow"},"og_locale":"fr_FR","og_type":"article","og_title":"Oppel Mokka - Blog auto Carid\u00e9al","og_description":"Opel Mokka Opel en route pour des exp\u00e9ditions avec le Mokka. Les urbains veulent s'\u00e9vader... Opel a re\u00e7u le message et y r\u00e9pond avec son v\u00e9hicule de loisir: le Mokka. Long de 4.28, celui-ci sera commercialis\u00e9 en versions 4x2 et 4x4, en essence comme en diesel, et s\u2019ins\u00e9rera dans la gamme entre la Corsa et ... Lire plus","og_url":"https:\/\/www.carideal.com\/blog\/2012\/11\/28\/opel-mokka\/","og_site_name":"Blog auto Carid\u00e9al","article_publisher":"https:\/\/www.facebook.com\/Carideal.mandataire.automobile","article_author":"https:\/\/www.facebook.com\/nicolas.schiavon.39","article_published_time":"2012-11-28T23:00:00+00:00","article_modified_time":"2020-03-07T15:33:10+00:00","og_image":[{"url":"http:\/\/www.carideal.com\/images_actualite\/opelmokka-1354197475.jpg","type":"","width":"","height":""}],"author":"Nicolas SCHIAVON","twitter_card":"summary_large_image","twitter_creator":"@caridealauto","twitter_site":"@caridealauto","twitter_misc":{"\u00c9crit par":"Nicolas SCHIAVON"},"schema":{"@context":"https:\/\/schema.org","@graph":[{"@type":"Article","@id":"https:\/\/www.carideal.com\/blog\/2012\/11\/28\/opel-mokka\/#article","isPartOf":{"@id":"https:\/\/www.carideal.com\/blog\/2012\/11\/28\/opel-mokka\/"},"author":{"name":"Nicolas SCHIAVON","@id":"https:\/\/www.carideal.com\/blog\/#\/schema\/person\/cd95dc7919660de90d31b366f85be1ec"},"headline":"Oppel Mokka","datePublished":"2012-11-28T23:00:00+00:00","dateModified":"2020-03-07T15:33:10+00:00","mainEntityOfPage":{"@id":"https:\/\/www.carideal.com\/blog\/2012\/11\/28\/opel-mokka\/"},"wordCount":80,"commentCount":0,"publisher":{"@id":"https:\/\/www.carideal.com\/blog\/#organization"},"image":{"@id":"https:\/\/www.carideal.com\/blog\/2012\/11\/28\/opel-mokka\/#primaryimage"},"thumbnailUrl":"http:\/\/www.carideal.com\/images_actualite\/opelmokka-1354197475.jpg","articleSection":["Actualit\u00e9 Opel"],"inLanguage":"fr-FR","potentialAction":[{"@type":"CommentAction","name":"Comment","target":["https:\/\/www.carideal.com\/blog\/2012\/11\/28\/opel-mokka\/#respond"]}]},{"@type":"WebPage","@id":"https:\/\/www.carideal.com\/blog\/2012\/11\/28\/opel-mokka\/","url":"https:\/\/www.carideal.com\/blog\/2012\/11\/28\/opel-mokka\/","name":"Oppel Mokka - Blog auto Carid\u00e9al","isPartOf":{"@id":"https:\/\/www.carideal.com\/blog\/#website"},"primaryImageOfPage":{"@id":"https:\/\/www.carideal.com\/blog\/2012\/11\/28\/opel-mokka\/#primaryimage"},"image":{"@id":"https:\/\/www.carideal.com\/blog\/2012\/11\/28\/opel-mokka\/#primaryimage"},"thumbnailUrl":"http:\/\/www.carideal.com\/images_actualite\/opelmokka-1354197475.jpg","datePublished":"2012-11-28T23:00:00+00:00","dateModified":"2020-03-07T15:33:10+00:00","breadcrumb":{"@id":"https:\/\/www.carideal.com\/blog\/2012\/11\/28\/opel-mokka\/#breadcrumb"},"inLanguage":"fr-FR","potentialAction":[{"@type":"ReadAction","target":["https:\/\/www.carideal.com\/blog\/2012\/11\/28\/opel-mokka\/"]}]},{"@type":"ImageObject","inLanguage":"fr-FR","@id":"https:\/\/www.carideal.com\/blog\/2012\/11\/28\/opel-mokka\/#primaryimage","url":"http:\/\/www.carideal.com\/images_actualite\/opelmokka-1354197475.jpg","contentUrl":"http:\/\/www.carideal.com\/images_actualite\/opelmokka-1354197475.jpg"},{"@type":"BreadcrumbList","@id":"https:\/\/www.carideal.com\/blog\/2012\/11\/28\/opel-mokka\/#breadcrumb","itemListElement":[{"@type":"ListItem","position":1,"name":"Blog Carid\u00e9al","item":"https:\/\/www.carideal.com\/blog\/"},{"@type":"ListItem","position":2,"name":"Actualit\u00e9 constructeur automobile","item":"https:\/\/www.carideal.com\/blog\/constructeur\/"},{"@type":"ListItem","position":3,"name":"Actualit\u00e9 Opel","item":"https:\/\/www.carideal.com\/blog\/constructeur\/opel\/"},{"@type":"ListItem","position":4,"name":"Oppel Mokka"}]},{"@type":"WebSite","@id":"https:\/\/www.carideal.com\/blog\/#website","url":"https:\/\/www.carideal.com\/blog\/","name":"Blog auto Carid\u00e9al","description":"Actualit\u00e9 auto par des passionn\u00e9s","publisher":{"@id":"https:\/\/www.carideal.com\/blog\/#organization"},"potentialAction":[{"@type":"SearchAction","target":{"@type":"EntryPoint","urlTemplate":"https:\/\/www.carideal.com\/blog\/?s={search_term_string}"},"query-input":{"@type":"PropertyValueSpecification","valueRequired":true,"valueName":"search_term_string"}}],"inLanguage":"fr-FR"},{"@type":"Organization","@id":"https:\/\/www.carideal.com\/blog\/#organization","name":"Carideal","url":"https:\/\/www.carideal.com\/blog\/","logo":{"@type":"ImageObject","inLanguage":"fr-FR","@id":"https:\/\/www.carideal.com\/blog\/#\/schema\/logo\/image\/","url":"http:\/\/www.carideal.com\/blog\/wp-content\/uploads\/2016\/03\/logo-carideal-mandataire-automobile.png","contentUrl":"http:\/\/www.carideal.com\/blog\/wp-content\/uploads\/2016\/03\/logo-carideal-mandataire-automobile.png","width":300,"height":300,"caption":"Carideal"},"image":{"@id":"https:\/\/www.carideal.com\/blog\/#\/schema\/logo\/image\/"},"sameAs":["https:\/\/www.facebook.com\/Carideal.mandataire.automobile","https:\/\/x.com\/caridealauto","https:\/\/www.instagram.com\/carideal1\/","https:\/\/www.linkedin.com\/company\/carideal.com","https:\/\/fr.pinterest.com\/schiavonsas\/","https:\/\/www.youtube.com\/user\/caridealsas"]},{"@type":"Person","@id":"https:\/\/www.carideal.com\/blog\/#\/schema\/person\/cd95dc7919660de90d31b366f85be1ec","name":"Nicolas SCHIAVON","image":{"@type":"ImageObject","inLanguage":"fr-FR","@id":"https:\/\/www.carideal.com\/blog\/#\/schema\/person\/image\/","url":"https:\/\/secure.gravatar.com\/avatar\/c17e55009e671d92cc7f5dc837dc418a?s=96&r=g","contentUrl":"https:\/\/secure.gravatar.com\/avatar\/c17e55009e671d92cc7f5dc837dc418a?s=96&r=g","caption":"Nicolas SCHIAVON"},"description":"Nicolas Schiavon est tomb\u00e9 tout petit dans la marmite automobile. Ayant eu un garage de marque automobile, mandataire automobile de la premi\u00e8re heure d\u00e8s 1999. Nicolas a cr\u00e9\u00e9 ces premiers sites de vente de voiture et blog automobile d\u00e8s 1994. Carideal est n\u00e9 le 15 d\u00e9cembre 2000 de la volont\u00e9 de vendre des voitures d'occasions en ligne puis des voitures neuves. Il a pu essayer beaucoup de voitures tr\u00e8s diff\u00e9rentes et ayant eu personnellement quelques belles autos, Subaru Impreza, Mitsubishi Lancer Evo 7, Porsche 911, Ferrari Testarrossa, Audi RS3, RS4 et j'en passe...","sameAs":["http:\/\/www.carideal.com","https:\/\/www.facebook.com\/nicolas.schiavon.39","https:\/\/www.instagram.com\/carideal1\/","https:\/\/www.linkedin.com\/in\/nschiavon\/","https:\/\/x.com\/caridealauto","https:\/\/www.youtube.com\/user\/caridealsas\/"],"url":"https:\/\/www.carideal.com\/blog\/author\/nschiavon\/"}]}},"uagb_featured_image_src":{"full":false,"thumbnail":false,"medium":false,"medium_large":false,"large":false,"1536x1536":false,"2048x2048":false,"wppr-widget":false},"uagb_author_info":{"display_name":"Nicolas SCHIAVON","author_link":"https:\/\/www.carideal.com\/blog\/author\/nschiavon\/"},"uagb_comment_info":0,"uagb_excerpt":"Opel Mokka Opel en route pour des exp\u00e9ditions avec le Mokka. Les urbains veulent s'\u00e9vader... Opel a re\u00e7u le message et y r\u00e9pond avec son v\u00e9hicule de loisir: le Mokka. Long de 4.28, celui-ci sera commercialis\u00e9 en versions 4x2 et 4x4, en essence comme en diesel, et s\u2019ins\u00e9rera dans la gamme entre la Corsa et\u2026","_links":{"self":[{"href":"https:\/\/www.carideal.com\/blog\/wp-json\/wp\/v2\/posts\/5053"}],"collection":[{"href":"https:\/\/www.carideal.com\/blog\/wp-json\/wp\/v2\/posts"}],"about":[{"href":"https:\/\/www.carideal.com\/blog\/wp-json\/wp\/v2\/types\/post"}],"author":[{"embeddable":true,"href":"https:\/\/www.carideal.com\/blog\/wp-json\/wp\/v2\/users\/3"}],"replies":[{"embeddable":true,"href":"https:\/\/www.carideal.com\/blog\/wp-json\/wp\/v2\/comments?post=5053"}],"version-history":[{"count":0,"href":"https:\/\/www.carideal.com\/blog\/wp-json\/wp\/v2\/posts\/5053\/revisions"}],"wp:attachment":[{"href":"https:\/\/www.carideal.com\/blog\/wp-json\/wp\/v2\/media?parent=5053"}],"wp:term":[{"taxonomy":"category","embeddable":true,"href":"https:\/\/www.carideal.com\/blog\/wp-json\/wp\/v2\/categories?post=5053"},{"taxonomy":"post_tag","embeddable":true,"href":"https:\/\/www.carideal.com\/blog\/wp-json\/wp\/v2\/tags?post=5053"}],"curies":[{"name":"wp","href":"https:\/\/api.w.org\/{rel}","templated":true}]}}