{"id":5049,"date":"2012-11-28T23:00:00","date_gmt":"2012-11-28T23:00:00","guid":{"rendered":"http:\/\/www.carideal.com\/blog\/2012\/11\/28\/mercedes-csc-concept-car\/"},"modified":"2019-02-01T17:24:28","modified_gmt":"2019-02-01T16:24:28","slug":"mercedes-csc-concept-car","status":"publish","type":"post","link":"https:\/\/www.carideal.com\/blog\/2012\/11\/28\/mercedes-csc-concept-car\/","title":{"rendered":"Mercedes CSC Concept Car"},"content":{"rendered":"<div>\n<p><img decoding=\"async\" src=\"http:\/\/www.carideal.com\/images_actualite\/mercedescsc-1354179327.jpg\" alt=\"\" \/>Mercedes CSC Concept Car<\/p>\n<\/div>\n<p><strong>Le Concept Car de Mercedes.<\/strong><br \/>\nLa plateforme de la <a href=\"http:\/\/www.carideal.com\/blog\/2012\/09\/28\/mercedes-classe-a-2\/\">Classe A<\/a> est rallong\u00e9e \u00e0 4.63 la place entre la Classe C (4.58 m) et la Classe E (4.87 m). Pourtant, la future CLA, qui d\u00e9coulera de ce concept car, pr\u00e9sentera une transmission aux roues avant.Mais ce que l'on m\u00e9morisera surtout, c'est la ligne magistrale qui en fera une petite soeur de la CLS et une concurrente de la future d\u00e9clinaison \" \u00e0 coffre\" de l'<a href=\"http:\/\/www.carideal.com\/blog\/2013\/08\/13\/audi-a3-berline-2\/\">Audi A3 nomm\u00e9e Sportlimousine<\/a>. Deux mod\u00e8les destin\u00e9s prioritairement \u00e0 la Chine et \u00e0 l'Am\u00e9rique du Nord, mais qui captiveront aussi l'Europe.<\/p>\n","protected":false},"excerpt":{"rendered":"<p>Mercedes CSC Concept Car Le Concept Car de Mercedes. La plateforme de la Classe A est rallong\u00e9e \u00e0 4.63 la place entre la Classe C (4.58 m) et la Classe E (4.87 m). Pourtant, la future CLA, qui d\u00e9coulera de ce concept car, pr\u00e9sentera une transmission aux roues avant.Mais ce que l&rsquo;on m\u00e9morisera surtout, c&rsquo;est &#8230; <a title=\"Mercedes CSC Concept Car\" class=\"read-more\" href=\"https:\/\/www.carideal.com\/blog\/2012\/11\/28\/mercedes-csc-concept-car\/\" aria-label=\"En savoir plus sur Mercedes CSC Concept Car\">Lire plus<\/a><\/p>\n","protected":false},"author":3,"featured_media":0,"comment_status":"open","ping_status":"open","sticky":false,"template":"","format":"standard","meta":{"_uag_custom_page_level_css":"","_themeisle_gutenberg_block_has_review":false,"footnotes":""},"categories":[5995],"tags":[],"class_list":["post-5049","post","type-post","status-publish","format-standard","hentry","category-mercedes"],"wppr_data":{"cwp_meta_box_check":"No"},"yoast_head":"<!-- This site is optimized with the Yoast SEO plugin v24.8.1 - https:\/\/yoast.com\/wordpress\/plugins\/seo\/ -->\n<title>Mercedes CSC Concept Car - Blog auto Carid\u00e9al<\/title>\n<meta name=\"robots\" content=\"noindex, follow\" \/>\n<meta property=\"og:locale\" content=\"fr_FR\" \/>\n<meta property=\"og:type\" content=\"article\" \/>\n<meta property=\"og:title\" content=\"Mercedes CSC Concept Car - Blog auto Carid\u00e9al\" \/>\n<meta property=\"og:description\" content=\"Mercedes CSC Concept Car Le Concept Car de Mercedes. La plateforme de la Classe A est rallong\u00e9e \u00e0 4.63 la place entre la Classe C (4.58 m) et la Classe E (4.87 m). Pourtant, la future CLA, qui d\u00e9coulera de ce concept car, pr\u00e9sentera une transmission aux roues avant.Mais ce que l&#039;on m\u00e9morisera surtout, c&#039;est ... Lire plus\" \/>\n<meta property=\"og:url\" content=\"https:\/\/www.carideal.com\/blog\/2012\/11\/28\/mercedes-csc-concept-car\/\" \/>\n<meta property=\"og:site_name\" content=\"Blog auto Carid\u00e9al\" \/>\n<meta property=\"article:publisher\" content=\"https:\/\/www.facebook.com\/Carideal.mandataire.automobile\" \/>\n<meta property=\"article:author\" content=\"https:\/\/www.facebook.com\/nicolas.schiavon.39\" \/>\n<meta property=\"article:published_time\" content=\"2012-11-28T23:00:00+00:00\" \/>\n<meta property=\"article:modified_time\" content=\"2019-02-01T16:24:28+00:00\" \/>\n<meta property=\"og:image\" content=\"http:\/\/www.carideal.com\/images_actualite\/mercedescsc-1354179327.jpg\" \/>\n<meta name=\"author\" content=\"Nicolas SCHIAVON\" \/>\n<meta name=\"twitter:card\" content=\"summary_large_image\" \/>\n<meta name=\"twitter:creator\" content=\"@caridealauto\" \/>\n<meta name=\"twitter:site\" content=\"@caridealauto\" \/>\n<meta name=\"twitter:label1\" content=\"\u00c9crit par\" \/>\n\t<meta name=\"twitter:data1\" content=\"Nicolas SCHIAVON\" \/>\n\t<meta name=\"twitter:label2\" content=\"Dur\u00e9e de lecture estim\u00e9e\" \/>\n\t<meta name=\"twitter:data2\" content=\"1 minute\" \/>\n<script type=\"application\/ld+json\" class=\"yoast-schema-graph\">{\"@context\":\"https:\/\/schema.org\",\"@graph\":[{\"@type\":\"Article\",\"@id\":\"https:\/\/www.carideal.com\/blog\/2012\/11\/28\/mercedes-csc-concept-car\/#article\",\"isPartOf\":{\"@id\":\"https:\/\/www.carideal.com\/blog\/2012\/11\/28\/mercedes-csc-concept-car\/\"},\"author\":{\"name\":\"Nicolas SCHIAVON\",\"@id\":\"https:\/\/www.carideal.com\/blog\/#\/schema\/person\/cd95dc7919660de90d31b366f85be1ec\"},\"headline\":\"Mercedes CSC Concept Car\",\"datePublished\":\"2012-11-28T23:00:00+00:00\",\"dateModified\":\"2019-02-01T16:24:28+00:00\",\"mainEntityOfPage\":{\"@id\":\"https:\/\/www.carideal.com\/blog\/2012\/11\/28\/mercedes-csc-concept-car\/\"},\"wordCount\":105,\"commentCount\":0,\"publisher\":{\"@id\":\"https:\/\/www.carideal.com\/blog\/#organization\"},\"image\":{\"@id\":\"https:\/\/www.carideal.com\/blog\/2012\/11\/28\/mercedes-csc-concept-car\/#primaryimage\"},\"thumbnailUrl\":\"http:\/\/www.carideal.com\/images_actualite\/mercedescsc-1354179327.jpg\",\"articleSection\":[\"Actualit\u00e9 Mercedes\"],\"inLanguage\":\"fr-FR\",\"potentialAction\":[{\"@type\":\"CommentAction\",\"name\":\"Comment\",\"target\":[\"https:\/\/www.carideal.com\/blog\/2012\/11\/28\/mercedes-csc-concept-car\/#respond\"]}]},{\"@type\":\"WebPage\",\"@id\":\"https:\/\/www.carideal.com\/blog\/2012\/11\/28\/mercedes-csc-concept-car\/\",\"url\":\"https:\/\/www.carideal.com\/blog\/2012\/11\/28\/mercedes-csc-concept-car\/\",\"name\":\"Mercedes CSC Concept Car - Blog auto Carid\u00e9al\",\"isPartOf\":{\"@id\":\"https:\/\/www.carideal.com\/blog\/#website\"},\"primaryImageOfPage\":{\"@id\":\"https:\/\/www.carideal.com\/blog\/2012\/11\/28\/mercedes-csc-concept-car\/#primaryimage\"},\"image\":{\"@id\":\"https:\/\/www.carideal.com\/blog\/2012\/11\/28\/mercedes-csc-concept-car\/#primaryimage\"},\"thumbnailUrl\":\"http:\/\/www.carideal.com\/images_actualite\/mercedescsc-1354179327.jpg\",\"datePublished\":\"2012-11-28T23:00:00+00:00\",\"dateModified\":\"2019-02-01T16:24:28+00:00\",\"breadcrumb\":{\"@id\":\"https:\/\/www.carideal.com\/blog\/2012\/11\/28\/mercedes-csc-concept-car\/#breadcrumb\"},\"inLanguage\":\"fr-FR\",\"potentialAction\":[{\"@type\":\"ReadAction\",\"target\":[\"https:\/\/www.carideal.com\/blog\/2012\/11\/28\/mercedes-csc-concept-car\/\"]}]},{\"@type\":\"ImageObject\",\"inLanguage\":\"fr-FR\",\"@id\":\"https:\/\/www.carideal.com\/blog\/2012\/11\/28\/mercedes-csc-concept-car\/#primaryimage\",\"url\":\"http:\/\/www.carideal.com\/images_actualite\/mercedescsc-1354179327.jpg\",\"contentUrl\":\"http:\/\/www.carideal.com\/images_actualite\/mercedescsc-1354179327.jpg\"},{\"@type\":\"BreadcrumbList\",\"@id\":\"https:\/\/www.carideal.com\/blog\/2012\/11\/28\/mercedes-csc-concept-car\/#breadcrumb\",\"itemListElement\":[{\"@type\":\"ListItem\",\"position\":1,\"name\":\"Blog Carid\u00e9al\",\"item\":\"https:\/\/www.carideal.com\/blog\/\"},{\"@type\":\"ListItem\",\"position\":2,\"name\":\"Actualit\u00e9 constructeur automobile\",\"item\":\"https:\/\/www.carideal.com\/blog\/constructeur\/\"},{\"@type\":\"ListItem\",\"position\":3,\"name\":\"Actualit\u00e9 Mercedes\",\"item\":\"https:\/\/www.carideal.com\/blog\/constructeur\/mercedes\/\"},{\"@type\":\"ListItem\",\"position\":4,\"name\":\"Mercedes CSC Concept Car\"}]},{\"@type\":\"WebSite\",\"@id\":\"https:\/\/www.carideal.com\/blog\/#website\",\"url\":\"https:\/\/www.carideal.com\/blog\/\",\"name\":\"Blog auto Carid\u00e9al\",\"description\":\"Actualit\u00e9 auto par des passionn\u00e9s\",\"publisher\":{\"@id\":\"https:\/\/www.carideal.com\/blog\/#organization\"},\"potentialAction\":[{\"@type\":\"SearchAction\",\"target\":{\"@type\":\"EntryPoint\",\"urlTemplate\":\"https:\/\/www.carideal.com\/blog\/?s={search_term_string}\"},\"query-input\":{\"@type\":\"PropertyValueSpecification\",\"valueRequired\":true,\"valueName\":\"search_term_string\"}}],\"inLanguage\":\"fr-FR\"},{\"@type\":\"Organization\",\"@id\":\"https:\/\/www.carideal.com\/blog\/#organization\",\"name\":\"Carideal\",\"url\":\"https:\/\/www.carideal.com\/blog\/\",\"logo\":{\"@type\":\"ImageObject\",\"inLanguage\":\"fr-FR\",\"@id\":\"https:\/\/www.carideal.com\/blog\/#\/schema\/logo\/image\/\",\"url\":\"http:\/\/www.carideal.com\/blog\/wp-content\/uploads\/2016\/03\/logo-carideal-mandataire-automobile.png\",\"contentUrl\":\"http:\/\/www.carideal.com\/blog\/wp-content\/uploads\/2016\/03\/logo-carideal-mandataire-automobile.png\",\"width\":300,\"height\":300,\"caption\":\"Carideal\"},\"image\":{\"@id\":\"https:\/\/www.carideal.com\/blog\/#\/schema\/logo\/image\/\"},\"sameAs\":[\"https:\/\/www.facebook.com\/Carideal.mandataire.automobile\",\"https:\/\/x.com\/caridealauto\",\"https:\/\/www.instagram.com\/carideal1\/\",\"https:\/\/www.linkedin.com\/company\/carideal.com\",\"https:\/\/fr.pinterest.com\/schiavonsas\/\",\"https:\/\/www.youtube.com\/user\/caridealsas\"]},{\"@type\":\"Person\",\"@id\":\"https:\/\/www.carideal.com\/blog\/#\/schema\/person\/cd95dc7919660de90d31b366f85be1ec\",\"name\":\"Nicolas SCHIAVON\",\"image\":{\"@type\":\"ImageObject\",\"inLanguage\":\"fr-FR\",\"@id\":\"https:\/\/www.carideal.com\/blog\/#\/schema\/person\/image\/\",\"url\":\"https:\/\/secure.gravatar.com\/avatar\/c17e55009e671d92cc7f5dc837dc418a?s=96&r=g\",\"contentUrl\":\"https:\/\/secure.gravatar.com\/avatar\/c17e55009e671d92cc7f5dc837dc418a?s=96&r=g\",\"caption\":\"Nicolas SCHIAVON\"},\"description\":\"Nicolas Schiavon est tomb\u00e9 tout petit dans la marmite automobile. Ayant eu un garage de marque automobile, mandataire automobile de la premi\u00e8re heure d\u00e8s 1999. Nicolas a cr\u00e9\u00e9 ces premiers sites de vente de voiture et blog automobile d\u00e8s 1994. Carideal est n\u00e9 le 15 d\u00e9cembre 2000 de la volont\u00e9 de vendre des voitures d'occasions en ligne puis des voitures neuves. Il a pu essayer beaucoup de voitures tr\u00e8s diff\u00e9rentes et ayant eu personnellement quelques belles autos, Subaru Impreza, Mitsubishi Lancer Evo 7, Porsche 911, Ferrari Testarrossa, Audi RS3, RS4 et j'en passe...\",\"sameAs\":[\"http:\/\/www.carideal.com\",\"https:\/\/www.facebook.com\/nicolas.schiavon.39\",\"https:\/\/www.instagram.com\/carideal1\/\",\"https:\/\/www.linkedin.com\/in\/nschiavon\/\",\"https:\/\/x.com\/caridealauto\",\"https:\/\/www.youtube.com\/user\/caridealsas\/\"],\"url\":\"https:\/\/www.carideal.com\/blog\/author\/nschiavon\/\"}]}<\/script>\n<!-- \/ Yoast SEO plugin. -->","yoast_head_json":{"title":"Mercedes CSC Concept Car - Blog auto Carid\u00e9al","robots":{"index":"noindex","follow":"follow"},"og_locale":"fr_FR","og_type":"article","og_title":"Mercedes CSC Concept Car - Blog auto Carid\u00e9al","og_description":"Mercedes CSC Concept Car Le Concept Car de Mercedes. La plateforme de la Classe A est rallong\u00e9e \u00e0 4.63 la place entre la Classe C (4.58 m) et la Classe E (4.87 m). Pourtant, la future CLA, qui d\u00e9coulera de ce concept car, pr\u00e9sentera une transmission aux roues avant.Mais ce que l'on m\u00e9morisera surtout, c'est ... Lire plus","og_url":"https:\/\/www.carideal.com\/blog\/2012\/11\/28\/mercedes-csc-concept-car\/","og_site_name":"Blog auto Carid\u00e9al","article_publisher":"https:\/\/www.facebook.com\/Carideal.mandataire.automobile","article_author":"https:\/\/www.facebook.com\/nicolas.schiavon.39","article_published_time":"2012-11-28T23:00:00+00:00","article_modified_time":"2019-02-01T16:24:28+00:00","og_image":[{"url":"http:\/\/www.carideal.com\/images_actualite\/mercedescsc-1354179327.jpg","type":"","width":"","height":""}],"author":"Nicolas SCHIAVON","twitter_card":"summary_large_image","twitter_creator":"@caridealauto","twitter_site":"@caridealauto","twitter_misc":{"\u00c9crit par":"Nicolas SCHIAVON","Dur\u00e9e de lecture estim\u00e9e":"1 minute"},"schema":{"@context":"https:\/\/schema.org","@graph":[{"@type":"Article","@id":"https:\/\/www.carideal.com\/blog\/2012\/11\/28\/mercedes-csc-concept-car\/#article","isPartOf":{"@id":"https:\/\/www.carideal.com\/blog\/2012\/11\/28\/mercedes-csc-concept-car\/"},"author":{"name":"Nicolas SCHIAVON","@id":"https:\/\/www.carideal.com\/blog\/#\/schema\/person\/cd95dc7919660de90d31b366f85be1ec"},"headline":"Mercedes CSC Concept Car","datePublished":"2012-11-28T23:00:00+00:00","dateModified":"2019-02-01T16:24:28+00:00","mainEntityOfPage":{"@id":"https:\/\/www.carideal.com\/blog\/2012\/11\/28\/mercedes-csc-concept-car\/"},"wordCount":105,"commentCount":0,"publisher":{"@id":"https:\/\/www.carideal.com\/blog\/#organization"},"image":{"@id":"https:\/\/www.carideal.com\/blog\/2012\/11\/28\/mercedes-csc-concept-car\/#primaryimage"},"thumbnailUrl":"http:\/\/www.carideal.com\/images_actualite\/mercedescsc-1354179327.jpg","articleSection":["Actualit\u00e9 Mercedes"],"inLanguage":"fr-FR","potentialAction":[{"@type":"CommentAction","name":"Comment","target":["https:\/\/www.carideal.com\/blog\/2012\/11\/28\/mercedes-csc-concept-car\/#respond"]}]},{"@type":"WebPage","@id":"https:\/\/www.carideal.com\/blog\/2012\/11\/28\/mercedes-csc-concept-car\/","url":"https:\/\/www.carideal.com\/blog\/2012\/11\/28\/mercedes-csc-concept-car\/","name":"Mercedes CSC Concept Car - Blog auto Carid\u00e9al","isPartOf":{"@id":"https:\/\/www.carideal.com\/blog\/#website"},"primaryImageOfPage":{"@id":"https:\/\/www.carideal.com\/blog\/2012\/11\/28\/mercedes-csc-concept-car\/#primaryimage"},"image":{"@id":"https:\/\/www.carideal.com\/blog\/2012\/11\/28\/mercedes-csc-concept-car\/#primaryimage"},"thumbnailUrl":"http:\/\/www.carideal.com\/images_actualite\/mercedescsc-1354179327.jpg","datePublished":"2012-11-28T23:00:00+00:00","dateModified":"2019-02-01T16:24:28+00:00","breadcrumb":{"@id":"https:\/\/www.carideal.com\/blog\/2012\/11\/28\/mercedes-csc-concept-car\/#breadcrumb"},"inLanguage":"fr-FR","potentialAction":[{"@type":"ReadAction","target":["https:\/\/www.carideal.com\/blog\/2012\/11\/28\/mercedes-csc-concept-car\/"]}]},{"@type":"ImageObject","inLanguage":"fr-FR","@id":"https:\/\/www.carideal.com\/blog\/2012\/11\/28\/mercedes-csc-concept-car\/#primaryimage","url":"http:\/\/www.carideal.com\/images_actualite\/mercedescsc-1354179327.jpg","contentUrl":"http:\/\/www.carideal.com\/images_actualite\/mercedescsc-1354179327.jpg"},{"@type":"BreadcrumbList","@id":"https:\/\/www.carideal.com\/blog\/2012\/11\/28\/mercedes-csc-concept-car\/#breadcrumb","itemListElement":[{"@type":"ListItem","position":1,"name":"Blog Carid\u00e9al","item":"https:\/\/www.carideal.com\/blog\/"},{"@type":"ListItem","position":2,"name":"Actualit\u00e9 constructeur automobile","item":"https:\/\/www.carideal.com\/blog\/constructeur\/"},{"@type":"ListItem","position":3,"name":"Actualit\u00e9 Mercedes","item":"https:\/\/www.carideal.com\/blog\/constructeur\/mercedes\/"},{"@type":"ListItem","position":4,"name":"Mercedes CSC Concept Car"}]},{"@type":"WebSite","@id":"https:\/\/www.carideal.com\/blog\/#website","url":"https:\/\/www.carideal.com\/blog\/","name":"Blog auto Carid\u00e9al","description":"Actualit\u00e9 auto par des passionn\u00e9s","publisher":{"@id":"https:\/\/www.carideal.com\/blog\/#organization"},"potentialAction":[{"@type":"SearchAction","target":{"@type":"EntryPoint","urlTemplate":"https:\/\/www.carideal.com\/blog\/?s={search_term_string}"},"query-input":{"@type":"PropertyValueSpecification","valueRequired":true,"valueName":"search_term_string"}}],"inLanguage":"fr-FR"},{"@type":"Organization","@id":"https:\/\/www.carideal.com\/blog\/#organization","name":"Carideal","url":"https:\/\/www.carideal.com\/blog\/","logo":{"@type":"ImageObject","inLanguage":"fr-FR","@id":"https:\/\/www.carideal.com\/blog\/#\/schema\/logo\/image\/","url":"http:\/\/www.carideal.com\/blog\/wp-content\/uploads\/2016\/03\/logo-carideal-mandataire-automobile.png","contentUrl":"http:\/\/www.carideal.com\/blog\/wp-content\/uploads\/2016\/03\/logo-carideal-mandataire-automobile.png","width":300,"height":300,"caption":"Carideal"},"image":{"@id":"https:\/\/www.carideal.com\/blog\/#\/schema\/logo\/image\/"},"sameAs":["https:\/\/www.facebook.com\/Carideal.mandataire.automobile","https:\/\/x.com\/caridealauto","https:\/\/www.instagram.com\/carideal1\/","https:\/\/www.linkedin.com\/company\/carideal.com","https:\/\/fr.pinterest.com\/schiavonsas\/","https:\/\/www.youtube.com\/user\/caridealsas"]},{"@type":"Person","@id":"https:\/\/www.carideal.com\/blog\/#\/schema\/person\/cd95dc7919660de90d31b366f85be1ec","name":"Nicolas SCHIAVON","image":{"@type":"ImageObject","inLanguage":"fr-FR","@id":"https:\/\/www.carideal.com\/blog\/#\/schema\/person\/image\/","url":"https:\/\/secure.gravatar.com\/avatar\/c17e55009e671d92cc7f5dc837dc418a?s=96&r=g","contentUrl":"https:\/\/secure.gravatar.com\/avatar\/c17e55009e671d92cc7f5dc837dc418a?s=96&r=g","caption":"Nicolas SCHIAVON"},"description":"Nicolas Schiavon est tomb\u00e9 tout petit dans la marmite automobile. Ayant eu un garage de marque automobile, mandataire automobile de la premi\u00e8re heure d\u00e8s 1999. Nicolas a cr\u00e9\u00e9 ces premiers sites de vente de voiture et blog automobile d\u00e8s 1994. Carideal est n\u00e9 le 15 d\u00e9cembre 2000 de la volont\u00e9 de vendre des voitures d'occasions en ligne puis des voitures neuves. Il a pu essayer beaucoup de voitures tr\u00e8s diff\u00e9rentes et ayant eu personnellement quelques belles autos, Subaru Impreza, Mitsubishi Lancer Evo 7, Porsche 911, Ferrari Testarrossa, Audi RS3, RS4 et j'en passe...","sameAs":["http:\/\/www.carideal.com","https:\/\/www.facebook.com\/nicolas.schiavon.39","https:\/\/www.instagram.com\/carideal1\/","https:\/\/www.linkedin.com\/in\/nschiavon\/","https:\/\/x.com\/caridealauto","https:\/\/www.youtube.com\/user\/caridealsas\/"],"url":"https:\/\/www.carideal.com\/blog\/author\/nschiavon\/"}]}},"uagb_featured_image_src":{"full":false,"thumbnail":false,"medium":false,"medium_large":false,"large":false,"1536x1536":false,"2048x2048":false,"wppr-widget":false},"uagb_author_info":{"display_name":"Nicolas SCHIAVON","author_link":"https:\/\/www.carideal.com\/blog\/author\/nschiavon\/"},"uagb_comment_info":0,"uagb_excerpt":"Mercedes CSC Concept Car Le Concept Car de Mercedes. La plateforme de la Classe A est rallong\u00e9e \u00e0 4.63 la place entre la Classe C (4.58 m) et la Classe E (4.87 m). Pourtant, la future CLA, qui d\u00e9coulera de ce concept car, pr\u00e9sentera une transmission aux roues avant.Mais ce que l'on m\u00e9morisera surtout, c'est\u2026","_links":{"self":[{"href":"https:\/\/www.carideal.com\/blog\/wp-json\/wp\/v2\/posts\/5049"}],"collection":[{"href":"https:\/\/www.carideal.com\/blog\/wp-json\/wp\/v2\/posts"}],"about":[{"href":"https:\/\/www.carideal.com\/blog\/wp-json\/wp\/v2\/types\/post"}],"author":[{"embeddable":true,"href":"https:\/\/www.carideal.com\/blog\/wp-json\/wp\/v2\/users\/3"}],"replies":[{"embeddable":true,"href":"https:\/\/www.carideal.com\/blog\/wp-json\/wp\/v2\/comments?post=5049"}],"version-history":[{"count":0,"href":"https:\/\/www.carideal.com\/blog\/wp-json\/wp\/v2\/posts\/5049\/revisions"}],"wp:attachment":[{"href":"https:\/\/www.carideal.com\/blog\/wp-json\/wp\/v2\/media?parent=5049"}],"wp:term":[{"taxonomy":"category","embeddable":true,"href":"https:\/\/www.carideal.com\/blog\/wp-json\/wp\/v2\/categories?post=5049"},{"taxonomy":"post_tag","embeddable":true,"href":"https:\/\/www.carideal.com\/blog\/wp-json\/wp\/v2\/tags?post=5049"}],"curies":[{"name":"wp","href":"https:\/\/api.w.org\/{rel}","templated":true}]}}