{"id":5040,"date":"2012-11-27T23:00:00","date_gmt":"2012-11-27T23:00:00","guid":{"rendered":"http:\/\/www.carideal.com\/blog\/2012\/11\/27\/ford-mondeo-2\/"},"modified":"2019-10-04T16:06:30","modified_gmt":"2019-10-04T14:06:30","slug":"ford-mondeo-2","status":"publish","type":"post","link":"https:\/\/www.carideal.com\/blog\/2012\/11\/27\/ford-mondeo-2\/","title":{"rendered":"Un moteur trois cylindres pour la Ford Mondeo"},"content":{"rendered":"<div>\n<h2>Un moteur trois cylindres pour la Ford Mondeo.<\/h2>\n<\/div>\n<p>Divulgu\u00e9e \u00e0 la fois en berline et en break, la Ford Mondeo inaugurera une transmission int\u00e9grale sur certaines versions. Sa palette de moteurs \u00e0 essence commencera avec un petit trois cylindres 1.0 turbo de 125 ch, une architecture qu'elle sera la premi\u00e8re de son segment \u00e0 adopter. Viendront ensuite de classiques moteurs \u00e0 quatre cylindres 1.6 et 2.0 EcoBoost de 150 \u00e0 240 ch. C\u00f4t\u00e9 diesel, les blocs TDCi seront reconduits et une version hybride sera au menu.<\/p>\n<figure id=\"attachment_20060\" aria-describedby=\"caption-attachment-20060\" style=\"width: 490px\" class=\"wp-caption alignnone\"><img loading=\"lazy\" decoding=\"async\" class=\"wp-image-20060 size-full\" title=\"Un moteur trois cylindres pour la Ford Mondeo\" src=\"http:\/\/www.carideal.com\/blog\/wp-content\/uploads\/2012\/11\/fordmondeo2013-1354092990-e1570197631763.jpg\" alt=\"Un moteur trois cylindres pour la Ford Mondeo\" width=\"500\" height=\"274\" \/><figcaption id=\"caption-attachment-20060\" class=\"wp-caption-text\">Un moteur trois cylindres pour la Ford Mondeo<\/figcaption><\/figure>\n<h2>Une grande premi\u00e8re pour la Ford Mondeo avec son trois cylindres.<\/h2>\n<p>Une calandre aux faux airs d\u2019<a href=\"http:\/\/www.carideal.com\/blog\/marque-de-voiture-actualites-essais\/aston-martin\/\">Aston Martin<\/a>, quelques ar\u00eates vives sur les flancs et sur le coffre pour dynamiser la robe. Au premier coup d\u2019oeil, la nouvelle Mondeo n\u2019a rien de r\u00e9volutionnaire. \u00c0 un d\u00e9tail pr\u00e8s\u00a0: son moteur 1.0L \u00e0 trois cylindres\u202f! Un turbo essence de 125 ch parfait pour une <a href=\"http:\/\/www.carideal.com\/blog\/2013\/03\/22\/ford-fiesta-2\/\">Fiesta<\/a>, mais dont la pr\u00e9sence semble absurde sur une <a href=\"http:\/\/www.carideal.com\/blog\/2018\/01\/28\/meilleures-voitures-familiales-2018\/\">berline familiale<\/a> de plus de 4.8 m de long. La r\u00e9duction de cylindr\u00e9e franchit une nouvelle limite, dans le but de r\u00e9duire les \u00e9missions de CO2. Quant \u00e0 son talent sur route, il faudra attendre encore quelques semaines pour le d\u00e9couvrir et pouvoir le juger.<\/p>\n<p><a href=\"http:\/\/www.carideal.com\/blog\/marque-de-voiture-actualites-essais\/ford\/\">Ford<\/a> a laiss\u00e9 tomber son moteur le plus puissant, \u00e0 savoir qu\u2019il pourrait utiliser le populaire moteur essence EcoBoost de 1,0 litre de la nouvelle Mondeo lors de son arriv\u00e9e en France en 2013.<\/p>\n<p>Le moteur a fait ses d\u00e9buts dans la <a href=\"http:\/\/www.carideal.com\/blog\/2012\/11\/22\/ford-focus\/\">Focus<\/a> et a totalis\u00e9 environ 30 % de toutes les ventes de la g\u00e9n\u00e9ration actuelle de la Focus. Cette semaine, un porte-parole de Ford a r\u00e9v\u00e9l\u00e9 qu'il testait le moteur suraliment\u00e9 de la Mondeo.<\/p>\n<p>Bien que la puissance restante ne soit pas confirm\u00e9e, nous nous attendons \u00e0 ce que la nouvelle Mondeo dispose de deux versions du moteur de 1,0 litre et pourrait \u00eatre propos\u00e9e en versions mono- et bi-turbo. Avec une plage de puissance attendue comprise entre environ 120 et 170 ch, la Mondeo aura probablement une puissance de traction suffisante pour satisfaire la plupart des automobilistes.<\/p>\n<p>Une simplification de la nouvelle gamme Mondeo est \u00e9galement envisag\u00e9e avec Ford qui abandonne deux moteurs diesel (le TDCi de 1,4 litre et 1,6 litre \u00e0 l\u2019avenir) et limite son offre diesel \u00e0 un nouveau moteur de 1,5 litre d\u00e9velopp\u00e9 en partenariat avec PSA <a href=\"http:\/\/www.carideal.com\/blog\/marque-de-voiture-actualites-essais\/peugeot\/\">Peugeot<\/a>-<a href=\"http:\/\/www.carideal.com\/blog\/marque-de-voiture-actualites-essais\/citroen\/\">Citro\u00ebn<\/a>.<\/p>\n<p>Ce moteur diesel est disponible dans la <a href=\"http:\/\/www.carideal.com\/blog\/2012\/09\/28\/ford-b-max-2\/\">Ford B-Max<\/a> et affiche une moyenne d\u00e9clar\u00e9e de 3.41 L\/100 km dans le monospace Fiesta, alors qu'il \u00e9met 109 g \/ km d'\u00e9missions de CO2. Nous attendons des chiffres similaires du 1,5 litre lorsqu\u2019il arrivera sur la prochaine g\u00e9n\u00e9ration de la Mondeo.<\/p>\n<p>Ford suit la tendance \u00e0 la r\u00e9duction des \u00e9missions et \u00e0 l\u2019\u00e9conomie de carburant sur toute sa gamme de v\u00e9hicules. Cette tendance \u00e0 la r\u00e9duction des cylindres n\u2019est pas nouvelle. Fiat a \u00e9t\u00e9 le premier constructeur \u00e0 r\u00e9duire ses moteurs \u00e0 grande \u00e9chelle avec sa gamme de moteurs TwinAir \u00e0 trois cylindres. Ceux-ci peuvent \u00eatre vus dans la <a href=\"http:\/\/www.carideal.com\/blog\/2012\/09\/28\/fiat-500l-3\/\">Fiat 500<\/a> et plus r\u00e9cemment dans la <a href=\"http:\/\/www.carideal.com\/blog\/2012\/06\/07\/fiat-punto-restylee\/\">Fiat Punto<\/a>.<\/p>\n","protected":false},"excerpt":{"rendered":"<p>Un moteur trois cylindres pour la Ford Mondeo. Divulgu\u00e9e \u00e0 la fois en berline et en break, la Ford Mondeo inaugurera une transmission int\u00e9grale sur certaines versions. Sa palette de moteurs \u00e0 essence commencera avec un petit trois cylindres 1.0 turbo de 125 ch, une architecture qu&rsquo;elle sera la premi\u00e8re de son segment \u00e0 adopter. &#8230; <a title=\"Un moteur trois cylindres pour la Ford Mondeo\" class=\"read-more\" href=\"https:\/\/www.carideal.com\/blog\/2012\/11\/27\/ford-mondeo-2\/\" aria-label=\"En savoir plus sur Un moteur trois cylindres pour la Ford Mondeo\">Lire plus<\/a><\/p>\n","protected":false},"author":3,"featured_media":20060,"comment_status":"open","ping_status":"open","sticky":false,"template":"","format":"standard","meta":{"_uag_custom_page_level_css":"","_themeisle_gutenberg_block_has_review":false,"footnotes":""},"categories":[5968,6012],"tags":[],"class_list":["post-5040","post","type-post","status-publish","format-standard","has-post-thumbnail","hentry","category-ford","category-berlines"],"wppr_data":{"cwp_meta_box_check":"No"},"yoast_head":"<!-- This site is optimized with the Yoast SEO plugin v24.8.1 - https:\/\/yoast.com\/wordpress\/plugins\/seo\/ -->\n<title>Un moteur trois cylindres pour la Ford Mondeo - Blog auto Carid\u00e9al<\/title>\n<meta name=\"description\" content=\"Un moteur trois cylindres pour la Ford Mondeo.Divulgu\u00e9e \u00e0 la fois en berline et en break, la Ford Mondeo inaugurera une transmission int\u00e9grale sur certaines versions\" \/>\n<meta name=\"robots\" content=\"index, follow, max-snippet:-1, max-image-preview:large, max-video-preview:-1\" \/>\n<link rel=\"canonical\" href=\"https:\/\/www.carideal.com\/blog\/2012\/11\/27\/ford-mondeo-2\/\" \/>\n<meta property=\"og:locale\" content=\"fr_FR\" \/>\n<meta property=\"og:type\" content=\"article\" \/>\n<meta property=\"og:title\" content=\"Un moteur trois cylindres pour la Ford Mondeo - Blog auto Carid\u00e9al\" \/>\n<meta property=\"og:description\" content=\"Un moteur trois cylindres pour la Ford Mondeo.Divulgu\u00e9e \u00e0 la fois en berline et en break, la Ford Mondeo inaugurera une transmission int\u00e9grale sur certaines versions\" \/>\n<meta property=\"og:url\" content=\"https:\/\/www.carideal.com\/blog\/2012\/11\/27\/ford-mondeo-2\/\" \/>\n<meta property=\"og:site_name\" content=\"Blog auto Carid\u00e9al\" \/>\n<meta property=\"article:publisher\" content=\"https:\/\/www.facebook.com\/Carideal.mandataire.automobile\" \/>\n<meta property=\"article:author\" content=\"https:\/\/www.facebook.com\/nicolas.schiavon.39\" \/>\n<meta property=\"article:published_time\" content=\"2012-11-27T23:00:00+00:00\" \/>\n<meta property=\"article:modified_time\" content=\"2019-10-04T14:06:30+00:00\" \/>\n<meta property=\"og:image\" content=\"https:\/\/www.carideal.com\/blog\/wp-content\/uploads\/2012\/11\/fordmondeo2013-1354092990-e1570197631763.jpg\" \/>\n\t<meta property=\"og:image:width\" content=\"500\" \/>\n\t<meta property=\"og:image:height\" content=\"274\" \/>\n\t<meta property=\"og:image:type\" content=\"image\/jpeg\" \/>\n<meta name=\"author\" content=\"Nicolas SCHIAVON\" \/>\n<meta name=\"twitter:card\" content=\"summary_large_image\" \/>\n<meta name=\"twitter:creator\" content=\"@caridealauto\" \/>\n<meta name=\"twitter:site\" content=\"@caridealauto\" \/>\n<meta name=\"twitter:label1\" content=\"\u00c9crit par\" \/>\n\t<meta name=\"twitter:data1\" content=\"Nicolas SCHIAVON\" \/>\n\t<meta name=\"twitter:label2\" content=\"Dur\u00e9e de lecture estim\u00e9e\" \/>\n\t<meta name=\"twitter:data2\" content=\"3 minutes\" \/>\n<script type=\"application\/ld+json\" class=\"yoast-schema-graph\">{\"@context\":\"https:\/\/schema.org\",\"@graph\":[{\"@type\":\"Article\",\"@id\":\"https:\/\/www.carideal.com\/blog\/2012\/11\/27\/ford-mondeo-2\/#article\",\"isPartOf\":{\"@id\":\"https:\/\/www.carideal.com\/blog\/2012\/11\/27\/ford-mondeo-2\/\"},\"author\":{\"name\":\"Nicolas SCHIAVON\",\"@id\":\"https:\/\/www.carideal.com\/blog\/#\/schema\/person\/cd95dc7919660de90d31b366f85be1ec\"},\"headline\":\"Un moteur trois cylindres pour la Ford Mondeo\",\"datePublished\":\"2012-11-27T23:00:00+00:00\",\"dateModified\":\"2019-10-04T14:06:30+00:00\",\"mainEntityOfPage\":{\"@id\":\"https:\/\/www.carideal.com\/blog\/2012\/11\/27\/ford-mondeo-2\/\"},\"wordCount\":528,\"commentCount\":0,\"publisher\":{\"@id\":\"https:\/\/www.carideal.com\/blog\/#organization\"},\"image\":{\"@id\":\"https:\/\/www.carideal.com\/blog\/2012\/11\/27\/ford-mondeo-2\/#primaryimage\"},\"thumbnailUrl\":\"https:\/\/www.carideal.com\/blog\/wp-content\/uploads\/2012\/11\/fordmondeo2013-1354092990-e1570197631763.jpg\",\"articleSection\":[\"Actualit\u00e9 Ford\",\"Berlines\"],\"inLanguage\":\"fr-FR\",\"potentialAction\":[{\"@type\":\"CommentAction\",\"name\":\"Comment\",\"target\":[\"https:\/\/www.carideal.com\/blog\/2012\/11\/27\/ford-mondeo-2\/#respond\"]}]},{\"@type\":\"WebPage\",\"@id\":\"https:\/\/www.carideal.com\/blog\/2012\/11\/27\/ford-mondeo-2\/\",\"url\":\"https:\/\/www.carideal.com\/blog\/2012\/11\/27\/ford-mondeo-2\/\",\"name\":\"Un moteur trois cylindres pour la Ford Mondeo - Blog auto Carid\u00e9al\",\"isPartOf\":{\"@id\":\"https:\/\/www.carideal.com\/blog\/#website\"},\"primaryImageOfPage\":{\"@id\":\"https:\/\/www.carideal.com\/blog\/2012\/11\/27\/ford-mondeo-2\/#primaryimage\"},\"image\":{\"@id\":\"https:\/\/www.carideal.com\/blog\/2012\/11\/27\/ford-mondeo-2\/#primaryimage\"},\"thumbnailUrl\":\"https:\/\/www.carideal.com\/blog\/wp-content\/uploads\/2012\/11\/fordmondeo2013-1354092990-e1570197631763.jpg\",\"datePublished\":\"2012-11-27T23:00:00+00:00\",\"dateModified\":\"2019-10-04T14:06:30+00:00\",\"description\":\"Un moteur trois cylindres pour la Ford Mondeo.Divulgu\u00e9e \u00e0 la fois en berline et en break, la Ford Mondeo inaugurera une transmission int\u00e9grale sur certaines versions\",\"breadcrumb\":{\"@id\":\"https:\/\/www.carideal.com\/blog\/2012\/11\/27\/ford-mondeo-2\/#breadcrumb\"},\"inLanguage\":\"fr-FR\",\"potentialAction\":[{\"@type\":\"ReadAction\",\"target\":[\"https:\/\/www.carideal.com\/blog\/2012\/11\/27\/ford-mondeo-2\/\"]}]},{\"@type\":\"ImageObject\",\"inLanguage\":\"fr-FR\",\"@id\":\"https:\/\/www.carideal.com\/blog\/2012\/11\/27\/ford-mondeo-2\/#primaryimage\",\"url\":\"https:\/\/www.carideal.com\/blog\/wp-content\/uploads\/2012\/11\/fordmondeo2013-1354092990-e1570197631763.jpg\",\"contentUrl\":\"https:\/\/www.carideal.com\/blog\/wp-content\/uploads\/2012\/11\/fordmondeo2013-1354092990-e1570197631763.jpg\",\"width\":500,\"height\":274,\"caption\":\"Un moteur trois cylindres pour la Ford Mondeo\"},{\"@type\":\"BreadcrumbList\",\"@id\":\"https:\/\/www.carideal.com\/blog\/2012\/11\/27\/ford-mondeo-2\/#breadcrumb\",\"itemListElement\":[{\"@type\":\"ListItem\",\"position\":1,\"name\":\"Blog Carid\u00e9al\",\"item\":\"https:\/\/www.carideal.com\/blog\/\"},{\"@type\":\"ListItem\",\"position\":2,\"name\":\"Actualit\u00e9 constructeur automobile\",\"item\":\"https:\/\/www.carideal.com\/blog\/constructeur\/\"},{\"@type\":\"ListItem\",\"position\":3,\"name\":\"Actualit\u00e9 Ford\",\"item\":\"https:\/\/www.carideal.com\/blog\/constructeur\/ford\/\"},{\"@type\":\"ListItem\",\"position\":4,\"name\":\"Un moteur trois cylindres pour la Ford Mondeo\"}]},{\"@type\":\"WebSite\",\"@id\":\"https:\/\/www.carideal.com\/blog\/#website\",\"url\":\"https:\/\/www.carideal.com\/blog\/\",\"name\":\"Blog auto Carid\u00e9al\",\"description\":\"Actualit\u00e9 auto par des passionn\u00e9s\",\"publisher\":{\"@id\":\"https:\/\/www.carideal.com\/blog\/#organization\"},\"potentialAction\":[{\"@type\":\"SearchAction\",\"target\":{\"@type\":\"EntryPoint\",\"urlTemplate\":\"https:\/\/www.carideal.com\/blog\/?s={search_term_string}\"},\"query-input\":{\"@type\":\"PropertyValueSpecification\",\"valueRequired\":true,\"valueName\":\"search_term_string\"}}],\"inLanguage\":\"fr-FR\"},{\"@type\":\"Organization\",\"@id\":\"https:\/\/www.carideal.com\/blog\/#organization\",\"name\":\"Carideal\",\"url\":\"https:\/\/www.carideal.com\/blog\/\",\"logo\":{\"@type\":\"ImageObject\",\"inLanguage\":\"fr-FR\",\"@id\":\"https:\/\/www.carideal.com\/blog\/#\/schema\/logo\/image\/\",\"url\":\"http:\/\/www.carideal.com\/blog\/wp-content\/uploads\/2016\/03\/logo-carideal-mandataire-automobile.png\",\"contentUrl\":\"http:\/\/www.carideal.com\/blog\/wp-content\/uploads\/2016\/03\/logo-carideal-mandataire-automobile.png\",\"width\":300,\"height\":300,\"caption\":\"Carideal\"},\"image\":{\"@id\":\"https:\/\/www.carideal.com\/blog\/#\/schema\/logo\/image\/\"},\"sameAs\":[\"https:\/\/www.facebook.com\/Carideal.mandataire.automobile\",\"https:\/\/x.com\/caridealauto\",\"https:\/\/www.instagram.com\/carideal1\/\",\"https:\/\/www.linkedin.com\/company\/carideal.com\",\"https:\/\/fr.pinterest.com\/schiavonsas\/\",\"https:\/\/www.youtube.com\/user\/caridealsas\"]},{\"@type\":\"Person\",\"@id\":\"https:\/\/www.carideal.com\/blog\/#\/schema\/person\/cd95dc7919660de90d31b366f85be1ec\",\"name\":\"Nicolas SCHIAVON\",\"image\":{\"@type\":\"ImageObject\",\"inLanguage\":\"fr-FR\",\"@id\":\"https:\/\/www.carideal.com\/blog\/#\/schema\/person\/image\/\",\"url\":\"https:\/\/secure.gravatar.com\/avatar\/c17e55009e671d92cc7f5dc837dc418a?s=96&r=g\",\"contentUrl\":\"https:\/\/secure.gravatar.com\/avatar\/c17e55009e671d92cc7f5dc837dc418a?s=96&r=g\",\"caption\":\"Nicolas SCHIAVON\"},\"description\":\"Nicolas Schiavon est tomb\u00e9 tout petit dans la marmite automobile. Ayant eu un garage de marque automobile, mandataire automobile de la premi\u00e8re heure d\u00e8s 1999. Nicolas a cr\u00e9\u00e9 ces premiers sites de vente de voiture et blog automobile d\u00e8s 1994. Carideal est n\u00e9 le 15 d\u00e9cembre 2000 de la volont\u00e9 de vendre des voitures d'occasions en ligne puis des voitures neuves. Il a pu essayer beaucoup de voitures tr\u00e8s diff\u00e9rentes et ayant eu personnellement quelques belles autos, Subaru Impreza, Mitsubishi Lancer Evo 7, Porsche 911, Ferrari Testarrossa, Audi RS3, RS4 et j'en passe...\",\"sameAs\":[\"http:\/\/www.carideal.com\",\"https:\/\/www.facebook.com\/nicolas.schiavon.39\",\"https:\/\/www.instagram.com\/carideal1\/\",\"https:\/\/www.linkedin.com\/in\/nschiavon\/\",\"https:\/\/x.com\/caridealauto\",\"https:\/\/www.youtube.com\/user\/caridealsas\/\"],\"url\":\"https:\/\/www.carideal.com\/blog\/author\/nschiavon\/\"}]}<\/script>\n<!-- \/ Yoast SEO plugin. -->","yoast_head_json":{"title":"Un moteur trois cylindres pour la Ford Mondeo - Blog auto Carid\u00e9al","description":"Un moteur trois cylindres pour la Ford Mondeo.Divulgu\u00e9e \u00e0 la fois en berline et en break, la Ford Mondeo inaugurera une transmission int\u00e9grale sur certaines versions","robots":{"index":"index","follow":"follow","max-snippet":"max-snippet:-1","max-image-preview":"max-image-preview:large","max-video-preview":"max-video-preview:-1"},"canonical":"https:\/\/www.carideal.com\/blog\/2012\/11\/27\/ford-mondeo-2\/","og_locale":"fr_FR","og_type":"article","og_title":"Un moteur trois cylindres pour la Ford Mondeo - Blog auto Carid\u00e9al","og_description":"Un moteur trois cylindres pour la Ford Mondeo.Divulgu\u00e9e \u00e0 la fois en berline et en break, la Ford Mondeo inaugurera une transmission int\u00e9grale sur certaines versions","og_url":"https:\/\/www.carideal.com\/blog\/2012\/11\/27\/ford-mondeo-2\/","og_site_name":"Blog auto Carid\u00e9al","article_publisher":"https:\/\/www.facebook.com\/Carideal.mandataire.automobile","article_author":"https:\/\/www.facebook.com\/nicolas.schiavon.39","article_published_time":"2012-11-27T23:00:00+00:00","article_modified_time":"2019-10-04T14:06:30+00:00","og_image":[{"width":500,"height":274,"url":"https:\/\/www.carideal.com\/blog\/wp-content\/uploads\/2012\/11\/fordmondeo2013-1354092990-e1570197631763.jpg","type":"image\/jpeg"}],"author":"Nicolas SCHIAVON","twitter_card":"summary_large_image","twitter_creator":"@caridealauto","twitter_site":"@caridealauto","twitter_misc":{"\u00c9crit par":"Nicolas SCHIAVON","Dur\u00e9e de lecture estim\u00e9e":"3 minutes"},"schema":{"@context":"https:\/\/schema.org","@graph":[{"@type":"Article","@id":"https:\/\/www.carideal.com\/blog\/2012\/11\/27\/ford-mondeo-2\/#article","isPartOf":{"@id":"https:\/\/www.carideal.com\/blog\/2012\/11\/27\/ford-mondeo-2\/"},"author":{"name":"Nicolas SCHIAVON","@id":"https:\/\/www.carideal.com\/blog\/#\/schema\/person\/cd95dc7919660de90d31b366f85be1ec"},"headline":"Un moteur trois cylindres pour la Ford Mondeo","datePublished":"2012-11-27T23:00:00+00:00","dateModified":"2019-10-04T14:06:30+00:00","mainEntityOfPage":{"@id":"https:\/\/www.carideal.com\/blog\/2012\/11\/27\/ford-mondeo-2\/"},"wordCount":528,"commentCount":0,"publisher":{"@id":"https:\/\/www.carideal.com\/blog\/#organization"},"image":{"@id":"https:\/\/www.carideal.com\/blog\/2012\/11\/27\/ford-mondeo-2\/#primaryimage"},"thumbnailUrl":"https:\/\/www.carideal.com\/blog\/wp-content\/uploads\/2012\/11\/fordmondeo2013-1354092990-e1570197631763.jpg","articleSection":["Actualit\u00e9 Ford","Berlines"],"inLanguage":"fr-FR","potentialAction":[{"@type":"CommentAction","name":"Comment","target":["https:\/\/www.carideal.com\/blog\/2012\/11\/27\/ford-mondeo-2\/#respond"]}]},{"@type":"WebPage","@id":"https:\/\/www.carideal.com\/blog\/2012\/11\/27\/ford-mondeo-2\/","url":"https:\/\/www.carideal.com\/blog\/2012\/11\/27\/ford-mondeo-2\/","name":"Un moteur trois cylindres pour la Ford Mondeo - Blog auto Carid\u00e9al","isPartOf":{"@id":"https:\/\/www.carideal.com\/blog\/#website"},"primaryImageOfPage":{"@id":"https:\/\/www.carideal.com\/blog\/2012\/11\/27\/ford-mondeo-2\/#primaryimage"},"image":{"@id":"https:\/\/www.carideal.com\/blog\/2012\/11\/27\/ford-mondeo-2\/#primaryimage"},"thumbnailUrl":"https:\/\/www.carideal.com\/blog\/wp-content\/uploads\/2012\/11\/fordmondeo2013-1354092990-e1570197631763.jpg","datePublished":"2012-11-27T23:00:00+00:00","dateModified":"2019-10-04T14:06:30+00:00","description":"Un moteur trois cylindres pour la Ford Mondeo.Divulgu\u00e9e \u00e0 la fois en berline et en break, la Ford Mondeo inaugurera une transmission int\u00e9grale sur certaines versions","breadcrumb":{"@id":"https:\/\/www.carideal.com\/blog\/2012\/11\/27\/ford-mondeo-2\/#breadcrumb"},"inLanguage":"fr-FR","potentialAction":[{"@type":"ReadAction","target":["https:\/\/www.carideal.com\/blog\/2012\/11\/27\/ford-mondeo-2\/"]}]},{"@type":"ImageObject","inLanguage":"fr-FR","@id":"https:\/\/www.carideal.com\/blog\/2012\/11\/27\/ford-mondeo-2\/#primaryimage","url":"https:\/\/www.carideal.com\/blog\/wp-content\/uploads\/2012\/11\/fordmondeo2013-1354092990-e1570197631763.jpg","contentUrl":"https:\/\/www.carideal.com\/blog\/wp-content\/uploads\/2012\/11\/fordmondeo2013-1354092990-e1570197631763.jpg","width":500,"height":274,"caption":"Un moteur trois cylindres pour la Ford Mondeo"},{"@type":"BreadcrumbList","@id":"https:\/\/www.carideal.com\/blog\/2012\/11\/27\/ford-mondeo-2\/#breadcrumb","itemListElement":[{"@type":"ListItem","position":1,"name":"Blog Carid\u00e9al","item":"https:\/\/www.carideal.com\/blog\/"},{"@type":"ListItem","position":2,"name":"Actualit\u00e9 constructeur automobile","item":"https:\/\/www.carideal.com\/blog\/constructeur\/"},{"@type":"ListItem","position":3,"name":"Actualit\u00e9 Ford","item":"https:\/\/www.carideal.com\/blog\/constructeur\/ford\/"},{"@type":"ListItem","position":4,"name":"Un moteur trois cylindres pour la Ford Mondeo"}]},{"@type":"WebSite","@id":"https:\/\/www.carideal.com\/blog\/#website","url":"https:\/\/www.carideal.com\/blog\/","name":"Blog auto Carid\u00e9al","description":"Actualit\u00e9 auto par des passionn\u00e9s","publisher":{"@id":"https:\/\/www.carideal.com\/blog\/#organization"},"potentialAction":[{"@type":"SearchAction","target":{"@type":"EntryPoint","urlTemplate":"https:\/\/www.carideal.com\/blog\/?s={search_term_string}"},"query-input":{"@type":"PropertyValueSpecification","valueRequired":true,"valueName":"search_term_string"}}],"inLanguage":"fr-FR"},{"@type":"Organization","@id":"https:\/\/www.carideal.com\/blog\/#organization","name":"Carideal","url":"https:\/\/www.carideal.com\/blog\/","logo":{"@type":"ImageObject","inLanguage":"fr-FR","@id":"https:\/\/www.carideal.com\/blog\/#\/schema\/logo\/image\/","url":"http:\/\/www.carideal.com\/blog\/wp-content\/uploads\/2016\/03\/logo-carideal-mandataire-automobile.png","contentUrl":"http:\/\/www.carideal.com\/blog\/wp-content\/uploads\/2016\/03\/logo-carideal-mandataire-automobile.png","width":300,"height":300,"caption":"Carideal"},"image":{"@id":"https:\/\/www.carideal.com\/blog\/#\/schema\/logo\/image\/"},"sameAs":["https:\/\/www.facebook.com\/Carideal.mandataire.automobile","https:\/\/x.com\/caridealauto","https:\/\/www.instagram.com\/carideal1\/","https:\/\/www.linkedin.com\/company\/carideal.com","https:\/\/fr.pinterest.com\/schiavonsas\/","https:\/\/www.youtube.com\/user\/caridealsas"]},{"@type":"Person","@id":"https:\/\/www.carideal.com\/blog\/#\/schema\/person\/cd95dc7919660de90d31b366f85be1ec","name":"Nicolas SCHIAVON","image":{"@type":"ImageObject","inLanguage":"fr-FR","@id":"https:\/\/www.carideal.com\/blog\/#\/schema\/person\/image\/","url":"https:\/\/secure.gravatar.com\/avatar\/c17e55009e671d92cc7f5dc837dc418a?s=96&r=g","contentUrl":"https:\/\/secure.gravatar.com\/avatar\/c17e55009e671d92cc7f5dc837dc418a?s=96&r=g","caption":"Nicolas SCHIAVON"},"description":"Nicolas Schiavon est tomb\u00e9 tout petit dans la marmite automobile. Ayant eu un garage de marque automobile, mandataire automobile de la premi\u00e8re heure d\u00e8s 1999. Nicolas a cr\u00e9\u00e9 ces premiers sites de vente de voiture et blog automobile d\u00e8s 1994. Carideal est n\u00e9 le 15 d\u00e9cembre 2000 de la volont\u00e9 de vendre des voitures d'occasions en ligne puis des voitures neuves. Il a pu essayer beaucoup de voitures tr\u00e8s diff\u00e9rentes et ayant eu personnellement quelques belles autos, Subaru Impreza, Mitsubishi Lancer Evo 7, Porsche 911, Ferrari Testarrossa, Audi RS3, RS4 et j'en passe...","sameAs":["http:\/\/www.carideal.com","https:\/\/www.facebook.com\/nicolas.schiavon.39","https:\/\/www.instagram.com\/carideal1\/","https:\/\/www.linkedin.com\/in\/nschiavon\/","https:\/\/x.com\/caridealauto","https:\/\/www.youtube.com\/user\/caridealsas\/"],"url":"https:\/\/www.carideal.com\/blog\/author\/nschiavon\/"}]}},"uagb_featured_image_src":{"full":["https:\/\/www.carideal.com\/blog\/wp-content\/uploads\/2012\/11\/fordmondeo2013-1354092990-e1570197631763.jpg",500,274,false],"thumbnail":["https:\/\/www.carideal.com\/blog\/wp-content\/uploads\/2012\/11\/fordmondeo2013-1354092990-150x150.jpg",150,150,true],"medium":["https:\/\/www.carideal.com\/blog\/wp-content\/uploads\/2012\/11\/fordmondeo2013-1354092990-300x165.jpg",300,165,true],"medium_large":["https:\/\/www.carideal.com\/blog\/wp-content\/uploads\/2012\/11\/fordmondeo2013-1354092990-e1570197631763.jpg",500,274,false],"large":["https:\/\/www.carideal.com\/blog\/wp-content\/uploads\/2012\/11\/fordmondeo2013-1354092990-e1570197631763.jpg",500,274,false],"1536x1536":["https:\/\/www.carideal.com\/blog\/wp-content\/uploads\/2012\/11\/fordmondeo2013-1354092990-e1570197631763.jpg",500,274,false],"2048x2048":["https:\/\/www.carideal.com\/blog\/wp-content\/uploads\/2012\/11\/fordmondeo2013-1354092990-e1570197631763.jpg",500,274,false],"wppr-widget":["https:\/\/www.carideal.com\/blog\/wp-content\/uploads\/2012\/11\/fordmondeo2013-1354092990-50x27.jpg",50,27,true]},"uagb_author_info":{"display_name":"Nicolas SCHIAVON","author_link":"https:\/\/www.carideal.com\/blog\/author\/nschiavon\/"},"uagb_comment_info":0,"uagb_excerpt":"Un moteur trois cylindres pour la Ford Mondeo. Divulgu\u00e9e \u00e0 la fois en berline et en break, la Ford Mondeo inaugurera une transmission int\u00e9grale sur certaines versions. Sa palette de moteurs \u00e0 essence commencera avec un petit trois cylindres 1.0 turbo de 125 ch, une architecture qu'elle sera la premi\u00e8re de son segment \u00e0 adopter.\u2026","_links":{"self":[{"href":"https:\/\/www.carideal.com\/blog\/wp-json\/wp\/v2\/posts\/5040"}],"collection":[{"href":"https:\/\/www.carideal.com\/blog\/wp-json\/wp\/v2\/posts"}],"about":[{"href":"https:\/\/www.carideal.com\/blog\/wp-json\/wp\/v2\/types\/post"}],"author":[{"embeddable":true,"href":"https:\/\/www.carideal.com\/blog\/wp-json\/wp\/v2\/users\/3"}],"replies":[{"embeddable":true,"href":"https:\/\/www.carideal.com\/blog\/wp-json\/wp\/v2\/comments?post=5040"}],"version-history":[{"count":0,"href":"https:\/\/www.carideal.com\/blog\/wp-json\/wp\/v2\/posts\/5040\/revisions"}],"wp:featuredmedia":[{"embeddable":true,"href":"https:\/\/www.carideal.com\/blog\/wp-json\/wp\/v2\/media\/20060"}],"wp:attachment":[{"href":"https:\/\/www.carideal.com\/blog\/wp-json\/wp\/v2\/media?parent=5040"}],"wp:term":[{"taxonomy":"category","embeddable":true,"href":"https:\/\/www.carideal.com\/blog\/wp-json\/wp\/v2\/categories?post=5040"},{"taxonomy":"post_tag","embeddable":true,"href":"https:\/\/www.carideal.com\/blog\/wp-json\/wp\/v2\/tags?post=5040"}],"curies":[{"name":"wp","href":"https:\/\/api.w.org\/{rel}","templated":true}]}}