{"id":504,"date":"2012-01-28T20:37:00","date_gmt":"2012-01-28T20:37:00","guid":{"rendered":"http:\/\/carideal.com\/blog\/?p=504"},"modified":"2023-11-28T19:47:31","modified_gmt":"2023-11-28T18:47:31","slug":"les-jumelles-lotus-elan-elise","status":"publish","type":"post","link":"https:\/\/www.carideal.com\/blog\/2012\/01\/28\/les-jumelles-lotus-elan-elise\/","title":{"rendered":"Les jumelles Lotus Elan &#038; Elise"},"content":{"rendered":"\n<h2 class=\"wp-block-heading\">Les jumelles Lotus Elan &amp; Elise<\/h2>\n\n\n\n<p>Dans la derni\u00e8re d\u00e9cennie, l'Elise s\u2019est fait rena\u00eetre comme un roadster compl\u00e9t\u00e9 minimaliste et propuls\u00e9 par un moteur quatre cylindres de <a href=\"http:\/\/www.carideal.com\/blog\/marque-de-voiture-actualites-essais\/toyota\/\">Toyota<\/a>. Maintenant, l'entreprise pr\u00e9voit de remanier l'Elise. Le nouveau mod\u00e8le se d\u00e9veloppe en taille, prix, et raffinement, en promettant de combler les lacunes critiques de la voiture actuelle, y compris l'entr\u00e9e et la sortie difficile. L'Elise prochaine g\u00e9n\u00e9ration sera propuls\u00e9e par une Toyota d'origine avec un moteur turbocompress\u00e9 \u00e0 quatre cylindres produisant 320 ch, et devrait co\u00fbter 55 000 $.<\/p>\n\n\n\n<ul class=\"wp-block-list\">\n<li><a href=\"http:\/\/www.carideal.com\/blog\/2023\/09\/09\/la-nouvelle-lotus-emeya-electrique-hyper-gt-fait-son-arrivee-pour-rivaliser-avec-la-porsche-taycan\/\">La Nouvelle Lotus Emeya \u00e9lectrique \u2018hyper GT\u2019 fait son arriv\u00e9e pour rivaliser avec la Porsche Taycan<\/a><\/li>\n<\/ul>\n\n\n\n<p>Lancement en avant-premi\u00e8re, ce sera la nouvelle Elan nouvelle qui sera effectivement un cran au-dessus de l'Elise, en offrant un package similaire \u00e0 l'actuelle <a href=\"http:\/\/www.carideal.com\/blog\/2010\/03\/20\/lotus-evora-hybrid\/\">Evora<\/a>. Elle sera aliment\u00e9e par une demi-mont\u00e9e, le moteur 4,0 litres suraliment\u00e9 V6 Toyota, produisant 450 ch et associ\u00e9 avec un \u00e0 sept vitesses \u00e0 double embrayage - bo\u00eete de vitesses manuelle\/ automatis\u00e9e. Une voiture hybride, dans un genre tr\u00e8s loin des premi\u00e8res CR-V Honda, car celle-ci sera disponible avec la Formule 1 de style Energy System Recovery . Lotus signera soigneusement l'Elan comme une monoplace. Elle devrait faire ses d\u00e9buts en 2013 \u00e0 un prix de 118 000 $. Il n'est cependant pas tout \u00e0 fait clair si l'Elan va remplacer l'Evora.<\/p>\n\n\n\n<p>Ce qui est nouveau ou de notable\u202f? Apr\u00e8s des ann\u00e9es de vente de versions diff\u00e9rentes de voitures similaires, Lotus a montr\u00e9 une gamme compl\u00e8te de voitures de sport \u00e0 prix \u00e9lev\u00e9 qu'elle d\u00e9ploiera \u00e0 travers cette d\u00e9cennie.<\/p>\n\n\n\n<p>Quand seront-t-elles disponibles\u202f? <\/p>\n\n\n\n<ul class=\"wp-block-list\">\n<li>Elan - automne 2013<\/li>\n\n\n\n<li>Elise - printemps 2015<\/li>\n<\/ul>\n","protected":false},"excerpt":{"rendered":"<p>Les jumelles Lotus Elan &amp; Elise Dans la derni\u00e8re d\u00e9cennie, l&rsquo;Elise s\u2019est fait rena\u00eetre comme un roadster compl\u00e9t\u00e9 minimaliste et propuls\u00e9 par un moteur quatre cylindres de Toyota. Maintenant, l&rsquo;entreprise pr\u00e9voit de remanier l&rsquo;Elise. Le nouveau mod\u00e8le se d\u00e9veloppe en taille, prix, et raffinement, en promettant de combler les lacunes critiques de la voiture actuelle, &#8230; <a title=\"Les jumelles Lotus Elan &#038; Elise\" class=\"read-more\" href=\"https:\/\/www.carideal.com\/blog\/2012\/01\/28\/les-jumelles-lotus-elan-elise\/\" aria-label=\"En savoir plus sur Les jumelles Lotus Elan &#038; Elise\">Lire plus<\/a><\/p>\n","protected":false},"author":1,"featured_media":27210,"comment_status":"open","ping_status":"open","sticky":false,"template":"","format":"standard","meta":{"_uag_custom_page_level_css":"","_themeisle_gutenberg_block_has_review":false,"footnotes":""},"categories":[9],"tags":[1244,3120],"class_list":["post-504","post","type-post","status-publish","format-standard","has-post-thumbnail","hentry","category-divers","tag-roadster","tag-rivale-anglaise"],"wppr_data":{"cwp_meta_box_check":"No"},"yoast_head":"<!-- This site is optimized with the Yoast SEO plugin v24.8.1 - https:\/\/yoast.com\/wordpress\/plugins\/seo\/ -->\n<title>Les jumelles Lotus Elan &amp; Elise - Blog auto Carid\u00e9al<\/title>\n<meta name=\"robots\" content=\"index, follow, max-snippet:-1, max-image-preview:large, max-video-preview:-1\" \/>\n<link rel=\"canonical\" href=\"https:\/\/www.carideal.com\/blog\/2012\/01\/28\/les-jumelles-lotus-elan-elise\/\" \/>\n<meta property=\"og:locale\" content=\"fr_FR\" \/>\n<meta property=\"og:type\" content=\"article\" \/>\n<meta property=\"og:title\" content=\"Les jumelles Lotus Elan &amp; Elise - Blog auto Carid\u00e9al\" \/>\n<meta property=\"og:description\" content=\"Les jumelles Lotus Elan &amp; Elise Dans la derni\u00e8re d\u00e9cennie, l&#039;Elise s\u2019est fait rena\u00eetre comme un roadster compl\u00e9t\u00e9 minimaliste et propuls\u00e9 par un moteur quatre cylindres de Toyota. Maintenant, l&#039;entreprise pr\u00e9voit de remanier l&#039;Elise. Le nouveau mod\u00e8le se d\u00e9veloppe en taille, prix, et raffinement, en promettant de combler les lacunes critiques de la voiture actuelle, ... Lire plus\" \/>\n<meta property=\"og:url\" content=\"https:\/\/www.carideal.com\/blog\/2012\/01\/28\/les-jumelles-lotus-elan-elise\/\" \/>\n<meta property=\"og:site_name\" content=\"Blog auto Carid\u00e9al\" \/>\n<meta property=\"article:publisher\" content=\"https:\/\/www.facebook.com\/Carideal.mandataire.automobile\" \/>\n<meta property=\"article:author\" content=\"https:\/\/www.facebook.com\/Carideal.mandataire.automobile\/\" \/>\n<meta property=\"article:published_time\" content=\"2012-01-28T20:37:00+00:00\" \/>\n<meta property=\"article:modified_time\" content=\"2023-11-28T18:47:31+00:00\" \/>\n<meta property=\"og:image\" content=\"https:\/\/www.carideal.com\/blog\/wp-content\/uploads\/2012\/01\/lotus-elise-2012.jpg\" \/>\n\t<meta property=\"og:image:width\" content=\"1200\" \/>\n\t<meta property=\"og:image:height\" content=\"800\" \/>\n\t<meta property=\"og:image:type\" content=\"image\/jpeg\" \/>\n<meta name=\"author\" content=\"N.S Carideal\" \/>\n<meta name=\"twitter:card\" content=\"summary_large_image\" \/>\n<meta name=\"twitter:creator\" content=\"@caridealauto\" \/>\n<meta name=\"twitter:site\" content=\"@caridealauto\" \/>\n<meta name=\"twitter:label1\" content=\"\u00c9crit par\" \/>\n\t<meta name=\"twitter:data1\" content=\"N.S Carideal\" \/>\n\t<meta name=\"twitter:label2\" content=\"Dur\u00e9e de lecture estim\u00e9e\" \/>\n\t<meta name=\"twitter:data2\" content=\"2 minutes\" \/>\n<script type=\"application\/ld+json\" class=\"yoast-schema-graph\">{\"@context\":\"https:\/\/schema.org\",\"@graph\":[{\"@type\":\"Article\",\"@id\":\"https:\/\/www.carideal.com\/blog\/2012\/01\/28\/les-jumelles-lotus-elan-elise\/#article\",\"isPartOf\":{\"@id\":\"https:\/\/www.carideal.com\/blog\/2012\/01\/28\/les-jumelles-lotus-elan-elise\/\"},\"author\":{\"name\":\"N.S Carideal\",\"@id\":\"https:\/\/www.carideal.com\/blog\/#\/schema\/person\/985c7e757d1042d647f21bfaf8d41ebc\"},\"headline\":\"Les jumelles Lotus Elan &#038; Elise\",\"datePublished\":\"2012-01-28T20:37:00+00:00\",\"dateModified\":\"2023-11-28T18:47:31+00:00\",\"mainEntityOfPage\":{\"@id\":\"https:\/\/www.carideal.com\/blog\/2012\/01\/28\/les-jumelles-lotus-elan-elise\/\"},\"wordCount\":279,\"commentCount\":0,\"publisher\":{\"@id\":\"https:\/\/www.carideal.com\/blog\/#organization\"},\"image\":{\"@id\":\"https:\/\/www.carideal.com\/blog\/2012\/01\/28\/les-jumelles-lotus-elan-elise\/#primaryimage\"},\"thumbnailUrl\":\"https:\/\/www.carideal.com\/blog\/wp-content\/uploads\/2012\/01\/lotus-elise-2012.jpg\",\"keywords\":[\"roadster\",\"Voiture anglaise\"],\"articleSection\":[\"Divers\"],\"inLanguage\":\"fr-FR\",\"potentialAction\":[{\"@type\":\"CommentAction\",\"name\":\"Comment\",\"target\":[\"https:\/\/www.carideal.com\/blog\/2012\/01\/28\/les-jumelles-lotus-elan-elise\/#respond\"]}]},{\"@type\":\"WebPage\",\"@id\":\"https:\/\/www.carideal.com\/blog\/2012\/01\/28\/les-jumelles-lotus-elan-elise\/\",\"url\":\"https:\/\/www.carideal.com\/blog\/2012\/01\/28\/les-jumelles-lotus-elan-elise\/\",\"name\":\"Les jumelles Lotus Elan & Elise - Blog auto Carid\u00e9al\",\"isPartOf\":{\"@id\":\"https:\/\/www.carideal.com\/blog\/#website\"},\"primaryImageOfPage\":{\"@id\":\"https:\/\/www.carideal.com\/blog\/2012\/01\/28\/les-jumelles-lotus-elan-elise\/#primaryimage\"},\"image\":{\"@id\":\"https:\/\/www.carideal.com\/blog\/2012\/01\/28\/les-jumelles-lotus-elan-elise\/#primaryimage\"},\"thumbnailUrl\":\"https:\/\/www.carideal.com\/blog\/wp-content\/uploads\/2012\/01\/lotus-elise-2012.jpg\",\"datePublished\":\"2012-01-28T20:37:00+00:00\",\"dateModified\":\"2023-11-28T18:47:31+00:00\",\"breadcrumb\":{\"@id\":\"https:\/\/www.carideal.com\/blog\/2012\/01\/28\/les-jumelles-lotus-elan-elise\/#breadcrumb\"},\"inLanguage\":\"fr-FR\",\"potentialAction\":[{\"@type\":\"ReadAction\",\"target\":[\"https:\/\/www.carideal.com\/blog\/2012\/01\/28\/les-jumelles-lotus-elan-elise\/\"]}]},{\"@type\":\"ImageObject\",\"inLanguage\":\"fr-FR\",\"@id\":\"https:\/\/www.carideal.com\/blog\/2012\/01\/28\/les-jumelles-lotus-elan-elise\/#primaryimage\",\"url\":\"https:\/\/www.carideal.com\/blog\/wp-content\/uploads\/2012\/01\/lotus-elise-2012.jpg\",\"contentUrl\":\"https:\/\/www.carideal.com\/blog\/wp-content\/uploads\/2012\/01\/lotus-elise-2012.jpg\",\"width\":1200,\"height\":800,\"caption\":\"Les jumelles Lotus Elan & Elise\"},{\"@type\":\"BreadcrumbList\",\"@id\":\"https:\/\/www.carideal.com\/blog\/2012\/01\/28\/les-jumelles-lotus-elan-elise\/#breadcrumb\",\"itemListElement\":[{\"@type\":\"ListItem\",\"position\":1,\"name\":\"Blog Carid\u00e9al\",\"item\":\"https:\/\/www.carideal.com\/blog\/\"},{\"@type\":\"ListItem\",\"position\":2,\"name\":\"Divers\",\"item\":\"https:\/\/www.carideal.com\/blog\/divers\/\"},{\"@type\":\"ListItem\",\"position\":3,\"name\":\"Les jumelles Lotus Elan &#038; Elise\"}]},{\"@type\":\"WebSite\",\"@id\":\"https:\/\/www.carideal.com\/blog\/#website\",\"url\":\"https:\/\/www.carideal.com\/blog\/\",\"name\":\"Blog auto Carid\u00e9al\",\"description\":\"Actualit\u00e9 auto par des passionn\u00e9s\",\"publisher\":{\"@id\":\"https:\/\/www.carideal.com\/blog\/#organization\"},\"potentialAction\":[{\"@type\":\"SearchAction\",\"target\":{\"@type\":\"EntryPoint\",\"urlTemplate\":\"https:\/\/www.carideal.com\/blog\/?s={search_term_string}\"},\"query-input\":{\"@type\":\"PropertyValueSpecification\",\"valueRequired\":true,\"valueName\":\"search_term_string\"}}],\"inLanguage\":\"fr-FR\"},{\"@type\":\"Organization\",\"@id\":\"https:\/\/www.carideal.com\/blog\/#organization\",\"name\":\"Carideal\",\"url\":\"https:\/\/www.carideal.com\/blog\/\",\"logo\":{\"@type\":\"ImageObject\",\"inLanguage\":\"fr-FR\",\"@id\":\"https:\/\/www.carideal.com\/blog\/#\/schema\/logo\/image\/\",\"url\":\"http:\/\/www.carideal.com\/blog\/wp-content\/uploads\/2016\/03\/logo-carideal-mandataire-automobile.png\",\"contentUrl\":\"http:\/\/www.carideal.com\/blog\/wp-content\/uploads\/2016\/03\/logo-carideal-mandataire-automobile.png\",\"width\":300,\"height\":300,\"caption\":\"Carideal\"},\"image\":{\"@id\":\"https:\/\/www.carideal.com\/blog\/#\/schema\/logo\/image\/\"},\"sameAs\":[\"https:\/\/www.facebook.com\/Carideal.mandataire.automobile\",\"https:\/\/x.com\/caridealauto\",\"https:\/\/www.instagram.com\/carideal1\/\",\"https:\/\/www.linkedin.com\/company\/carideal.com\",\"https:\/\/fr.pinterest.com\/schiavonsas\/\",\"https:\/\/www.youtube.com\/user\/caridealsas\"]},{\"@type\":\"Person\",\"@id\":\"https:\/\/www.carideal.com\/blog\/#\/schema\/person\/985c7e757d1042d647f21bfaf8d41ebc\",\"name\":\"N.S Carideal\",\"image\":{\"@type\":\"ImageObject\",\"inLanguage\":\"fr-FR\",\"@id\":\"https:\/\/www.carideal.com\/blog\/#\/schema\/person\/image\/\",\"url\":\"https:\/\/secure.gravatar.com\/avatar\/edb7ccdf1a4e3d14aef967760d354d0e?s=96&r=g\",\"contentUrl\":\"https:\/\/secure.gravatar.com\/avatar\/edb7ccdf1a4e3d14aef967760d354d0e?s=96&r=g\",\"caption\":\"N.S Carideal\"},\"description\":\"Depuis tout petit fan d'automobile. Il est question d'essayer et de comparer toutes ces voitures qui nous ont fait r\u00e9ver, avant que celles-ci ne devient uniquement des voitures de collection.\",\"sameAs\":[\"http:\/\/www.carideal.com\/blog\",\"https:\/\/www.facebook.com\/Carideal.mandataire.automobile\/\",\"https:\/\/www.linkedin.com\/in\/nschiavon\/\",\"https:\/\/www.youtube.com\/user\/caridealsas\/\"],\"url\":\"https:\/\/www.carideal.com\/blog\/author\/admin_carideal\/\"}]}<\/script>\n<!-- \/ Yoast SEO plugin. -->","yoast_head_json":{"title":"Les jumelles Lotus Elan & Elise - Blog auto Carid\u00e9al","robots":{"index":"index","follow":"follow","max-snippet":"max-snippet:-1","max-image-preview":"max-image-preview:large","max-video-preview":"max-video-preview:-1"},"canonical":"https:\/\/www.carideal.com\/blog\/2012\/01\/28\/les-jumelles-lotus-elan-elise\/","og_locale":"fr_FR","og_type":"article","og_title":"Les jumelles Lotus Elan & Elise - Blog auto Carid\u00e9al","og_description":"Les jumelles Lotus Elan &amp; Elise Dans la derni\u00e8re d\u00e9cennie, l'Elise s\u2019est fait rena\u00eetre comme un roadster compl\u00e9t\u00e9 minimaliste et propuls\u00e9 par un moteur quatre cylindres de Toyota. Maintenant, l'entreprise pr\u00e9voit de remanier l'Elise. Le nouveau mod\u00e8le se d\u00e9veloppe en taille, prix, et raffinement, en promettant de combler les lacunes critiques de la voiture actuelle, ... Lire plus","og_url":"https:\/\/www.carideal.com\/blog\/2012\/01\/28\/les-jumelles-lotus-elan-elise\/","og_site_name":"Blog auto Carid\u00e9al","article_publisher":"https:\/\/www.facebook.com\/Carideal.mandataire.automobile","article_author":"https:\/\/www.facebook.com\/Carideal.mandataire.automobile\/","article_published_time":"2012-01-28T20:37:00+00:00","article_modified_time":"2023-11-28T18:47:31+00:00","og_image":[{"width":1200,"height":800,"url":"https:\/\/www.carideal.com\/blog\/wp-content\/uploads\/2012\/01\/lotus-elise-2012.jpg","type":"image\/jpeg"}],"author":"N.S Carideal","twitter_card":"summary_large_image","twitter_creator":"@caridealauto","twitter_site":"@caridealauto","twitter_misc":{"\u00c9crit par":"N.S Carideal","Dur\u00e9e de lecture estim\u00e9e":"2 minutes"},"schema":{"@context":"https:\/\/schema.org","@graph":[{"@type":"Article","@id":"https:\/\/www.carideal.com\/blog\/2012\/01\/28\/les-jumelles-lotus-elan-elise\/#article","isPartOf":{"@id":"https:\/\/www.carideal.com\/blog\/2012\/01\/28\/les-jumelles-lotus-elan-elise\/"},"author":{"name":"N.S Carideal","@id":"https:\/\/www.carideal.com\/blog\/#\/schema\/person\/985c7e757d1042d647f21bfaf8d41ebc"},"headline":"Les jumelles Lotus Elan &#038; Elise","datePublished":"2012-01-28T20:37:00+00:00","dateModified":"2023-11-28T18:47:31+00:00","mainEntityOfPage":{"@id":"https:\/\/www.carideal.com\/blog\/2012\/01\/28\/les-jumelles-lotus-elan-elise\/"},"wordCount":279,"commentCount":0,"publisher":{"@id":"https:\/\/www.carideal.com\/blog\/#organization"},"image":{"@id":"https:\/\/www.carideal.com\/blog\/2012\/01\/28\/les-jumelles-lotus-elan-elise\/#primaryimage"},"thumbnailUrl":"https:\/\/www.carideal.com\/blog\/wp-content\/uploads\/2012\/01\/lotus-elise-2012.jpg","keywords":["roadster","Voiture anglaise"],"articleSection":["Divers"],"inLanguage":"fr-FR","potentialAction":[{"@type":"CommentAction","name":"Comment","target":["https:\/\/www.carideal.com\/blog\/2012\/01\/28\/les-jumelles-lotus-elan-elise\/#respond"]}]},{"@type":"WebPage","@id":"https:\/\/www.carideal.com\/blog\/2012\/01\/28\/les-jumelles-lotus-elan-elise\/","url":"https:\/\/www.carideal.com\/blog\/2012\/01\/28\/les-jumelles-lotus-elan-elise\/","name":"Les jumelles Lotus Elan & Elise - Blog auto Carid\u00e9al","isPartOf":{"@id":"https:\/\/www.carideal.com\/blog\/#website"},"primaryImageOfPage":{"@id":"https:\/\/www.carideal.com\/blog\/2012\/01\/28\/les-jumelles-lotus-elan-elise\/#primaryimage"},"image":{"@id":"https:\/\/www.carideal.com\/blog\/2012\/01\/28\/les-jumelles-lotus-elan-elise\/#primaryimage"},"thumbnailUrl":"https:\/\/www.carideal.com\/blog\/wp-content\/uploads\/2012\/01\/lotus-elise-2012.jpg","datePublished":"2012-01-28T20:37:00+00:00","dateModified":"2023-11-28T18:47:31+00:00","breadcrumb":{"@id":"https:\/\/www.carideal.com\/blog\/2012\/01\/28\/les-jumelles-lotus-elan-elise\/#breadcrumb"},"inLanguage":"fr-FR","potentialAction":[{"@type":"ReadAction","target":["https:\/\/www.carideal.com\/blog\/2012\/01\/28\/les-jumelles-lotus-elan-elise\/"]}]},{"@type":"ImageObject","inLanguage":"fr-FR","@id":"https:\/\/www.carideal.com\/blog\/2012\/01\/28\/les-jumelles-lotus-elan-elise\/#primaryimage","url":"https:\/\/www.carideal.com\/blog\/wp-content\/uploads\/2012\/01\/lotus-elise-2012.jpg","contentUrl":"https:\/\/www.carideal.com\/blog\/wp-content\/uploads\/2012\/01\/lotus-elise-2012.jpg","width":1200,"height":800,"caption":"Les jumelles Lotus Elan & Elise"},{"@type":"BreadcrumbList","@id":"https:\/\/www.carideal.com\/blog\/2012\/01\/28\/les-jumelles-lotus-elan-elise\/#breadcrumb","itemListElement":[{"@type":"ListItem","position":1,"name":"Blog Carid\u00e9al","item":"https:\/\/www.carideal.com\/blog\/"},{"@type":"ListItem","position":2,"name":"Divers","item":"https:\/\/www.carideal.com\/blog\/divers\/"},{"@type":"ListItem","position":3,"name":"Les jumelles Lotus Elan &#038; Elise"}]},{"@type":"WebSite","@id":"https:\/\/www.carideal.com\/blog\/#website","url":"https:\/\/www.carideal.com\/blog\/","name":"Blog auto Carid\u00e9al","description":"Actualit\u00e9 auto par des passionn\u00e9s","publisher":{"@id":"https:\/\/www.carideal.com\/blog\/#organization"},"potentialAction":[{"@type":"SearchAction","target":{"@type":"EntryPoint","urlTemplate":"https:\/\/www.carideal.com\/blog\/?s={search_term_string}"},"query-input":{"@type":"PropertyValueSpecification","valueRequired":true,"valueName":"search_term_string"}}],"inLanguage":"fr-FR"},{"@type":"Organization","@id":"https:\/\/www.carideal.com\/blog\/#organization","name":"Carideal","url":"https:\/\/www.carideal.com\/blog\/","logo":{"@type":"ImageObject","inLanguage":"fr-FR","@id":"https:\/\/www.carideal.com\/blog\/#\/schema\/logo\/image\/","url":"http:\/\/www.carideal.com\/blog\/wp-content\/uploads\/2016\/03\/logo-carideal-mandataire-automobile.png","contentUrl":"http:\/\/www.carideal.com\/blog\/wp-content\/uploads\/2016\/03\/logo-carideal-mandataire-automobile.png","width":300,"height":300,"caption":"Carideal"},"image":{"@id":"https:\/\/www.carideal.com\/blog\/#\/schema\/logo\/image\/"},"sameAs":["https:\/\/www.facebook.com\/Carideal.mandataire.automobile","https:\/\/x.com\/caridealauto","https:\/\/www.instagram.com\/carideal1\/","https:\/\/www.linkedin.com\/company\/carideal.com","https:\/\/fr.pinterest.com\/schiavonsas\/","https:\/\/www.youtube.com\/user\/caridealsas"]},{"@type":"Person","@id":"https:\/\/www.carideal.com\/blog\/#\/schema\/person\/985c7e757d1042d647f21bfaf8d41ebc","name":"N.S Carideal","image":{"@type":"ImageObject","inLanguage":"fr-FR","@id":"https:\/\/www.carideal.com\/blog\/#\/schema\/person\/image\/","url":"https:\/\/secure.gravatar.com\/avatar\/edb7ccdf1a4e3d14aef967760d354d0e?s=96&r=g","contentUrl":"https:\/\/secure.gravatar.com\/avatar\/edb7ccdf1a4e3d14aef967760d354d0e?s=96&r=g","caption":"N.S Carideal"},"description":"Depuis tout petit fan d'automobile. Il est question d'essayer et de comparer toutes ces voitures qui nous ont fait r\u00e9ver, avant que celles-ci ne devient uniquement des voitures de collection.","sameAs":["http:\/\/www.carideal.com\/blog","https:\/\/www.facebook.com\/Carideal.mandataire.automobile\/","https:\/\/www.linkedin.com\/in\/nschiavon\/","https:\/\/www.youtube.com\/user\/caridealsas\/"],"url":"https:\/\/www.carideal.com\/blog\/author\/admin_carideal\/"}]}},"uagb_featured_image_src":{"full":["https:\/\/www.carideal.com\/blog\/wp-content\/uploads\/2012\/01\/lotus-elise-2012.jpg",1200,800,false],"thumbnail":["https:\/\/www.carideal.com\/blog\/wp-content\/uploads\/2012\/01\/lotus-elise-2012-150x150.jpg",150,150,true],"medium":["https:\/\/www.carideal.com\/blog\/wp-content\/uploads\/2012\/01\/lotus-elise-2012-300x200.jpg",300,200,true],"medium_large":["https:\/\/www.carideal.com\/blog\/wp-content\/uploads\/2012\/01\/lotus-elise-2012-768x512.jpg",768,512,true],"large":["https:\/\/www.carideal.com\/blog\/wp-content\/uploads\/2012\/01\/lotus-elise-2012-1024x683.jpg",1024,683,true],"1536x1536":["https:\/\/www.carideal.com\/blog\/wp-content\/uploads\/2012\/01\/lotus-elise-2012.jpg",1200,800,false],"2048x2048":["https:\/\/www.carideal.com\/blog\/wp-content\/uploads\/2012\/01\/lotus-elise-2012.jpg",1200,800,false],"wppr-widget":["https:\/\/www.carideal.com\/blog\/wp-content\/uploads\/2012\/01\/lotus-elise-2012-50x33.jpg",50,33,true]},"uagb_author_info":{"display_name":"N.S Carideal","author_link":"https:\/\/www.carideal.com\/blog\/author\/admin_carideal\/"},"uagb_comment_info":0,"uagb_excerpt":"Les jumelles Lotus Elan &amp; Elise Dans la derni\u00e8re d\u00e9cennie, l'Elise s\u2019est fait rena\u00eetre comme un roadster compl\u00e9t\u00e9 minimaliste et propuls\u00e9 par un moteur quatre cylindres de Toyota. Maintenant, l'entreprise pr\u00e9voit de remanier l'Elise. Le nouveau mod\u00e8le se d\u00e9veloppe en taille, prix, et raffinement, en promettant de combler les lacunes critiques de la voiture actuelle,\u2026","_links":{"self":[{"href":"https:\/\/www.carideal.com\/blog\/wp-json\/wp\/v2\/posts\/504"}],"collection":[{"href":"https:\/\/www.carideal.com\/blog\/wp-json\/wp\/v2\/posts"}],"about":[{"href":"https:\/\/www.carideal.com\/blog\/wp-json\/wp\/v2\/types\/post"}],"author":[{"embeddable":true,"href":"https:\/\/www.carideal.com\/blog\/wp-json\/wp\/v2\/users\/1"}],"replies":[{"embeddable":true,"href":"https:\/\/www.carideal.com\/blog\/wp-json\/wp\/v2\/comments?post=504"}],"version-history":[{"count":0,"href":"https:\/\/www.carideal.com\/blog\/wp-json\/wp\/v2\/posts\/504\/revisions"}],"wp:featuredmedia":[{"embeddable":true,"href":"https:\/\/www.carideal.com\/blog\/wp-json\/wp\/v2\/media\/27210"}],"wp:attachment":[{"href":"https:\/\/www.carideal.com\/blog\/wp-json\/wp\/v2\/media?parent=504"}],"wp:term":[{"taxonomy":"category","embeddable":true,"href":"https:\/\/www.carideal.com\/blog\/wp-json\/wp\/v2\/categories?post=504"},{"taxonomy":"post_tag","embeddable":true,"href":"https:\/\/www.carideal.com\/blog\/wp-json\/wp\/v2\/tags?post=504"}],"curies":[{"name":"wp","href":"https:\/\/api.w.org\/{rel}","templated":true}]}}