{"id":5036,"date":"2012-11-22T23:00:00","date_gmt":"2012-11-22T23:00:00","guid":{"rendered":"http:\/\/www.carideal.com\/blog\/2012\/11\/22\/nouvelle-panda-4x4-2013\/"},"modified":"2016-06-25T09:26:18","modified_gmt":"2016-06-25T07:26:18","slug":"nouvelle-panda-4x4-2013","status":"publish","type":"post","link":"https:\/\/www.carideal.com\/blog\/2012\/11\/22\/nouvelle-panda-4x4-2013\/","title":{"rendered":"Nouvelle Fiat Panda 4&#215;4 2013"},"content":{"rendered":"<div>\n<figure style=\"width: 790px\" class=\"wp-caption alignnone\"><img loading=\"lazy\" decoding=\"async\" title=\"Nouvelle Fiat Panda 4x4 2013\" src=\"http:\/\/www.carideal.com\/images_actualite\/fiatpanda4x42013achatcaridealmandataireautomobile-1353662176.jpg\" alt=\"Nouvelle Fiat Panda 4x4 2013\" width=\"800\" height=\"600\" \/><figcaption class=\"wp-caption-text\">Fiat Panda 4x4 2013<\/figcaption><\/figure>\n<h1><strong>Nouvelle Fiat Panda 4x4 2013<\/strong><\/h1>\n<\/div>\n<p>La <strong>nouvelle Fiat Panda 4x4\u00a02013<\/strong> est en vente depuis mi Octobre et propos\u00e9e avec un moteur essence de 85ch, et un moteur diesel de 75 ch. \u00e0 partir de 14000 \u20ac.<\/p>\n<p>La <strong>Fiat Panda 4x4<\/strong> a toujours propos\u00e9 \u00e0 son catalogue une version 4x4. Cette troisi\u00e8me g\u00e9n\u00e9ration offre donc, elle aussi, une d\u00e9clinaison \u00e0 quatre roues motrices en permanence, avec une r\u00e9partition du couple entre les essieux avant et arri\u00e8re variable selon les conditions d'adh\u00e9rence. Longue de 3.68m, 3.65m pour la panda de ville, elle dispose de deux motorisations : le bicylindre 900 cm3 Twinair turbo de 85 ch en essence et le 1.3 Multijet II de 75 ch pour le diesel. Une version 4x2 dot\u00e9e d'une motricit\u00e9 renforc\u00e9e, la Trekking, sera \u00e9galement disponible.<\/p>\n","protected":false},"excerpt":{"rendered":"<p>Nouvelle Fiat Panda 4&#215;4 2013 La nouvelle Fiat Panda 4&#215;4\u00a02013 est en vente depuis mi Octobre et propos\u00e9e avec un moteur essence de 85ch, et un moteur diesel de 75 ch. \u00e0 partir de 14000 \u20ac. La Fiat Panda 4&#215;4 a toujours propos\u00e9 \u00e0 son catalogue une version 4&#215;4. Cette troisi\u00e8me g\u00e9n\u00e9ration offre donc, elle &#8230; <a title=\"Nouvelle Fiat Panda 4&#215;4 2013\" class=\"read-more\" href=\"https:\/\/www.carideal.com\/blog\/2012\/11\/22\/nouvelle-panda-4x4-2013\/\" aria-label=\"En savoir plus sur Nouvelle Fiat Panda 4&#215;4 2013\">Lire plus<\/a><\/p>\n","protected":false},"author":3,"featured_media":0,"comment_status":"open","ping_status":"open","sticky":false,"template":"","format":"standard","meta":{"_uag_custom_page_level_css":"","_themeisle_gutenberg_block_has_review":false,"footnotes":""},"categories":[2,21,5944,5980,5974],"tags":[],"class_list":["post-5036","post","type-post","status-publish","format-standard","hentry","category-4x4-suv","category-actualites-auto","category-constructeur","category-fiat","category-type-de-vehicule"],"wppr_data":[],"yoast_head":"<!-- This site is optimized with the Yoast SEO plugin v24.8.1 - https:\/\/yoast.com\/wordpress\/plugins\/seo\/ -->\n<title>Nouvelle Fiat Panda 4x4 2013 - Blog auto Carid\u00e9al<\/title>\n<meta name=\"robots\" content=\"index, follow, max-snippet:-1, max-image-preview:large, max-video-preview:-1\" \/>\n<link rel=\"canonical\" href=\"https:\/\/www.carideal.com\/blog\/2012\/11\/22\/nouvelle-panda-4x4-2013\/\" \/>\n<meta property=\"og:locale\" content=\"fr_FR\" \/>\n<meta property=\"og:type\" content=\"article\" \/>\n<meta property=\"og:title\" content=\"Nouvelle Fiat Panda 4x4 2013 - Blog auto Carid\u00e9al\" \/>\n<meta property=\"og:description\" content=\"Nouvelle Fiat Panda 4x4 2013 La nouvelle Fiat Panda 4x4\u00a02013 est en vente depuis mi Octobre et propos\u00e9e avec un moteur essence de 85ch, et un moteur diesel de 75 ch. \u00e0 partir de 14000 \u20ac. La Fiat Panda 4x4 a toujours propos\u00e9 \u00e0 son catalogue une version 4x4. Cette troisi\u00e8me g\u00e9n\u00e9ration offre donc, elle ... Lire plus\" \/>\n<meta property=\"og:url\" content=\"https:\/\/www.carideal.com\/blog\/2012\/11\/22\/nouvelle-panda-4x4-2013\/\" \/>\n<meta property=\"og:site_name\" content=\"Blog auto Carid\u00e9al\" \/>\n<meta property=\"article:publisher\" content=\"https:\/\/www.facebook.com\/Carideal.mandataire.automobile\" \/>\n<meta property=\"article:author\" content=\"https:\/\/www.facebook.com\/nicolas.schiavon.39\" \/>\n<meta property=\"article:published_time\" content=\"2012-11-22T23:00:00+00:00\" \/>\n<meta property=\"article:modified_time\" content=\"2016-06-25T07:26:18+00:00\" \/>\n<meta property=\"og:image\" content=\"http:\/\/www.carideal.com\/images_actualite\/fiatpanda4x42013achatcaridealmandataireautomobile-1353662176.jpg\" \/>\n<meta name=\"author\" content=\"Nicolas SCHIAVON\" \/>\n<meta name=\"twitter:card\" content=\"summary_large_image\" \/>\n<meta name=\"twitter:creator\" content=\"@caridealauto\" \/>\n<meta name=\"twitter:site\" content=\"@caridealauto\" \/>\n<meta name=\"twitter:label1\" content=\"\u00c9crit par\" \/>\n\t<meta name=\"twitter:data1\" content=\"Nicolas SCHIAVON\" \/>\n\t<meta name=\"twitter:label2\" content=\"Dur\u00e9e de lecture estim\u00e9e\" \/>\n\t<meta name=\"twitter:data2\" content=\"1 minute\" \/>\n<script type=\"application\/ld+json\" class=\"yoast-schema-graph\">{\"@context\":\"https:\/\/schema.org\",\"@graph\":[{\"@type\":\"Article\",\"@id\":\"https:\/\/www.carideal.com\/blog\/2012\/11\/22\/nouvelle-panda-4x4-2013\/#article\",\"isPartOf\":{\"@id\":\"https:\/\/www.carideal.com\/blog\/2012\/11\/22\/nouvelle-panda-4x4-2013\/\"},\"author\":{\"name\":\"Nicolas SCHIAVON\",\"@id\":\"https:\/\/www.carideal.com\/blog\/#\/schema\/person\/cd95dc7919660de90d31b366f85be1ec\"},\"headline\":\"Nouvelle Fiat Panda 4&#215;4 2013\",\"datePublished\":\"2012-11-22T23:00:00+00:00\",\"dateModified\":\"2016-06-25T07:26:18+00:00\",\"mainEntityOfPage\":{\"@id\":\"https:\/\/www.carideal.com\/blog\/2012\/11\/22\/nouvelle-panda-4x4-2013\/\"},\"wordCount\":140,\"commentCount\":0,\"publisher\":{\"@id\":\"https:\/\/www.carideal.com\/blog\/#organization\"},\"image\":{\"@id\":\"https:\/\/www.carideal.com\/blog\/2012\/11\/22\/nouvelle-panda-4x4-2013\/#primaryimage\"},\"thumbnailUrl\":\"http:\/\/www.carideal.com\/images_actualite\/fiatpanda4x42013achatcaridealmandataireautomobile-1353662176.jpg\",\"articleSection\":[\"4X4 Actualit\u00e9\",\"Actualit\u00e9 automobile\",\"Actualit\u00e9 Constructeur automobile\",\"Actualit\u00e9 Fiat\",\"Type de v\u00e9hicule\"],\"inLanguage\":\"fr-FR\",\"potentialAction\":[{\"@type\":\"CommentAction\",\"name\":\"Comment\",\"target\":[\"https:\/\/www.carideal.com\/blog\/2012\/11\/22\/nouvelle-panda-4x4-2013\/#respond\"]}]},{\"@type\":\"WebPage\",\"@id\":\"https:\/\/www.carideal.com\/blog\/2012\/11\/22\/nouvelle-panda-4x4-2013\/\",\"url\":\"https:\/\/www.carideal.com\/blog\/2012\/11\/22\/nouvelle-panda-4x4-2013\/\",\"name\":\"Nouvelle Fiat Panda 4x4 2013 - Blog auto Carid\u00e9al\",\"isPartOf\":{\"@id\":\"https:\/\/www.carideal.com\/blog\/#website\"},\"primaryImageOfPage\":{\"@id\":\"https:\/\/www.carideal.com\/blog\/2012\/11\/22\/nouvelle-panda-4x4-2013\/#primaryimage\"},\"image\":{\"@id\":\"https:\/\/www.carideal.com\/blog\/2012\/11\/22\/nouvelle-panda-4x4-2013\/#primaryimage\"},\"thumbnailUrl\":\"http:\/\/www.carideal.com\/images_actualite\/fiatpanda4x42013achatcaridealmandataireautomobile-1353662176.jpg\",\"datePublished\":\"2012-11-22T23:00:00+00:00\",\"dateModified\":\"2016-06-25T07:26:18+00:00\",\"breadcrumb\":{\"@id\":\"https:\/\/www.carideal.com\/blog\/2012\/11\/22\/nouvelle-panda-4x4-2013\/#breadcrumb\"},\"inLanguage\":\"fr-FR\",\"potentialAction\":[{\"@type\":\"ReadAction\",\"target\":[\"https:\/\/www.carideal.com\/blog\/2012\/11\/22\/nouvelle-panda-4x4-2013\/\"]}]},{\"@type\":\"ImageObject\",\"inLanguage\":\"fr-FR\",\"@id\":\"https:\/\/www.carideal.com\/blog\/2012\/11\/22\/nouvelle-panda-4x4-2013\/#primaryimage\",\"url\":\"http:\/\/www.carideal.com\/images_actualite\/fiatpanda4x42013achatcaridealmandataireautomobile-1353662176.jpg\",\"contentUrl\":\"http:\/\/www.carideal.com\/images_actualite\/fiatpanda4x42013achatcaridealmandataireautomobile-1353662176.jpg\"},{\"@type\":\"BreadcrumbList\",\"@id\":\"https:\/\/www.carideal.com\/blog\/2012\/11\/22\/nouvelle-panda-4x4-2013\/#breadcrumb\",\"itemListElement\":[{\"@type\":\"ListItem\",\"position\":1,\"name\":\"Blog Carid\u00e9al\",\"item\":\"https:\/\/www.carideal.com\/blog\/\"},{\"@type\":\"ListItem\",\"position\":2,\"name\":\"Actualit\u00e9 automobile\",\"item\":\"https:\/\/www.carideal.com\/blog\/actualites-auto\/\"},{\"@type\":\"ListItem\",\"position\":3,\"name\":\"Nouvelle Fiat Panda 4&#215;4 2013\"}]},{\"@type\":\"WebSite\",\"@id\":\"https:\/\/www.carideal.com\/blog\/#website\",\"url\":\"https:\/\/www.carideal.com\/blog\/\",\"name\":\"Blog auto Carid\u00e9al\",\"description\":\"Actualit\u00e9 auto par des passionn\u00e9s\",\"publisher\":{\"@id\":\"https:\/\/www.carideal.com\/blog\/#organization\"},\"potentialAction\":[{\"@type\":\"SearchAction\",\"target\":{\"@type\":\"EntryPoint\",\"urlTemplate\":\"https:\/\/www.carideal.com\/blog\/?s={search_term_string}\"},\"query-input\":{\"@type\":\"PropertyValueSpecification\",\"valueRequired\":true,\"valueName\":\"search_term_string\"}}],\"inLanguage\":\"fr-FR\"},{\"@type\":\"Organization\",\"@id\":\"https:\/\/www.carideal.com\/blog\/#organization\",\"name\":\"Carideal\",\"url\":\"https:\/\/www.carideal.com\/blog\/\",\"logo\":{\"@type\":\"ImageObject\",\"inLanguage\":\"fr-FR\",\"@id\":\"https:\/\/www.carideal.com\/blog\/#\/schema\/logo\/image\/\",\"url\":\"http:\/\/www.carideal.com\/blog\/wp-content\/uploads\/2016\/03\/logo-carideal-mandataire-automobile.png\",\"contentUrl\":\"http:\/\/www.carideal.com\/blog\/wp-content\/uploads\/2016\/03\/logo-carideal-mandataire-automobile.png\",\"width\":300,\"height\":300,\"caption\":\"Carideal\"},\"image\":{\"@id\":\"https:\/\/www.carideal.com\/blog\/#\/schema\/logo\/image\/\"},\"sameAs\":[\"https:\/\/www.facebook.com\/Carideal.mandataire.automobile\",\"https:\/\/x.com\/caridealauto\",\"https:\/\/www.instagram.com\/carideal1\/\",\"https:\/\/www.linkedin.com\/company\/carideal.com\",\"https:\/\/fr.pinterest.com\/schiavonsas\/\",\"https:\/\/www.youtube.com\/user\/caridealsas\"]},{\"@type\":\"Person\",\"@id\":\"https:\/\/www.carideal.com\/blog\/#\/schema\/person\/cd95dc7919660de90d31b366f85be1ec\",\"name\":\"Nicolas SCHIAVON\",\"image\":{\"@type\":\"ImageObject\",\"inLanguage\":\"fr-FR\",\"@id\":\"https:\/\/www.carideal.com\/blog\/#\/schema\/person\/image\/\",\"url\":\"https:\/\/secure.gravatar.com\/avatar\/c17e55009e671d92cc7f5dc837dc418a?s=96&r=g\",\"contentUrl\":\"https:\/\/secure.gravatar.com\/avatar\/c17e55009e671d92cc7f5dc837dc418a?s=96&r=g\",\"caption\":\"Nicolas SCHIAVON\"},\"description\":\"Nicolas Schiavon est tomb\u00e9 tout petit dans la marmite automobile. Ayant eu un garage de marque automobile, mandataire automobile de la premi\u00e8re heure d\u00e8s 1999. Nicolas a cr\u00e9\u00e9 ces premiers sites de vente de voiture et blog automobile d\u00e8s 1994. Carideal est n\u00e9 le 15 d\u00e9cembre 2000 de la volont\u00e9 de vendre des voitures d'occasions en ligne puis des voitures neuves. Il a pu essayer beaucoup de voitures tr\u00e8s diff\u00e9rentes et ayant eu personnellement quelques belles autos, Subaru Impreza, Mitsubishi Lancer Evo 7, Porsche 911, Ferrari Testarrossa, Audi RS3, RS4 et j'en passe...\",\"sameAs\":[\"http:\/\/www.carideal.com\",\"https:\/\/www.facebook.com\/nicolas.schiavon.39\",\"https:\/\/www.instagram.com\/carideal1\/\",\"https:\/\/www.linkedin.com\/in\/nschiavon\/\",\"https:\/\/x.com\/caridealauto\",\"https:\/\/www.youtube.com\/user\/caridealsas\/\"],\"url\":\"https:\/\/www.carideal.com\/blog\/author\/nschiavon\/\"}]}<\/script>\n<!-- \/ Yoast SEO plugin. -->","yoast_head_json":{"title":"Nouvelle Fiat Panda 4x4 2013 - Blog auto Carid\u00e9al","robots":{"index":"index","follow":"follow","max-snippet":"max-snippet:-1","max-image-preview":"max-image-preview:large","max-video-preview":"max-video-preview:-1"},"canonical":"https:\/\/www.carideal.com\/blog\/2012\/11\/22\/nouvelle-panda-4x4-2013\/","og_locale":"fr_FR","og_type":"article","og_title":"Nouvelle Fiat Panda 4x4 2013 - Blog auto Carid\u00e9al","og_description":"Nouvelle Fiat Panda 4x4 2013 La nouvelle Fiat Panda 4x4\u00a02013 est en vente depuis mi Octobre et propos\u00e9e avec un moteur essence de 85ch, et un moteur diesel de 75 ch. \u00e0 partir de 14000 \u20ac. La Fiat Panda 4x4 a toujours propos\u00e9 \u00e0 son catalogue une version 4x4. Cette troisi\u00e8me g\u00e9n\u00e9ration offre donc, elle ... Lire plus","og_url":"https:\/\/www.carideal.com\/blog\/2012\/11\/22\/nouvelle-panda-4x4-2013\/","og_site_name":"Blog auto Carid\u00e9al","article_publisher":"https:\/\/www.facebook.com\/Carideal.mandataire.automobile","article_author":"https:\/\/www.facebook.com\/nicolas.schiavon.39","article_published_time":"2012-11-22T23:00:00+00:00","article_modified_time":"2016-06-25T07:26:18+00:00","og_image":[{"url":"http:\/\/www.carideal.com\/images_actualite\/fiatpanda4x42013achatcaridealmandataireautomobile-1353662176.jpg","type":"","width":"","height":""}],"author":"Nicolas SCHIAVON","twitter_card":"summary_large_image","twitter_creator":"@caridealauto","twitter_site":"@caridealauto","twitter_misc":{"\u00c9crit par":"Nicolas SCHIAVON","Dur\u00e9e de lecture estim\u00e9e":"1 minute"},"schema":{"@context":"https:\/\/schema.org","@graph":[{"@type":"Article","@id":"https:\/\/www.carideal.com\/blog\/2012\/11\/22\/nouvelle-panda-4x4-2013\/#article","isPartOf":{"@id":"https:\/\/www.carideal.com\/blog\/2012\/11\/22\/nouvelle-panda-4x4-2013\/"},"author":{"name":"Nicolas SCHIAVON","@id":"https:\/\/www.carideal.com\/blog\/#\/schema\/person\/cd95dc7919660de90d31b366f85be1ec"},"headline":"Nouvelle Fiat Panda 4&#215;4 2013","datePublished":"2012-11-22T23:00:00+00:00","dateModified":"2016-06-25T07:26:18+00:00","mainEntityOfPage":{"@id":"https:\/\/www.carideal.com\/blog\/2012\/11\/22\/nouvelle-panda-4x4-2013\/"},"wordCount":140,"commentCount":0,"publisher":{"@id":"https:\/\/www.carideal.com\/blog\/#organization"},"image":{"@id":"https:\/\/www.carideal.com\/blog\/2012\/11\/22\/nouvelle-panda-4x4-2013\/#primaryimage"},"thumbnailUrl":"http:\/\/www.carideal.com\/images_actualite\/fiatpanda4x42013achatcaridealmandataireautomobile-1353662176.jpg","articleSection":["4X4 Actualit\u00e9","Actualit\u00e9 automobile","Actualit\u00e9 Constructeur automobile","Actualit\u00e9 Fiat","Type de v\u00e9hicule"],"inLanguage":"fr-FR","potentialAction":[{"@type":"CommentAction","name":"Comment","target":["https:\/\/www.carideal.com\/blog\/2012\/11\/22\/nouvelle-panda-4x4-2013\/#respond"]}]},{"@type":"WebPage","@id":"https:\/\/www.carideal.com\/blog\/2012\/11\/22\/nouvelle-panda-4x4-2013\/","url":"https:\/\/www.carideal.com\/blog\/2012\/11\/22\/nouvelle-panda-4x4-2013\/","name":"Nouvelle Fiat Panda 4x4 2013 - Blog auto Carid\u00e9al","isPartOf":{"@id":"https:\/\/www.carideal.com\/blog\/#website"},"primaryImageOfPage":{"@id":"https:\/\/www.carideal.com\/blog\/2012\/11\/22\/nouvelle-panda-4x4-2013\/#primaryimage"},"image":{"@id":"https:\/\/www.carideal.com\/blog\/2012\/11\/22\/nouvelle-panda-4x4-2013\/#primaryimage"},"thumbnailUrl":"http:\/\/www.carideal.com\/images_actualite\/fiatpanda4x42013achatcaridealmandataireautomobile-1353662176.jpg","datePublished":"2012-11-22T23:00:00+00:00","dateModified":"2016-06-25T07:26:18+00:00","breadcrumb":{"@id":"https:\/\/www.carideal.com\/blog\/2012\/11\/22\/nouvelle-panda-4x4-2013\/#breadcrumb"},"inLanguage":"fr-FR","potentialAction":[{"@type":"ReadAction","target":["https:\/\/www.carideal.com\/blog\/2012\/11\/22\/nouvelle-panda-4x4-2013\/"]}]},{"@type":"ImageObject","inLanguage":"fr-FR","@id":"https:\/\/www.carideal.com\/blog\/2012\/11\/22\/nouvelle-panda-4x4-2013\/#primaryimage","url":"http:\/\/www.carideal.com\/images_actualite\/fiatpanda4x42013achatcaridealmandataireautomobile-1353662176.jpg","contentUrl":"http:\/\/www.carideal.com\/images_actualite\/fiatpanda4x42013achatcaridealmandataireautomobile-1353662176.jpg"},{"@type":"BreadcrumbList","@id":"https:\/\/www.carideal.com\/blog\/2012\/11\/22\/nouvelle-panda-4x4-2013\/#breadcrumb","itemListElement":[{"@type":"ListItem","position":1,"name":"Blog Carid\u00e9al","item":"https:\/\/www.carideal.com\/blog\/"},{"@type":"ListItem","position":2,"name":"Actualit\u00e9 automobile","item":"https:\/\/www.carideal.com\/blog\/actualites-auto\/"},{"@type":"ListItem","position":3,"name":"Nouvelle Fiat Panda 4&#215;4 2013"}]},{"@type":"WebSite","@id":"https:\/\/www.carideal.com\/blog\/#website","url":"https:\/\/www.carideal.com\/blog\/","name":"Blog auto Carid\u00e9al","description":"Actualit\u00e9 auto par des passionn\u00e9s","publisher":{"@id":"https:\/\/www.carideal.com\/blog\/#organization"},"potentialAction":[{"@type":"SearchAction","target":{"@type":"EntryPoint","urlTemplate":"https:\/\/www.carideal.com\/blog\/?s={search_term_string}"},"query-input":{"@type":"PropertyValueSpecification","valueRequired":true,"valueName":"search_term_string"}}],"inLanguage":"fr-FR"},{"@type":"Organization","@id":"https:\/\/www.carideal.com\/blog\/#organization","name":"Carideal","url":"https:\/\/www.carideal.com\/blog\/","logo":{"@type":"ImageObject","inLanguage":"fr-FR","@id":"https:\/\/www.carideal.com\/blog\/#\/schema\/logo\/image\/","url":"http:\/\/www.carideal.com\/blog\/wp-content\/uploads\/2016\/03\/logo-carideal-mandataire-automobile.png","contentUrl":"http:\/\/www.carideal.com\/blog\/wp-content\/uploads\/2016\/03\/logo-carideal-mandataire-automobile.png","width":300,"height":300,"caption":"Carideal"},"image":{"@id":"https:\/\/www.carideal.com\/blog\/#\/schema\/logo\/image\/"},"sameAs":["https:\/\/www.facebook.com\/Carideal.mandataire.automobile","https:\/\/x.com\/caridealauto","https:\/\/www.instagram.com\/carideal1\/","https:\/\/www.linkedin.com\/company\/carideal.com","https:\/\/fr.pinterest.com\/schiavonsas\/","https:\/\/www.youtube.com\/user\/caridealsas"]},{"@type":"Person","@id":"https:\/\/www.carideal.com\/blog\/#\/schema\/person\/cd95dc7919660de90d31b366f85be1ec","name":"Nicolas SCHIAVON","image":{"@type":"ImageObject","inLanguage":"fr-FR","@id":"https:\/\/www.carideal.com\/blog\/#\/schema\/person\/image\/","url":"https:\/\/secure.gravatar.com\/avatar\/c17e55009e671d92cc7f5dc837dc418a?s=96&r=g","contentUrl":"https:\/\/secure.gravatar.com\/avatar\/c17e55009e671d92cc7f5dc837dc418a?s=96&r=g","caption":"Nicolas SCHIAVON"},"description":"Nicolas Schiavon est tomb\u00e9 tout petit dans la marmite automobile. Ayant eu un garage de marque automobile, mandataire automobile de la premi\u00e8re heure d\u00e8s 1999. Nicolas a cr\u00e9\u00e9 ces premiers sites de vente de voiture et blog automobile d\u00e8s 1994. Carideal est n\u00e9 le 15 d\u00e9cembre 2000 de la volont\u00e9 de vendre des voitures d'occasions en ligne puis des voitures neuves. Il a pu essayer beaucoup de voitures tr\u00e8s diff\u00e9rentes et ayant eu personnellement quelques belles autos, Subaru Impreza, Mitsubishi Lancer Evo 7, Porsche 911, Ferrari Testarrossa, Audi RS3, RS4 et j'en passe...","sameAs":["http:\/\/www.carideal.com","https:\/\/www.facebook.com\/nicolas.schiavon.39","https:\/\/www.instagram.com\/carideal1\/","https:\/\/www.linkedin.com\/in\/nschiavon\/","https:\/\/x.com\/caridealauto","https:\/\/www.youtube.com\/user\/caridealsas\/"],"url":"https:\/\/www.carideal.com\/blog\/author\/nschiavon\/"}]}},"uagb_featured_image_src":{"full":false,"thumbnail":false,"medium":false,"medium_large":false,"large":false,"1536x1536":false,"2048x2048":false,"wppr-widget":false},"uagb_author_info":{"display_name":"Nicolas SCHIAVON","author_link":"https:\/\/www.carideal.com\/blog\/author\/nschiavon\/"},"uagb_comment_info":0,"uagb_excerpt":"Nouvelle Fiat Panda 4x4 2013 La nouvelle Fiat Panda 4x4\u00a02013 est en vente depuis mi Octobre et propos\u00e9e avec un moteur essence de 85ch, et un moteur diesel de 75 ch. \u00e0 partir de 14000 \u20ac. La Fiat Panda 4x4 a toujours propos\u00e9 \u00e0 son catalogue une version 4x4. Cette troisi\u00e8me g\u00e9n\u00e9ration offre donc, elle\u2026","_links":{"self":[{"href":"https:\/\/www.carideal.com\/blog\/wp-json\/wp\/v2\/posts\/5036"}],"collection":[{"href":"https:\/\/www.carideal.com\/blog\/wp-json\/wp\/v2\/posts"}],"about":[{"href":"https:\/\/www.carideal.com\/blog\/wp-json\/wp\/v2\/types\/post"}],"author":[{"embeddable":true,"href":"https:\/\/www.carideal.com\/blog\/wp-json\/wp\/v2\/users\/3"}],"replies":[{"embeddable":true,"href":"https:\/\/www.carideal.com\/blog\/wp-json\/wp\/v2\/comments?post=5036"}],"version-history":[{"count":0,"href":"https:\/\/www.carideal.com\/blog\/wp-json\/wp\/v2\/posts\/5036\/revisions"}],"wp:attachment":[{"href":"https:\/\/www.carideal.com\/blog\/wp-json\/wp\/v2\/media?parent=5036"}],"wp:term":[{"taxonomy":"category","embeddable":true,"href":"https:\/\/www.carideal.com\/blog\/wp-json\/wp\/v2\/categories?post=5036"},{"taxonomy":"post_tag","embeddable":true,"href":"https:\/\/www.carideal.com\/blog\/wp-json\/wp\/v2\/tags?post=5036"}],"curies":[{"name":"wp","href":"https:\/\/api.w.org\/{rel}","templated":true}]}}