{"id":5035,"date":"2012-09-28T22:00:00","date_gmt":"2012-09-28T22:00:00","guid":{"rendered":"http:\/\/www.carideal.com\/blog\/2012\/09\/28\/volvo-xc-40\/"},"modified":"2017-05-14T15:59:12","modified_gmt":"2017-05-14T13:59:12","slug":"volvo-xc-40","status":"publish","type":"post","link":"https:\/\/www.carideal.com\/blog\/2012\/09\/28\/volvo-xc-40\/","title":{"rendered":"Volvo XC 40 pour prendre des parts du march\u00e9 SUV"},"content":{"rendered":"<h1>Le Volvo XC 40 change de recette<\/h1>\n<p>Le Volvo XC 60\u00a0(4.63m) conna\u00eet une belle r\u00e9ussite dans son segment, et c'est un pari gagn\u00e9 pour Volvo, qui d\u00e9cline logiquement la proposition parmi les formats plus compacts (aux alentours de 4.4 m) et y esp\u00e8re le m\u00eame l'exploit avec le Volvo XC 40. Par son volume de coffre plus g\u00e9n\u00e9reux que celui du V40, le XC 40 fait un appelle du pied aux possesseurs de l'ancien V50. Pourtant le XC40 n'est pas tout \u00e0 fait un break Volvo et ne dispose pas d'une transmission int\u00e9grale, la plate-forme technique \u00e9tant h\u00e9rit\u00e9e de la <a href=\"http:\/\/www.carideal.com\/blog\/marque-de-voiture-actualites-essais\/ford\/\">Ford<\/a> Focus II et n'a pas \u00e9t\u00e9 con\u00e7ue pour. M\u00e9rite-t-il alors l'appellation XC ?<\/p>\n<p>Volvo V40 bas\u00e9 XC40 crossover est pr\u00e9vu pour prendre la <a href=\"http:\/\/www.carideal.com\/blog\/marque-de-voiture-actualites-essais\/bmw\/\">BMW<\/a> X1 quand il arrive au d\u00e9but de l'ann\u00e9e prochaine<\/p>\n<p>Volvo pr\u00e9pare un crossover pour contrer la concurrence du BMW X1 bas\u00e9 sur le nouveau V40, et cette premi\u00e8re prouve qu'il est sur la bonne voie pour d\u00e9buter au Salon de l'automobile de Paris ce mois de\u00a0septembre.<\/p>\n<p>Le nouveau mod\u00e8le devrait \u00eatre appel\u00e9 le XC40 et les images r\u00e9v\u00e8lent qu'il obtient une garde au sol\u00a0sur\u00e9lev\u00e9e et une carrosserie \u00e9quip\u00e9e de protections pour rouler sur les chemins, avec des jupes\u00a0noire \u00e0 l'avant et \u00e0 l'arri\u00e8re, ainsi qu'un ensemble de jupes lat\u00e9rales en m\u00e9tal. Des feux de jour diagonaux \u00e0 LED ont \u00e9galement \u00e9t\u00e9 incorpor\u00e9s dans le pare-chocs avant.<\/p>\n<p>Avec les ajouts ext\u00e9rieurs robustes, le nouveau mod\u00e8le devrait obtenir des\u00a0capacit\u00e9s de frachissements suppl\u00e9mentaire hors route, fournie par la commande de traction \u00e9lectronique et un syst\u00e8me optionnel \u00e0 quatre roues motrices.<\/p>\n<p>Les moteurs seront emprunt\u00e9s \u00e0 la gamme V40, qui inclut les moteurs D3 2.0 litres 148\u00a0ch et les moteurs diesel D4 de 175\u00a0ch. Les moteurs 1.6 litres T3 de 148\u00a0ch\u00a0et le T4 de 178\u00a0ch sont \u00e9galement susceptibles d'\u00eatre propos\u00e9s.<\/p>\n<p>Le Volvo XC 40 sera mis en vente au d\u00e9but de 2013 et devrait co\u00fbter environ 30800 \u20ac.<\/p>\n","protected":false},"excerpt":{"rendered":"<p>Le Volvo XC 40 change de recette Le Volvo XC 60\u00a0(4.63m) conna\u00eet une belle r\u00e9ussite dans son segment, et c&rsquo;est un pari gagn\u00e9 pour Volvo, qui d\u00e9cline logiquement la proposition parmi les formats plus compacts (aux alentours de 4.4 m) et y esp\u00e8re le m\u00eame l&rsquo;exploit avec le Volvo XC 40. Par son volume de &#8230; <a title=\"Volvo XC 40 pour prendre des parts du march\u00e9 SUV\" class=\"read-more\" href=\"https:\/\/www.carideal.com\/blog\/2012\/09\/28\/volvo-xc-40\/\" aria-label=\"En savoir plus sur Volvo XC 40 pour prendre des parts du march\u00e9 SUV\">Lire plus<\/a><\/p>\n","protected":false},"author":3,"featured_media":16103,"comment_status":"open","ping_status":"open","sticky":false,"template":"","format":"standard","meta":{"_uag_custom_page_level_css":"","_themeisle_gutenberg_block_has_review":false,"footnotes":""},"categories":[2,21,5944,5984,10,6139,5972,5974],"tags":[],"class_list":["post-5035","post","type-post","status-publish","format-standard","has-post-thumbnail","hentry","category-4x4-suv","category-actualites-auto","category-constructeur","category-volvo","category-marche-automobile-voiture-neuve-occasion-4x4-suv","category-mondial-de-lautomobile","category-salons","category-type-de-vehicule"],"wppr_data":{"cwp_meta_box_check":"No"},"yoast_head":"<!-- This site is optimized with the Yoast SEO plugin v24.8.1 - https:\/\/yoast.com\/wordpress\/plugins\/seo\/ -->\n<title>Volvo XC 40 pour prendre des parts du march\u00e9 SUV - Blog auto Carid\u00e9al<\/title>\n<meta name=\"description\" content=\"Volvo veut d\u00e9cliner le Succ\u00e8s de sa s\u00e9rie XC avec le Volvo XC 40, mais ne propose celui-ci qu&#039;en deux roues motrices, et n&#039;est pas tout \u00e0 fait un break.\" \/>\n<meta name=\"robots\" content=\"index, follow, max-snippet:-1, max-image-preview:large, max-video-preview:-1\" \/>\n<link rel=\"canonical\" href=\"https:\/\/www.carideal.com\/blog\/2012\/09\/28\/volvo-xc-40\/\" \/>\n<meta property=\"og:locale\" content=\"fr_FR\" \/>\n<meta property=\"og:type\" content=\"article\" \/>\n<meta property=\"og:title\" content=\"Volvo XC 40 pour prendre des parts du march\u00e9 SUV - Blog auto Carid\u00e9al\" \/>\n<meta property=\"og:description\" content=\"Volvo veut d\u00e9cliner le Succ\u00e8s de sa s\u00e9rie XC avec le Volvo XC 40, mais ne propose celui-ci qu&#039;en deux roues motrices, et n&#039;est pas tout \u00e0 fait un break.\" \/>\n<meta property=\"og:url\" content=\"https:\/\/www.carideal.com\/blog\/2012\/09\/28\/volvo-xc-40\/\" \/>\n<meta property=\"og:site_name\" content=\"Blog auto Carid\u00e9al\" \/>\n<meta property=\"article:publisher\" content=\"https:\/\/www.facebook.com\/Carideal.mandataire.automobile\" \/>\n<meta property=\"article:author\" content=\"https:\/\/www.facebook.com\/nicolas.schiavon.39\" \/>\n<meta property=\"article:published_time\" content=\"2012-09-28T22:00:00+00:00\" \/>\n<meta property=\"article:modified_time\" content=\"2017-05-14T13:59:12+00:00\" \/>\n<meta property=\"og:image\" content=\"https:\/\/www.carideal.com\/blog\/wp-content\/uploads\/2012\/09\/volvo-xc40-1353594480.jpg\" \/>\n\t<meta property=\"og:image:width\" content=\"462\" \/>\n\t<meta property=\"og:image:height\" content=\"347\" \/>\n\t<meta property=\"og:image:type\" content=\"image\/jpeg\" \/>\n<meta name=\"author\" content=\"Nicolas SCHIAVON\" \/>\n<meta name=\"twitter:card\" content=\"summary_large_image\" \/>\n<meta name=\"twitter:creator\" content=\"@caridealauto\" \/>\n<meta name=\"twitter:site\" content=\"@caridealauto\" \/>\n<meta name=\"twitter:label1\" content=\"\u00c9crit par\" \/>\n\t<meta name=\"twitter:data1\" content=\"Nicolas SCHIAVON\" \/>\n\t<meta name=\"twitter:label2\" content=\"Dur\u00e9e de lecture estim\u00e9e\" \/>\n\t<meta name=\"twitter:data2\" content=\"2 minutes\" \/>\n<script type=\"application\/ld+json\" class=\"yoast-schema-graph\">{\"@context\":\"https:\/\/schema.org\",\"@graph\":[{\"@type\":\"Article\",\"@id\":\"https:\/\/www.carideal.com\/blog\/2012\/09\/28\/volvo-xc-40\/#article\",\"isPartOf\":{\"@id\":\"https:\/\/www.carideal.com\/blog\/2012\/09\/28\/volvo-xc-40\/\"},\"author\":{\"name\":\"Nicolas SCHIAVON\",\"@id\":\"https:\/\/www.carideal.com\/blog\/#\/schema\/person\/cd95dc7919660de90d31b366f85be1ec\"},\"headline\":\"Volvo XC 40 pour prendre des parts du march\u00e9 SUV\",\"datePublished\":\"2012-09-28T22:00:00+00:00\",\"dateModified\":\"2017-05-14T13:59:12+00:00\",\"mainEntityOfPage\":{\"@id\":\"https:\/\/www.carideal.com\/blog\/2012\/09\/28\/volvo-xc-40\/\"},\"wordCount\":354,\"commentCount\":0,\"publisher\":{\"@id\":\"https:\/\/www.carideal.com\/blog\/#organization\"},\"image\":{\"@id\":\"https:\/\/www.carideal.com\/blog\/2012\/09\/28\/volvo-xc-40\/#primaryimage\"},\"thumbnailUrl\":\"https:\/\/www.carideal.com\/blog\/wp-content\/uploads\/2012\/09\/volvo-xc40-1353594480.jpg\",\"articleSection\":[\"4X4 Actualit\u00e9\",\"Actualit\u00e9 automobile\",\"Actualit\u00e9 Constructeur automobile\",\"Actualit\u00e9 Volvo\",\"March\u00e9 automobile\",\"Mondial de l'automobile\",\"Salon automobile\",\"Type de v\u00e9hicule\"],\"inLanguage\":\"fr-FR\",\"potentialAction\":[{\"@type\":\"CommentAction\",\"name\":\"Comment\",\"target\":[\"https:\/\/www.carideal.com\/blog\/2012\/09\/28\/volvo-xc-40\/#respond\"]}]},{\"@type\":\"WebPage\",\"@id\":\"https:\/\/www.carideal.com\/blog\/2012\/09\/28\/volvo-xc-40\/\",\"url\":\"https:\/\/www.carideal.com\/blog\/2012\/09\/28\/volvo-xc-40\/\",\"name\":\"Volvo XC 40 pour prendre des parts du march\u00e9 SUV - Blog auto Carid\u00e9al\",\"isPartOf\":{\"@id\":\"https:\/\/www.carideal.com\/blog\/#website\"},\"primaryImageOfPage\":{\"@id\":\"https:\/\/www.carideal.com\/blog\/2012\/09\/28\/volvo-xc-40\/#primaryimage\"},\"image\":{\"@id\":\"https:\/\/www.carideal.com\/blog\/2012\/09\/28\/volvo-xc-40\/#primaryimage\"},\"thumbnailUrl\":\"https:\/\/www.carideal.com\/blog\/wp-content\/uploads\/2012\/09\/volvo-xc40-1353594480.jpg\",\"datePublished\":\"2012-09-28T22:00:00+00:00\",\"dateModified\":\"2017-05-14T13:59:12+00:00\",\"description\":\"Volvo veut d\u00e9cliner le Succ\u00e8s de sa s\u00e9rie XC avec le Volvo XC 40, mais ne propose celui-ci qu'en deux roues motrices, et n'est pas tout \u00e0 fait un break.\",\"breadcrumb\":{\"@id\":\"https:\/\/www.carideal.com\/blog\/2012\/09\/28\/volvo-xc-40\/#breadcrumb\"},\"inLanguage\":\"fr-FR\",\"potentialAction\":[{\"@type\":\"ReadAction\",\"target\":[\"https:\/\/www.carideal.com\/blog\/2012\/09\/28\/volvo-xc-40\/\"]}]},{\"@type\":\"ImageObject\",\"inLanguage\":\"fr-FR\",\"@id\":\"https:\/\/www.carideal.com\/blog\/2012\/09\/28\/volvo-xc-40\/#primaryimage\",\"url\":\"https:\/\/www.carideal.com\/blog\/wp-content\/uploads\/2012\/09\/volvo-xc40-1353594480.jpg\",\"contentUrl\":\"https:\/\/www.carideal.com\/blog\/wp-content\/uploads\/2012\/09\/volvo-xc40-1353594480.jpg\",\"width\":\"462\",\"height\":\"347\",\"caption\":\"Volvo XC 40\"},{\"@type\":\"BreadcrumbList\",\"@id\":\"https:\/\/www.carideal.com\/blog\/2012\/09\/28\/volvo-xc-40\/#breadcrumb\",\"itemListElement\":[{\"@type\":\"ListItem\",\"position\":1,\"name\":\"Blog Carid\u00e9al\",\"item\":\"https:\/\/www.carideal.com\/blog\/\"},{\"@type\":\"ListItem\",\"position\":2,\"name\":\"Actualit\u00e9 constructeur automobile\",\"item\":\"https:\/\/www.carideal.com\/blog\/constructeur\/\"},{\"@type\":\"ListItem\",\"position\":3,\"name\":\"Actualit\u00e9 Volvo\",\"item\":\"https:\/\/www.carideal.com\/blog\/constructeur\/volvo\/\"},{\"@type\":\"ListItem\",\"position\":4,\"name\":\"Volvo XC 40 pour prendre des parts du march\u00e9 SUV\"}]},{\"@type\":\"WebSite\",\"@id\":\"https:\/\/www.carideal.com\/blog\/#website\",\"url\":\"https:\/\/www.carideal.com\/blog\/\",\"name\":\"Blog auto Carid\u00e9al\",\"description\":\"Actualit\u00e9 auto par des passionn\u00e9s\",\"publisher\":{\"@id\":\"https:\/\/www.carideal.com\/blog\/#organization\"},\"potentialAction\":[{\"@type\":\"SearchAction\",\"target\":{\"@type\":\"EntryPoint\",\"urlTemplate\":\"https:\/\/www.carideal.com\/blog\/?s={search_term_string}\"},\"query-input\":{\"@type\":\"PropertyValueSpecification\",\"valueRequired\":true,\"valueName\":\"search_term_string\"}}],\"inLanguage\":\"fr-FR\"},{\"@type\":\"Organization\",\"@id\":\"https:\/\/www.carideal.com\/blog\/#organization\",\"name\":\"Carideal\",\"url\":\"https:\/\/www.carideal.com\/blog\/\",\"logo\":{\"@type\":\"ImageObject\",\"inLanguage\":\"fr-FR\",\"@id\":\"https:\/\/www.carideal.com\/blog\/#\/schema\/logo\/image\/\",\"url\":\"http:\/\/www.carideal.com\/blog\/wp-content\/uploads\/2016\/03\/logo-carideal-mandataire-automobile.png\",\"contentUrl\":\"http:\/\/www.carideal.com\/blog\/wp-content\/uploads\/2016\/03\/logo-carideal-mandataire-automobile.png\",\"width\":300,\"height\":300,\"caption\":\"Carideal\"},\"image\":{\"@id\":\"https:\/\/www.carideal.com\/blog\/#\/schema\/logo\/image\/\"},\"sameAs\":[\"https:\/\/www.facebook.com\/Carideal.mandataire.automobile\",\"https:\/\/x.com\/caridealauto\",\"https:\/\/www.instagram.com\/carideal1\/\",\"https:\/\/www.linkedin.com\/company\/carideal.com\",\"https:\/\/fr.pinterest.com\/schiavonsas\/\",\"https:\/\/www.youtube.com\/user\/caridealsas\"]},{\"@type\":\"Person\",\"@id\":\"https:\/\/www.carideal.com\/blog\/#\/schema\/person\/cd95dc7919660de90d31b366f85be1ec\",\"name\":\"Nicolas SCHIAVON\",\"image\":{\"@type\":\"ImageObject\",\"inLanguage\":\"fr-FR\",\"@id\":\"https:\/\/www.carideal.com\/blog\/#\/schema\/person\/image\/\",\"url\":\"https:\/\/secure.gravatar.com\/avatar\/c17e55009e671d92cc7f5dc837dc418a?s=96&r=g\",\"contentUrl\":\"https:\/\/secure.gravatar.com\/avatar\/c17e55009e671d92cc7f5dc837dc418a?s=96&r=g\",\"caption\":\"Nicolas SCHIAVON\"},\"description\":\"Nicolas Schiavon est tomb\u00e9 tout petit dans la marmite automobile. Ayant eu un garage de marque automobile, mandataire automobile de la premi\u00e8re heure d\u00e8s 1999. Nicolas a cr\u00e9\u00e9 ces premiers sites de vente de voiture et blog automobile d\u00e8s 1994. Carideal est n\u00e9 le 15 d\u00e9cembre 2000 de la volont\u00e9 de vendre des voitures d'occasions en ligne puis des voitures neuves. Il a pu essayer beaucoup de voitures tr\u00e8s diff\u00e9rentes et ayant eu personnellement quelques belles autos, Subaru Impreza, Mitsubishi Lancer Evo 7, Porsche 911, Ferrari Testarrossa, Audi RS3, RS4 et j'en passe...\",\"sameAs\":[\"http:\/\/www.carideal.com\",\"https:\/\/www.facebook.com\/nicolas.schiavon.39\",\"https:\/\/www.instagram.com\/carideal1\/\",\"https:\/\/www.linkedin.com\/in\/nschiavon\/\",\"https:\/\/x.com\/caridealauto\",\"https:\/\/www.youtube.com\/user\/caridealsas\/\"],\"url\":\"https:\/\/www.carideal.com\/blog\/author\/nschiavon\/\"}]}<\/script>\n<!-- \/ Yoast SEO plugin. -->","yoast_head_json":{"title":"Volvo XC 40 pour prendre des parts du march\u00e9 SUV - Blog auto Carid\u00e9al","description":"Volvo veut d\u00e9cliner le Succ\u00e8s de sa s\u00e9rie XC avec le Volvo XC 40, mais ne propose celui-ci qu'en deux roues motrices, et n'est pas tout \u00e0 fait un break.","robots":{"index":"index","follow":"follow","max-snippet":"max-snippet:-1","max-image-preview":"max-image-preview:large","max-video-preview":"max-video-preview:-1"},"canonical":"https:\/\/www.carideal.com\/blog\/2012\/09\/28\/volvo-xc-40\/","og_locale":"fr_FR","og_type":"article","og_title":"Volvo XC 40 pour prendre des parts du march\u00e9 SUV - Blog auto Carid\u00e9al","og_description":"Volvo veut d\u00e9cliner le Succ\u00e8s de sa s\u00e9rie XC avec le Volvo XC 40, mais ne propose celui-ci qu'en deux roues motrices, et n'est pas tout \u00e0 fait un break.","og_url":"https:\/\/www.carideal.com\/blog\/2012\/09\/28\/volvo-xc-40\/","og_site_name":"Blog auto Carid\u00e9al","article_publisher":"https:\/\/www.facebook.com\/Carideal.mandataire.automobile","article_author":"https:\/\/www.facebook.com\/nicolas.schiavon.39","article_published_time":"2012-09-28T22:00:00+00:00","article_modified_time":"2017-05-14T13:59:12+00:00","og_image":[{"width":462,"height":347,"url":"https:\/\/www.carideal.com\/blog\/wp-content\/uploads\/2012\/09\/volvo-xc40-1353594480.jpg","type":"image\/jpeg"}],"author":"Nicolas SCHIAVON","twitter_card":"summary_large_image","twitter_creator":"@caridealauto","twitter_site":"@caridealauto","twitter_misc":{"\u00c9crit par":"Nicolas SCHIAVON","Dur\u00e9e de lecture estim\u00e9e":"2 minutes"},"schema":{"@context":"https:\/\/schema.org","@graph":[{"@type":"Article","@id":"https:\/\/www.carideal.com\/blog\/2012\/09\/28\/volvo-xc-40\/#article","isPartOf":{"@id":"https:\/\/www.carideal.com\/blog\/2012\/09\/28\/volvo-xc-40\/"},"author":{"name":"Nicolas SCHIAVON","@id":"https:\/\/www.carideal.com\/blog\/#\/schema\/person\/cd95dc7919660de90d31b366f85be1ec"},"headline":"Volvo XC 40 pour prendre des parts du march\u00e9 SUV","datePublished":"2012-09-28T22:00:00+00:00","dateModified":"2017-05-14T13:59:12+00:00","mainEntityOfPage":{"@id":"https:\/\/www.carideal.com\/blog\/2012\/09\/28\/volvo-xc-40\/"},"wordCount":354,"commentCount":0,"publisher":{"@id":"https:\/\/www.carideal.com\/blog\/#organization"},"image":{"@id":"https:\/\/www.carideal.com\/blog\/2012\/09\/28\/volvo-xc-40\/#primaryimage"},"thumbnailUrl":"https:\/\/www.carideal.com\/blog\/wp-content\/uploads\/2012\/09\/volvo-xc40-1353594480.jpg","articleSection":["4X4 Actualit\u00e9","Actualit\u00e9 automobile","Actualit\u00e9 Constructeur automobile","Actualit\u00e9 Volvo","March\u00e9 automobile","Mondial de l'automobile","Salon automobile","Type de v\u00e9hicule"],"inLanguage":"fr-FR","potentialAction":[{"@type":"CommentAction","name":"Comment","target":["https:\/\/www.carideal.com\/blog\/2012\/09\/28\/volvo-xc-40\/#respond"]}]},{"@type":"WebPage","@id":"https:\/\/www.carideal.com\/blog\/2012\/09\/28\/volvo-xc-40\/","url":"https:\/\/www.carideal.com\/blog\/2012\/09\/28\/volvo-xc-40\/","name":"Volvo XC 40 pour prendre des parts du march\u00e9 SUV - Blog auto Carid\u00e9al","isPartOf":{"@id":"https:\/\/www.carideal.com\/blog\/#website"},"primaryImageOfPage":{"@id":"https:\/\/www.carideal.com\/blog\/2012\/09\/28\/volvo-xc-40\/#primaryimage"},"image":{"@id":"https:\/\/www.carideal.com\/blog\/2012\/09\/28\/volvo-xc-40\/#primaryimage"},"thumbnailUrl":"https:\/\/www.carideal.com\/blog\/wp-content\/uploads\/2012\/09\/volvo-xc40-1353594480.jpg","datePublished":"2012-09-28T22:00:00+00:00","dateModified":"2017-05-14T13:59:12+00:00","description":"Volvo veut d\u00e9cliner le Succ\u00e8s de sa s\u00e9rie XC avec le Volvo XC 40, mais ne propose celui-ci qu'en deux roues motrices, et n'est pas tout \u00e0 fait un break.","breadcrumb":{"@id":"https:\/\/www.carideal.com\/blog\/2012\/09\/28\/volvo-xc-40\/#breadcrumb"},"inLanguage":"fr-FR","potentialAction":[{"@type":"ReadAction","target":["https:\/\/www.carideal.com\/blog\/2012\/09\/28\/volvo-xc-40\/"]}]},{"@type":"ImageObject","inLanguage":"fr-FR","@id":"https:\/\/www.carideal.com\/blog\/2012\/09\/28\/volvo-xc-40\/#primaryimage","url":"https:\/\/www.carideal.com\/blog\/wp-content\/uploads\/2012\/09\/volvo-xc40-1353594480.jpg","contentUrl":"https:\/\/www.carideal.com\/blog\/wp-content\/uploads\/2012\/09\/volvo-xc40-1353594480.jpg","width":"462","height":"347","caption":"Volvo XC 40"},{"@type":"BreadcrumbList","@id":"https:\/\/www.carideal.com\/blog\/2012\/09\/28\/volvo-xc-40\/#breadcrumb","itemListElement":[{"@type":"ListItem","position":1,"name":"Blog Carid\u00e9al","item":"https:\/\/www.carideal.com\/blog\/"},{"@type":"ListItem","position":2,"name":"Actualit\u00e9 constructeur automobile","item":"https:\/\/www.carideal.com\/blog\/constructeur\/"},{"@type":"ListItem","position":3,"name":"Actualit\u00e9 Volvo","item":"https:\/\/www.carideal.com\/blog\/constructeur\/volvo\/"},{"@type":"ListItem","position":4,"name":"Volvo XC 40 pour prendre des parts du march\u00e9 SUV"}]},{"@type":"WebSite","@id":"https:\/\/www.carideal.com\/blog\/#website","url":"https:\/\/www.carideal.com\/blog\/","name":"Blog auto Carid\u00e9al","description":"Actualit\u00e9 auto par des passionn\u00e9s","publisher":{"@id":"https:\/\/www.carideal.com\/blog\/#organization"},"potentialAction":[{"@type":"SearchAction","target":{"@type":"EntryPoint","urlTemplate":"https:\/\/www.carideal.com\/blog\/?s={search_term_string}"},"query-input":{"@type":"PropertyValueSpecification","valueRequired":true,"valueName":"search_term_string"}}],"inLanguage":"fr-FR"},{"@type":"Organization","@id":"https:\/\/www.carideal.com\/blog\/#organization","name":"Carideal","url":"https:\/\/www.carideal.com\/blog\/","logo":{"@type":"ImageObject","inLanguage":"fr-FR","@id":"https:\/\/www.carideal.com\/blog\/#\/schema\/logo\/image\/","url":"http:\/\/www.carideal.com\/blog\/wp-content\/uploads\/2016\/03\/logo-carideal-mandataire-automobile.png","contentUrl":"http:\/\/www.carideal.com\/blog\/wp-content\/uploads\/2016\/03\/logo-carideal-mandataire-automobile.png","width":300,"height":300,"caption":"Carideal"},"image":{"@id":"https:\/\/www.carideal.com\/blog\/#\/schema\/logo\/image\/"},"sameAs":["https:\/\/www.facebook.com\/Carideal.mandataire.automobile","https:\/\/x.com\/caridealauto","https:\/\/www.instagram.com\/carideal1\/","https:\/\/www.linkedin.com\/company\/carideal.com","https:\/\/fr.pinterest.com\/schiavonsas\/","https:\/\/www.youtube.com\/user\/caridealsas"]},{"@type":"Person","@id":"https:\/\/www.carideal.com\/blog\/#\/schema\/person\/cd95dc7919660de90d31b366f85be1ec","name":"Nicolas SCHIAVON","image":{"@type":"ImageObject","inLanguage":"fr-FR","@id":"https:\/\/www.carideal.com\/blog\/#\/schema\/person\/image\/","url":"https:\/\/secure.gravatar.com\/avatar\/c17e55009e671d92cc7f5dc837dc418a?s=96&r=g","contentUrl":"https:\/\/secure.gravatar.com\/avatar\/c17e55009e671d92cc7f5dc837dc418a?s=96&r=g","caption":"Nicolas SCHIAVON"},"description":"Nicolas Schiavon est tomb\u00e9 tout petit dans la marmite automobile. Ayant eu un garage de marque automobile, mandataire automobile de la premi\u00e8re heure d\u00e8s 1999. Nicolas a cr\u00e9\u00e9 ces premiers sites de vente de voiture et blog automobile d\u00e8s 1994. Carideal est n\u00e9 le 15 d\u00e9cembre 2000 de la volont\u00e9 de vendre des voitures d'occasions en ligne puis des voitures neuves. Il a pu essayer beaucoup de voitures tr\u00e8s diff\u00e9rentes et ayant eu personnellement quelques belles autos, Subaru Impreza, Mitsubishi Lancer Evo 7, Porsche 911, Ferrari Testarrossa, Audi RS3, RS4 et j'en passe...","sameAs":["http:\/\/www.carideal.com","https:\/\/www.facebook.com\/nicolas.schiavon.39","https:\/\/www.instagram.com\/carideal1\/","https:\/\/www.linkedin.com\/in\/nschiavon\/","https:\/\/x.com\/caridealauto","https:\/\/www.youtube.com\/user\/caridealsas\/"],"url":"https:\/\/www.carideal.com\/blog\/author\/nschiavon\/"}]}},"uagb_featured_image_src":{"full":["https:\/\/www.carideal.com\/blog\/wp-content\/uploads\/2012\/09\/volvo-xc40-1353594480.jpg",462,347,false],"thumbnail":["https:\/\/www.carideal.com\/blog\/wp-content\/uploads\/2012\/09\/volvo-xc40-1353594480-150x150.jpg",150,150,true],"medium":["https:\/\/www.carideal.com\/blog\/wp-content\/uploads\/2012\/09\/volvo-xc40-1353594480-300x225.jpg",300,225,true],"medium_large":["https:\/\/www.carideal.com\/blog\/wp-content\/uploads\/2012\/09\/volvo-xc40-1353594480.jpg",462,347,false],"large":["https:\/\/www.carideal.com\/blog\/wp-content\/uploads\/2012\/09\/volvo-xc40-1353594480.jpg",462,347,false],"1536x1536":["https:\/\/www.carideal.com\/blog\/wp-content\/uploads\/2012\/09\/volvo-xc40-1353594480.jpg",462,347,false],"2048x2048":["https:\/\/www.carideal.com\/blog\/wp-content\/uploads\/2012\/09\/volvo-xc40-1353594480.jpg",462,347,false],"wppr-widget":["https:\/\/www.carideal.com\/blog\/wp-content\/uploads\/2012\/09\/volvo-xc40-1353594480.jpg",50,38,false]},"uagb_author_info":{"display_name":"Nicolas SCHIAVON","author_link":"https:\/\/www.carideal.com\/blog\/author\/nschiavon\/"},"uagb_comment_info":0,"uagb_excerpt":"Le Volvo XC 40 change de recette Le Volvo XC 60\u00a0(4.63m) conna\u00eet une belle r\u00e9ussite dans son segment, et c'est un pari gagn\u00e9 pour Volvo, qui d\u00e9cline logiquement la proposition parmi les formats plus compacts (aux alentours de 4.4 m) et y esp\u00e8re le m\u00eame l'exploit avec le Volvo XC 40. Par son volume de\u2026","_links":{"self":[{"href":"https:\/\/www.carideal.com\/blog\/wp-json\/wp\/v2\/posts\/5035"}],"collection":[{"href":"https:\/\/www.carideal.com\/blog\/wp-json\/wp\/v2\/posts"}],"about":[{"href":"https:\/\/www.carideal.com\/blog\/wp-json\/wp\/v2\/types\/post"}],"author":[{"embeddable":true,"href":"https:\/\/www.carideal.com\/blog\/wp-json\/wp\/v2\/users\/3"}],"replies":[{"embeddable":true,"href":"https:\/\/www.carideal.com\/blog\/wp-json\/wp\/v2\/comments?post=5035"}],"version-history":[{"count":0,"href":"https:\/\/www.carideal.com\/blog\/wp-json\/wp\/v2\/posts\/5035\/revisions"}],"wp:featuredmedia":[{"embeddable":true,"href":"https:\/\/www.carideal.com\/blog\/wp-json\/wp\/v2\/media\/16103"}],"wp:attachment":[{"href":"https:\/\/www.carideal.com\/blog\/wp-json\/wp\/v2\/media?parent=5035"}],"wp:term":[{"taxonomy":"category","embeddable":true,"href":"https:\/\/www.carideal.com\/blog\/wp-json\/wp\/v2\/categories?post=5035"},{"taxonomy":"post_tag","embeddable":true,"href":"https:\/\/www.carideal.com\/blog\/wp-json\/wp\/v2\/tags?post=5035"}],"curies":[{"name":"wp","href":"https:\/\/api.w.org\/{rel}","templated":true}]}}