{"id":502,"date":"2012-01-12T12:19:00","date_gmt":"2012-01-12T12:19:00","guid":{"rendered":"http:\/\/carideal.com\/blog\/?p=502"},"modified":"2012-01-12T12:19:00","modified_gmt":"2012-01-12T12:19:00","slug":"boite-de-vitesse-bmp-chez-psa","status":"publish","type":"post","link":"https:\/\/www.carideal.com\/blog\/2012\/01\/12\/boite-de-vitesse-bmp-chez-psa\/","title":{"rendered":"Boite de vitesse BMP chez PSA"},"content":{"rendered":"<p><img decoding=\"async\" src=\"\/blog\/public\/.boite-vitesse-bmp-double-embrayage-carideal-mandataire-auto_m.jpg\" alt=\"boite-vitesse-bmp-double-embrayage-carideal-mandataire-auto.jpg\" title=\"boite-vitesse-bmp-double-embrayage-carideal-mandataire-auto.jpg, janv. 2012\" \/><\/p>\n<blockquote>\n<p>La boite de vitesse \u00e0 double embrayage est bien pr\u00e9vu...<\/p>\n<\/blockquote>\n<p>Pour le moment PSA <a href=\"\/blog\/index.php?tag\/Peugeot\">Peugeot<\/a> <a href=\"\/blog\/index.php?tag\/Citroen\">Citroen<\/a> ne d\u00e9mord pas de sa Boite de vitesse BMP, bien que son agr\u00e9ment de conduite ne soit pas \u00e0 la hauteur des boites allemande \u00e0 double embrayage. Il faut dire que PSA a pris du retard sur les autres constructeurs. Il semblerait qu'il aurait du y avoir un accord de fourniture avec un fabricant ...mais rien ..sauf la boite <a href=\"\/blog\/index.php?tag\/DCS\">DCS<\/a> ( Dual clutch syst\u00e8me) sur les Citroen <a href=\"\/blog\/index.php?tag\/C-Crosser\">C-Crosser<\/a> et le Peugeot <a href=\"\/blog\/index.php?tag\/4007\">4007<\/a>.<br \/>\nCette DCS est Fabriqu\u00e9 par <a href=\"\/blog\/index.php?tag\/Getrag\">Getrag<\/a> et c'est la m\u00eame que la Powershift de chez Ford , Mps6 chez Dodge et SST chez Mitsubishi . Cette boite n'a rien \u00e0 voir avec le groupe VW. La DSG est construite par <a href=\"\/blog\/index.php?tag\/Borgwarner\">Borgwarner<\/a>.<br \/>\nPA serait en train de travailler d'arrache pied pour mettre au point la sienne pour 2014. PSA serait aussi en train de travailler sur la rempla\u00e7ante de la BMP, une boite robotis\u00e9e \u00e0 5 vitesses appel\u00e9e MAP+ pour remplacer la sensodrive et la 2-Tronic.<\/p>\n<p>\/ <a href=\"\/blog\/index.php?post\/2011\/07\/26\/Nouvelle-Boite-Auto-7G-Tronic-sur-la-Mercedes-C220-CDI-BVA\">Boite de vitesse 7G Tronic sur Mercedes<\/a><\/p>\n","protected":false},"excerpt":{"rendered":"<p>La boite de vitesse \u00e0 double embrayage est bien pr\u00e9vu&#8230; Pour le moment PSA Peugeot Citroen ne d\u00e9mord pas de sa Boite de vitesse BMP, bien que son agr\u00e9ment de conduite ne soit pas \u00e0 la hauteur des boites allemande \u00e0 double embrayage. Il faut dire que PSA a pris du retard sur les autres &#8230; <a title=\"Boite de vitesse BMP chez PSA\" class=\"read-more\" href=\"https:\/\/www.carideal.com\/blog\/2012\/01\/12\/boite-de-vitesse-bmp-chez-psa\/\" aria-label=\"En savoir plus sur Boite de vitesse BMP chez PSA\">Lire plus<\/a><\/p>\n","protected":false},"author":1,"featured_media":0,"comment_status":"open","ping_status":"open","sticky":false,"template":"","format":"standard","meta":{"_uag_custom_page_level_css":"","_themeisle_gutenberg_block_has_review":false,"footnotes":""},"categories":[9],"tags":[35],"class_list":["post-502","post","type-post","status-publish","format-standard","hentry","category-divers","tag-psa"],"wppr_data":[],"yoast_head":"<!-- This site is optimized with the Yoast SEO plugin v24.8.1 - https:\/\/yoast.com\/wordpress\/plugins\/seo\/ -->\n<title>Boite de vitesse BMP chez PSA - Blog auto Carid\u00e9al<\/title>\n<meta name=\"robots\" content=\"index, follow, max-snippet:-1, max-image-preview:large, max-video-preview:-1\" \/>\n<link rel=\"canonical\" href=\"https:\/\/www.carideal.com\/blog\/2012\/01\/12\/boite-de-vitesse-bmp-chez-psa\/\" \/>\n<meta property=\"og:locale\" content=\"fr_FR\" \/>\n<meta property=\"og:type\" content=\"article\" \/>\n<meta property=\"og:title\" content=\"Boite de vitesse BMP chez PSA - Blog auto Carid\u00e9al\" \/>\n<meta property=\"og:description\" content=\"La boite de vitesse \u00e0 double embrayage est bien pr\u00e9vu... Pour le moment PSA Peugeot Citroen ne d\u00e9mord pas de sa Boite de vitesse BMP, bien que son agr\u00e9ment de conduite ne soit pas \u00e0 la hauteur des boites allemande \u00e0 double embrayage. Il faut dire que PSA a pris du retard sur les autres ... Lire plus\" \/>\n<meta property=\"og:url\" content=\"https:\/\/www.carideal.com\/blog\/2012\/01\/12\/boite-de-vitesse-bmp-chez-psa\/\" \/>\n<meta property=\"og:site_name\" content=\"Blog auto Carid\u00e9al\" \/>\n<meta property=\"article:publisher\" content=\"https:\/\/www.facebook.com\/Carideal.mandataire.automobile\" \/>\n<meta property=\"article:author\" content=\"https:\/\/www.facebook.com\/Carideal.mandataire.automobile\/\" \/>\n<meta property=\"article:published_time\" content=\"2012-01-12T12:19:00+00:00\" \/>\n<meta property=\"og:image\" content=\"https:\/\/www.carideal.com\/blog\/wp-content\/uploads\/2016\/03\/logo-carideal-mandataire-automobile.png\" \/>\n\t<meta property=\"og:image:width\" content=\"300\" \/>\n\t<meta property=\"og:image:height\" content=\"300\" \/>\n\t<meta property=\"og:image:type\" content=\"image\/png\" \/>\n<meta name=\"author\" content=\"N.S Carideal\" \/>\n<meta name=\"twitter:card\" content=\"summary_large_image\" \/>\n<meta name=\"twitter:creator\" content=\"@caridealauto\" \/>\n<meta name=\"twitter:site\" content=\"@caridealauto\" \/>\n<meta name=\"twitter:label1\" content=\"\u00c9crit par\" \/>\n\t<meta name=\"twitter:data1\" content=\"N.S Carideal\" \/>\n\t<meta name=\"twitter:label2\" content=\"Dur\u00e9e de lecture estim\u00e9e\" \/>\n\t<meta name=\"twitter:data2\" content=\"1 minute\" \/>\n<script type=\"application\/ld+json\" class=\"yoast-schema-graph\">{\"@context\":\"https:\/\/schema.org\",\"@graph\":[{\"@type\":\"Article\",\"@id\":\"https:\/\/www.carideal.com\/blog\/2012\/01\/12\/boite-de-vitesse-bmp-chez-psa\/#article\",\"isPartOf\":{\"@id\":\"https:\/\/www.carideal.com\/blog\/2012\/01\/12\/boite-de-vitesse-bmp-chez-psa\/\"},\"author\":{\"name\":\"N.S Carideal\",\"@id\":\"https:\/\/www.carideal.com\/blog\/#\/schema\/person\/985c7e757d1042d647f21bfaf8d41ebc\"},\"headline\":\"Boite de vitesse BMP chez PSA\",\"datePublished\":\"2012-01-12T12:19:00+00:00\",\"mainEntityOfPage\":{\"@id\":\"https:\/\/www.carideal.com\/blog\/2012\/01\/12\/boite-de-vitesse-bmp-chez-psa\/\"},\"wordCount\":183,\"commentCount\":1,\"publisher\":{\"@id\":\"https:\/\/www.carideal.com\/blog\/#organization\"},\"keywords\":[\"PSA\"],\"articleSection\":[\"Divers\"],\"inLanguage\":\"fr-FR\",\"potentialAction\":[{\"@type\":\"CommentAction\",\"name\":\"Comment\",\"target\":[\"https:\/\/www.carideal.com\/blog\/2012\/01\/12\/boite-de-vitesse-bmp-chez-psa\/#respond\"]}]},{\"@type\":\"WebPage\",\"@id\":\"https:\/\/www.carideal.com\/blog\/2012\/01\/12\/boite-de-vitesse-bmp-chez-psa\/\",\"url\":\"https:\/\/www.carideal.com\/blog\/2012\/01\/12\/boite-de-vitesse-bmp-chez-psa\/\",\"name\":\"Boite de vitesse BMP chez PSA - Blog auto Carid\u00e9al\",\"isPartOf\":{\"@id\":\"https:\/\/www.carideal.com\/blog\/#website\"},\"datePublished\":\"2012-01-12T12:19:00+00:00\",\"breadcrumb\":{\"@id\":\"https:\/\/www.carideal.com\/blog\/2012\/01\/12\/boite-de-vitesse-bmp-chez-psa\/#breadcrumb\"},\"inLanguage\":\"fr-FR\",\"potentialAction\":[{\"@type\":\"ReadAction\",\"target\":[\"https:\/\/www.carideal.com\/blog\/2012\/01\/12\/boite-de-vitesse-bmp-chez-psa\/\"]}]},{\"@type\":\"BreadcrumbList\",\"@id\":\"https:\/\/www.carideal.com\/blog\/2012\/01\/12\/boite-de-vitesse-bmp-chez-psa\/#breadcrumb\",\"itemListElement\":[{\"@type\":\"ListItem\",\"position\":1,\"name\":\"Blog Carid\u00e9al\",\"item\":\"https:\/\/www.carideal.com\/blog\/\"},{\"@type\":\"ListItem\",\"position\":2,\"name\":\"Divers\",\"item\":\"https:\/\/www.carideal.com\/blog\/divers\/\"},{\"@type\":\"ListItem\",\"position\":3,\"name\":\"Boite de vitesse BMP chez PSA\"}]},{\"@type\":\"WebSite\",\"@id\":\"https:\/\/www.carideal.com\/blog\/#website\",\"url\":\"https:\/\/www.carideal.com\/blog\/\",\"name\":\"Blog auto Carid\u00e9al\",\"description\":\"Actualit\u00e9 auto par des passionn\u00e9s\",\"publisher\":{\"@id\":\"https:\/\/www.carideal.com\/blog\/#organization\"},\"potentialAction\":[{\"@type\":\"SearchAction\",\"target\":{\"@type\":\"EntryPoint\",\"urlTemplate\":\"https:\/\/www.carideal.com\/blog\/?s={search_term_string}\"},\"query-input\":{\"@type\":\"PropertyValueSpecification\",\"valueRequired\":true,\"valueName\":\"search_term_string\"}}],\"inLanguage\":\"fr-FR\"},{\"@type\":\"Organization\",\"@id\":\"https:\/\/www.carideal.com\/blog\/#organization\",\"name\":\"Carideal\",\"url\":\"https:\/\/www.carideal.com\/blog\/\",\"logo\":{\"@type\":\"ImageObject\",\"inLanguage\":\"fr-FR\",\"@id\":\"https:\/\/www.carideal.com\/blog\/#\/schema\/logo\/image\/\",\"url\":\"http:\/\/www.carideal.com\/blog\/wp-content\/uploads\/2016\/03\/logo-carideal-mandataire-automobile.png\",\"contentUrl\":\"http:\/\/www.carideal.com\/blog\/wp-content\/uploads\/2016\/03\/logo-carideal-mandataire-automobile.png\",\"width\":300,\"height\":300,\"caption\":\"Carideal\"},\"image\":{\"@id\":\"https:\/\/www.carideal.com\/blog\/#\/schema\/logo\/image\/\"},\"sameAs\":[\"https:\/\/www.facebook.com\/Carideal.mandataire.automobile\",\"https:\/\/x.com\/caridealauto\",\"https:\/\/www.instagram.com\/carideal1\/\",\"https:\/\/www.linkedin.com\/company\/carideal.com\",\"https:\/\/fr.pinterest.com\/schiavonsas\/\",\"https:\/\/www.youtube.com\/user\/caridealsas\"]},{\"@type\":\"Person\",\"@id\":\"https:\/\/www.carideal.com\/blog\/#\/schema\/person\/985c7e757d1042d647f21bfaf8d41ebc\",\"name\":\"N.S Carideal\",\"image\":{\"@type\":\"ImageObject\",\"inLanguage\":\"fr-FR\",\"@id\":\"https:\/\/www.carideal.com\/blog\/#\/schema\/person\/image\/\",\"url\":\"https:\/\/secure.gravatar.com\/avatar\/edb7ccdf1a4e3d14aef967760d354d0e?s=96&r=g\",\"contentUrl\":\"https:\/\/secure.gravatar.com\/avatar\/edb7ccdf1a4e3d14aef967760d354d0e?s=96&r=g\",\"caption\":\"N.S Carideal\"},\"description\":\"Depuis tout petit fan d'automobile. Il est question d'essayer et de comparer toutes ces voitures qui nous ont fait r\u00e9ver, avant que celles-ci ne devient uniquement des voitures de collection.\",\"sameAs\":[\"http:\/\/www.carideal.com\/blog\",\"https:\/\/www.facebook.com\/Carideal.mandataire.automobile\/\",\"https:\/\/www.linkedin.com\/in\/nschiavon\/\",\"https:\/\/www.youtube.com\/user\/caridealsas\/\"],\"url\":\"https:\/\/www.carideal.com\/blog\/author\/admin_carideal\/\"}]}<\/script>\n<!-- \/ Yoast SEO plugin. -->","yoast_head_json":{"title":"Boite de vitesse BMP chez PSA - Blog auto Carid\u00e9al","robots":{"index":"index","follow":"follow","max-snippet":"max-snippet:-1","max-image-preview":"max-image-preview:large","max-video-preview":"max-video-preview:-1"},"canonical":"https:\/\/www.carideal.com\/blog\/2012\/01\/12\/boite-de-vitesse-bmp-chez-psa\/","og_locale":"fr_FR","og_type":"article","og_title":"Boite de vitesse BMP chez PSA - Blog auto Carid\u00e9al","og_description":"La boite de vitesse \u00e0 double embrayage est bien pr\u00e9vu... Pour le moment PSA Peugeot Citroen ne d\u00e9mord pas de sa Boite de vitesse BMP, bien que son agr\u00e9ment de conduite ne soit pas \u00e0 la hauteur des boites allemande \u00e0 double embrayage. Il faut dire que PSA a pris du retard sur les autres ... Lire plus","og_url":"https:\/\/www.carideal.com\/blog\/2012\/01\/12\/boite-de-vitesse-bmp-chez-psa\/","og_site_name":"Blog auto Carid\u00e9al","article_publisher":"https:\/\/www.facebook.com\/Carideal.mandataire.automobile","article_author":"https:\/\/www.facebook.com\/Carideal.mandataire.automobile\/","article_published_time":"2012-01-12T12:19:00+00:00","og_image":[{"width":300,"height":300,"url":"https:\/\/www.carideal.com\/blog\/wp-content\/uploads\/2016\/03\/logo-carideal-mandataire-automobile.png","type":"image\/png"}],"author":"N.S Carideal","twitter_card":"summary_large_image","twitter_creator":"@caridealauto","twitter_site":"@caridealauto","twitter_misc":{"\u00c9crit par":"N.S Carideal","Dur\u00e9e de lecture estim\u00e9e":"1 minute"},"schema":{"@context":"https:\/\/schema.org","@graph":[{"@type":"Article","@id":"https:\/\/www.carideal.com\/blog\/2012\/01\/12\/boite-de-vitesse-bmp-chez-psa\/#article","isPartOf":{"@id":"https:\/\/www.carideal.com\/blog\/2012\/01\/12\/boite-de-vitesse-bmp-chez-psa\/"},"author":{"name":"N.S Carideal","@id":"https:\/\/www.carideal.com\/blog\/#\/schema\/person\/985c7e757d1042d647f21bfaf8d41ebc"},"headline":"Boite de vitesse BMP chez PSA","datePublished":"2012-01-12T12:19:00+00:00","mainEntityOfPage":{"@id":"https:\/\/www.carideal.com\/blog\/2012\/01\/12\/boite-de-vitesse-bmp-chez-psa\/"},"wordCount":183,"commentCount":1,"publisher":{"@id":"https:\/\/www.carideal.com\/blog\/#organization"},"keywords":["PSA"],"articleSection":["Divers"],"inLanguage":"fr-FR","potentialAction":[{"@type":"CommentAction","name":"Comment","target":["https:\/\/www.carideal.com\/blog\/2012\/01\/12\/boite-de-vitesse-bmp-chez-psa\/#respond"]}]},{"@type":"WebPage","@id":"https:\/\/www.carideal.com\/blog\/2012\/01\/12\/boite-de-vitesse-bmp-chez-psa\/","url":"https:\/\/www.carideal.com\/blog\/2012\/01\/12\/boite-de-vitesse-bmp-chez-psa\/","name":"Boite de vitesse BMP chez PSA - Blog auto Carid\u00e9al","isPartOf":{"@id":"https:\/\/www.carideal.com\/blog\/#website"},"datePublished":"2012-01-12T12:19:00+00:00","breadcrumb":{"@id":"https:\/\/www.carideal.com\/blog\/2012\/01\/12\/boite-de-vitesse-bmp-chez-psa\/#breadcrumb"},"inLanguage":"fr-FR","potentialAction":[{"@type":"ReadAction","target":["https:\/\/www.carideal.com\/blog\/2012\/01\/12\/boite-de-vitesse-bmp-chez-psa\/"]}]},{"@type":"BreadcrumbList","@id":"https:\/\/www.carideal.com\/blog\/2012\/01\/12\/boite-de-vitesse-bmp-chez-psa\/#breadcrumb","itemListElement":[{"@type":"ListItem","position":1,"name":"Blog Carid\u00e9al","item":"https:\/\/www.carideal.com\/blog\/"},{"@type":"ListItem","position":2,"name":"Divers","item":"https:\/\/www.carideal.com\/blog\/divers\/"},{"@type":"ListItem","position":3,"name":"Boite de vitesse BMP chez PSA"}]},{"@type":"WebSite","@id":"https:\/\/www.carideal.com\/blog\/#website","url":"https:\/\/www.carideal.com\/blog\/","name":"Blog auto Carid\u00e9al","description":"Actualit\u00e9 auto par des passionn\u00e9s","publisher":{"@id":"https:\/\/www.carideal.com\/blog\/#organization"},"potentialAction":[{"@type":"SearchAction","target":{"@type":"EntryPoint","urlTemplate":"https:\/\/www.carideal.com\/blog\/?s={search_term_string}"},"query-input":{"@type":"PropertyValueSpecification","valueRequired":true,"valueName":"search_term_string"}}],"inLanguage":"fr-FR"},{"@type":"Organization","@id":"https:\/\/www.carideal.com\/blog\/#organization","name":"Carideal","url":"https:\/\/www.carideal.com\/blog\/","logo":{"@type":"ImageObject","inLanguage":"fr-FR","@id":"https:\/\/www.carideal.com\/blog\/#\/schema\/logo\/image\/","url":"http:\/\/www.carideal.com\/blog\/wp-content\/uploads\/2016\/03\/logo-carideal-mandataire-automobile.png","contentUrl":"http:\/\/www.carideal.com\/blog\/wp-content\/uploads\/2016\/03\/logo-carideal-mandataire-automobile.png","width":300,"height":300,"caption":"Carideal"},"image":{"@id":"https:\/\/www.carideal.com\/blog\/#\/schema\/logo\/image\/"},"sameAs":["https:\/\/www.facebook.com\/Carideal.mandataire.automobile","https:\/\/x.com\/caridealauto","https:\/\/www.instagram.com\/carideal1\/","https:\/\/www.linkedin.com\/company\/carideal.com","https:\/\/fr.pinterest.com\/schiavonsas\/","https:\/\/www.youtube.com\/user\/caridealsas"]},{"@type":"Person","@id":"https:\/\/www.carideal.com\/blog\/#\/schema\/person\/985c7e757d1042d647f21bfaf8d41ebc","name":"N.S Carideal","image":{"@type":"ImageObject","inLanguage":"fr-FR","@id":"https:\/\/www.carideal.com\/blog\/#\/schema\/person\/image\/","url":"https:\/\/secure.gravatar.com\/avatar\/edb7ccdf1a4e3d14aef967760d354d0e?s=96&r=g","contentUrl":"https:\/\/secure.gravatar.com\/avatar\/edb7ccdf1a4e3d14aef967760d354d0e?s=96&r=g","caption":"N.S Carideal"},"description":"Depuis tout petit fan d'automobile. Il est question d'essayer et de comparer toutes ces voitures qui nous ont fait r\u00e9ver, avant que celles-ci ne devient uniquement des voitures de collection.","sameAs":["http:\/\/www.carideal.com\/blog","https:\/\/www.facebook.com\/Carideal.mandataire.automobile\/","https:\/\/www.linkedin.com\/in\/nschiavon\/","https:\/\/www.youtube.com\/user\/caridealsas\/"],"url":"https:\/\/www.carideal.com\/blog\/author\/admin_carideal\/"}]}},"uagb_featured_image_src":{"full":false,"thumbnail":false,"medium":false,"medium_large":false,"large":false,"1536x1536":false,"2048x2048":false,"wppr-widget":false},"uagb_author_info":{"display_name":"N.S Carideal","author_link":"https:\/\/www.carideal.com\/blog\/author\/admin_carideal\/"},"uagb_comment_info":1,"uagb_excerpt":"La boite de vitesse \u00e0 double embrayage est bien pr\u00e9vu... Pour le moment PSA Peugeot Citroen ne d\u00e9mord pas de sa Boite de vitesse BMP, bien que son agr\u00e9ment de conduite ne soit pas \u00e0 la hauteur des boites allemande \u00e0 double embrayage. Il faut dire que PSA a pris du retard sur les autres\u2026","_links":{"self":[{"href":"https:\/\/www.carideal.com\/blog\/wp-json\/wp\/v2\/posts\/502"}],"collection":[{"href":"https:\/\/www.carideal.com\/blog\/wp-json\/wp\/v2\/posts"}],"about":[{"href":"https:\/\/www.carideal.com\/blog\/wp-json\/wp\/v2\/types\/post"}],"author":[{"embeddable":true,"href":"https:\/\/www.carideal.com\/blog\/wp-json\/wp\/v2\/users\/1"}],"replies":[{"embeddable":true,"href":"https:\/\/www.carideal.com\/blog\/wp-json\/wp\/v2\/comments?post=502"}],"version-history":[{"count":0,"href":"https:\/\/www.carideal.com\/blog\/wp-json\/wp\/v2\/posts\/502\/revisions"}],"wp:attachment":[{"href":"https:\/\/www.carideal.com\/blog\/wp-json\/wp\/v2\/media?parent=502"}],"wp:term":[{"taxonomy":"category","embeddable":true,"href":"https:\/\/www.carideal.com\/blog\/wp-json\/wp\/v2\/categories?post=502"},{"taxonomy":"post_tag","embeddable":true,"href":"https:\/\/www.carideal.com\/blog\/wp-json\/wp\/v2\/tags?post=502"}],"curies":[{"name":"wp","href":"https:\/\/api.w.org\/{rel}","templated":true}]}}