{"id":5018,"date":"2012-09-28T22:00:00","date_gmt":"2012-09-28T22:00:00","guid":{"rendered":"http:\/\/www.carideal.com\/blog\/2012\/09\/28\/ford-kuga-3\/"},"modified":"2019-10-04T15:43:00","modified_gmt":"2019-10-04T13:43:00","slug":"ford-kuga-3","status":"publish","type":"post","link":"https:\/\/www.carideal.com\/blog\/2012\/09\/28\/ford-kuga-3\/","title":{"rendered":"Ford Kuga 3 en 2013"},"content":{"rendered":"<div>\n<h2>Deux en un pour le Ford Kuga 2013<\/h2>\n<\/div>\n<p>Escape aux USA, <a href=\"http:\/\/www.carideal.com\/blog\/marque-de-voiture-actualites-essais\/ford\/kuga\/\">Kuga<\/a> en Europe\u00a0: m\u00eame combat\u202f! Un SUV Ford au lieu de deux, <a href=\"http:\/\/www.carideal.com\/blog\/marque-de-voiture-actualites-essais\/ford\/\">Ford<\/a> fait des \u00e9conomies. Le nouveau Kuga grandit\u00a0: 4.55 m au b\u00e9n\u00e9fice de l'habitabilit\u00e9, un point critiqu\u00e9 sur le mod\u00e8le actuel (4.44m, soit 11 cm de moins en longueur). Le style est agressif et les moteurs proposent de 150 \u00e0 240 ch essence et de 95 \u00e0 163 ch en diesel.<\/p>\n<figure id=\"attachment_20058\" aria-describedby=\"caption-attachment-20058\" style=\"width: 590px\" class=\"wp-caption alignnone\"><img loading=\"lazy\" decoding=\"async\" class=\"size-full wp-image-20058\" src=\"http:\/\/www.carideal.com\/blog\/wp-content\/uploads\/2012\/09\/fordkuga-1353507556-e1570195763923.jpg\" alt=\"Ford Kuga 3 en 2013\" width=\"600\" height=\"400\" \/><figcaption id=\"caption-attachment-20058\" class=\"wp-caption-text\">Ford Kuga 3 en 2013<\/figcaption><\/figure>\n<h3>Design<\/h3>\n<p>Le design du tout nouveau Ford Kuga a \u00e9t\u00e9 mise au point en tant que concept car Vertrek. Pas trop loin de ce concept, il a un style attrayant. \u00c0 l\u2019int\u00e9rieur, l\u2019accent est mis sur la qualit\u00e9 tactile avec un tableau de bord souple et des panneaux de porte sup\u00e9rieurs.<\/p>\n<p>Plus d'espace int\u00e9rieur, en particulier \u00e0 l'arri\u00e8re, est une caract\u00e9ristique par rapport au mod\u00e8le pr\u00e9c\u00e9dent. Les dossiers des si\u00e8ges arri\u00e8re sont \u00e9galement inclinables sur une plage de 10 degr\u00e9s, ce qui permet aux occupants de r\u00e9gler les dossiers pour un confort individuel. De plus, le nouveau Kuga offre 46 litres d\u2019espace de chargement suppl\u00e9mentaire, tandis que les si\u00e8ges arri\u00e8re se rabattent \u00e0 plat en un seul mouvement.<\/p>\n<ul>\n<li><a href=\"http:\/\/www.carideal.com\/blog\/2017\/05\/08\/guide-dachat-4x4-et-suv-les-meilleurs-en-2017\/\">Les meilleurs SUV<\/a><\/li>\n<\/ul>\n<h3>Moteur et transmission<\/h3>\n<p>Le nouveau Kuga fait appel \u00e0 l'un des deux moteurs pour alimenter la gamme\u00a0: un essence EcoBoost de 1,6 litre ou un turbo diesel Duratorq de 2,0 litres. Il existe soit une transmission manuelle \u00e0 six vitesses (traction avant \u00e0 essence Ambiente uniquement), soit une bo\u00eete automatique Ford PowerShift \u00e0 six vitesses.<\/p>\n<p>Nous avons pass\u00e9 une semaine avec une Kuga Trend \u00e0 transmission int\u00e9grale automatique. Les volets de calandre s'activent en fonction de la vitesse de la voiture pour am\u00e9liorer la circulation de l\u2019air et am\u00e9liorer l'a\u00e9rodynamique de la voiture, ce qui am\u00e9liore encore la consommation de carburant du Kuga. Le nouveau moteur essence EcoBoost de 1,6 litre de Ford est disponible dans deux puissances diff\u00e9rentes\u00a0: 150 ch \/ 240 Nm et 180 ch \/ 240 Nm - ce dernier alimentant notre v\u00e9hicule d\u2019essai.<\/p>\n<p>Ford affirme que la consommation de carburant a \u00e9t\u00e9 r\u00e9duite de 25% par rapport \u00e0 la pr\u00e9c\u00e9dente Kuga essence , avec 8,0 l \/ 100 km en cycle urbain \/ autoroute combin\u00e9e. En g\u00e9n\u00e9ral, nous avons consomm\u00e9 avec notre voiture d'essai essence, entre 7 et 12 litres sur l\u2019autoroute, mais elle a bondi \u00e0 12-13 l \/ 100 en circulation urbaine.<\/p>\n<ul>\n<li><a href=\"http:\/\/www.carideal.com\/blog\/2018\/01\/07\/10-meilleurs-suv-neige\/\">Les meilleurs SUV dans la neige<\/a><\/li>\n<\/ul>\n<h3>S\u00e9curit\u00e9<\/h3>\n<p>Une longue liste de fonctions de s\u00e9curit\u00e9 active et passive est disponible\u00a0: sept airbags, dont l\u2019airbag du genou du conducteur, le contr\u00f4le dynamique de la stabilit\u00e9 avec ABS, la fonction de stabilit\u00e9 de la remorque et l\u2019aide au d\u00e9marrage en c\u00f4te (boite manuelle uniquement), l\u2019assistance de freinage et les capteurs de stationnement arri\u00e8re.<\/p>\n<p>Le Ford Kuga est le premier v\u00e9hicule Ford \u00e0 proposer une assistance d'urgence (EA) sur toute la gamme. L\u2019int\u00e9ressant syst\u00e8me Sync de Ford fonctionne conjointement avec le t\u00e9l\u00e9phone intelligent coupl\u00e9 du conducteur. Lors de la d\u00e9tection du d\u00e9ploiement des sacs gonflables ou de l'activation de la coupure de carburant en cas d'urgence, Emergency Assist utilise le localisateur GPS int\u00e9gr\u00e9 et le p\u00e9riph\u00e9rique coupl\u00e9 Bluetooth pour \u00e9mettre un appel d'urgence, fournissant ainsi les coordonn\u00e9es GPS aux services d'urgence.<\/p>\n<p>Plus de 30% de la carrosserie compos\u00e9e d'aciers \u00e0 haute et tr\u00e8s haute r\u00e9sistance, la voiture a obtenu une note maximale de cinq \u00e9toiles lors des essais de collision par <a href=\"http:\/\/www.carideal.com\/blog\/2011\/02\/01\/euro-ncap-publie-sescrash-test-de-2010\/\">EuroNCAP<\/a>.<\/p>\n<h3>Conduite<\/h3>\n<p>La puissance dans notre examen Kuga a \u00e9t\u00e9 mis sur la route via un syst\u00e8me de traction int\u00e9grale qui \u00e9value automatiquement les conditions de la route 20 fois plus vite qu'il ne faut pour cligner des yeux, r\u00e9ajustant la r\u00e9partition de puissance avant-arri\u00e8re pour une maniabilit\u00e9 et une s\u00e9curit\u00e9 optimales.<\/p>\n<p>La dynamique et le contr\u00f4le des virages ont \u00e9t\u00e9 am\u00e9lior\u00e9s gr\u00e2ce \u00e0 l'introduction du syst\u00e8me am\u00e9lior\u00e9 de contr\u00f4le du vecteur de couple d\u00e9velopp\u00e9 pour la <a href=\"http:\/\/www.carideal.com\/blog\/2010\/05\/27\/la-ford-focus-rs-fait-un-carton\/\">Focus RS<\/a>. Cela applique un l\u00e9ger freinage aux roues int\u00e9rieures dans les virages si vous les attaquez trop fort et maintenez le v\u00e9hicule en ligne.<\/p>\n<p>Les bruits de la route et du vent ont \u00e9t\u00e9 r\u00e9duits de mani\u00e8re significative pour permettre la cr\u00e9ation de l'un des habitacles les plus silencieuses du segment. Des bras pleins de colis et ou d'enfants\u202f? Aucun probl\u00e8me, le hayon du Kuga Titanium peut \u00eatre ouvert les mains libres en effectuant un simple mouvement de frappe sous le pare-chocs arri\u00e8re. Recommencez l'action et il se refermez.<\/p>\n","protected":false},"excerpt":{"rendered":"<p>Deux en un pour le Ford Kuga 2013 Escape aux USA, Kuga en Europe\u00a0: m\u00eame combat\u202f! Un SUV Ford au lieu de deux, Ford fait des \u00e9conomies. Le nouveau Kuga grandit\u00a0: 4.55 m au b\u00e9n\u00e9fice de l&rsquo;habitabilit\u00e9, un point critiqu\u00e9 sur le mod\u00e8le actuel (4.44m, soit 11 cm de moins en longueur). Le style est &#8230; <a title=\"Ford Kuga 3 en 2013\" class=\"read-more\" href=\"https:\/\/www.carideal.com\/blog\/2012\/09\/28\/ford-kuga-3\/\" aria-label=\"En savoir plus sur Ford Kuga 3 en 2013\">Lire plus<\/a><\/p>\n","protected":false},"author":3,"featured_media":20058,"comment_status":"open","ping_status":"open","sticky":false,"template":"","format":"standard","meta":{"_uag_custom_page_level_css":"","_themeisle_gutenberg_block_has_review":false,"footnotes":""},"categories":[5968,6243],"tags":[],"class_list":["post-5018","post","type-post","status-publish","format-standard","has-post-thumbnail","hentry","category-ford","category-ford-kuga"],"wppr_data":{"cwp_meta_box_check":"No"},"yoast_head":"<!-- This site is optimized with the Yoast SEO plugin v24.8.1 - https:\/\/yoast.com\/wordpress\/plugins\/seo\/ -->\n<title>Ford Kuga 3 en 2013 - Blog auto Carid\u00e9al<\/title>\n<meta name=\"description\" content=\"Deux en un pour le Ford Kuga 2013Escape aux USA, Kuga en Europe\u00a0: m\u00eame combat\u202f! Un SUV Ford au lieu de deux, Ford fait des \u00e9conomies\" \/>\n<meta name=\"robots\" content=\"index, follow, max-snippet:-1, max-image-preview:large, max-video-preview:-1\" \/>\n<link rel=\"canonical\" href=\"https:\/\/www.carideal.com\/blog\/2012\/09\/28\/ford-kuga-3\/\" \/>\n<meta property=\"og:locale\" content=\"fr_FR\" \/>\n<meta property=\"og:type\" content=\"article\" \/>\n<meta property=\"og:title\" content=\"Ford Kuga 3 en 2013 - Blog auto Carid\u00e9al\" \/>\n<meta property=\"og:description\" content=\"Deux en un pour le Ford Kuga 2013Escape aux USA, Kuga en Europe\u00a0: m\u00eame combat\u202f! Un SUV Ford au lieu de deux, Ford fait des \u00e9conomies\" \/>\n<meta property=\"og:url\" content=\"https:\/\/www.carideal.com\/blog\/2012\/09\/28\/ford-kuga-3\/\" \/>\n<meta property=\"og:site_name\" content=\"Blog auto Carid\u00e9al\" \/>\n<meta property=\"article:publisher\" content=\"https:\/\/www.facebook.com\/Carideal.mandataire.automobile\" \/>\n<meta property=\"article:author\" content=\"https:\/\/www.facebook.com\/nicolas.schiavon.39\" \/>\n<meta property=\"article:published_time\" content=\"2012-09-28T22:00:00+00:00\" \/>\n<meta property=\"article:modified_time\" content=\"2019-10-04T13:43:00+00:00\" \/>\n<meta property=\"og:image\" content=\"https:\/\/www.carideal.com\/blog\/wp-content\/uploads\/2012\/09\/fordkuga-1353507556-e1570195763923.jpg\" \/>\n\t<meta property=\"og:image:width\" content=\"600\" \/>\n\t<meta property=\"og:image:height\" content=\"400\" \/>\n\t<meta property=\"og:image:type\" content=\"image\/jpeg\" \/>\n<meta name=\"author\" content=\"Nicolas SCHIAVON\" \/>\n<meta name=\"twitter:card\" content=\"summary_large_image\" \/>\n<meta name=\"twitter:creator\" content=\"@caridealauto\" \/>\n<meta name=\"twitter:site\" content=\"@caridealauto\" \/>\n<meta name=\"twitter:label1\" content=\"\u00c9crit par\" \/>\n\t<meta name=\"twitter:data1\" content=\"Nicolas SCHIAVON\" \/>\n\t<meta name=\"twitter:label2\" content=\"Dur\u00e9e de lecture estim\u00e9e\" \/>\n\t<meta name=\"twitter:data2\" content=\"4 minutes\" \/>\n<script type=\"application\/ld+json\" class=\"yoast-schema-graph\">{\"@context\":\"https:\/\/schema.org\",\"@graph\":[{\"@type\":\"Article\",\"@id\":\"https:\/\/www.carideal.com\/blog\/2012\/09\/28\/ford-kuga-3\/#article\",\"isPartOf\":{\"@id\":\"https:\/\/www.carideal.com\/blog\/2012\/09\/28\/ford-kuga-3\/\"},\"author\":{\"name\":\"Nicolas SCHIAVON\",\"@id\":\"https:\/\/www.carideal.com\/blog\/#\/schema\/person\/cd95dc7919660de90d31b366f85be1ec\"},\"headline\":\"Ford Kuga 3 en 2013\",\"datePublished\":\"2012-09-28T22:00:00+00:00\",\"dateModified\":\"2019-10-04T13:43:00+00:00\",\"mainEntityOfPage\":{\"@id\":\"https:\/\/www.carideal.com\/blog\/2012\/09\/28\/ford-kuga-3\/\"},\"wordCount\":780,\"commentCount\":0,\"publisher\":{\"@id\":\"https:\/\/www.carideal.com\/blog\/#organization\"},\"image\":{\"@id\":\"https:\/\/www.carideal.com\/blog\/2012\/09\/28\/ford-kuga-3\/#primaryimage\"},\"thumbnailUrl\":\"https:\/\/www.carideal.com\/blog\/wp-content\/uploads\/2012\/09\/fordkuga-1353507556-e1570195763923.jpg\",\"articleSection\":[\"Actualit\u00e9 Ford\",\"Actualit\u00e9 Ford Kuga\"],\"inLanguage\":\"fr-FR\",\"potentialAction\":[{\"@type\":\"CommentAction\",\"name\":\"Comment\",\"target\":[\"https:\/\/www.carideal.com\/blog\/2012\/09\/28\/ford-kuga-3\/#respond\"]}]},{\"@type\":\"WebPage\",\"@id\":\"https:\/\/www.carideal.com\/blog\/2012\/09\/28\/ford-kuga-3\/\",\"url\":\"https:\/\/www.carideal.com\/blog\/2012\/09\/28\/ford-kuga-3\/\",\"name\":\"Ford Kuga 3 en 2013 - Blog auto Carid\u00e9al\",\"isPartOf\":{\"@id\":\"https:\/\/www.carideal.com\/blog\/#website\"},\"primaryImageOfPage\":{\"@id\":\"https:\/\/www.carideal.com\/blog\/2012\/09\/28\/ford-kuga-3\/#primaryimage\"},\"image\":{\"@id\":\"https:\/\/www.carideal.com\/blog\/2012\/09\/28\/ford-kuga-3\/#primaryimage\"},\"thumbnailUrl\":\"https:\/\/www.carideal.com\/blog\/wp-content\/uploads\/2012\/09\/fordkuga-1353507556-e1570195763923.jpg\",\"datePublished\":\"2012-09-28T22:00:00+00:00\",\"dateModified\":\"2019-10-04T13:43:00+00:00\",\"description\":\"Deux en un pour le Ford Kuga 2013Escape aux USA, Kuga en Europe\u00a0: m\u00eame combat\u202f! Un SUV Ford au lieu de deux, Ford fait des \u00e9conomies\",\"breadcrumb\":{\"@id\":\"https:\/\/www.carideal.com\/blog\/2012\/09\/28\/ford-kuga-3\/#breadcrumb\"},\"inLanguage\":\"fr-FR\",\"potentialAction\":[{\"@type\":\"ReadAction\",\"target\":[\"https:\/\/www.carideal.com\/blog\/2012\/09\/28\/ford-kuga-3\/\"]}]},{\"@type\":\"ImageObject\",\"inLanguage\":\"fr-FR\",\"@id\":\"https:\/\/www.carideal.com\/blog\/2012\/09\/28\/ford-kuga-3\/#primaryimage\",\"url\":\"https:\/\/www.carideal.com\/blog\/wp-content\/uploads\/2012\/09\/fordkuga-1353507556-e1570195763923.jpg\",\"contentUrl\":\"https:\/\/www.carideal.com\/blog\/wp-content\/uploads\/2012\/09\/fordkuga-1353507556-e1570195763923.jpg\",\"width\":600,\"height\":400,\"caption\":\"Ford Kuga 3 en 2013\"},{\"@type\":\"BreadcrumbList\",\"@id\":\"https:\/\/www.carideal.com\/blog\/2012\/09\/28\/ford-kuga-3\/#breadcrumb\",\"itemListElement\":[{\"@type\":\"ListItem\",\"position\":1,\"name\":\"Blog Carid\u00e9al\",\"item\":\"https:\/\/www.carideal.com\/blog\/\"},{\"@type\":\"ListItem\",\"position\":2,\"name\":\"Actualit\u00e9 constructeur automobile\",\"item\":\"https:\/\/www.carideal.com\/blog\/constructeur\/\"},{\"@type\":\"ListItem\",\"position\":3,\"name\":\"Actualit\u00e9 Ford\",\"item\":\"https:\/\/www.carideal.com\/blog\/constructeur\/ford\/\"},{\"@type\":\"ListItem\",\"position\":4,\"name\":\"Kuga\",\"item\":\"https:\/\/www.carideal.com\/blog\/constructeur\/ford\/ford-kuga\/\"},{\"@type\":\"ListItem\",\"position\":5,\"name\":\"Ford Kuga 3 en 2013\"}]},{\"@type\":\"WebSite\",\"@id\":\"https:\/\/www.carideal.com\/blog\/#website\",\"url\":\"https:\/\/www.carideal.com\/blog\/\",\"name\":\"Blog auto Carid\u00e9al\",\"description\":\"Actualit\u00e9 auto par des passionn\u00e9s\",\"publisher\":{\"@id\":\"https:\/\/www.carideal.com\/blog\/#organization\"},\"potentialAction\":[{\"@type\":\"SearchAction\",\"target\":{\"@type\":\"EntryPoint\",\"urlTemplate\":\"https:\/\/www.carideal.com\/blog\/?s={search_term_string}\"},\"query-input\":{\"@type\":\"PropertyValueSpecification\",\"valueRequired\":true,\"valueName\":\"search_term_string\"}}],\"inLanguage\":\"fr-FR\"},{\"@type\":\"Organization\",\"@id\":\"https:\/\/www.carideal.com\/blog\/#organization\",\"name\":\"Carideal\",\"url\":\"https:\/\/www.carideal.com\/blog\/\",\"logo\":{\"@type\":\"ImageObject\",\"inLanguage\":\"fr-FR\",\"@id\":\"https:\/\/www.carideal.com\/blog\/#\/schema\/logo\/image\/\",\"url\":\"http:\/\/www.carideal.com\/blog\/wp-content\/uploads\/2016\/03\/logo-carideal-mandataire-automobile.png\",\"contentUrl\":\"http:\/\/www.carideal.com\/blog\/wp-content\/uploads\/2016\/03\/logo-carideal-mandataire-automobile.png\",\"width\":300,\"height\":300,\"caption\":\"Carideal\"},\"image\":{\"@id\":\"https:\/\/www.carideal.com\/blog\/#\/schema\/logo\/image\/\"},\"sameAs\":[\"https:\/\/www.facebook.com\/Carideal.mandataire.automobile\",\"https:\/\/x.com\/caridealauto\",\"https:\/\/www.instagram.com\/carideal1\/\",\"https:\/\/www.linkedin.com\/company\/carideal.com\",\"https:\/\/fr.pinterest.com\/schiavonsas\/\",\"https:\/\/www.youtube.com\/user\/caridealsas\"]},{\"@type\":\"Person\",\"@id\":\"https:\/\/www.carideal.com\/blog\/#\/schema\/person\/cd95dc7919660de90d31b366f85be1ec\",\"name\":\"Nicolas SCHIAVON\",\"image\":{\"@type\":\"ImageObject\",\"inLanguage\":\"fr-FR\",\"@id\":\"https:\/\/www.carideal.com\/blog\/#\/schema\/person\/image\/\",\"url\":\"https:\/\/secure.gravatar.com\/avatar\/c17e55009e671d92cc7f5dc837dc418a?s=96&r=g\",\"contentUrl\":\"https:\/\/secure.gravatar.com\/avatar\/c17e55009e671d92cc7f5dc837dc418a?s=96&r=g\",\"caption\":\"Nicolas SCHIAVON\"},\"description\":\"Nicolas Schiavon est tomb\u00e9 tout petit dans la marmite automobile. Ayant eu un garage de marque automobile, mandataire automobile de la premi\u00e8re heure d\u00e8s 1999. Nicolas a cr\u00e9\u00e9 ces premiers sites de vente de voiture et blog automobile d\u00e8s 1994. Carideal est n\u00e9 le 15 d\u00e9cembre 2000 de la volont\u00e9 de vendre des voitures d'occasions en ligne puis des voitures neuves. Il a pu essayer beaucoup de voitures tr\u00e8s diff\u00e9rentes et ayant eu personnellement quelques belles autos, Subaru Impreza, Mitsubishi Lancer Evo 7, Porsche 911, Ferrari Testarrossa, Audi RS3, RS4 et j'en passe...\",\"sameAs\":[\"http:\/\/www.carideal.com\",\"https:\/\/www.facebook.com\/nicolas.schiavon.39\",\"https:\/\/www.instagram.com\/carideal1\/\",\"https:\/\/www.linkedin.com\/in\/nschiavon\/\",\"https:\/\/x.com\/caridealauto\",\"https:\/\/www.youtube.com\/user\/caridealsas\/\"],\"url\":\"https:\/\/www.carideal.com\/blog\/author\/nschiavon\/\"}]}<\/script>\n<!-- \/ Yoast SEO plugin. -->","yoast_head_json":{"title":"Ford Kuga 3 en 2013 - Blog auto Carid\u00e9al","description":"Deux en un pour le Ford Kuga 2013Escape aux USA, Kuga en Europe\u00a0: m\u00eame combat\u202f! Un SUV Ford au lieu de deux, Ford fait des \u00e9conomies","robots":{"index":"index","follow":"follow","max-snippet":"max-snippet:-1","max-image-preview":"max-image-preview:large","max-video-preview":"max-video-preview:-1"},"canonical":"https:\/\/www.carideal.com\/blog\/2012\/09\/28\/ford-kuga-3\/","og_locale":"fr_FR","og_type":"article","og_title":"Ford Kuga 3 en 2013 - Blog auto Carid\u00e9al","og_description":"Deux en un pour le Ford Kuga 2013Escape aux USA, Kuga en Europe\u00a0: m\u00eame combat\u202f! Un SUV Ford au lieu de deux, Ford fait des \u00e9conomies","og_url":"https:\/\/www.carideal.com\/blog\/2012\/09\/28\/ford-kuga-3\/","og_site_name":"Blog auto Carid\u00e9al","article_publisher":"https:\/\/www.facebook.com\/Carideal.mandataire.automobile","article_author":"https:\/\/www.facebook.com\/nicolas.schiavon.39","article_published_time":"2012-09-28T22:00:00+00:00","article_modified_time":"2019-10-04T13:43:00+00:00","og_image":[{"width":600,"height":400,"url":"https:\/\/www.carideal.com\/blog\/wp-content\/uploads\/2012\/09\/fordkuga-1353507556-e1570195763923.jpg","type":"image\/jpeg"}],"author":"Nicolas SCHIAVON","twitter_card":"summary_large_image","twitter_creator":"@caridealauto","twitter_site":"@caridealauto","twitter_misc":{"\u00c9crit par":"Nicolas SCHIAVON","Dur\u00e9e de lecture estim\u00e9e":"4 minutes"},"schema":{"@context":"https:\/\/schema.org","@graph":[{"@type":"Article","@id":"https:\/\/www.carideal.com\/blog\/2012\/09\/28\/ford-kuga-3\/#article","isPartOf":{"@id":"https:\/\/www.carideal.com\/blog\/2012\/09\/28\/ford-kuga-3\/"},"author":{"name":"Nicolas SCHIAVON","@id":"https:\/\/www.carideal.com\/blog\/#\/schema\/person\/cd95dc7919660de90d31b366f85be1ec"},"headline":"Ford Kuga 3 en 2013","datePublished":"2012-09-28T22:00:00+00:00","dateModified":"2019-10-04T13:43:00+00:00","mainEntityOfPage":{"@id":"https:\/\/www.carideal.com\/blog\/2012\/09\/28\/ford-kuga-3\/"},"wordCount":780,"commentCount":0,"publisher":{"@id":"https:\/\/www.carideal.com\/blog\/#organization"},"image":{"@id":"https:\/\/www.carideal.com\/blog\/2012\/09\/28\/ford-kuga-3\/#primaryimage"},"thumbnailUrl":"https:\/\/www.carideal.com\/blog\/wp-content\/uploads\/2012\/09\/fordkuga-1353507556-e1570195763923.jpg","articleSection":["Actualit\u00e9 Ford","Actualit\u00e9 Ford Kuga"],"inLanguage":"fr-FR","potentialAction":[{"@type":"CommentAction","name":"Comment","target":["https:\/\/www.carideal.com\/blog\/2012\/09\/28\/ford-kuga-3\/#respond"]}]},{"@type":"WebPage","@id":"https:\/\/www.carideal.com\/blog\/2012\/09\/28\/ford-kuga-3\/","url":"https:\/\/www.carideal.com\/blog\/2012\/09\/28\/ford-kuga-3\/","name":"Ford Kuga 3 en 2013 - Blog auto Carid\u00e9al","isPartOf":{"@id":"https:\/\/www.carideal.com\/blog\/#website"},"primaryImageOfPage":{"@id":"https:\/\/www.carideal.com\/blog\/2012\/09\/28\/ford-kuga-3\/#primaryimage"},"image":{"@id":"https:\/\/www.carideal.com\/blog\/2012\/09\/28\/ford-kuga-3\/#primaryimage"},"thumbnailUrl":"https:\/\/www.carideal.com\/blog\/wp-content\/uploads\/2012\/09\/fordkuga-1353507556-e1570195763923.jpg","datePublished":"2012-09-28T22:00:00+00:00","dateModified":"2019-10-04T13:43:00+00:00","description":"Deux en un pour le Ford Kuga 2013Escape aux USA, Kuga en Europe\u00a0: m\u00eame combat\u202f! Un SUV Ford au lieu de deux, Ford fait des \u00e9conomies","breadcrumb":{"@id":"https:\/\/www.carideal.com\/blog\/2012\/09\/28\/ford-kuga-3\/#breadcrumb"},"inLanguage":"fr-FR","potentialAction":[{"@type":"ReadAction","target":["https:\/\/www.carideal.com\/blog\/2012\/09\/28\/ford-kuga-3\/"]}]},{"@type":"ImageObject","inLanguage":"fr-FR","@id":"https:\/\/www.carideal.com\/blog\/2012\/09\/28\/ford-kuga-3\/#primaryimage","url":"https:\/\/www.carideal.com\/blog\/wp-content\/uploads\/2012\/09\/fordkuga-1353507556-e1570195763923.jpg","contentUrl":"https:\/\/www.carideal.com\/blog\/wp-content\/uploads\/2012\/09\/fordkuga-1353507556-e1570195763923.jpg","width":600,"height":400,"caption":"Ford Kuga 3 en 2013"},{"@type":"BreadcrumbList","@id":"https:\/\/www.carideal.com\/blog\/2012\/09\/28\/ford-kuga-3\/#breadcrumb","itemListElement":[{"@type":"ListItem","position":1,"name":"Blog Carid\u00e9al","item":"https:\/\/www.carideal.com\/blog\/"},{"@type":"ListItem","position":2,"name":"Actualit\u00e9 constructeur automobile","item":"https:\/\/www.carideal.com\/blog\/constructeur\/"},{"@type":"ListItem","position":3,"name":"Actualit\u00e9 Ford","item":"https:\/\/www.carideal.com\/blog\/constructeur\/ford\/"},{"@type":"ListItem","position":4,"name":"Kuga","item":"https:\/\/www.carideal.com\/blog\/constructeur\/ford\/ford-kuga\/"},{"@type":"ListItem","position":5,"name":"Ford Kuga 3 en 2013"}]},{"@type":"WebSite","@id":"https:\/\/www.carideal.com\/blog\/#website","url":"https:\/\/www.carideal.com\/blog\/","name":"Blog auto Carid\u00e9al","description":"Actualit\u00e9 auto par des passionn\u00e9s","publisher":{"@id":"https:\/\/www.carideal.com\/blog\/#organization"},"potentialAction":[{"@type":"SearchAction","target":{"@type":"EntryPoint","urlTemplate":"https:\/\/www.carideal.com\/blog\/?s={search_term_string}"},"query-input":{"@type":"PropertyValueSpecification","valueRequired":true,"valueName":"search_term_string"}}],"inLanguage":"fr-FR"},{"@type":"Organization","@id":"https:\/\/www.carideal.com\/blog\/#organization","name":"Carideal","url":"https:\/\/www.carideal.com\/blog\/","logo":{"@type":"ImageObject","inLanguage":"fr-FR","@id":"https:\/\/www.carideal.com\/blog\/#\/schema\/logo\/image\/","url":"http:\/\/www.carideal.com\/blog\/wp-content\/uploads\/2016\/03\/logo-carideal-mandataire-automobile.png","contentUrl":"http:\/\/www.carideal.com\/blog\/wp-content\/uploads\/2016\/03\/logo-carideal-mandataire-automobile.png","width":300,"height":300,"caption":"Carideal"},"image":{"@id":"https:\/\/www.carideal.com\/blog\/#\/schema\/logo\/image\/"},"sameAs":["https:\/\/www.facebook.com\/Carideal.mandataire.automobile","https:\/\/x.com\/caridealauto","https:\/\/www.instagram.com\/carideal1\/","https:\/\/www.linkedin.com\/company\/carideal.com","https:\/\/fr.pinterest.com\/schiavonsas\/","https:\/\/www.youtube.com\/user\/caridealsas"]},{"@type":"Person","@id":"https:\/\/www.carideal.com\/blog\/#\/schema\/person\/cd95dc7919660de90d31b366f85be1ec","name":"Nicolas SCHIAVON","image":{"@type":"ImageObject","inLanguage":"fr-FR","@id":"https:\/\/www.carideal.com\/blog\/#\/schema\/person\/image\/","url":"https:\/\/secure.gravatar.com\/avatar\/c17e55009e671d92cc7f5dc837dc418a?s=96&r=g","contentUrl":"https:\/\/secure.gravatar.com\/avatar\/c17e55009e671d92cc7f5dc837dc418a?s=96&r=g","caption":"Nicolas SCHIAVON"},"description":"Nicolas Schiavon est tomb\u00e9 tout petit dans la marmite automobile. Ayant eu un garage de marque automobile, mandataire automobile de la premi\u00e8re heure d\u00e8s 1999. Nicolas a cr\u00e9\u00e9 ces premiers sites de vente de voiture et blog automobile d\u00e8s 1994. Carideal est n\u00e9 le 15 d\u00e9cembre 2000 de la volont\u00e9 de vendre des voitures d'occasions en ligne puis des voitures neuves. Il a pu essayer beaucoup de voitures tr\u00e8s diff\u00e9rentes et ayant eu personnellement quelques belles autos, Subaru Impreza, Mitsubishi Lancer Evo 7, Porsche 911, Ferrari Testarrossa, Audi RS3, RS4 et j'en passe...","sameAs":["http:\/\/www.carideal.com","https:\/\/www.facebook.com\/nicolas.schiavon.39","https:\/\/www.instagram.com\/carideal1\/","https:\/\/www.linkedin.com\/in\/nschiavon\/","https:\/\/x.com\/caridealauto","https:\/\/www.youtube.com\/user\/caridealsas\/"],"url":"https:\/\/www.carideal.com\/blog\/author\/nschiavon\/"}]}},"uagb_featured_image_src":{"full":["https:\/\/www.carideal.com\/blog\/wp-content\/uploads\/2012\/09\/fordkuga-1353507556-e1570195763923.jpg",600,400,false],"thumbnail":["https:\/\/www.carideal.com\/blog\/wp-content\/uploads\/2012\/09\/fordkuga-1353507556-150x150.jpg",150,150,true],"medium":["https:\/\/www.carideal.com\/blog\/wp-content\/uploads\/2012\/09\/fordkuga-1353507556-300x200.jpg",300,200,true],"medium_large":["https:\/\/www.carideal.com\/blog\/wp-content\/uploads\/2012\/09\/fordkuga-1353507556-768x512.jpg",768,512,true],"large":["https:\/\/www.carideal.com\/blog\/wp-content\/uploads\/2012\/09\/fordkuga-1353507556-1024x682.jpg",1024,682,true],"1536x1536":["https:\/\/www.carideal.com\/blog\/wp-content\/uploads\/2012\/09\/fordkuga-1353507556-e1570195763923.jpg",600,400,false],"2048x2048":["https:\/\/www.carideal.com\/blog\/wp-content\/uploads\/2012\/09\/fordkuga-1353507556-e1570195763923.jpg",600,400,false],"wppr-widget":["https:\/\/www.carideal.com\/blog\/wp-content\/uploads\/2012\/09\/fordkuga-1353507556-50x33.jpg",50,33,true]},"uagb_author_info":{"display_name":"Nicolas SCHIAVON","author_link":"https:\/\/www.carideal.com\/blog\/author\/nschiavon\/"},"uagb_comment_info":0,"uagb_excerpt":"Deux en un pour le Ford Kuga 2013 Escape aux USA, Kuga en Europe\u00a0: m\u00eame combat\u202f! Un SUV Ford au lieu de deux, Ford fait des \u00e9conomies. Le nouveau Kuga grandit\u00a0: 4.55 m au b\u00e9n\u00e9fice de l'habitabilit\u00e9, un point critiqu\u00e9 sur le mod\u00e8le actuel (4.44m, soit 11 cm de moins en longueur). Le style est\u2026","_links":{"self":[{"href":"https:\/\/www.carideal.com\/blog\/wp-json\/wp\/v2\/posts\/5018"}],"collection":[{"href":"https:\/\/www.carideal.com\/blog\/wp-json\/wp\/v2\/posts"}],"about":[{"href":"https:\/\/www.carideal.com\/blog\/wp-json\/wp\/v2\/types\/post"}],"author":[{"embeddable":true,"href":"https:\/\/www.carideal.com\/blog\/wp-json\/wp\/v2\/users\/3"}],"replies":[{"embeddable":true,"href":"https:\/\/www.carideal.com\/blog\/wp-json\/wp\/v2\/comments?post=5018"}],"version-history":[{"count":0,"href":"https:\/\/www.carideal.com\/blog\/wp-json\/wp\/v2\/posts\/5018\/revisions"}],"wp:featuredmedia":[{"embeddable":true,"href":"https:\/\/www.carideal.com\/blog\/wp-json\/wp\/v2\/media\/20058"}],"wp:attachment":[{"href":"https:\/\/www.carideal.com\/blog\/wp-json\/wp\/v2\/media?parent=5018"}],"wp:term":[{"taxonomy":"category","embeddable":true,"href":"https:\/\/www.carideal.com\/blog\/wp-json\/wp\/v2\/categories?post=5018"},{"taxonomy":"post_tag","embeddable":true,"href":"https:\/\/www.carideal.com\/blog\/wp-json\/wp\/v2\/tags?post=5018"}],"curies":[{"name":"wp","href":"https:\/\/api.w.org\/{rel}","templated":true}]}}