{"id":5013,"date":"2012-09-28T22:00:00","date_gmt":"2012-09-28T22:00:00","guid":{"rendered":"http:\/\/www.carideal.com\/blog\/2012\/09\/28\/dacia-dokker-2\/"},"modified":"2020-03-08T18:00:04","modified_gmt":"2020-03-08T17:00:04","slug":"dacia-dokker-2","status":"publish","type":"post","link":"https:\/\/www.carideal.com\/blog\/2012\/09\/28\/dacia-dokker-2\/","title":{"rendered":"Dacia Dokker : la d\u00e9clinaison ludospace"},"content":{"rendered":"<div>\n<h1><strong>Dacia Dokker<\/strong><\/h1>\n<\/div>\n<p><a href=\"http:\/\/www.carideal.com\/blog\/marque-de-voiture-actualites-essais\/dacia\/\">Dacia<\/a> continue avec une d\u00e9clinaison ludospace: le Dokker.<br \/>\nVisage inchang\u00e9, au bouclier pr\u00e8s, mais longueurs diff\u00e9rentes pour des usages compl\u00e9mentaires. Long (4.5m), le lodgy accueille sept passagers. Plus court (4m36), mais aussi plus haut (1m81), le dokker est taill\u00e9 pour le chargement. Sa capacit\u00e9 de 800 litres, en configuration \u00e0 cinq places est extensible \u00e0 3000 litres avec la banquette rabattue.<br \/>\nLa modularit\u00e9 est minimaliste: seuls les dossiers disposent d'une fonctionnalit\u00e9 2\/3-1\/3, l'assise restant monobloc. Le Dacia Dokker se distingue aussi par des portes lat\u00e9rales coulissantes. Et \u00e0 l'arri\u00e8re, par des portes battantes asym\u00e9triques reprise de la version utilitaires.Un\"antique\" moteur 1.6 \u00e0 essence de 85 ch sert l'entr\u00e9e de gamme.Il est compl\u00e9t\u00e9 par le nouveau moteur 1.2 TCe de 115 ch plus performant et surtout plus sobre. Les motorisations diesels reposent sur le 1.5 dCi de 75 et 90 ch.<\/p>\n<p>Le nom Dokker est un jeu sur les mots dock worker, et selon le fabricant, il exprime la haute capacit\u00e9 de charge du mod\u00e8le et son int\u00e9rieur modulaire et la robustesse.<\/p>\n<h2>Retrouvez l'\u00e9ssai du Dacia Dokker en vid\u00e9o<\/h2>\n<p><iframe loading=\"lazy\" src=\"https:\/\/www.youtube.com\/embed\/JkP82DK8UCA\" width=\"560\" height=\"315\" frameborder=\"0\" allowfullscreen=\"allowfullscreen\"><\/iframe><\/p>\n<h2>Retrouvez les offres de Dacia Dokker<\/h2>\n<ul>\n<li><strong>Achat Dacia Dokker avec Carideal mandataire auto<\/strong><\/li>\n<\/ul>\n<p>La version passager offre cinq places et une capacit\u00e9 de bagage de 800 litres, avec une longueur de chargement maximale de 1,16 m. Il dispose d'une porte lat\u00e9rale coulissante, et en option, il peut \u00eatre command\u00e9 avec des portes coulissantes des deux c\u00f4t\u00e9s. La banquette arri\u00e8re peut \u00eatre divis\u00e9e de mani\u00e8re asym\u00e9trique et peut \u00e9galement \u00eatre inclin\u00e9e vers l'avant contre les si\u00e8ges avant, ce qui cr\u00e9e une capacit\u00e9 de charge de 3 000 litres et une longueur de charge de 1,57 m.<\/p>\n<p>Il peut \u00eatre \u00e9quip\u00e9 du syst\u00e8me Media Nav, qui combine fonctions de navigation et d'avertisseur, avec connectivit\u00e9 mains libres Bluetooth et prises auxiliaires USB et jack. D'autres \u00e9quipements offerts en option sont le r\u00e9gulateur de vitesse et les capteurs de stationnement arri\u00e8re.\u00a0Il est \u00e9quip\u00e9 d'un ABS de s\u00e9rie\u00a0avec r\u00e9partiteur \u00e9lectronique de freinage (EBD) et, en option, il peut \u00eatre \u00e9quip\u00e9 d'un syst\u00e8me \u00e9lectronique de contr\u00f4le de stabilit\u00e9 (ESC). L'\u00e9quipement de s\u00e9rie\u00a0comprend \u00e9galement des airbags conducteur et passager avant, ainsi que des airbags lat\u00e9raux et thoraciques.<\/p>\n","protected":false},"excerpt":{"rendered":"<p>Dacia Dokker Dacia continue avec une d\u00e9clinaison ludospace: le Dokker. Visage inchang\u00e9, au bouclier pr\u00e8s, mais longueurs diff\u00e9rentes pour des usages compl\u00e9mentaires. Long (4.5m), le lodgy accueille sept passagers. Plus court (4m36), mais aussi plus haut (1m81), le dokker est taill\u00e9 pour le chargement. Sa capacit\u00e9 de 800 litres, en configuration \u00e0 cinq places est &#8230; <a title=\"Dacia Dokker : la d\u00e9clinaison ludospace\" class=\"read-more\" href=\"https:\/\/www.carideal.com\/blog\/2012\/09\/28\/dacia-dokker-2\/\" aria-label=\"En savoir plus sur Dacia Dokker : la d\u00e9clinaison ludospace\">Lire plus<\/a><\/p>\n","protected":false},"author":3,"featured_media":15654,"comment_status":"open","ping_status":"open","sticky":false,"template":"","format":"standard","meta":{"_uag_custom_page_level_css":"","_themeisle_gutenberg_block_has_review":false,"footnotes":""},"categories":[5944,6007,6149,5974],"tags":[],"class_list":["post-5013","post","type-post","status-publish","format-standard","has-post-thumbnail","hentry","category-constructeur","category-dacia","category-ludospace","category-type-de-vehicule"],"wppr_data":{"cwp_meta_box_check":"No"},"yoast_head":"<!-- This site is optimized with the Yoast SEO plugin v24.8.1 - https:\/\/yoast.com\/wordpress\/plugins\/seo\/ -->\n<title>Dacia Dokker : la d\u00e9clinaison ludospace - Blog auto Carid\u00e9al<\/title>\n<meta name=\"description\" content=\"La version passager du Dacia Dokker offre cinq places et une capacit\u00e9 de bagage de 800 litres, avec une longueur de chargement maximale de 1,16 m\" \/>\n<meta name=\"robots\" content=\"index, follow, max-snippet:-1, max-image-preview:large, max-video-preview:-1\" \/>\n<link rel=\"canonical\" href=\"https:\/\/www.carideal.com\/blog\/2012\/09\/28\/dacia-dokker-2\/\" \/>\n<meta property=\"og:locale\" content=\"fr_FR\" \/>\n<meta property=\"og:type\" content=\"article\" \/>\n<meta property=\"og:title\" content=\"Dacia Dokker : la d\u00e9clinaison ludospace - Blog auto Carid\u00e9al\" \/>\n<meta property=\"og:description\" content=\"La version passager du Dacia Dokker offre cinq places et une capacit\u00e9 de bagage de 800 litres, avec une longueur de chargement maximale de 1,16 m\" \/>\n<meta property=\"og:url\" content=\"https:\/\/www.carideal.com\/blog\/2012\/09\/28\/dacia-dokker-2\/\" \/>\n<meta property=\"og:site_name\" content=\"Blog auto Carid\u00e9al\" \/>\n<meta property=\"article:publisher\" content=\"https:\/\/www.facebook.com\/Carideal.mandataire.automobile\" \/>\n<meta property=\"article:author\" content=\"https:\/\/www.facebook.com\/nicolas.schiavon.39\" \/>\n<meta property=\"article:published_time\" content=\"2012-09-28T22:00:00+00:00\" \/>\n<meta property=\"article:modified_time\" content=\"2020-03-08T17:00:04+00:00\" \/>\n<meta property=\"og:image\" content=\"https:\/\/www.carideal.com\/blog\/wp-content\/uploads\/2012\/09\/dacia-dokker-2-e1489311508126.jpg\" \/>\n\t<meta property=\"og:image:width\" content=\"800\" \/>\n\t<meta property=\"og:image:height\" content=\"534\" \/>\n\t<meta property=\"og:image:type\" content=\"image\/jpeg\" \/>\n<meta name=\"author\" content=\"Nicolas SCHIAVON\" \/>\n<meta name=\"twitter:card\" content=\"summary_large_image\" \/>\n<meta name=\"twitter:creator\" content=\"@caridealauto\" \/>\n<meta name=\"twitter:site\" content=\"@caridealauto\" \/>\n<meta name=\"twitter:label1\" content=\"\u00c9crit par\" \/>\n\t<meta name=\"twitter:data1\" content=\"Nicolas SCHIAVON\" \/>\n\t<meta name=\"twitter:label2\" content=\"Dur\u00e9e de lecture estim\u00e9e\" \/>\n\t<meta name=\"twitter:data2\" content=\"2 minutes\" \/>\n<script type=\"application\/ld+json\" class=\"yoast-schema-graph\">{\"@context\":\"https:\/\/schema.org\",\"@graph\":[{\"@type\":\"Article\",\"@id\":\"https:\/\/www.carideal.com\/blog\/2012\/09\/28\/dacia-dokker-2\/#article\",\"isPartOf\":{\"@id\":\"https:\/\/www.carideal.com\/blog\/2012\/09\/28\/dacia-dokker-2\/\"},\"author\":{\"name\":\"Nicolas SCHIAVON\",\"@id\":\"https:\/\/www.carideal.com\/blog\/#\/schema\/person\/cd95dc7919660de90d31b366f85be1ec\"},\"headline\":\"Dacia Dokker : la d\u00e9clinaison ludospace\",\"datePublished\":\"2012-09-28T22:00:00+00:00\",\"dateModified\":\"2020-03-08T17:00:04+00:00\",\"mainEntityOfPage\":{\"@id\":\"https:\/\/www.carideal.com\/blog\/2012\/09\/28\/dacia-dokker-2\/\"},\"wordCount\":387,\"commentCount\":0,\"publisher\":{\"@id\":\"https:\/\/www.carideal.com\/blog\/#organization\"},\"image\":{\"@id\":\"https:\/\/www.carideal.com\/blog\/2012\/09\/28\/dacia-dokker-2\/#primaryimage\"},\"thumbnailUrl\":\"https:\/\/www.carideal.com\/blog\/wp-content\/uploads\/2012\/09\/dacia-dokker-2-e1489311508126.jpg\",\"articleSection\":[\"Actualit\u00e9 Constructeur automobile\",\"Actualit\u00e9 Dacia\",\"Ludospace\",\"Type de v\u00e9hicule\"],\"inLanguage\":\"fr-FR\",\"potentialAction\":[{\"@type\":\"CommentAction\",\"name\":\"Comment\",\"target\":[\"https:\/\/www.carideal.com\/blog\/2012\/09\/28\/dacia-dokker-2\/#respond\"]}]},{\"@type\":\"WebPage\",\"@id\":\"https:\/\/www.carideal.com\/blog\/2012\/09\/28\/dacia-dokker-2\/\",\"url\":\"https:\/\/www.carideal.com\/blog\/2012\/09\/28\/dacia-dokker-2\/\",\"name\":\"Dacia Dokker : la d\u00e9clinaison ludospace - Blog auto Carid\u00e9al\",\"isPartOf\":{\"@id\":\"https:\/\/www.carideal.com\/blog\/#website\"},\"primaryImageOfPage\":{\"@id\":\"https:\/\/www.carideal.com\/blog\/2012\/09\/28\/dacia-dokker-2\/#primaryimage\"},\"image\":{\"@id\":\"https:\/\/www.carideal.com\/blog\/2012\/09\/28\/dacia-dokker-2\/#primaryimage\"},\"thumbnailUrl\":\"https:\/\/www.carideal.com\/blog\/wp-content\/uploads\/2012\/09\/dacia-dokker-2-e1489311508126.jpg\",\"datePublished\":\"2012-09-28T22:00:00+00:00\",\"dateModified\":\"2020-03-08T17:00:04+00:00\",\"description\":\"La version passager du Dacia Dokker offre cinq places et une capacit\u00e9 de bagage de 800 litres, avec une longueur de chargement maximale de 1,16 m\",\"breadcrumb\":{\"@id\":\"https:\/\/www.carideal.com\/blog\/2012\/09\/28\/dacia-dokker-2\/#breadcrumb\"},\"inLanguage\":\"fr-FR\",\"potentialAction\":[{\"@type\":\"ReadAction\",\"target\":[\"https:\/\/www.carideal.com\/blog\/2012\/09\/28\/dacia-dokker-2\/\"]}]},{\"@type\":\"ImageObject\",\"inLanguage\":\"fr-FR\",\"@id\":\"https:\/\/www.carideal.com\/blog\/2012\/09\/28\/dacia-dokker-2\/#primaryimage\",\"url\":\"https:\/\/www.carideal.com\/blog\/wp-content\/uploads\/2012\/09\/dacia-dokker-2-e1489311508126.jpg\",\"contentUrl\":\"https:\/\/www.carideal.com\/blog\/wp-content\/uploads\/2012\/09\/dacia-dokker-2-e1489311508126.jpg\",\"width\":800,\"height\":534,\"caption\":\"Dacia Dokker\"},{\"@type\":\"BreadcrumbList\",\"@id\":\"https:\/\/www.carideal.com\/blog\/2012\/09\/28\/dacia-dokker-2\/#breadcrumb\",\"itemListElement\":[{\"@type\":\"ListItem\",\"position\":1,\"name\":\"Blog Carid\u00e9al\",\"item\":\"https:\/\/www.carideal.com\/blog\/\"},{\"@type\":\"ListItem\",\"position\":2,\"name\":\"Actualit\u00e9 constructeur automobile\",\"item\":\"https:\/\/www.carideal.com\/blog\/constructeur\/\"},{\"@type\":\"ListItem\",\"position\":3,\"name\":\"Actualit\u00e9 Dacia\",\"item\":\"https:\/\/www.carideal.com\/blog\/constructeur\/dacia\/\"},{\"@type\":\"ListItem\",\"position\":4,\"name\":\"Dacia Dokker : la d\u00e9clinaison ludospace\"}]},{\"@type\":\"WebSite\",\"@id\":\"https:\/\/www.carideal.com\/blog\/#website\",\"url\":\"https:\/\/www.carideal.com\/blog\/\",\"name\":\"Blog auto Carid\u00e9al\",\"description\":\"Actualit\u00e9 auto par des passionn\u00e9s\",\"publisher\":{\"@id\":\"https:\/\/www.carideal.com\/blog\/#organization\"},\"potentialAction\":[{\"@type\":\"SearchAction\",\"target\":{\"@type\":\"EntryPoint\",\"urlTemplate\":\"https:\/\/www.carideal.com\/blog\/?s={search_term_string}\"},\"query-input\":{\"@type\":\"PropertyValueSpecification\",\"valueRequired\":true,\"valueName\":\"search_term_string\"}}],\"inLanguage\":\"fr-FR\"},{\"@type\":\"Organization\",\"@id\":\"https:\/\/www.carideal.com\/blog\/#organization\",\"name\":\"Carideal\",\"url\":\"https:\/\/www.carideal.com\/blog\/\",\"logo\":{\"@type\":\"ImageObject\",\"inLanguage\":\"fr-FR\",\"@id\":\"https:\/\/www.carideal.com\/blog\/#\/schema\/logo\/image\/\",\"url\":\"http:\/\/www.carideal.com\/blog\/wp-content\/uploads\/2016\/03\/logo-carideal-mandataire-automobile.png\",\"contentUrl\":\"http:\/\/www.carideal.com\/blog\/wp-content\/uploads\/2016\/03\/logo-carideal-mandataire-automobile.png\",\"width\":300,\"height\":300,\"caption\":\"Carideal\"},\"image\":{\"@id\":\"https:\/\/www.carideal.com\/blog\/#\/schema\/logo\/image\/\"},\"sameAs\":[\"https:\/\/www.facebook.com\/Carideal.mandataire.automobile\",\"https:\/\/x.com\/caridealauto\",\"https:\/\/www.instagram.com\/carideal1\/\",\"https:\/\/www.linkedin.com\/company\/carideal.com\",\"https:\/\/fr.pinterest.com\/schiavonsas\/\",\"https:\/\/www.youtube.com\/user\/caridealsas\"]},{\"@type\":\"Person\",\"@id\":\"https:\/\/www.carideal.com\/blog\/#\/schema\/person\/cd95dc7919660de90d31b366f85be1ec\",\"name\":\"Nicolas SCHIAVON\",\"image\":{\"@type\":\"ImageObject\",\"inLanguage\":\"fr-FR\",\"@id\":\"https:\/\/www.carideal.com\/blog\/#\/schema\/person\/image\/\",\"url\":\"https:\/\/secure.gravatar.com\/avatar\/c17e55009e671d92cc7f5dc837dc418a?s=96&r=g\",\"contentUrl\":\"https:\/\/secure.gravatar.com\/avatar\/c17e55009e671d92cc7f5dc837dc418a?s=96&r=g\",\"caption\":\"Nicolas SCHIAVON\"},\"description\":\"Nicolas Schiavon est tomb\u00e9 tout petit dans la marmite automobile. Ayant eu un garage de marque automobile, mandataire automobile de la premi\u00e8re heure d\u00e8s 1999. Nicolas a cr\u00e9\u00e9 ces premiers sites de vente de voiture et blog automobile d\u00e8s 1994. Carideal est n\u00e9 le 15 d\u00e9cembre 2000 de la volont\u00e9 de vendre des voitures d'occasions en ligne puis des voitures neuves. Il a pu essayer beaucoup de voitures tr\u00e8s diff\u00e9rentes et ayant eu personnellement quelques belles autos, Subaru Impreza, Mitsubishi Lancer Evo 7, Porsche 911, Ferrari Testarrossa, Audi RS3, RS4 et j'en passe...\",\"sameAs\":[\"http:\/\/www.carideal.com\",\"https:\/\/www.facebook.com\/nicolas.schiavon.39\",\"https:\/\/www.instagram.com\/carideal1\/\",\"https:\/\/www.linkedin.com\/in\/nschiavon\/\",\"https:\/\/x.com\/caridealauto\",\"https:\/\/www.youtube.com\/user\/caridealsas\/\"],\"url\":\"https:\/\/www.carideal.com\/blog\/author\/nschiavon\/\"}]}<\/script>\n<!-- \/ Yoast SEO plugin. -->","yoast_head_json":{"title":"Dacia Dokker : la d\u00e9clinaison ludospace - Blog auto Carid\u00e9al","description":"La version passager du Dacia Dokker offre cinq places et une capacit\u00e9 de bagage de 800 litres, avec une longueur de chargement maximale de 1,16 m","robots":{"index":"index","follow":"follow","max-snippet":"max-snippet:-1","max-image-preview":"max-image-preview:large","max-video-preview":"max-video-preview:-1"},"canonical":"https:\/\/www.carideal.com\/blog\/2012\/09\/28\/dacia-dokker-2\/","og_locale":"fr_FR","og_type":"article","og_title":"Dacia Dokker : la d\u00e9clinaison ludospace - Blog auto Carid\u00e9al","og_description":"La version passager du Dacia Dokker offre cinq places et une capacit\u00e9 de bagage de 800 litres, avec une longueur de chargement maximale de 1,16 m","og_url":"https:\/\/www.carideal.com\/blog\/2012\/09\/28\/dacia-dokker-2\/","og_site_name":"Blog auto Carid\u00e9al","article_publisher":"https:\/\/www.facebook.com\/Carideal.mandataire.automobile","article_author":"https:\/\/www.facebook.com\/nicolas.schiavon.39","article_published_time":"2012-09-28T22:00:00+00:00","article_modified_time":"2020-03-08T17:00:04+00:00","og_image":[{"width":800,"height":534,"url":"https:\/\/www.carideal.com\/blog\/wp-content\/uploads\/2012\/09\/dacia-dokker-2-e1489311508126.jpg","type":"image\/jpeg"}],"author":"Nicolas SCHIAVON","twitter_card":"summary_large_image","twitter_creator":"@caridealauto","twitter_site":"@caridealauto","twitter_misc":{"\u00c9crit par":"Nicolas SCHIAVON","Dur\u00e9e de lecture estim\u00e9e":"2 minutes"},"schema":{"@context":"https:\/\/schema.org","@graph":[{"@type":"Article","@id":"https:\/\/www.carideal.com\/blog\/2012\/09\/28\/dacia-dokker-2\/#article","isPartOf":{"@id":"https:\/\/www.carideal.com\/blog\/2012\/09\/28\/dacia-dokker-2\/"},"author":{"name":"Nicolas SCHIAVON","@id":"https:\/\/www.carideal.com\/blog\/#\/schema\/person\/cd95dc7919660de90d31b366f85be1ec"},"headline":"Dacia Dokker : la d\u00e9clinaison ludospace","datePublished":"2012-09-28T22:00:00+00:00","dateModified":"2020-03-08T17:00:04+00:00","mainEntityOfPage":{"@id":"https:\/\/www.carideal.com\/blog\/2012\/09\/28\/dacia-dokker-2\/"},"wordCount":387,"commentCount":0,"publisher":{"@id":"https:\/\/www.carideal.com\/blog\/#organization"},"image":{"@id":"https:\/\/www.carideal.com\/blog\/2012\/09\/28\/dacia-dokker-2\/#primaryimage"},"thumbnailUrl":"https:\/\/www.carideal.com\/blog\/wp-content\/uploads\/2012\/09\/dacia-dokker-2-e1489311508126.jpg","articleSection":["Actualit\u00e9 Constructeur automobile","Actualit\u00e9 Dacia","Ludospace","Type de v\u00e9hicule"],"inLanguage":"fr-FR","potentialAction":[{"@type":"CommentAction","name":"Comment","target":["https:\/\/www.carideal.com\/blog\/2012\/09\/28\/dacia-dokker-2\/#respond"]}]},{"@type":"WebPage","@id":"https:\/\/www.carideal.com\/blog\/2012\/09\/28\/dacia-dokker-2\/","url":"https:\/\/www.carideal.com\/blog\/2012\/09\/28\/dacia-dokker-2\/","name":"Dacia Dokker : la d\u00e9clinaison ludospace - Blog auto Carid\u00e9al","isPartOf":{"@id":"https:\/\/www.carideal.com\/blog\/#website"},"primaryImageOfPage":{"@id":"https:\/\/www.carideal.com\/blog\/2012\/09\/28\/dacia-dokker-2\/#primaryimage"},"image":{"@id":"https:\/\/www.carideal.com\/blog\/2012\/09\/28\/dacia-dokker-2\/#primaryimage"},"thumbnailUrl":"https:\/\/www.carideal.com\/blog\/wp-content\/uploads\/2012\/09\/dacia-dokker-2-e1489311508126.jpg","datePublished":"2012-09-28T22:00:00+00:00","dateModified":"2020-03-08T17:00:04+00:00","description":"La version passager du Dacia Dokker offre cinq places et une capacit\u00e9 de bagage de 800 litres, avec une longueur de chargement maximale de 1,16 m","breadcrumb":{"@id":"https:\/\/www.carideal.com\/blog\/2012\/09\/28\/dacia-dokker-2\/#breadcrumb"},"inLanguage":"fr-FR","potentialAction":[{"@type":"ReadAction","target":["https:\/\/www.carideal.com\/blog\/2012\/09\/28\/dacia-dokker-2\/"]}]},{"@type":"ImageObject","inLanguage":"fr-FR","@id":"https:\/\/www.carideal.com\/blog\/2012\/09\/28\/dacia-dokker-2\/#primaryimage","url":"https:\/\/www.carideal.com\/blog\/wp-content\/uploads\/2012\/09\/dacia-dokker-2-e1489311508126.jpg","contentUrl":"https:\/\/www.carideal.com\/blog\/wp-content\/uploads\/2012\/09\/dacia-dokker-2-e1489311508126.jpg","width":800,"height":534,"caption":"Dacia Dokker"},{"@type":"BreadcrumbList","@id":"https:\/\/www.carideal.com\/blog\/2012\/09\/28\/dacia-dokker-2\/#breadcrumb","itemListElement":[{"@type":"ListItem","position":1,"name":"Blog Carid\u00e9al","item":"https:\/\/www.carideal.com\/blog\/"},{"@type":"ListItem","position":2,"name":"Actualit\u00e9 constructeur automobile","item":"https:\/\/www.carideal.com\/blog\/constructeur\/"},{"@type":"ListItem","position":3,"name":"Actualit\u00e9 Dacia","item":"https:\/\/www.carideal.com\/blog\/constructeur\/dacia\/"},{"@type":"ListItem","position":4,"name":"Dacia Dokker : la d\u00e9clinaison ludospace"}]},{"@type":"WebSite","@id":"https:\/\/www.carideal.com\/blog\/#website","url":"https:\/\/www.carideal.com\/blog\/","name":"Blog auto Carid\u00e9al","description":"Actualit\u00e9 auto par des passionn\u00e9s","publisher":{"@id":"https:\/\/www.carideal.com\/blog\/#organization"},"potentialAction":[{"@type":"SearchAction","target":{"@type":"EntryPoint","urlTemplate":"https:\/\/www.carideal.com\/blog\/?s={search_term_string}"},"query-input":{"@type":"PropertyValueSpecification","valueRequired":true,"valueName":"search_term_string"}}],"inLanguage":"fr-FR"},{"@type":"Organization","@id":"https:\/\/www.carideal.com\/blog\/#organization","name":"Carideal","url":"https:\/\/www.carideal.com\/blog\/","logo":{"@type":"ImageObject","inLanguage":"fr-FR","@id":"https:\/\/www.carideal.com\/blog\/#\/schema\/logo\/image\/","url":"http:\/\/www.carideal.com\/blog\/wp-content\/uploads\/2016\/03\/logo-carideal-mandataire-automobile.png","contentUrl":"http:\/\/www.carideal.com\/blog\/wp-content\/uploads\/2016\/03\/logo-carideal-mandataire-automobile.png","width":300,"height":300,"caption":"Carideal"},"image":{"@id":"https:\/\/www.carideal.com\/blog\/#\/schema\/logo\/image\/"},"sameAs":["https:\/\/www.facebook.com\/Carideal.mandataire.automobile","https:\/\/x.com\/caridealauto","https:\/\/www.instagram.com\/carideal1\/","https:\/\/www.linkedin.com\/company\/carideal.com","https:\/\/fr.pinterest.com\/schiavonsas\/","https:\/\/www.youtube.com\/user\/caridealsas"]},{"@type":"Person","@id":"https:\/\/www.carideal.com\/blog\/#\/schema\/person\/cd95dc7919660de90d31b366f85be1ec","name":"Nicolas SCHIAVON","image":{"@type":"ImageObject","inLanguage":"fr-FR","@id":"https:\/\/www.carideal.com\/blog\/#\/schema\/person\/image\/","url":"https:\/\/secure.gravatar.com\/avatar\/c17e55009e671d92cc7f5dc837dc418a?s=96&r=g","contentUrl":"https:\/\/secure.gravatar.com\/avatar\/c17e55009e671d92cc7f5dc837dc418a?s=96&r=g","caption":"Nicolas SCHIAVON"},"description":"Nicolas Schiavon est tomb\u00e9 tout petit dans la marmite automobile. Ayant eu un garage de marque automobile, mandataire automobile de la premi\u00e8re heure d\u00e8s 1999. Nicolas a cr\u00e9\u00e9 ces premiers sites de vente de voiture et blog automobile d\u00e8s 1994. Carideal est n\u00e9 le 15 d\u00e9cembre 2000 de la volont\u00e9 de vendre des voitures d'occasions en ligne puis des voitures neuves. Il a pu essayer beaucoup de voitures tr\u00e8s diff\u00e9rentes et ayant eu personnellement quelques belles autos, Subaru Impreza, Mitsubishi Lancer Evo 7, Porsche 911, Ferrari Testarrossa, Audi RS3, RS4 et j'en passe...","sameAs":["http:\/\/www.carideal.com","https:\/\/www.facebook.com\/nicolas.schiavon.39","https:\/\/www.instagram.com\/carideal1\/","https:\/\/www.linkedin.com\/in\/nschiavon\/","https:\/\/x.com\/caridealauto","https:\/\/www.youtube.com\/user\/caridealsas\/"],"url":"https:\/\/www.carideal.com\/blog\/author\/nschiavon\/"}]}},"uagb_featured_image_src":{"full":["https:\/\/www.carideal.com\/blog\/wp-content\/uploads\/2012\/09\/dacia-dokker-2-e1489311508126.jpg",800,534,false],"thumbnail":["https:\/\/www.carideal.com\/blog\/wp-content\/uploads\/2012\/09\/dacia-dokker-2-150x150.jpg",150,150,true],"medium":["https:\/\/www.carideal.com\/blog\/wp-content\/uploads\/2012\/09\/dacia-dokker-2-300x200.jpg",300,200,true],"medium_large":["https:\/\/www.carideal.com\/blog\/wp-content\/uploads\/2012\/09\/dacia-dokker-2-768x512.jpg",768,512,true],"large":["https:\/\/www.carideal.com\/blog\/wp-content\/uploads\/2012\/09\/dacia-dokker-2-e1489311508126.jpg",800,534,false],"1536x1536":["https:\/\/www.carideal.com\/blog\/wp-content\/uploads\/2012\/09\/dacia-dokker-2-e1489311508126.jpg",800,534,false],"2048x2048":["https:\/\/www.carideal.com\/blog\/wp-content\/uploads\/2012\/09\/dacia-dokker-2-e1489311508126.jpg",800,534,false],"wppr-widget":["https:\/\/www.carideal.com\/blog\/wp-content\/uploads\/2012\/09\/dacia-dokker-2-e1489311508126.jpg",50,33,false]},"uagb_author_info":{"display_name":"Nicolas SCHIAVON","author_link":"https:\/\/www.carideal.com\/blog\/author\/nschiavon\/"},"uagb_comment_info":0,"uagb_excerpt":"Dacia Dokker Dacia continue avec une d\u00e9clinaison ludospace: le Dokker. Visage inchang\u00e9, au bouclier pr\u00e8s, mais longueurs diff\u00e9rentes pour des usages compl\u00e9mentaires. Long (4.5m), le lodgy accueille sept passagers. Plus court (4m36), mais aussi plus haut (1m81), le dokker est taill\u00e9 pour le chargement. Sa capacit\u00e9 de 800 litres, en configuration \u00e0 cinq places est\u2026","_links":{"self":[{"href":"https:\/\/www.carideal.com\/blog\/wp-json\/wp\/v2\/posts\/5013"}],"collection":[{"href":"https:\/\/www.carideal.com\/blog\/wp-json\/wp\/v2\/posts"}],"about":[{"href":"https:\/\/www.carideal.com\/blog\/wp-json\/wp\/v2\/types\/post"}],"author":[{"embeddable":true,"href":"https:\/\/www.carideal.com\/blog\/wp-json\/wp\/v2\/users\/3"}],"replies":[{"embeddable":true,"href":"https:\/\/www.carideal.com\/blog\/wp-json\/wp\/v2\/comments?post=5013"}],"version-history":[{"count":0,"href":"https:\/\/www.carideal.com\/blog\/wp-json\/wp\/v2\/posts\/5013\/revisions"}],"wp:featuredmedia":[{"embeddable":true,"href":"https:\/\/www.carideal.com\/blog\/wp-json\/wp\/v2\/media\/15654"}],"wp:attachment":[{"href":"https:\/\/www.carideal.com\/blog\/wp-json\/wp\/v2\/media?parent=5013"}],"wp:term":[{"taxonomy":"category","embeddable":true,"href":"https:\/\/www.carideal.com\/blog\/wp-json\/wp\/v2\/categories?post=5013"},{"taxonomy":"post_tag","embeddable":true,"href":"https:\/\/www.carideal.com\/blog\/wp-json\/wp\/v2\/tags?post=5013"}],"curies":[{"name":"wp","href":"https:\/\/api.w.org\/{rel}","templated":true}]}}