{"id":4999,"date":"2012-11-13T23:00:00","date_gmt":"2012-11-13T23:00:00","guid":{"rendered":"http:\/\/www.carideal.com\/blog\/2012\/11\/13\/ferrari-f12-berlinetta-2\/"},"modified":"2019-02-03T16:56:21","modified_gmt":"2019-02-03T15:56:21","slug":"ferrari-f12-berlinetta-2","status":"publish","type":"post","link":"https:\/\/www.carideal.com\/blog\/2012\/11\/13\/ferrari-f12-berlinetta-2\/","title":{"rendered":"Ferrari F12 Berlinetta sportive absolue"},"content":{"rendered":"<div><img decoding=\"async\" src=\"http:\/\/www.carideal.com\/images_actualite\/ferrarif12berlinettacaridealmandataireautomobile-1352910797.jpg\" \/>Ferrari F12 Berlinetta Sportive absolue<\/p>\n<\/div>\n<h2>Ferrari F12 Berlinetta Sportive Absolue :<\/h2>\n<p>F comme <a href=\"http:\/\/www.carideal.com\/blog\/marque-de-voiture-actualites-essais\/ferrari\/\">Ferrari<\/a> et 12 pour le nombre de cylindres dispos\u00e9s en V : la rempla\u00e7ante de la 599 int\u00e8gre un bloc 6.2 de 740 ch, de quoi r\u00e9aliser le 0 \u00e0 100 km\/h en 3.1 sec. et atteindre 340 km\/h en vitesse de pointe.... Cot\u00e9 style, elle marque une r\u00e9volution notable : un bel \u00e9quilibre entre beaut\u00e9 et efficacit\u00e9.<\/p>\n","protected":false},"excerpt":{"rendered":"<p>Ferrari F12 Berlinetta Sportive absolue Ferrari F12 Berlinetta Sportive Absolue : F comme Ferrari et 12 pour le nombre de cylindres dispos\u00e9s en V : la rempla\u00e7ante de la 599 int\u00e8gre un bloc 6.2 de 740 ch, de quoi r\u00e9aliser le 0 \u00e0 100 km\/h en 3.1 sec. et atteindre 340 km\/h en vitesse de &#8230; <a title=\"Ferrari F12 Berlinetta sportive absolue\" class=\"read-more\" href=\"https:\/\/www.carideal.com\/blog\/2012\/11\/13\/ferrari-f12-berlinetta-2\/\" aria-label=\"En savoir plus sur Ferrari F12 Berlinetta sportive absolue\">Lire plus<\/a><\/p>\n","protected":false},"author":3,"featured_media":0,"comment_status":"open","ping_status":"open","sticky":false,"template":"","format":"standard","meta":{"_uag_custom_page_level_css":"","_themeisle_gutenberg_block_has_review":false,"footnotes":""},"categories":[6032],"tags":[],"class_list":["post-4999","post","type-post","status-publish","format-standard","hentry","category-ferrari"],"wppr_data":{"cwp_meta_box_check":"No"},"yoast_head":"<!-- This site is optimized with the Yoast SEO plugin v24.8.1 - https:\/\/yoast.com\/wordpress\/plugins\/seo\/ -->\n<title>Ferrari F12 Berlinetta sportive absolue - Blog auto Carid\u00e9al<\/title>\n<meta name=\"robots\" content=\"noindex, follow\" \/>\n<meta property=\"og:locale\" content=\"fr_FR\" \/>\n<meta property=\"og:type\" content=\"article\" \/>\n<meta property=\"og:title\" content=\"Ferrari F12 Berlinetta sportive absolue - Blog auto Carid\u00e9al\" \/>\n<meta property=\"og:description\" content=\"Ferrari F12 Berlinetta Sportive absolue Ferrari F12 Berlinetta Sportive Absolue : F comme Ferrari et 12 pour le nombre de cylindres dispos\u00e9s en V : la rempla\u00e7ante de la 599 int\u00e8gre un bloc 6.2 de 740 ch, de quoi r\u00e9aliser le 0 \u00e0 100 km\/h en 3.1 sec. et atteindre 340 km\/h en vitesse de ... Lire plus\" \/>\n<meta property=\"og:url\" content=\"https:\/\/www.carideal.com\/blog\/2012\/11\/13\/ferrari-f12-berlinetta-2\/\" \/>\n<meta property=\"og:site_name\" content=\"Blog auto Carid\u00e9al\" \/>\n<meta property=\"article:publisher\" content=\"https:\/\/www.facebook.com\/Carideal.mandataire.automobile\" \/>\n<meta property=\"article:author\" content=\"https:\/\/www.facebook.com\/nicolas.schiavon.39\" \/>\n<meta property=\"article:published_time\" content=\"2012-11-13T23:00:00+00:00\" \/>\n<meta property=\"article:modified_time\" content=\"2019-02-03T15:56:21+00:00\" \/>\n<meta property=\"og:image\" content=\"http:\/\/www.carideal.com\/images_actualite\/ferrarif12berlinettacaridealmandataireautomobile-1352910797.jpg\" \/>\n<meta name=\"author\" content=\"Nicolas SCHIAVON\" \/>\n<meta name=\"twitter:card\" content=\"summary_large_image\" \/>\n<meta name=\"twitter:creator\" content=\"@caridealauto\" \/>\n<meta name=\"twitter:site\" content=\"@caridealauto\" \/>\n<meta name=\"twitter:label1\" content=\"\u00c9crit par\" \/>\n\t<meta name=\"twitter:data1\" content=\"Nicolas SCHIAVON\" \/>\n<script type=\"application\/ld+json\" class=\"yoast-schema-graph\">{\"@context\":\"https:\/\/schema.org\",\"@graph\":[{\"@type\":\"Article\",\"@id\":\"https:\/\/www.carideal.com\/blog\/2012\/11\/13\/ferrari-f12-berlinetta-2\/#article\",\"isPartOf\":{\"@id\":\"https:\/\/www.carideal.com\/blog\/2012\/11\/13\/ferrari-f12-berlinetta-2\/\"},\"author\":{\"name\":\"Nicolas SCHIAVON\",\"@id\":\"https:\/\/www.carideal.com\/blog\/#\/schema\/person\/cd95dc7919660de90d31b366f85be1ec\"},\"headline\":\"Ferrari F12 Berlinetta sportive absolue\",\"datePublished\":\"2012-11-13T23:00:00+00:00\",\"dateModified\":\"2019-02-03T15:56:21+00:00\",\"mainEntityOfPage\":{\"@id\":\"https:\/\/www.carideal.com\/blog\/2012\/11\/13\/ferrari-f12-berlinetta-2\/\"},\"wordCount\":71,\"commentCount\":0,\"publisher\":{\"@id\":\"https:\/\/www.carideal.com\/blog\/#organization\"},\"image\":{\"@id\":\"https:\/\/www.carideal.com\/blog\/2012\/11\/13\/ferrari-f12-berlinetta-2\/#primaryimage\"},\"thumbnailUrl\":\"http:\/\/www.carideal.com\/images_actualite\/ferrarif12berlinettacaridealmandataireautomobile-1352910797.jpg\",\"articleSection\":[\"Actualit\u00e9 Ferrari\"],\"inLanguage\":\"fr-FR\",\"potentialAction\":[{\"@type\":\"CommentAction\",\"name\":\"Comment\",\"target\":[\"https:\/\/www.carideal.com\/blog\/2012\/11\/13\/ferrari-f12-berlinetta-2\/#respond\"]}]},{\"@type\":\"WebPage\",\"@id\":\"https:\/\/www.carideal.com\/blog\/2012\/11\/13\/ferrari-f12-berlinetta-2\/\",\"url\":\"https:\/\/www.carideal.com\/blog\/2012\/11\/13\/ferrari-f12-berlinetta-2\/\",\"name\":\"Ferrari F12 Berlinetta sportive absolue - Blog auto Carid\u00e9al\",\"isPartOf\":{\"@id\":\"https:\/\/www.carideal.com\/blog\/#website\"},\"primaryImageOfPage\":{\"@id\":\"https:\/\/www.carideal.com\/blog\/2012\/11\/13\/ferrari-f12-berlinetta-2\/#primaryimage\"},\"image\":{\"@id\":\"https:\/\/www.carideal.com\/blog\/2012\/11\/13\/ferrari-f12-berlinetta-2\/#primaryimage\"},\"thumbnailUrl\":\"http:\/\/www.carideal.com\/images_actualite\/ferrarif12berlinettacaridealmandataireautomobile-1352910797.jpg\",\"datePublished\":\"2012-11-13T23:00:00+00:00\",\"dateModified\":\"2019-02-03T15:56:21+00:00\",\"breadcrumb\":{\"@id\":\"https:\/\/www.carideal.com\/blog\/2012\/11\/13\/ferrari-f12-berlinetta-2\/#breadcrumb\"},\"inLanguage\":\"fr-FR\",\"potentialAction\":[{\"@type\":\"ReadAction\",\"target\":[\"https:\/\/www.carideal.com\/blog\/2012\/11\/13\/ferrari-f12-berlinetta-2\/\"]}]},{\"@type\":\"ImageObject\",\"inLanguage\":\"fr-FR\",\"@id\":\"https:\/\/www.carideal.com\/blog\/2012\/11\/13\/ferrari-f12-berlinetta-2\/#primaryimage\",\"url\":\"http:\/\/www.carideal.com\/images_actualite\/ferrarif12berlinettacaridealmandataireautomobile-1352910797.jpg\",\"contentUrl\":\"http:\/\/www.carideal.com\/images_actualite\/ferrarif12berlinettacaridealmandataireautomobile-1352910797.jpg\"},{\"@type\":\"BreadcrumbList\",\"@id\":\"https:\/\/www.carideal.com\/blog\/2012\/11\/13\/ferrari-f12-berlinetta-2\/#breadcrumb\",\"itemListElement\":[{\"@type\":\"ListItem\",\"position\":1,\"name\":\"Blog Carid\u00e9al\",\"item\":\"https:\/\/www.carideal.com\/blog\/\"},{\"@type\":\"ListItem\",\"position\":2,\"name\":\"Actualit\u00e9 constructeur automobile\",\"item\":\"https:\/\/www.carideal.com\/blog\/constructeur\/\"},{\"@type\":\"ListItem\",\"position\":3,\"name\":\"Actualit\u00e9 Ferrari\",\"item\":\"https:\/\/www.carideal.com\/blog\/constructeur\/ferrari\/\"},{\"@type\":\"ListItem\",\"position\":4,\"name\":\"Ferrari F12 Berlinetta sportive absolue\"}]},{\"@type\":\"WebSite\",\"@id\":\"https:\/\/www.carideal.com\/blog\/#website\",\"url\":\"https:\/\/www.carideal.com\/blog\/\",\"name\":\"Blog auto Carid\u00e9al\",\"description\":\"Actualit\u00e9 auto par des passionn\u00e9s\",\"publisher\":{\"@id\":\"https:\/\/www.carideal.com\/blog\/#organization\"},\"potentialAction\":[{\"@type\":\"SearchAction\",\"target\":{\"@type\":\"EntryPoint\",\"urlTemplate\":\"https:\/\/www.carideal.com\/blog\/?s={search_term_string}\"},\"query-input\":{\"@type\":\"PropertyValueSpecification\",\"valueRequired\":true,\"valueName\":\"search_term_string\"}}],\"inLanguage\":\"fr-FR\"},{\"@type\":\"Organization\",\"@id\":\"https:\/\/www.carideal.com\/blog\/#organization\",\"name\":\"Carideal\",\"url\":\"https:\/\/www.carideal.com\/blog\/\",\"logo\":{\"@type\":\"ImageObject\",\"inLanguage\":\"fr-FR\",\"@id\":\"https:\/\/www.carideal.com\/blog\/#\/schema\/logo\/image\/\",\"url\":\"http:\/\/www.carideal.com\/blog\/wp-content\/uploads\/2016\/03\/logo-carideal-mandataire-automobile.png\",\"contentUrl\":\"http:\/\/www.carideal.com\/blog\/wp-content\/uploads\/2016\/03\/logo-carideal-mandataire-automobile.png\",\"width\":300,\"height\":300,\"caption\":\"Carideal\"},\"image\":{\"@id\":\"https:\/\/www.carideal.com\/blog\/#\/schema\/logo\/image\/\"},\"sameAs\":[\"https:\/\/www.facebook.com\/Carideal.mandataire.automobile\",\"https:\/\/x.com\/caridealauto\",\"https:\/\/www.instagram.com\/carideal1\/\",\"https:\/\/www.linkedin.com\/company\/carideal.com\",\"https:\/\/fr.pinterest.com\/schiavonsas\/\",\"https:\/\/www.youtube.com\/user\/caridealsas\"]},{\"@type\":\"Person\",\"@id\":\"https:\/\/www.carideal.com\/blog\/#\/schema\/person\/cd95dc7919660de90d31b366f85be1ec\",\"name\":\"Nicolas SCHIAVON\",\"image\":{\"@type\":\"ImageObject\",\"inLanguage\":\"fr-FR\",\"@id\":\"https:\/\/www.carideal.com\/blog\/#\/schema\/person\/image\/\",\"url\":\"https:\/\/secure.gravatar.com\/avatar\/c17e55009e671d92cc7f5dc837dc418a?s=96&r=g\",\"contentUrl\":\"https:\/\/secure.gravatar.com\/avatar\/c17e55009e671d92cc7f5dc837dc418a?s=96&r=g\",\"caption\":\"Nicolas SCHIAVON\"},\"description\":\"Nicolas Schiavon est tomb\u00e9 tout petit dans la marmite automobile. Ayant eu un garage de marque automobile, mandataire automobile de la premi\u00e8re heure d\u00e8s 1999. Nicolas a cr\u00e9\u00e9 ces premiers sites de vente de voiture et blog automobile d\u00e8s 1994. Carideal est n\u00e9 le 15 d\u00e9cembre 2000 de la volont\u00e9 de vendre des voitures d'occasions en ligne puis des voitures neuves. Il a pu essayer beaucoup de voitures tr\u00e8s diff\u00e9rentes et ayant eu personnellement quelques belles autos, Subaru Impreza, Mitsubishi Lancer Evo 7, Porsche 911, Ferrari Testarrossa, Audi RS3, RS4 et j'en passe...\",\"sameAs\":[\"http:\/\/www.carideal.com\",\"https:\/\/www.facebook.com\/nicolas.schiavon.39\",\"https:\/\/www.instagram.com\/carideal1\/\",\"https:\/\/www.linkedin.com\/in\/nschiavon\/\",\"https:\/\/x.com\/caridealauto\",\"https:\/\/www.youtube.com\/user\/caridealsas\/\"],\"url\":\"https:\/\/www.carideal.com\/blog\/author\/nschiavon\/\"}]}<\/script>\n<!-- \/ Yoast SEO plugin. -->","yoast_head_json":{"title":"Ferrari F12 Berlinetta sportive absolue - Blog auto Carid\u00e9al","robots":{"index":"noindex","follow":"follow"},"og_locale":"fr_FR","og_type":"article","og_title":"Ferrari F12 Berlinetta sportive absolue - Blog auto Carid\u00e9al","og_description":"Ferrari F12 Berlinetta Sportive absolue Ferrari F12 Berlinetta Sportive Absolue : F comme Ferrari et 12 pour le nombre de cylindres dispos\u00e9s en V : la rempla\u00e7ante de la 599 int\u00e8gre un bloc 6.2 de 740 ch, de quoi r\u00e9aliser le 0 \u00e0 100 km\/h en 3.1 sec. et atteindre 340 km\/h en vitesse de ... Lire plus","og_url":"https:\/\/www.carideal.com\/blog\/2012\/11\/13\/ferrari-f12-berlinetta-2\/","og_site_name":"Blog auto Carid\u00e9al","article_publisher":"https:\/\/www.facebook.com\/Carideal.mandataire.automobile","article_author":"https:\/\/www.facebook.com\/nicolas.schiavon.39","article_published_time":"2012-11-13T23:00:00+00:00","article_modified_time":"2019-02-03T15:56:21+00:00","og_image":[{"url":"http:\/\/www.carideal.com\/images_actualite\/ferrarif12berlinettacaridealmandataireautomobile-1352910797.jpg","type":"","width":"","height":""}],"author":"Nicolas SCHIAVON","twitter_card":"summary_large_image","twitter_creator":"@caridealauto","twitter_site":"@caridealauto","twitter_misc":{"\u00c9crit par":"Nicolas SCHIAVON"},"schema":{"@context":"https:\/\/schema.org","@graph":[{"@type":"Article","@id":"https:\/\/www.carideal.com\/blog\/2012\/11\/13\/ferrari-f12-berlinetta-2\/#article","isPartOf":{"@id":"https:\/\/www.carideal.com\/blog\/2012\/11\/13\/ferrari-f12-berlinetta-2\/"},"author":{"name":"Nicolas SCHIAVON","@id":"https:\/\/www.carideal.com\/blog\/#\/schema\/person\/cd95dc7919660de90d31b366f85be1ec"},"headline":"Ferrari F12 Berlinetta sportive absolue","datePublished":"2012-11-13T23:00:00+00:00","dateModified":"2019-02-03T15:56:21+00:00","mainEntityOfPage":{"@id":"https:\/\/www.carideal.com\/blog\/2012\/11\/13\/ferrari-f12-berlinetta-2\/"},"wordCount":71,"commentCount":0,"publisher":{"@id":"https:\/\/www.carideal.com\/blog\/#organization"},"image":{"@id":"https:\/\/www.carideal.com\/blog\/2012\/11\/13\/ferrari-f12-berlinetta-2\/#primaryimage"},"thumbnailUrl":"http:\/\/www.carideal.com\/images_actualite\/ferrarif12berlinettacaridealmandataireautomobile-1352910797.jpg","articleSection":["Actualit\u00e9 Ferrari"],"inLanguage":"fr-FR","potentialAction":[{"@type":"CommentAction","name":"Comment","target":["https:\/\/www.carideal.com\/blog\/2012\/11\/13\/ferrari-f12-berlinetta-2\/#respond"]}]},{"@type":"WebPage","@id":"https:\/\/www.carideal.com\/blog\/2012\/11\/13\/ferrari-f12-berlinetta-2\/","url":"https:\/\/www.carideal.com\/blog\/2012\/11\/13\/ferrari-f12-berlinetta-2\/","name":"Ferrari F12 Berlinetta sportive absolue - Blog auto Carid\u00e9al","isPartOf":{"@id":"https:\/\/www.carideal.com\/blog\/#website"},"primaryImageOfPage":{"@id":"https:\/\/www.carideal.com\/blog\/2012\/11\/13\/ferrari-f12-berlinetta-2\/#primaryimage"},"image":{"@id":"https:\/\/www.carideal.com\/blog\/2012\/11\/13\/ferrari-f12-berlinetta-2\/#primaryimage"},"thumbnailUrl":"http:\/\/www.carideal.com\/images_actualite\/ferrarif12berlinettacaridealmandataireautomobile-1352910797.jpg","datePublished":"2012-11-13T23:00:00+00:00","dateModified":"2019-02-03T15:56:21+00:00","breadcrumb":{"@id":"https:\/\/www.carideal.com\/blog\/2012\/11\/13\/ferrari-f12-berlinetta-2\/#breadcrumb"},"inLanguage":"fr-FR","potentialAction":[{"@type":"ReadAction","target":["https:\/\/www.carideal.com\/blog\/2012\/11\/13\/ferrari-f12-berlinetta-2\/"]}]},{"@type":"ImageObject","inLanguage":"fr-FR","@id":"https:\/\/www.carideal.com\/blog\/2012\/11\/13\/ferrari-f12-berlinetta-2\/#primaryimage","url":"http:\/\/www.carideal.com\/images_actualite\/ferrarif12berlinettacaridealmandataireautomobile-1352910797.jpg","contentUrl":"http:\/\/www.carideal.com\/images_actualite\/ferrarif12berlinettacaridealmandataireautomobile-1352910797.jpg"},{"@type":"BreadcrumbList","@id":"https:\/\/www.carideal.com\/blog\/2012\/11\/13\/ferrari-f12-berlinetta-2\/#breadcrumb","itemListElement":[{"@type":"ListItem","position":1,"name":"Blog Carid\u00e9al","item":"https:\/\/www.carideal.com\/blog\/"},{"@type":"ListItem","position":2,"name":"Actualit\u00e9 constructeur automobile","item":"https:\/\/www.carideal.com\/blog\/constructeur\/"},{"@type":"ListItem","position":3,"name":"Actualit\u00e9 Ferrari","item":"https:\/\/www.carideal.com\/blog\/constructeur\/ferrari\/"},{"@type":"ListItem","position":4,"name":"Ferrari F12 Berlinetta sportive absolue"}]},{"@type":"WebSite","@id":"https:\/\/www.carideal.com\/blog\/#website","url":"https:\/\/www.carideal.com\/blog\/","name":"Blog auto Carid\u00e9al","description":"Actualit\u00e9 auto par des passionn\u00e9s","publisher":{"@id":"https:\/\/www.carideal.com\/blog\/#organization"},"potentialAction":[{"@type":"SearchAction","target":{"@type":"EntryPoint","urlTemplate":"https:\/\/www.carideal.com\/blog\/?s={search_term_string}"},"query-input":{"@type":"PropertyValueSpecification","valueRequired":true,"valueName":"search_term_string"}}],"inLanguage":"fr-FR"},{"@type":"Organization","@id":"https:\/\/www.carideal.com\/blog\/#organization","name":"Carideal","url":"https:\/\/www.carideal.com\/blog\/","logo":{"@type":"ImageObject","inLanguage":"fr-FR","@id":"https:\/\/www.carideal.com\/blog\/#\/schema\/logo\/image\/","url":"http:\/\/www.carideal.com\/blog\/wp-content\/uploads\/2016\/03\/logo-carideal-mandataire-automobile.png","contentUrl":"http:\/\/www.carideal.com\/blog\/wp-content\/uploads\/2016\/03\/logo-carideal-mandataire-automobile.png","width":300,"height":300,"caption":"Carideal"},"image":{"@id":"https:\/\/www.carideal.com\/blog\/#\/schema\/logo\/image\/"},"sameAs":["https:\/\/www.facebook.com\/Carideal.mandataire.automobile","https:\/\/x.com\/caridealauto","https:\/\/www.instagram.com\/carideal1\/","https:\/\/www.linkedin.com\/company\/carideal.com","https:\/\/fr.pinterest.com\/schiavonsas\/","https:\/\/www.youtube.com\/user\/caridealsas"]},{"@type":"Person","@id":"https:\/\/www.carideal.com\/blog\/#\/schema\/person\/cd95dc7919660de90d31b366f85be1ec","name":"Nicolas SCHIAVON","image":{"@type":"ImageObject","inLanguage":"fr-FR","@id":"https:\/\/www.carideal.com\/blog\/#\/schema\/person\/image\/","url":"https:\/\/secure.gravatar.com\/avatar\/c17e55009e671d92cc7f5dc837dc418a?s=96&r=g","contentUrl":"https:\/\/secure.gravatar.com\/avatar\/c17e55009e671d92cc7f5dc837dc418a?s=96&r=g","caption":"Nicolas SCHIAVON"},"description":"Nicolas Schiavon est tomb\u00e9 tout petit dans la marmite automobile. Ayant eu un garage de marque automobile, mandataire automobile de la premi\u00e8re heure d\u00e8s 1999. Nicolas a cr\u00e9\u00e9 ces premiers sites de vente de voiture et blog automobile d\u00e8s 1994. Carideal est n\u00e9 le 15 d\u00e9cembre 2000 de la volont\u00e9 de vendre des voitures d'occasions en ligne puis des voitures neuves. Il a pu essayer beaucoup de voitures tr\u00e8s diff\u00e9rentes et ayant eu personnellement quelques belles autos, Subaru Impreza, Mitsubishi Lancer Evo 7, Porsche 911, Ferrari Testarrossa, Audi RS3, RS4 et j'en passe...","sameAs":["http:\/\/www.carideal.com","https:\/\/www.facebook.com\/nicolas.schiavon.39","https:\/\/www.instagram.com\/carideal1\/","https:\/\/www.linkedin.com\/in\/nschiavon\/","https:\/\/x.com\/caridealauto","https:\/\/www.youtube.com\/user\/caridealsas\/"],"url":"https:\/\/www.carideal.com\/blog\/author\/nschiavon\/"}]}},"uagb_featured_image_src":{"full":false,"thumbnail":false,"medium":false,"medium_large":false,"large":false,"1536x1536":false,"2048x2048":false,"wppr-widget":false},"uagb_author_info":{"display_name":"Nicolas SCHIAVON","author_link":"https:\/\/www.carideal.com\/blog\/author\/nschiavon\/"},"uagb_comment_info":0,"uagb_excerpt":"Ferrari F12 Berlinetta Sportive absolue Ferrari F12 Berlinetta Sportive Absolue : F comme Ferrari et 12 pour le nombre de cylindres dispos\u00e9s en V : la rempla\u00e7ante de la 599 int\u00e8gre un bloc 6.2 de 740 ch, de quoi r\u00e9aliser le 0 \u00e0 100 km\/h en 3.1 sec. et atteindre 340 km\/h en vitesse de\u2026","_links":{"self":[{"href":"https:\/\/www.carideal.com\/blog\/wp-json\/wp\/v2\/posts\/4999"}],"collection":[{"href":"https:\/\/www.carideal.com\/blog\/wp-json\/wp\/v2\/posts"}],"about":[{"href":"https:\/\/www.carideal.com\/blog\/wp-json\/wp\/v2\/types\/post"}],"author":[{"embeddable":true,"href":"https:\/\/www.carideal.com\/blog\/wp-json\/wp\/v2\/users\/3"}],"replies":[{"embeddable":true,"href":"https:\/\/www.carideal.com\/blog\/wp-json\/wp\/v2\/comments?post=4999"}],"version-history":[{"count":0,"href":"https:\/\/www.carideal.com\/blog\/wp-json\/wp\/v2\/posts\/4999\/revisions"}],"wp:attachment":[{"href":"https:\/\/www.carideal.com\/blog\/wp-json\/wp\/v2\/media?parent=4999"}],"wp:term":[{"taxonomy":"category","embeddable":true,"href":"https:\/\/www.carideal.com\/blog\/wp-json\/wp\/v2\/categories?post=4999"},{"taxonomy":"post_tag","embeddable":true,"href":"https:\/\/www.carideal.com\/blog\/wp-json\/wp\/v2\/tags?post=4999"}],"curies":[{"name":"wp","href":"https:\/\/api.w.org\/{rel}","templated":true}]}}