{"id":4995,"date":"2012-11-10T23:00:00","date_gmt":"2012-11-10T23:00:00","guid":{"rendered":"http:\/\/www.carideal.com\/blog\/2012\/11\/10\/cadillac-ats-nouvelle-donne\/"},"modified":"2020-03-08T18:00:04","modified_gmt":"2020-03-08T17:00:04","slug":"cadillac-ats-nouvelle-donne","status":"publish","type":"post","link":"https:\/\/www.carideal.com\/blog\/2012\/11\/10\/cadillac-ats-nouvelle-donne\/","title":{"rendered":"Cadillac ATS nouvelle donne"},"content":{"rendered":"<div>\n<h2>Cadillac ATS nouvelle donne<\/h2>\n<\/div>\n<p>On oublie la Cadillac BLS qui n'\u00e9tait rien d'autre qu'une SAAB 9-3 . Sa rempla\u00e7ante, l'ATS est d\u00e9velopp\u00e9e sur une plateforme in\u00e9dite dont l'architecture propulsion et le format de 4.64m sont tr\u00e8s proches de ceux de ses rivales allemandes. L'am\u00e9ricaine ne propose qu'un seul moteur \u00e0 essence : un quatre cylindres 2.0 T de 276 ch. A partir de 36000 \u20ac.<\/p>\n<h2>La future Cadillac ATS<\/h2>\n<p>La Cadillac semble taill\u00e9e \u00e0 la serpe. Son gabarit de 4.64m correspond plus \u00e0 nos formats en vigueur de ce cot\u00e9 ci de l'atlantique. Synergie de groupe oblige, son moteur est celui de l'<a href=\"http:\/\/www.carideal.com\/blog\/marque-de-voiture-actualites-essais\/opel\/\">Opel<\/a> Astra GTC OPC, le 2.0 turbo de 273 ch... rien que \u00e7a\u00a0! Cadillac annonce, optimiste, une consommation mixte \u00e0 8l aux 100 km. La voiture sera richement dot\u00e9e, \u00e0 l'am\u00e9ricaine, cuir, chrome, et bois pr\u00e9cieux, mais la qualit\u00e9 per\u00e7u semble en retrait; reste le prix qui sera son atout, \u00e0 partir de 31000 \u20ac.<\/p>\n<p><iframe loading=\"lazy\" src=\"http:\/\/www.youtube.com\/embed\/3VeQp5fva4o\" width=\"640\" height=\"360\" frameborder=\"0\" allowfullscreen=\"allowfullscreen\"><\/iframe><\/p>\n","protected":false},"excerpt":{"rendered":"<p>Cadillac ATS nouvelle donne On oublie la Cadillac BLS qui n&rsquo;\u00e9tait rien d&rsquo;autre qu&rsquo;une SAAB 9-3 . Sa rempla\u00e7ante, l&rsquo;ATS est d\u00e9velopp\u00e9e sur une plateforme in\u00e9dite dont l&rsquo;architecture propulsion et le format de 4.64m sont tr\u00e8s proches de ceux de ses rivales allemandes. L&rsquo;am\u00e9ricaine ne propose qu&rsquo;un seul moteur \u00e0 essence : un quatre cylindres &#8230; <a title=\"Cadillac ATS nouvelle donne\" class=\"read-more\" href=\"https:\/\/www.carideal.com\/blog\/2012\/11\/10\/cadillac-ats-nouvelle-donne\/\" aria-label=\"En savoir plus sur Cadillac ATS nouvelle donne\">Lire plus<\/a><\/p>\n","protected":false},"author":3,"featured_media":15319,"comment_status":"open","ping_status":"open","sticky":false,"template":"","format":"standard","meta":{"_uag_custom_page_level_css":"","_themeisle_gutenberg_block_has_review":false,"footnotes":""},"categories":[21],"tags":[6230],"class_list":["post-4995","post","type-post","status-publish","format-standard","has-post-thumbnail","hentry","category-actualites-auto","tag-voiture-americaine"],"wppr_data":{"cwp_meta_box_check":"No"},"yoast_head":"<!-- This site is optimized with the Yoast SEO plugin v24.8.1 - https:\/\/yoast.com\/wordpress\/plugins\/seo\/ -->\n<title>Cadillac ATS nouvelle donne - Blog auto Carid\u00e9al<\/title>\n<meta name=\"robots\" content=\"noindex, follow\" \/>\n<meta property=\"og:locale\" content=\"fr_FR\" \/>\n<meta property=\"og:type\" content=\"article\" \/>\n<meta property=\"og:title\" content=\"Cadillac ATS nouvelle donne - Blog auto Carid\u00e9al\" \/>\n<meta property=\"og:description\" content=\"Cadillac ATS nouvelle donne On oublie la Cadillac BLS qui n&#039;\u00e9tait rien d&#039;autre qu&#039;une SAAB 9-3 . Sa rempla\u00e7ante, l&#039;ATS est d\u00e9velopp\u00e9e sur une plateforme in\u00e9dite dont l&#039;architecture propulsion et le format de 4.64m sont tr\u00e8s proches de ceux de ses rivales allemandes. L&#039;am\u00e9ricaine ne propose qu&#039;un seul moteur \u00e0 essence : un quatre cylindres ... Lire plus\" \/>\n<meta property=\"og:url\" content=\"https:\/\/www.carideal.com\/blog\/2012\/11\/10\/cadillac-ats-nouvelle-donne\/\" \/>\n<meta property=\"og:site_name\" content=\"Blog auto Carid\u00e9al\" \/>\n<meta property=\"article:publisher\" content=\"https:\/\/www.facebook.com\/Carideal.mandataire.automobile\" \/>\n<meta property=\"article:author\" content=\"https:\/\/www.facebook.com\/nicolas.schiavon.39\" \/>\n<meta property=\"article:published_time\" content=\"2012-11-10T23:00:00+00:00\" \/>\n<meta property=\"article:modified_time\" content=\"2020-03-08T17:00:04+00:00\" \/>\n<meta property=\"og:image\" content=\"https:\/\/www.carideal.com\/blog\/wp-content\/uploads\/2012\/11\/cadillacatsachatcaridealmandataireauto1-1352669987.jpg\" \/>\n\t<meta property=\"og:image:width\" content=\"470\" \/>\n\t<meta property=\"og:image:height\" content=\"274\" \/>\n\t<meta property=\"og:image:type\" content=\"image\/jpeg\" \/>\n<meta name=\"author\" content=\"Nicolas SCHIAVON\" \/>\n<meta name=\"twitter:card\" content=\"summary_large_image\" \/>\n<meta name=\"twitter:creator\" content=\"@caridealauto\" \/>\n<meta name=\"twitter:site\" content=\"@caridealauto\" \/>\n<meta name=\"twitter:label1\" content=\"\u00c9crit par\" \/>\n\t<meta name=\"twitter:data1\" content=\"Nicolas SCHIAVON\" \/>\n\t<meta name=\"twitter:label2\" content=\"Dur\u00e9e de lecture estim\u00e9e\" \/>\n\t<meta name=\"twitter:data2\" content=\"1 minute\" \/>\n<script type=\"application\/ld+json\" class=\"yoast-schema-graph\">{\"@context\":\"https:\/\/schema.org\",\"@graph\":[{\"@type\":\"Article\",\"@id\":\"https:\/\/www.carideal.com\/blog\/2012\/11\/10\/cadillac-ats-nouvelle-donne\/#article\",\"isPartOf\":{\"@id\":\"https:\/\/www.carideal.com\/blog\/2012\/11\/10\/cadillac-ats-nouvelle-donne\/\"},\"author\":{\"name\":\"Nicolas SCHIAVON\",\"@id\":\"https:\/\/www.carideal.com\/blog\/#\/schema\/person\/cd95dc7919660de90d31b366f85be1ec\"},\"headline\":\"Cadillac ATS nouvelle donne\",\"datePublished\":\"2012-11-10T23:00:00+00:00\",\"dateModified\":\"2020-03-08T17:00:04+00:00\",\"mainEntityOfPage\":{\"@id\":\"https:\/\/www.carideal.com\/blog\/2012\/11\/10\/cadillac-ats-nouvelle-donne\/\"},\"wordCount\":156,\"commentCount\":0,\"publisher\":{\"@id\":\"https:\/\/www.carideal.com\/blog\/#organization\"},\"image\":{\"@id\":\"https:\/\/www.carideal.com\/blog\/2012\/11\/10\/cadillac-ats-nouvelle-donne\/#primaryimage\"},\"thumbnailUrl\":\"https:\/\/www.carideal.com\/blog\/wp-content\/uploads\/2012\/11\/cadillacatsachatcaridealmandataireauto1-1352669987.jpg\",\"keywords\":[\"Voiture am\u00e9ricaine\"],\"articleSection\":[\"Actualit\u00e9 automobile\"],\"inLanguage\":\"fr-FR\",\"potentialAction\":[{\"@type\":\"CommentAction\",\"name\":\"Comment\",\"target\":[\"https:\/\/www.carideal.com\/blog\/2012\/11\/10\/cadillac-ats-nouvelle-donne\/#respond\"]}]},{\"@type\":\"WebPage\",\"@id\":\"https:\/\/www.carideal.com\/blog\/2012\/11\/10\/cadillac-ats-nouvelle-donne\/\",\"url\":\"https:\/\/www.carideal.com\/blog\/2012\/11\/10\/cadillac-ats-nouvelle-donne\/\",\"name\":\"Cadillac ATS nouvelle donne - Blog auto Carid\u00e9al\",\"isPartOf\":{\"@id\":\"https:\/\/www.carideal.com\/blog\/#website\"},\"primaryImageOfPage\":{\"@id\":\"https:\/\/www.carideal.com\/blog\/2012\/11\/10\/cadillac-ats-nouvelle-donne\/#primaryimage\"},\"image\":{\"@id\":\"https:\/\/www.carideal.com\/blog\/2012\/11\/10\/cadillac-ats-nouvelle-donne\/#primaryimage\"},\"thumbnailUrl\":\"https:\/\/www.carideal.com\/blog\/wp-content\/uploads\/2012\/11\/cadillacatsachatcaridealmandataireauto1-1352669987.jpg\",\"datePublished\":\"2012-11-10T23:00:00+00:00\",\"dateModified\":\"2020-03-08T17:00:04+00:00\",\"breadcrumb\":{\"@id\":\"https:\/\/www.carideal.com\/blog\/2012\/11\/10\/cadillac-ats-nouvelle-donne\/#breadcrumb\"},\"inLanguage\":\"fr-FR\",\"potentialAction\":[{\"@type\":\"ReadAction\",\"target\":[\"https:\/\/www.carideal.com\/blog\/2012\/11\/10\/cadillac-ats-nouvelle-donne\/\"]}]},{\"@type\":\"ImageObject\",\"inLanguage\":\"fr-FR\",\"@id\":\"https:\/\/www.carideal.com\/blog\/2012\/11\/10\/cadillac-ats-nouvelle-donne\/#primaryimage\",\"url\":\"https:\/\/www.carideal.com\/blog\/wp-content\/uploads\/2012\/11\/cadillacatsachatcaridealmandataireauto1-1352669987.jpg\",\"contentUrl\":\"https:\/\/www.carideal.com\/blog\/wp-content\/uploads\/2012\/11\/cadillacatsachatcaridealmandataireauto1-1352669987.jpg\",\"width\":470,\"height\":274,\"caption\":\"Cadillac ATS\"},{\"@type\":\"BreadcrumbList\",\"@id\":\"https:\/\/www.carideal.com\/blog\/2012\/11\/10\/cadillac-ats-nouvelle-donne\/#breadcrumb\",\"itemListElement\":[{\"@type\":\"ListItem\",\"position\":1,\"name\":\"Blog Carid\u00e9al\",\"item\":\"https:\/\/www.carideal.com\/blog\/\"},{\"@type\":\"ListItem\",\"position\":2,\"name\":\"Actualit\u00e9 automobile\",\"item\":\"https:\/\/www.carideal.com\/blog\/actualites-auto\/\"},{\"@type\":\"ListItem\",\"position\":3,\"name\":\"Cadillac ATS nouvelle donne\"}]},{\"@type\":\"WebSite\",\"@id\":\"https:\/\/www.carideal.com\/blog\/#website\",\"url\":\"https:\/\/www.carideal.com\/blog\/\",\"name\":\"Blog auto Carid\u00e9al\",\"description\":\"Actualit\u00e9 auto par des passionn\u00e9s\",\"publisher\":{\"@id\":\"https:\/\/www.carideal.com\/blog\/#organization\"},\"potentialAction\":[{\"@type\":\"SearchAction\",\"target\":{\"@type\":\"EntryPoint\",\"urlTemplate\":\"https:\/\/www.carideal.com\/blog\/?s={search_term_string}\"},\"query-input\":{\"@type\":\"PropertyValueSpecification\",\"valueRequired\":true,\"valueName\":\"search_term_string\"}}],\"inLanguage\":\"fr-FR\"},{\"@type\":\"Organization\",\"@id\":\"https:\/\/www.carideal.com\/blog\/#organization\",\"name\":\"Carideal\",\"url\":\"https:\/\/www.carideal.com\/blog\/\",\"logo\":{\"@type\":\"ImageObject\",\"inLanguage\":\"fr-FR\",\"@id\":\"https:\/\/www.carideal.com\/blog\/#\/schema\/logo\/image\/\",\"url\":\"http:\/\/www.carideal.com\/blog\/wp-content\/uploads\/2016\/03\/logo-carideal-mandataire-automobile.png\",\"contentUrl\":\"http:\/\/www.carideal.com\/blog\/wp-content\/uploads\/2016\/03\/logo-carideal-mandataire-automobile.png\",\"width\":300,\"height\":300,\"caption\":\"Carideal\"},\"image\":{\"@id\":\"https:\/\/www.carideal.com\/blog\/#\/schema\/logo\/image\/\"},\"sameAs\":[\"https:\/\/www.facebook.com\/Carideal.mandataire.automobile\",\"https:\/\/x.com\/caridealauto\",\"https:\/\/www.instagram.com\/carideal1\/\",\"https:\/\/www.linkedin.com\/company\/carideal.com\",\"https:\/\/fr.pinterest.com\/schiavonsas\/\",\"https:\/\/www.youtube.com\/user\/caridealsas\"]},{\"@type\":\"Person\",\"@id\":\"https:\/\/www.carideal.com\/blog\/#\/schema\/person\/cd95dc7919660de90d31b366f85be1ec\",\"name\":\"Nicolas SCHIAVON\",\"image\":{\"@type\":\"ImageObject\",\"inLanguage\":\"fr-FR\",\"@id\":\"https:\/\/www.carideal.com\/blog\/#\/schema\/person\/image\/\",\"url\":\"https:\/\/secure.gravatar.com\/avatar\/c17e55009e671d92cc7f5dc837dc418a?s=96&r=g\",\"contentUrl\":\"https:\/\/secure.gravatar.com\/avatar\/c17e55009e671d92cc7f5dc837dc418a?s=96&r=g\",\"caption\":\"Nicolas SCHIAVON\"},\"description\":\"Nicolas Schiavon est tomb\u00e9 tout petit dans la marmite automobile. Ayant eu un garage de marque automobile, mandataire automobile de la premi\u00e8re heure d\u00e8s 1999. Nicolas a cr\u00e9\u00e9 ces premiers sites de vente de voiture et blog automobile d\u00e8s 1994. Carideal est n\u00e9 le 15 d\u00e9cembre 2000 de la volont\u00e9 de vendre des voitures d'occasions en ligne puis des voitures neuves. Il a pu essayer beaucoup de voitures tr\u00e8s diff\u00e9rentes et ayant eu personnellement quelques belles autos, Subaru Impreza, Mitsubishi Lancer Evo 7, Porsche 911, Ferrari Testarrossa, Audi RS3, RS4 et j'en passe...\",\"sameAs\":[\"http:\/\/www.carideal.com\",\"https:\/\/www.facebook.com\/nicolas.schiavon.39\",\"https:\/\/www.instagram.com\/carideal1\/\",\"https:\/\/www.linkedin.com\/in\/nschiavon\/\",\"https:\/\/x.com\/caridealauto\",\"https:\/\/www.youtube.com\/user\/caridealsas\/\"],\"url\":\"https:\/\/www.carideal.com\/blog\/author\/nschiavon\/\"}]}<\/script>\n<!-- \/ Yoast SEO plugin. -->","yoast_head_json":{"title":"Cadillac ATS nouvelle donne - Blog auto Carid\u00e9al","robots":{"index":"noindex","follow":"follow"},"og_locale":"fr_FR","og_type":"article","og_title":"Cadillac ATS nouvelle donne - Blog auto Carid\u00e9al","og_description":"Cadillac ATS nouvelle donne On oublie la Cadillac BLS qui n'\u00e9tait rien d'autre qu'une SAAB 9-3 . Sa rempla\u00e7ante, l'ATS est d\u00e9velopp\u00e9e sur une plateforme in\u00e9dite dont l'architecture propulsion et le format de 4.64m sont tr\u00e8s proches de ceux de ses rivales allemandes. L'am\u00e9ricaine ne propose qu'un seul moteur \u00e0 essence : un quatre cylindres ... Lire plus","og_url":"https:\/\/www.carideal.com\/blog\/2012\/11\/10\/cadillac-ats-nouvelle-donne\/","og_site_name":"Blog auto Carid\u00e9al","article_publisher":"https:\/\/www.facebook.com\/Carideal.mandataire.automobile","article_author":"https:\/\/www.facebook.com\/nicolas.schiavon.39","article_published_time":"2012-11-10T23:00:00+00:00","article_modified_time":"2020-03-08T17:00:04+00:00","og_image":[{"width":470,"height":274,"url":"https:\/\/www.carideal.com\/blog\/wp-content\/uploads\/2012\/11\/cadillacatsachatcaridealmandataireauto1-1352669987.jpg","type":"image\/jpeg"}],"author":"Nicolas SCHIAVON","twitter_card":"summary_large_image","twitter_creator":"@caridealauto","twitter_site":"@caridealauto","twitter_misc":{"\u00c9crit par":"Nicolas SCHIAVON","Dur\u00e9e de lecture estim\u00e9e":"1 minute"},"schema":{"@context":"https:\/\/schema.org","@graph":[{"@type":"Article","@id":"https:\/\/www.carideal.com\/blog\/2012\/11\/10\/cadillac-ats-nouvelle-donne\/#article","isPartOf":{"@id":"https:\/\/www.carideal.com\/blog\/2012\/11\/10\/cadillac-ats-nouvelle-donne\/"},"author":{"name":"Nicolas SCHIAVON","@id":"https:\/\/www.carideal.com\/blog\/#\/schema\/person\/cd95dc7919660de90d31b366f85be1ec"},"headline":"Cadillac ATS nouvelle donne","datePublished":"2012-11-10T23:00:00+00:00","dateModified":"2020-03-08T17:00:04+00:00","mainEntityOfPage":{"@id":"https:\/\/www.carideal.com\/blog\/2012\/11\/10\/cadillac-ats-nouvelle-donne\/"},"wordCount":156,"commentCount":0,"publisher":{"@id":"https:\/\/www.carideal.com\/blog\/#organization"},"image":{"@id":"https:\/\/www.carideal.com\/blog\/2012\/11\/10\/cadillac-ats-nouvelle-donne\/#primaryimage"},"thumbnailUrl":"https:\/\/www.carideal.com\/blog\/wp-content\/uploads\/2012\/11\/cadillacatsachatcaridealmandataireauto1-1352669987.jpg","keywords":["Voiture am\u00e9ricaine"],"articleSection":["Actualit\u00e9 automobile"],"inLanguage":"fr-FR","potentialAction":[{"@type":"CommentAction","name":"Comment","target":["https:\/\/www.carideal.com\/blog\/2012\/11\/10\/cadillac-ats-nouvelle-donne\/#respond"]}]},{"@type":"WebPage","@id":"https:\/\/www.carideal.com\/blog\/2012\/11\/10\/cadillac-ats-nouvelle-donne\/","url":"https:\/\/www.carideal.com\/blog\/2012\/11\/10\/cadillac-ats-nouvelle-donne\/","name":"Cadillac ATS nouvelle donne - Blog auto Carid\u00e9al","isPartOf":{"@id":"https:\/\/www.carideal.com\/blog\/#website"},"primaryImageOfPage":{"@id":"https:\/\/www.carideal.com\/blog\/2012\/11\/10\/cadillac-ats-nouvelle-donne\/#primaryimage"},"image":{"@id":"https:\/\/www.carideal.com\/blog\/2012\/11\/10\/cadillac-ats-nouvelle-donne\/#primaryimage"},"thumbnailUrl":"https:\/\/www.carideal.com\/blog\/wp-content\/uploads\/2012\/11\/cadillacatsachatcaridealmandataireauto1-1352669987.jpg","datePublished":"2012-11-10T23:00:00+00:00","dateModified":"2020-03-08T17:00:04+00:00","breadcrumb":{"@id":"https:\/\/www.carideal.com\/blog\/2012\/11\/10\/cadillac-ats-nouvelle-donne\/#breadcrumb"},"inLanguage":"fr-FR","potentialAction":[{"@type":"ReadAction","target":["https:\/\/www.carideal.com\/blog\/2012\/11\/10\/cadillac-ats-nouvelle-donne\/"]}]},{"@type":"ImageObject","inLanguage":"fr-FR","@id":"https:\/\/www.carideal.com\/blog\/2012\/11\/10\/cadillac-ats-nouvelle-donne\/#primaryimage","url":"https:\/\/www.carideal.com\/blog\/wp-content\/uploads\/2012\/11\/cadillacatsachatcaridealmandataireauto1-1352669987.jpg","contentUrl":"https:\/\/www.carideal.com\/blog\/wp-content\/uploads\/2012\/11\/cadillacatsachatcaridealmandataireauto1-1352669987.jpg","width":470,"height":274,"caption":"Cadillac ATS"},{"@type":"BreadcrumbList","@id":"https:\/\/www.carideal.com\/blog\/2012\/11\/10\/cadillac-ats-nouvelle-donne\/#breadcrumb","itemListElement":[{"@type":"ListItem","position":1,"name":"Blog Carid\u00e9al","item":"https:\/\/www.carideal.com\/blog\/"},{"@type":"ListItem","position":2,"name":"Actualit\u00e9 automobile","item":"https:\/\/www.carideal.com\/blog\/actualites-auto\/"},{"@type":"ListItem","position":3,"name":"Cadillac ATS nouvelle donne"}]},{"@type":"WebSite","@id":"https:\/\/www.carideal.com\/blog\/#website","url":"https:\/\/www.carideal.com\/blog\/","name":"Blog auto Carid\u00e9al","description":"Actualit\u00e9 auto par des passionn\u00e9s","publisher":{"@id":"https:\/\/www.carideal.com\/blog\/#organization"},"potentialAction":[{"@type":"SearchAction","target":{"@type":"EntryPoint","urlTemplate":"https:\/\/www.carideal.com\/blog\/?s={search_term_string}"},"query-input":{"@type":"PropertyValueSpecification","valueRequired":true,"valueName":"search_term_string"}}],"inLanguage":"fr-FR"},{"@type":"Organization","@id":"https:\/\/www.carideal.com\/blog\/#organization","name":"Carideal","url":"https:\/\/www.carideal.com\/blog\/","logo":{"@type":"ImageObject","inLanguage":"fr-FR","@id":"https:\/\/www.carideal.com\/blog\/#\/schema\/logo\/image\/","url":"http:\/\/www.carideal.com\/blog\/wp-content\/uploads\/2016\/03\/logo-carideal-mandataire-automobile.png","contentUrl":"http:\/\/www.carideal.com\/blog\/wp-content\/uploads\/2016\/03\/logo-carideal-mandataire-automobile.png","width":300,"height":300,"caption":"Carideal"},"image":{"@id":"https:\/\/www.carideal.com\/blog\/#\/schema\/logo\/image\/"},"sameAs":["https:\/\/www.facebook.com\/Carideal.mandataire.automobile","https:\/\/x.com\/caridealauto","https:\/\/www.instagram.com\/carideal1\/","https:\/\/www.linkedin.com\/company\/carideal.com","https:\/\/fr.pinterest.com\/schiavonsas\/","https:\/\/www.youtube.com\/user\/caridealsas"]},{"@type":"Person","@id":"https:\/\/www.carideal.com\/blog\/#\/schema\/person\/cd95dc7919660de90d31b366f85be1ec","name":"Nicolas SCHIAVON","image":{"@type":"ImageObject","inLanguage":"fr-FR","@id":"https:\/\/www.carideal.com\/blog\/#\/schema\/person\/image\/","url":"https:\/\/secure.gravatar.com\/avatar\/c17e55009e671d92cc7f5dc837dc418a?s=96&r=g","contentUrl":"https:\/\/secure.gravatar.com\/avatar\/c17e55009e671d92cc7f5dc837dc418a?s=96&r=g","caption":"Nicolas SCHIAVON"},"description":"Nicolas Schiavon est tomb\u00e9 tout petit dans la marmite automobile. Ayant eu un garage de marque automobile, mandataire automobile de la premi\u00e8re heure d\u00e8s 1999. Nicolas a cr\u00e9\u00e9 ces premiers sites de vente de voiture et blog automobile d\u00e8s 1994. Carideal est n\u00e9 le 15 d\u00e9cembre 2000 de la volont\u00e9 de vendre des voitures d'occasions en ligne puis des voitures neuves. Il a pu essayer beaucoup de voitures tr\u00e8s diff\u00e9rentes et ayant eu personnellement quelques belles autos, Subaru Impreza, Mitsubishi Lancer Evo 7, Porsche 911, Ferrari Testarrossa, Audi RS3, RS4 et j'en passe...","sameAs":["http:\/\/www.carideal.com","https:\/\/www.facebook.com\/nicolas.schiavon.39","https:\/\/www.instagram.com\/carideal1\/","https:\/\/www.linkedin.com\/in\/nschiavon\/","https:\/\/x.com\/caridealauto","https:\/\/www.youtube.com\/user\/caridealsas\/"],"url":"https:\/\/www.carideal.com\/blog\/author\/nschiavon\/"}]}},"uagb_featured_image_src":{"full":["https:\/\/www.carideal.com\/blog\/wp-content\/uploads\/2012\/11\/cadillacatsachatcaridealmandataireauto1-1352669987.jpg",470,274,false],"thumbnail":["https:\/\/www.carideal.com\/blog\/wp-content\/uploads\/2012\/11\/cadillacatsachatcaridealmandataireauto1-1352669987-150x150.jpg",150,150,true],"medium":["https:\/\/www.carideal.com\/blog\/wp-content\/uploads\/2012\/11\/cadillacatsachatcaridealmandataireauto1-1352669987-300x175.jpg",300,175,true],"medium_large":["https:\/\/www.carideal.com\/blog\/wp-content\/uploads\/2012\/11\/cadillacatsachatcaridealmandataireauto1-1352669987.jpg",470,274,false],"large":["https:\/\/www.carideal.com\/blog\/wp-content\/uploads\/2012\/11\/cadillacatsachatcaridealmandataireauto1-1352669987.jpg",470,274,false],"1536x1536":["https:\/\/www.carideal.com\/blog\/wp-content\/uploads\/2012\/11\/cadillacatsachatcaridealmandataireauto1-1352669987.jpg",470,274,false],"2048x2048":["https:\/\/www.carideal.com\/blog\/wp-content\/uploads\/2012\/11\/cadillacatsachatcaridealmandataireauto1-1352669987.jpg",470,274,false],"wppr-widget":["https:\/\/www.carideal.com\/blog\/wp-content\/uploads\/2012\/11\/cadillacatsachatcaridealmandataireauto1-1352669987.jpg",50,29,false]},"uagb_author_info":{"display_name":"Nicolas SCHIAVON","author_link":"https:\/\/www.carideal.com\/blog\/author\/nschiavon\/"},"uagb_comment_info":0,"uagb_excerpt":"Cadillac ATS nouvelle donne On oublie la Cadillac BLS qui n'\u00e9tait rien d'autre qu'une SAAB 9-3 . Sa rempla\u00e7ante, l'ATS est d\u00e9velopp\u00e9e sur une plateforme in\u00e9dite dont l'architecture propulsion et le format de 4.64m sont tr\u00e8s proches de ceux de ses rivales allemandes. L'am\u00e9ricaine ne propose qu'un seul moteur \u00e0 essence : un quatre cylindres\u2026","_links":{"self":[{"href":"https:\/\/www.carideal.com\/blog\/wp-json\/wp\/v2\/posts\/4995"}],"collection":[{"href":"https:\/\/www.carideal.com\/blog\/wp-json\/wp\/v2\/posts"}],"about":[{"href":"https:\/\/www.carideal.com\/blog\/wp-json\/wp\/v2\/types\/post"}],"author":[{"embeddable":true,"href":"https:\/\/www.carideal.com\/blog\/wp-json\/wp\/v2\/users\/3"}],"replies":[{"embeddable":true,"href":"https:\/\/www.carideal.com\/blog\/wp-json\/wp\/v2\/comments?post=4995"}],"version-history":[{"count":0,"href":"https:\/\/www.carideal.com\/blog\/wp-json\/wp\/v2\/posts\/4995\/revisions"}],"wp:featuredmedia":[{"embeddable":true,"href":"https:\/\/www.carideal.com\/blog\/wp-json\/wp\/v2\/media\/15319"}],"wp:attachment":[{"href":"https:\/\/www.carideal.com\/blog\/wp-json\/wp\/v2\/media?parent=4995"}],"wp:term":[{"taxonomy":"category","embeddable":true,"href":"https:\/\/www.carideal.com\/blog\/wp-json\/wp\/v2\/categories?post=4995"},{"taxonomy":"post_tag","embeddable":true,"href":"https:\/\/www.carideal.com\/blog\/wp-json\/wp\/v2\/tags?post=4995"}],"curies":[{"name":"wp","href":"https:\/\/api.w.org\/{rel}","templated":true}]}}