{"id":4990,"date":"2012-11-10T23:00:00","date_gmt":"2012-11-10T23:00:00","guid":{"rendered":"http:\/\/www.carideal.com\/blog\/2012\/11\/10\/audi-a3-sportback-2013\/"},"modified":"2019-10-04T15:15:45","modified_gmt":"2019-10-04T13:15:45","slug":"audi-a3-sportback-2013","status":"publish","type":"post","link":"https:\/\/www.carideal.com\/blog\/2012\/11\/10\/audi-a3-sportback-2013\/","title":{"rendered":"Audi A3 Sportback 2013"},"content":{"rendered":"<div>\n<h2>Audi A3 Sportback 2013<\/h2>\n<\/div>\n<p>Elle sera commercialis\u00e9e en F\u00e9vrier 2013 avec deux moteurs \u00e0 essence de 122 et 180 ch et un moteur diesel de 105 ch \u00e0 partir de 25500 \u20ac. Ses rivales, la BMW s\u00e9rie 1 et la nouvelle Mercedes Classe A propose une silhouette \u00e0 5 portes alors que l'Audi A3, qui arrive en concession, a donn\u00e9 la primeur \u00e0 la carrosserie \u00e0 trois portes.<\/p>\n<figure id=\"attachment_20054\" aria-describedby=\"caption-attachment-20054\" style=\"width: 390px\" class=\"wp-caption alignnone\"><img loading=\"lazy\" decoding=\"async\" class=\"size-full wp-image-20054\" src=\"http:\/\/www.carideal.com\/blog\/wp-content\/uploads\/2012\/11\/audia3sportback2013achatcaridealmandataireautomobile-1352628668.jpg\" alt=\"Audi A3 Sportback 2013\" width=\"400\" height=\"245\" srcset=\"https:\/\/www.carideal.com\/blog\/wp-content\/uploads\/2012\/11\/audia3sportback2013achatcaridealmandataireautomobile-1352628668.jpg 400w, https:\/\/www.carideal.com\/blog\/wp-content\/uploads\/2012\/11\/audia3sportback2013achatcaridealmandataireautomobile-1352628668-300x184.jpg 300w, https:\/\/www.carideal.com\/blog\/wp-content\/uploads\/2012\/11\/audia3sportback2013achatcaridealmandataireautomobile-1352628668-50x31.jpg 50w, https:\/\/www.carideal.com\/blog\/wp-content\/uploads\/2012\/11\/audia3sportback2013achatcaridealmandataireautomobile-1352628668-110x67.jpg 110w\" sizes=\"(max-width: 400px) 100vw, 400px\" \/><figcaption id=\"caption-attachment-20054\" class=\"wp-caption-text\">Audi A3 Sportback 2013<\/figcaption><\/figure>\n<p>Mais la version Sportback est d'ores et d\u00e9j\u00e0 pr\u00eate. Plus longue que la berline de 7 cm, 4.31 m, et disposant d'un volume de coffre oscillant de 380 \u00e0 1220 litres, soit 120 litres de mieux que la version \u00e0 trois portes banquette rabattue, cette <a href=\"http:\/\/www.carideal.com\/blog\/marque-de-voiture-actualites-essais\/audi\/\">Audi<\/a> cible les petites familles. Sa nouvelle plateforme technique, \u00e9trenn\u00e9e par la version \u00e0 3 portes permet d'\u00e9conomiser 90 kg par rapport \u00e0 la pr\u00e9c\u00e9dente g\u00e9n\u00e9ration.<\/p>\n<ul>\n<li><a href=\"http:\/\/www.carideal.com\/blog\/2018\/02\/03\/meilleures-berlines-hayon-2018\/\">Les meilleures berlines premium<\/a><\/li>\n<\/ul>\n<p>Au lancement, deux moteurs \u00e0 essence ont \u00e9t\u00e9 retenus, le 1.4 TFSI de 122 ch et le 1.8 TFSI de 180 ch et un diesel 1.6 TDI de 105 ch. Rapidement, l'A3 Sportback montera en puissance avec un diesel 2.0 TDI de 184 ch, tout en \u00e9tendant aussi son offre vers le bas avec un moteur \u00e0 essence\u00a01.2 TFSI de 105 ch et un 1.4 TFSI de 140 ch dot\u00e9 du syst\u00e8me de coupure des cylindres.<\/p>\n<h2>L\u2019Audi A3 pour rester devant.<\/h2>\n<p>C\u2019est la troisi\u00e8me g\u00e9n\u00e9ration de celle qui a invent\u00e9 le genre des compactes premium. Concurrenc\u00e9e par la <a href=\"http:\/\/www.carideal.com\/blog\/2012\/09\/28\/mercedes-classe-a-2\/\">Mercedes Classe A<\/a> et par la <a href=\"http:\/\/www.carideal.com\/blog\/2012\/06\/25\/bmw-serie1-3-portes\/\">BMW S\u00e9rie 1<\/a>, l\u2019A3 conserve une longueur d\u2019avance en montant encore en gamme. Pr\u00e9sentation ultra soign\u00e9e, multim\u00e9dia digne de ses grandes soeurs <a href=\"http:\/\/www.carideal.com\/blog\/2012\/03\/10\/audi-a6-allroad-quattro\/\">A6<\/a> et <a href=\"http:\/\/www.carideal.com\/blog\/2011\/04\/07\/audi-a7-sportback-2\/\">A7<\/a>, dont elle s\u2019inspire \u00e9galement question style, l\u2019A3 dispose de nombreux atouts pour conserver sa position.<\/p>\n","protected":false},"excerpt":{"rendered":"<p>Audi A3 Sportback 2013 Elle sera commercialis\u00e9e en F\u00e9vrier 2013 avec deux moteurs \u00e0 essence de 122 et 180 ch et un moteur diesel de 105 ch \u00e0 partir de 25500 \u20ac. Ses rivales, la BMW s\u00e9rie 1 et la nouvelle Mercedes Classe A propose une silhouette \u00e0 5 portes alors que l&rsquo;Audi A3, qui &#8230; <a title=\"Audi A3 Sportback 2013\" class=\"read-more\" href=\"https:\/\/www.carideal.com\/blog\/2012\/11\/10\/audi-a3-sportback-2013\/\" aria-label=\"En savoir plus sur Audi A3 Sportback 2013\">Lire plus<\/a><\/p>\n","protected":false},"author":3,"featured_media":20054,"comment_status":"open","ping_status":"open","sticky":false,"template":"","format":"standard","meta":{"_uag_custom_page_level_css":"","_themeisle_gutenberg_block_has_review":false,"footnotes":""},"categories":[5978],"tags":[],"class_list":["post-4990","post","type-post","status-publish","format-standard","has-post-thumbnail","hentry","category-audi"],"wppr_data":{"cwp_meta_box_check":"No"},"yoast_head":"<!-- This site is optimized with the Yoast SEO plugin v24.8.1 - https:\/\/yoast.com\/wordpress\/plugins\/seo\/ -->\n<title>Audi A3 Sportback 2013 - Blog auto Carid\u00e9al<\/title>\n<meta name=\"description\" content=\"L&#039; Audi A3 Sportback 2013 sera commercialis\u00e9e en F\u00e9vrier 2013 avec deux moteurs \u00e0 essence de 122 et 180 ch et un moteur diesel de 105 ch \u00e0 partir de 25500 \u20ac\" \/>\n<meta name=\"robots\" content=\"index, follow, max-snippet:-1, max-image-preview:large, max-video-preview:-1\" \/>\n<link rel=\"canonical\" href=\"https:\/\/www.carideal.com\/blog\/2012\/11\/10\/audi-a3-sportback-2013\/\" \/>\n<meta property=\"og:locale\" content=\"fr_FR\" \/>\n<meta property=\"og:type\" content=\"article\" \/>\n<meta property=\"og:title\" content=\"Audi A3 Sportback 2013 - Blog auto Carid\u00e9al\" \/>\n<meta property=\"og:description\" content=\"L&#039; Audi A3 Sportback 2013 sera commercialis\u00e9e en F\u00e9vrier 2013 avec deux moteurs \u00e0 essence de 122 et 180 ch et un moteur diesel de 105 ch \u00e0 partir de 25500 \u20ac\" \/>\n<meta property=\"og:url\" content=\"https:\/\/www.carideal.com\/blog\/2012\/11\/10\/audi-a3-sportback-2013\/\" \/>\n<meta property=\"og:site_name\" content=\"Blog auto Carid\u00e9al\" \/>\n<meta property=\"article:publisher\" content=\"https:\/\/www.facebook.com\/Carideal.mandataire.automobile\" \/>\n<meta property=\"article:author\" content=\"https:\/\/www.facebook.com\/nicolas.schiavon.39\" \/>\n<meta property=\"article:published_time\" content=\"2012-11-10T23:00:00+00:00\" \/>\n<meta property=\"article:modified_time\" content=\"2019-10-04T13:15:45+00:00\" \/>\n<meta property=\"og:image\" content=\"https:\/\/www.carideal.com\/blog\/wp-content\/uploads\/2012\/11\/audia3sportback2013achatcaridealmandataireautomobile-1352628668.jpg\" \/>\n\t<meta property=\"og:image:width\" content=\"400\" \/>\n\t<meta property=\"og:image:height\" content=\"245\" \/>\n\t<meta property=\"og:image:type\" content=\"image\/jpeg\" \/>\n<meta name=\"author\" content=\"Nicolas SCHIAVON\" \/>\n<meta name=\"twitter:card\" content=\"summary_large_image\" \/>\n<meta name=\"twitter:creator\" content=\"@caridealauto\" \/>\n<meta name=\"twitter:site\" content=\"@caridealauto\" \/>\n<meta name=\"twitter:label1\" content=\"\u00c9crit par\" \/>\n\t<meta name=\"twitter:data1\" content=\"Nicolas SCHIAVON\" \/>\n\t<meta name=\"twitter:label2\" content=\"Dur\u00e9e de lecture estim\u00e9e\" \/>\n\t<meta name=\"twitter:data2\" content=\"1 minute\" \/>\n<script type=\"application\/ld+json\" class=\"yoast-schema-graph\">{\"@context\":\"https:\/\/schema.org\",\"@graph\":[{\"@type\":\"Article\",\"@id\":\"https:\/\/www.carideal.com\/blog\/2012\/11\/10\/audi-a3-sportback-2013\/#article\",\"isPartOf\":{\"@id\":\"https:\/\/www.carideal.com\/blog\/2012\/11\/10\/audi-a3-sportback-2013\/\"},\"author\":{\"name\":\"Nicolas SCHIAVON\",\"@id\":\"https:\/\/www.carideal.com\/blog\/#\/schema\/person\/cd95dc7919660de90d31b366f85be1ec\"},\"headline\":\"Audi A3 Sportback 2013\",\"datePublished\":\"2012-11-10T23:00:00+00:00\",\"dateModified\":\"2019-10-04T13:15:45+00:00\",\"mainEntityOfPage\":{\"@id\":\"https:\/\/www.carideal.com\/blog\/2012\/11\/10\/audi-a3-sportback-2013\/\"},\"wordCount\":287,\"commentCount\":0,\"publisher\":{\"@id\":\"https:\/\/www.carideal.com\/blog\/#organization\"},\"image\":{\"@id\":\"https:\/\/www.carideal.com\/blog\/2012\/11\/10\/audi-a3-sportback-2013\/#primaryimage\"},\"thumbnailUrl\":\"https:\/\/www.carideal.com\/blog\/wp-content\/uploads\/2012\/11\/audia3sportback2013achatcaridealmandataireautomobile-1352628668.jpg\",\"articleSection\":[\"Actualit\u00e9 Audi\"],\"inLanguage\":\"fr-FR\",\"potentialAction\":[{\"@type\":\"CommentAction\",\"name\":\"Comment\",\"target\":[\"https:\/\/www.carideal.com\/blog\/2012\/11\/10\/audi-a3-sportback-2013\/#respond\"]}]},{\"@type\":\"WebPage\",\"@id\":\"https:\/\/www.carideal.com\/blog\/2012\/11\/10\/audi-a3-sportback-2013\/\",\"url\":\"https:\/\/www.carideal.com\/blog\/2012\/11\/10\/audi-a3-sportback-2013\/\",\"name\":\"Audi A3 Sportback 2013 - Blog auto Carid\u00e9al\",\"isPartOf\":{\"@id\":\"https:\/\/www.carideal.com\/blog\/#website\"},\"primaryImageOfPage\":{\"@id\":\"https:\/\/www.carideal.com\/blog\/2012\/11\/10\/audi-a3-sportback-2013\/#primaryimage\"},\"image\":{\"@id\":\"https:\/\/www.carideal.com\/blog\/2012\/11\/10\/audi-a3-sportback-2013\/#primaryimage\"},\"thumbnailUrl\":\"https:\/\/www.carideal.com\/blog\/wp-content\/uploads\/2012\/11\/audia3sportback2013achatcaridealmandataireautomobile-1352628668.jpg\",\"datePublished\":\"2012-11-10T23:00:00+00:00\",\"dateModified\":\"2019-10-04T13:15:45+00:00\",\"description\":\"L' Audi A3 Sportback 2013 sera commercialis\u00e9e en F\u00e9vrier 2013 avec deux moteurs \u00e0 essence de 122 et 180 ch et un moteur diesel de 105 ch \u00e0 partir de 25500 \u20ac\",\"breadcrumb\":{\"@id\":\"https:\/\/www.carideal.com\/blog\/2012\/11\/10\/audi-a3-sportback-2013\/#breadcrumb\"},\"inLanguage\":\"fr-FR\",\"potentialAction\":[{\"@type\":\"ReadAction\",\"target\":[\"https:\/\/www.carideal.com\/blog\/2012\/11\/10\/audi-a3-sportback-2013\/\"]}]},{\"@type\":\"ImageObject\",\"inLanguage\":\"fr-FR\",\"@id\":\"https:\/\/www.carideal.com\/blog\/2012\/11\/10\/audi-a3-sportback-2013\/#primaryimage\",\"url\":\"https:\/\/www.carideal.com\/blog\/wp-content\/uploads\/2012\/11\/audia3sportback2013achatcaridealmandataireautomobile-1352628668.jpg\",\"contentUrl\":\"https:\/\/www.carideal.com\/blog\/wp-content\/uploads\/2012\/11\/audia3sportback2013achatcaridealmandataireautomobile-1352628668.jpg\",\"width\":400,\"height\":245,\"caption\":\"Audi A3 Sportback 2013\"},{\"@type\":\"BreadcrumbList\",\"@id\":\"https:\/\/www.carideal.com\/blog\/2012\/11\/10\/audi-a3-sportback-2013\/#breadcrumb\",\"itemListElement\":[{\"@type\":\"ListItem\",\"position\":1,\"name\":\"Blog Carid\u00e9al\",\"item\":\"https:\/\/www.carideal.com\/blog\/\"},{\"@type\":\"ListItem\",\"position\":2,\"name\":\"Actualit\u00e9 constructeur automobile\",\"item\":\"https:\/\/www.carideal.com\/blog\/constructeur\/\"},{\"@type\":\"ListItem\",\"position\":3,\"name\":\"Actualit\u00e9 Audi\",\"item\":\"https:\/\/www.carideal.com\/blog\/constructeur\/audi\/\"},{\"@type\":\"ListItem\",\"position\":4,\"name\":\"Audi A3 Sportback 2013\"}]},{\"@type\":\"WebSite\",\"@id\":\"https:\/\/www.carideal.com\/blog\/#website\",\"url\":\"https:\/\/www.carideal.com\/blog\/\",\"name\":\"Blog auto Carid\u00e9al\",\"description\":\"Actualit\u00e9 auto par des passionn\u00e9s\",\"publisher\":{\"@id\":\"https:\/\/www.carideal.com\/blog\/#organization\"},\"potentialAction\":[{\"@type\":\"SearchAction\",\"target\":{\"@type\":\"EntryPoint\",\"urlTemplate\":\"https:\/\/www.carideal.com\/blog\/?s={search_term_string}\"},\"query-input\":{\"@type\":\"PropertyValueSpecification\",\"valueRequired\":true,\"valueName\":\"search_term_string\"}}],\"inLanguage\":\"fr-FR\"},{\"@type\":\"Organization\",\"@id\":\"https:\/\/www.carideal.com\/blog\/#organization\",\"name\":\"Carideal\",\"url\":\"https:\/\/www.carideal.com\/blog\/\",\"logo\":{\"@type\":\"ImageObject\",\"inLanguage\":\"fr-FR\",\"@id\":\"https:\/\/www.carideal.com\/blog\/#\/schema\/logo\/image\/\",\"url\":\"http:\/\/www.carideal.com\/blog\/wp-content\/uploads\/2016\/03\/logo-carideal-mandataire-automobile.png\",\"contentUrl\":\"http:\/\/www.carideal.com\/blog\/wp-content\/uploads\/2016\/03\/logo-carideal-mandataire-automobile.png\",\"width\":300,\"height\":300,\"caption\":\"Carideal\"},\"image\":{\"@id\":\"https:\/\/www.carideal.com\/blog\/#\/schema\/logo\/image\/\"},\"sameAs\":[\"https:\/\/www.facebook.com\/Carideal.mandataire.automobile\",\"https:\/\/x.com\/caridealauto\",\"https:\/\/www.instagram.com\/carideal1\/\",\"https:\/\/www.linkedin.com\/company\/carideal.com\",\"https:\/\/fr.pinterest.com\/schiavonsas\/\",\"https:\/\/www.youtube.com\/user\/caridealsas\"]},{\"@type\":\"Person\",\"@id\":\"https:\/\/www.carideal.com\/blog\/#\/schema\/person\/cd95dc7919660de90d31b366f85be1ec\",\"name\":\"Nicolas SCHIAVON\",\"image\":{\"@type\":\"ImageObject\",\"inLanguage\":\"fr-FR\",\"@id\":\"https:\/\/www.carideal.com\/blog\/#\/schema\/person\/image\/\",\"url\":\"https:\/\/secure.gravatar.com\/avatar\/c17e55009e671d92cc7f5dc837dc418a?s=96&r=g\",\"contentUrl\":\"https:\/\/secure.gravatar.com\/avatar\/c17e55009e671d92cc7f5dc837dc418a?s=96&r=g\",\"caption\":\"Nicolas SCHIAVON\"},\"description\":\"Nicolas Schiavon est tomb\u00e9 tout petit dans la marmite automobile. Ayant eu un garage de marque automobile, mandataire automobile de la premi\u00e8re heure d\u00e8s 1999. Nicolas a cr\u00e9\u00e9 ces premiers sites de vente de voiture et blog automobile d\u00e8s 1994. Carideal est n\u00e9 le 15 d\u00e9cembre 2000 de la volont\u00e9 de vendre des voitures d'occasions en ligne puis des voitures neuves. Il a pu essayer beaucoup de voitures tr\u00e8s diff\u00e9rentes et ayant eu personnellement quelques belles autos, Subaru Impreza, Mitsubishi Lancer Evo 7, Porsche 911, Ferrari Testarrossa, Audi RS3, RS4 et j'en passe...\",\"sameAs\":[\"http:\/\/www.carideal.com\",\"https:\/\/www.facebook.com\/nicolas.schiavon.39\",\"https:\/\/www.instagram.com\/carideal1\/\",\"https:\/\/www.linkedin.com\/in\/nschiavon\/\",\"https:\/\/x.com\/caridealauto\",\"https:\/\/www.youtube.com\/user\/caridealsas\/\"],\"url\":\"https:\/\/www.carideal.com\/blog\/author\/nschiavon\/\"}]}<\/script>\n<!-- \/ Yoast SEO plugin. -->","yoast_head_json":{"title":"Audi A3 Sportback 2013 - Blog auto Carid\u00e9al","description":"L' Audi A3 Sportback 2013 sera commercialis\u00e9e en F\u00e9vrier 2013 avec deux moteurs \u00e0 essence de 122 et 180 ch et un moteur diesel de 105 ch \u00e0 partir de 25500 \u20ac","robots":{"index":"index","follow":"follow","max-snippet":"max-snippet:-1","max-image-preview":"max-image-preview:large","max-video-preview":"max-video-preview:-1"},"canonical":"https:\/\/www.carideal.com\/blog\/2012\/11\/10\/audi-a3-sportback-2013\/","og_locale":"fr_FR","og_type":"article","og_title":"Audi A3 Sportback 2013 - Blog auto Carid\u00e9al","og_description":"L' Audi A3 Sportback 2013 sera commercialis\u00e9e en F\u00e9vrier 2013 avec deux moteurs \u00e0 essence de 122 et 180 ch et un moteur diesel de 105 ch \u00e0 partir de 25500 \u20ac","og_url":"https:\/\/www.carideal.com\/blog\/2012\/11\/10\/audi-a3-sportback-2013\/","og_site_name":"Blog auto Carid\u00e9al","article_publisher":"https:\/\/www.facebook.com\/Carideal.mandataire.automobile","article_author":"https:\/\/www.facebook.com\/nicolas.schiavon.39","article_published_time":"2012-11-10T23:00:00+00:00","article_modified_time":"2019-10-04T13:15:45+00:00","og_image":[{"width":400,"height":245,"url":"https:\/\/www.carideal.com\/blog\/wp-content\/uploads\/2012\/11\/audia3sportback2013achatcaridealmandataireautomobile-1352628668.jpg","type":"image\/jpeg"}],"author":"Nicolas SCHIAVON","twitter_card":"summary_large_image","twitter_creator":"@caridealauto","twitter_site":"@caridealauto","twitter_misc":{"\u00c9crit par":"Nicolas SCHIAVON","Dur\u00e9e de lecture estim\u00e9e":"1 minute"},"schema":{"@context":"https:\/\/schema.org","@graph":[{"@type":"Article","@id":"https:\/\/www.carideal.com\/blog\/2012\/11\/10\/audi-a3-sportback-2013\/#article","isPartOf":{"@id":"https:\/\/www.carideal.com\/blog\/2012\/11\/10\/audi-a3-sportback-2013\/"},"author":{"name":"Nicolas SCHIAVON","@id":"https:\/\/www.carideal.com\/blog\/#\/schema\/person\/cd95dc7919660de90d31b366f85be1ec"},"headline":"Audi A3 Sportback 2013","datePublished":"2012-11-10T23:00:00+00:00","dateModified":"2019-10-04T13:15:45+00:00","mainEntityOfPage":{"@id":"https:\/\/www.carideal.com\/blog\/2012\/11\/10\/audi-a3-sportback-2013\/"},"wordCount":287,"commentCount":0,"publisher":{"@id":"https:\/\/www.carideal.com\/blog\/#organization"},"image":{"@id":"https:\/\/www.carideal.com\/blog\/2012\/11\/10\/audi-a3-sportback-2013\/#primaryimage"},"thumbnailUrl":"https:\/\/www.carideal.com\/blog\/wp-content\/uploads\/2012\/11\/audia3sportback2013achatcaridealmandataireautomobile-1352628668.jpg","articleSection":["Actualit\u00e9 Audi"],"inLanguage":"fr-FR","potentialAction":[{"@type":"CommentAction","name":"Comment","target":["https:\/\/www.carideal.com\/blog\/2012\/11\/10\/audi-a3-sportback-2013\/#respond"]}]},{"@type":"WebPage","@id":"https:\/\/www.carideal.com\/blog\/2012\/11\/10\/audi-a3-sportback-2013\/","url":"https:\/\/www.carideal.com\/blog\/2012\/11\/10\/audi-a3-sportback-2013\/","name":"Audi A3 Sportback 2013 - Blog auto Carid\u00e9al","isPartOf":{"@id":"https:\/\/www.carideal.com\/blog\/#website"},"primaryImageOfPage":{"@id":"https:\/\/www.carideal.com\/blog\/2012\/11\/10\/audi-a3-sportback-2013\/#primaryimage"},"image":{"@id":"https:\/\/www.carideal.com\/blog\/2012\/11\/10\/audi-a3-sportback-2013\/#primaryimage"},"thumbnailUrl":"https:\/\/www.carideal.com\/blog\/wp-content\/uploads\/2012\/11\/audia3sportback2013achatcaridealmandataireautomobile-1352628668.jpg","datePublished":"2012-11-10T23:00:00+00:00","dateModified":"2019-10-04T13:15:45+00:00","description":"L' Audi A3 Sportback 2013 sera commercialis\u00e9e en F\u00e9vrier 2013 avec deux moteurs \u00e0 essence de 122 et 180 ch et un moteur diesel de 105 ch \u00e0 partir de 25500 \u20ac","breadcrumb":{"@id":"https:\/\/www.carideal.com\/blog\/2012\/11\/10\/audi-a3-sportback-2013\/#breadcrumb"},"inLanguage":"fr-FR","potentialAction":[{"@type":"ReadAction","target":["https:\/\/www.carideal.com\/blog\/2012\/11\/10\/audi-a3-sportback-2013\/"]}]},{"@type":"ImageObject","inLanguage":"fr-FR","@id":"https:\/\/www.carideal.com\/blog\/2012\/11\/10\/audi-a3-sportback-2013\/#primaryimage","url":"https:\/\/www.carideal.com\/blog\/wp-content\/uploads\/2012\/11\/audia3sportback2013achatcaridealmandataireautomobile-1352628668.jpg","contentUrl":"https:\/\/www.carideal.com\/blog\/wp-content\/uploads\/2012\/11\/audia3sportback2013achatcaridealmandataireautomobile-1352628668.jpg","width":400,"height":245,"caption":"Audi A3 Sportback 2013"},{"@type":"BreadcrumbList","@id":"https:\/\/www.carideal.com\/blog\/2012\/11\/10\/audi-a3-sportback-2013\/#breadcrumb","itemListElement":[{"@type":"ListItem","position":1,"name":"Blog Carid\u00e9al","item":"https:\/\/www.carideal.com\/blog\/"},{"@type":"ListItem","position":2,"name":"Actualit\u00e9 constructeur automobile","item":"https:\/\/www.carideal.com\/blog\/constructeur\/"},{"@type":"ListItem","position":3,"name":"Actualit\u00e9 Audi","item":"https:\/\/www.carideal.com\/blog\/constructeur\/audi\/"},{"@type":"ListItem","position":4,"name":"Audi A3 Sportback 2013"}]},{"@type":"WebSite","@id":"https:\/\/www.carideal.com\/blog\/#website","url":"https:\/\/www.carideal.com\/blog\/","name":"Blog auto Carid\u00e9al","description":"Actualit\u00e9 auto par des passionn\u00e9s","publisher":{"@id":"https:\/\/www.carideal.com\/blog\/#organization"},"potentialAction":[{"@type":"SearchAction","target":{"@type":"EntryPoint","urlTemplate":"https:\/\/www.carideal.com\/blog\/?s={search_term_string}"},"query-input":{"@type":"PropertyValueSpecification","valueRequired":true,"valueName":"search_term_string"}}],"inLanguage":"fr-FR"},{"@type":"Organization","@id":"https:\/\/www.carideal.com\/blog\/#organization","name":"Carideal","url":"https:\/\/www.carideal.com\/blog\/","logo":{"@type":"ImageObject","inLanguage":"fr-FR","@id":"https:\/\/www.carideal.com\/blog\/#\/schema\/logo\/image\/","url":"http:\/\/www.carideal.com\/blog\/wp-content\/uploads\/2016\/03\/logo-carideal-mandataire-automobile.png","contentUrl":"http:\/\/www.carideal.com\/blog\/wp-content\/uploads\/2016\/03\/logo-carideal-mandataire-automobile.png","width":300,"height":300,"caption":"Carideal"},"image":{"@id":"https:\/\/www.carideal.com\/blog\/#\/schema\/logo\/image\/"},"sameAs":["https:\/\/www.facebook.com\/Carideal.mandataire.automobile","https:\/\/x.com\/caridealauto","https:\/\/www.instagram.com\/carideal1\/","https:\/\/www.linkedin.com\/company\/carideal.com","https:\/\/fr.pinterest.com\/schiavonsas\/","https:\/\/www.youtube.com\/user\/caridealsas"]},{"@type":"Person","@id":"https:\/\/www.carideal.com\/blog\/#\/schema\/person\/cd95dc7919660de90d31b366f85be1ec","name":"Nicolas SCHIAVON","image":{"@type":"ImageObject","inLanguage":"fr-FR","@id":"https:\/\/www.carideal.com\/blog\/#\/schema\/person\/image\/","url":"https:\/\/secure.gravatar.com\/avatar\/c17e55009e671d92cc7f5dc837dc418a?s=96&r=g","contentUrl":"https:\/\/secure.gravatar.com\/avatar\/c17e55009e671d92cc7f5dc837dc418a?s=96&r=g","caption":"Nicolas SCHIAVON"},"description":"Nicolas Schiavon est tomb\u00e9 tout petit dans la marmite automobile. Ayant eu un garage de marque automobile, mandataire automobile de la premi\u00e8re heure d\u00e8s 1999. Nicolas a cr\u00e9\u00e9 ces premiers sites de vente de voiture et blog automobile d\u00e8s 1994. Carideal est n\u00e9 le 15 d\u00e9cembre 2000 de la volont\u00e9 de vendre des voitures d'occasions en ligne puis des voitures neuves. Il a pu essayer beaucoup de voitures tr\u00e8s diff\u00e9rentes et ayant eu personnellement quelques belles autos, Subaru Impreza, Mitsubishi Lancer Evo 7, Porsche 911, Ferrari Testarrossa, Audi RS3, RS4 et j'en passe...","sameAs":["http:\/\/www.carideal.com","https:\/\/www.facebook.com\/nicolas.schiavon.39","https:\/\/www.instagram.com\/carideal1\/","https:\/\/www.linkedin.com\/in\/nschiavon\/","https:\/\/x.com\/caridealauto","https:\/\/www.youtube.com\/user\/caridealsas\/"],"url":"https:\/\/www.carideal.com\/blog\/author\/nschiavon\/"}]}},"uagb_featured_image_src":{"full":["https:\/\/www.carideal.com\/blog\/wp-content\/uploads\/2012\/11\/audia3sportback2013achatcaridealmandataireautomobile-1352628668.jpg",400,245,false],"thumbnail":["https:\/\/www.carideal.com\/blog\/wp-content\/uploads\/2012\/11\/audia3sportback2013achatcaridealmandataireautomobile-1352628668-150x150.jpg",150,150,true],"medium":["https:\/\/www.carideal.com\/blog\/wp-content\/uploads\/2012\/11\/audia3sportback2013achatcaridealmandataireautomobile-1352628668-300x184.jpg",300,184,true],"medium_large":["https:\/\/www.carideal.com\/blog\/wp-content\/uploads\/2012\/11\/audia3sportback2013achatcaridealmandataireautomobile-1352628668.jpg",400,245,false],"large":["https:\/\/www.carideal.com\/blog\/wp-content\/uploads\/2012\/11\/audia3sportback2013achatcaridealmandataireautomobile-1352628668.jpg",400,245,false],"1536x1536":["https:\/\/www.carideal.com\/blog\/wp-content\/uploads\/2012\/11\/audia3sportback2013achatcaridealmandataireautomobile-1352628668.jpg",400,245,false],"2048x2048":["https:\/\/www.carideal.com\/blog\/wp-content\/uploads\/2012\/11\/audia3sportback2013achatcaridealmandataireautomobile-1352628668.jpg",400,245,false],"wppr-widget":["https:\/\/www.carideal.com\/blog\/wp-content\/uploads\/2012\/11\/audia3sportback2013achatcaridealmandataireautomobile-1352628668-50x31.jpg",50,31,true]},"uagb_author_info":{"display_name":"Nicolas SCHIAVON","author_link":"https:\/\/www.carideal.com\/blog\/author\/nschiavon\/"},"uagb_comment_info":0,"uagb_excerpt":"Audi A3 Sportback 2013 Elle sera commercialis\u00e9e en F\u00e9vrier 2013 avec deux moteurs \u00e0 essence de 122 et 180 ch et un moteur diesel de 105 ch \u00e0 partir de 25500 \u20ac. Ses rivales, la BMW s\u00e9rie 1 et la nouvelle Mercedes Classe A propose une silhouette \u00e0 5 portes alors que l'Audi A3, qui\u2026","_links":{"self":[{"href":"https:\/\/www.carideal.com\/blog\/wp-json\/wp\/v2\/posts\/4990"}],"collection":[{"href":"https:\/\/www.carideal.com\/blog\/wp-json\/wp\/v2\/posts"}],"about":[{"href":"https:\/\/www.carideal.com\/blog\/wp-json\/wp\/v2\/types\/post"}],"author":[{"embeddable":true,"href":"https:\/\/www.carideal.com\/blog\/wp-json\/wp\/v2\/users\/3"}],"replies":[{"embeddable":true,"href":"https:\/\/www.carideal.com\/blog\/wp-json\/wp\/v2\/comments?post=4990"}],"version-history":[{"count":0,"href":"https:\/\/www.carideal.com\/blog\/wp-json\/wp\/v2\/posts\/4990\/revisions"}],"wp:featuredmedia":[{"embeddable":true,"href":"https:\/\/www.carideal.com\/blog\/wp-json\/wp\/v2\/media\/20054"}],"wp:attachment":[{"href":"https:\/\/www.carideal.com\/blog\/wp-json\/wp\/v2\/media?parent=4990"}],"wp:term":[{"taxonomy":"category","embeddable":true,"href":"https:\/\/www.carideal.com\/blog\/wp-json\/wp\/v2\/categories?post=4990"},{"taxonomy":"post_tag","embeddable":true,"href":"https:\/\/www.carideal.com\/blog\/wp-json\/wp\/v2\/tags?post=4990"}],"curies":[{"name":"wp","href":"https:\/\/api.w.org\/{rel}","templated":true}]}}