{"id":4972,"date":"2012-10-18T22:00:00","date_gmt":"2012-10-18T22:00:00","guid":{"rendered":"http:\/\/www.carideal.com\/blog\/2012\/10\/18\/promo-supplementaire-remise-prime-a-la-casse-peugeot\/"},"modified":"2018-10-24T19:19:40","modified_gmt":"2018-10-24T17:19:40","slug":"promo-supplementaire-remise-prime-a-la-casse-peugeot","status":"publish","type":"post","link":"https:\/\/www.carideal.com\/blog\/2012\/10\/18\/promo-supplementaire-remise-prime-a-la-casse-peugeot\/","title":{"rendered":"Offre &#8211; Promo suppl\u00e9mentaire prime \u00e0 la casse Peugeot"},"content":{"rendered":"<div>\n<h2>Offre Promo suppl\u00e9mentaire remise prime \u00e0\u00a0la casse Peugeot<\/h2>\n<\/div>\n<p>Le 18\/10\/2012 pour le mois d'Octobre 2012<\/p>\n<p>Nous proposons une offre sp\u00e9ciale avec une promo suppl\u00e9mentaire sous la forme d'une remise prime \u00e0 la casse pour l'achat d'une Peugeot.<\/p>\n<p>Promo, d\u00e9stockage, livraison sur Octobre 2012, prime \u00e0 la casse, tout ce qu'il faut savoir pour l'achat dans les meilleurs conditions de votre <a href=\"http:\/\/www.carideal.com\/blog\/marque-de-voiture-actualites-essais\/peugeot\/\">Peugeot<\/a> d'origine Italie. Cette prime est valable pour tous les mod\u00e8les de la gamme Peugeot, Peugeot 108, Peugeot 208, Peugeot 308, Peugeot 508, 807. Les SUV sont aussi concern\u00e9s avec les Peugeot 2008 et Peugeot 3008.<\/p>\n<figure style=\"width: 498px\" class=\"wp-caption alignnone\"><img loading=\"lazy\" decoding=\"async\" title=\"Offre speciale prime \u00e0 la casse Peugeot\" src=\"http:\/\/www.carideal.com\/images_actualite\/logopeugeotachatcaridealmandataireautomobile-1350630693.jpg\" alt=\"Offre speciale prime \u00e0 la casse Peugeot\" width=\"508\" height=\"366\" \/><figcaption class=\"wp-caption-text\">Offre speciale prime \u00e0 la casse Peugeot<\/figcaption><\/figure>\n<h2>OBTENEZ UNE OFFRE DE REPRISE DE VOTRE VOITURE ACTUELLE<\/h2>\n<p>L\u2019un des moyens d\u2019obtenir un nouveau v\u00e9hicule PEUGEOT consiste \u00e0 faire reprendre votre voiture actuelle pour l'achat de votre nouveau v\u00e9hicule avec une promotion.<\/p>\n<p>Si votre voiture remplit les conditions vous pouvez obtenir une prime reprise \u00e0 la casse pour l'achat de votre Peugeot.<\/p>\n<p>Vous pouvez m\u00eame prendre un remboursement si vous le souhaitez, ou une combinaison des deux.<br \/>\nIl vous suffit de saisir l\u2019immatriculation, le kilom\u00e9trage et l\u2019\u00e9tat actuels de votre voiture actuelle et de r\u00e9pondre \u00e0 quelques questions \u00abOui\u00bb ou \u00abNon\u00bb. Vous recevrez une estimation gratuite et instantan\u00e9e que vous pourrez appliquer lors de la commande de votre PEUGEOT en ligne ou chez le concessionnaire.<br \/>\nVous pouvez \u00e9changer votre voiture actuelle contre tout nouveau mod\u00e8le PEUGEOT avec le financement de votre choix et commandez en ligne d\u00e8s aujourd'hui. Lorsque vous restituez votre voiture actuelle, si tout se passe comme pr\u00e9vu, votre ancienne voiture sera emport\u00e9e.<br \/>\nEt c'est tout! Il n'a jamais \u00e9t\u00e9 aussi facile d'acheter votre nouvelle PEUGEOT en profitant d'une promo.<\/p>\n","protected":false},"excerpt":{"rendered":"<p>Offre Promo suppl\u00e9mentaire remise prime \u00e0\u00a0la casse Peugeot Le 18\/10\/2012 pour le mois d&rsquo;Octobre 2012 Nous proposons une offre sp\u00e9ciale avec une promo suppl\u00e9mentaire sous la forme d&rsquo;une remise prime \u00e0 la casse pour l&rsquo;achat d&rsquo;une Peugeot. Promo, d\u00e9stockage, livraison sur Octobre 2012, prime \u00e0 la casse, tout ce qu&rsquo;il faut savoir pour l&rsquo;achat dans &#8230; <a title=\"Offre &#8211; Promo suppl\u00e9mentaire prime \u00e0 la casse Peugeot\" class=\"read-more\" href=\"https:\/\/www.carideal.com\/blog\/2012\/10\/18\/promo-supplementaire-remise-prime-a-la-casse-peugeot\/\" aria-label=\"En savoir plus sur Offre &#8211; Promo suppl\u00e9mentaire prime \u00e0 la casse Peugeot\">Lire plus<\/a><\/p>\n","protected":false},"author":3,"featured_media":16296,"comment_status":"open","ping_status":"open","sticky":false,"template":"","format":"standard","meta":{"_uag_custom_page_level_css":"","_themeisle_gutenberg_block_has_review":false,"footnotes":""},"categories":[21],"tags":[4129,6224,1507],"class_list":["post-4972","post","type-post","status-publish","format-standard","has-post-thumbnail","hentry","category-actualites-auto","tag-offre","tag-offre-voiture-neuve","tag-promos"],"wppr_data":{"cwp_meta_box_check":"No"},"yoast_head":"<!-- This site is optimized with the Yoast SEO plugin v24.8.1 - https:\/\/yoast.com\/wordpress\/plugins\/seo\/ -->\n<title>Offre - Promo suppl\u00e9mentaire prime \u00e0 la casse Peugeot - Blog auto Carid\u00e9al<\/title>\n<meta name=\"robots\" content=\"index, follow, max-snippet:-1, max-image-preview:large, max-video-preview:-1\" \/>\n<link rel=\"canonical\" href=\"https:\/\/www.carideal.com\/blog\/2012\/10\/18\/promo-supplementaire-remise-prime-a-la-casse-peugeot\/\" \/>\n<meta property=\"og:locale\" content=\"fr_FR\" \/>\n<meta property=\"og:type\" content=\"article\" \/>\n<meta property=\"og:title\" content=\"Offre - Promo suppl\u00e9mentaire prime \u00e0 la casse Peugeot - Blog auto Carid\u00e9al\" \/>\n<meta property=\"og:description\" content=\"Offre Promo suppl\u00e9mentaire remise prime \u00e0\u00a0la casse Peugeot Le 18\/10\/2012 pour le mois d&#039;Octobre 2012 Nous proposons une offre sp\u00e9ciale avec une promo suppl\u00e9mentaire sous la forme d&#039;une remise prime \u00e0 la casse pour l&#039;achat d&#039;une Peugeot. Promo, d\u00e9stockage, livraison sur Octobre 2012, prime \u00e0 la casse, tout ce qu&#039;il faut savoir pour l&#039;achat dans ... Lire plus\" \/>\n<meta property=\"og:url\" content=\"https:\/\/www.carideal.com\/blog\/2012\/10\/18\/promo-supplementaire-remise-prime-a-la-casse-peugeot\/\" \/>\n<meta property=\"og:site_name\" content=\"Blog auto Carid\u00e9al\" \/>\n<meta property=\"article:publisher\" content=\"https:\/\/www.facebook.com\/Carideal.mandataire.automobile\" \/>\n<meta property=\"article:author\" content=\"https:\/\/www.facebook.com\/nicolas.schiavon.39\" \/>\n<meta property=\"article:published_time\" content=\"2012-10-18T22:00:00+00:00\" \/>\n<meta property=\"article:modified_time\" content=\"2018-10-24T17:19:40+00:00\" \/>\n<meta property=\"og:image\" content=\"https:\/\/www.carideal.com\/blog\/wp-content\/uploads\/2012\/10\/Peugeot-308-2011-1.jpg\" \/>\n\t<meta property=\"og:image:width\" content=\"600\" \/>\n\t<meta property=\"og:image:height\" content=\"450\" \/>\n\t<meta property=\"og:image:type\" content=\"image\/jpeg\" \/>\n<meta name=\"author\" content=\"Nicolas SCHIAVON\" \/>\n<meta name=\"twitter:card\" content=\"summary_large_image\" \/>\n<meta name=\"twitter:creator\" content=\"@caridealauto\" \/>\n<meta name=\"twitter:site\" content=\"@caridealauto\" \/>\n<meta name=\"twitter:label1\" content=\"\u00c9crit par\" \/>\n\t<meta name=\"twitter:data1\" content=\"Nicolas SCHIAVON\" \/>\n\t<meta name=\"twitter:label2\" content=\"Dur\u00e9e de lecture estim\u00e9e\" \/>\n\t<meta name=\"twitter:data2\" content=\"1 minute\" \/>\n<script type=\"application\/ld+json\" class=\"yoast-schema-graph\">{\"@context\":\"https:\/\/schema.org\",\"@graph\":[{\"@type\":\"Article\",\"@id\":\"https:\/\/www.carideal.com\/blog\/2012\/10\/18\/promo-supplementaire-remise-prime-a-la-casse-peugeot\/#article\",\"isPartOf\":{\"@id\":\"https:\/\/www.carideal.com\/blog\/2012\/10\/18\/promo-supplementaire-remise-prime-a-la-casse-peugeot\/\"},\"author\":{\"name\":\"Nicolas SCHIAVON\",\"@id\":\"https:\/\/www.carideal.com\/blog\/#\/schema\/person\/cd95dc7919660de90d31b366f85be1ec\"},\"headline\":\"Offre &#8211; Promo suppl\u00e9mentaire prime \u00e0 la casse Peugeot\",\"datePublished\":\"2012-10-18T22:00:00+00:00\",\"dateModified\":\"2018-10-24T17:19:40+00:00\",\"mainEntityOfPage\":{\"@id\":\"https:\/\/www.carideal.com\/blog\/2012\/10\/18\/promo-supplementaire-remise-prime-a-la-casse-peugeot\/\"},\"wordCount\":295,\"commentCount\":0,\"publisher\":{\"@id\":\"https:\/\/www.carideal.com\/blog\/#organization\"},\"image\":{\"@id\":\"https:\/\/www.carideal.com\/blog\/2012\/10\/18\/promo-supplementaire-remise-prime-a-la-casse-peugeot\/#primaryimage\"},\"thumbnailUrl\":\"https:\/\/www.carideal.com\/blog\/wp-content\/uploads\/2012\/10\/Peugeot-308-2011-1.jpg\",\"keywords\":[\"Offre Automobile\",\"offre voiture neuve\",\"Promo Voiture\"],\"articleSection\":[\"Actualit\u00e9 automobile\"],\"inLanguage\":\"fr-FR\",\"potentialAction\":[{\"@type\":\"CommentAction\",\"name\":\"Comment\",\"target\":[\"https:\/\/www.carideal.com\/blog\/2012\/10\/18\/promo-supplementaire-remise-prime-a-la-casse-peugeot\/#respond\"]}]},{\"@type\":\"WebPage\",\"@id\":\"https:\/\/www.carideal.com\/blog\/2012\/10\/18\/promo-supplementaire-remise-prime-a-la-casse-peugeot\/\",\"url\":\"https:\/\/www.carideal.com\/blog\/2012\/10\/18\/promo-supplementaire-remise-prime-a-la-casse-peugeot\/\",\"name\":\"Offre - Promo suppl\u00e9mentaire prime \u00e0 la casse Peugeot - Blog auto Carid\u00e9al\",\"isPartOf\":{\"@id\":\"https:\/\/www.carideal.com\/blog\/#website\"},\"primaryImageOfPage\":{\"@id\":\"https:\/\/www.carideal.com\/blog\/2012\/10\/18\/promo-supplementaire-remise-prime-a-la-casse-peugeot\/#primaryimage\"},\"image\":{\"@id\":\"https:\/\/www.carideal.com\/blog\/2012\/10\/18\/promo-supplementaire-remise-prime-a-la-casse-peugeot\/#primaryimage\"},\"thumbnailUrl\":\"https:\/\/www.carideal.com\/blog\/wp-content\/uploads\/2012\/10\/Peugeot-308-2011-1.jpg\",\"datePublished\":\"2012-10-18T22:00:00+00:00\",\"dateModified\":\"2018-10-24T17:19:40+00:00\",\"breadcrumb\":{\"@id\":\"https:\/\/www.carideal.com\/blog\/2012\/10\/18\/promo-supplementaire-remise-prime-a-la-casse-peugeot\/#breadcrumb\"},\"inLanguage\":\"fr-FR\",\"potentialAction\":[{\"@type\":\"ReadAction\",\"target\":[\"https:\/\/www.carideal.com\/blog\/2012\/10\/18\/promo-supplementaire-remise-prime-a-la-casse-peugeot\/\"]}]},{\"@type\":\"ImageObject\",\"inLanguage\":\"fr-FR\",\"@id\":\"https:\/\/www.carideal.com\/blog\/2012\/10\/18\/promo-supplementaire-remise-prime-a-la-casse-peugeot\/#primaryimage\",\"url\":\"https:\/\/www.carideal.com\/blog\/wp-content\/uploads\/2012\/10\/Peugeot-308-2011-1.jpg\",\"contentUrl\":\"https:\/\/www.carideal.com\/blog\/wp-content\/uploads\/2012\/10\/Peugeot-308-2011-1.jpg\",\"width\":600,\"height\":450,\"caption\":\"Offre speciale prime \u00e0 la casse pour l'achat d'une Peugeot Neuve\"},{\"@type\":\"BreadcrumbList\",\"@id\":\"https:\/\/www.carideal.com\/blog\/2012\/10\/18\/promo-supplementaire-remise-prime-a-la-casse-peugeot\/#breadcrumb\",\"itemListElement\":[{\"@type\":\"ListItem\",\"position\":1,\"name\":\"Blog Carid\u00e9al\",\"item\":\"https:\/\/www.carideal.com\/blog\/\"},{\"@type\":\"ListItem\",\"position\":2,\"name\":\"Actualit\u00e9 automobile\",\"item\":\"https:\/\/www.carideal.com\/blog\/actualites-auto\/\"},{\"@type\":\"ListItem\",\"position\":3,\"name\":\"Offre &#8211; Promo suppl\u00e9mentaire prime \u00e0 la casse Peugeot\"}]},{\"@type\":\"WebSite\",\"@id\":\"https:\/\/www.carideal.com\/blog\/#website\",\"url\":\"https:\/\/www.carideal.com\/blog\/\",\"name\":\"Blog auto Carid\u00e9al\",\"description\":\"Actualit\u00e9 auto par des passionn\u00e9s\",\"publisher\":{\"@id\":\"https:\/\/www.carideal.com\/blog\/#organization\"},\"potentialAction\":[{\"@type\":\"SearchAction\",\"target\":{\"@type\":\"EntryPoint\",\"urlTemplate\":\"https:\/\/www.carideal.com\/blog\/?s={search_term_string}\"},\"query-input\":{\"@type\":\"PropertyValueSpecification\",\"valueRequired\":true,\"valueName\":\"search_term_string\"}}],\"inLanguage\":\"fr-FR\"},{\"@type\":\"Organization\",\"@id\":\"https:\/\/www.carideal.com\/blog\/#organization\",\"name\":\"Carideal\",\"url\":\"https:\/\/www.carideal.com\/blog\/\",\"logo\":{\"@type\":\"ImageObject\",\"inLanguage\":\"fr-FR\",\"@id\":\"https:\/\/www.carideal.com\/blog\/#\/schema\/logo\/image\/\",\"url\":\"http:\/\/www.carideal.com\/blog\/wp-content\/uploads\/2016\/03\/logo-carideal-mandataire-automobile.png\",\"contentUrl\":\"http:\/\/www.carideal.com\/blog\/wp-content\/uploads\/2016\/03\/logo-carideal-mandataire-automobile.png\",\"width\":300,\"height\":300,\"caption\":\"Carideal\"},\"image\":{\"@id\":\"https:\/\/www.carideal.com\/blog\/#\/schema\/logo\/image\/\"},\"sameAs\":[\"https:\/\/www.facebook.com\/Carideal.mandataire.automobile\",\"https:\/\/x.com\/caridealauto\",\"https:\/\/www.instagram.com\/carideal1\/\",\"https:\/\/www.linkedin.com\/company\/carideal.com\",\"https:\/\/fr.pinterest.com\/schiavonsas\/\",\"https:\/\/www.youtube.com\/user\/caridealsas\"]},{\"@type\":\"Person\",\"@id\":\"https:\/\/www.carideal.com\/blog\/#\/schema\/person\/cd95dc7919660de90d31b366f85be1ec\",\"name\":\"Nicolas SCHIAVON\",\"image\":{\"@type\":\"ImageObject\",\"inLanguage\":\"fr-FR\",\"@id\":\"https:\/\/www.carideal.com\/blog\/#\/schema\/person\/image\/\",\"url\":\"https:\/\/secure.gravatar.com\/avatar\/c17e55009e671d92cc7f5dc837dc418a?s=96&r=g\",\"contentUrl\":\"https:\/\/secure.gravatar.com\/avatar\/c17e55009e671d92cc7f5dc837dc418a?s=96&r=g\",\"caption\":\"Nicolas SCHIAVON\"},\"description\":\"Nicolas Schiavon est tomb\u00e9 tout petit dans la marmite automobile. Ayant eu un garage de marque automobile, mandataire automobile de la premi\u00e8re heure d\u00e8s 1999. Nicolas a cr\u00e9\u00e9 ces premiers sites de vente de voiture et blog automobile d\u00e8s 1994. Carideal est n\u00e9 le 15 d\u00e9cembre 2000 de la volont\u00e9 de vendre des voitures d'occasions en ligne puis des voitures neuves. Il a pu essayer beaucoup de voitures tr\u00e8s diff\u00e9rentes et ayant eu personnellement quelques belles autos, Subaru Impreza, Mitsubishi Lancer Evo 7, Porsche 911, Ferrari Testarrossa, Audi RS3, RS4 et j'en passe...\",\"sameAs\":[\"http:\/\/www.carideal.com\",\"https:\/\/www.facebook.com\/nicolas.schiavon.39\",\"https:\/\/www.instagram.com\/carideal1\/\",\"https:\/\/www.linkedin.com\/in\/nschiavon\/\",\"https:\/\/x.com\/caridealauto\",\"https:\/\/www.youtube.com\/user\/caridealsas\/\"],\"url\":\"https:\/\/www.carideal.com\/blog\/author\/nschiavon\/\"}]}<\/script>\n<!-- \/ Yoast SEO plugin. -->","yoast_head_json":{"title":"Offre - Promo suppl\u00e9mentaire prime \u00e0 la casse Peugeot - Blog auto Carid\u00e9al","robots":{"index":"index","follow":"follow","max-snippet":"max-snippet:-1","max-image-preview":"max-image-preview:large","max-video-preview":"max-video-preview:-1"},"canonical":"https:\/\/www.carideal.com\/blog\/2012\/10\/18\/promo-supplementaire-remise-prime-a-la-casse-peugeot\/","og_locale":"fr_FR","og_type":"article","og_title":"Offre - Promo suppl\u00e9mentaire prime \u00e0 la casse Peugeot - Blog auto Carid\u00e9al","og_description":"Offre Promo suppl\u00e9mentaire remise prime \u00e0\u00a0la casse Peugeot Le 18\/10\/2012 pour le mois d'Octobre 2012 Nous proposons une offre sp\u00e9ciale avec une promo suppl\u00e9mentaire sous la forme d'une remise prime \u00e0 la casse pour l'achat d'une Peugeot. Promo, d\u00e9stockage, livraison sur Octobre 2012, prime \u00e0 la casse, tout ce qu'il faut savoir pour l'achat dans ... Lire plus","og_url":"https:\/\/www.carideal.com\/blog\/2012\/10\/18\/promo-supplementaire-remise-prime-a-la-casse-peugeot\/","og_site_name":"Blog auto Carid\u00e9al","article_publisher":"https:\/\/www.facebook.com\/Carideal.mandataire.automobile","article_author":"https:\/\/www.facebook.com\/nicolas.schiavon.39","article_published_time":"2012-10-18T22:00:00+00:00","article_modified_time":"2018-10-24T17:19:40+00:00","og_image":[{"width":600,"height":450,"url":"https:\/\/www.carideal.com\/blog\/wp-content\/uploads\/2012\/10\/Peugeot-308-2011-1.jpg","type":"image\/jpeg"}],"author":"Nicolas SCHIAVON","twitter_card":"summary_large_image","twitter_creator":"@caridealauto","twitter_site":"@caridealauto","twitter_misc":{"\u00c9crit par":"Nicolas SCHIAVON","Dur\u00e9e de lecture estim\u00e9e":"1 minute"},"schema":{"@context":"https:\/\/schema.org","@graph":[{"@type":"Article","@id":"https:\/\/www.carideal.com\/blog\/2012\/10\/18\/promo-supplementaire-remise-prime-a-la-casse-peugeot\/#article","isPartOf":{"@id":"https:\/\/www.carideal.com\/blog\/2012\/10\/18\/promo-supplementaire-remise-prime-a-la-casse-peugeot\/"},"author":{"name":"Nicolas SCHIAVON","@id":"https:\/\/www.carideal.com\/blog\/#\/schema\/person\/cd95dc7919660de90d31b366f85be1ec"},"headline":"Offre &#8211; Promo suppl\u00e9mentaire prime \u00e0 la casse Peugeot","datePublished":"2012-10-18T22:00:00+00:00","dateModified":"2018-10-24T17:19:40+00:00","mainEntityOfPage":{"@id":"https:\/\/www.carideal.com\/blog\/2012\/10\/18\/promo-supplementaire-remise-prime-a-la-casse-peugeot\/"},"wordCount":295,"commentCount":0,"publisher":{"@id":"https:\/\/www.carideal.com\/blog\/#organization"},"image":{"@id":"https:\/\/www.carideal.com\/blog\/2012\/10\/18\/promo-supplementaire-remise-prime-a-la-casse-peugeot\/#primaryimage"},"thumbnailUrl":"https:\/\/www.carideal.com\/blog\/wp-content\/uploads\/2012\/10\/Peugeot-308-2011-1.jpg","keywords":["Offre Automobile","offre voiture neuve","Promo Voiture"],"articleSection":["Actualit\u00e9 automobile"],"inLanguage":"fr-FR","potentialAction":[{"@type":"CommentAction","name":"Comment","target":["https:\/\/www.carideal.com\/blog\/2012\/10\/18\/promo-supplementaire-remise-prime-a-la-casse-peugeot\/#respond"]}]},{"@type":"WebPage","@id":"https:\/\/www.carideal.com\/blog\/2012\/10\/18\/promo-supplementaire-remise-prime-a-la-casse-peugeot\/","url":"https:\/\/www.carideal.com\/blog\/2012\/10\/18\/promo-supplementaire-remise-prime-a-la-casse-peugeot\/","name":"Offre - Promo suppl\u00e9mentaire prime \u00e0 la casse Peugeot - Blog auto Carid\u00e9al","isPartOf":{"@id":"https:\/\/www.carideal.com\/blog\/#website"},"primaryImageOfPage":{"@id":"https:\/\/www.carideal.com\/blog\/2012\/10\/18\/promo-supplementaire-remise-prime-a-la-casse-peugeot\/#primaryimage"},"image":{"@id":"https:\/\/www.carideal.com\/blog\/2012\/10\/18\/promo-supplementaire-remise-prime-a-la-casse-peugeot\/#primaryimage"},"thumbnailUrl":"https:\/\/www.carideal.com\/blog\/wp-content\/uploads\/2012\/10\/Peugeot-308-2011-1.jpg","datePublished":"2012-10-18T22:00:00+00:00","dateModified":"2018-10-24T17:19:40+00:00","breadcrumb":{"@id":"https:\/\/www.carideal.com\/blog\/2012\/10\/18\/promo-supplementaire-remise-prime-a-la-casse-peugeot\/#breadcrumb"},"inLanguage":"fr-FR","potentialAction":[{"@type":"ReadAction","target":["https:\/\/www.carideal.com\/blog\/2012\/10\/18\/promo-supplementaire-remise-prime-a-la-casse-peugeot\/"]}]},{"@type":"ImageObject","inLanguage":"fr-FR","@id":"https:\/\/www.carideal.com\/blog\/2012\/10\/18\/promo-supplementaire-remise-prime-a-la-casse-peugeot\/#primaryimage","url":"https:\/\/www.carideal.com\/blog\/wp-content\/uploads\/2012\/10\/Peugeot-308-2011-1.jpg","contentUrl":"https:\/\/www.carideal.com\/blog\/wp-content\/uploads\/2012\/10\/Peugeot-308-2011-1.jpg","width":600,"height":450,"caption":"Offre speciale prime \u00e0 la casse pour l'achat d'une Peugeot Neuve"},{"@type":"BreadcrumbList","@id":"https:\/\/www.carideal.com\/blog\/2012\/10\/18\/promo-supplementaire-remise-prime-a-la-casse-peugeot\/#breadcrumb","itemListElement":[{"@type":"ListItem","position":1,"name":"Blog Carid\u00e9al","item":"https:\/\/www.carideal.com\/blog\/"},{"@type":"ListItem","position":2,"name":"Actualit\u00e9 automobile","item":"https:\/\/www.carideal.com\/blog\/actualites-auto\/"},{"@type":"ListItem","position":3,"name":"Offre &#8211; Promo suppl\u00e9mentaire prime \u00e0 la casse Peugeot"}]},{"@type":"WebSite","@id":"https:\/\/www.carideal.com\/blog\/#website","url":"https:\/\/www.carideal.com\/blog\/","name":"Blog auto Carid\u00e9al","description":"Actualit\u00e9 auto par des passionn\u00e9s","publisher":{"@id":"https:\/\/www.carideal.com\/blog\/#organization"},"potentialAction":[{"@type":"SearchAction","target":{"@type":"EntryPoint","urlTemplate":"https:\/\/www.carideal.com\/blog\/?s={search_term_string}"},"query-input":{"@type":"PropertyValueSpecification","valueRequired":true,"valueName":"search_term_string"}}],"inLanguage":"fr-FR"},{"@type":"Organization","@id":"https:\/\/www.carideal.com\/blog\/#organization","name":"Carideal","url":"https:\/\/www.carideal.com\/blog\/","logo":{"@type":"ImageObject","inLanguage":"fr-FR","@id":"https:\/\/www.carideal.com\/blog\/#\/schema\/logo\/image\/","url":"http:\/\/www.carideal.com\/blog\/wp-content\/uploads\/2016\/03\/logo-carideal-mandataire-automobile.png","contentUrl":"http:\/\/www.carideal.com\/blog\/wp-content\/uploads\/2016\/03\/logo-carideal-mandataire-automobile.png","width":300,"height":300,"caption":"Carideal"},"image":{"@id":"https:\/\/www.carideal.com\/blog\/#\/schema\/logo\/image\/"},"sameAs":["https:\/\/www.facebook.com\/Carideal.mandataire.automobile","https:\/\/x.com\/caridealauto","https:\/\/www.instagram.com\/carideal1\/","https:\/\/www.linkedin.com\/company\/carideal.com","https:\/\/fr.pinterest.com\/schiavonsas\/","https:\/\/www.youtube.com\/user\/caridealsas"]},{"@type":"Person","@id":"https:\/\/www.carideal.com\/blog\/#\/schema\/person\/cd95dc7919660de90d31b366f85be1ec","name":"Nicolas SCHIAVON","image":{"@type":"ImageObject","inLanguage":"fr-FR","@id":"https:\/\/www.carideal.com\/blog\/#\/schema\/person\/image\/","url":"https:\/\/secure.gravatar.com\/avatar\/c17e55009e671d92cc7f5dc837dc418a?s=96&r=g","contentUrl":"https:\/\/secure.gravatar.com\/avatar\/c17e55009e671d92cc7f5dc837dc418a?s=96&r=g","caption":"Nicolas SCHIAVON"},"description":"Nicolas Schiavon est tomb\u00e9 tout petit dans la marmite automobile. Ayant eu un garage de marque automobile, mandataire automobile de la premi\u00e8re heure d\u00e8s 1999. Nicolas a cr\u00e9\u00e9 ces premiers sites de vente de voiture et blog automobile d\u00e8s 1994. Carideal est n\u00e9 le 15 d\u00e9cembre 2000 de la volont\u00e9 de vendre des voitures d'occasions en ligne puis des voitures neuves. Il a pu essayer beaucoup de voitures tr\u00e8s diff\u00e9rentes et ayant eu personnellement quelques belles autos, Subaru Impreza, Mitsubishi Lancer Evo 7, Porsche 911, Ferrari Testarrossa, Audi RS3, RS4 et j'en passe...","sameAs":["http:\/\/www.carideal.com","https:\/\/www.facebook.com\/nicolas.schiavon.39","https:\/\/www.instagram.com\/carideal1\/","https:\/\/www.linkedin.com\/in\/nschiavon\/","https:\/\/x.com\/caridealauto","https:\/\/www.youtube.com\/user\/caridealsas\/"],"url":"https:\/\/www.carideal.com\/blog\/author\/nschiavon\/"}]}},"uagb_featured_image_src":{"full":["https:\/\/www.carideal.com\/blog\/wp-content\/uploads\/2012\/10\/Peugeot-308-2011-1.jpg",600,450,false],"thumbnail":["https:\/\/www.carideal.com\/blog\/wp-content\/uploads\/2012\/10\/Peugeot-308-2011-1-150x150.jpg",150,150,true],"medium":["https:\/\/www.carideal.com\/blog\/wp-content\/uploads\/2012\/10\/Peugeot-308-2011-1-300x225.jpg",300,225,true],"medium_large":["https:\/\/www.carideal.com\/blog\/wp-content\/uploads\/2012\/10\/Peugeot-308-2011-1.jpg",600,450,false],"large":["https:\/\/www.carideal.com\/blog\/wp-content\/uploads\/2012\/10\/Peugeot-308-2011-1.jpg",600,450,false],"1536x1536":["https:\/\/www.carideal.com\/blog\/wp-content\/uploads\/2012\/10\/Peugeot-308-2011-1.jpg",600,450,false],"2048x2048":["https:\/\/www.carideal.com\/blog\/wp-content\/uploads\/2012\/10\/Peugeot-308-2011-1.jpg",600,450,false],"wppr-widget":["https:\/\/www.carideal.com\/blog\/wp-content\/uploads\/2012\/10\/Peugeot-308-2011-1.jpg",50,38,false]},"uagb_author_info":{"display_name":"Nicolas SCHIAVON","author_link":"https:\/\/www.carideal.com\/blog\/author\/nschiavon\/"},"uagb_comment_info":0,"uagb_excerpt":"Offre Promo suppl\u00e9mentaire remise prime \u00e0\u00a0la casse Peugeot Le 18\/10\/2012 pour le mois d'Octobre 2012 Nous proposons une offre sp\u00e9ciale avec une promo suppl\u00e9mentaire sous la forme d'une remise prime \u00e0 la casse pour l'achat d'une Peugeot. Promo, d\u00e9stockage, livraison sur Octobre 2012, prime \u00e0 la casse, tout ce qu'il faut savoir pour l'achat dans\u2026","_links":{"self":[{"href":"https:\/\/www.carideal.com\/blog\/wp-json\/wp\/v2\/posts\/4972"}],"collection":[{"href":"https:\/\/www.carideal.com\/blog\/wp-json\/wp\/v2\/posts"}],"about":[{"href":"https:\/\/www.carideal.com\/blog\/wp-json\/wp\/v2\/types\/post"}],"author":[{"embeddable":true,"href":"https:\/\/www.carideal.com\/blog\/wp-json\/wp\/v2\/users\/3"}],"replies":[{"embeddable":true,"href":"https:\/\/www.carideal.com\/blog\/wp-json\/wp\/v2\/comments?post=4972"}],"version-history":[{"count":0,"href":"https:\/\/www.carideal.com\/blog\/wp-json\/wp\/v2\/posts\/4972\/revisions"}],"wp:featuredmedia":[{"embeddable":true,"href":"https:\/\/www.carideal.com\/blog\/wp-json\/wp\/v2\/media\/16296"}],"wp:attachment":[{"href":"https:\/\/www.carideal.com\/blog\/wp-json\/wp\/v2\/media?parent=4972"}],"wp:term":[{"taxonomy":"category","embeddable":true,"href":"https:\/\/www.carideal.com\/blog\/wp-json\/wp\/v2\/categories?post=4972"},{"taxonomy":"post_tag","embeddable":true,"href":"https:\/\/www.carideal.com\/blog\/wp-json\/wp\/v2\/tags?post=4972"}],"curies":[{"name":"wp","href":"https:\/\/api.w.org\/{rel}","templated":true}]}}