{"id":4951,"date":"2012-06-08T22:00:00","date_gmt":"2012-06-08T22:00:00","guid":{"rendered":"http:\/\/www.carideal.com\/blog\/2012\/06\/08\/les-vente-de-sans-plomb-95-e10-en-hausse\/"},"modified":"2016-11-02T11:07:58","modified_gmt":"2016-11-02T10:07:58","slug":"les-vente-de-sans-plomb-95-e10-en-hausse","status":"publish","type":"post","link":"https:\/\/www.carideal.com\/blog\/2012\/06\/08\/les-vente-de-sans-plomb-95-e10-en-hausse\/","title":{"rendered":"Sans plomb 95 E10 vente en hausse"},"content":{"rendered":"<div>\n<figure style=\"width: 390px\" class=\"wp-caption aligncenter\"><img loading=\"lazy\" decoding=\"async\" title=\"Carburant sans plomb 95 E10\" src=\"http:\/\/www.carideal.com\/images_actualite\/carburantssp95e10carideal-1339235267.jpg\" alt=\"Carburant sans plomb 95 E10\" width=\"400\" height=\"300\" \/><figcaption class=\"wp-caption-text\">Carburant sans plomb 95 E10<\/figcaption><\/figure>\n<h1><strong>Les ventes en hausse du carburant sans plomb 95 E10<\/strong><\/h1>\n<\/div>\n<p>Il aura fallu attendre 3 ans pour voir les ventes du carburant sans plomb 95 E10 compos\u00e9 \u00e0 10% d'\u00e9thanol d\u00e9coller. Sur les 3 premiers mois de 2012 elles sont en hausse de 37.4%, alors que celles des supercaburants SP95 et SP98 sont en baisse de 7.1%.<\/p>\n<p>Le plus important \u00e0 noter est la part en volume de l'E10 vendu qui progresse \u00e0 \u00e0 21% des carburants sans plomb, contre \u00e0 peine 13.5% en 2011. Reste \u00e0 savoir \u00e0 quoi est du cet engouement ? Il est le moins cher des trois carburants sans plomb propos\u00e9s et b\u00e9n\u00e9ficie d'un effet premier prix certain. L'effet prix pour le carburant est tr\u00e8s certainement important dans le budget des m\u00e9nages. M\u00eame si les <a href=\"http:\/\/www.carideal.com\/blog\/2013\/03\/29\/les-prix-des-carburants\/\">prix des carburant baissent<\/a>, il n'est reste pas moins un poste important. De plus 333 nouvelles <a href=\"http:\/\/www.carideal.com\/blog\/2007\/12\/10\/seulement-150-pompes-a-ethanol-e85-en-service\/\">pompes<\/a> se sont ouverte au premier trimestre 2012 et certaines ont carr\u00e9ment remplac\u00e9 l'ancien carburant SP95.<\/p>\n","protected":false},"excerpt":{"rendered":"<p>Les ventes en hausse du carburant sans plomb 95 E10 Il aura fallu attendre 3 ans pour voir les ventes du carburant sans plomb 95 E10 compos\u00e9 \u00e0 10% d&rsquo;\u00e9thanol d\u00e9coller. Sur les 3 premiers mois de 2012 elles sont en hausse de 37.4%, alors que celles des supercaburants SP95 et SP98 sont en baisse &#8230; <a title=\"Sans plomb 95 E10 vente en hausse\" class=\"read-more\" href=\"https:\/\/www.carideal.com\/blog\/2012\/06\/08\/les-vente-de-sans-plomb-95-e10-en-hausse\/\" aria-label=\"En savoir plus sur Sans plomb 95 E10 vente en hausse\">Lire plus<\/a><\/p>\n","protected":false},"author":3,"featured_media":0,"comment_status":"open","ping_status":"open","sticky":false,"template":"","format":"standard","meta":{"_uag_custom_page_level_css":"","_themeisle_gutenberg_block_has_review":false,"footnotes":""},"categories":[21,3,14,5080],"tags":[],"class_list":["post-4951","post","type-post","status-publish","format-standard","hentry","category-actualites-auto","category-actualites-financieres","category-prix-des-carburants","category-technologie-2"],"wppr_data":[],"yoast_head":"<!-- This site is optimized with the Yoast SEO plugin v24.8.1 - https:\/\/yoast.com\/wordpress\/plugins\/seo\/ -->\n<title>Sans plomb 95 E10 vente en hausse - Blog auto Carid\u00e9al<\/title>\n<meta name=\"description\" content=\"Il aura fallu attendre 3 ans pour voir les ventes du carburant sans plomb 95 E10 compos\u00e9 \u00e0 10% d&#039;\u00e9thanol d\u00e9coller \u00e0 quoi est-ce d\u00fb ?\" \/>\n<meta name=\"robots\" content=\"index, follow, max-snippet:-1, max-image-preview:large, max-video-preview:-1\" \/>\n<link rel=\"canonical\" href=\"https:\/\/www.carideal.com\/blog\/2012\/06\/08\/les-vente-de-sans-plomb-95-e10-en-hausse\/\" \/>\n<meta property=\"og:locale\" content=\"fr_FR\" \/>\n<meta property=\"og:type\" content=\"article\" \/>\n<meta property=\"og:title\" content=\"Sans plomb 95 E10 vente en hausse - Blog auto Carid\u00e9al\" \/>\n<meta property=\"og:description\" content=\"Il aura fallu attendre 3 ans pour voir les ventes du carburant sans plomb 95 E10 compos\u00e9 \u00e0 10% d&#039;\u00e9thanol d\u00e9coller \u00e0 quoi est-ce d\u00fb ?\" \/>\n<meta property=\"og:url\" content=\"https:\/\/www.carideal.com\/blog\/2012\/06\/08\/les-vente-de-sans-plomb-95-e10-en-hausse\/\" \/>\n<meta property=\"og:site_name\" content=\"Blog auto Carid\u00e9al\" \/>\n<meta property=\"article:publisher\" content=\"https:\/\/www.facebook.com\/Carideal.mandataire.automobile\" \/>\n<meta property=\"article:author\" content=\"https:\/\/www.facebook.com\/nicolas.schiavon.39\" \/>\n<meta property=\"article:published_time\" content=\"2012-06-08T22:00:00+00:00\" \/>\n<meta property=\"article:modified_time\" content=\"2016-11-02T10:07:58+00:00\" \/>\n<meta property=\"og:image\" content=\"http:\/\/www.carideal.com\/images_actualite\/carburantssp95e10carideal-1339235267.jpg\" \/>\n<meta name=\"author\" content=\"Nicolas SCHIAVON\" \/>\n<meta name=\"twitter:card\" content=\"summary_large_image\" \/>\n<meta name=\"twitter:creator\" content=\"@caridealauto\" \/>\n<meta name=\"twitter:site\" content=\"@caridealauto\" \/>\n<meta name=\"twitter:label1\" content=\"\u00c9crit par\" \/>\n\t<meta name=\"twitter:data1\" content=\"Nicolas SCHIAVON\" \/>\n\t<meta name=\"twitter:label2\" content=\"Dur\u00e9e de lecture estim\u00e9e\" \/>\n\t<meta name=\"twitter:data2\" content=\"1 minute\" \/>\n<script type=\"application\/ld+json\" class=\"yoast-schema-graph\">{\"@context\":\"https:\/\/schema.org\",\"@graph\":[{\"@type\":\"Article\",\"@id\":\"https:\/\/www.carideal.com\/blog\/2012\/06\/08\/les-vente-de-sans-plomb-95-e10-en-hausse\/#article\",\"isPartOf\":{\"@id\":\"https:\/\/www.carideal.com\/blog\/2012\/06\/08\/les-vente-de-sans-plomb-95-e10-en-hausse\/\"},\"author\":{\"name\":\"Nicolas SCHIAVON\",\"@id\":\"https:\/\/www.carideal.com\/blog\/#\/schema\/person\/cd95dc7919660de90d31b366f85be1ec\"},\"headline\":\"Sans plomb 95 E10 vente en hausse\",\"datePublished\":\"2012-06-08T22:00:00+00:00\",\"dateModified\":\"2016-11-02T10:07:58+00:00\",\"mainEntityOfPage\":{\"@id\":\"https:\/\/www.carideal.com\/blog\/2012\/06\/08\/les-vente-de-sans-plomb-95-e10-en-hausse\/\"},\"wordCount\":166,\"commentCount\":0,\"publisher\":{\"@id\":\"https:\/\/www.carideal.com\/blog\/#organization\"},\"image\":{\"@id\":\"https:\/\/www.carideal.com\/blog\/2012\/06\/08\/les-vente-de-sans-plomb-95-e10-en-hausse\/#primaryimage\"},\"thumbnailUrl\":\"http:\/\/www.carideal.com\/images_actualite\/carburantssp95e10carideal-1339235267.jpg\",\"articleSection\":[\"Actualit\u00e9 automobile\",\"Actualit\u00e9 Financi\u00e8re\",\"Prix des carburants\",\"Technologie Automobile\"],\"inLanguage\":\"fr-FR\",\"potentialAction\":[{\"@type\":\"CommentAction\",\"name\":\"Comment\",\"target\":[\"https:\/\/www.carideal.com\/blog\/2012\/06\/08\/les-vente-de-sans-plomb-95-e10-en-hausse\/#respond\"]}]},{\"@type\":\"WebPage\",\"@id\":\"https:\/\/www.carideal.com\/blog\/2012\/06\/08\/les-vente-de-sans-plomb-95-e10-en-hausse\/\",\"url\":\"https:\/\/www.carideal.com\/blog\/2012\/06\/08\/les-vente-de-sans-plomb-95-e10-en-hausse\/\",\"name\":\"Sans plomb 95 E10 vente en hausse - Blog auto Carid\u00e9al\",\"isPartOf\":{\"@id\":\"https:\/\/www.carideal.com\/blog\/#website\"},\"primaryImageOfPage\":{\"@id\":\"https:\/\/www.carideal.com\/blog\/2012\/06\/08\/les-vente-de-sans-plomb-95-e10-en-hausse\/#primaryimage\"},\"image\":{\"@id\":\"https:\/\/www.carideal.com\/blog\/2012\/06\/08\/les-vente-de-sans-plomb-95-e10-en-hausse\/#primaryimage\"},\"thumbnailUrl\":\"http:\/\/www.carideal.com\/images_actualite\/carburantssp95e10carideal-1339235267.jpg\",\"datePublished\":\"2012-06-08T22:00:00+00:00\",\"dateModified\":\"2016-11-02T10:07:58+00:00\",\"description\":\"Il aura fallu attendre 3 ans pour voir les ventes du carburant sans plomb 95 E10 compos\u00e9 \u00e0 10% d'\u00e9thanol d\u00e9coller \u00e0 quoi est-ce d\u00fb ?\",\"breadcrumb\":{\"@id\":\"https:\/\/www.carideal.com\/blog\/2012\/06\/08\/les-vente-de-sans-plomb-95-e10-en-hausse\/#breadcrumb\"},\"inLanguage\":\"fr-FR\",\"potentialAction\":[{\"@type\":\"ReadAction\",\"target\":[\"https:\/\/www.carideal.com\/blog\/2012\/06\/08\/les-vente-de-sans-plomb-95-e10-en-hausse\/\"]}]},{\"@type\":\"ImageObject\",\"inLanguage\":\"fr-FR\",\"@id\":\"https:\/\/www.carideal.com\/blog\/2012\/06\/08\/les-vente-de-sans-plomb-95-e10-en-hausse\/#primaryimage\",\"url\":\"http:\/\/www.carideal.com\/images_actualite\/carburantssp95e10carideal-1339235267.jpg\",\"contentUrl\":\"http:\/\/www.carideal.com\/images_actualite\/carburantssp95e10carideal-1339235267.jpg\"},{\"@type\":\"BreadcrumbList\",\"@id\":\"https:\/\/www.carideal.com\/blog\/2012\/06\/08\/les-vente-de-sans-plomb-95-e10-en-hausse\/#breadcrumb\",\"itemListElement\":[{\"@type\":\"ListItem\",\"position\":1,\"name\":\"Blog Carid\u00e9al\",\"item\":\"https:\/\/www.carideal.com\/blog\/\"},{\"@type\":\"ListItem\",\"position\":2,\"name\":\"Actualit\u00e9 automobile\",\"item\":\"https:\/\/www.carideal.com\/blog\/actualites-auto\/\"},{\"@type\":\"ListItem\",\"position\":3,\"name\":\"Sans plomb 95 E10 vente en hausse\"}]},{\"@type\":\"WebSite\",\"@id\":\"https:\/\/www.carideal.com\/blog\/#website\",\"url\":\"https:\/\/www.carideal.com\/blog\/\",\"name\":\"Blog auto Carid\u00e9al\",\"description\":\"Actualit\u00e9 auto par des passionn\u00e9s\",\"publisher\":{\"@id\":\"https:\/\/www.carideal.com\/blog\/#organization\"},\"potentialAction\":[{\"@type\":\"SearchAction\",\"target\":{\"@type\":\"EntryPoint\",\"urlTemplate\":\"https:\/\/www.carideal.com\/blog\/?s={search_term_string}\"},\"query-input\":{\"@type\":\"PropertyValueSpecification\",\"valueRequired\":true,\"valueName\":\"search_term_string\"}}],\"inLanguage\":\"fr-FR\"},{\"@type\":\"Organization\",\"@id\":\"https:\/\/www.carideal.com\/blog\/#organization\",\"name\":\"Carideal\",\"url\":\"https:\/\/www.carideal.com\/blog\/\",\"logo\":{\"@type\":\"ImageObject\",\"inLanguage\":\"fr-FR\",\"@id\":\"https:\/\/www.carideal.com\/blog\/#\/schema\/logo\/image\/\",\"url\":\"http:\/\/www.carideal.com\/blog\/wp-content\/uploads\/2016\/03\/logo-carideal-mandataire-automobile.png\",\"contentUrl\":\"http:\/\/www.carideal.com\/blog\/wp-content\/uploads\/2016\/03\/logo-carideal-mandataire-automobile.png\",\"width\":300,\"height\":300,\"caption\":\"Carideal\"},\"image\":{\"@id\":\"https:\/\/www.carideal.com\/blog\/#\/schema\/logo\/image\/\"},\"sameAs\":[\"https:\/\/www.facebook.com\/Carideal.mandataire.automobile\",\"https:\/\/x.com\/caridealauto\",\"https:\/\/www.instagram.com\/carideal1\/\",\"https:\/\/www.linkedin.com\/company\/carideal.com\",\"https:\/\/fr.pinterest.com\/schiavonsas\/\",\"https:\/\/www.youtube.com\/user\/caridealsas\"]},{\"@type\":\"Person\",\"@id\":\"https:\/\/www.carideal.com\/blog\/#\/schema\/person\/cd95dc7919660de90d31b366f85be1ec\",\"name\":\"Nicolas SCHIAVON\",\"image\":{\"@type\":\"ImageObject\",\"inLanguage\":\"fr-FR\",\"@id\":\"https:\/\/www.carideal.com\/blog\/#\/schema\/person\/image\/\",\"url\":\"https:\/\/secure.gravatar.com\/avatar\/c17e55009e671d92cc7f5dc837dc418a?s=96&r=g\",\"contentUrl\":\"https:\/\/secure.gravatar.com\/avatar\/c17e55009e671d92cc7f5dc837dc418a?s=96&r=g\",\"caption\":\"Nicolas SCHIAVON\"},\"description\":\"Nicolas Schiavon est tomb\u00e9 tout petit dans la marmite automobile. Ayant eu un garage de marque automobile, mandataire automobile de la premi\u00e8re heure d\u00e8s 1999. Nicolas a cr\u00e9\u00e9 ces premiers sites de vente de voiture et blog automobile d\u00e8s 1994. Carideal est n\u00e9 le 15 d\u00e9cembre 2000 de la volont\u00e9 de vendre des voitures d'occasions en ligne puis des voitures neuves. Il a pu essayer beaucoup de voitures tr\u00e8s diff\u00e9rentes et ayant eu personnellement quelques belles autos, Subaru Impreza, Mitsubishi Lancer Evo 7, Porsche 911, Ferrari Testarrossa, Audi RS3, RS4 et j'en passe...\",\"sameAs\":[\"http:\/\/www.carideal.com\",\"https:\/\/www.facebook.com\/nicolas.schiavon.39\",\"https:\/\/www.instagram.com\/carideal1\/\",\"https:\/\/www.linkedin.com\/in\/nschiavon\/\",\"https:\/\/x.com\/caridealauto\",\"https:\/\/www.youtube.com\/user\/caridealsas\/\"],\"url\":\"https:\/\/www.carideal.com\/blog\/author\/nschiavon\/\"}]}<\/script>\n<!-- \/ Yoast SEO plugin. -->","yoast_head_json":{"title":"Sans plomb 95 E10 vente en hausse - Blog auto Carid\u00e9al","description":"Il aura fallu attendre 3 ans pour voir les ventes du carburant sans plomb 95 E10 compos\u00e9 \u00e0 10% d'\u00e9thanol d\u00e9coller \u00e0 quoi est-ce d\u00fb ?","robots":{"index":"index","follow":"follow","max-snippet":"max-snippet:-1","max-image-preview":"max-image-preview:large","max-video-preview":"max-video-preview:-1"},"canonical":"https:\/\/www.carideal.com\/blog\/2012\/06\/08\/les-vente-de-sans-plomb-95-e10-en-hausse\/","og_locale":"fr_FR","og_type":"article","og_title":"Sans plomb 95 E10 vente en hausse - Blog auto Carid\u00e9al","og_description":"Il aura fallu attendre 3 ans pour voir les ventes du carburant sans plomb 95 E10 compos\u00e9 \u00e0 10% d'\u00e9thanol d\u00e9coller \u00e0 quoi est-ce d\u00fb ?","og_url":"https:\/\/www.carideal.com\/blog\/2012\/06\/08\/les-vente-de-sans-plomb-95-e10-en-hausse\/","og_site_name":"Blog auto Carid\u00e9al","article_publisher":"https:\/\/www.facebook.com\/Carideal.mandataire.automobile","article_author":"https:\/\/www.facebook.com\/nicolas.schiavon.39","article_published_time":"2012-06-08T22:00:00+00:00","article_modified_time":"2016-11-02T10:07:58+00:00","og_image":[{"url":"http:\/\/www.carideal.com\/images_actualite\/carburantssp95e10carideal-1339235267.jpg","type":"","width":"","height":""}],"author":"Nicolas SCHIAVON","twitter_card":"summary_large_image","twitter_creator":"@caridealauto","twitter_site":"@caridealauto","twitter_misc":{"\u00c9crit par":"Nicolas SCHIAVON","Dur\u00e9e de lecture estim\u00e9e":"1 minute"},"schema":{"@context":"https:\/\/schema.org","@graph":[{"@type":"Article","@id":"https:\/\/www.carideal.com\/blog\/2012\/06\/08\/les-vente-de-sans-plomb-95-e10-en-hausse\/#article","isPartOf":{"@id":"https:\/\/www.carideal.com\/blog\/2012\/06\/08\/les-vente-de-sans-plomb-95-e10-en-hausse\/"},"author":{"name":"Nicolas SCHIAVON","@id":"https:\/\/www.carideal.com\/blog\/#\/schema\/person\/cd95dc7919660de90d31b366f85be1ec"},"headline":"Sans plomb 95 E10 vente en hausse","datePublished":"2012-06-08T22:00:00+00:00","dateModified":"2016-11-02T10:07:58+00:00","mainEntityOfPage":{"@id":"https:\/\/www.carideal.com\/blog\/2012\/06\/08\/les-vente-de-sans-plomb-95-e10-en-hausse\/"},"wordCount":166,"commentCount":0,"publisher":{"@id":"https:\/\/www.carideal.com\/blog\/#organization"},"image":{"@id":"https:\/\/www.carideal.com\/blog\/2012\/06\/08\/les-vente-de-sans-plomb-95-e10-en-hausse\/#primaryimage"},"thumbnailUrl":"http:\/\/www.carideal.com\/images_actualite\/carburantssp95e10carideal-1339235267.jpg","articleSection":["Actualit\u00e9 automobile","Actualit\u00e9 Financi\u00e8re","Prix des carburants","Technologie Automobile"],"inLanguage":"fr-FR","potentialAction":[{"@type":"CommentAction","name":"Comment","target":["https:\/\/www.carideal.com\/blog\/2012\/06\/08\/les-vente-de-sans-plomb-95-e10-en-hausse\/#respond"]}]},{"@type":"WebPage","@id":"https:\/\/www.carideal.com\/blog\/2012\/06\/08\/les-vente-de-sans-plomb-95-e10-en-hausse\/","url":"https:\/\/www.carideal.com\/blog\/2012\/06\/08\/les-vente-de-sans-plomb-95-e10-en-hausse\/","name":"Sans plomb 95 E10 vente en hausse - Blog auto Carid\u00e9al","isPartOf":{"@id":"https:\/\/www.carideal.com\/blog\/#website"},"primaryImageOfPage":{"@id":"https:\/\/www.carideal.com\/blog\/2012\/06\/08\/les-vente-de-sans-plomb-95-e10-en-hausse\/#primaryimage"},"image":{"@id":"https:\/\/www.carideal.com\/blog\/2012\/06\/08\/les-vente-de-sans-plomb-95-e10-en-hausse\/#primaryimage"},"thumbnailUrl":"http:\/\/www.carideal.com\/images_actualite\/carburantssp95e10carideal-1339235267.jpg","datePublished":"2012-06-08T22:00:00+00:00","dateModified":"2016-11-02T10:07:58+00:00","description":"Il aura fallu attendre 3 ans pour voir les ventes du carburant sans plomb 95 E10 compos\u00e9 \u00e0 10% d'\u00e9thanol d\u00e9coller \u00e0 quoi est-ce d\u00fb ?","breadcrumb":{"@id":"https:\/\/www.carideal.com\/blog\/2012\/06\/08\/les-vente-de-sans-plomb-95-e10-en-hausse\/#breadcrumb"},"inLanguage":"fr-FR","potentialAction":[{"@type":"ReadAction","target":["https:\/\/www.carideal.com\/blog\/2012\/06\/08\/les-vente-de-sans-plomb-95-e10-en-hausse\/"]}]},{"@type":"ImageObject","inLanguage":"fr-FR","@id":"https:\/\/www.carideal.com\/blog\/2012\/06\/08\/les-vente-de-sans-plomb-95-e10-en-hausse\/#primaryimage","url":"http:\/\/www.carideal.com\/images_actualite\/carburantssp95e10carideal-1339235267.jpg","contentUrl":"http:\/\/www.carideal.com\/images_actualite\/carburantssp95e10carideal-1339235267.jpg"},{"@type":"BreadcrumbList","@id":"https:\/\/www.carideal.com\/blog\/2012\/06\/08\/les-vente-de-sans-plomb-95-e10-en-hausse\/#breadcrumb","itemListElement":[{"@type":"ListItem","position":1,"name":"Blog Carid\u00e9al","item":"https:\/\/www.carideal.com\/blog\/"},{"@type":"ListItem","position":2,"name":"Actualit\u00e9 automobile","item":"https:\/\/www.carideal.com\/blog\/actualites-auto\/"},{"@type":"ListItem","position":3,"name":"Sans plomb 95 E10 vente en hausse"}]},{"@type":"WebSite","@id":"https:\/\/www.carideal.com\/blog\/#website","url":"https:\/\/www.carideal.com\/blog\/","name":"Blog auto Carid\u00e9al","description":"Actualit\u00e9 auto par des passionn\u00e9s","publisher":{"@id":"https:\/\/www.carideal.com\/blog\/#organization"},"potentialAction":[{"@type":"SearchAction","target":{"@type":"EntryPoint","urlTemplate":"https:\/\/www.carideal.com\/blog\/?s={search_term_string}"},"query-input":{"@type":"PropertyValueSpecification","valueRequired":true,"valueName":"search_term_string"}}],"inLanguage":"fr-FR"},{"@type":"Organization","@id":"https:\/\/www.carideal.com\/blog\/#organization","name":"Carideal","url":"https:\/\/www.carideal.com\/blog\/","logo":{"@type":"ImageObject","inLanguage":"fr-FR","@id":"https:\/\/www.carideal.com\/blog\/#\/schema\/logo\/image\/","url":"http:\/\/www.carideal.com\/blog\/wp-content\/uploads\/2016\/03\/logo-carideal-mandataire-automobile.png","contentUrl":"http:\/\/www.carideal.com\/blog\/wp-content\/uploads\/2016\/03\/logo-carideal-mandataire-automobile.png","width":300,"height":300,"caption":"Carideal"},"image":{"@id":"https:\/\/www.carideal.com\/blog\/#\/schema\/logo\/image\/"},"sameAs":["https:\/\/www.facebook.com\/Carideal.mandataire.automobile","https:\/\/x.com\/caridealauto","https:\/\/www.instagram.com\/carideal1\/","https:\/\/www.linkedin.com\/company\/carideal.com","https:\/\/fr.pinterest.com\/schiavonsas\/","https:\/\/www.youtube.com\/user\/caridealsas"]},{"@type":"Person","@id":"https:\/\/www.carideal.com\/blog\/#\/schema\/person\/cd95dc7919660de90d31b366f85be1ec","name":"Nicolas SCHIAVON","image":{"@type":"ImageObject","inLanguage":"fr-FR","@id":"https:\/\/www.carideal.com\/blog\/#\/schema\/person\/image\/","url":"https:\/\/secure.gravatar.com\/avatar\/c17e55009e671d92cc7f5dc837dc418a?s=96&r=g","contentUrl":"https:\/\/secure.gravatar.com\/avatar\/c17e55009e671d92cc7f5dc837dc418a?s=96&r=g","caption":"Nicolas SCHIAVON"},"description":"Nicolas Schiavon est tomb\u00e9 tout petit dans la marmite automobile. Ayant eu un garage de marque automobile, mandataire automobile de la premi\u00e8re heure d\u00e8s 1999. Nicolas a cr\u00e9\u00e9 ces premiers sites de vente de voiture et blog automobile d\u00e8s 1994. Carideal est n\u00e9 le 15 d\u00e9cembre 2000 de la volont\u00e9 de vendre des voitures d'occasions en ligne puis des voitures neuves. Il a pu essayer beaucoup de voitures tr\u00e8s diff\u00e9rentes et ayant eu personnellement quelques belles autos, Subaru Impreza, Mitsubishi Lancer Evo 7, Porsche 911, Ferrari Testarrossa, Audi RS3, RS4 et j'en passe...","sameAs":["http:\/\/www.carideal.com","https:\/\/www.facebook.com\/nicolas.schiavon.39","https:\/\/www.instagram.com\/carideal1\/","https:\/\/www.linkedin.com\/in\/nschiavon\/","https:\/\/x.com\/caridealauto","https:\/\/www.youtube.com\/user\/caridealsas\/"],"url":"https:\/\/www.carideal.com\/blog\/author\/nschiavon\/"}]}},"uagb_featured_image_src":{"full":false,"thumbnail":false,"medium":false,"medium_large":false,"large":false,"1536x1536":false,"2048x2048":false,"wppr-widget":false},"uagb_author_info":{"display_name":"Nicolas SCHIAVON","author_link":"https:\/\/www.carideal.com\/blog\/author\/nschiavon\/"},"uagb_comment_info":0,"uagb_excerpt":"Les ventes en hausse du carburant sans plomb 95 E10 Il aura fallu attendre 3 ans pour voir les ventes du carburant sans plomb 95 E10 compos\u00e9 \u00e0 10% d'\u00e9thanol d\u00e9coller. Sur les 3 premiers mois de 2012 elles sont en hausse de 37.4%, alors que celles des supercaburants SP95 et SP98 sont en baisse\u2026","_links":{"self":[{"href":"https:\/\/www.carideal.com\/blog\/wp-json\/wp\/v2\/posts\/4951"}],"collection":[{"href":"https:\/\/www.carideal.com\/blog\/wp-json\/wp\/v2\/posts"}],"about":[{"href":"https:\/\/www.carideal.com\/blog\/wp-json\/wp\/v2\/types\/post"}],"author":[{"embeddable":true,"href":"https:\/\/www.carideal.com\/blog\/wp-json\/wp\/v2\/users\/3"}],"replies":[{"embeddable":true,"href":"https:\/\/www.carideal.com\/blog\/wp-json\/wp\/v2\/comments?post=4951"}],"version-history":[{"count":0,"href":"https:\/\/www.carideal.com\/blog\/wp-json\/wp\/v2\/posts\/4951\/revisions"}],"wp:attachment":[{"href":"https:\/\/www.carideal.com\/blog\/wp-json\/wp\/v2\/media?parent=4951"}],"wp:term":[{"taxonomy":"category","embeddable":true,"href":"https:\/\/www.carideal.com\/blog\/wp-json\/wp\/v2\/categories?post=4951"},{"taxonomy":"post_tag","embeddable":true,"href":"https:\/\/www.carideal.com\/blog\/wp-json\/wp\/v2\/tags?post=4951"}],"curies":[{"name":"wp","href":"https:\/\/api.w.org\/{rel}","templated":true}]}}