{"id":4946,"date":"2012-05-24T22:00:00","date_gmt":"2012-05-24T22:00:00","guid":{"rendered":"http:\/\/www.carideal.com\/blog\/2012\/05\/24\/les-voitures-d-avant-1996-pourraient-se-voire-interdire-les-centres-villes\/"},"modified":"2016-10-11T10:37:28","modified_gmt":"2016-10-11T08:37:28","slug":"les-voitures-d-avant-1996-pourraient-se-voire-interdire-les-centres-villes","status":"publish","type":"post","link":"https:\/\/www.carideal.com\/blog\/2012\/05\/24\/les-voitures-d-avant-1996-pourraient-se-voire-interdire-les-centres-villes\/","title":{"rendered":"Voitures d avant 1996 interditent en centres villes ?"},"content":{"rendered":"<div>\n<figure style=\"width: 145px\" class=\"wp-caption alignnone\"><img loading=\"lazy\" decoding=\"async\" title=\"Voitures d avant 1996 interditent en centres villes ?\" src=\"http:\/\/www.carideal.com\/images_actualite\/clubdesvoiturescologiquescarideal-1337944500.jpg\" alt=\"Voitures d avant 1996 interditent en centres villes ?\" width=\"155\" height=\"63\" \/><figcaption class=\"wp-caption-text\">Voitures d avant 1996 interditent en centres villes ?<\/figcaption><\/figure>\n<h1><strong>Les voitures d'avant 1996 bannies des villes ?<\/strong><\/h1>\n<\/div>\n<p>D'abord un petit rapel, une <span style=\"text-decoration: underline;\"><a href=\"http:\/\/www.ademe.fr\/zones-dactions-prioritaires-lair-zapa-synthese-etudes-faisabilite-realisees-sept-collectivites-francaises\" target=\"_blank\">Zapa<\/a><\/span> est une Zone d'action priotaire pour l'air, huit villes en font partie, Paris, Saint Denis, Lyon, Grenoble, Clermont Ferrand, Bordeaux, Nice, et Aix en provence. Cette exp\u00e9rience va durer 3 ans. D\u00e9j\u00e0 est paru au journal officiel la classification des v\u00e9hicules qui pourront faire l'objet d'une interdiction de circulation en centre ville. Plus t\u00f4t dans l'ann\u00e9e, a aussi \u00e9t\u00e9 publi\u00e9 au journal officiel, les d\u00e9crets des sanctions pour les contrevenants, 38 \u20ac d'ammende et l'immobilisation du v\u00e9hicule. Les v\u00e9hicule d'int\u00e9ret g\u00e9n\u00e9ral, tel ceux de EDF, GDF, et de la SNCF ne pourront se voir interdire l'acc\u00e8s \u00e0 une Zapa. L'association 40 Millions d'automobilistes fustige cette d\u00e9cision qui au mieux interdirait le centre ville aux v\u00e9hicules avant le 1er Janvier 1997, ce qui va poser un grave probl\u00e8me de soci\u00e9t\u00e9 : cette d\u00e9finition de l'automobile correspond \u00e0 60% des deuxi\u00e8mes voitures des fran\u00e7ais !<\/p>\n<p>Pour information La ville de Clermont-Ferrand vient de se retirer du projet d'exp\u00e9rimentation de la restriction de la circulation en ville.<\/p>\n<p>&nbsp;<\/p>\n","protected":false},"excerpt":{"rendered":"<p>Les voitures d&rsquo;avant 1996 bannies des villes ? D&rsquo;abord un petit rapel, une Zapa est une Zone d&rsquo;action priotaire pour l&rsquo;air, huit villes en font partie, Paris, Saint Denis, Lyon, Grenoble, Clermont Ferrand, Bordeaux, Nice, et Aix en provence. Cette exp\u00e9rience va durer 3 ans. D\u00e9j\u00e0 est paru au journal officiel la classification des v\u00e9hicules &#8230; <a title=\"Voitures d avant 1996 interditent en centres villes ?\" class=\"read-more\" href=\"https:\/\/www.carideal.com\/blog\/2012\/05\/24\/les-voitures-d-avant-1996-pourraient-se-voire-interdire-les-centres-villes\/\" aria-label=\"En savoir plus sur Voitures d avant 1996 interditent en centres villes ?\">Lire plus<\/a><\/p>\n","protected":false},"author":3,"featured_media":0,"comment_status":"open","ping_status":"open","sticky":false,"template":"","format":"standard","meta":{"_uag_custom_page_level_css":"","_themeisle_gutenberg_block_has_review":false,"footnotes":""},"categories":[6,5962],"tags":[],"class_list":["post-4946","post","type-post","status-publish","format-standard","hentry","category-ecologie","category-legislation"],"wppr_data":[],"yoast_head":"<!-- This site is optimized with the Yoast SEO plugin v24.8.1 - https:\/\/yoast.com\/wordpress\/plugins\/seo\/ -->\n<title>Voitures d avant 1996 interditent en centres villes ? - Blog auto Carid\u00e9al<\/title>\n<meta name=\"robots\" content=\"index, follow, max-snippet:-1, max-image-preview:large, max-video-preview:-1\" \/>\n<link rel=\"canonical\" href=\"https:\/\/www.carideal.com\/blog\/2012\/05\/24\/les-voitures-d-avant-1996-pourraient-se-voire-interdire-les-centres-villes\/\" \/>\n<meta property=\"og:locale\" content=\"fr_FR\" \/>\n<meta property=\"og:type\" content=\"article\" \/>\n<meta property=\"og:title\" content=\"Voitures d avant 1996 interditent en centres villes ? - Blog auto Carid\u00e9al\" \/>\n<meta property=\"og:description\" content=\"Les voitures d&#039;avant 1996 bannies des villes ? D&#039;abord un petit rapel, une Zapa est une Zone d&#039;action priotaire pour l&#039;air, huit villes en font partie, Paris, Saint Denis, Lyon, Grenoble, Clermont Ferrand, Bordeaux, Nice, et Aix en provence. Cette exp\u00e9rience va durer 3 ans. D\u00e9j\u00e0 est paru au journal officiel la classification des v\u00e9hicules ... Lire plus\" \/>\n<meta property=\"og:url\" content=\"https:\/\/www.carideal.com\/blog\/2012\/05\/24\/les-voitures-d-avant-1996-pourraient-se-voire-interdire-les-centres-villes\/\" \/>\n<meta property=\"og:site_name\" content=\"Blog auto Carid\u00e9al\" \/>\n<meta property=\"article:publisher\" content=\"https:\/\/www.facebook.com\/Carideal.mandataire.automobile\" \/>\n<meta property=\"article:author\" content=\"https:\/\/www.facebook.com\/nicolas.schiavon.39\" \/>\n<meta property=\"article:published_time\" content=\"2012-05-24T22:00:00+00:00\" \/>\n<meta property=\"article:modified_time\" content=\"2016-10-11T08:37:28+00:00\" \/>\n<meta property=\"og:image\" content=\"http:\/\/www.carideal.com\/images_actualite\/clubdesvoiturescologiquescarideal-1337944500.jpg\" \/>\n<meta name=\"author\" content=\"Nicolas SCHIAVON\" \/>\n<meta name=\"twitter:card\" content=\"summary_large_image\" \/>\n<meta name=\"twitter:creator\" content=\"@caridealauto\" \/>\n<meta name=\"twitter:site\" content=\"@caridealauto\" \/>\n<meta name=\"twitter:label1\" content=\"\u00c9crit par\" \/>\n\t<meta name=\"twitter:data1\" content=\"Nicolas SCHIAVON\" \/>\n\t<meta name=\"twitter:label2\" content=\"Dur\u00e9e de lecture estim\u00e9e\" \/>\n\t<meta name=\"twitter:data2\" content=\"1 minute\" \/>\n<script type=\"application\/ld+json\" class=\"yoast-schema-graph\">{\"@context\":\"https:\/\/schema.org\",\"@graph\":[{\"@type\":\"Article\",\"@id\":\"https:\/\/www.carideal.com\/blog\/2012\/05\/24\/les-voitures-d-avant-1996-pourraient-se-voire-interdire-les-centres-villes\/#article\",\"isPartOf\":{\"@id\":\"https:\/\/www.carideal.com\/blog\/2012\/05\/24\/les-voitures-d-avant-1996-pourraient-se-voire-interdire-les-centres-villes\/\"},\"author\":{\"name\":\"Nicolas SCHIAVON\",\"@id\":\"https:\/\/www.carideal.com\/blog\/#\/schema\/person\/cd95dc7919660de90d31b366f85be1ec\"},\"headline\":\"Voitures d avant 1996 interditent en centres villes ?\",\"datePublished\":\"2012-05-24T22:00:00+00:00\",\"dateModified\":\"2016-10-11T08:37:28+00:00\",\"mainEntityOfPage\":{\"@id\":\"https:\/\/www.carideal.com\/blog\/2012\/05\/24\/les-voitures-d-avant-1996-pourraient-se-voire-interdire-les-centres-villes\/\"},\"wordCount\":207,\"commentCount\":0,\"publisher\":{\"@id\":\"https:\/\/www.carideal.com\/blog\/#organization\"},\"image\":{\"@id\":\"https:\/\/www.carideal.com\/blog\/2012\/05\/24\/les-voitures-d-avant-1996-pourraient-se-voire-interdire-les-centres-villes\/#primaryimage\"},\"thumbnailUrl\":\"http:\/\/www.carideal.com\/images_actualite\/clubdesvoiturescologiquescarideal-1337944500.jpg\",\"articleSection\":[\"Ecologie\",\"L\u00e9gislation Automobile\"],\"inLanguage\":\"fr-FR\",\"potentialAction\":[{\"@type\":\"CommentAction\",\"name\":\"Comment\",\"target\":[\"https:\/\/www.carideal.com\/blog\/2012\/05\/24\/les-voitures-d-avant-1996-pourraient-se-voire-interdire-les-centres-villes\/#respond\"]}]},{\"@type\":\"WebPage\",\"@id\":\"https:\/\/www.carideal.com\/blog\/2012\/05\/24\/les-voitures-d-avant-1996-pourraient-se-voire-interdire-les-centres-villes\/\",\"url\":\"https:\/\/www.carideal.com\/blog\/2012\/05\/24\/les-voitures-d-avant-1996-pourraient-se-voire-interdire-les-centres-villes\/\",\"name\":\"Voitures d avant 1996 interditent en centres villes ? - Blog auto Carid\u00e9al\",\"isPartOf\":{\"@id\":\"https:\/\/www.carideal.com\/blog\/#website\"},\"primaryImageOfPage\":{\"@id\":\"https:\/\/www.carideal.com\/blog\/2012\/05\/24\/les-voitures-d-avant-1996-pourraient-se-voire-interdire-les-centres-villes\/#primaryimage\"},\"image\":{\"@id\":\"https:\/\/www.carideal.com\/blog\/2012\/05\/24\/les-voitures-d-avant-1996-pourraient-se-voire-interdire-les-centres-villes\/#primaryimage\"},\"thumbnailUrl\":\"http:\/\/www.carideal.com\/images_actualite\/clubdesvoiturescologiquescarideal-1337944500.jpg\",\"datePublished\":\"2012-05-24T22:00:00+00:00\",\"dateModified\":\"2016-10-11T08:37:28+00:00\",\"breadcrumb\":{\"@id\":\"https:\/\/www.carideal.com\/blog\/2012\/05\/24\/les-voitures-d-avant-1996-pourraient-se-voire-interdire-les-centres-villes\/#breadcrumb\"},\"inLanguage\":\"fr-FR\",\"potentialAction\":[{\"@type\":\"ReadAction\",\"target\":[\"https:\/\/www.carideal.com\/blog\/2012\/05\/24\/les-voitures-d-avant-1996-pourraient-se-voire-interdire-les-centres-villes\/\"]}]},{\"@type\":\"ImageObject\",\"inLanguage\":\"fr-FR\",\"@id\":\"https:\/\/www.carideal.com\/blog\/2012\/05\/24\/les-voitures-d-avant-1996-pourraient-se-voire-interdire-les-centres-villes\/#primaryimage\",\"url\":\"http:\/\/www.carideal.com\/images_actualite\/clubdesvoiturescologiquescarideal-1337944500.jpg\",\"contentUrl\":\"http:\/\/www.carideal.com\/images_actualite\/clubdesvoiturescologiquescarideal-1337944500.jpg\"},{\"@type\":\"BreadcrumbList\",\"@id\":\"https:\/\/www.carideal.com\/blog\/2012\/05\/24\/les-voitures-d-avant-1996-pourraient-se-voire-interdire-les-centres-villes\/#breadcrumb\",\"itemListElement\":[{\"@type\":\"ListItem\",\"position\":1,\"name\":\"Blog Carid\u00e9al\",\"item\":\"https:\/\/www.carideal.com\/blog\/\"},{\"@type\":\"ListItem\",\"position\":2,\"name\":\"Divers\",\"item\":\"https:\/\/www.carideal.com\/blog\/divers\/\"},{\"@type\":\"ListItem\",\"position\":3,\"name\":\"L\u00e9gislation Automobile\",\"item\":\"https:\/\/www.carideal.com\/blog\/divers\/legislation\/\"},{\"@type\":\"ListItem\",\"position\":4,\"name\":\"Voitures d avant 1996 interditent en centres villes ?\"}]},{\"@type\":\"WebSite\",\"@id\":\"https:\/\/www.carideal.com\/blog\/#website\",\"url\":\"https:\/\/www.carideal.com\/blog\/\",\"name\":\"Blog auto Carid\u00e9al\",\"description\":\"Actualit\u00e9 auto par des passionn\u00e9s\",\"publisher\":{\"@id\":\"https:\/\/www.carideal.com\/blog\/#organization\"},\"potentialAction\":[{\"@type\":\"SearchAction\",\"target\":{\"@type\":\"EntryPoint\",\"urlTemplate\":\"https:\/\/www.carideal.com\/blog\/?s={search_term_string}\"},\"query-input\":{\"@type\":\"PropertyValueSpecification\",\"valueRequired\":true,\"valueName\":\"search_term_string\"}}],\"inLanguage\":\"fr-FR\"},{\"@type\":\"Organization\",\"@id\":\"https:\/\/www.carideal.com\/blog\/#organization\",\"name\":\"Carideal\",\"url\":\"https:\/\/www.carideal.com\/blog\/\",\"logo\":{\"@type\":\"ImageObject\",\"inLanguage\":\"fr-FR\",\"@id\":\"https:\/\/www.carideal.com\/blog\/#\/schema\/logo\/image\/\",\"url\":\"http:\/\/www.carideal.com\/blog\/wp-content\/uploads\/2016\/03\/logo-carideal-mandataire-automobile.png\",\"contentUrl\":\"http:\/\/www.carideal.com\/blog\/wp-content\/uploads\/2016\/03\/logo-carideal-mandataire-automobile.png\",\"width\":300,\"height\":300,\"caption\":\"Carideal\"},\"image\":{\"@id\":\"https:\/\/www.carideal.com\/blog\/#\/schema\/logo\/image\/\"},\"sameAs\":[\"https:\/\/www.facebook.com\/Carideal.mandataire.automobile\",\"https:\/\/x.com\/caridealauto\",\"https:\/\/www.instagram.com\/carideal1\/\",\"https:\/\/www.linkedin.com\/company\/carideal.com\",\"https:\/\/fr.pinterest.com\/schiavonsas\/\",\"https:\/\/www.youtube.com\/user\/caridealsas\"]},{\"@type\":\"Person\",\"@id\":\"https:\/\/www.carideal.com\/blog\/#\/schema\/person\/cd95dc7919660de90d31b366f85be1ec\",\"name\":\"Nicolas SCHIAVON\",\"image\":{\"@type\":\"ImageObject\",\"inLanguage\":\"fr-FR\",\"@id\":\"https:\/\/www.carideal.com\/blog\/#\/schema\/person\/image\/\",\"url\":\"https:\/\/secure.gravatar.com\/avatar\/c17e55009e671d92cc7f5dc837dc418a?s=96&r=g\",\"contentUrl\":\"https:\/\/secure.gravatar.com\/avatar\/c17e55009e671d92cc7f5dc837dc418a?s=96&r=g\",\"caption\":\"Nicolas SCHIAVON\"},\"description\":\"Nicolas Schiavon est tomb\u00e9 tout petit dans la marmite automobile. Ayant eu un garage de marque automobile, mandataire automobile de la premi\u00e8re heure d\u00e8s 1999. Nicolas a cr\u00e9\u00e9 ces premiers sites de vente de voiture et blog automobile d\u00e8s 1994. Carideal est n\u00e9 le 15 d\u00e9cembre 2000 de la volont\u00e9 de vendre des voitures d'occasions en ligne puis des voitures neuves. Il a pu essayer beaucoup de voitures tr\u00e8s diff\u00e9rentes et ayant eu personnellement quelques belles autos, Subaru Impreza, Mitsubishi Lancer Evo 7, Porsche 911, Ferrari Testarrossa, Audi RS3, RS4 et j'en passe...\",\"sameAs\":[\"http:\/\/www.carideal.com\",\"https:\/\/www.facebook.com\/nicolas.schiavon.39\",\"https:\/\/www.instagram.com\/carideal1\/\",\"https:\/\/www.linkedin.com\/in\/nschiavon\/\",\"https:\/\/x.com\/caridealauto\",\"https:\/\/www.youtube.com\/user\/caridealsas\/\"],\"url\":\"https:\/\/www.carideal.com\/blog\/author\/nschiavon\/\"}]}<\/script>\n<!-- \/ Yoast SEO plugin. -->","yoast_head_json":{"title":"Voitures d avant 1996 interditent en centres villes ? - Blog auto Carid\u00e9al","robots":{"index":"index","follow":"follow","max-snippet":"max-snippet:-1","max-image-preview":"max-image-preview:large","max-video-preview":"max-video-preview:-1"},"canonical":"https:\/\/www.carideal.com\/blog\/2012\/05\/24\/les-voitures-d-avant-1996-pourraient-se-voire-interdire-les-centres-villes\/","og_locale":"fr_FR","og_type":"article","og_title":"Voitures d avant 1996 interditent en centres villes ? - Blog auto Carid\u00e9al","og_description":"Les voitures d'avant 1996 bannies des villes ? D'abord un petit rapel, une Zapa est une Zone d'action priotaire pour l'air, huit villes en font partie, Paris, Saint Denis, Lyon, Grenoble, Clermont Ferrand, Bordeaux, Nice, et Aix en provence. Cette exp\u00e9rience va durer 3 ans. D\u00e9j\u00e0 est paru au journal officiel la classification des v\u00e9hicules ... Lire plus","og_url":"https:\/\/www.carideal.com\/blog\/2012\/05\/24\/les-voitures-d-avant-1996-pourraient-se-voire-interdire-les-centres-villes\/","og_site_name":"Blog auto Carid\u00e9al","article_publisher":"https:\/\/www.facebook.com\/Carideal.mandataire.automobile","article_author":"https:\/\/www.facebook.com\/nicolas.schiavon.39","article_published_time":"2012-05-24T22:00:00+00:00","article_modified_time":"2016-10-11T08:37:28+00:00","og_image":[{"url":"http:\/\/www.carideal.com\/images_actualite\/clubdesvoiturescologiquescarideal-1337944500.jpg","type":"","width":"","height":""}],"author":"Nicolas SCHIAVON","twitter_card":"summary_large_image","twitter_creator":"@caridealauto","twitter_site":"@caridealauto","twitter_misc":{"\u00c9crit par":"Nicolas SCHIAVON","Dur\u00e9e de lecture estim\u00e9e":"1 minute"},"schema":{"@context":"https:\/\/schema.org","@graph":[{"@type":"Article","@id":"https:\/\/www.carideal.com\/blog\/2012\/05\/24\/les-voitures-d-avant-1996-pourraient-se-voire-interdire-les-centres-villes\/#article","isPartOf":{"@id":"https:\/\/www.carideal.com\/blog\/2012\/05\/24\/les-voitures-d-avant-1996-pourraient-se-voire-interdire-les-centres-villes\/"},"author":{"name":"Nicolas SCHIAVON","@id":"https:\/\/www.carideal.com\/blog\/#\/schema\/person\/cd95dc7919660de90d31b366f85be1ec"},"headline":"Voitures d avant 1996 interditent en centres villes ?","datePublished":"2012-05-24T22:00:00+00:00","dateModified":"2016-10-11T08:37:28+00:00","mainEntityOfPage":{"@id":"https:\/\/www.carideal.com\/blog\/2012\/05\/24\/les-voitures-d-avant-1996-pourraient-se-voire-interdire-les-centres-villes\/"},"wordCount":207,"commentCount":0,"publisher":{"@id":"https:\/\/www.carideal.com\/blog\/#organization"},"image":{"@id":"https:\/\/www.carideal.com\/blog\/2012\/05\/24\/les-voitures-d-avant-1996-pourraient-se-voire-interdire-les-centres-villes\/#primaryimage"},"thumbnailUrl":"http:\/\/www.carideal.com\/images_actualite\/clubdesvoiturescologiquescarideal-1337944500.jpg","articleSection":["Ecologie","L\u00e9gislation Automobile"],"inLanguage":"fr-FR","potentialAction":[{"@type":"CommentAction","name":"Comment","target":["https:\/\/www.carideal.com\/blog\/2012\/05\/24\/les-voitures-d-avant-1996-pourraient-se-voire-interdire-les-centres-villes\/#respond"]}]},{"@type":"WebPage","@id":"https:\/\/www.carideal.com\/blog\/2012\/05\/24\/les-voitures-d-avant-1996-pourraient-se-voire-interdire-les-centres-villes\/","url":"https:\/\/www.carideal.com\/blog\/2012\/05\/24\/les-voitures-d-avant-1996-pourraient-se-voire-interdire-les-centres-villes\/","name":"Voitures d avant 1996 interditent en centres villes ? - Blog auto Carid\u00e9al","isPartOf":{"@id":"https:\/\/www.carideal.com\/blog\/#website"},"primaryImageOfPage":{"@id":"https:\/\/www.carideal.com\/blog\/2012\/05\/24\/les-voitures-d-avant-1996-pourraient-se-voire-interdire-les-centres-villes\/#primaryimage"},"image":{"@id":"https:\/\/www.carideal.com\/blog\/2012\/05\/24\/les-voitures-d-avant-1996-pourraient-se-voire-interdire-les-centres-villes\/#primaryimage"},"thumbnailUrl":"http:\/\/www.carideal.com\/images_actualite\/clubdesvoiturescologiquescarideal-1337944500.jpg","datePublished":"2012-05-24T22:00:00+00:00","dateModified":"2016-10-11T08:37:28+00:00","breadcrumb":{"@id":"https:\/\/www.carideal.com\/blog\/2012\/05\/24\/les-voitures-d-avant-1996-pourraient-se-voire-interdire-les-centres-villes\/#breadcrumb"},"inLanguage":"fr-FR","potentialAction":[{"@type":"ReadAction","target":["https:\/\/www.carideal.com\/blog\/2012\/05\/24\/les-voitures-d-avant-1996-pourraient-se-voire-interdire-les-centres-villes\/"]}]},{"@type":"ImageObject","inLanguage":"fr-FR","@id":"https:\/\/www.carideal.com\/blog\/2012\/05\/24\/les-voitures-d-avant-1996-pourraient-se-voire-interdire-les-centres-villes\/#primaryimage","url":"http:\/\/www.carideal.com\/images_actualite\/clubdesvoiturescologiquescarideal-1337944500.jpg","contentUrl":"http:\/\/www.carideal.com\/images_actualite\/clubdesvoiturescologiquescarideal-1337944500.jpg"},{"@type":"BreadcrumbList","@id":"https:\/\/www.carideal.com\/blog\/2012\/05\/24\/les-voitures-d-avant-1996-pourraient-se-voire-interdire-les-centres-villes\/#breadcrumb","itemListElement":[{"@type":"ListItem","position":1,"name":"Blog Carid\u00e9al","item":"https:\/\/www.carideal.com\/blog\/"},{"@type":"ListItem","position":2,"name":"Divers","item":"https:\/\/www.carideal.com\/blog\/divers\/"},{"@type":"ListItem","position":3,"name":"L\u00e9gislation Automobile","item":"https:\/\/www.carideal.com\/blog\/divers\/legislation\/"},{"@type":"ListItem","position":4,"name":"Voitures d avant 1996 interditent en centres villes ?"}]},{"@type":"WebSite","@id":"https:\/\/www.carideal.com\/blog\/#website","url":"https:\/\/www.carideal.com\/blog\/","name":"Blog auto Carid\u00e9al","description":"Actualit\u00e9 auto par des passionn\u00e9s","publisher":{"@id":"https:\/\/www.carideal.com\/blog\/#organization"},"potentialAction":[{"@type":"SearchAction","target":{"@type":"EntryPoint","urlTemplate":"https:\/\/www.carideal.com\/blog\/?s={search_term_string}"},"query-input":{"@type":"PropertyValueSpecification","valueRequired":true,"valueName":"search_term_string"}}],"inLanguage":"fr-FR"},{"@type":"Organization","@id":"https:\/\/www.carideal.com\/blog\/#organization","name":"Carideal","url":"https:\/\/www.carideal.com\/blog\/","logo":{"@type":"ImageObject","inLanguage":"fr-FR","@id":"https:\/\/www.carideal.com\/blog\/#\/schema\/logo\/image\/","url":"http:\/\/www.carideal.com\/blog\/wp-content\/uploads\/2016\/03\/logo-carideal-mandataire-automobile.png","contentUrl":"http:\/\/www.carideal.com\/blog\/wp-content\/uploads\/2016\/03\/logo-carideal-mandataire-automobile.png","width":300,"height":300,"caption":"Carideal"},"image":{"@id":"https:\/\/www.carideal.com\/blog\/#\/schema\/logo\/image\/"},"sameAs":["https:\/\/www.facebook.com\/Carideal.mandataire.automobile","https:\/\/x.com\/caridealauto","https:\/\/www.instagram.com\/carideal1\/","https:\/\/www.linkedin.com\/company\/carideal.com","https:\/\/fr.pinterest.com\/schiavonsas\/","https:\/\/www.youtube.com\/user\/caridealsas"]},{"@type":"Person","@id":"https:\/\/www.carideal.com\/blog\/#\/schema\/person\/cd95dc7919660de90d31b366f85be1ec","name":"Nicolas SCHIAVON","image":{"@type":"ImageObject","inLanguage":"fr-FR","@id":"https:\/\/www.carideal.com\/blog\/#\/schema\/person\/image\/","url":"https:\/\/secure.gravatar.com\/avatar\/c17e55009e671d92cc7f5dc837dc418a?s=96&r=g","contentUrl":"https:\/\/secure.gravatar.com\/avatar\/c17e55009e671d92cc7f5dc837dc418a?s=96&r=g","caption":"Nicolas SCHIAVON"},"description":"Nicolas Schiavon est tomb\u00e9 tout petit dans la marmite automobile. Ayant eu un garage de marque automobile, mandataire automobile de la premi\u00e8re heure d\u00e8s 1999. Nicolas a cr\u00e9\u00e9 ces premiers sites de vente de voiture et blog automobile d\u00e8s 1994. Carideal est n\u00e9 le 15 d\u00e9cembre 2000 de la volont\u00e9 de vendre des voitures d'occasions en ligne puis des voitures neuves. Il a pu essayer beaucoup de voitures tr\u00e8s diff\u00e9rentes et ayant eu personnellement quelques belles autos, Subaru Impreza, Mitsubishi Lancer Evo 7, Porsche 911, Ferrari Testarrossa, Audi RS3, RS4 et j'en passe...","sameAs":["http:\/\/www.carideal.com","https:\/\/www.facebook.com\/nicolas.schiavon.39","https:\/\/www.instagram.com\/carideal1\/","https:\/\/www.linkedin.com\/in\/nschiavon\/","https:\/\/x.com\/caridealauto","https:\/\/www.youtube.com\/user\/caridealsas\/"],"url":"https:\/\/www.carideal.com\/blog\/author\/nschiavon\/"}]}},"uagb_featured_image_src":{"full":false,"thumbnail":false,"medium":false,"medium_large":false,"large":false,"1536x1536":false,"2048x2048":false,"wppr-widget":false},"uagb_author_info":{"display_name":"Nicolas SCHIAVON","author_link":"https:\/\/www.carideal.com\/blog\/author\/nschiavon\/"},"uagb_comment_info":0,"uagb_excerpt":"Les voitures d'avant 1996 bannies des villes ? D'abord un petit rapel, une Zapa est une Zone d'action priotaire pour l'air, huit villes en font partie, Paris, Saint Denis, Lyon, Grenoble, Clermont Ferrand, Bordeaux, Nice, et Aix en provence. Cette exp\u00e9rience va durer 3 ans. D\u00e9j\u00e0 est paru au journal officiel la classification des v\u00e9hicules\u2026","_links":{"self":[{"href":"https:\/\/www.carideal.com\/blog\/wp-json\/wp\/v2\/posts\/4946"}],"collection":[{"href":"https:\/\/www.carideal.com\/blog\/wp-json\/wp\/v2\/posts"}],"about":[{"href":"https:\/\/www.carideal.com\/blog\/wp-json\/wp\/v2\/types\/post"}],"author":[{"embeddable":true,"href":"https:\/\/www.carideal.com\/blog\/wp-json\/wp\/v2\/users\/3"}],"replies":[{"embeddable":true,"href":"https:\/\/www.carideal.com\/blog\/wp-json\/wp\/v2\/comments?post=4946"}],"version-history":[{"count":0,"href":"https:\/\/www.carideal.com\/blog\/wp-json\/wp\/v2\/posts\/4946\/revisions"}],"wp:attachment":[{"href":"https:\/\/www.carideal.com\/blog\/wp-json\/wp\/v2\/media?parent=4946"}],"wp:term":[{"taxonomy":"category","embeddable":true,"href":"https:\/\/www.carideal.com\/blog\/wp-json\/wp\/v2\/categories?post=4946"},{"taxonomy":"post_tag","embeddable":true,"href":"https:\/\/www.carideal.com\/blog\/wp-json\/wp\/v2\/tags?post=4946"}],"curies":[{"name":"wp","href":"https:\/\/api.w.org\/{rel}","templated":true}]}}