{"id":4901,"date":"2012-01-27T23:00:00","date_gmt":"2012-01-27T23:00:00","guid":{"rendered":"http:\/\/www.carideal.com\/blog\/2012\/01\/27\/peugeot-arrete-l-endurance\/"},"modified":"2019-10-03T18:09:48","modified_gmt":"2019-10-03T16:09:48","slug":"peugeot-arrete-l-endurance","status":"publish","type":"post","link":"https:\/\/www.carideal.com\/blog\/2012\/01\/27\/peugeot-arrete-l-endurance\/","title":{"rendered":"Peugeot abandonne l&rsquo;endurance"},"content":{"rendered":"<div>\n<p>&nbsp;<\/p>\n<h2>Peugeot abandonne l'endurance<\/h2>\n<\/div>\n<p><a href=\"http:\/\/www.carideal.com\/blog\/marque-de-voiture-actualites-essais\/peugeot\/\">Peugeot<\/a> a annonc\u00e9 la semaine derni\u00e8re qu'il mettait un terme \u00e0 son programme d'endurance et donc aussi sa participation \u00e0 la mythique course des 24h du Mans, et ce juste au moment o\u00f9 <a href=\"http:\/\/www.carideal.com\/blog\/marque-de-voiture-actualites-essais\/toyota\/\">Toyota<\/a> arrive avec sa <a href=\"http:\/\/www.carideal.com\/blog\/2018\/12\/05\/voiture-hybride-rechargeable-peut-elle-amusante\/\">voiture hybride<\/a>.<\/p>\n<p>Mauvaises ventes de voitures de tourisme et n\u00e9cessit\u00e9 de se concentrer sur de nouveaux projets de voitures de tourisme mis en cause.<\/p>\n<figure id=\"attachment_20034\" aria-describedby=\"caption-attachment-20034\" style=\"width: 430px\" class=\"wp-caption alignnone\"><img loading=\"lazy\" decoding=\"async\" class=\"wp-image-20034 size-full\" title=\"Peugeot abandonne l'endurance\" src=\"http:\/\/www.carideal.com\/blog\/wp-content\/uploads\/2012\/01\/peugeot908caridealmandataireautomobile-1327742991.jpg\" alt=\"Peugeot abandonne l'endurance\" width=\"440\" height=\"329\" srcset=\"https:\/\/www.carideal.com\/blog\/wp-content\/uploads\/2012\/01\/peugeot908caridealmandataireautomobile-1327742991.jpg 440w, https:\/\/www.carideal.com\/blog\/wp-content\/uploads\/2012\/01\/peugeot908caridealmandataireautomobile-1327742991-300x224.jpg 300w, https:\/\/www.carideal.com\/blog\/wp-content\/uploads\/2012\/01\/peugeot908caridealmandataireautomobile-1327742991-50x37.jpg 50w, https:\/\/www.carideal.com\/blog\/wp-content\/uploads\/2012\/01\/peugeot908caridealmandataireautomobile-1327742991-110x82.jpg 110w, https:\/\/www.carideal.com\/blog\/wp-content\/uploads\/2012\/01\/peugeot908caridealmandataireautomobile-1327742991-420x314.jpg 420w\" sizes=\"(max-width: 440px) 100vw, 440px\" \/><figcaption id=\"caption-attachment-20034\" class=\"wp-caption-text\">Peugeot abandonne l'endurance<\/figcaption><\/figure>\n<p>Peugeot mettra fin \u00e0 son programme de courses d'endurance avec effet imm\u00e9diat, en raison de sa d\u00e9cision de mal vendre ses voitures en 2011 et de la n\u00e9cessit\u00e9 de se concentrer sur la commercialisation de ses nouveaux mod\u00e8les <a href=\"http:\/\/www.carideal.com\/blog\/2012\/08\/10\/peugeot-208-2\/\">Peugeot 208<\/a> <a href=\"http:\/\/www.carideal.com\/blog\/2018\/03\/18\/meilleures-citadines-polyvalentes-2018\/\">citadine<\/a> et <a href=\"http:\/\/www.carideal.com\/blog\/2018\/12\/10\/voiture-hybride-ou-electrique\/\">hybrides<\/a> en 2012.<\/p>\n<p>Peugeot \u00e9tait le principal rival d'<a href=\"http:\/\/www.carideal.com\/blog\/marque-de-voiture-actualites-essais\/audi\/\">Audi<\/a> dans les courses de voitures de sport, participant aux 24 Heures du Mans et aux s\u00e9ries associ\u00e9es depuis 2007.<\/p>\n<p>\"Cette d\u00e9cision a \u00e9t\u00e9 prise dans le contexte d'un environnement \u00e9conomique difficile en Europe\", a d\u00e9clar\u00e9 Peugeot dans un communiqu\u00e9 publi\u00e9 mercredi. \"Peugeot a choisi de concentrer ses ressources sur ses performances commerciales en 2012.\"<\/p>\n<p>L\u2019\u00e9quipe a remport\u00e9 les 24 Heures du Mans en 2009 et l\u2019an dernier, le titre inaugural Intercontinental Le Mans Cup.<\/p>\n<p>Toyota participera \u00e0 la LMP1 cette ann\u00e9e, mais uniquement avec un programme partiel, tandis que le programme de <a href=\"http:\/\/www.carideal.com\/blog\/marque-de-voiture-actualites-essais\/porsche\/\">Porsche<\/a> ne sera pas en piste avant 2014.<\/p>\n","protected":false},"excerpt":{"rendered":"<p>&nbsp; Peugeot abandonne l&rsquo;endurance Peugeot a annonc\u00e9 la semaine derni\u00e8re qu&rsquo;il mettait un terme \u00e0 son programme d&rsquo;endurance et donc aussi sa participation \u00e0 la mythique course des 24h du Mans, et ce juste au moment o\u00f9 Toyota arrive avec sa voiture hybride. Mauvaises ventes de voitures de tourisme et n\u00e9cessit\u00e9 de se concentrer sur &#8230; <a title=\"Peugeot abandonne l&rsquo;endurance\" class=\"read-more\" href=\"https:\/\/www.carideal.com\/blog\/2012\/01\/27\/peugeot-arrete-l-endurance\/\" aria-label=\"En savoir plus sur Peugeot abandonne l&rsquo;endurance\">Lire plus<\/a><\/p>\n","protected":false},"author":3,"featured_media":20034,"comment_status":"open","ping_status":"open","sticky":false,"template":"","format":"standard","meta":{"_uag_custom_page_level_css":"","_themeisle_gutenberg_block_has_review":false,"footnotes":""},"categories":[5946,16],"tags":[],"class_list":["post-4901","post","type-post","status-publish","format-standard","has-post-thumbnail","hentry","category-peugeot","category-sport-auto"],"wppr_data":{"cwp_meta_box_check":"No"},"yoast_head":"<!-- This site is optimized with the Yoast SEO plugin v24.8.1 - https:\/\/yoast.com\/wordpress\/plugins\/seo\/ -->\n<title>Peugeot abandonne l&#039;endurance - Blog auto Carid\u00e9al<\/title>\n<meta name=\"description\" content=\"Peugeot a annonc\u00e9 la semaine derni\u00e8re qu&#039;il mettait un terme \u00e0 son programme d&#039;endurance et donc aussi sa participation \u00e0 la mythique course des 24h du Mans\" \/>\n<meta name=\"robots\" content=\"index, follow, max-snippet:-1, max-image-preview:large, max-video-preview:-1\" \/>\n<link rel=\"canonical\" href=\"https:\/\/www.carideal.com\/blog\/2012\/01\/27\/peugeot-arrete-l-endurance\/\" \/>\n<meta property=\"og:locale\" content=\"fr_FR\" \/>\n<meta property=\"og:type\" content=\"article\" \/>\n<meta property=\"og:title\" content=\"Peugeot abandonne l&#039;endurance - Blog auto Carid\u00e9al\" \/>\n<meta property=\"og:description\" content=\"Peugeot a annonc\u00e9 la semaine derni\u00e8re qu&#039;il mettait un terme \u00e0 son programme d&#039;endurance et donc aussi sa participation \u00e0 la mythique course des 24h du Mans\" \/>\n<meta property=\"og:url\" content=\"https:\/\/www.carideal.com\/blog\/2012\/01\/27\/peugeot-arrete-l-endurance\/\" \/>\n<meta property=\"og:site_name\" content=\"Blog auto Carid\u00e9al\" \/>\n<meta property=\"article:publisher\" content=\"https:\/\/www.facebook.com\/Carideal.mandataire.automobile\" \/>\n<meta property=\"article:author\" content=\"https:\/\/www.facebook.com\/nicolas.schiavon.39\" \/>\n<meta property=\"article:published_time\" content=\"2012-01-27T23:00:00+00:00\" \/>\n<meta property=\"article:modified_time\" content=\"2019-10-03T16:09:48+00:00\" \/>\n<meta property=\"og:image\" content=\"https:\/\/www.carideal.com\/blog\/wp-content\/uploads\/2012\/01\/peugeot908caridealmandataireautomobile-1327742991.jpg\" \/>\n\t<meta property=\"og:image:width\" content=\"440\" \/>\n\t<meta property=\"og:image:height\" content=\"329\" \/>\n\t<meta property=\"og:image:type\" content=\"image\/jpeg\" \/>\n<meta name=\"author\" content=\"Nicolas SCHIAVON\" \/>\n<meta name=\"twitter:card\" content=\"summary_large_image\" \/>\n<meta name=\"twitter:creator\" content=\"@caridealauto\" \/>\n<meta name=\"twitter:site\" content=\"@caridealauto\" \/>\n<meta name=\"twitter:label1\" content=\"\u00c9crit par\" \/>\n\t<meta name=\"twitter:data1\" content=\"Nicolas SCHIAVON\" \/>\n\t<meta name=\"twitter:label2\" content=\"Dur\u00e9e de lecture estim\u00e9e\" \/>\n\t<meta name=\"twitter:data2\" content=\"1 minute\" \/>\n<script type=\"application\/ld+json\" class=\"yoast-schema-graph\">{\"@context\":\"https:\/\/schema.org\",\"@graph\":[{\"@type\":\"Article\",\"@id\":\"https:\/\/www.carideal.com\/blog\/2012\/01\/27\/peugeot-arrete-l-endurance\/#article\",\"isPartOf\":{\"@id\":\"https:\/\/www.carideal.com\/blog\/2012\/01\/27\/peugeot-arrete-l-endurance\/\"},\"author\":{\"name\":\"Nicolas SCHIAVON\",\"@id\":\"https:\/\/www.carideal.com\/blog\/#\/schema\/person\/cd95dc7919660de90d31b366f85be1ec\"},\"headline\":\"Peugeot abandonne l&rsquo;endurance\",\"datePublished\":\"2012-01-27T23:00:00+00:00\",\"dateModified\":\"2019-10-03T16:09:48+00:00\",\"mainEntityOfPage\":{\"@id\":\"https:\/\/www.carideal.com\/blog\/2012\/01\/27\/peugeot-arrete-l-endurance\/\"},\"wordCount\":229,\"commentCount\":0,\"publisher\":{\"@id\":\"https:\/\/www.carideal.com\/blog\/#organization\"},\"image\":{\"@id\":\"https:\/\/www.carideal.com\/blog\/2012\/01\/27\/peugeot-arrete-l-endurance\/#primaryimage\"},\"thumbnailUrl\":\"https:\/\/www.carideal.com\/blog\/wp-content\/uploads\/2012\/01\/peugeot908caridealmandataireautomobile-1327742991.jpg\",\"articleSection\":[\"Actualit\u00e9 Peugeot\",\"Sport Automobile\"],\"inLanguage\":\"fr-FR\",\"potentialAction\":[{\"@type\":\"CommentAction\",\"name\":\"Comment\",\"target\":[\"https:\/\/www.carideal.com\/blog\/2012\/01\/27\/peugeot-arrete-l-endurance\/#respond\"]}]},{\"@type\":\"WebPage\",\"@id\":\"https:\/\/www.carideal.com\/blog\/2012\/01\/27\/peugeot-arrete-l-endurance\/\",\"url\":\"https:\/\/www.carideal.com\/blog\/2012\/01\/27\/peugeot-arrete-l-endurance\/\",\"name\":\"Peugeot abandonne l'endurance - Blog auto Carid\u00e9al\",\"isPartOf\":{\"@id\":\"https:\/\/www.carideal.com\/blog\/#website\"},\"primaryImageOfPage\":{\"@id\":\"https:\/\/www.carideal.com\/blog\/2012\/01\/27\/peugeot-arrete-l-endurance\/#primaryimage\"},\"image\":{\"@id\":\"https:\/\/www.carideal.com\/blog\/2012\/01\/27\/peugeot-arrete-l-endurance\/#primaryimage\"},\"thumbnailUrl\":\"https:\/\/www.carideal.com\/blog\/wp-content\/uploads\/2012\/01\/peugeot908caridealmandataireautomobile-1327742991.jpg\",\"datePublished\":\"2012-01-27T23:00:00+00:00\",\"dateModified\":\"2019-10-03T16:09:48+00:00\",\"description\":\"Peugeot a annonc\u00e9 la semaine derni\u00e8re qu'il mettait un terme \u00e0 son programme d'endurance et donc aussi sa participation \u00e0 la mythique course des 24h du Mans\",\"breadcrumb\":{\"@id\":\"https:\/\/www.carideal.com\/blog\/2012\/01\/27\/peugeot-arrete-l-endurance\/#breadcrumb\"},\"inLanguage\":\"fr-FR\",\"potentialAction\":[{\"@type\":\"ReadAction\",\"target\":[\"https:\/\/www.carideal.com\/blog\/2012\/01\/27\/peugeot-arrete-l-endurance\/\"]}]},{\"@type\":\"ImageObject\",\"inLanguage\":\"fr-FR\",\"@id\":\"https:\/\/www.carideal.com\/blog\/2012\/01\/27\/peugeot-arrete-l-endurance\/#primaryimage\",\"url\":\"https:\/\/www.carideal.com\/blog\/wp-content\/uploads\/2012\/01\/peugeot908caridealmandataireautomobile-1327742991.jpg\",\"contentUrl\":\"https:\/\/www.carideal.com\/blog\/wp-content\/uploads\/2012\/01\/peugeot908caridealmandataireautomobile-1327742991.jpg\",\"width\":440,\"height\":329,\"caption\":\"Peugeot abandonne l'endurance\"},{\"@type\":\"BreadcrumbList\",\"@id\":\"https:\/\/www.carideal.com\/blog\/2012\/01\/27\/peugeot-arrete-l-endurance\/#breadcrumb\",\"itemListElement\":[{\"@type\":\"ListItem\",\"position\":1,\"name\":\"Blog Carid\u00e9al\",\"item\":\"https:\/\/www.carideal.com\/blog\/\"},{\"@type\":\"ListItem\",\"position\":2,\"name\":\"Actualit\u00e9 constructeur automobile\",\"item\":\"https:\/\/www.carideal.com\/blog\/constructeur\/\"},{\"@type\":\"ListItem\",\"position\":3,\"name\":\"Actualit\u00e9 Peugeot\",\"item\":\"https:\/\/www.carideal.com\/blog\/constructeur\/peugeot\/\"},{\"@type\":\"ListItem\",\"position\":4,\"name\":\"Peugeot abandonne l&rsquo;endurance\"}]},{\"@type\":\"WebSite\",\"@id\":\"https:\/\/www.carideal.com\/blog\/#website\",\"url\":\"https:\/\/www.carideal.com\/blog\/\",\"name\":\"Blog auto Carid\u00e9al\",\"description\":\"Actualit\u00e9 auto par des passionn\u00e9s\",\"publisher\":{\"@id\":\"https:\/\/www.carideal.com\/blog\/#organization\"},\"potentialAction\":[{\"@type\":\"SearchAction\",\"target\":{\"@type\":\"EntryPoint\",\"urlTemplate\":\"https:\/\/www.carideal.com\/blog\/?s={search_term_string}\"},\"query-input\":{\"@type\":\"PropertyValueSpecification\",\"valueRequired\":true,\"valueName\":\"search_term_string\"}}],\"inLanguage\":\"fr-FR\"},{\"@type\":\"Organization\",\"@id\":\"https:\/\/www.carideal.com\/blog\/#organization\",\"name\":\"Carideal\",\"url\":\"https:\/\/www.carideal.com\/blog\/\",\"logo\":{\"@type\":\"ImageObject\",\"inLanguage\":\"fr-FR\",\"@id\":\"https:\/\/www.carideal.com\/blog\/#\/schema\/logo\/image\/\",\"url\":\"http:\/\/www.carideal.com\/blog\/wp-content\/uploads\/2016\/03\/logo-carideal-mandataire-automobile.png\",\"contentUrl\":\"http:\/\/www.carideal.com\/blog\/wp-content\/uploads\/2016\/03\/logo-carideal-mandataire-automobile.png\",\"width\":300,\"height\":300,\"caption\":\"Carideal\"},\"image\":{\"@id\":\"https:\/\/www.carideal.com\/blog\/#\/schema\/logo\/image\/\"},\"sameAs\":[\"https:\/\/www.facebook.com\/Carideal.mandataire.automobile\",\"https:\/\/x.com\/caridealauto\",\"https:\/\/www.instagram.com\/carideal1\/\",\"https:\/\/www.linkedin.com\/company\/carideal.com\",\"https:\/\/fr.pinterest.com\/schiavonsas\/\",\"https:\/\/www.youtube.com\/user\/caridealsas\"]},{\"@type\":\"Person\",\"@id\":\"https:\/\/www.carideal.com\/blog\/#\/schema\/person\/cd95dc7919660de90d31b366f85be1ec\",\"name\":\"Nicolas SCHIAVON\",\"image\":{\"@type\":\"ImageObject\",\"inLanguage\":\"fr-FR\",\"@id\":\"https:\/\/www.carideal.com\/blog\/#\/schema\/person\/image\/\",\"url\":\"https:\/\/secure.gravatar.com\/avatar\/c17e55009e671d92cc7f5dc837dc418a?s=96&r=g\",\"contentUrl\":\"https:\/\/secure.gravatar.com\/avatar\/c17e55009e671d92cc7f5dc837dc418a?s=96&r=g\",\"caption\":\"Nicolas SCHIAVON\"},\"description\":\"Nicolas Schiavon est tomb\u00e9 tout petit dans la marmite automobile. Ayant eu un garage de marque automobile, mandataire automobile de la premi\u00e8re heure d\u00e8s 1999. Nicolas a cr\u00e9\u00e9 ces premiers sites de vente de voiture et blog automobile d\u00e8s 1994. Carideal est n\u00e9 le 15 d\u00e9cembre 2000 de la volont\u00e9 de vendre des voitures d'occasions en ligne puis des voitures neuves. Il a pu essayer beaucoup de voitures tr\u00e8s diff\u00e9rentes et ayant eu personnellement quelques belles autos, Subaru Impreza, Mitsubishi Lancer Evo 7, Porsche 911, Ferrari Testarrossa, Audi RS3, RS4 et j'en passe...\",\"sameAs\":[\"http:\/\/www.carideal.com\",\"https:\/\/www.facebook.com\/nicolas.schiavon.39\",\"https:\/\/www.instagram.com\/carideal1\/\",\"https:\/\/www.linkedin.com\/in\/nschiavon\/\",\"https:\/\/x.com\/caridealauto\",\"https:\/\/www.youtube.com\/user\/caridealsas\/\"],\"url\":\"https:\/\/www.carideal.com\/blog\/author\/nschiavon\/\"}]}<\/script>\n<!-- \/ Yoast SEO plugin. -->","yoast_head_json":{"title":"Peugeot abandonne l'endurance - Blog auto Carid\u00e9al","description":"Peugeot a annonc\u00e9 la semaine derni\u00e8re qu'il mettait un terme \u00e0 son programme d'endurance et donc aussi sa participation \u00e0 la mythique course des 24h du Mans","robots":{"index":"index","follow":"follow","max-snippet":"max-snippet:-1","max-image-preview":"max-image-preview:large","max-video-preview":"max-video-preview:-1"},"canonical":"https:\/\/www.carideal.com\/blog\/2012\/01\/27\/peugeot-arrete-l-endurance\/","og_locale":"fr_FR","og_type":"article","og_title":"Peugeot abandonne l'endurance - Blog auto Carid\u00e9al","og_description":"Peugeot a annonc\u00e9 la semaine derni\u00e8re qu'il mettait un terme \u00e0 son programme d'endurance et donc aussi sa participation \u00e0 la mythique course des 24h du Mans","og_url":"https:\/\/www.carideal.com\/blog\/2012\/01\/27\/peugeot-arrete-l-endurance\/","og_site_name":"Blog auto Carid\u00e9al","article_publisher":"https:\/\/www.facebook.com\/Carideal.mandataire.automobile","article_author":"https:\/\/www.facebook.com\/nicolas.schiavon.39","article_published_time":"2012-01-27T23:00:00+00:00","article_modified_time":"2019-10-03T16:09:48+00:00","og_image":[{"width":440,"height":329,"url":"https:\/\/www.carideal.com\/blog\/wp-content\/uploads\/2012\/01\/peugeot908caridealmandataireautomobile-1327742991.jpg","type":"image\/jpeg"}],"author":"Nicolas SCHIAVON","twitter_card":"summary_large_image","twitter_creator":"@caridealauto","twitter_site":"@caridealauto","twitter_misc":{"\u00c9crit par":"Nicolas SCHIAVON","Dur\u00e9e de lecture estim\u00e9e":"1 minute"},"schema":{"@context":"https:\/\/schema.org","@graph":[{"@type":"Article","@id":"https:\/\/www.carideal.com\/blog\/2012\/01\/27\/peugeot-arrete-l-endurance\/#article","isPartOf":{"@id":"https:\/\/www.carideal.com\/blog\/2012\/01\/27\/peugeot-arrete-l-endurance\/"},"author":{"name":"Nicolas SCHIAVON","@id":"https:\/\/www.carideal.com\/blog\/#\/schema\/person\/cd95dc7919660de90d31b366f85be1ec"},"headline":"Peugeot abandonne l&rsquo;endurance","datePublished":"2012-01-27T23:00:00+00:00","dateModified":"2019-10-03T16:09:48+00:00","mainEntityOfPage":{"@id":"https:\/\/www.carideal.com\/blog\/2012\/01\/27\/peugeot-arrete-l-endurance\/"},"wordCount":229,"commentCount":0,"publisher":{"@id":"https:\/\/www.carideal.com\/blog\/#organization"},"image":{"@id":"https:\/\/www.carideal.com\/blog\/2012\/01\/27\/peugeot-arrete-l-endurance\/#primaryimage"},"thumbnailUrl":"https:\/\/www.carideal.com\/blog\/wp-content\/uploads\/2012\/01\/peugeot908caridealmandataireautomobile-1327742991.jpg","articleSection":["Actualit\u00e9 Peugeot","Sport Automobile"],"inLanguage":"fr-FR","potentialAction":[{"@type":"CommentAction","name":"Comment","target":["https:\/\/www.carideal.com\/blog\/2012\/01\/27\/peugeot-arrete-l-endurance\/#respond"]}]},{"@type":"WebPage","@id":"https:\/\/www.carideal.com\/blog\/2012\/01\/27\/peugeot-arrete-l-endurance\/","url":"https:\/\/www.carideal.com\/blog\/2012\/01\/27\/peugeot-arrete-l-endurance\/","name":"Peugeot abandonne l'endurance - Blog auto Carid\u00e9al","isPartOf":{"@id":"https:\/\/www.carideal.com\/blog\/#website"},"primaryImageOfPage":{"@id":"https:\/\/www.carideal.com\/blog\/2012\/01\/27\/peugeot-arrete-l-endurance\/#primaryimage"},"image":{"@id":"https:\/\/www.carideal.com\/blog\/2012\/01\/27\/peugeot-arrete-l-endurance\/#primaryimage"},"thumbnailUrl":"https:\/\/www.carideal.com\/blog\/wp-content\/uploads\/2012\/01\/peugeot908caridealmandataireautomobile-1327742991.jpg","datePublished":"2012-01-27T23:00:00+00:00","dateModified":"2019-10-03T16:09:48+00:00","description":"Peugeot a annonc\u00e9 la semaine derni\u00e8re qu'il mettait un terme \u00e0 son programme d'endurance et donc aussi sa participation \u00e0 la mythique course des 24h du Mans","breadcrumb":{"@id":"https:\/\/www.carideal.com\/blog\/2012\/01\/27\/peugeot-arrete-l-endurance\/#breadcrumb"},"inLanguage":"fr-FR","potentialAction":[{"@type":"ReadAction","target":["https:\/\/www.carideal.com\/blog\/2012\/01\/27\/peugeot-arrete-l-endurance\/"]}]},{"@type":"ImageObject","inLanguage":"fr-FR","@id":"https:\/\/www.carideal.com\/blog\/2012\/01\/27\/peugeot-arrete-l-endurance\/#primaryimage","url":"https:\/\/www.carideal.com\/blog\/wp-content\/uploads\/2012\/01\/peugeot908caridealmandataireautomobile-1327742991.jpg","contentUrl":"https:\/\/www.carideal.com\/blog\/wp-content\/uploads\/2012\/01\/peugeot908caridealmandataireautomobile-1327742991.jpg","width":440,"height":329,"caption":"Peugeot abandonne l'endurance"},{"@type":"BreadcrumbList","@id":"https:\/\/www.carideal.com\/blog\/2012\/01\/27\/peugeot-arrete-l-endurance\/#breadcrumb","itemListElement":[{"@type":"ListItem","position":1,"name":"Blog Carid\u00e9al","item":"https:\/\/www.carideal.com\/blog\/"},{"@type":"ListItem","position":2,"name":"Actualit\u00e9 constructeur automobile","item":"https:\/\/www.carideal.com\/blog\/constructeur\/"},{"@type":"ListItem","position":3,"name":"Actualit\u00e9 Peugeot","item":"https:\/\/www.carideal.com\/blog\/constructeur\/peugeot\/"},{"@type":"ListItem","position":4,"name":"Peugeot abandonne l&rsquo;endurance"}]},{"@type":"WebSite","@id":"https:\/\/www.carideal.com\/blog\/#website","url":"https:\/\/www.carideal.com\/blog\/","name":"Blog auto Carid\u00e9al","description":"Actualit\u00e9 auto par des passionn\u00e9s","publisher":{"@id":"https:\/\/www.carideal.com\/blog\/#organization"},"potentialAction":[{"@type":"SearchAction","target":{"@type":"EntryPoint","urlTemplate":"https:\/\/www.carideal.com\/blog\/?s={search_term_string}"},"query-input":{"@type":"PropertyValueSpecification","valueRequired":true,"valueName":"search_term_string"}}],"inLanguage":"fr-FR"},{"@type":"Organization","@id":"https:\/\/www.carideal.com\/blog\/#organization","name":"Carideal","url":"https:\/\/www.carideal.com\/blog\/","logo":{"@type":"ImageObject","inLanguage":"fr-FR","@id":"https:\/\/www.carideal.com\/blog\/#\/schema\/logo\/image\/","url":"http:\/\/www.carideal.com\/blog\/wp-content\/uploads\/2016\/03\/logo-carideal-mandataire-automobile.png","contentUrl":"http:\/\/www.carideal.com\/blog\/wp-content\/uploads\/2016\/03\/logo-carideal-mandataire-automobile.png","width":300,"height":300,"caption":"Carideal"},"image":{"@id":"https:\/\/www.carideal.com\/blog\/#\/schema\/logo\/image\/"},"sameAs":["https:\/\/www.facebook.com\/Carideal.mandataire.automobile","https:\/\/x.com\/caridealauto","https:\/\/www.instagram.com\/carideal1\/","https:\/\/www.linkedin.com\/company\/carideal.com","https:\/\/fr.pinterest.com\/schiavonsas\/","https:\/\/www.youtube.com\/user\/caridealsas"]},{"@type":"Person","@id":"https:\/\/www.carideal.com\/blog\/#\/schema\/person\/cd95dc7919660de90d31b366f85be1ec","name":"Nicolas SCHIAVON","image":{"@type":"ImageObject","inLanguage":"fr-FR","@id":"https:\/\/www.carideal.com\/blog\/#\/schema\/person\/image\/","url":"https:\/\/secure.gravatar.com\/avatar\/c17e55009e671d92cc7f5dc837dc418a?s=96&r=g","contentUrl":"https:\/\/secure.gravatar.com\/avatar\/c17e55009e671d92cc7f5dc837dc418a?s=96&r=g","caption":"Nicolas SCHIAVON"},"description":"Nicolas Schiavon est tomb\u00e9 tout petit dans la marmite automobile. Ayant eu un garage de marque automobile, mandataire automobile de la premi\u00e8re heure d\u00e8s 1999. Nicolas a cr\u00e9\u00e9 ces premiers sites de vente de voiture et blog automobile d\u00e8s 1994. Carideal est n\u00e9 le 15 d\u00e9cembre 2000 de la volont\u00e9 de vendre des voitures d'occasions en ligne puis des voitures neuves. Il a pu essayer beaucoup de voitures tr\u00e8s diff\u00e9rentes et ayant eu personnellement quelques belles autos, Subaru Impreza, Mitsubishi Lancer Evo 7, Porsche 911, Ferrari Testarrossa, Audi RS3, RS4 et j'en passe...","sameAs":["http:\/\/www.carideal.com","https:\/\/www.facebook.com\/nicolas.schiavon.39","https:\/\/www.instagram.com\/carideal1\/","https:\/\/www.linkedin.com\/in\/nschiavon\/","https:\/\/x.com\/caridealauto","https:\/\/www.youtube.com\/user\/caridealsas\/"],"url":"https:\/\/www.carideal.com\/blog\/author\/nschiavon\/"}]}},"uagb_featured_image_src":{"full":["https:\/\/www.carideal.com\/blog\/wp-content\/uploads\/2012\/01\/peugeot908caridealmandataireautomobile-1327742991.jpg",440,329,false],"thumbnail":["https:\/\/www.carideal.com\/blog\/wp-content\/uploads\/2012\/01\/peugeot908caridealmandataireautomobile-1327742991-150x150.jpg",150,150,true],"medium":["https:\/\/www.carideal.com\/blog\/wp-content\/uploads\/2012\/01\/peugeot908caridealmandataireautomobile-1327742991-300x224.jpg",300,224,true],"medium_large":["https:\/\/www.carideal.com\/blog\/wp-content\/uploads\/2012\/01\/peugeot908caridealmandataireautomobile-1327742991.jpg",440,329,false],"large":["https:\/\/www.carideal.com\/blog\/wp-content\/uploads\/2012\/01\/peugeot908caridealmandataireautomobile-1327742991.jpg",440,329,false],"1536x1536":["https:\/\/www.carideal.com\/blog\/wp-content\/uploads\/2012\/01\/peugeot908caridealmandataireautomobile-1327742991.jpg",440,329,false],"2048x2048":["https:\/\/www.carideal.com\/blog\/wp-content\/uploads\/2012\/01\/peugeot908caridealmandataireautomobile-1327742991.jpg",440,329,false],"wppr-widget":["https:\/\/www.carideal.com\/blog\/wp-content\/uploads\/2012\/01\/peugeot908caridealmandataireautomobile-1327742991-50x37.jpg",50,37,true]},"uagb_author_info":{"display_name":"Nicolas SCHIAVON","author_link":"https:\/\/www.carideal.com\/blog\/author\/nschiavon\/"},"uagb_comment_info":0,"uagb_excerpt":"&nbsp; Peugeot abandonne l'endurance Peugeot a annonc\u00e9 la semaine derni\u00e8re qu'il mettait un terme \u00e0 son programme d'endurance et donc aussi sa participation \u00e0 la mythique course des 24h du Mans, et ce juste au moment o\u00f9 Toyota arrive avec sa voiture hybride. Mauvaises ventes de voitures de tourisme et n\u00e9cessit\u00e9 de se concentrer sur\u2026","_links":{"self":[{"href":"https:\/\/www.carideal.com\/blog\/wp-json\/wp\/v2\/posts\/4901"}],"collection":[{"href":"https:\/\/www.carideal.com\/blog\/wp-json\/wp\/v2\/posts"}],"about":[{"href":"https:\/\/www.carideal.com\/blog\/wp-json\/wp\/v2\/types\/post"}],"author":[{"embeddable":true,"href":"https:\/\/www.carideal.com\/blog\/wp-json\/wp\/v2\/users\/3"}],"replies":[{"embeddable":true,"href":"https:\/\/www.carideal.com\/blog\/wp-json\/wp\/v2\/comments?post=4901"}],"version-history":[{"count":0,"href":"https:\/\/www.carideal.com\/blog\/wp-json\/wp\/v2\/posts\/4901\/revisions"}],"wp:featuredmedia":[{"embeddable":true,"href":"https:\/\/www.carideal.com\/blog\/wp-json\/wp\/v2\/media\/20034"}],"wp:attachment":[{"href":"https:\/\/www.carideal.com\/blog\/wp-json\/wp\/v2\/media?parent=4901"}],"wp:term":[{"taxonomy":"category","embeddable":true,"href":"https:\/\/www.carideal.com\/blog\/wp-json\/wp\/v2\/categories?post=4901"},{"taxonomy":"post_tag","embeddable":true,"href":"https:\/\/www.carideal.com\/blog\/wp-json\/wp\/v2\/tags?post=4901"}],"curies":[{"name":"wp","href":"https:\/\/api.w.org\/{rel}","templated":true}]}}