{"id":4877,"date":"2011-05-30T22:00:00","date_gmt":"2011-05-30T22:00:00","guid":{"rendered":"http:\/\/www.carideal.com\/blog\/2011\/05\/30\/carlos-tavares-devient-le-n2-de-renault-en-remplacement-de-patrick-petala\/"},"modified":"2019-10-01T17:47:18","modified_gmt":"2019-10-01T15:47:18","slug":"carlos-tavares-devient-le-n2-de-renault-en-remplacement-de-patrick-petala","status":"publish","type":"post","link":"https:\/\/www.carideal.com\/blog\/2011\/05\/30\/carlos-tavares-devient-le-n2-de-renault-en-remplacement-de-patrick-petala\/","title":{"rendered":"Carlos Tavares devient le N2 de Renault en remplacement de Patrick Petala"},"content":{"rendered":"<div>\n<h2>Carlos Tavares devient le N2 de Renault en remplacement de Patrick Petala<\/h2>\n<\/div>\n<p>On s'en doutait et <a href=\"http:\/\/www.carideal.com\/blog\/marque-de-voiture-actualites-essais\/renault\/\">Renault<\/a> a annonc\u00e9\u00a0hier la nomination de Carlos Tavares au Comit\u00e9 Ex\u00e9cutif Groupe de Renault. Il\u00a0remplace\u00a0Patrick P\u00e9lata qui a d\u00fb d\u00e9missionner apr\u00e8s la fameuse affaire de <a href=\"http:\/\/www.carideal.com\/blog\/2011\/02\/23\/dossier-creux-pour-renault-dans-son-affaire-despionnage\/\">faux espionnage<\/a>.<\/p>\n<figure id=\"attachment_20016\" aria-describedby=\"caption-attachment-20016\" style=\"width: 390px\" class=\"wp-caption alignnone\"><img loading=\"lazy\" decoding=\"async\" class=\"size-full wp-image-20016\" src=\"http:\/\/www.carideal.com\/blog\/wp-content\/uploads\/2011\/05\/carlos-tavares-n2-renault-e1569943624452.jpg\" alt=\"Carlos Tavares devient le N2 de Renault en remplacement de Patrick Petala\" width=\"400\" height=\"267\" \/><figcaption id=\"caption-attachment-20016\" class=\"wp-caption-text\">Carlos Tavares devient le N2 de Renault en remplacement de Patrick Petala<\/figcaption><\/figure>\n<p>Le groupe Renault a pris la d\u00e9cision de restructurer sa direction sous la pression des actionnaires dont celle de l'\u00e9tat aussi qui d\u00e9sire regarder de plus pr\u00e8s ce qui se passe chez Renault. L'\u00e9tat est actionnaire \u00e0 15.1 %. Carlos Tavares\u00a0devra superviser\u00a0le plan Renault 2016 --'Drive the Change'-- qui doit permettre \u00e0 Renault de s'imposer sur\u00a0l'ensemble des march\u00e9s internationaux, et dans les nouvelles technologies.<\/p>\n<p>Certain souhaitaient une autre nomination que celle de Carlos Tavares, jug\u00e9 trop proche de <a href=\"http:\/\/www.carideal.com\/blog\/2014\/01\/30\/le-pari-perdu-de-mr-carlos-ghosn-et-de-la-voiture-electrique\/\">Carlos Ghosn<\/a>, le m\u00eame pr\u00e9nom, les m\u00eame origines, afin d'apporter un contre pouvoir, une autre vision \u00e0 Carlos Ghosn alors que beaucoup de question fusent sur la strat\u00e9gie du groupe et l'\u00e9rosion des ventes.<\/p>\n<p>M. Tavares, 52 ans, travaillera sous la direction de Carlos Ghosn, directeur g\u00e9n\u00e9ral de Renault et de son partenaire japonais <a href=\"http:\/\/www.carideal.com\/blog\/marque-de-voiture-actualites-essais\/nissan\/\">Nissan<\/a>, a annonc\u00e9 lundi la soci\u00e9t\u00e9. M. Tavares a rejoint Renault en 1981 en tant qu\u2019ing\u00e9nieur et travaille depuis 2004 pour Nissan.<\/p>\n<p>Ses priorit\u00e9s seront \"l'am\u00e9lioration permanente de la comp\u00e9titivit\u00e9 et le d\u00e9veloppement des sites en France\", a d\u00e9clar\u00e9 Renault dans un communiqu\u00e9.<\/p>\n<p>\"La nomination de Carlos Tavares est une premi\u00e8re \u00e9tape dans le renforcement de la direction de Renault\", a d\u00e9clar\u00e9 M. Ghosn dans un communiqu\u00e9. \"Carlos Tavares conna\u00eet l\u2019industrie automobile dans toutes ses dimensions.\"<\/p>\n<p>Cette d\u00e9cision fait suite \u00e0 la d\u00e9mission en avril de Patrick P\u00e9lata, Directeur g\u00e9n\u00e9ral d\u00e9l\u00e9gu\u00e9 de Renault, qui avait pris la responsabilit\u00e9 d'une d\u00e9b\u00e2cle dans laquelle la soci\u00e9t\u00e9 avait \u00e9t\u00e9 induite en erreur par le licenciement de trois dirigeants, dont un membre de son comit\u00e9 de direction.<\/p>\n<p>Renault a accus\u00e9 les dirigeants de vendre des informations confidentielles en dehors de l\u2019entreprise, mais les a finalement exon\u00e9r\u00e9s et indemnis\u00e9s. La police enqu\u00eate actuellement sur un complot soup\u00e7onn\u00e9 de frauder la soci\u00e9t\u00e9 par des membres du service de s\u00e9curit\u00e9 interne du constructeur automobile, dont trois ont \u00e9t\u00e9 licenci\u00e9s.<\/p>\n<p>L'\u00e9pisode a gravement endommag\u00e9 le moral du personnel et le d\u00e9part de M. P\u00e9lata a laiss\u00e9 un grand vide \u00e0 la haute direction, car il dirigeait effectivement les op\u00e9rations quotidiennes de Renault depuis la crise financi\u00e8re de 2008.<\/p>\n<p>M. Tavares arrive avec une solide r\u00e9putation construite chez Nissan, qui a \u00e9t\u00e9 le plus r\u00e9ussi des deux partenaires ces derni\u00e8res ann\u00e9es. Pendant un peu plus de deux ans, il dirigeait la division Am\u00e9riques au Mexique et augmentait sa part de march\u00e9 aux \u00c9tats-Unis de deux points de pourcentage.<\/p>\n<p>Il faisait partie de l'\u00e9quipe de d\u00e9veloppement de la <a href=\"http:\/\/www.carideal.com\/blog\/2013\/04\/03\/voiture-electrique-nouvelle-nissan-leaf-en-video\/\">voiture \u00e9lectrique Leaf<\/a> au d\u00e9but de sa carri\u00e8re chez Nissan et a \u00e9t\u00e9 le principal d\u00e9fenseur de la Leaf, qui a \u00e9t\u00e9 mise en vente en d\u00e9cembre.<\/p>\n<p>M. Ghosn a plac\u00e9 les <a href=\"http:\/\/www.carideal.com\/blog\/2014\/05\/30\/vehicules-electriques\/\">v\u00e9hicules \u00e9lectriques<\/a> au centre de la strat\u00e9gie de l'alliance Nissan-Renault.<\/p>\n<p>Concurrent dans le sport automobile depuis 30 ans, M. Tavares pilotait des voitures de course monoplace hautes performances depuis 15 ans. Il courait auparavant en Formule 3 - consid\u00e9r\u00e9 comme un tremplin pour la Formule 1 - et plus r\u00e9cemment a particip\u00e9 aux courses du championnat BossGP en Europe, au volant d\u2019une voiture Renault V8 \u00e0 moteur de 4 litres qu\u2019il auto-finance.<\/p>\n<p>\"Il a eu beaucoup de succ\u00e8s\", a d\u00e9clar\u00e9 Christian Gaense, coordinateur du <a href=\"https:\/\/www.bossgp.com\/\">championnat BossGP<\/a>, ajoutant que la course automobile \u00e9tait le passe-temps du Renault No. 2 de Renault et sa mani\u00e8re de r\u00e9duire le stress.<\/p>\n<p>De nationalit\u00e9 portugaise, M. Tavares a fait ses \u00e9tudes d'ing\u00e9nieur \u00e0 l'\u00c9cole Centrale de Paris. Il parle sa langue maternelle ainsi que le fran\u00e7ais et l'anglais. Il a pass\u00e9 23 ans chez Renault \u00e0 superviser le d\u00e9veloppement des berlines <a href=\"http:\/\/www.carideal.com\/blog\/2012\/05\/21\/renault-megane-tce-115\/\">M\u00e9gane<\/a> et <a href=\"http:\/\/www.carideal.com\/blog\/2008\/06\/20\/renault-scenic-ii-d-occasion\/\">Scenic<\/a>, puis a rejoint Nissan au Japon en 2004 en tant que responsable de la conception, de la planification d'entreprise et de la planification des produits. En 2009, M. Tavares a \u00e9t\u00e9 nomm\u00e9 \u00e0 la t\u00eate des op\u00e9rations de Nissan en Am\u00e9rique.<\/p>\n<p>Ces derni\u00e8res ann\u00e9es, les voitures de marque Renault ont lutt\u00e9 contre celles de leur rival fran\u00e7ais PSA Peugeot Citro\u00ebn et d'autres constructeurs europ\u00e9ens, tels que <a href=\"http:\/\/www.carideal.com\/blog\/marque-de-voiture-actualites-essais\/volkswagen\/\">Volkswagen<\/a> AG. Les ventes de la <a href=\"http:\/\/www.carideal.com\/blog\/2015\/04\/05\/quid-du-lowcost-de-psa\/\">marque low cost<\/a> de Renault, <a href=\"http:\/\/www.carideal.com\/blog\/marque-de-voiture-actualites-essais\/dacia\/\">Dacia<\/a>, ont augment\u00e9, mais Renault n\u2019a pas non plus r\u00e9ussi \u00e0 d\u00e9placer sa gamme de produits, o\u00f9 les marges sont g\u00e9n\u00e9ralement plus \u00e9lev\u00e9es.<\/p>\n<p>Bien que la soci\u00e9t\u00e9 ait d\u00e9gag\u00e9 un b\u00e9n\u00e9fice net de 3,42 milliards d\u2019euros (4,9 milliards de dollars) en 2010, sa performance a \u00e9t\u00e9 favoris\u00e9e par une plus-value unique et des dividendes d\u2019entreprises associ\u00e9es telles que Nissan. Le r\u00e9sultat op\u00e9rationnel atteint 1,1 milliard d'euros sur un chiffre d'affaires de 39 milliards d'euros. Cette ann\u00e9e, apr\u00e8s l'abolition de l'incitation fran\u00e7aise \u00e0 abandonner les v\u00e9hicules plus anciens, Renault s'attend \u00e0 une contraction de son march\u00e9 domestique de 8%.<\/p>\n<p>Pour lutter contre la croissance atone en Europe, Renault s\u2019est \u00e9tendu aux march\u00e9s \u00e9mergents, notamment au Br\u00e9sil, \u00e0 la Russie et \u00e0 l\u2019Inde. Sa plus grande berline, la <a href=\"http:\/\/www.carideal.com\/blog\/2011\/02\/06\/renault-latitude-le-realisme\/\">Latitude<\/a>, est une version europ\u00e9enne d'une voiture fabriqu\u00e9e en Cor\u00e9e du Sud par sa filiale Renault Samsung Motors. Pourtant, il est absent de la Chine en forte croissance et de l'Am\u00e9rique du Nord, les deux plus grands march\u00e9s de l'automobile au monde.<\/p>\n<p>Les implantations de Renault en Europe de l'Est - les Dacia sont principalement fabriqu\u00e9es en Roumanie - ont d\u00e9plu au gouvernement fran\u00e7ais, dont la participation de 15,01% en fait le principal actionnaire de la soci\u00e9t\u00e9. Le pr\u00e9sident Nicolas Sarkozy a convoqu\u00e9 MM. Ghosn et P\u00e9lata \u00e0 l'\u00c9lys\u00e9e l'an dernier pour demander \u00e0 Renault de maintenir la production d'un nouveau mod\u00e8le <a href=\"http:\/\/www.carideal.com\/blog\/2012\/12\/14\/renault-clio-iv\/\">Clio<\/a> berline polyvalente en France, plut\u00f4t que de le transf\u00e9rer enti\u00e8rement en Turquie, o\u00f9 les co\u00fbts de main-d'\u0153uvre sont moins \u00e9lev\u00e9s.<\/p>\n<p>N\u00e9anmoins, au premier trimestre de cette ann\u00e9e, 80% de la production automobile de Renault \u00e9tait r\u00e9alis\u00e9e hors de France, contre 60% pour Peugeot-Citro\u00ebn. La <a href=\"http:\/\/www.carideal.com\/blog\/2012\/03\/19\/affaire-espionnage-chez-renault-nouvelles-declarations\/\">d\u00e9b\u00e2cle d'espionnage<\/a> de cette ann\u00e9e a ajout\u00e9 \u00e0 l'irritation du gouvernement.<\/p>\n<p>Colin Dodge, actuellement vice-pr\u00e9sident ex\u00e9cutif et directeur des performances de Nissan au niveau mondial et pr\u00e9sident de la r\u00e9gion AMIE, comprenant l'Afrique, le Moyen-Orient, l'Inde et l'Europe, succ\u00e9dera \u00e0 M. Tavares au poste de pr\u00e9sident de Nissan pour la r\u00e9gion Am\u00e9riques de Nissan.<\/p>\n","protected":false},"excerpt":{"rendered":"<p>Carlos Tavares devient le N2 de Renault en remplacement de Patrick Petala On s&rsquo;en doutait et Renault a annonc\u00e9\u00a0hier la nomination de Carlos Tavares au Comit\u00e9 Ex\u00e9cutif Groupe de Renault. Il\u00a0remplace\u00a0Patrick P\u00e9lata qui a d\u00fb d\u00e9missionner apr\u00e8s la fameuse affaire de faux espionnage. Le groupe Renault a pris la d\u00e9cision de restructurer sa direction sous &#8230; <a title=\"Carlos Tavares devient le N2 de Renault en remplacement de Patrick Petala\" class=\"read-more\" href=\"https:\/\/www.carideal.com\/blog\/2011\/05\/30\/carlos-tavares-devient-le-n2-de-renault-en-remplacement-de-patrick-petala\/\" aria-label=\"En savoir plus sur Carlos Tavares devient le N2 de Renault en remplacement de Patrick Petala\">Lire plus<\/a><\/p>\n","protected":false},"author":3,"featured_media":20016,"comment_status":"open","ping_status":"open","sticky":false,"template":"","format":"standard","meta":{"_uag_custom_page_level_css":"","_themeisle_gutenberg_block_has_review":false,"footnotes":""},"categories":[5944,5963],"tags":[],"class_list":["post-4877","post","type-post","status-publish","format-standard","has-post-thumbnail","hentry","category-constructeur","category-renault"],"wppr_data":{"cwp_meta_box_check":"No"},"yoast_head":"<!-- This site is optimized with the Yoast SEO plugin v24.8.1 - https:\/\/yoast.com\/wordpress\/plugins\/seo\/ -->\n<title>Carlos Tavares devient le N2 de Renault en remplacement de Patrick Petala - Blog auto Carid\u00e9al<\/title>\n<meta name=\"description\" content=\"On s&#039;en doutait et Renault a annonc\u00e9\u00a0hier la nomination de Carlos Tavares au Comit\u00e9 Ex\u00e9cutif Groupe de Renault. Il\u00a0remplace\u00a0Patrick P\u00e9lata qui a d\u00fb d\u00e9missionner apr\u00e8s la fameuse affaire de faux espionnage.\" \/>\n<meta name=\"robots\" content=\"index, follow, max-snippet:-1, max-image-preview:large, max-video-preview:-1\" \/>\n<link rel=\"canonical\" href=\"https:\/\/www.carideal.com\/blog\/2011\/05\/30\/carlos-tavares-devient-le-n2-de-renault-en-remplacement-de-patrick-petala\/\" \/>\n<meta property=\"og:locale\" content=\"fr_FR\" \/>\n<meta property=\"og:type\" content=\"article\" \/>\n<meta property=\"og:title\" content=\"Carlos Tavares devient le N2 de Renault en remplacement de Patrick Petala - Blog auto Carid\u00e9al\" \/>\n<meta property=\"og:description\" content=\"On s&#039;en doutait et Renault a annonc\u00e9\u00a0hier la nomination de Carlos Tavares au Comit\u00e9 Ex\u00e9cutif Groupe de Renault. Il\u00a0remplace\u00a0Patrick P\u00e9lata qui a d\u00fb d\u00e9missionner apr\u00e8s la fameuse affaire de faux espionnage.\" \/>\n<meta property=\"og:url\" content=\"https:\/\/www.carideal.com\/blog\/2011\/05\/30\/carlos-tavares-devient-le-n2-de-renault-en-remplacement-de-patrick-petala\/\" \/>\n<meta property=\"og:site_name\" content=\"Blog auto Carid\u00e9al\" \/>\n<meta property=\"article:publisher\" content=\"https:\/\/www.facebook.com\/Carideal.mandataire.automobile\" \/>\n<meta property=\"article:author\" content=\"https:\/\/www.facebook.com\/nicolas.schiavon.39\" \/>\n<meta property=\"article:published_time\" content=\"2011-05-30T22:00:00+00:00\" \/>\n<meta property=\"article:modified_time\" content=\"2019-10-01T15:47:18+00:00\" \/>\n<meta property=\"og:image\" content=\"https:\/\/www.carideal.com\/blog\/wp-content\/uploads\/2011\/05\/carlos-tavares-n2-renault-e1569943624452.jpg\" \/>\n\t<meta property=\"og:image:width\" content=\"400\" \/>\n\t<meta property=\"og:image:height\" content=\"267\" \/>\n\t<meta property=\"og:image:type\" content=\"image\/jpeg\" \/>\n<meta name=\"author\" content=\"Nicolas SCHIAVON\" \/>\n<meta name=\"twitter:card\" content=\"summary_large_image\" \/>\n<meta name=\"twitter:creator\" content=\"@caridealauto\" \/>\n<meta name=\"twitter:site\" content=\"@caridealauto\" \/>\n<meta name=\"twitter:label1\" content=\"\u00c9crit par\" \/>\n\t<meta name=\"twitter:data1\" content=\"Nicolas SCHIAVON\" \/>\n\t<meta name=\"twitter:label2\" content=\"Dur\u00e9e de lecture estim\u00e9e\" \/>\n\t<meta name=\"twitter:data2\" content=\"6 minutes\" \/>\n<script type=\"application\/ld+json\" class=\"yoast-schema-graph\">{\"@context\":\"https:\/\/schema.org\",\"@graph\":[{\"@type\":\"Article\",\"@id\":\"https:\/\/www.carideal.com\/blog\/2011\/05\/30\/carlos-tavares-devient-le-n2-de-renault-en-remplacement-de-patrick-petala\/#article\",\"isPartOf\":{\"@id\":\"https:\/\/www.carideal.com\/blog\/2011\/05\/30\/carlos-tavares-devient-le-n2-de-renault-en-remplacement-de-patrick-petala\/\"},\"author\":{\"name\":\"Nicolas SCHIAVON\",\"@id\":\"https:\/\/www.carideal.com\/blog\/#\/schema\/person\/cd95dc7919660de90d31b366f85be1ec\"},\"headline\":\"Carlos Tavares devient le N2 de Renault en remplacement de Patrick Petala\",\"datePublished\":\"2011-05-30T22:00:00+00:00\",\"dateModified\":\"2019-10-01T15:47:18+00:00\",\"mainEntityOfPage\":{\"@id\":\"https:\/\/www.carideal.com\/blog\/2011\/05\/30\/carlos-tavares-devient-le-n2-de-renault-en-remplacement-de-patrick-petala\/\"},\"wordCount\":1169,\"commentCount\":0,\"publisher\":{\"@id\":\"https:\/\/www.carideal.com\/blog\/#organization\"},\"image\":{\"@id\":\"https:\/\/www.carideal.com\/blog\/2011\/05\/30\/carlos-tavares-devient-le-n2-de-renault-en-remplacement-de-patrick-petala\/#primaryimage\"},\"thumbnailUrl\":\"https:\/\/www.carideal.com\/blog\/wp-content\/uploads\/2011\/05\/carlos-tavares-n2-renault-e1569943624452.jpg\",\"articleSection\":[\"Actualit\u00e9 Constructeur automobile\",\"Actualit\u00e9 Renault\"],\"inLanguage\":\"fr-FR\",\"potentialAction\":[{\"@type\":\"CommentAction\",\"name\":\"Comment\",\"target\":[\"https:\/\/www.carideal.com\/blog\/2011\/05\/30\/carlos-tavares-devient-le-n2-de-renault-en-remplacement-de-patrick-petala\/#respond\"]}]},{\"@type\":\"WebPage\",\"@id\":\"https:\/\/www.carideal.com\/blog\/2011\/05\/30\/carlos-tavares-devient-le-n2-de-renault-en-remplacement-de-patrick-petala\/\",\"url\":\"https:\/\/www.carideal.com\/blog\/2011\/05\/30\/carlos-tavares-devient-le-n2-de-renault-en-remplacement-de-patrick-petala\/\",\"name\":\"Carlos Tavares devient le N2 de Renault en remplacement de Patrick Petala - Blog auto Carid\u00e9al\",\"isPartOf\":{\"@id\":\"https:\/\/www.carideal.com\/blog\/#website\"},\"primaryImageOfPage\":{\"@id\":\"https:\/\/www.carideal.com\/blog\/2011\/05\/30\/carlos-tavares-devient-le-n2-de-renault-en-remplacement-de-patrick-petala\/#primaryimage\"},\"image\":{\"@id\":\"https:\/\/www.carideal.com\/blog\/2011\/05\/30\/carlos-tavares-devient-le-n2-de-renault-en-remplacement-de-patrick-petala\/#primaryimage\"},\"thumbnailUrl\":\"https:\/\/www.carideal.com\/blog\/wp-content\/uploads\/2011\/05\/carlos-tavares-n2-renault-e1569943624452.jpg\",\"datePublished\":\"2011-05-30T22:00:00+00:00\",\"dateModified\":\"2019-10-01T15:47:18+00:00\",\"description\":\"On s'en doutait et Renault a annonc\u00e9\u00a0hier la nomination de Carlos Tavares au Comit\u00e9 Ex\u00e9cutif Groupe de Renault. Il\u00a0remplace\u00a0Patrick P\u00e9lata qui a d\u00fb d\u00e9missionner apr\u00e8s la fameuse affaire de faux espionnage.\",\"breadcrumb\":{\"@id\":\"https:\/\/www.carideal.com\/blog\/2011\/05\/30\/carlos-tavares-devient-le-n2-de-renault-en-remplacement-de-patrick-petala\/#breadcrumb\"},\"inLanguage\":\"fr-FR\",\"potentialAction\":[{\"@type\":\"ReadAction\",\"target\":[\"https:\/\/www.carideal.com\/blog\/2011\/05\/30\/carlos-tavares-devient-le-n2-de-renault-en-remplacement-de-patrick-petala\/\"]}]},{\"@type\":\"ImageObject\",\"inLanguage\":\"fr-FR\",\"@id\":\"https:\/\/www.carideal.com\/blog\/2011\/05\/30\/carlos-tavares-devient-le-n2-de-renault-en-remplacement-de-patrick-petala\/#primaryimage\",\"url\":\"https:\/\/www.carideal.com\/blog\/wp-content\/uploads\/2011\/05\/carlos-tavares-n2-renault-e1569943624452.jpg\",\"contentUrl\":\"https:\/\/www.carideal.com\/blog\/wp-content\/uploads\/2011\/05\/carlos-tavares-n2-renault-e1569943624452.jpg\",\"width\":400,\"height\":267,\"caption\":\"Carlos Tavares devient le N2 de Renault en remplacement de Patrick Petala\"},{\"@type\":\"BreadcrumbList\",\"@id\":\"https:\/\/www.carideal.com\/blog\/2011\/05\/30\/carlos-tavares-devient-le-n2-de-renault-en-remplacement-de-patrick-petala\/#breadcrumb\",\"itemListElement\":[{\"@type\":\"ListItem\",\"position\":1,\"name\":\"Blog Carid\u00e9al\",\"item\":\"https:\/\/www.carideal.com\/blog\/\"},{\"@type\":\"ListItem\",\"position\":2,\"name\":\"Actualit\u00e9 constructeur automobile\",\"item\":\"https:\/\/www.carideal.com\/blog\/constructeur\/\"},{\"@type\":\"ListItem\",\"position\":3,\"name\":\"Carlos Tavares devient le N2 de Renault en remplacement de Patrick Petala\"}]},{\"@type\":\"WebSite\",\"@id\":\"https:\/\/www.carideal.com\/blog\/#website\",\"url\":\"https:\/\/www.carideal.com\/blog\/\",\"name\":\"Blog auto Carid\u00e9al\",\"description\":\"Actualit\u00e9 auto par des passionn\u00e9s\",\"publisher\":{\"@id\":\"https:\/\/www.carideal.com\/blog\/#organization\"},\"potentialAction\":[{\"@type\":\"SearchAction\",\"target\":{\"@type\":\"EntryPoint\",\"urlTemplate\":\"https:\/\/www.carideal.com\/blog\/?s={search_term_string}\"},\"query-input\":{\"@type\":\"PropertyValueSpecification\",\"valueRequired\":true,\"valueName\":\"search_term_string\"}}],\"inLanguage\":\"fr-FR\"},{\"@type\":\"Organization\",\"@id\":\"https:\/\/www.carideal.com\/blog\/#organization\",\"name\":\"Carideal\",\"url\":\"https:\/\/www.carideal.com\/blog\/\",\"logo\":{\"@type\":\"ImageObject\",\"inLanguage\":\"fr-FR\",\"@id\":\"https:\/\/www.carideal.com\/blog\/#\/schema\/logo\/image\/\",\"url\":\"http:\/\/www.carideal.com\/blog\/wp-content\/uploads\/2016\/03\/logo-carideal-mandataire-automobile.png\",\"contentUrl\":\"http:\/\/www.carideal.com\/blog\/wp-content\/uploads\/2016\/03\/logo-carideal-mandataire-automobile.png\",\"width\":300,\"height\":300,\"caption\":\"Carideal\"},\"image\":{\"@id\":\"https:\/\/www.carideal.com\/blog\/#\/schema\/logo\/image\/\"},\"sameAs\":[\"https:\/\/www.facebook.com\/Carideal.mandataire.automobile\",\"https:\/\/x.com\/caridealauto\",\"https:\/\/www.instagram.com\/carideal1\/\",\"https:\/\/www.linkedin.com\/company\/carideal.com\",\"https:\/\/fr.pinterest.com\/schiavonsas\/\",\"https:\/\/www.youtube.com\/user\/caridealsas\"]},{\"@type\":\"Person\",\"@id\":\"https:\/\/www.carideal.com\/blog\/#\/schema\/person\/cd95dc7919660de90d31b366f85be1ec\",\"name\":\"Nicolas SCHIAVON\",\"image\":{\"@type\":\"ImageObject\",\"inLanguage\":\"fr-FR\",\"@id\":\"https:\/\/www.carideal.com\/blog\/#\/schema\/person\/image\/\",\"url\":\"https:\/\/secure.gravatar.com\/avatar\/c17e55009e671d92cc7f5dc837dc418a?s=96&r=g\",\"contentUrl\":\"https:\/\/secure.gravatar.com\/avatar\/c17e55009e671d92cc7f5dc837dc418a?s=96&r=g\",\"caption\":\"Nicolas SCHIAVON\"},\"description\":\"Nicolas Schiavon est tomb\u00e9 tout petit dans la marmite automobile. Ayant eu un garage de marque automobile, mandataire automobile de la premi\u00e8re heure d\u00e8s 1999. Nicolas a cr\u00e9\u00e9 ces premiers sites de vente de voiture et blog automobile d\u00e8s 1994. Carideal est n\u00e9 le 15 d\u00e9cembre 2000 de la volont\u00e9 de vendre des voitures d'occasions en ligne puis des voitures neuves. Il a pu essayer beaucoup de voitures tr\u00e8s diff\u00e9rentes et ayant eu personnellement quelques belles autos, Subaru Impreza, Mitsubishi Lancer Evo 7, Porsche 911, Ferrari Testarrossa, Audi RS3, RS4 et j'en passe...\",\"sameAs\":[\"http:\/\/www.carideal.com\",\"https:\/\/www.facebook.com\/nicolas.schiavon.39\",\"https:\/\/www.instagram.com\/carideal1\/\",\"https:\/\/www.linkedin.com\/in\/nschiavon\/\",\"https:\/\/x.com\/caridealauto\",\"https:\/\/www.youtube.com\/user\/caridealsas\/\"],\"url\":\"https:\/\/www.carideal.com\/blog\/author\/nschiavon\/\"}]}<\/script>\n<!-- \/ Yoast SEO plugin. -->","yoast_head_json":{"title":"Carlos Tavares devient le N2 de Renault en remplacement de Patrick Petala - Blog auto Carid\u00e9al","description":"On s'en doutait et Renault a annonc\u00e9\u00a0hier la nomination de Carlos Tavares au Comit\u00e9 Ex\u00e9cutif Groupe de Renault. Il\u00a0remplace\u00a0Patrick P\u00e9lata qui a d\u00fb d\u00e9missionner apr\u00e8s la fameuse affaire de faux espionnage.","robots":{"index":"index","follow":"follow","max-snippet":"max-snippet:-1","max-image-preview":"max-image-preview:large","max-video-preview":"max-video-preview:-1"},"canonical":"https:\/\/www.carideal.com\/blog\/2011\/05\/30\/carlos-tavares-devient-le-n2-de-renault-en-remplacement-de-patrick-petala\/","og_locale":"fr_FR","og_type":"article","og_title":"Carlos Tavares devient le N2 de Renault en remplacement de Patrick Petala - Blog auto Carid\u00e9al","og_description":"On s'en doutait et Renault a annonc\u00e9\u00a0hier la nomination de Carlos Tavares au Comit\u00e9 Ex\u00e9cutif Groupe de Renault. Il\u00a0remplace\u00a0Patrick P\u00e9lata qui a d\u00fb d\u00e9missionner apr\u00e8s la fameuse affaire de faux espionnage.","og_url":"https:\/\/www.carideal.com\/blog\/2011\/05\/30\/carlos-tavares-devient-le-n2-de-renault-en-remplacement-de-patrick-petala\/","og_site_name":"Blog auto Carid\u00e9al","article_publisher":"https:\/\/www.facebook.com\/Carideal.mandataire.automobile","article_author":"https:\/\/www.facebook.com\/nicolas.schiavon.39","article_published_time":"2011-05-30T22:00:00+00:00","article_modified_time":"2019-10-01T15:47:18+00:00","og_image":[{"width":400,"height":267,"url":"https:\/\/www.carideal.com\/blog\/wp-content\/uploads\/2011\/05\/carlos-tavares-n2-renault-e1569943624452.jpg","type":"image\/jpeg"}],"author":"Nicolas SCHIAVON","twitter_card":"summary_large_image","twitter_creator":"@caridealauto","twitter_site":"@caridealauto","twitter_misc":{"\u00c9crit par":"Nicolas SCHIAVON","Dur\u00e9e de lecture estim\u00e9e":"6 minutes"},"schema":{"@context":"https:\/\/schema.org","@graph":[{"@type":"Article","@id":"https:\/\/www.carideal.com\/blog\/2011\/05\/30\/carlos-tavares-devient-le-n2-de-renault-en-remplacement-de-patrick-petala\/#article","isPartOf":{"@id":"https:\/\/www.carideal.com\/blog\/2011\/05\/30\/carlos-tavares-devient-le-n2-de-renault-en-remplacement-de-patrick-petala\/"},"author":{"name":"Nicolas SCHIAVON","@id":"https:\/\/www.carideal.com\/blog\/#\/schema\/person\/cd95dc7919660de90d31b366f85be1ec"},"headline":"Carlos Tavares devient le N2 de Renault en remplacement de Patrick Petala","datePublished":"2011-05-30T22:00:00+00:00","dateModified":"2019-10-01T15:47:18+00:00","mainEntityOfPage":{"@id":"https:\/\/www.carideal.com\/blog\/2011\/05\/30\/carlos-tavares-devient-le-n2-de-renault-en-remplacement-de-patrick-petala\/"},"wordCount":1169,"commentCount":0,"publisher":{"@id":"https:\/\/www.carideal.com\/blog\/#organization"},"image":{"@id":"https:\/\/www.carideal.com\/blog\/2011\/05\/30\/carlos-tavares-devient-le-n2-de-renault-en-remplacement-de-patrick-petala\/#primaryimage"},"thumbnailUrl":"https:\/\/www.carideal.com\/blog\/wp-content\/uploads\/2011\/05\/carlos-tavares-n2-renault-e1569943624452.jpg","articleSection":["Actualit\u00e9 Constructeur automobile","Actualit\u00e9 Renault"],"inLanguage":"fr-FR","potentialAction":[{"@type":"CommentAction","name":"Comment","target":["https:\/\/www.carideal.com\/blog\/2011\/05\/30\/carlos-tavares-devient-le-n2-de-renault-en-remplacement-de-patrick-petala\/#respond"]}]},{"@type":"WebPage","@id":"https:\/\/www.carideal.com\/blog\/2011\/05\/30\/carlos-tavares-devient-le-n2-de-renault-en-remplacement-de-patrick-petala\/","url":"https:\/\/www.carideal.com\/blog\/2011\/05\/30\/carlos-tavares-devient-le-n2-de-renault-en-remplacement-de-patrick-petala\/","name":"Carlos Tavares devient le N2 de Renault en remplacement de Patrick Petala - Blog auto Carid\u00e9al","isPartOf":{"@id":"https:\/\/www.carideal.com\/blog\/#website"},"primaryImageOfPage":{"@id":"https:\/\/www.carideal.com\/blog\/2011\/05\/30\/carlos-tavares-devient-le-n2-de-renault-en-remplacement-de-patrick-petala\/#primaryimage"},"image":{"@id":"https:\/\/www.carideal.com\/blog\/2011\/05\/30\/carlos-tavares-devient-le-n2-de-renault-en-remplacement-de-patrick-petala\/#primaryimage"},"thumbnailUrl":"https:\/\/www.carideal.com\/blog\/wp-content\/uploads\/2011\/05\/carlos-tavares-n2-renault-e1569943624452.jpg","datePublished":"2011-05-30T22:00:00+00:00","dateModified":"2019-10-01T15:47:18+00:00","description":"On s'en doutait et Renault a annonc\u00e9\u00a0hier la nomination de Carlos Tavares au Comit\u00e9 Ex\u00e9cutif Groupe de Renault. Il\u00a0remplace\u00a0Patrick P\u00e9lata qui a d\u00fb d\u00e9missionner apr\u00e8s la fameuse affaire de faux espionnage.","breadcrumb":{"@id":"https:\/\/www.carideal.com\/blog\/2011\/05\/30\/carlos-tavares-devient-le-n2-de-renault-en-remplacement-de-patrick-petala\/#breadcrumb"},"inLanguage":"fr-FR","potentialAction":[{"@type":"ReadAction","target":["https:\/\/www.carideal.com\/blog\/2011\/05\/30\/carlos-tavares-devient-le-n2-de-renault-en-remplacement-de-patrick-petala\/"]}]},{"@type":"ImageObject","inLanguage":"fr-FR","@id":"https:\/\/www.carideal.com\/blog\/2011\/05\/30\/carlos-tavares-devient-le-n2-de-renault-en-remplacement-de-patrick-petala\/#primaryimage","url":"https:\/\/www.carideal.com\/blog\/wp-content\/uploads\/2011\/05\/carlos-tavares-n2-renault-e1569943624452.jpg","contentUrl":"https:\/\/www.carideal.com\/blog\/wp-content\/uploads\/2011\/05\/carlos-tavares-n2-renault-e1569943624452.jpg","width":400,"height":267,"caption":"Carlos Tavares devient le N2 de Renault en remplacement de Patrick Petala"},{"@type":"BreadcrumbList","@id":"https:\/\/www.carideal.com\/blog\/2011\/05\/30\/carlos-tavares-devient-le-n2-de-renault-en-remplacement-de-patrick-petala\/#breadcrumb","itemListElement":[{"@type":"ListItem","position":1,"name":"Blog Carid\u00e9al","item":"https:\/\/www.carideal.com\/blog\/"},{"@type":"ListItem","position":2,"name":"Actualit\u00e9 constructeur automobile","item":"https:\/\/www.carideal.com\/blog\/constructeur\/"},{"@type":"ListItem","position":3,"name":"Carlos Tavares devient le N2 de Renault en remplacement de Patrick Petala"}]},{"@type":"WebSite","@id":"https:\/\/www.carideal.com\/blog\/#website","url":"https:\/\/www.carideal.com\/blog\/","name":"Blog auto Carid\u00e9al","description":"Actualit\u00e9 auto par des passionn\u00e9s","publisher":{"@id":"https:\/\/www.carideal.com\/blog\/#organization"},"potentialAction":[{"@type":"SearchAction","target":{"@type":"EntryPoint","urlTemplate":"https:\/\/www.carideal.com\/blog\/?s={search_term_string}"},"query-input":{"@type":"PropertyValueSpecification","valueRequired":true,"valueName":"search_term_string"}}],"inLanguage":"fr-FR"},{"@type":"Organization","@id":"https:\/\/www.carideal.com\/blog\/#organization","name":"Carideal","url":"https:\/\/www.carideal.com\/blog\/","logo":{"@type":"ImageObject","inLanguage":"fr-FR","@id":"https:\/\/www.carideal.com\/blog\/#\/schema\/logo\/image\/","url":"http:\/\/www.carideal.com\/blog\/wp-content\/uploads\/2016\/03\/logo-carideal-mandataire-automobile.png","contentUrl":"http:\/\/www.carideal.com\/blog\/wp-content\/uploads\/2016\/03\/logo-carideal-mandataire-automobile.png","width":300,"height":300,"caption":"Carideal"},"image":{"@id":"https:\/\/www.carideal.com\/blog\/#\/schema\/logo\/image\/"},"sameAs":["https:\/\/www.facebook.com\/Carideal.mandataire.automobile","https:\/\/x.com\/caridealauto","https:\/\/www.instagram.com\/carideal1\/","https:\/\/www.linkedin.com\/company\/carideal.com","https:\/\/fr.pinterest.com\/schiavonsas\/","https:\/\/www.youtube.com\/user\/caridealsas"]},{"@type":"Person","@id":"https:\/\/www.carideal.com\/blog\/#\/schema\/person\/cd95dc7919660de90d31b366f85be1ec","name":"Nicolas SCHIAVON","image":{"@type":"ImageObject","inLanguage":"fr-FR","@id":"https:\/\/www.carideal.com\/blog\/#\/schema\/person\/image\/","url":"https:\/\/secure.gravatar.com\/avatar\/c17e55009e671d92cc7f5dc837dc418a?s=96&r=g","contentUrl":"https:\/\/secure.gravatar.com\/avatar\/c17e55009e671d92cc7f5dc837dc418a?s=96&r=g","caption":"Nicolas SCHIAVON"},"description":"Nicolas Schiavon est tomb\u00e9 tout petit dans la marmite automobile. Ayant eu un garage de marque automobile, mandataire automobile de la premi\u00e8re heure d\u00e8s 1999. Nicolas a cr\u00e9\u00e9 ces premiers sites de vente de voiture et blog automobile d\u00e8s 1994. Carideal est n\u00e9 le 15 d\u00e9cembre 2000 de la volont\u00e9 de vendre des voitures d'occasions en ligne puis des voitures neuves. Il a pu essayer beaucoup de voitures tr\u00e8s diff\u00e9rentes et ayant eu personnellement quelques belles autos, Subaru Impreza, Mitsubishi Lancer Evo 7, Porsche 911, Ferrari Testarrossa, Audi RS3, RS4 et j'en passe...","sameAs":["http:\/\/www.carideal.com","https:\/\/www.facebook.com\/nicolas.schiavon.39","https:\/\/www.instagram.com\/carideal1\/","https:\/\/www.linkedin.com\/in\/nschiavon\/","https:\/\/x.com\/caridealauto","https:\/\/www.youtube.com\/user\/caridealsas\/"],"url":"https:\/\/www.carideal.com\/blog\/author\/nschiavon\/"}]}},"uagb_featured_image_src":{"full":["https:\/\/www.carideal.com\/blog\/wp-content\/uploads\/2011\/05\/carlos-tavares-n2-renault-e1569943624452.jpg",400,267,false],"thumbnail":["https:\/\/www.carideal.com\/blog\/wp-content\/uploads\/2011\/05\/carlos-tavares-n2-renault-150x150.jpg",150,150,true],"medium":["https:\/\/www.carideal.com\/blog\/wp-content\/uploads\/2011\/05\/carlos-tavares-n2-renault-300x200.jpg",300,200,true],"medium_large":["https:\/\/www.carideal.com\/blog\/wp-content\/uploads\/2011\/05\/carlos-tavares-n2-renault-768x513.jpg",768,513,true],"large":["https:\/\/www.carideal.com\/blog\/wp-content\/uploads\/2011\/05\/carlos-tavares-n2-renault-e1569943624452.jpg",400,267,false],"1536x1536":["https:\/\/www.carideal.com\/blog\/wp-content\/uploads\/2011\/05\/carlos-tavares-n2-renault-e1569943624452.jpg",400,267,false],"2048x2048":["https:\/\/www.carideal.com\/blog\/wp-content\/uploads\/2011\/05\/carlos-tavares-n2-renault-e1569943624452.jpg",400,267,false],"wppr-widget":["https:\/\/www.carideal.com\/blog\/wp-content\/uploads\/2011\/05\/carlos-tavares-n2-renault-50x33.jpg",50,33,true]},"uagb_author_info":{"display_name":"Nicolas SCHIAVON","author_link":"https:\/\/www.carideal.com\/blog\/author\/nschiavon\/"},"uagb_comment_info":0,"uagb_excerpt":"Carlos Tavares devient le N2 de Renault en remplacement de Patrick Petala On s'en doutait et Renault a annonc\u00e9\u00a0hier la nomination de Carlos Tavares au Comit\u00e9 Ex\u00e9cutif Groupe de Renault. Il\u00a0remplace\u00a0Patrick P\u00e9lata qui a d\u00fb d\u00e9missionner apr\u00e8s la fameuse affaire de faux espionnage. Le groupe Renault a pris la d\u00e9cision de restructurer sa direction sous\u2026","_links":{"self":[{"href":"https:\/\/www.carideal.com\/blog\/wp-json\/wp\/v2\/posts\/4877"}],"collection":[{"href":"https:\/\/www.carideal.com\/blog\/wp-json\/wp\/v2\/posts"}],"about":[{"href":"https:\/\/www.carideal.com\/blog\/wp-json\/wp\/v2\/types\/post"}],"author":[{"embeddable":true,"href":"https:\/\/www.carideal.com\/blog\/wp-json\/wp\/v2\/users\/3"}],"replies":[{"embeddable":true,"href":"https:\/\/www.carideal.com\/blog\/wp-json\/wp\/v2\/comments?post=4877"}],"version-history":[{"count":0,"href":"https:\/\/www.carideal.com\/blog\/wp-json\/wp\/v2\/posts\/4877\/revisions"}],"wp:featuredmedia":[{"embeddable":true,"href":"https:\/\/www.carideal.com\/blog\/wp-json\/wp\/v2\/media\/20016"}],"wp:attachment":[{"href":"https:\/\/www.carideal.com\/blog\/wp-json\/wp\/v2\/media?parent=4877"}],"wp:term":[{"taxonomy":"category","embeddable":true,"href":"https:\/\/www.carideal.com\/blog\/wp-json\/wp\/v2\/categories?post=4877"},{"taxonomy":"post_tag","embeddable":true,"href":"https:\/\/www.carideal.com\/blog\/wp-json\/wp\/v2\/tags?post=4877"}],"curies":[{"name":"wp","href":"https:\/\/api.w.org\/{rel}","templated":true}]}}