{"id":4875,"date":"2011-05-24T22:00:00","date_gmt":"2011-05-24T22:00:00","guid":{"rendered":"http:\/\/www.carideal.com\/blog\/2011\/05\/24\/les-francais-n-ont-pas-confiance-dans-les-prix-affiches-par-les-concessionnaires\/"},"modified":"2020-03-12T08:27:01","modified_gmt":"2020-03-12T07:27:01","slug":"les-francais-n-ont-pas-confiance-dans-les-prix-affiches-par-les-concessionnaires","status":"publish","type":"post","link":"https:\/\/www.carideal.com\/blog\/2011\/05\/24\/les-francais-n-ont-pas-confiance-dans-les-prix-affiches-par-les-concessionnaires\/","title":{"rendered":"Les francais n&rsquo;ont pas confiance dans les prix affich\u00e9s par les concessionnaires"},"content":{"rendered":"<div>\n<h1>Les francais n'ont pas confiance dans les prix affich\u00e9s par les concessionnaires<\/h1>\n<p>Marchand de tapis les vendeurs de concession automobile ?<\/p>\n<\/div>\n<p>Suivant une \u00e9tude r\u00e9cente, <strong>les fran\u00e7ais n'aurais pas confiance dans les vendeurs de concession automobile.<\/strong><br \/>\nLes bonus \u00e9cologique, la primes \u00e0 la casse, les aides \u00e0 la reprise... tout ceci a d\u00e9stabilis\u00e9s le march\u00e9 automobile et 9 Fran\u00e7ais sur 10 pensent que ce genre de remise masque le prix r\u00e9el des voitures. Presque la totalit\u00e9 des clients pensent que les prix de base des voitures en France est tr\u00e8s largement sur\u00e9lev\u00e9, voir le plus \u00e9lev\u00e9 d'europe. Les Fran\u00e7ais confirme qu'ils pr\u00e9f\u00e8rent des prix fixes, et n'aiment pas trop les n\u00e9gociations de marchand de tapis avec les vendeurs des concessionnaires, ils ont toujours l'impression de se faire arnaquer.<\/p>\n<h2>Vous ne faites pas confiance aux concessionnaires automobiles ?<\/h2>\n<p>Un concessionnaire Ford bon vendeur depuis de nombreuses ann\u00e9es, se souvient encore de sa col\u00e8re le jour o\u00f9 sa fille Catherine, alors \u00e2g\u00e9e de 7 ans, est rentr\u00e9e \u00e0 la maison apr\u00e8s une f\u00eate d'anniversaire en larmes.<\/p>\n<blockquote><p>'' Le petit gar\u00e7on \u00e0 c\u00f4t\u00e9 d'elle, j'aurai pu l'\u00e9touffer : a dit: 'Mon p\u00e8re dit que tous les vendeurs de voitures sont des escrocs\".<\/p><\/blockquote>\n<p>Une \u00e9tude le montre et les concessionnaires s'inqui\u00e8tent depuis longtemps du fait que le p\u00e8re du petit gar\u00e7on avait raison - du moins dans certains cas. Des concessionnaires peu scrupuleux ont terni l'image de marque des voitures et compromis leurs coll\u00e8gues, ce qui a \u00e9rod\u00e9 les b\u00e9n\u00e9fices des constructeurs automobiles et des honn\u00eates concessionnaires.<\/p>\n<p>Ainsi, apr\u00e8s presque un si\u00e8cle de confiance dans les concessionnaires ind\u00e9pendants pour la vente de leurs voitures et de leurs camions, les constructeurs automobiles, ont commenc\u00e9 \u00e0 s\u2019implanter dans le secteur de la distribution automobile et la vente au d\u00e9tail. Ils ont commenc\u00e9 \u00e0 cr\u00e9er des concession automobiles en partenariat avec des revendeurs pour essayer de rechercher des m\u00e9thodes de travail plus \u00e9thiques.<\/p>\n<figure style=\"width: 210px\" class=\"wp-caption alignleft\"><img loading=\"lazy\" decoding=\"async\" title=\"Les francais n'ont pas confiance dans les prix affich\u00e9s par les concessionnaires\" src=\"http:\/\/www.carideal.com\/images_actualite\/vendeurconcessionautomobilecarideal-1306356351.jpg\" alt=\"Les francais n'ont pas confiance dans les prix affich\u00e9s par les concessionnaires\" width=\"220\" height=\"198\" \/><figcaption class=\"wp-caption-text\">Les francais n'ont pas confiance dans les prix affich\u00e9s par les concessionnaires<\/figcaption><\/figure>\n<p>Les entreprises, dans lesquelles les constructeurs automobiles d\u00e9tiennent g\u00e9n\u00e9ralement 20 \u00e0 30% des actions, rach\u00e8tent tous les concessionnaires des constructeurs automobiles dans une ville, puis d\u00e9finissent des pratiques commerciales uniformes sur chaque site. Dans la plupart des cas, ils fixent \u00e9galement les m\u00eames prix pour les v\u00e9hicules dans tous leurs points de vente et ne permettent pas la n\u00e9gociation. En \u00e9liminant la concurrence locale entre les concessionnaires, les constructeurs automobiles pourraient augmenter leurs profits au niveau de la vente au d\u00e9tail. Ils esp\u00e8rent qu'une partie de cet argent sera investie dans de meilleures showroom, ce qui rendra leurs voitures et leurs camions plus attrayantes, augmentant ainsi les ventes.<\/p>\n<p>M\u00eame certains d\u00e9fenseurs des consommateurs sont satisfaits, accueillant presque chaque changement comme une am\u00e9lioration par rapport \u00e0 la tactique de vente traditionnelle, malgr\u00e9 les prix l\u00e9g\u00e8rement plus \u00e9lev\u00e9s qui pourraient en r\u00e9sulter.<\/p>\n","protected":false},"excerpt":{"rendered":"<p>Les francais n&rsquo;ont pas confiance dans les prix affich\u00e9s par les concessionnaires Marchand de tapis les vendeurs de concession automobile ? Suivant une \u00e9tude r\u00e9cente, les fran\u00e7ais n&rsquo;aurais pas confiance dans les vendeurs de concession automobile. Les bonus \u00e9cologique, la primes \u00e0 la casse, les aides \u00e0 la reprise&#8230; tout ceci a d\u00e9stabilis\u00e9s le march\u00e9 &#8230; <a title=\"Les francais n&rsquo;ont pas confiance dans les prix affich\u00e9s par les concessionnaires\" class=\"read-more\" href=\"https:\/\/www.carideal.com\/blog\/2011\/05\/24\/les-francais-n-ont-pas-confiance-dans-les-prix-affiches-par-les-concessionnaires\/\" aria-label=\"En savoir plus sur Les francais n&rsquo;ont pas confiance dans les prix affich\u00e9s par les concessionnaires\">Lire plus<\/a><\/p>\n","protected":false},"author":3,"featured_media":17604,"comment_status":"open","ping_status":"open","sticky":false,"template":"","format":"standard","meta":{"_uag_custom_page_level_css":"","_themeisle_gutenberg_block_has_review":false,"footnotes":""},"categories":[21,10],"tags":[2206],"class_list":["post-4875","post","type-post","status-publish","format-standard","has-post-thumbnail","hentry","category-actualites-auto","category-marche-automobile-voiture-neuve-occasion-4x4-suv","tag-concession"],"wppr_data":{"cwp_meta_box_check":"No"},"yoast_head":"<!-- This site is optimized with the Yoast SEO plugin v24.8.1 - https:\/\/yoast.com\/wordpress\/plugins\/seo\/ -->\n<title>Les francais n&#039;ont pas confiance dans les prix affich\u00e9s par les concessionnaires - Blog auto Carid\u00e9al<\/title>\n<meta name=\"description\" content=\"Une \u00e9tude recemment publi\u00e9e vient de mettre \u00e0 jour que les clients francais n&#039;ont pas confiance dans les prix affich\u00e9s par les concessionnaires\" \/>\n<meta name=\"robots\" content=\"index, follow, max-snippet:-1, max-image-preview:large, max-video-preview:-1\" \/>\n<link rel=\"canonical\" href=\"https:\/\/www.carideal.com\/blog\/2011\/05\/24\/les-francais-n-ont-pas-confiance-dans-les-prix-affiches-par-les-concessionnaires\/\" \/>\n<meta property=\"og:locale\" content=\"fr_FR\" \/>\n<meta property=\"og:type\" content=\"article\" \/>\n<meta property=\"og:title\" content=\"Les francais n&#039;ont pas confiance dans les prix affich\u00e9s par les concessionnaires - Blog auto Carid\u00e9al\" \/>\n<meta property=\"og:description\" content=\"Une \u00e9tude recemment publi\u00e9e vient de mettre \u00e0 jour que les clients francais n&#039;ont pas confiance dans les prix affich\u00e9s par les concessionnaires\" \/>\n<meta property=\"og:url\" content=\"https:\/\/www.carideal.com\/blog\/2011\/05\/24\/les-francais-n-ont-pas-confiance-dans-les-prix-affiches-par-les-concessionnaires\/\" \/>\n<meta property=\"og:site_name\" content=\"Blog auto Carid\u00e9al\" \/>\n<meta property=\"article:publisher\" content=\"https:\/\/www.facebook.com\/Carideal.mandataire.automobile\" \/>\n<meta property=\"article:author\" content=\"https:\/\/www.facebook.com\/nicolas.schiavon.39\" \/>\n<meta property=\"article:published_time\" content=\"2011-05-24T22:00:00+00:00\" \/>\n<meta property=\"article:modified_time\" content=\"2020-03-12T07:27:01+00:00\" \/>\n<meta property=\"og:image\" content=\"https:\/\/www.carideal.com\/blog\/wp-content\/uploads\/2011\/05\/confiance-concessionnaire-e1538659834949.jpg\" \/>\n\t<meta property=\"og:image:width\" content=\"800\" \/>\n\t<meta property=\"og:image:height\" content=\"450\" \/>\n\t<meta property=\"og:image:type\" content=\"image\/jpeg\" \/>\n<meta name=\"author\" content=\"Nicolas SCHIAVON\" \/>\n<meta name=\"twitter:card\" content=\"summary_large_image\" \/>\n<meta name=\"twitter:creator\" content=\"@caridealauto\" \/>\n<meta name=\"twitter:site\" content=\"@caridealauto\" \/>\n<meta name=\"twitter:label1\" content=\"\u00c9crit par\" \/>\n\t<meta name=\"twitter:data1\" content=\"Nicolas SCHIAVON\" \/>\n\t<meta name=\"twitter:label2\" content=\"Dur\u00e9e de lecture estim\u00e9e\" \/>\n\t<meta name=\"twitter:data2\" content=\"3 minutes\" \/>\n<script type=\"application\/ld+json\" class=\"yoast-schema-graph\">{\"@context\":\"https:\/\/schema.org\",\"@graph\":[{\"@type\":\"Article\",\"@id\":\"https:\/\/www.carideal.com\/blog\/2011\/05\/24\/les-francais-n-ont-pas-confiance-dans-les-prix-affiches-par-les-concessionnaires\/#article\",\"isPartOf\":{\"@id\":\"https:\/\/www.carideal.com\/blog\/2011\/05\/24\/les-francais-n-ont-pas-confiance-dans-les-prix-affiches-par-les-concessionnaires\/\"},\"author\":{\"name\":\"Nicolas SCHIAVON\",\"@id\":\"https:\/\/www.carideal.com\/blog\/#\/schema\/person\/cd95dc7919660de90d31b366f85be1ec\"},\"headline\":\"Les francais n&rsquo;ont pas confiance dans les prix affich\u00e9s par les concessionnaires\",\"datePublished\":\"2011-05-24T22:00:00+00:00\",\"dateModified\":\"2020-03-12T07:27:01+00:00\",\"mainEntityOfPage\":{\"@id\":\"https:\/\/www.carideal.com\/blog\/2011\/05\/24\/les-francais-n-ont-pas-confiance-dans-les-prix-affiches-par-les-concessionnaires\/\"},\"wordCount\":526,\"commentCount\":0,\"publisher\":{\"@id\":\"https:\/\/www.carideal.com\/blog\/#organization\"},\"image\":{\"@id\":\"https:\/\/www.carideal.com\/blog\/2011\/05\/24\/les-francais-n-ont-pas-confiance-dans-les-prix-affiches-par-les-concessionnaires\/#primaryimage\"},\"thumbnailUrl\":\"https:\/\/www.carideal.com\/blog\/wp-content\/uploads\/2011\/05\/confiance-concessionnaire-e1538659834949.jpg\",\"keywords\":[\"Concession automobile\"],\"articleSection\":[\"Actualit\u00e9 automobile\",\"March\u00e9 automobile\"],\"inLanguage\":\"fr-FR\",\"potentialAction\":[{\"@type\":\"CommentAction\",\"name\":\"Comment\",\"target\":[\"https:\/\/www.carideal.com\/blog\/2011\/05\/24\/les-francais-n-ont-pas-confiance-dans-les-prix-affiches-par-les-concessionnaires\/#respond\"]}]},{\"@type\":\"WebPage\",\"@id\":\"https:\/\/www.carideal.com\/blog\/2011\/05\/24\/les-francais-n-ont-pas-confiance-dans-les-prix-affiches-par-les-concessionnaires\/\",\"url\":\"https:\/\/www.carideal.com\/blog\/2011\/05\/24\/les-francais-n-ont-pas-confiance-dans-les-prix-affiches-par-les-concessionnaires\/\",\"name\":\"Les francais n'ont pas confiance dans les prix affich\u00e9s par les concessionnaires - Blog auto Carid\u00e9al\",\"isPartOf\":{\"@id\":\"https:\/\/www.carideal.com\/blog\/#website\"},\"primaryImageOfPage\":{\"@id\":\"https:\/\/www.carideal.com\/blog\/2011\/05\/24\/les-francais-n-ont-pas-confiance-dans-les-prix-affiches-par-les-concessionnaires\/#primaryimage\"},\"image\":{\"@id\":\"https:\/\/www.carideal.com\/blog\/2011\/05\/24\/les-francais-n-ont-pas-confiance-dans-les-prix-affiches-par-les-concessionnaires\/#primaryimage\"},\"thumbnailUrl\":\"https:\/\/www.carideal.com\/blog\/wp-content\/uploads\/2011\/05\/confiance-concessionnaire-e1538659834949.jpg\",\"datePublished\":\"2011-05-24T22:00:00+00:00\",\"dateModified\":\"2020-03-12T07:27:01+00:00\",\"description\":\"Une \u00e9tude recemment publi\u00e9e vient de mettre \u00e0 jour que les clients francais n'ont pas confiance dans les prix affich\u00e9s par les concessionnaires\",\"breadcrumb\":{\"@id\":\"https:\/\/www.carideal.com\/blog\/2011\/05\/24\/les-francais-n-ont-pas-confiance-dans-les-prix-affiches-par-les-concessionnaires\/#breadcrumb\"},\"inLanguage\":\"fr-FR\",\"potentialAction\":[{\"@type\":\"ReadAction\",\"target\":[\"https:\/\/www.carideal.com\/blog\/2011\/05\/24\/les-francais-n-ont-pas-confiance-dans-les-prix-affiches-par-les-concessionnaires\/\"]}]},{\"@type\":\"ImageObject\",\"inLanguage\":\"fr-FR\",\"@id\":\"https:\/\/www.carideal.com\/blog\/2011\/05\/24\/les-francais-n-ont-pas-confiance-dans-les-prix-affiches-par-les-concessionnaires\/#primaryimage\",\"url\":\"https:\/\/www.carideal.com\/blog\/wp-content\/uploads\/2011\/05\/confiance-concessionnaire-e1538659834949.jpg\",\"contentUrl\":\"https:\/\/www.carideal.com\/blog\/wp-content\/uploads\/2011\/05\/confiance-concessionnaire-e1538659834949.jpg\",\"width\":800,\"height\":450,\"caption\":\"Les francais n'ont pas confiance dans les prix affich\u00e9s par les concessionnaires\"},{\"@type\":\"BreadcrumbList\",\"@id\":\"https:\/\/www.carideal.com\/blog\/2011\/05\/24\/les-francais-n-ont-pas-confiance-dans-les-prix-affiches-par-les-concessionnaires\/#breadcrumb\",\"itemListElement\":[{\"@type\":\"ListItem\",\"position\":1,\"name\":\"Blog Carid\u00e9al\",\"item\":\"https:\/\/www.carideal.com\/blog\/\"},{\"@type\":\"ListItem\",\"position\":2,\"name\":\"March\u00e9 automobile\",\"item\":\"https:\/\/www.carideal.com\/blog\/marche-automobile-voiture-neuve-occasion-4x4-suv\/\"},{\"@type\":\"ListItem\",\"position\":3,\"name\":\"Les francais n&rsquo;ont pas confiance dans les prix affich\u00e9s par les concessionnaires\"}]},{\"@type\":\"WebSite\",\"@id\":\"https:\/\/www.carideal.com\/blog\/#website\",\"url\":\"https:\/\/www.carideal.com\/blog\/\",\"name\":\"Blog auto Carid\u00e9al\",\"description\":\"Actualit\u00e9 auto par des passionn\u00e9s\",\"publisher\":{\"@id\":\"https:\/\/www.carideal.com\/blog\/#organization\"},\"potentialAction\":[{\"@type\":\"SearchAction\",\"target\":{\"@type\":\"EntryPoint\",\"urlTemplate\":\"https:\/\/www.carideal.com\/blog\/?s={search_term_string}\"},\"query-input\":{\"@type\":\"PropertyValueSpecification\",\"valueRequired\":true,\"valueName\":\"search_term_string\"}}],\"inLanguage\":\"fr-FR\"},{\"@type\":\"Organization\",\"@id\":\"https:\/\/www.carideal.com\/blog\/#organization\",\"name\":\"Carideal\",\"url\":\"https:\/\/www.carideal.com\/blog\/\",\"logo\":{\"@type\":\"ImageObject\",\"inLanguage\":\"fr-FR\",\"@id\":\"https:\/\/www.carideal.com\/blog\/#\/schema\/logo\/image\/\",\"url\":\"http:\/\/www.carideal.com\/blog\/wp-content\/uploads\/2016\/03\/logo-carideal-mandataire-automobile.png\",\"contentUrl\":\"http:\/\/www.carideal.com\/blog\/wp-content\/uploads\/2016\/03\/logo-carideal-mandataire-automobile.png\",\"width\":300,\"height\":300,\"caption\":\"Carideal\"},\"image\":{\"@id\":\"https:\/\/www.carideal.com\/blog\/#\/schema\/logo\/image\/\"},\"sameAs\":[\"https:\/\/www.facebook.com\/Carideal.mandataire.automobile\",\"https:\/\/x.com\/caridealauto\",\"https:\/\/www.instagram.com\/carideal1\/\",\"https:\/\/www.linkedin.com\/company\/carideal.com\",\"https:\/\/fr.pinterest.com\/schiavonsas\/\",\"https:\/\/www.youtube.com\/user\/caridealsas\"]},{\"@type\":\"Person\",\"@id\":\"https:\/\/www.carideal.com\/blog\/#\/schema\/person\/cd95dc7919660de90d31b366f85be1ec\",\"name\":\"Nicolas SCHIAVON\",\"image\":{\"@type\":\"ImageObject\",\"inLanguage\":\"fr-FR\",\"@id\":\"https:\/\/www.carideal.com\/blog\/#\/schema\/person\/image\/\",\"url\":\"https:\/\/secure.gravatar.com\/avatar\/c17e55009e671d92cc7f5dc837dc418a?s=96&r=g\",\"contentUrl\":\"https:\/\/secure.gravatar.com\/avatar\/c17e55009e671d92cc7f5dc837dc418a?s=96&r=g\",\"caption\":\"Nicolas SCHIAVON\"},\"description\":\"Nicolas Schiavon est tomb\u00e9 tout petit dans la marmite automobile. Ayant eu un garage de marque automobile, mandataire automobile de la premi\u00e8re heure d\u00e8s 1999. Nicolas a cr\u00e9\u00e9 ces premiers sites de vente de voiture et blog automobile d\u00e8s 1994. Carideal est n\u00e9 le 15 d\u00e9cembre 2000 de la volont\u00e9 de vendre des voitures d'occasions en ligne puis des voitures neuves. Il a pu essayer beaucoup de voitures tr\u00e8s diff\u00e9rentes et ayant eu personnellement quelques belles autos, Subaru Impreza, Mitsubishi Lancer Evo 7, Porsche 911, Ferrari Testarrossa, Audi RS3, RS4 et j'en passe...\",\"sameAs\":[\"http:\/\/www.carideal.com\",\"https:\/\/www.facebook.com\/nicolas.schiavon.39\",\"https:\/\/www.instagram.com\/carideal1\/\",\"https:\/\/www.linkedin.com\/in\/nschiavon\/\",\"https:\/\/x.com\/caridealauto\",\"https:\/\/www.youtube.com\/user\/caridealsas\/\"],\"url\":\"https:\/\/www.carideal.com\/blog\/author\/nschiavon\/\"}]}<\/script>\n<!-- \/ Yoast SEO plugin. -->","yoast_head_json":{"title":"Les francais n'ont pas confiance dans les prix affich\u00e9s par les concessionnaires - Blog auto Carid\u00e9al","description":"Une \u00e9tude recemment publi\u00e9e vient de mettre \u00e0 jour que les clients francais n'ont pas confiance dans les prix affich\u00e9s par les concessionnaires","robots":{"index":"index","follow":"follow","max-snippet":"max-snippet:-1","max-image-preview":"max-image-preview:large","max-video-preview":"max-video-preview:-1"},"canonical":"https:\/\/www.carideal.com\/blog\/2011\/05\/24\/les-francais-n-ont-pas-confiance-dans-les-prix-affiches-par-les-concessionnaires\/","og_locale":"fr_FR","og_type":"article","og_title":"Les francais n'ont pas confiance dans les prix affich\u00e9s par les concessionnaires - Blog auto Carid\u00e9al","og_description":"Une \u00e9tude recemment publi\u00e9e vient de mettre \u00e0 jour que les clients francais n'ont pas confiance dans les prix affich\u00e9s par les concessionnaires","og_url":"https:\/\/www.carideal.com\/blog\/2011\/05\/24\/les-francais-n-ont-pas-confiance-dans-les-prix-affiches-par-les-concessionnaires\/","og_site_name":"Blog auto Carid\u00e9al","article_publisher":"https:\/\/www.facebook.com\/Carideal.mandataire.automobile","article_author":"https:\/\/www.facebook.com\/nicolas.schiavon.39","article_published_time":"2011-05-24T22:00:00+00:00","article_modified_time":"2020-03-12T07:27:01+00:00","og_image":[{"width":800,"height":450,"url":"https:\/\/www.carideal.com\/blog\/wp-content\/uploads\/2011\/05\/confiance-concessionnaire-e1538659834949.jpg","type":"image\/jpeg"}],"author":"Nicolas SCHIAVON","twitter_card":"summary_large_image","twitter_creator":"@caridealauto","twitter_site":"@caridealauto","twitter_misc":{"\u00c9crit par":"Nicolas SCHIAVON","Dur\u00e9e de lecture estim\u00e9e":"3 minutes"},"schema":{"@context":"https:\/\/schema.org","@graph":[{"@type":"Article","@id":"https:\/\/www.carideal.com\/blog\/2011\/05\/24\/les-francais-n-ont-pas-confiance-dans-les-prix-affiches-par-les-concessionnaires\/#article","isPartOf":{"@id":"https:\/\/www.carideal.com\/blog\/2011\/05\/24\/les-francais-n-ont-pas-confiance-dans-les-prix-affiches-par-les-concessionnaires\/"},"author":{"name":"Nicolas SCHIAVON","@id":"https:\/\/www.carideal.com\/blog\/#\/schema\/person\/cd95dc7919660de90d31b366f85be1ec"},"headline":"Les francais n&rsquo;ont pas confiance dans les prix affich\u00e9s par les concessionnaires","datePublished":"2011-05-24T22:00:00+00:00","dateModified":"2020-03-12T07:27:01+00:00","mainEntityOfPage":{"@id":"https:\/\/www.carideal.com\/blog\/2011\/05\/24\/les-francais-n-ont-pas-confiance-dans-les-prix-affiches-par-les-concessionnaires\/"},"wordCount":526,"commentCount":0,"publisher":{"@id":"https:\/\/www.carideal.com\/blog\/#organization"},"image":{"@id":"https:\/\/www.carideal.com\/blog\/2011\/05\/24\/les-francais-n-ont-pas-confiance-dans-les-prix-affiches-par-les-concessionnaires\/#primaryimage"},"thumbnailUrl":"https:\/\/www.carideal.com\/blog\/wp-content\/uploads\/2011\/05\/confiance-concessionnaire-e1538659834949.jpg","keywords":["Concession automobile"],"articleSection":["Actualit\u00e9 automobile","March\u00e9 automobile"],"inLanguage":"fr-FR","potentialAction":[{"@type":"CommentAction","name":"Comment","target":["https:\/\/www.carideal.com\/blog\/2011\/05\/24\/les-francais-n-ont-pas-confiance-dans-les-prix-affiches-par-les-concessionnaires\/#respond"]}]},{"@type":"WebPage","@id":"https:\/\/www.carideal.com\/blog\/2011\/05\/24\/les-francais-n-ont-pas-confiance-dans-les-prix-affiches-par-les-concessionnaires\/","url":"https:\/\/www.carideal.com\/blog\/2011\/05\/24\/les-francais-n-ont-pas-confiance-dans-les-prix-affiches-par-les-concessionnaires\/","name":"Les francais n'ont pas confiance dans les prix affich\u00e9s par les concessionnaires - Blog auto Carid\u00e9al","isPartOf":{"@id":"https:\/\/www.carideal.com\/blog\/#website"},"primaryImageOfPage":{"@id":"https:\/\/www.carideal.com\/blog\/2011\/05\/24\/les-francais-n-ont-pas-confiance-dans-les-prix-affiches-par-les-concessionnaires\/#primaryimage"},"image":{"@id":"https:\/\/www.carideal.com\/blog\/2011\/05\/24\/les-francais-n-ont-pas-confiance-dans-les-prix-affiches-par-les-concessionnaires\/#primaryimage"},"thumbnailUrl":"https:\/\/www.carideal.com\/blog\/wp-content\/uploads\/2011\/05\/confiance-concessionnaire-e1538659834949.jpg","datePublished":"2011-05-24T22:00:00+00:00","dateModified":"2020-03-12T07:27:01+00:00","description":"Une \u00e9tude recemment publi\u00e9e vient de mettre \u00e0 jour que les clients francais n'ont pas confiance dans les prix affich\u00e9s par les concessionnaires","breadcrumb":{"@id":"https:\/\/www.carideal.com\/blog\/2011\/05\/24\/les-francais-n-ont-pas-confiance-dans-les-prix-affiches-par-les-concessionnaires\/#breadcrumb"},"inLanguage":"fr-FR","potentialAction":[{"@type":"ReadAction","target":["https:\/\/www.carideal.com\/blog\/2011\/05\/24\/les-francais-n-ont-pas-confiance-dans-les-prix-affiches-par-les-concessionnaires\/"]}]},{"@type":"ImageObject","inLanguage":"fr-FR","@id":"https:\/\/www.carideal.com\/blog\/2011\/05\/24\/les-francais-n-ont-pas-confiance-dans-les-prix-affiches-par-les-concessionnaires\/#primaryimage","url":"https:\/\/www.carideal.com\/blog\/wp-content\/uploads\/2011\/05\/confiance-concessionnaire-e1538659834949.jpg","contentUrl":"https:\/\/www.carideal.com\/blog\/wp-content\/uploads\/2011\/05\/confiance-concessionnaire-e1538659834949.jpg","width":800,"height":450,"caption":"Les francais n'ont pas confiance dans les prix affich\u00e9s par les concessionnaires"},{"@type":"BreadcrumbList","@id":"https:\/\/www.carideal.com\/blog\/2011\/05\/24\/les-francais-n-ont-pas-confiance-dans-les-prix-affiches-par-les-concessionnaires\/#breadcrumb","itemListElement":[{"@type":"ListItem","position":1,"name":"Blog Carid\u00e9al","item":"https:\/\/www.carideal.com\/blog\/"},{"@type":"ListItem","position":2,"name":"March\u00e9 automobile","item":"https:\/\/www.carideal.com\/blog\/marche-automobile-voiture-neuve-occasion-4x4-suv\/"},{"@type":"ListItem","position":3,"name":"Les francais n&rsquo;ont pas confiance dans les prix affich\u00e9s par les concessionnaires"}]},{"@type":"WebSite","@id":"https:\/\/www.carideal.com\/blog\/#website","url":"https:\/\/www.carideal.com\/blog\/","name":"Blog auto Carid\u00e9al","description":"Actualit\u00e9 auto par des passionn\u00e9s","publisher":{"@id":"https:\/\/www.carideal.com\/blog\/#organization"},"potentialAction":[{"@type":"SearchAction","target":{"@type":"EntryPoint","urlTemplate":"https:\/\/www.carideal.com\/blog\/?s={search_term_string}"},"query-input":{"@type":"PropertyValueSpecification","valueRequired":true,"valueName":"search_term_string"}}],"inLanguage":"fr-FR"},{"@type":"Organization","@id":"https:\/\/www.carideal.com\/blog\/#organization","name":"Carideal","url":"https:\/\/www.carideal.com\/blog\/","logo":{"@type":"ImageObject","inLanguage":"fr-FR","@id":"https:\/\/www.carideal.com\/blog\/#\/schema\/logo\/image\/","url":"http:\/\/www.carideal.com\/blog\/wp-content\/uploads\/2016\/03\/logo-carideal-mandataire-automobile.png","contentUrl":"http:\/\/www.carideal.com\/blog\/wp-content\/uploads\/2016\/03\/logo-carideal-mandataire-automobile.png","width":300,"height":300,"caption":"Carideal"},"image":{"@id":"https:\/\/www.carideal.com\/blog\/#\/schema\/logo\/image\/"},"sameAs":["https:\/\/www.facebook.com\/Carideal.mandataire.automobile","https:\/\/x.com\/caridealauto","https:\/\/www.instagram.com\/carideal1\/","https:\/\/www.linkedin.com\/company\/carideal.com","https:\/\/fr.pinterest.com\/schiavonsas\/","https:\/\/www.youtube.com\/user\/caridealsas"]},{"@type":"Person","@id":"https:\/\/www.carideal.com\/blog\/#\/schema\/person\/cd95dc7919660de90d31b366f85be1ec","name":"Nicolas SCHIAVON","image":{"@type":"ImageObject","inLanguage":"fr-FR","@id":"https:\/\/www.carideal.com\/blog\/#\/schema\/person\/image\/","url":"https:\/\/secure.gravatar.com\/avatar\/c17e55009e671d92cc7f5dc837dc418a?s=96&r=g","contentUrl":"https:\/\/secure.gravatar.com\/avatar\/c17e55009e671d92cc7f5dc837dc418a?s=96&r=g","caption":"Nicolas SCHIAVON"},"description":"Nicolas Schiavon est tomb\u00e9 tout petit dans la marmite automobile. Ayant eu un garage de marque automobile, mandataire automobile de la premi\u00e8re heure d\u00e8s 1999. Nicolas a cr\u00e9\u00e9 ces premiers sites de vente de voiture et blog automobile d\u00e8s 1994. Carideal est n\u00e9 le 15 d\u00e9cembre 2000 de la volont\u00e9 de vendre des voitures d'occasions en ligne puis des voitures neuves. Il a pu essayer beaucoup de voitures tr\u00e8s diff\u00e9rentes et ayant eu personnellement quelques belles autos, Subaru Impreza, Mitsubishi Lancer Evo 7, Porsche 911, Ferrari Testarrossa, Audi RS3, RS4 et j'en passe...","sameAs":["http:\/\/www.carideal.com","https:\/\/www.facebook.com\/nicolas.schiavon.39","https:\/\/www.instagram.com\/carideal1\/","https:\/\/www.linkedin.com\/in\/nschiavon\/","https:\/\/x.com\/caridealauto","https:\/\/www.youtube.com\/user\/caridealsas\/"],"url":"https:\/\/www.carideal.com\/blog\/author\/nschiavon\/"}]}},"uagb_featured_image_src":{"full":["https:\/\/www.carideal.com\/blog\/wp-content\/uploads\/2011\/05\/confiance-concessionnaire-e1538659834949.jpg",800,450,false],"thumbnail":["https:\/\/www.carideal.com\/blog\/wp-content\/uploads\/2011\/05\/confiance-concessionnaire-150x150.jpg",150,150,true],"medium":["https:\/\/www.carideal.com\/blog\/wp-content\/uploads\/2011\/05\/confiance-concessionnaire-300x169.jpg",300,169,true],"medium_large":["https:\/\/www.carideal.com\/blog\/wp-content\/uploads\/2011\/05\/confiance-concessionnaire-768x432.jpg",768,432,true],"large":["https:\/\/www.carideal.com\/blog\/wp-content\/uploads\/2011\/05\/confiance-concessionnaire-1024x576.jpg",1024,576,true],"1536x1536":["https:\/\/www.carideal.com\/blog\/wp-content\/uploads\/2011\/05\/confiance-concessionnaire-e1538659834949.jpg",800,450,false],"2048x2048":["https:\/\/www.carideal.com\/blog\/wp-content\/uploads\/2011\/05\/confiance-concessionnaire-e1538659834949.jpg",800,450,false],"wppr-widget":["https:\/\/www.carideal.com\/blog\/wp-content\/uploads\/2011\/05\/confiance-concessionnaire-50x28.jpg",50,28,true]},"uagb_author_info":{"display_name":"Nicolas SCHIAVON","author_link":"https:\/\/www.carideal.com\/blog\/author\/nschiavon\/"},"uagb_comment_info":0,"uagb_excerpt":"Les francais n'ont pas confiance dans les prix affich\u00e9s par les concessionnaires Marchand de tapis les vendeurs de concession automobile ? Suivant une \u00e9tude r\u00e9cente, les fran\u00e7ais n'aurais pas confiance dans les vendeurs de concession automobile. Les bonus \u00e9cologique, la primes \u00e0 la casse, les aides \u00e0 la reprise... tout ceci a d\u00e9stabilis\u00e9s le march\u00e9\u2026","_links":{"self":[{"href":"https:\/\/www.carideal.com\/blog\/wp-json\/wp\/v2\/posts\/4875"}],"collection":[{"href":"https:\/\/www.carideal.com\/blog\/wp-json\/wp\/v2\/posts"}],"about":[{"href":"https:\/\/www.carideal.com\/blog\/wp-json\/wp\/v2\/types\/post"}],"author":[{"embeddable":true,"href":"https:\/\/www.carideal.com\/blog\/wp-json\/wp\/v2\/users\/3"}],"replies":[{"embeddable":true,"href":"https:\/\/www.carideal.com\/blog\/wp-json\/wp\/v2\/comments?post=4875"}],"version-history":[{"count":0,"href":"https:\/\/www.carideal.com\/blog\/wp-json\/wp\/v2\/posts\/4875\/revisions"}],"wp:featuredmedia":[{"embeddable":true,"href":"https:\/\/www.carideal.com\/blog\/wp-json\/wp\/v2\/media\/17604"}],"wp:attachment":[{"href":"https:\/\/www.carideal.com\/blog\/wp-json\/wp\/v2\/media?parent=4875"}],"wp:term":[{"taxonomy":"category","embeddable":true,"href":"https:\/\/www.carideal.com\/blog\/wp-json\/wp\/v2\/categories?post=4875"},{"taxonomy":"post_tag","embeddable":true,"href":"https:\/\/www.carideal.com\/blog\/wp-json\/wp\/v2\/tags?post=4875"}],"curies":[{"name":"wp","href":"https:\/\/api.w.org\/{rel}","templated":true}]}}