{"id":4869,"date":"2011-05-15T22:00:00","date_gmt":"2011-05-15T22:00:00","guid":{"rendered":"http:\/\/www.carideal.com\/blog\/2011\/05\/15\/un-concessionnaire-chinois-sauvera-t-il-saab\/"},"modified":"2018-10-29T20:44:57","modified_gmt":"2018-10-29T19:44:57","slug":"un-concessionnaire-chinois-sauvera-t-il-saab","status":"publish","type":"post","link":"https:\/\/www.carideal.com\/blog\/2011\/05\/15\/un-concessionnaire-chinois-sauvera-t-il-saab\/","title":{"rendered":"Un concessionnaire chinois sauvera-t-il Saab ?"},"content":{"rendered":"<div>\n<h1>Le concessionnaire chinois Pangda va-t-il sauver Saab ?<\/h1>\n<\/div>\n<p style=\"margin: 0px 0px 1em; font-family: verdana, helvetica, sans; padding: 0px;\">Spyker propri\u00e9taire de Saab a annonc\u00e9 lundi un nouvel accord avec un groupe chinois Pangda Automobile visant \u00e0 \u00e9viter la faillite du constructeur su\u00e9dois\u00a0Saab.<span id=\"midArticle_byline\"><\/span><\/p>\n<p style=\"margin: 0px 0px 1em; font-family: verdana, helvetica, sans; padding: 0px;\">Spyker\u00a0vient d'annoncer\u00a0que l'accord conclu avec Pangda portait sur 110 millions d'euros, dont un versement imm\u00e9diat de 30 millions d'euros, afin d'assurer les besoins de financement de Saab \u00e0 moyen terme.<\/p>\n<p style=\"margin: 0px 0px 1em; font-family: verdana, helvetica, sans; padding: 0px;\">Comme dit pr\u00e9d\u00e9demment, la production des Saab est arr\u00eat\u00e9e depuis plusieurs semaines\u00a0car Saab ne paye plus ses fournisseurs, qui\u00a0donc ne le\u00a0livre plus.<\/p>\n<p style=\"margin: 0px 0px 1em; font-family: verdana, helvetica, sans; padding: 0px;\">D\u00e9but\u00a0mai, Spyker avait annonc\u00e9 un accord\u00a0 avec le constructeur chinois Hawtai Motor avant de renoncer.<\/p>\n<p style=\"margin: 0px 0px 1em; font-family: verdana, helvetica, sans; padding: 0px;\">La transaction conclue avec Pangda doit encore recevoir l'approbation de diff\u00e9rentes autorit\u00e9s de r\u00e9gulation chinoises, de la Banque europ\u00e9enne d'investissement (BEI), de General Motors, ancien propri\u00e9taire de Saab, et des\u00a0authorit\u00e9es\u00a0de la dette su\u00e9doise (rien que \u00e7a !).<\/p>\n<p style=\"margin: 0px 0px 1em; font-family: verdana, helvetica, sans; padding: 0px;\">Pangda, a lev\u00e9 pr\u00e8s d'un milliard de dollars lors de son introduction en Bourse\u00a0le mois dernier, et ne semble ne pas\u00a0avoir besoin d'autorisations pour acheter des voitures \u00e0 Saab pour les vendre en Chine,\u00a0ce qui expliquerait\u00a0les 30 millions d'euros de cash que devrait recevoir d'ici peu Saab.<\/p>\n<p style=\"margin: 0px 0px 1em; font-family: verdana, helvetica, sans; padding: 0px;\">Pangda d\u00e9boursera \u00e9galement 65 millions d'euros pour prendre une participation de 24% dans Spyker.<\/p>\n<p>&nbsp;<\/p>\n","protected":false},"excerpt":{"rendered":"<p>Le concessionnaire chinois Pangda va-t-il sauver Saab ? Spyker propri\u00e9taire de Saab a annonc\u00e9 lundi un nouvel accord avec un groupe chinois Pangda Automobile visant \u00e0 \u00e9viter la faillite du constructeur su\u00e9dois\u00a0Saab. Spyker\u00a0vient d&rsquo;annoncer\u00a0que l&rsquo;accord conclu avec Pangda portait sur 110 millions d&rsquo;euros, dont un versement imm\u00e9diat de 30 millions d&rsquo;euros, afin d&rsquo;assurer les besoins &#8230; <a title=\"Un concessionnaire chinois sauvera-t-il Saab ?\" class=\"read-more\" href=\"https:\/\/www.carideal.com\/blog\/2011\/05\/15\/un-concessionnaire-chinois-sauvera-t-il-saab\/\" aria-label=\"En savoir plus sur Un concessionnaire chinois sauvera-t-il Saab ?\">Lire plus<\/a><\/p>\n","protected":false},"author":3,"featured_media":17807,"comment_status":"open","ping_status":"open","sticky":false,"template":"","format":"standard","meta":{"_uag_custom_page_level_css":"","_themeisle_gutenberg_block_has_review":false,"footnotes":""},"categories":[21,6152],"tags":[],"class_list":["post-4869","post","type-post","status-publish","format-standard","has-post-thumbnail","hentry","category-actualites-auto","category-actualite-saab"],"wppr_data":{"cwp_meta_box_check":"No"},"yoast_head":"<!-- This site is optimized with the Yoast SEO plugin v24.8.1 - https:\/\/yoast.com\/wordpress\/plugins\/seo\/ -->\n<title>Un concessionnaire chinois sauvera-t-il Saab ? - Blog auto Carid\u00e9al<\/title>\n<meta name=\"robots\" content=\"index, follow, max-snippet:-1, max-image-preview:large, max-video-preview:-1\" \/>\n<link rel=\"canonical\" href=\"https:\/\/www.carideal.com\/blog\/2011\/05\/15\/un-concessionnaire-chinois-sauvera-t-il-saab\/\" \/>\n<meta property=\"og:locale\" content=\"fr_FR\" \/>\n<meta property=\"og:type\" content=\"article\" \/>\n<meta property=\"og:title\" content=\"Un concessionnaire chinois sauvera-t-il Saab ? - Blog auto Carid\u00e9al\" \/>\n<meta property=\"og:description\" content=\"Le concessionnaire chinois Pangda va-t-il sauver Saab ? Spyker propri\u00e9taire de Saab a annonc\u00e9 lundi un nouvel accord avec un groupe chinois Pangda Automobile visant \u00e0 \u00e9viter la faillite du constructeur su\u00e9dois\u00a0Saab. Spyker\u00a0vient d&#039;annoncer\u00a0que l&#039;accord conclu avec Pangda portait sur 110 millions d&#039;euros, dont un versement imm\u00e9diat de 30 millions d&#039;euros, afin d&#039;assurer les besoins ... Lire plus\" \/>\n<meta property=\"og:url\" content=\"https:\/\/www.carideal.com\/blog\/2011\/05\/15\/un-concessionnaire-chinois-sauvera-t-il-saab\/\" \/>\n<meta property=\"og:site_name\" content=\"Blog auto Carid\u00e9al\" \/>\n<meta property=\"article:publisher\" content=\"https:\/\/www.facebook.com\/Carideal.mandataire.automobile\" \/>\n<meta property=\"article:author\" content=\"https:\/\/www.facebook.com\/nicolas.schiavon.39\" \/>\n<meta property=\"article:published_time\" content=\"2011-05-15T22:00:00+00:00\" \/>\n<meta property=\"article:modified_time\" content=\"2018-10-29T19:44:57+00:00\" \/>\n<meta property=\"og:image\" content=\"https:\/\/www.carideal.com\/blog\/wp-content\/uploads\/2011\/05\/logosaabcarideal-1305552625.jpg\" \/>\n\t<meta property=\"og:image:width\" content=\"280\" \/>\n\t<meta property=\"og:image:height\" content=\"280\" \/>\n\t<meta property=\"og:image:type\" content=\"image\/jpeg\" \/>\n<meta name=\"author\" content=\"Nicolas SCHIAVON\" \/>\n<meta name=\"twitter:card\" content=\"summary_large_image\" \/>\n<meta name=\"twitter:creator\" content=\"@caridealauto\" \/>\n<meta name=\"twitter:site\" content=\"@caridealauto\" \/>\n<meta name=\"twitter:label1\" content=\"\u00c9crit par\" \/>\n\t<meta name=\"twitter:data1\" content=\"Nicolas SCHIAVON\" \/>\n\t<meta name=\"twitter:label2\" content=\"Dur\u00e9e de lecture estim\u00e9e\" \/>\n\t<meta name=\"twitter:data2\" content=\"1 minute\" \/>\n<script type=\"application\/ld+json\" class=\"yoast-schema-graph\">{\"@context\":\"https:\/\/schema.org\",\"@graph\":[{\"@type\":\"Article\",\"@id\":\"https:\/\/www.carideal.com\/blog\/2011\/05\/15\/un-concessionnaire-chinois-sauvera-t-il-saab\/#article\",\"isPartOf\":{\"@id\":\"https:\/\/www.carideal.com\/blog\/2011\/05\/15\/un-concessionnaire-chinois-sauvera-t-il-saab\/\"},\"author\":{\"name\":\"Nicolas SCHIAVON\",\"@id\":\"https:\/\/www.carideal.com\/blog\/#\/schema\/person\/cd95dc7919660de90d31b366f85be1ec\"},\"headline\":\"Un concessionnaire chinois sauvera-t-il Saab ?\",\"datePublished\":\"2011-05-15T22:00:00+00:00\",\"dateModified\":\"2018-10-29T19:44:57+00:00\",\"mainEntityOfPage\":{\"@id\":\"https:\/\/www.carideal.com\/blog\/2011\/05\/15\/un-concessionnaire-chinois-sauvera-t-il-saab\/\"},\"wordCount\":223,\"commentCount\":0,\"publisher\":{\"@id\":\"https:\/\/www.carideal.com\/blog\/#organization\"},\"image\":{\"@id\":\"https:\/\/www.carideal.com\/blog\/2011\/05\/15\/un-concessionnaire-chinois-sauvera-t-il-saab\/#primaryimage\"},\"thumbnailUrl\":\"https:\/\/www.carideal.com\/blog\/wp-content\/uploads\/2011\/05\/logosaabcarideal-1305552625.jpg\",\"articleSection\":[\"Actualit\u00e9 automobile\",\"Actualit\u00e9 SAAB\"],\"inLanguage\":\"fr-FR\",\"potentialAction\":[{\"@type\":\"CommentAction\",\"name\":\"Comment\",\"target\":[\"https:\/\/www.carideal.com\/blog\/2011\/05\/15\/un-concessionnaire-chinois-sauvera-t-il-saab\/#respond\"]}]},{\"@type\":\"WebPage\",\"@id\":\"https:\/\/www.carideal.com\/blog\/2011\/05\/15\/un-concessionnaire-chinois-sauvera-t-il-saab\/\",\"url\":\"https:\/\/www.carideal.com\/blog\/2011\/05\/15\/un-concessionnaire-chinois-sauvera-t-il-saab\/\",\"name\":\"Un concessionnaire chinois sauvera-t-il Saab ? - Blog auto Carid\u00e9al\",\"isPartOf\":{\"@id\":\"https:\/\/www.carideal.com\/blog\/#website\"},\"primaryImageOfPage\":{\"@id\":\"https:\/\/www.carideal.com\/blog\/2011\/05\/15\/un-concessionnaire-chinois-sauvera-t-il-saab\/#primaryimage\"},\"image\":{\"@id\":\"https:\/\/www.carideal.com\/blog\/2011\/05\/15\/un-concessionnaire-chinois-sauvera-t-il-saab\/#primaryimage\"},\"thumbnailUrl\":\"https:\/\/www.carideal.com\/blog\/wp-content\/uploads\/2011\/05\/logosaabcarideal-1305552625.jpg\",\"datePublished\":\"2011-05-15T22:00:00+00:00\",\"dateModified\":\"2018-10-29T19:44:57+00:00\",\"breadcrumb\":{\"@id\":\"https:\/\/www.carideal.com\/blog\/2011\/05\/15\/un-concessionnaire-chinois-sauvera-t-il-saab\/#breadcrumb\"},\"inLanguage\":\"fr-FR\",\"potentialAction\":[{\"@type\":\"ReadAction\",\"target\":[\"https:\/\/www.carideal.com\/blog\/2011\/05\/15\/un-concessionnaire-chinois-sauvera-t-il-saab\/\"]}]},{\"@type\":\"ImageObject\",\"inLanguage\":\"fr-FR\",\"@id\":\"https:\/\/www.carideal.com\/blog\/2011\/05\/15\/un-concessionnaire-chinois-sauvera-t-il-saab\/#primaryimage\",\"url\":\"https:\/\/www.carideal.com\/blog\/wp-content\/uploads\/2011\/05\/logosaabcarideal-1305552625.jpg\",\"contentUrl\":\"https:\/\/www.carideal.com\/blog\/wp-content\/uploads\/2011\/05\/logosaabcarideal-1305552625.jpg\",\"width\":280,\"height\":280,\"caption\":\"Une nouvelle commande pour Saab de Pangda\"},{\"@type\":\"BreadcrumbList\",\"@id\":\"https:\/\/www.carideal.com\/blog\/2011\/05\/15\/un-concessionnaire-chinois-sauvera-t-il-saab\/#breadcrumb\",\"itemListElement\":[{\"@type\":\"ListItem\",\"position\":1,\"name\":\"Blog Carid\u00e9al\",\"item\":\"https:\/\/www.carideal.com\/blog\/\"},{\"@type\":\"ListItem\",\"position\":2,\"name\":\"Actualit\u00e9 automobile\",\"item\":\"https:\/\/www.carideal.com\/blog\/actualites-auto\/\"},{\"@type\":\"ListItem\",\"position\":3,\"name\":\"Un concessionnaire chinois sauvera-t-il Saab ?\"}]},{\"@type\":\"WebSite\",\"@id\":\"https:\/\/www.carideal.com\/blog\/#website\",\"url\":\"https:\/\/www.carideal.com\/blog\/\",\"name\":\"Blog auto Carid\u00e9al\",\"description\":\"Actualit\u00e9 auto par des passionn\u00e9s\",\"publisher\":{\"@id\":\"https:\/\/www.carideal.com\/blog\/#organization\"},\"potentialAction\":[{\"@type\":\"SearchAction\",\"target\":{\"@type\":\"EntryPoint\",\"urlTemplate\":\"https:\/\/www.carideal.com\/blog\/?s={search_term_string}\"},\"query-input\":{\"@type\":\"PropertyValueSpecification\",\"valueRequired\":true,\"valueName\":\"search_term_string\"}}],\"inLanguage\":\"fr-FR\"},{\"@type\":\"Organization\",\"@id\":\"https:\/\/www.carideal.com\/blog\/#organization\",\"name\":\"Carideal\",\"url\":\"https:\/\/www.carideal.com\/blog\/\",\"logo\":{\"@type\":\"ImageObject\",\"inLanguage\":\"fr-FR\",\"@id\":\"https:\/\/www.carideal.com\/blog\/#\/schema\/logo\/image\/\",\"url\":\"http:\/\/www.carideal.com\/blog\/wp-content\/uploads\/2016\/03\/logo-carideal-mandataire-automobile.png\",\"contentUrl\":\"http:\/\/www.carideal.com\/blog\/wp-content\/uploads\/2016\/03\/logo-carideal-mandataire-automobile.png\",\"width\":300,\"height\":300,\"caption\":\"Carideal\"},\"image\":{\"@id\":\"https:\/\/www.carideal.com\/blog\/#\/schema\/logo\/image\/\"},\"sameAs\":[\"https:\/\/www.facebook.com\/Carideal.mandataire.automobile\",\"https:\/\/x.com\/caridealauto\",\"https:\/\/www.instagram.com\/carideal1\/\",\"https:\/\/www.linkedin.com\/company\/carideal.com\",\"https:\/\/fr.pinterest.com\/schiavonsas\/\",\"https:\/\/www.youtube.com\/user\/caridealsas\"]},{\"@type\":\"Person\",\"@id\":\"https:\/\/www.carideal.com\/blog\/#\/schema\/person\/cd95dc7919660de90d31b366f85be1ec\",\"name\":\"Nicolas SCHIAVON\",\"image\":{\"@type\":\"ImageObject\",\"inLanguage\":\"fr-FR\",\"@id\":\"https:\/\/www.carideal.com\/blog\/#\/schema\/person\/image\/\",\"url\":\"https:\/\/secure.gravatar.com\/avatar\/c17e55009e671d92cc7f5dc837dc418a?s=96&r=g\",\"contentUrl\":\"https:\/\/secure.gravatar.com\/avatar\/c17e55009e671d92cc7f5dc837dc418a?s=96&r=g\",\"caption\":\"Nicolas SCHIAVON\"},\"description\":\"Nicolas Schiavon est tomb\u00e9 tout petit dans la marmite automobile. Ayant eu un garage de marque automobile, mandataire automobile de la premi\u00e8re heure d\u00e8s 1999. Nicolas a cr\u00e9\u00e9 ces premiers sites de vente de voiture et blog automobile d\u00e8s 1994. Carideal est n\u00e9 le 15 d\u00e9cembre 2000 de la volont\u00e9 de vendre des voitures d'occasions en ligne puis des voitures neuves. Il a pu essayer beaucoup de voitures tr\u00e8s diff\u00e9rentes et ayant eu personnellement quelques belles autos, Subaru Impreza, Mitsubishi Lancer Evo 7, Porsche 911, Ferrari Testarrossa, Audi RS3, RS4 et j'en passe...\",\"sameAs\":[\"http:\/\/www.carideal.com\",\"https:\/\/www.facebook.com\/nicolas.schiavon.39\",\"https:\/\/www.instagram.com\/carideal1\/\",\"https:\/\/www.linkedin.com\/in\/nschiavon\/\",\"https:\/\/x.com\/caridealauto\",\"https:\/\/www.youtube.com\/user\/caridealsas\/\"],\"url\":\"https:\/\/www.carideal.com\/blog\/author\/nschiavon\/\"}]}<\/script>\n<!-- \/ Yoast SEO plugin. -->","yoast_head_json":{"title":"Un concessionnaire chinois sauvera-t-il Saab ? - Blog auto Carid\u00e9al","robots":{"index":"index","follow":"follow","max-snippet":"max-snippet:-1","max-image-preview":"max-image-preview:large","max-video-preview":"max-video-preview:-1"},"canonical":"https:\/\/www.carideal.com\/blog\/2011\/05\/15\/un-concessionnaire-chinois-sauvera-t-il-saab\/","og_locale":"fr_FR","og_type":"article","og_title":"Un concessionnaire chinois sauvera-t-il Saab ? - Blog auto Carid\u00e9al","og_description":"Le concessionnaire chinois Pangda va-t-il sauver Saab ? Spyker propri\u00e9taire de Saab a annonc\u00e9 lundi un nouvel accord avec un groupe chinois Pangda Automobile visant \u00e0 \u00e9viter la faillite du constructeur su\u00e9dois\u00a0Saab. Spyker\u00a0vient d'annoncer\u00a0que l'accord conclu avec Pangda portait sur 110 millions d'euros, dont un versement imm\u00e9diat de 30 millions d'euros, afin d'assurer les besoins ... Lire plus","og_url":"https:\/\/www.carideal.com\/blog\/2011\/05\/15\/un-concessionnaire-chinois-sauvera-t-il-saab\/","og_site_name":"Blog auto Carid\u00e9al","article_publisher":"https:\/\/www.facebook.com\/Carideal.mandataire.automobile","article_author":"https:\/\/www.facebook.com\/nicolas.schiavon.39","article_published_time":"2011-05-15T22:00:00+00:00","article_modified_time":"2018-10-29T19:44:57+00:00","og_image":[{"width":280,"height":280,"url":"https:\/\/www.carideal.com\/blog\/wp-content\/uploads\/2011\/05\/logosaabcarideal-1305552625.jpg","type":"image\/jpeg"}],"author":"Nicolas SCHIAVON","twitter_card":"summary_large_image","twitter_creator":"@caridealauto","twitter_site":"@caridealauto","twitter_misc":{"\u00c9crit par":"Nicolas SCHIAVON","Dur\u00e9e de lecture estim\u00e9e":"1 minute"},"schema":{"@context":"https:\/\/schema.org","@graph":[{"@type":"Article","@id":"https:\/\/www.carideal.com\/blog\/2011\/05\/15\/un-concessionnaire-chinois-sauvera-t-il-saab\/#article","isPartOf":{"@id":"https:\/\/www.carideal.com\/blog\/2011\/05\/15\/un-concessionnaire-chinois-sauvera-t-il-saab\/"},"author":{"name":"Nicolas SCHIAVON","@id":"https:\/\/www.carideal.com\/blog\/#\/schema\/person\/cd95dc7919660de90d31b366f85be1ec"},"headline":"Un concessionnaire chinois sauvera-t-il Saab ?","datePublished":"2011-05-15T22:00:00+00:00","dateModified":"2018-10-29T19:44:57+00:00","mainEntityOfPage":{"@id":"https:\/\/www.carideal.com\/blog\/2011\/05\/15\/un-concessionnaire-chinois-sauvera-t-il-saab\/"},"wordCount":223,"commentCount":0,"publisher":{"@id":"https:\/\/www.carideal.com\/blog\/#organization"},"image":{"@id":"https:\/\/www.carideal.com\/blog\/2011\/05\/15\/un-concessionnaire-chinois-sauvera-t-il-saab\/#primaryimage"},"thumbnailUrl":"https:\/\/www.carideal.com\/blog\/wp-content\/uploads\/2011\/05\/logosaabcarideal-1305552625.jpg","articleSection":["Actualit\u00e9 automobile","Actualit\u00e9 SAAB"],"inLanguage":"fr-FR","potentialAction":[{"@type":"CommentAction","name":"Comment","target":["https:\/\/www.carideal.com\/blog\/2011\/05\/15\/un-concessionnaire-chinois-sauvera-t-il-saab\/#respond"]}]},{"@type":"WebPage","@id":"https:\/\/www.carideal.com\/blog\/2011\/05\/15\/un-concessionnaire-chinois-sauvera-t-il-saab\/","url":"https:\/\/www.carideal.com\/blog\/2011\/05\/15\/un-concessionnaire-chinois-sauvera-t-il-saab\/","name":"Un concessionnaire chinois sauvera-t-il Saab ? - Blog auto Carid\u00e9al","isPartOf":{"@id":"https:\/\/www.carideal.com\/blog\/#website"},"primaryImageOfPage":{"@id":"https:\/\/www.carideal.com\/blog\/2011\/05\/15\/un-concessionnaire-chinois-sauvera-t-il-saab\/#primaryimage"},"image":{"@id":"https:\/\/www.carideal.com\/blog\/2011\/05\/15\/un-concessionnaire-chinois-sauvera-t-il-saab\/#primaryimage"},"thumbnailUrl":"https:\/\/www.carideal.com\/blog\/wp-content\/uploads\/2011\/05\/logosaabcarideal-1305552625.jpg","datePublished":"2011-05-15T22:00:00+00:00","dateModified":"2018-10-29T19:44:57+00:00","breadcrumb":{"@id":"https:\/\/www.carideal.com\/blog\/2011\/05\/15\/un-concessionnaire-chinois-sauvera-t-il-saab\/#breadcrumb"},"inLanguage":"fr-FR","potentialAction":[{"@type":"ReadAction","target":["https:\/\/www.carideal.com\/blog\/2011\/05\/15\/un-concessionnaire-chinois-sauvera-t-il-saab\/"]}]},{"@type":"ImageObject","inLanguage":"fr-FR","@id":"https:\/\/www.carideal.com\/blog\/2011\/05\/15\/un-concessionnaire-chinois-sauvera-t-il-saab\/#primaryimage","url":"https:\/\/www.carideal.com\/blog\/wp-content\/uploads\/2011\/05\/logosaabcarideal-1305552625.jpg","contentUrl":"https:\/\/www.carideal.com\/blog\/wp-content\/uploads\/2011\/05\/logosaabcarideal-1305552625.jpg","width":280,"height":280,"caption":"Une nouvelle commande pour Saab de Pangda"},{"@type":"BreadcrumbList","@id":"https:\/\/www.carideal.com\/blog\/2011\/05\/15\/un-concessionnaire-chinois-sauvera-t-il-saab\/#breadcrumb","itemListElement":[{"@type":"ListItem","position":1,"name":"Blog Carid\u00e9al","item":"https:\/\/www.carideal.com\/blog\/"},{"@type":"ListItem","position":2,"name":"Actualit\u00e9 automobile","item":"https:\/\/www.carideal.com\/blog\/actualites-auto\/"},{"@type":"ListItem","position":3,"name":"Un concessionnaire chinois sauvera-t-il Saab ?"}]},{"@type":"WebSite","@id":"https:\/\/www.carideal.com\/blog\/#website","url":"https:\/\/www.carideal.com\/blog\/","name":"Blog auto Carid\u00e9al","description":"Actualit\u00e9 auto par des passionn\u00e9s","publisher":{"@id":"https:\/\/www.carideal.com\/blog\/#organization"},"potentialAction":[{"@type":"SearchAction","target":{"@type":"EntryPoint","urlTemplate":"https:\/\/www.carideal.com\/blog\/?s={search_term_string}"},"query-input":{"@type":"PropertyValueSpecification","valueRequired":true,"valueName":"search_term_string"}}],"inLanguage":"fr-FR"},{"@type":"Organization","@id":"https:\/\/www.carideal.com\/blog\/#organization","name":"Carideal","url":"https:\/\/www.carideal.com\/blog\/","logo":{"@type":"ImageObject","inLanguage":"fr-FR","@id":"https:\/\/www.carideal.com\/blog\/#\/schema\/logo\/image\/","url":"http:\/\/www.carideal.com\/blog\/wp-content\/uploads\/2016\/03\/logo-carideal-mandataire-automobile.png","contentUrl":"http:\/\/www.carideal.com\/blog\/wp-content\/uploads\/2016\/03\/logo-carideal-mandataire-automobile.png","width":300,"height":300,"caption":"Carideal"},"image":{"@id":"https:\/\/www.carideal.com\/blog\/#\/schema\/logo\/image\/"},"sameAs":["https:\/\/www.facebook.com\/Carideal.mandataire.automobile","https:\/\/x.com\/caridealauto","https:\/\/www.instagram.com\/carideal1\/","https:\/\/www.linkedin.com\/company\/carideal.com","https:\/\/fr.pinterest.com\/schiavonsas\/","https:\/\/www.youtube.com\/user\/caridealsas"]},{"@type":"Person","@id":"https:\/\/www.carideal.com\/blog\/#\/schema\/person\/cd95dc7919660de90d31b366f85be1ec","name":"Nicolas SCHIAVON","image":{"@type":"ImageObject","inLanguage":"fr-FR","@id":"https:\/\/www.carideal.com\/blog\/#\/schema\/person\/image\/","url":"https:\/\/secure.gravatar.com\/avatar\/c17e55009e671d92cc7f5dc837dc418a?s=96&r=g","contentUrl":"https:\/\/secure.gravatar.com\/avatar\/c17e55009e671d92cc7f5dc837dc418a?s=96&r=g","caption":"Nicolas SCHIAVON"},"description":"Nicolas Schiavon est tomb\u00e9 tout petit dans la marmite automobile. Ayant eu un garage de marque automobile, mandataire automobile de la premi\u00e8re heure d\u00e8s 1999. Nicolas a cr\u00e9\u00e9 ces premiers sites de vente de voiture et blog automobile d\u00e8s 1994. Carideal est n\u00e9 le 15 d\u00e9cembre 2000 de la volont\u00e9 de vendre des voitures d'occasions en ligne puis des voitures neuves. Il a pu essayer beaucoup de voitures tr\u00e8s diff\u00e9rentes et ayant eu personnellement quelques belles autos, Subaru Impreza, Mitsubishi Lancer Evo 7, Porsche 911, Ferrari Testarrossa, Audi RS3, RS4 et j'en passe...","sameAs":["http:\/\/www.carideal.com","https:\/\/www.facebook.com\/nicolas.schiavon.39","https:\/\/www.instagram.com\/carideal1\/","https:\/\/www.linkedin.com\/in\/nschiavon\/","https:\/\/x.com\/caridealauto","https:\/\/www.youtube.com\/user\/caridealsas\/"],"url":"https:\/\/www.carideal.com\/blog\/author\/nschiavon\/"}]}},"uagb_featured_image_src":{"full":["https:\/\/www.carideal.com\/blog\/wp-content\/uploads\/2011\/05\/logosaabcarideal-1305552625.jpg",280,280,false],"thumbnail":["https:\/\/www.carideal.com\/blog\/wp-content\/uploads\/2011\/05\/logosaabcarideal-1305552625-150x150.jpg",150,150,true],"medium":["https:\/\/www.carideal.com\/blog\/wp-content\/uploads\/2011\/05\/logosaabcarideal-1305552625.jpg",280,280,false],"medium_large":["https:\/\/www.carideal.com\/blog\/wp-content\/uploads\/2011\/05\/logosaabcarideal-1305552625.jpg",280,280,false],"large":["https:\/\/www.carideal.com\/blog\/wp-content\/uploads\/2011\/05\/logosaabcarideal-1305552625.jpg",280,280,false],"1536x1536":["https:\/\/www.carideal.com\/blog\/wp-content\/uploads\/2011\/05\/logosaabcarideal-1305552625.jpg",280,280,false],"2048x2048":["https:\/\/www.carideal.com\/blog\/wp-content\/uploads\/2011\/05\/logosaabcarideal-1305552625.jpg",280,280,false],"wppr-widget":["https:\/\/www.carideal.com\/blog\/wp-content\/uploads\/2011\/05\/logosaabcarideal-1305552625-50x50.jpg",50,50,true]},"uagb_author_info":{"display_name":"Nicolas SCHIAVON","author_link":"https:\/\/www.carideal.com\/blog\/author\/nschiavon\/"},"uagb_comment_info":0,"uagb_excerpt":"Le concessionnaire chinois Pangda va-t-il sauver Saab ? Spyker propri\u00e9taire de Saab a annonc\u00e9 lundi un nouvel accord avec un groupe chinois Pangda Automobile visant \u00e0 \u00e9viter la faillite du constructeur su\u00e9dois\u00a0Saab. Spyker\u00a0vient d'annoncer\u00a0que l'accord conclu avec Pangda portait sur 110 millions d'euros, dont un versement imm\u00e9diat de 30 millions d'euros, afin d'assurer les besoins\u2026","_links":{"self":[{"href":"https:\/\/www.carideal.com\/blog\/wp-json\/wp\/v2\/posts\/4869"}],"collection":[{"href":"https:\/\/www.carideal.com\/blog\/wp-json\/wp\/v2\/posts"}],"about":[{"href":"https:\/\/www.carideal.com\/blog\/wp-json\/wp\/v2\/types\/post"}],"author":[{"embeddable":true,"href":"https:\/\/www.carideal.com\/blog\/wp-json\/wp\/v2\/users\/3"}],"replies":[{"embeddable":true,"href":"https:\/\/www.carideal.com\/blog\/wp-json\/wp\/v2\/comments?post=4869"}],"version-history":[{"count":0,"href":"https:\/\/www.carideal.com\/blog\/wp-json\/wp\/v2\/posts\/4869\/revisions"}],"wp:featuredmedia":[{"embeddable":true,"href":"https:\/\/www.carideal.com\/blog\/wp-json\/wp\/v2\/media\/17807"}],"wp:attachment":[{"href":"https:\/\/www.carideal.com\/blog\/wp-json\/wp\/v2\/media?parent=4869"}],"wp:term":[{"taxonomy":"category","embeddable":true,"href":"https:\/\/www.carideal.com\/blog\/wp-json\/wp\/v2\/categories?post=4869"},{"taxonomy":"post_tag","embeddable":true,"href":"https:\/\/www.carideal.com\/blog\/wp-json\/wp\/v2\/tags?post=4869"}],"curies":[{"name":"wp","href":"https:\/\/api.w.org\/{rel}","templated":true}]}}