{"id":4863,"date":"2011-05-11T22:00:00","date_gmt":"2011-05-11T22:00:00","guid":{"rendered":"http:\/\/www.carideal.com\/blog\/2011\/05\/11\/les-avertisseurs-de-radars-bientot-illegaux\/"},"modified":"2016-06-19T09:12:44","modified_gmt":"2016-06-19T07:12:44","slug":"les-avertisseurs-de-radars-bientot-illegaux","status":"publish","type":"post","link":"https:\/\/www.carideal.com\/blog\/2011\/05\/11\/les-avertisseurs-de-radars-bientot-illegaux\/","title":{"rendered":"Avertisseur de radar bientot illegal"},"content":{"rendered":"<div>\n<figure style=\"width: 490px\" class=\"wp-caption alignnone\"><img loading=\"lazy\" decoding=\"async\" title=\"Avertisseur de radar icoyote\" src=\"http:\/\/www.carideal.com\/images_actualite\/icoyotecarideal-1305185689.jpg\" alt=\"Avertisseur de radar icoyote\" width=\"500\" height=\"367\" \/><figcaption class=\"wp-caption-text\">Avertisseur de radar icoyote<\/figcaption><\/figure>\n<p>&nbsp;<\/p>\n<h1><strong>L'avertisseur de radars bientot illegal<\/strong><\/h1>\n<\/div>\n<p style=\"text-align: justify; line-height: 1.3; margin: 0px 0px 17px; outline-width: 0px; font-family: inherit; font-size: 1.17em; vertical-align: baseline; border-width: 0px; padding: 0px;\">Comme \u00e0 son habitude le gouvernement n'est pas \u00e0 une contradiction pr\u00eat ! En 2003 il d\u00e9clarait qu'il fallait que les <strong>radars<\/strong> soient signal\u00e9s, mais maintenant il veut <strong>interdir les avertisseur GPS<\/strong> !! Alors que ceux ci sont bas\u00e9 sur une technologie l\u00e9gale \u00e0 contrario des d\u00e9tecteurs qui exploite les fr\u00e9quences \"police\" des radars.<\/p>\n<p style=\"text-align: justify; line-height: 1.3; margin: 0px 0px 17px; outline-width: 0px; font-family: inherit; font-size: 1.17em; vertical-align: baseline; border-width: 0px; padding: 0px;\">Claude Gu\u00e9ant vient d'annoncer, lors d'un d\u00e9placement en Seine-Saint-Denis, que les nouvelles mesures seraient appliqu\u00e9es \"d'ici septembre\". Le ministre de l'Int\u00e9rieur, qui venait assister \u00e0 une remise de dipl\u00f4mes \u00e0 des enfants par la S\u00e9curit\u00e9 routi\u00e8re, a d\u00e9clar\u00e9 : \"la plupart des mesures seront rapidement appliqu\u00e9es, puisque de niveau r\u00e9glementaire\". Quid r\u00e9glementaire ? ne serait ce pas anticonstitutionel ? je pense que les avocats vont s'en donner \u00e0 coeur joie...<\/p>\n<p style=\"text-align: justify; line-height: 1.3; margin: 0px 0px 17px; outline-width: 0px; font-family: inherit; font-size: 1.17em; vertical-align: baseline; border-width: 0px; padding: 0px;\">Par contre : RAS du cot\u00e9 des \u00e9thylom\u00e8tres anti-d\u00e9marrage en premi\u00e8re monte ! Le ministre estime que seul la communaut\u00e9 europ\u00e9enne est comp\u00e9tente sur ce point pour l'imposer, et que donc cela prendra encore 12 \u00e0 18 mois.<\/p>\n<p style=\"text-align: justify; line-height: 1.3; margin: 0px 0px 17px; outline-width: 0px; font-family: inherit; font-size: 1.17em; vertical-align: baseline; border-width: 0px; padding: 0px;\">Mr le Ministre, l'UE avait demand\u00e9 \u00e0 ses \u00e9tats membres de prendre des mesures concernant les points noirs, qu'en est il ? H\u00e9 oui l'UE est consciente que l'infrastructure routi\u00e8re a aussi sa part de responsabilit\u00e9 dans les accidents ! Ors vos services et la s\u00e9curit\u00e9 routi\u00e8re n'en parle jamais ? serait ce par ce que cela coute de l'argent ? et n'en rapporte pas ?<\/p>\n<p style=\"text-align: justify; line-height: 1.3; margin: 0px 0px 17px; outline-width: 0px; font-family: inherit; font-size: 1.17em; vertical-align: baseline; border-width: 0px; padding: 0px;\">Monsieur le Ministre pourquoi la carte des points noirs a t elle disparu des sites de la s\u00e9curit\u00e9 routi\u00e8re ? <a href=\"http:\/\/europa.eu\/legislation_summaries\/internal_market\/single_market_for_goods\/motor_vehicles\/technical_implications_road_safety\/l24257_fr.htm\">http:\/\/europa.eu\/legislation_summaries\/internal_market\/single_market_for_goods\/motor_vehicles\/technical_implications_road_safety\/l24257_fr.htm<\/a><\/p>\n<p style=\"text-align: justify; line-height: 1.3; margin: 0px 0px 17px; outline-width: 0px; font-family: inherit; font-size: 1.17em; vertical-align: baseline; border-width: 0px; padding: 0px;\"><a href=\"http:\/\/fr.wikipedia.org\/wiki\/Pr%C3%A9vention_et_s%C3%A9curit%C3%A9_routi%C3%A8res\">http:\/\/fr.wikipedia.org\/wiki\/Pr%C3%A9vention_et_s%C3%A9curit%C3%A9_routi%C3%A8res<\/a><\/p>\n<p style=\"text-align: justify; line-height: 1.3; margin: 0px 0px 17px; outline-width: 0px; font-family: inherit; font-size: 1.17em; vertical-align: baseline; border-width: 0px; padding: 0px;\">La cartes des points noirs en France est ici cach\u00e9e sur un serveur de la s\u00e9curit\u00e9 routi\u00e8re on peut sectoriser par r\u00e9gion : <a href=\"https:\/\/www.data.gouv.fr\/fr\/datasets\/base-de-donnees-accidents-corporels-de-la-circulation\/\">https:\/\/www.data.gouv.fr\/fr\/datasets\/base-de-donnees-accidents-corporels-de-la-circulation\/<\/a><\/p>\n<p>&nbsp;<\/p>\n","protected":false},"excerpt":{"rendered":"<p>&nbsp; L&rsquo;avertisseur de radars bientot illegal Comme \u00e0 son habitude le gouvernement n&rsquo;est pas \u00e0 une contradiction pr\u00eat ! En 2003 il d\u00e9clarait qu&rsquo;il fallait que les radars soient signal\u00e9s, mais maintenant il veut interdir les avertisseur GPS !! Alors que ceux ci sont bas\u00e9 sur une technologie l\u00e9gale \u00e0 contrario des d\u00e9tecteurs qui exploite &#8230; <a title=\"Avertisseur de radar bientot illegal\" class=\"read-more\" href=\"https:\/\/www.carideal.com\/blog\/2011\/05\/11\/les-avertisseurs-de-radars-bientot-illegaux\/\" aria-label=\"En savoir plus sur Avertisseur de radar bientot illegal\">Lire plus<\/a><\/p>\n","protected":false},"author":3,"featured_media":0,"comment_status":"open","ping_status":"open","sticky":false,"template":"","format":"standard","meta":{"_uag_custom_page_level_css":"","_themeisle_gutenberg_block_has_review":false,"footnotes":""},"categories":[21,15],"tags":[],"class_list":["post-4863","post","type-post","status-publish","format-standard","hentry","category-actualites-auto","category-radar-et-securite-routiere"],"wppr_data":[],"yoast_head":"<!-- This site is optimized with the Yoast SEO plugin v24.8.1 - https:\/\/yoast.com\/wordpress\/plugins\/seo\/ -->\n<title>Avertisseur de radar bientot illegal - Blog auto Carid\u00e9al<\/title>\n<meta name=\"robots\" content=\"index, follow, max-snippet:-1, max-image-preview:large, max-video-preview:-1\" \/>\n<link rel=\"canonical\" href=\"https:\/\/www.carideal.com\/blog\/2011\/05\/11\/les-avertisseurs-de-radars-bientot-illegaux\/\" \/>\n<meta property=\"og:locale\" content=\"fr_FR\" \/>\n<meta property=\"og:type\" content=\"article\" \/>\n<meta property=\"og:title\" content=\"Avertisseur de radar bientot illegal - Blog auto Carid\u00e9al\" \/>\n<meta property=\"og:description\" content=\"&nbsp; L&#039;avertisseur de radars bientot illegal Comme \u00e0 son habitude le gouvernement n&#039;est pas \u00e0 une contradiction pr\u00eat ! En 2003 il d\u00e9clarait qu&#039;il fallait que les radars soient signal\u00e9s, mais maintenant il veut interdir les avertisseur GPS !! Alors que ceux ci sont bas\u00e9 sur une technologie l\u00e9gale \u00e0 contrario des d\u00e9tecteurs qui exploite ... Lire plus\" \/>\n<meta property=\"og:url\" content=\"https:\/\/www.carideal.com\/blog\/2011\/05\/11\/les-avertisseurs-de-radars-bientot-illegaux\/\" \/>\n<meta property=\"og:site_name\" content=\"Blog auto Carid\u00e9al\" \/>\n<meta property=\"article:publisher\" content=\"https:\/\/www.facebook.com\/Carideal.mandataire.automobile\" \/>\n<meta property=\"article:author\" content=\"https:\/\/www.facebook.com\/nicolas.schiavon.39\" \/>\n<meta property=\"article:published_time\" content=\"2011-05-11T22:00:00+00:00\" \/>\n<meta property=\"article:modified_time\" content=\"2016-06-19T07:12:44+00:00\" \/>\n<meta property=\"og:image\" content=\"http:\/\/www.carideal.com\/images_actualite\/icoyotecarideal-1305185689.jpg\" \/>\n<meta name=\"author\" content=\"Nicolas SCHIAVON\" \/>\n<meta name=\"twitter:card\" content=\"summary_large_image\" \/>\n<meta name=\"twitter:creator\" content=\"@caridealauto\" \/>\n<meta name=\"twitter:site\" content=\"@caridealauto\" \/>\n<meta name=\"twitter:label1\" content=\"\u00c9crit par\" \/>\n\t<meta name=\"twitter:data1\" content=\"Nicolas SCHIAVON\" \/>\n\t<meta name=\"twitter:label2\" content=\"Dur\u00e9e de lecture estim\u00e9e\" \/>\n\t<meta name=\"twitter:data2\" content=\"2 minutes\" \/>\n<script type=\"application\/ld+json\" class=\"yoast-schema-graph\">{\"@context\":\"https:\/\/schema.org\",\"@graph\":[{\"@type\":\"Article\",\"@id\":\"https:\/\/www.carideal.com\/blog\/2011\/05\/11\/les-avertisseurs-de-radars-bientot-illegaux\/#article\",\"isPartOf\":{\"@id\":\"https:\/\/www.carideal.com\/blog\/2011\/05\/11\/les-avertisseurs-de-radars-bientot-illegaux\/\"},\"author\":{\"name\":\"Nicolas SCHIAVON\",\"@id\":\"https:\/\/www.carideal.com\/blog\/#\/schema\/person\/cd95dc7919660de90d31b366f85be1ec\"},\"headline\":\"Avertisseur de radar bientot illegal\",\"datePublished\":\"2011-05-11T22:00:00+00:00\",\"dateModified\":\"2016-06-19T07:12:44+00:00\",\"mainEntityOfPage\":{\"@id\":\"https:\/\/www.carideal.com\/blog\/2011\/05\/11\/les-avertisseurs-de-radars-bientot-illegaux\/\"},\"wordCount\":347,\"commentCount\":0,\"publisher\":{\"@id\":\"https:\/\/www.carideal.com\/blog\/#organization\"},\"image\":{\"@id\":\"https:\/\/www.carideal.com\/blog\/2011\/05\/11\/les-avertisseurs-de-radars-bientot-illegaux\/#primaryimage\"},\"thumbnailUrl\":\"http:\/\/www.carideal.com\/images_actualite\/icoyotecarideal-1305185689.jpg\",\"articleSection\":[\"Actualit\u00e9 automobile\",\"Radar et s\u00e9curit\u00e9 routi\u00e8re\"],\"inLanguage\":\"fr-FR\",\"potentialAction\":[{\"@type\":\"CommentAction\",\"name\":\"Comment\",\"target\":[\"https:\/\/www.carideal.com\/blog\/2011\/05\/11\/les-avertisseurs-de-radars-bientot-illegaux\/#respond\"]}]},{\"@type\":\"WebPage\",\"@id\":\"https:\/\/www.carideal.com\/blog\/2011\/05\/11\/les-avertisseurs-de-radars-bientot-illegaux\/\",\"url\":\"https:\/\/www.carideal.com\/blog\/2011\/05\/11\/les-avertisseurs-de-radars-bientot-illegaux\/\",\"name\":\"Avertisseur de radar bientot illegal - Blog auto Carid\u00e9al\",\"isPartOf\":{\"@id\":\"https:\/\/www.carideal.com\/blog\/#website\"},\"primaryImageOfPage\":{\"@id\":\"https:\/\/www.carideal.com\/blog\/2011\/05\/11\/les-avertisseurs-de-radars-bientot-illegaux\/#primaryimage\"},\"image\":{\"@id\":\"https:\/\/www.carideal.com\/blog\/2011\/05\/11\/les-avertisseurs-de-radars-bientot-illegaux\/#primaryimage\"},\"thumbnailUrl\":\"http:\/\/www.carideal.com\/images_actualite\/icoyotecarideal-1305185689.jpg\",\"datePublished\":\"2011-05-11T22:00:00+00:00\",\"dateModified\":\"2016-06-19T07:12:44+00:00\",\"breadcrumb\":{\"@id\":\"https:\/\/www.carideal.com\/blog\/2011\/05\/11\/les-avertisseurs-de-radars-bientot-illegaux\/#breadcrumb\"},\"inLanguage\":\"fr-FR\",\"potentialAction\":[{\"@type\":\"ReadAction\",\"target\":[\"https:\/\/www.carideal.com\/blog\/2011\/05\/11\/les-avertisseurs-de-radars-bientot-illegaux\/\"]}]},{\"@type\":\"ImageObject\",\"inLanguage\":\"fr-FR\",\"@id\":\"https:\/\/www.carideal.com\/blog\/2011\/05\/11\/les-avertisseurs-de-radars-bientot-illegaux\/#primaryimage\",\"url\":\"http:\/\/www.carideal.com\/images_actualite\/icoyotecarideal-1305185689.jpg\",\"contentUrl\":\"http:\/\/www.carideal.com\/images_actualite\/icoyotecarideal-1305185689.jpg\"},{\"@type\":\"BreadcrumbList\",\"@id\":\"https:\/\/www.carideal.com\/blog\/2011\/05\/11\/les-avertisseurs-de-radars-bientot-illegaux\/#breadcrumb\",\"itemListElement\":[{\"@type\":\"ListItem\",\"position\":1,\"name\":\"Blog Carid\u00e9al\",\"item\":\"https:\/\/www.carideal.com\/blog\/\"},{\"@type\":\"ListItem\",\"position\":2,\"name\":\"Actualit\u00e9 automobile\",\"item\":\"https:\/\/www.carideal.com\/blog\/actualites-auto\/\"},{\"@type\":\"ListItem\",\"position\":3,\"name\":\"Avertisseur de radar bientot illegal\"}]},{\"@type\":\"WebSite\",\"@id\":\"https:\/\/www.carideal.com\/blog\/#website\",\"url\":\"https:\/\/www.carideal.com\/blog\/\",\"name\":\"Blog auto Carid\u00e9al\",\"description\":\"Actualit\u00e9 auto par des passionn\u00e9s\",\"publisher\":{\"@id\":\"https:\/\/www.carideal.com\/blog\/#organization\"},\"potentialAction\":[{\"@type\":\"SearchAction\",\"target\":{\"@type\":\"EntryPoint\",\"urlTemplate\":\"https:\/\/www.carideal.com\/blog\/?s={search_term_string}\"},\"query-input\":{\"@type\":\"PropertyValueSpecification\",\"valueRequired\":true,\"valueName\":\"search_term_string\"}}],\"inLanguage\":\"fr-FR\"},{\"@type\":\"Organization\",\"@id\":\"https:\/\/www.carideal.com\/blog\/#organization\",\"name\":\"Carideal\",\"url\":\"https:\/\/www.carideal.com\/blog\/\",\"logo\":{\"@type\":\"ImageObject\",\"inLanguage\":\"fr-FR\",\"@id\":\"https:\/\/www.carideal.com\/blog\/#\/schema\/logo\/image\/\",\"url\":\"http:\/\/www.carideal.com\/blog\/wp-content\/uploads\/2016\/03\/logo-carideal-mandataire-automobile.png\",\"contentUrl\":\"http:\/\/www.carideal.com\/blog\/wp-content\/uploads\/2016\/03\/logo-carideal-mandataire-automobile.png\",\"width\":300,\"height\":300,\"caption\":\"Carideal\"},\"image\":{\"@id\":\"https:\/\/www.carideal.com\/blog\/#\/schema\/logo\/image\/\"},\"sameAs\":[\"https:\/\/www.facebook.com\/Carideal.mandataire.automobile\",\"https:\/\/x.com\/caridealauto\",\"https:\/\/www.instagram.com\/carideal1\/\",\"https:\/\/www.linkedin.com\/company\/carideal.com\",\"https:\/\/fr.pinterest.com\/schiavonsas\/\",\"https:\/\/www.youtube.com\/user\/caridealsas\"]},{\"@type\":\"Person\",\"@id\":\"https:\/\/www.carideal.com\/blog\/#\/schema\/person\/cd95dc7919660de90d31b366f85be1ec\",\"name\":\"Nicolas SCHIAVON\",\"image\":{\"@type\":\"ImageObject\",\"inLanguage\":\"fr-FR\",\"@id\":\"https:\/\/www.carideal.com\/blog\/#\/schema\/person\/image\/\",\"url\":\"https:\/\/secure.gravatar.com\/avatar\/c17e55009e671d92cc7f5dc837dc418a?s=96&r=g\",\"contentUrl\":\"https:\/\/secure.gravatar.com\/avatar\/c17e55009e671d92cc7f5dc837dc418a?s=96&r=g\",\"caption\":\"Nicolas SCHIAVON\"},\"description\":\"Nicolas Schiavon est tomb\u00e9 tout petit dans la marmite automobile. Ayant eu un garage de marque automobile, mandataire automobile de la premi\u00e8re heure d\u00e8s 1999. Nicolas a cr\u00e9\u00e9 ces premiers sites de vente de voiture et blog automobile d\u00e8s 1994. Carideal est n\u00e9 le 15 d\u00e9cembre 2000 de la volont\u00e9 de vendre des voitures d'occasions en ligne puis des voitures neuves. Il a pu essayer beaucoup de voitures tr\u00e8s diff\u00e9rentes et ayant eu personnellement quelques belles autos, Subaru Impreza, Mitsubishi Lancer Evo 7, Porsche 911, Ferrari Testarrossa, Audi RS3, RS4 et j'en passe...\",\"sameAs\":[\"http:\/\/www.carideal.com\",\"https:\/\/www.facebook.com\/nicolas.schiavon.39\",\"https:\/\/www.instagram.com\/carideal1\/\",\"https:\/\/www.linkedin.com\/in\/nschiavon\/\",\"https:\/\/x.com\/caridealauto\",\"https:\/\/www.youtube.com\/user\/caridealsas\/\"],\"url\":\"https:\/\/www.carideal.com\/blog\/author\/nschiavon\/\"}]}<\/script>\n<!-- \/ Yoast SEO plugin. -->","yoast_head_json":{"title":"Avertisseur de radar bientot illegal - Blog auto Carid\u00e9al","robots":{"index":"index","follow":"follow","max-snippet":"max-snippet:-1","max-image-preview":"max-image-preview:large","max-video-preview":"max-video-preview:-1"},"canonical":"https:\/\/www.carideal.com\/blog\/2011\/05\/11\/les-avertisseurs-de-radars-bientot-illegaux\/","og_locale":"fr_FR","og_type":"article","og_title":"Avertisseur de radar bientot illegal - Blog auto Carid\u00e9al","og_description":"&nbsp; L'avertisseur de radars bientot illegal Comme \u00e0 son habitude le gouvernement n'est pas \u00e0 une contradiction pr\u00eat ! En 2003 il d\u00e9clarait qu'il fallait que les radars soient signal\u00e9s, mais maintenant il veut interdir les avertisseur GPS !! Alors que ceux ci sont bas\u00e9 sur une technologie l\u00e9gale \u00e0 contrario des d\u00e9tecteurs qui exploite ... Lire plus","og_url":"https:\/\/www.carideal.com\/blog\/2011\/05\/11\/les-avertisseurs-de-radars-bientot-illegaux\/","og_site_name":"Blog auto Carid\u00e9al","article_publisher":"https:\/\/www.facebook.com\/Carideal.mandataire.automobile","article_author":"https:\/\/www.facebook.com\/nicolas.schiavon.39","article_published_time":"2011-05-11T22:00:00+00:00","article_modified_time":"2016-06-19T07:12:44+00:00","og_image":[{"url":"http:\/\/www.carideal.com\/images_actualite\/icoyotecarideal-1305185689.jpg","type":"","width":"","height":""}],"author":"Nicolas SCHIAVON","twitter_card":"summary_large_image","twitter_creator":"@caridealauto","twitter_site":"@caridealauto","twitter_misc":{"\u00c9crit par":"Nicolas SCHIAVON","Dur\u00e9e de lecture estim\u00e9e":"2 minutes"},"schema":{"@context":"https:\/\/schema.org","@graph":[{"@type":"Article","@id":"https:\/\/www.carideal.com\/blog\/2011\/05\/11\/les-avertisseurs-de-radars-bientot-illegaux\/#article","isPartOf":{"@id":"https:\/\/www.carideal.com\/blog\/2011\/05\/11\/les-avertisseurs-de-radars-bientot-illegaux\/"},"author":{"name":"Nicolas SCHIAVON","@id":"https:\/\/www.carideal.com\/blog\/#\/schema\/person\/cd95dc7919660de90d31b366f85be1ec"},"headline":"Avertisseur de radar bientot illegal","datePublished":"2011-05-11T22:00:00+00:00","dateModified":"2016-06-19T07:12:44+00:00","mainEntityOfPage":{"@id":"https:\/\/www.carideal.com\/blog\/2011\/05\/11\/les-avertisseurs-de-radars-bientot-illegaux\/"},"wordCount":347,"commentCount":0,"publisher":{"@id":"https:\/\/www.carideal.com\/blog\/#organization"},"image":{"@id":"https:\/\/www.carideal.com\/blog\/2011\/05\/11\/les-avertisseurs-de-radars-bientot-illegaux\/#primaryimage"},"thumbnailUrl":"http:\/\/www.carideal.com\/images_actualite\/icoyotecarideal-1305185689.jpg","articleSection":["Actualit\u00e9 automobile","Radar et s\u00e9curit\u00e9 routi\u00e8re"],"inLanguage":"fr-FR","potentialAction":[{"@type":"CommentAction","name":"Comment","target":["https:\/\/www.carideal.com\/blog\/2011\/05\/11\/les-avertisseurs-de-radars-bientot-illegaux\/#respond"]}]},{"@type":"WebPage","@id":"https:\/\/www.carideal.com\/blog\/2011\/05\/11\/les-avertisseurs-de-radars-bientot-illegaux\/","url":"https:\/\/www.carideal.com\/blog\/2011\/05\/11\/les-avertisseurs-de-radars-bientot-illegaux\/","name":"Avertisseur de radar bientot illegal - Blog auto Carid\u00e9al","isPartOf":{"@id":"https:\/\/www.carideal.com\/blog\/#website"},"primaryImageOfPage":{"@id":"https:\/\/www.carideal.com\/blog\/2011\/05\/11\/les-avertisseurs-de-radars-bientot-illegaux\/#primaryimage"},"image":{"@id":"https:\/\/www.carideal.com\/blog\/2011\/05\/11\/les-avertisseurs-de-radars-bientot-illegaux\/#primaryimage"},"thumbnailUrl":"http:\/\/www.carideal.com\/images_actualite\/icoyotecarideal-1305185689.jpg","datePublished":"2011-05-11T22:00:00+00:00","dateModified":"2016-06-19T07:12:44+00:00","breadcrumb":{"@id":"https:\/\/www.carideal.com\/blog\/2011\/05\/11\/les-avertisseurs-de-radars-bientot-illegaux\/#breadcrumb"},"inLanguage":"fr-FR","potentialAction":[{"@type":"ReadAction","target":["https:\/\/www.carideal.com\/blog\/2011\/05\/11\/les-avertisseurs-de-radars-bientot-illegaux\/"]}]},{"@type":"ImageObject","inLanguage":"fr-FR","@id":"https:\/\/www.carideal.com\/blog\/2011\/05\/11\/les-avertisseurs-de-radars-bientot-illegaux\/#primaryimage","url":"http:\/\/www.carideal.com\/images_actualite\/icoyotecarideal-1305185689.jpg","contentUrl":"http:\/\/www.carideal.com\/images_actualite\/icoyotecarideal-1305185689.jpg"},{"@type":"BreadcrumbList","@id":"https:\/\/www.carideal.com\/blog\/2011\/05\/11\/les-avertisseurs-de-radars-bientot-illegaux\/#breadcrumb","itemListElement":[{"@type":"ListItem","position":1,"name":"Blog Carid\u00e9al","item":"https:\/\/www.carideal.com\/blog\/"},{"@type":"ListItem","position":2,"name":"Actualit\u00e9 automobile","item":"https:\/\/www.carideal.com\/blog\/actualites-auto\/"},{"@type":"ListItem","position":3,"name":"Avertisseur de radar bientot illegal"}]},{"@type":"WebSite","@id":"https:\/\/www.carideal.com\/blog\/#website","url":"https:\/\/www.carideal.com\/blog\/","name":"Blog auto Carid\u00e9al","description":"Actualit\u00e9 auto par des passionn\u00e9s","publisher":{"@id":"https:\/\/www.carideal.com\/blog\/#organization"},"potentialAction":[{"@type":"SearchAction","target":{"@type":"EntryPoint","urlTemplate":"https:\/\/www.carideal.com\/blog\/?s={search_term_string}"},"query-input":{"@type":"PropertyValueSpecification","valueRequired":true,"valueName":"search_term_string"}}],"inLanguage":"fr-FR"},{"@type":"Organization","@id":"https:\/\/www.carideal.com\/blog\/#organization","name":"Carideal","url":"https:\/\/www.carideal.com\/blog\/","logo":{"@type":"ImageObject","inLanguage":"fr-FR","@id":"https:\/\/www.carideal.com\/blog\/#\/schema\/logo\/image\/","url":"http:\/\/www.carideal.com\/blog\/wp-content\/uploads\/2016\/03\/logo-carideal-mandataire-automobile.png","contentUrl":"http:\/\/www.carideal.com\/blog\/wp-content\/uploads\/2016\/03\/logo-carideal-mandataire-automobile.png","width":300,"height":300,"caption":"Carideal"},"image":{"@id":"https:\/\/www.carideal.com\/blog\/#\/schema\/logo\/image\/"},"sameAs":["https:\/\/www.facebook.com\/Carideal.mandataire.automobile","https:\/\/x.com\/caridealauto","https:\/\/www.instagram.com\/carideal1\/","https:\/\/www.linkedin.com\/company\/carideal.com","https:\/\/fr.pinterest.com\/schiavonsas\/","https:\/\/www.youtube.com\/user\/caridealsas"]},{"@type":"Person","@id":"https:\/\/www.carideal.com\/blog\/#\/schema\/person\/cd95dc7919660de90d31b366f85be1ec","name":"Nicolas SCHIAVON","image":{"@type":"ImageObject","inLanguage":"fr-FR","@id":"https:\/\/www.carideal.com\/blog\/#\/schema\/person\/image\/","url":"https:\/\/secure.gravatar.com\/avatar\/c17e55009e671d92cc7f5dc837dc418a?s=96&r=g","contentUrl":"https:\/\/secure.gravatar.com\/avatar\/c17e55009e671d92cc7f5dc837dc418a?s=96&r=g","caption":"Nicolas SCHIAVON"},"description":"Nicolas Schiavon est tomb\u00e9 tout petit dans la marmite automobile. Ayant eu un garage de marque automobile, mandataire automobile de la premi\u00e8re heure d\u00e8s 1999. Nicolas a cr\u00e9\u00e9 ces premiers sites de vente de voiture et blog automobile d\u00e8s 1994. Carideal est n\u00e9 le 15 d\u00e9cembre 2000 de la volont\u00e9 de vendre des voitures d'occasions en ligne puis des voitures neuves. Il a pu essayer beaucoup de voitures tr\u00e8s diff\u00e9rentes et ayant eu personnellement quelques belles autos, Subaru Impreza, Mitsubishi Lancer Evo 7, Porsche 911, Ferrari Testarrossa, Audi RS3, RS4 et j'en passe...","sameAs":["http:\/\/www.carideal.com","https:\/\/www.facebook.com\/nicolas.schiavon.39","https:\/\/www.instagram.com\/carideal1\/","https:\/\/www.linkedin.com\/in\/nschiavon\/","https:\/\/x.com\/caridealauto","https:\/\/www.youtube.com\/user\/caridealsas\/"],"url":"https:\/\/www.carideal.com\/blog\/author\/nschiavon\/"}]}},"uagb_featured_image_src":{"full":false,"thumbnail":false,"medium":false,"medium_large":false,"large":false,"1536x1536":false,"2048x2048":false,"wppr-widget":false},"uagb_author_info":{"display_name":"Nicolas SCHIAVON","author_link":"https:\/\/www.carideal.com\/blog\/author\/nschiavon\/"},"uagb_comment_info":0,"uagb_excerpt":"&nbsp; L'avertisseur de radars bientot illegal Comme \u00e0 son habitude le gouvernement n'est pas \u00e0 une contradiction pr\u00eat ! En 2003 il d\u00e9clarait qu'il fallait que les radars soient signal\u00e9s, mais maintenant il veut interdir les avertisseur GPS !! Alors que ceux ci sont bas\u00e9 sur une technologie l\u00e9gale \u00e0 contrario des d\u00e9tecteurs qui exploite\u2026","_links":{"self":[{"href":"https:\/\/www.carideal.com\/blog\/wp-json\/wp\/v2\/posts\/4863"}],"collection":[{"href":"https:\/\/www.carideal.com\/blog\/wp-json\/wp\/v2\/posts"}],"about":[{"href":"https:\/\/www.carideal.com\/blog\/wp-json\/wp\/v2\/types\/post"}],"author":[{"embeddable":true,"href":"https:\/\/www.carideal.com\/blog\/wp-json\/wp\/v2\/users\/3"}],"replies":[{"embeddable":true,"href":"https:\/\/www.carideal.com\/blog\/wp-json\/wp\/v2\/comments?post=4863"}],"version-history":[{"count":0,"href":"https:\/\/www.carideal.com\/blog\/wp-json\/wp\/v2\/posts\/4863\/revisions"}],"wp:attachment":[{"href":"https:\/\/www.carideal.com\/blog\/wp-json\/wp\/v2\/media?parent=4863"}],"wp:term":[{"taxonomy":"category","embeddable":true,"href":"https:\/\/www.carideal.com\/blog\/wp-json\/wp\/v2\/categories?post=4863"},{"taxonomy":"post_tag","embeddable":true,"href":"https:\/\/www.carideal.com\/blog\/wp-json\/wp\/v2\/tags?post=4863"}],"curies":[{"name":"wp","href":"https:\/\/api.w.org\/{rel}","templated":true}]}}