{"id":486,"date":"2011-10-03T11:52:00","date_gmt":"2011-10-03T11:52:00","guid":{"rendered":"http:\/\/carideal.com\/blog\/?p=486"},"modified":"2017-01-30T19:36:21","modified_gmt":"2017-01-30T18:36:21","slug":"citroen-ds5-en-vente-en-octobre-le-nouveau-haut-de-gamme-francais","status":"publish","type":"post","link":"https:\/\/www.carideal.com\/blog\/2011\/10\/03\/citroen-ds5-en-vente-en-octobre-le-nouveau-haut-de-gamme-francais\/","title":{"rendered":"Citroen DS5 en vente en Octobre le nouveau haut de gamme francais"},"content":{"rendered":"<h1><strong>La Citroen DS5 devient LA voiture de haut de gamme Fran\u00e7aise<\/strong><\/h1>\n<p>Il y a des voitures qui ont plus de prestance sur la route que d'autre, et la Citroen <a href=\"http:\/\/www.carideal.com\/blog\/marque-de-voiture-actualites-essais\/ds\/ds5\/\">DS5<\/a> fait partie de celle la. Lorsque que verrez une <a href=\"http:\/\/www.carideal.com\/blog\/marque-de-voiture-actualites-essais\/citroen\/\">Citroen<\/a> DS5 d'ici \u00e0 la fin de l'ann\u00e9e, vous remarquerez son allure, au premier regard elle trouble le regard. On ne sait pas ou regarder ni comment la classer d'ailleurs. Elle d\u00e9tonne par son originalit\u00e9. La gamme <a href=\"http:\/\/www.carideal.com\/blog\/marque-de-voiture-actualites-essais\/ds\/\">DS<\/a> confirme la naissance de mod\u00e8les hors normes, qui cassent les codes en reprenant le meilleur de chaque segment. C'est aussi une fa\u00e7on de confirmer que la berline classic traditionelle, ne fait plus recette chez citroen ...ou chez les fran\u00e7aises.<br \/>\nCitroen est la marque favorite des fran\u00e7ais pour le haut de gamme, mais il fait bien avouer que la C6 avec son style ne fait pas recette, c'est un bide malgr\u00e9 son rapport qualit\u00e9 prix, ses \u00e9quipements et son confort. Citroen a donc d\u00e9cid\u00e9 de prendre la clientelle \u00e0 contre pied, en la charmant avec de l'in\u00e9dit et un maximum d'inventivit\u00e9 stylistique plust\u00f4t que de copier les standards allemand, in\u00e9branlables de ce cot\u00e9 l\u00e0, comme essaye de le faire Renault sans aucun succ\u00e8s.<\/p>\n<p>Le style de la DS5 est ramass\u00e9, par de porte \u00e0 faux arri\u00e8re, des jantes de 19\", Elle est plus courte qu'une citroen C5, elle pourrait ressembler \u00e0 une monospace, elle reprend en cela la plateforme des Grand C4 Picasso, 3008 et 5008, mais ne mesure que 1.53m de haut.....elle ne correspond \u00e0 aucun standard connu.<br \/>\nLa DS5 poss\u00e8de deux \"sabres\" chrom\u00e9s qui s'\u00e9tirent de la vitre de custode jusqu'aux phares avant et qui donnent l'impression d'allonger le capot et donc la ligne de la voiture. C'est le d\u00e9signer Fr\u00e9d\u00e9ric Soubirou auteur du concept car C-Sport Lounge qui a cr\u00e9\u00e9 cet artifice repris sur la DS5.<\/p>\n<p>Il a aussi cr\u00e9\u00e9 la DS3<\/p>\n<p>La DS5 va devoir affronter les Volvo V60, Audi Q5, BMW Mercedes etc...<br \/>\nCitroen n'a pas \u00e0 son catalogue de moteurs 5 ou 6 cylindres, uniquement des 4 cylindres\u00a0: en essence 1.6 turbo de 155 et 200 ch et trois diesels de HDI 110, HDI 160 et la version Hybrid4 cumulant 200 ch, alors que la concurrence propose elle des moteurs plus puissant en essence et diesel et en quattro.<br \/>\nMais Citroen compte sur son syst\u00e8me Hubrid4 mellant astucieusement un moteur diesel sur les roues avant et un \u00e9lectromoteur sur l'\u00e9ssieu arri\u00e8re lui assurant dans ce cas la fonction quattro en combinant les 2 pour une puissance cumul\u00e9e de 200 ch.<br \/>\nPar l'originalit\u00e9 de son style, sa personnalit\u00e9, sa qualit\u00e9 de fabrication digne des haut de gamme Allemand avec son niveau d'\u00e9quipement, la Citroen DS5 m\u00e9rite de s'imposer.<\/p>\n<p>\/ Achat Citroen DS5 par Carideal Mandataire Automobile<br \/>\n\/ Citroen DS5 la video de sa pr\u00e9sentation \u00e0 Shanghai<\/p>\n","protected":false},"excerpt":{"rendered":"<p>La Citroen DS5 devient LA voiture de haut de gamme Fran\u00e7aise Il y a des voitures qui ont plus de prestance sur la route que d&rsquo;autre, et la Citroen DS5 fait partie de celle la. Lorsque que verrez une Citroen DS5 d&rsquo;ici \u00e0 la fin de l&rsquo;ann\u00e9e, vous remarquerez son allure, au premier regard elle &#8230; <a title=\"Citroen DS5 en vente en Octobre le nouveau haut de gamme francais\" class=\"read-more\" href=\"https:\/\/www.carideal.com\/blog\/2011\/10\/03\/citroen-ds5-en-vente-en-octobre-le-nouveau-haut-de-gamme-francais\/\" aria-label=\"En savoir plus sur Citroen DS5 en vente en Octobre le nouveau haut de gamme francais\">Lire plus<\/a><\/p>\n","protected":false},"author":1,"featured_media":15112,"comment_status":"open","ping_status":"open","sticky":false,"template":"","format":"standard","meta":{"_uag_custom_page_level_css":"","_themeisle_gutenberg_block_has_review":false,"footnotes":""},"categories":[5944,6001,6225,6012,5974],"tags":[1359,1360],"class_list":["post-486","post","type-post","status-publish","format-standard","has-post-thumbnail","hentry","category-constructeur","category-ds","category-actualite-ds5","category-berlines","category-type-de-vehicule","tag-haut-de-gamme","tag-premium"],"wppr_data":{"cwp_meta_box_check":"No"},"yoast_head":"<!-- This site is optimized with the Yoast SEO plugin v24.8.1 - https:\/\/yoast.com\/wordpress\/plugins\/seo\/ -->\n<title>Citroen DS5 en vente en Octobre le nouveau haut de gamme francais - Blog auto Carid\u00e9al<\/title>\n<meta name=\"robots\" content=\"index, follow, max-snippet:-1, max-image-preview:large, max-video-preview:-1\" \/>\n<link rel=\"canonical\" href=\"https:\/\/www.carideal.com\/blog\/2011\/10\/03\/citroen-ds5-en-vente-en-octobre-le-nouveau-haut-de-gamme-francais\/\" \/>\n<meta property=\"og:locale\" content=\"fr_FR\" \/>\n<meta property=\"og:type\" content=\"article\" \/>\n<meta property=\"og:title\" content=\"Citroen DS5 en vente en Octobre le nouveau haut de gamme francais - Blog auto Carid\u00e9al\" \/>\n<meta property=\"og:description\" content=\"La Citroen DS5 devient LA voiture de haut de gamme Fran\u00e7aise Il y a des voitures qui ont plus de prestance sur la route que d&#039;autre, et la Citroen DS5 fait partie de celle la. Lorsque que verrez une Citroen DS5 d&#039;ici \u00e0 la fin de l&#039;ann\u00e9e, vous remarquerez son allure, au premier regard elle ... Lire plus\" \/>\n<meta property=\"og:url\" content=\"https:\/\/www.carideal.com\/blog\/2011\/10\/03\/citroen-ds5-en-vente-en-octobre-le-nouveau-haut-de-gamme-francais\/\" \/>\n<meta property=\"og:site_name\" content=\"Blog auto Carid\u00e9al\" \/>\n<meta property=\"article:publisher\" content=\"https:\/\/www.facebook.com\/Carideal.mandataire.automobile\" \/>\n<meta property=\"article:author\" content=\"https:\/\/www.facebook.com\/Carideal.mandataire.automobile\/\" \/>\n<meta property=\"article:published_time\" content=\"2011-10-03T11:52:00+00:00\" \/>\n<meta property=\"article:modified_time\" content=\"2017-01-30T18:36:21+00:00\" \/>\n<meta property=\"og:image\" content=\"https:\/\/www.carideal.com\/blog\/wp-content\/uploads\/2011\/10\/citroen_ds5-achat_carideal_mandataire_automobile_m.jpg\" \/>\n\t<meta property=\"og:image:width\" content=\"448\" \/>\n\t<meta property=\"og:image:height\" content=\"336\" \/>\n\t<meta property=\"og:image:type\" content=\"image\/jpeg\" \/>\n<meta name=\"author\" content=\"N.S Carideal\" \/>\n<meta name=\"twitter:card\" content=\"summary_large_image\" \/>\n<meta name=\"twitter:creator\" content=\"@caridealauto\" \/>\n<meta name=\"twitter:site\" content=\"@caridealauto\" \/>\n<meta name=\"twitter:label1\" content=\"\u00c9crit par\" \/>\n\t<meta name=\"twitter:data1\" content=\"N.S Carideal\" \/>\n\t<meta name=\"twitter:label2\" content=\"Dur\u00e9e de lecture estim\u00e9e\" \/>\n\t<meta name=\"twitter:data2\" content=\"2 minutes\" \/>\n<script type=\"application\/ld+json\" class=\"yoast-schema-graph\">{\"@context\":\"https:\/\/schema.org\",\"@graph\":[{\"@type\":\"Article\",\"@id\":\"https:\/\/www.carideal.com\/blog\/2011\/10\/03\/citroen-ds5-en-vente-en-octobre-le-nouveau-haut-de-gamme-francais\/#article\",\"isPartOf\":{\"@id\":\"https:\/\/www.carideal.com\/blog\/2011\/10\/03\/citroen-ds5-en-vente-en-octobre-le-nouveau-haut-de-gamme-francais\/\"},\"author\":{\"name\":\"N.S Carideal\",\"@id\":\"https:\/\/www.carideal.com\/blog\/#\/schema\/person\/985c7e757d1042d647f21bfaf8d41ebc\"},\"headline\":\"Citroen DS5 en vente en Octobre le nouveau haut de gamme francais\",\"datePublished\":\"2011-10-03T11:52:00+00:00\",\"dateModified\":\"2017-01-30T18:36:21+00:00\",\"mainEntityOfPage\":{\"@id\":\"https:\/\/www.carideal.com\/blog\/2011\/10\/03\/citroen-ds5-en-vente-en-octobre-le-nouveau-haut-de-gamme-francais\/\"},\"wordCount\":483,\"commentCount\":0,\"publisher\":{\"@id\":\"https:\/\/www.carideal.com\/blog\/#organization\"},\"image\":{\"@id\":\"https:\/\/www.carideal.com\/blog\/2011\/10\/03\/citroen-ds5-en-vente-en-octobre-le-nouveau-haut-de-gamme-francais\/#primaryimage\"},\"thumbnailUrl\":\"https:\/\/www.carideal.com\/blog\/wp-content\/uploads\/2011\/10\/citroen_ds5-achat_carideal_mandataire_automobile_m.jpg\",\"keywords\":[\"haut de gamme\",\"Voiture Premium\"],\"articleSection\":[\"Actualit\u00e9 Constructeur automobile\",\"Actualit\u00e9 DS\",\"Actualit\u00e9 DS5\",\"Berlines\",\"Type de v\u00e9hicule\"],\"inLanguage\":\"fr-FR\",\"potentialAction\":[{\"@type\":\"CommentAction\",\"name\":\"Comment\",\"target\":[\"https:\/\/www.carideal.com\/blog\/2011\/10\/03\/citroen-ds5-en-vente-en-octobre-le-nouveau-haut-de-gamme-francais\/#respond\"]}]},{\"@type\":\"WebPage\",\"@id\":\"https:\/\/www.carideal.com\/blog\/2011\/10\/03\/citroen-ds5-en-vente-en-octobre-le-nouveau-haut-de-gamme-francais\/\",\"url\":\"https:\/\/www.carideal.com\/blog\/2011\/10\/03\/citroen-ds5-en-vente-en-octobre-le-nouveau-haut-de-gamme-francais\/\",\"name\":\"Citroen DS5 en vente en Octobre le nouveau haut de gamme francais - Blog auto Carid\u00e9al\",\"isPartOf\":{\"@id\":\"https:\/\/www.carideal.com\/blog\/#website\"},\"primaryImageOfPage\":{\"@id\":\"https:\/\/www.carideal.com\/blog\/2011\/10\/03\/citroen-ds5-en-vente-en-octobre-le-nouveau-haut-de-gamme-francais\/#primaryimage\"},\"image\":{\"@id\":\"https:\/\/www.carideal.com\/blog\/2011\/10\/03\/citroen-ds5-en-vente-en-octobre-le-nouveau-haut-de-gamme-francais\/#primaryimage\"},\"thumbnailUrl\":\"https:\/\/www.carideal.com\/blog\/wp-content\/uploads\/2011\/10\/citroen_ds5-achat_carideal_mandataire_automobile_m.jpg\",\"datePublished\":\"2011-10-03T11:52:00+00:00\",\"dateModified\":\"2017-01-30T18:36:21+00:00\",\"breadcrumb\":{\"@id\":\"https:\/\/www.carideal.com\/blog\/2011\/10\/03\/citroen-ds5-en-vente-en-octobre-le-nouveau-haut-de-gamme-francais\/#breadcrumb\"},\"inLanguage\":\"fr-FR\",\"potentialAction\":[{\"@type\":\"ReadAction\",\"target\":[\"https:\/\/www.carideal.com\/blog\/2011\/10\/03\/citroen-ds5-en-vente-en-octobre-le-nouveau-haut-de-gamme-francais\/\"]}]},{\"@type\":\"ImageObject\",\"inLanguage\":\"fr-FR\",\"@id\":\"https:\/\/www.carideal.com\/blog\/2011\/10\/03\/citroen-ds5-en-vente-en-octobre-le-nouveau-haut-de-gamme-francais\/#primaryimage\",\"url\":\"https:\/\/www.carideal.com\/blog\/wp-content\/uploads\/2011\/10\/citroen_ds5-achat_carideal_mandataire_automobile_m.jpg\",\"contentUrl\":\"https:\/\/www.carideal.com\/blog\/wp-content\/uploads\/2011\/10\/citroen_ds5-achat_carideal_mandataire_automobile_m.jpg\",\"width\":448,\"height\":336,\"caption\":\"Les premi\u00e8res Citroen DS5 sur la route\"},{\"@type\":\"BreadcrumbList\",\"@id\":\"https:\/\/www.carideal.com\/blog\/2011\/10\/03\/citroen-ds5-en-vente-en-octobre-le-nouveau-haut-de-gamme-francais\/#breadcrumb\",\"itemListElement\":[{\"@type\":\"ListItem\",\"position\":1,\"name\":\"Blog Carid\u00e9al\",\"item\":\"https:\/\/www.carideal.com\/blog\/\"},{\"@type\":\"ListItem\",\"position\":2,\"name\":\"Actualit\u00e9 constructeur automobile\",\"item\":\"https:\/\/www.carideal.com\/blog\/constructeur\/\"},{\"@type\":\"ListItem\",\"position\":3,\"name\":\"Citroen DS5 en vente en Octobre le nouveau haut de gamme francais\"}]},{\"@type\":\"WebSite\",\"@id\":\"https:\/\/www.carideal.com\/blog\/#website\",\"url\":\"https:\/\/www.carideal.com\/blog\/\",\"name\":\"Blog auto Carid\u00e9al\",\"description\":\"Actualit\u00e9 auto par des passionn\u00e9s\",\"publisher\":{\"@id\":\"https:\/\/www.carideal.com\/blog\/#organization\"},\"potentialAction\":[{\"@type\":\"SearchAction\",\"target\":{\"@type\":\"EntryPoint\",\"urlTemplate\":\"https:\/\/www.carideal.com\/blog\/?s={search_term_string}\"},\"query-input\":{\"@type\":\"PropertyValueSpecification\",\"valueRequired\":true,\"valueName\":\"search_term_string\"}}],\"inLanguage\":\"fr-FR\"},{\"@type\":\"Organization\",\"@id\":\"https:\/\/www.carideal.com\/blog\/#organization\",\"name\":\"Carideal\",\"url\":\"https:\/\/www.carideal.com\/blog\/\",\"logo\":{\"@type\":\"ImageObject\",\"inLanguage\":\"fr-FR\",\"@id\":\"https:\/\/www.carideal.com\/blog\/#\/schema\/logo\/image\/\",\"url\":\"http:\/\/www.carideal.com\/blog\/wp-content\/uploads\/2016\/03\/logo-carideal-mandataire-automobile.png\",\"contentUrl\":\"http:\/\/www.carideal.com\/blog\/wp-content\/uploads\/2016\/03\/logo-carideal-mandataire-automobile.png\",\"width\":300,\"height\":300,\"caption\":\"Carideal\"},\"image\":{\"@id\":\"https:\/\/www.carideal.com\/blog\/#\/schema\/logo\/image\/\"},\"sameAs\":[\"https:\/\/www.facebook.com\/Carideal.mandataire.automobile\",\"https:\/\/x.com\/caridealauto\",\"https:\/\/www.instagram.com\/carideal1\/\",\"https:\/\/www.linkedin.com\/company\/carideal.com\",\"https:\/\/fr.pinterest.com\/schiavonsas\/\",\"https:\/\/www.youtube.com\/user\/caridealsas\"]},{\"@type\":\"Person\",\"@id\":\"https:\/\/www.carideal.com\/blog\/#\/schema\/person\/985c7e757d1042d647f21bfaf8d41ebc\",\"name\":\"N.S Carideal\",\"image\":{\"@type\":\"ImageObject\",\"inLanguage\":\"fr-FR\",\"@id\":\"https:\/\/www.carideal.com\/blog\/#\/schema\/person\/image\/\",\"url\":\"https:\/\/secure.gravatar.com\/avatar\/edb7ccdf1a4e3d14aef967760d354d0e?s=96&r=g\",\"contentUrl\":\"https:\/\/secure.gravatar.com\/avatar\/edb7ccdf1a4e3d14aef967760d354d0e?s=96&r=g\",\"caption\":\"N.S Carideal\"},\"description\":\"Depuis tout petit fan d'automobile. Il est question d'essayer et de comparer toutes ces voitures qui nous ont fait r\u00e9ver, avant que celles-ci ne devient uniquement des voitures de collection.\",\"sameAs\":[\"http:\/\/www.carideal.com\/blog\",\"https:\/\/www.facebook.com\/Carideal.mandataire.automobile\/\",\"https:\/\/www.linkedin.com\/in\/nschiavon\/\",\"https:\/\/www.youtube.com\/user\/caridealsas\/\"],\"url\":\"https:\/\/www.carideal.com\/blog\/author\/admin_carideal\/\"}]}<\/script>\n<!-- \/ Yoast SEO plugin. -->","yoast_head_json":{"title":"Citroen DS5 en vente en Octobre le nouveau haut de gamme francais - Blog auto Carid\u00e9al","robots":{"index":"index","follow":"follow","max-snippet":"max-snippet:-1","max-image-preview":"max-image-preview:large","max-video-preview":"max-video-preview:-1"},"canonical":"https:\/\/www.carideal.com\/blog\/2011\/10\/03\/citroen-ds5-en-vente-en-octobre-le-nouveau-haut-de-gamme-francais\/","og_locale":"fr_FR","og_type":"article","og_title":"Citroen DS5 en vente en Octobre le nouveau haut de gamme francais - Blog auto Carid\u00e9al","og_description":"La Citroen DS5 devient LA voiture de haut de gamme Fran\u00e7aise Il y a des voitures qui ont plus de prestance sur la route que d'autre, et la Citroen DS5 fait partie de celle la. Lorsque que verrez une Citroen DS5 d'ici \u00e0 la fin de l'ann\u00e9e, vous remarquerez son allure, au premier regard elle ... Lire plus","og_url":"https:\/\/www.carideal.com\/blog\/2011\/10\/03\/citroen-ds5-en-vente-en-octobre-le-nouveau-haut-de-gamme-francais\/","og_site_name":"Blog auto Carid\u00e9al","article_publisher":"https:\/\/www.facebook.com\/Carideal.mandataire.automobile","article_author":"https:\/\/www.facebook.com\/Carideal.mandataire.automobile\/","article_published_time":"2011-10-03T11:52:00+00:00","article_modified_time":"2017-01-30T18:36:21+00:00","og_image":[{"width":448,"height":336,"url":"https:\/\/www.carideal.com\/blog\/wp-content\/uploads\/2011\/10\/citroen_ds5-achat_carideal_mandataire_automobile_m.jpg","type":"image\/jpeg"}],"author":"N.S Carideal","twitter_card":"summary_large_image","twitter_creator":"@caridealauto","twitter_site":"@caridealauto","twitter_misc":{"\u00c9crit par":"N.S Carideal","Dur\u00e9e de lecture estim\u00e9e":"2 minutes"},"schema":{"@context":"https:\/\/schema.org","@graph":[{"@type":"Article","@id":"https:\/\/www.carideal.com\/blog\/2011\/10\/03\/citroen-ds5-en-vente-en-octobre-le-nouveau-haut-de-gamme-francais\/#article","isPartOf":{"@id":"https:\/\/www.carideal.com\/blog\/2011\/10\/03\/citroen-ds5-en-vente-en-octobre-le-nouveau-haut-de-gamme-francais\/"},"author":{"name":"N.S Carideal","@id":"https:\/\/www.carideal.com\/blog\/#\/schema\/person\/985c7e757d1042d647f21bfaf8d41ebc"},"headline":"Citroen DS5 en vente en Octobre le nouveau haut de gamme francais","datePublished":"2011-10-03T11:52:00+00:00","dateModified":"2017-01-30T18:36:21+00:00","mainEntityOfPage":{"@id":"https:\/\/www.carideal.com\/blog\/2011\/10\/03\/citroen-ds5-en-vente-en-octobre-le-nouveau-haut-de-gamme-francais\/"},"wordCount":483,"commentCount":0,"publisher":{"@id":"https:\/\/www.carideal.com\/blog\/#organization"},"image":{"@id":"https:\/\/www.carideal.com\/blog\/2011\/10\/03\/citroen-ds5-en-vente-en-octobre-le-nouveau-haut-de-gamme-francais\/#primaryimage"},"thumbnailUrl":"https:\/\/www.carideal.com\/blog\/wp-content\/uploads\/2011\/10\/citroen_ds5-achat_carideal_mandataire_automobile_m.jpg","keywords":["haut de gamme","Voiture Premium"],"articleSection":["Actualit\u00e9 Constructeur automobile","Actualit\u00e9 DS","Actualit\u00e9 DS5","Berlines","Type de v\u00e9hicule"],"inLanguage":"fr-FR","potentialAction":[{"@type":"CommentAction","name":"Comment","target":["https:\/\/www.carideal.com\/blog\/2011\/10\/03\/citroen-ds5-en-vente-en-octobre-le-nouveau-haut-de-gamme-francais\/#respond"]}]},{"@type":"WebPage","@id":"https:\/\/www.carideal.com\/blog\/2011\/10\/03\/citroen-ds5-en-vente-en-octobre-le-nouveau-haut-de-gamme-francais\/","url":"https:\/\/www.carideal.com\/blog\/2011\/10\/03\/citroen-ds5-en-vente-en-octobre-le-nouveau-haut-de-gamme-francais\/","name":"Citroen DS5 en vente en Octobre le nouveau haut de gamme francais - Blog auto Carid\u00e9al","isPartOf":{"@id":"https:\/\/www.carideal.com\/blog\/#website"},"primaryImageOfPage":{"@id":"https:\/\/www.carideal.com\/blog\/2011\/10\/03\/citroen-ds5-en-vente-en-octobre-le-nouveau-haut-de-gamme-francais\/#primaryimage"},"image":{"@id":"https:\/\/www.carideal.com\/blog\/2011\/10\/03\/citroen-ds5-en-vente-en-octobre-le-nouveau-haut-de-gamme-francais\/#primaryimage"},"thumbnailUrl":"https:\/\/www.carideal.com\/blog\/wp-content\/uploads\/2011\/10\/citroen_ds5-achat_carideal_mandataire_automobile_m.jpg","datePublished":"2011-10-03T11:52:00+00:00","dateModified":"2017-01-30T18:36:21+00:00","breadcrumb":{"@id":"https:\/\/www.carideal.com\/blog\/2011\/10\/03\/citroen-ds5-en-vente-en-octobre-le-nouveau-haut-de-gamme-francais\/#breadcrumb"},"inLanguage":"fr-FR","potentialAction":[{"@type":"ReadAction","target":["https:\/\/www.carideal.com\/blog\/2011\/10\/03\/citroen-ds5-en-vente-en-octobre-le-nouveau-haut-de-gamme-francais\/"]}]},{"@type":"ImageObject","inLanguage":"fr-FR","@id":"https:\/\/www.carideal.com\/blog\/2011\/10\/03\/citroen-ds5-en-vente-en-octobre-le-nouveau-haut-de-gamme-francais\/#primaryimage","url":"https:\/\/www.carideal.com\/blog\/wp-content\/uploads\/2011\/10\/citroen_ds5-achat_carideal_mandataire_automobile_m.jpg","contentUrl":"https:\/\/www.carideal.com\/blog\/wp-content\/uploads\/2011\/10\/citroen_ds5-achat_carideal_mandataire_automobile_m.jpg","width":448,"height":336,"caption":"Les premi\u00e8res Citroen DS5 sur la route"},{"@type":"BreadcrumbList","@id":"https:\/\/www.carideal.com\/blog\/2011\/10\/03\/citroen-ds5-en-vente-en-octobre-le-nouveau-haut-de-gamme-francais\/#breadcrumb","itemListElement":[{"@type":"ListItem","position":1,"name":"Blog Carid\u00e9al","item":"https:\/\/www.carideal.com\/blog\/"},{"@type":"ListItem","position":2,"name":"Actualit\u00e9 constructeur automobile","item":"https:\/\/www.carideal.com\/blog\/constructeur\/"},{"@type":"ListItem","position":3,"name":"Citroen DS5 en vente en Octobre le nouveau haut de gamme francais"}]},{"@type":"WebSite","@id":"https:\/\/www.carideal.com\/blog\/#website","url":"https:\/\/www.carideal.com\/blog\/","name":"Blog auto Carid\u00e9al","description":"Actualit\u00e9 auto par des passionn\u00e9s","publisher":{"@id":"https:\/\/www.carideal.com\/blog\/#organization"},"potentialAction":[{"@type":"SearchAction","target":{"@type":"EntryPoint","urlTemplate":"https:\/\/www.carideal.com\/blog\/?s={search_term_string}"},"query-input":{"@type":"PropertyValueSpecification","valueRequired":true,"valueName":"search_term_string"}}],"inLanguage":"fr-FR"},{"@type":"Organization","@id":"https:\/\/www.carideal.com\/blog\/#organization","name":"Carideal","url":"https:\/\/www.carideal.com\/blog\/","logo":{"@type":"ImageObject","inLanguage":"fr-FR","@id":"https:\/\/www.carideal.com\/blog\/#\/schema\/logo\/image\/","url":"http:\/\/www.carideal.com\/blog\/wp-content\/uploads\/2016\/03\/logo-carideal-mandataire-automobile.png","contentUrl":"http:\/\/www.carideal.com\/blog\/wp-content\/uploads\/2016\/03\/logo-carideal-mandataire-automobile.png","width":300,"height":300,"caption":"Carideal"},"image":{"@id":"https:\/\/www.carideal.com\/blog\/#\/schema\/logo\/image\/"},"sameAs":["https:\/\/www.facebook.com\/Carideal.mandataire.automobile","https:\/\/x.com\/caridealauto","https:\/\/www.instagram.com\/carideal1\/","https:\/\/www.linkedin.com\/company\/carideal.com","https:\/\/fr.pinterest.com\/schiavonsas\/","https:\/\/www.youtube.com\/user\/caridealsas"]},{"@type":"Person","@id":"https:\/\/www.carideal.com\/blog\/#\/schema\/person\/985c7e757d1042d647f21bfaf8d41ebc","name":"N.S Carideal","image":{"@type":"ImageObject","inLanguage":"fr-FR","@id":"https:\/\/www.carideal.com\/blog\/#\/schema\/person\/image\/","url":"https:\/\/secure.gravatar.com\/avatar\/edb7ccdf1a4e3d14aef967760d354d0e?s=96&r=g","contentUrl":"https:\/\/secure.gravatar.com\/avatar\/edb7ccdf1a4e3d14aef967760d354d0e?s=96&r=g","caption":"N.S Carideal"},"description":"Depuis tout petit fan d'automobile. Il est question d'essayer et de comparer toutes ces voitures qui nous ont fait r\u00e9ver, avant que celles-ci ne devient uniquement des voitures de collection.","sameAs":["http:\/\/www.carideal.com\/blog","https:\/\/www.facebook.com\/Carideal.mandataire.automobile\/","https:\/\/www.linkedin.com\/in\/nschiavon\/","https:\/\/www.youtube.com\/user\/caridealsas\/"],"url":"https:\/\/www.carideal.com\/blog\/author\/admin_carideal\/"}]}},"uagb_featured_image_src":{"full":["https:\/\/www.carideal.com\/blog\/wp-content\/uploads\/2011\/10\/citroen_ds5-achat_carideal_mandataire_automobile_m.jpg",448,336,false],"thumbnail":["https:\/\/www.carideal.com\/blog\/wp-content\/uploads\/2011\/10\/citroen_ds5-achat_carideal_mandataire_automobile_m-150x150.jpg",150,150,true],"medium":["https:\/\/www.carideal.com\/blog\/wp-content\/uploads\/2011\/10\/citroen_ds5-achat_carideal_mandataire_automobile_m-300x225.jpg",300,225,true],"medium_large":["https:\/\/www.carideal.com\/blog\/wp-content\/uploads\/2011\/10\/citroen_ds5-achat_carideal_mandataire_automobile_m.jpg",448,336,false],"large":["https:\/\/www.carideal.com\/blog\/wp-content\/uploads\/2011\/10\/citroen_ds5-achat_carideal_mandataire_automobile_m.jpg",448,336,false],"1536x1536":["https:\/\/www.carideal.com\/blog\/wp-content\/uploads\/2011\/10\/citroen_ds5-achat_carideal_mandataire_automobile_m.jpg",448,336,false],"2048x2048":["https:\/\/www.carideal.com\/blog\/wp-content\/uploads\/2011\/10\/citroen_ds5-achat_carideal_mandataire_automobile_m.jpg",448,336,false],"wppr-widget":["https:\/\/www.carideal.com\/blog\/wp-content\/uploads\/2011\/10\/citroen_ds5-achat_carideal_mandataire_automobile_m.jpg",50,38,false]},"uagb_author_info":{"display_name":"N.S Carideal","author_link":"https:\/\/www.carideal.com\/blog\/author\/admin_carideal\/"},"uagb_comment_info":0,"uagb_excerpt":"La Citroen DS5 devient LA voiture de haut de gamme Fran\u00e7aise Il y a des voitures qui ont plus de prestance sur la route que d'autre, et la Citroen DS5 fait partie de celle la. Lorsque que verrez une Citroen DS5 d'ici \u00e0 la fin de l'ann\u00e9e, vous remarquerez son allure, au premier regard elle\u2026","_links":{"self":[{"href":"https:\/\/www.carideal.com\/blog\/wp-json\/wp\/v2\/posts\/486"}],"collection":[{"href":"https:\/\/www.carideal.com\/blog\/wp-json\/wp\/v2\/posts"}],"about":[{"href":"https:\/\/www.carideal.com\/blog\/wp-json\/wp\/v2\/types\/post"}],"author":[{"embeddable":true,"href":"https:\/\/www.carideal.com\/blog\/wp-json\/wp\/v2\/users\/1"}],"replies":[{"embeddable":true,"href":"https:\/\/www.carideal.com\/blog\/wp-json\/wp\/v2\/comments?post=486"}],"version-history":[{"count":0,"href":"https:\/\/www.carideal.com\/blog\/wp-json\/wp\/v2\/posts\/486\/revisions"}],"wp:featuredmedia":[{"embeddable":true,"href":"https:\/\/www.carideal.com\/blog\/wp-json\/wp\/v2\/media\/15112"}],"wp:attachment":[{"href":"https:\/\/www.carideal.com\/blog\/wp-json\/wp\/v2\/media?parent=486"}],"wp:term":[{"taxonomy":"category","embeddable":true,"href":"https:\/\/www.carideal.com\/blog\/wp-json\/wp\/v2\/categories?post=486"},{"taxonomy":"post_tag","embeddable":true,"href":"https:\/\/www.carideal.com\/blog\/wp-json\/wp\/v2\/tags?post=486"}],"curies":[{"name":"wp","href":"https:\/\/api.w.org\/{rel}","templated":true}]}}