{"id":481,"date":"2011-09-22T10:47:00","date_gmt":"2011-09-22T10:47:00","guid":{"rendered":"http:\/\/carideal.com\/blog\/?p=481"},"modified":"2020-03-07T16:49:41","modified_gmt":"2020-03-07T15:49:41","slug":"la-peugeot-206-citadine-toujours-d-actualite","status":"publish","type":"post","link":"https:\/\/www.carideal.com\/blog\/2011\/09\/22\/la-peugeot-206-citadine-toujours-d-actualite\/","title":{"rendered":"La Peugeot 206+ citadine toujours d actualite"},"content":{"rendered":"<p><img decoding=\"async\" src=\"\/blog\/public\/.peugeot-206-achat-carideal-mandataire-auto_m.jpg\" alt=\"peugeot-206-achat-carideal-mandataire-auto.jpg\" title=\"peugeot-206-achat-carideal-mandataire-auto.jpg, sept. 2011\" \/><\/p>\n<blockquote>\n<p>La Peugeot 206+ une <a href=\"\/blog\/index.php?tag\/citadine\">citadine<\/a> qui plait au public<\/p>\n<\/blockquote>\n<p>La 206+ est 1050 \u20ac moins ch\u00e8re qu'une 207, et depuis sa \"renaissance \" n'a cess\u00e9e de monter en gamme comme son prix. Une version 3 portes essence avec le moteur de 1.1 60ch en version access est \u00e0 11350 \u20ac au catalogue Peugeot.<br \/>\nD\u00e8s que l'on s'interesse au moteur de 1.4 i avec une climatisation il faut compter 14300 \u20ac, ce qui n'est pas rien et qui n'emp\u00e8che pas la Peugeot 206+ de bien se vendre, sans doute gr\u00e2ce \u00e0 sa \"bouille\" et les clients l'aiment bien elle a bonne r\u00e9putation.<br \/>\nComme nous le disions plus haut, Peugeot surfe sur la vague, et propose une version Sportium pour 500 \u20ac de plus avec climatisation automatique, r\u00e9gulateur de vitesse, anti d\u00e9rapage, et jantes alu.<\/p>\n<p>\/ Achat Peugeot 206+ moins ch\u00e8re avec Carideal mandataire automobile<\/p>\n","protected":false},"excerpt":{"rendered":"<p>La Peugeot 206+ une citadine qui plait au public La 206+ est 1050 \u20ac moins ch\u00e8re qu&rsquo;une 207, et depuis sa \u00ab\u00a0renaissance \u00a0\u00bb n&rsquo;a cess\u00e9e de monter en gamme comme son prix. Une version 3 portes essence avec le moteur de 1.1 60ch en version access est \u00e0 11350 \u20ac au catalogue Peugeot. D\u00e8s que &#8230; <a title=\"La Peugeot 206+ citadine toujours d actualite\" class=\"read-more\" href=\"https:\/\/www.carideal.com\/blog\/2011\/09\/22\/la-peugeot-206-citadine-toujours-d-actualite\/\" aria-label=\"En savoir plus sur La Peugeot 206+ citadine toujours d actualite\">Lire plus<\/a><\/p>\n","protected":false},"author":1,"featured_media":0,"comment_status":"open","ping_status":"open","sticky":false,"template":"","format":"standard","meta":{"_uag_custom_page_level_css":"","_themeisle_gutenberg_block_has_review":false,"footnotes":""},"categories":[9],"tags":[1348],"class_list":["post-481","post","type-post","status-publish","format-standard","hentry","category-divers","tag-citadine"],"wppr_data":[],"yoast_head":"<!-- This site is optimized with the Yoast SEO plugin v24.8.1 - https:\/\/yoast.com\/wordpress\/plugins\/seo\/ -->\n<title>La Peugeot 206+ citadine toujours d actualite - Blog auto Carid\u00e9al<\/title>\n<meta name=\"robots\" content=\"index, follow, max-snippet:-1, max-image-preview:large, max-video-preview:-1\" \/>\n<link rel=\"canonical\" href=\"https:\/\/www.carideal.com\/blog\/2011\/09\/22\/la-peugeot-206-citadine-toujours-d-actualite\/\" \/>\n<meta property=\"og:locale\" content=\"fr_FR\" \/>\n<meta property=\"og:type\" content=\"article\" \/>\n<meta property=\"og:title\" content=\"La Peugeot 206+ citadine toujours d actualite - Blog auto Carid\u00e9al\" \/>\n<meta property=\"og:description\" content=\"La Peugeot 206+ une citadine qui plait au public La 206+ est 1050 \u20ac moins ch\u00e8re qu&#039;une 207, et depuis sa &quot;renaissance &quot; n&#039;a cess\u00e9e de monter en gamme comme son prix. Une version 3 portes essence avec le moteur de 1.1 60ch en version access est \u00e0 11350 \u20ac au catalogue Peugeot. D\u00e8s que ... Lire plus\" \/>\n<meta property=\"og:url\" content=\"https:\/\/www.carideal.com\/blog\/2011\/09\/22\/la-peugeot-206-citadine-toujours-d-actualite\/\" \/>\n<meta property=\"og:site_name\" content=\"Blog auto Carid\u00e9al\" \/>\n<meta property=\"article:publisher\" content=\"https:\/\/www.facebook.com\/Carideal.mandataire.automobile\" \/>\n<meta property=\"article:author\" content=\"https:\/\/www.facebook.com\/Carideal.mandataire.automobile\/\" \/>\n<meta property=\"article:published_time\" content=\"2011-09-22T10:47:00+00:00\" \/>\n<meta property=\"article:modified_time\" content=\"2020-03-07T15:49:41+00:00\" \/>\n<meta property=\"og:image\" content=\"https:\/\/www.carideal.com\/blog\/wp-content\/uploads\/2016\/03\/logo-carideal-mandataire-automobile.png\" \/>\n\t<meta property=\"og:image:width\" content=\"300\" \/>\n\t<meta property=\"og:image:height\" content=\"300\" \/>\n\t<meta property=\"og:image:type\" content=\"image\/png\" \/>\n<meta name=\"author\" content=\"N.S Carideal\" \/>\n<meta name=\"twitter:card\" content=\"summary_large_image\" \/>\n<meta name=\"twitter:creator\" content=\"@caridealauto\" \/>\n<meta name=\"twitter:site\" content=\"@caridealauto\" \/>\n<meta name=\"twitter:label1\" content=\"\u00c9crit par\" \/>\n\t<meta name=\"twitter:data1\" content=\"N.S Carideal\" \/>\n\t<meta name=\"twitter:label2\" content=\"Dur\u00e9e de lecture estim\u00e9e\" \/>\n\t<meta name=\"twitter:data2\" content=\"1 minute\" \/>\n<script type=\"application\/ld+json\" class=\"yoast-schema-graph\">{\"@context\":\"https:\/\/schema.org\",\"@graph\":[{\"@type\":\"Article\",\"@id\":\"https:\/\/www.carideal.com\/blog\/2011\/09\/22\/la-peugeot-206-citadine-toujours-d-actualite\/#article\",\"isPartOf\":{\"@id\":\"https:\/\/www.carideal.com\/blog\/2011\/09\/22\/la-peugeot-206-citadine-toujours-d-actualite\/\"},\"author\":{\"name\":\"N.S Carideal\",\"@id\":\"https:\/\/www.carideal.com\/blog\/#\/schema\/person\/985c7e757d1042d647f21bfaf8d41ebc\"},\"headline\":\"La Peugeot 206+ citadine toujours d actualite\",\"datePublished\":\"2011-09-22T10:47:00+00:00\",\"dateModified\":\"2020-03-07T15:49:41+00:00\",\"mainEntityOfPage\":{\"@id\":\"https:\/\/www.carideal.com\/blog\/2011\/09\/22\/la-peugeot-206-citadine-toujours-d-actualite\/\"},\"wordCount\":138,\"commentCount\":0,\"publisher\":{\"@id\":\"https:\/\/www.carideal.com\/blog\/#organization\"},\"keywords\":[\"Voiture citadine\"],\"articleSection\":[\"Divers\"],\"inLanguage\":\"fr-FR\",\"potentialAction\":[{\"@type\":\"CommentAction\",\"name\":\"Comment\",\"target\":[\"https:\/\/www.carideal.com\/blog\/2011\/09\/22\/la-peugeot-206-citadine-toujours-d-actualite\/#respond\"]}]},{\"@type\":\"WebPage\",\"@id\":\"https:\/\/www.carideal.com\/blog\/2011\/09\/22\/la-peugeot-206-citadine-toujours-d-actualite\/\",\"url\":\"https:\/\/www.carideal.com\/blog\/2011\/09\/22\/la-peugeot-206-citadine-toujours-d-actualite\/\",\"name\":\"La Peugeot 206+ citadine toujours d actualite - Blog auto Carid\u00e9al\",\"isPartOf\":{\"@id\":\"https:\/\/www.carideal.com\/blog\/#website\"},\"datePublished\":\"2011-09-22T10:47:00+00:00\",\"dateModified\":\"2020-03-07T15:49:41+00:00\",\"breadcrumb\":{\"@id\":\"https:\/\/www.carideal.com\/blog\/2011\/09\/22\/la-peugeot-206-citadine-toujours-d-actualite\/#breadcrumb\"},\"inLanguage\":\"fr-FR\",\"potentialAction\":[{\"@type\":\"ReadAction\",\"target\":[\"https:\/\/www.carideal.com\/blog\/2011\/09\/22\/la-peugeot-206-citadine-toujours-d-actualite\/\"]}]},{\"@type\":\"BreadcrumbList\",\"@id\":\"https:\/\/www.carideal.com\/blog\/2011\/09\/22\/la-peugeot-206-citadine-toujours-d-actualite\/#breadcrumb\",\"itemListElement\":[{\"@type\":\"ListItem\",\"position\":1,\"name\":\"Blog Carid\u00e9al\",\"item\":\"https:\/\/www.carideal.com\/blog\/\"},{\"@type\":\"ListItem\",\"position\":2,\"name\":\"Divers\",\"item\":\"https:\/\/www.carideal.com\/blog\/divers\/\"},{\"@type\":\"ListItem\",\"position\":3,\"name\":\"La Peugeot 206+ citadine toujours d actualite\"}]},{\"@type\":\"WebSite\",\"@id\":\"https:\/\/www.carideal.com\/blog\/#website\",\"url\":\"https:\/\/www.carideal.com\/blog\/\",\"name\":\"Blog auto Carid\u00e9al\",\"description\":\"Actualit\u00e9 auto par des passionn\u00e9s\",\"publisher\":{\"@id\":\"https:\/\/www.carideal.com\/blog\/#organization\"},\"potentialAction\":[{\"@type\":\"SearchAction\",\"target\":{\"@type\":\"EntryPoint\",\"urlTemplate\":\"https:\/\/www.carideal.com\/blog\/?s={search_term_string}\"},\"query-input\":{\"@type\":\"PropertyValueSpecification\",\"valueRequired\":true,\"valueName\":\"search_term_string\"}}],\"inLanguage\":\"fr-FR\"},{\"@type\":\"Organization\",\"@id\":\"https:\/\/www.carideal.com\/blog\/#organization\",\"name\":\"Carideal\",\"url\":\"https:\/\/www.carideal.com\/blog\/\",\"logo\":{\"@type\":\"ImageObject\",\"inLanguage\":\"fr-FR\",\"@id\":\"https:\/\/www.carideal.com\/blog\/#\/schema\/logo\/image\/\",\"url\":\"http:\/\/www.carideal.com\/blog\/wp-content\/uploads\/2016\/03\/logo-carideal-mandataire-automobile.png\",\"contentUrl\":\"http:\/\/www.carideal.com\/blog\/wp-content\/uploads\/2016\/03\/logo-carideal-mandataire-automobile.png\",\"width\":300,\"height\":300,\"caption\":\"Carideal\"},\"image\":{\"@id\":\"https:\/\/www.carideal.com\/blog\/#\/schema\/logo\/image\/\"},\"sameAs\":[\"https:\/\/www.facebook.com\/Carideal.mandataire.automobile\",\"https:\/\/x.com\/caridealauto\",\"https:\/\/www.instagram.com\/carideal1\/\",\"https:\/\/www.linkedin.com\/company\/carideal.com\",\"https:\/\/fr.pinterest.com\/schiavonsas\/\",\"https:\/\/www.youtube.com\/user\/caridealsas\"]},{\"@type\":\"Person\",\"@id\":\"https:\/\/www.carideal.com\/blog\/#\/schema\/person\/985c7e757d1042d647f21bfaf8d41ebc\",\"name\":\"N.S Carideal\",\"image\":{\"@type\":\"ImageObject\",\"inLanguage\":\"fr-FR\",\"@id\":\"https:\/\/www.carideal.com\/blog\/#\/schema\/person\/image\/\",\"url\":\"https:\/\/secure.gravatar.com\/avatar\/edb7ccdf1a4e3d14aef967760d354d0e?s=96&r=g\",\"contentUrl\":\"https:\/\/secure.gravatar.com\/avatar\/edb7ccdf1a4e3d14aef967760d354d0e?s=96&r=g\",\"caption\":\"N.S Carideal\"},\"description\":\"Depuis tout petit fan d'automobile. Il est question d'essayer et de comparer toutes ces voitures qui nous ont fait r\u00e9ver, avant que celles-ci ne devient uniquement des voitures de collection.\",\"sameAs\":[\"http:\/\/www.carideal.com\/blog\",\"https:\/\/www.facebook.com\/Carideal.mandataire.automobile\/\",\"https:\/\/www.linkedin.com\/in\/nschiavon\/\",\"https:\/\/www.youtube.com\/user\/caridealsas\/\"],\"url\":\"https:\/\/www.carideal.com\/blog\/author\/admin_carideal\/\"}]}<\/script>\n<!-- \/ Yoast SEO plugin. -->","yoast_head_json":{"title":"La Peugeot 206+ citadine toujours d actualite - Blog auto Carid\u00e9al","robots":{"index":"index","follow":"follow","max-snippet":"max-snippet:-1","max-image-preview":"max-image-preview:large","max-video-preview":"max-video-preview:-1"},"canonical":"https:\/\/www.carideal.com\/blog\/2011\/09\/22\/la-peugeot-206-citadine-toujours-d-actualite\/","og_locale":"fr_FR","og_type":"article","og_title":"La Peugeot 206+ citadine toujours d actualite - Blog auto Carid\u00e9al","og_description":"La Peugeot 206+ une citadine qui plait au public La 206+ est 1050 \u20ac moins ch\u00e8re qu'une 207, et depuis sa \"renaissance \" n'a cess\u00e9e de monter en gamme comme son prix. Une version 3 portes essence avec le moteur de 1.1 60ch en version access est \u00e0 11350 \u20ac au catalogue Peugeot. D\u00e8s que ... Lire plus","og_url":"https:\/\/www.carideal.com\/blog\/2011\/09\/22\/la-peugeot-206-citadine-toujours-d-actualite\/","og_site_name":"Blog auto Carid\u00e9al","article_publisher":"https:\/\/www.facebook.com\/Carideal.mandataire.automobile","article_author":"https:\/\/www.facebook.com\/Carideal.mandataire.automobile\/","article_published_time":"2011-09-22T10:47:00+00:00","article_modified_time":"2020-03-07T15:49:41+00:00","og_image":[{"width":300,"height":300,"url":"https:\/\/www.carideal.com\/blog\/wp-content\/uploads\/2016\/03\/logo-carideal-mandataire-automobile.png","type":"image\/png"}],"author":"N.S Carideal","twitter_card":"summary_large_image","twitter_creator":"@caridealauto","twitter_site":"@caridealauto","twitter_misc":{"\u00c9crit par":"N.S Carideal","Dur\u00e9e de lecture estim\u00e9e":"1 minute"},"schema":{"@context":"https:\/\/schema.org","@graph":[{"@type":"Article","@id":"https:\/\/www.carideal.com\/blog\/2011\/09\/22\/la-peugeot-206-citadine-toujours-d-actualite\/#article","isPartOf":{"@id":"https:\/\/www.carideal.com\/blog\/2011\/09\/22\/la-peugeot-206-citadine-toujours-d-actualite\/"},"author":{"name":"N.S Carideal","@id":"https:\/\/www.carideal.com\/blog\/#\/schema\/person\/985c7e757d1042d647f21bfaf8d41ebc"},"headline":"La Peugeot 206+ citadine toujours d actualite","datePublished":"2011-09-22T10:47:00+00:00","dateModified":"2020-03-07T15:49:41+00:00","mainEntityOfPage":{"@id":"https:\/\/www.carideal.com\/blog\/2011\/09\/22\/la-peugeot-206-citadine-toujours-d-actualite\/"},"wordCount":138,"commentCount":0,"publisher":{"@id":"https:\/\/www.carideal.com\/blog\/#organization"},"keywords":["Voiture citadine"],"articleSection":["Divers"],"inLanguage":"fr-FR","potentialAction":[{"@type":"CommentAction","name":"Comment","target":["https:\/\/www.carideal.com\/blog\/2011\/09\/22\/la-peugeot-206-citadine-toujours-d-actualite\/#respond"]}]},{"@type":"WebPage","@id":"https:\/\/www.carideal.com\/blog\/2011\/09\/22\/la-peugeot-206-citadine-toujours-d-actualite\/","url":"https:\/\/www.carideal.com\/blog\/2011\/09\/22\/la-peugeot-206-citadine-toujours-d-actualite\/","name":"La Peugeot 206+ citadine toujours d actualite - Blog auto Carid\u00e9al","isPartOf":{"@id":"https:\/\/www.carideal.com\/blog\/#website"},"datePublished":"2011-09-22T10:47:00+00:00","dateModified":"2020-03-07T15:49:41+00:00","breadcrumb":{"@id":"https:\/\/www.carideal.com\/blog\/2011\/09\/22\/la-peugeot-206-citadine-toujours-d-actualite\/#breadcrumb"},"inLanguage":"fr-FR","potentialAction":[{"@type":"ReadAction","target":["https:\/\/www.carideal.com\/blog\/2011\/09\/22\/la-peugeot-206-citadine-toujours-d-actualite\/"]}]},{"@type":"BreadcrumbList","@id":"https:\/\/www.carideal.com\/blog\/2011\/09\/22\/la-peugeot-206-citadine-toujours-d-actualite\/#breadcrumb","itemListElement":[{"@type":"ListItem","position":1,"name":"Blog Carid\u00e9al","item":"https:\/\/www.carideal.com\/blog\/"},{"@type":"ListItem","position":2,"name":"Divers","item":"https:\/\/www.carideal.com\/blog\/divers\/"},{"@type":"ListItem","position":3,"name":"La Peugeot 206+ citadine toujours d actualite"}]},{"@type":"WebSite","@id":"https:\/\/www.carideal.com\/blog\/#website","url":"https:\/\/www.carideal.com\/blog\/","name":"Blog auto Carid\u00e9al","description":"Actualit\u00e9 auto par des passionn\u00e9s","publisher":{"@id":"https:\/\/www.carideal.com\/blog\/#organization"},"potentialAction":[{"@type":"SearchAction","target":{"@type":"EntryPoint","urlTemplate":"https:\/\/www.carideal.com\/blog\/?s={search_term_string}"},"query-input":{"@type":"PropertyValueSpecification","valueRequired":true,"valueName":"search_term_string"}}],"inLanguage":"fr-FR"},{"@type":"Organization","@id":"https:\/\/www.carideal.com\/blog\/#organization","name":"Carideal","url":"https:\/\/www.carideal.com\/blog\/","logo":{"@type":"ImageObject","inLanguage":"fr-FR","@id":"https:\/\/www.carideal.com\/blog\/#\/schema\/logo\/image\/","url":"http:\/\/www.carideal.com\/blog\/wp-content\/uploads\/2016\/03\/logo-carideal-mandataire-automobile.png","contentUrl":"http:\/\/www.carideal.com\/blog\/wp-content\/uploads\/2016\/03\/logo-carideal-mandataire-automobile.png","width":300,"height":300,"caption":"Carideal"},"image":{"@id":"https:\/\/www.carideal.com\/blog\/#\/schema\/logo\/image\/"},"sameAs":["https:\/\/www.facebook.com\/Carideal.mandataire.automobile","https:\/\/x.com\/caridealauto","https:\/\/www.instagram.com\/carideal1\/","https:\/\/www.linkedin.com\/company\/carideal.com","https:\/\/fr.pinterest.com\/schiavonsas\/","https:\/\/www.youtube.com\/user\/caridealsas"]},{"@type":"Person","@id":"https:\/\/www.carideal.com\/blog\/#\/schema\/person\/985c7e757d1042d647f21bfaf8d41ebc","name":"N.S Carideal","image":{"@type":"ImageObject","inLanguage":"fr-FR","@id":"https:\/\/www.carideal.com\/blog\/#\/schema\/person\/image\/","url":"https:\/\/secure.gravatar.com\/avatar\/edb7ccdf1a4e3d14aef967760d354d0e?s=96&r=g","contentUrl":"https:\/\/secure.gravatar.com\/avatar\/edb7ccdf1a4e3d14aef967760d354d0e?s=96&r=g","caption":"N.S Carideal"},"description":"Depuis tout petit fan d'automobile. Il est question d'essayer et de comparer toutes ces voitures qui nous ont fait r\u00e9ver, avant que celles-ci ne devient uniquement des voitures de collection.","sameAs":["http:\/\/www.carideal.com\/blog","https:\/\/www.facebook.com\/Carideal.mandataire.automobile\/","https:\/\/www.linkedin.com\/in\/nschiavon\/","https:\/\/www.youtube.com\/user\/caridealsas\/"],"url":"https:\/\/www.carideal.com\/blog\/author\/admin_carideal\/"}]}},"uagb_featured_image_src":{"full":false,"thumbnail":false,"medium":false,"medium_large":false,"large":false,"1536x1536":false,"2048x2048":false,"wppr-widget":false},"uagb_author_info":{"display_name":"N.S Carideal","author_link":"https:\/\/www.carideal.com\/blog\/author\/admin_carideal\/"},"uagb_comment_info":0,"uagb_excerpt":"La Peugeot 206+ une citadine qui plait au public La 206+ est 1050 \u20ac moins ch\u00e8re qu'une 207, et depuis sa \"renaissance \" n'a cess\u00e9e de monter en gamme comme son prix. Une version 3 portes essence avec le moteur de 1.1 60ch en version access est \u00e0 11350 \u20ac au catalogue Peugeot. D\u00e8s que\u2026","_links":{"self":[{"href":"https:\/\/www.carideal.com\/blog\/wp-json\/wp\/v2\/posts\/481"}],"collection":[{"href":"https:\/\/www.carideal.com\/blog\/wp-json\/wp\/v2\/posts"}],"about":[{"href":"https:\/\/www.carideal.com\/blog\/wp-json\/wp\/v2\/types\/post"}],"author":[{"embeddable":true,"href":"https:\/\/www.carideal.com\/blog\/wp-json\/wp\/v2\/users\/1"}],"replies":[{"embeddable":true,"href":"https:\/\/www.carideal.com\/blog\/wp-json\/wp\/v2\/comments?post=481"}],"version-history":[{"count":0,"href":"https:\/\/www.carideal.com\/blog\/wp-json\/wp\/v2\/posts\/481\/revisions"}],"wp:attachment":[{"href":"https:\/\/www.carideal.com\/blog\/wp-json\/wp\/v2\/media?parent=481"}],"wp:term":[{"taxonomy":"category","embeddable":true,"href":"https:\/\/www.carideal.com\/blog\/wp-json\/wp\/v2\/categories?post=481"},{"taxonomy":"post_tag","embeddable":true,"href":"https:\/\/www.carideal.com\/blog\/wp-json\/wp\/v2\/tags?post=481"}],"curies":[{"name":"wp","href":"https:\/\/api.w.org\/{rel}","templated":true}]}}