{"id":48,"date":"2014-05-19T13:28:00","date_gmt":"2014-05-19T13:28:00","guid":{"rendered":"http:\/\/carideal.com\/blog\/?p=48"},"modified":"2019-01-25T14:04:24","modified_gmt":"2019-01-25T13:04:24","slug":"le-range-rover-hybrid","status":"publish","type":"post","link":"https:\/\/www.carideal.com\/blog\/2014\/05\/19\/le-range-rover-hybrid\/","title":{"rendered":"Le prototype Range Rover Hybride"},"content":{"rendered":"<h2><strong>Le prototype du Range Rover Hybride<\/strong><\/h2>\n<p><a href=\"http:\/\/www.carideal.com\/blog\/marque-de-voiture-actualites-essais\/land-rover\/\">Land Rover<\/a> se convertit \u00e0 l'hybride diesel avec son <strong>Range Rover Hybrid<\/strong>. Mais cette volont\u00e9 de Land Rover ne convainc pas pour les \u00e9conomies de carburant, 1.1 l\/110 km, avec un v\u00e9hicule qui vaut 16 000 \u20ac de plus. N\u00e9anmoins le malus \u00e9cologique baisse de 4 300 \u20ac.<br \/>\nCe Range Rover Hybrid appara\u00eet comme le mod\u00e8le le plus technologique de la gamme avec un bloc diesel 3.0 V6 accoupl\u00e9 \u00e0 un moteur \u00e9lectrique de 35 kW. Cette hybridation permet une puissance cumul\u00e9e de 340 ch.<br \/>\nLe pack batterie lithium-ion est stock\u00e9 sous le plancher ce qui ne restreint pas de volume au coffre ni \u00e0 la capacit\u00e9 de franchise tout terrain. Gr\u00e2ce \u00e0 ce moteur \u00e9lectrique les d\u00e9marrages son silencieux ce qui est confortable pour une conduite en ville.<br \/>\nEn bref, l'Hybrid symbolise la volont\u00e9 de Land Rover de passer \u00e0 l'hybride m\u00eame si cela peut \u00eatre am\u00e9lior\u00e9.\u00a0<a href=\"http:\/\/www.carideal.com\/blog\/2013\/12\/04\/range-rover-hybrid-concept\/\">D\u00e9j\u00e0 en 2013 le Range Rover Hybrid Concept<\/a><\/p>\n<p>Land Rover a annonc\u00e9 tous les d\u00e9tails de ses deux nouveaux mod\u00e8les de Range Rover hybrides, qui devraient sortir dans les en 2014.<br \/>\nLe Range Rover Hybrid et le Range Rover Sport Hybrid sont les premiers mod\u00e8les hybrides officiels vendus par Range Rover, tous deux bas\u00e9s sur le nouveau ch\u00e2ssis en aluminium \u00abPremium Lightweight Architecture\u00bb de la soci\u00e9t\u00e9.<\/p>\n<p>La firme britannique a d\u00e9j\u00e0 fait d\u2019\u00e9normes progr\u00e8s avec ses derniers mod\u00e8les de <a href=\"http:\/\/www.carideal.com\/blog\/2013\/01\/10\/land-rover-range-rover-44-de-luxe\/\">Range Rover<\/a>. L\u2019architecture en aluminium a r\u00e9duit de plusieurs centaines de kilos la masse de chaque mod\u00e8le par rapport \u00e0 son pr\u00e9d\u00e9cesseur et, combin\u00e9e aux am\u00e9liorations apport\u00e9es \u00e0 leurs transmissions essence et diesel, aux performances et \u00e0 l\u2019\u00e9conomie, elle a progress\u00e9 de mani\u00e8re significative.<\/p>\n<h2>Les mod\u00e8les hybrides vont encore plus loin.<\/h2>\n<p>Chacune utilise un moteur turbodiesel V6 \u00abSDV6\u00bb de 3,0 litres et une transmission automatique ZF \u00e0 8 vitesses comme base de sa transmission hybride. Associ\u00e9 \u00e0 un moteur \u00e9lectrique de 35 kW et \u00e0 une batterie lithium-ion, le syst\u00e8me fournit une puissance de 335 chevaux.<\/p>\n<p>Le couple maximal atteint entre 1 500 et 3 000 tr \/ min, ce qui conf\u00e8re aux voitures des performances \u00e9quivalentes \u00e0 celles du plus gros moteur turbodiesel SDV8 \u00e0 huit cylindres du Range Rover. Les performances sont excellentes pour les voitures de 2360 kg, \u00e0 6,9 et 6,7 secondes pour le 0 \u00e0 100 km\/h pour le Range Rover et le Sport respectivement, avec des vitesses maximales de 216 et 224 km\/h.<\/p>\n<p>La mesure la plus importante, la consommation est de 7.7 l\/100 km en cycle combin\u00e9.<\/p>\n<p>L'installation des composants hybrides, qui p\u00e8sent120 kg, n'a pas affect\u00e9 l'aspect pratique de chaque mod\u00e8le. Land Rover explique que les deux voitures ont \u00e9t\u00e9 con\u00e7ues pour accepter une transmission hybride d\u00e8s le d\u00e9part, avec un espace sous le plancher de l'habitacle pour la batterie. Le Range Rover Sport conserve m\u00eame ses capacit\u00e9s de sept places.<\/p>\n<p>Les premi\u00e8res livraisons en France devraient commencer au d\u00e9but de 2014.<\/p>\n","protected":false},"excerpt":{"rendered":"<p>Le prototype du Range Rover Hybride Land Rover se convertit \u00e0 l&rsquo;hybride diesel avec son Range Rover Hybrid. Mais cette volont\u00e9 de Land Rover ne convainc pas pour les \u00e9conomies de carburant, 1.1 l\/110 km, avec un v\u00e9hicule qui vaut 16 000 \u20ac de plus. N\u00e9anmoins le malus \u00e9cologique baisse de 4 300 \u20ac. Ce &#8230; <a title=\"Le prototype Range Rover Hybride\" class=\"read-more\" href=\"https:\/\/www.carideal.com\/blog\/2014\/05\/19\/le-range-rover-hybrid\/\" aria-label=\"En savoir plus sur Le prototype Range Rover Hybride\">Lire plus<\/a><\/p>\n","protected":false},"author":1,"featured_media":18360,"comment_status":"closed","ping_status":"open","sticky":false,"template":"","format":"standard","meta":{"_uag_custom_page_level_css":"","_themeisle_gutenberg_block_has_review":false,"footnotes":""},"categories":[2,6031,5080,6089],"tags":[],"class_list":["post-48","post","type-post","status-publish","format-standard","has-post-thumbnail","hentry","category-4x4-suv","category-range-rover","category-technologie-2","category-hybride"],"wppr_data":{"cwp_meta_box_check":"No"},"yoast_head":"<!-- This site is optimized with the Yoast SEO plugin v24.8.1 - https:\/\/yoast.com\/wordpress\/plugins\/seo\/ -->\n<title>Le prototype Range Rover Hybride - Blog auto Carid\u00e9al<\/title>\n<meta name=\"description\" content=\"Land Rover prend le virage de l&#039;hybridation et nous presente son prototype de Range Rover hybride sous la forme d&#039;un mixte entre une motorisation diesel et \u00e9lectrique.\" \/>\n<meta name=\"robots\" content=\"index, follow, max-snippet:-1, max-image-preview:large, max-video-preview:-1\" \/>\n<link rel=\"canonical\" href=\"https:\/\/www.carideal.com\/blog\/2014\/05\/19\/le-range-rover-hybrid\/\" \/>\n<meta property=\"og:locale\" content=\"fr_FR\" \/>\n<meta property=\"og:type\" content=\"article\" \/>\n<meta property=\"og:title\" content=\"Le prototype Range Rover Hybride - Blog auto Carid\u00e9al\" \/>\n<meta property=\"og:description\" content=\"Land Rover prend le virage de l&#039;hybridation et nous presente son prototype de Range Rover hybride sous la forme d&#039;un mixte entre une motorisation diesel et \u00e9lectrique.\" \/>\n<meta property=\"og:url\" content=\"https:\/\/www.carideal.com\/blog\/2014\/05\/19\/le-range-rover-hybrid\/\" \/>\n<meta property=\"og:site_name\" content=\"Blog auto Carid\u00e9al\" \/>\n<meta property=\"article:publisher\" content=\"https:\/\/www.facebook.com\/Carideal.mandataire.automobile\" \/>\n<meta property=\"article:author\" content=\"https:\/\/www.facebook.com\/Carideal.mandataire.automobile\/\" \/>\n<meta property=\"article:published_time\" content=\"2014-05-19T13:28:00+00:00\" \/>\n<meta property=\"article:modified_time\" content=\"2019-01-25T13:04:24+00:00\" \/>\n<meta property=\"og:image\" content=\"https:\/\/www.carideal.com\/blog\/wp-content\/uploads\/2014\/05\/hybrid-range-rover-carideal-mandataire-automobile_m.jpg\" \/>\n\t<meta property=\"og:image:width\" content=\"448\" \/>\n\t<meta property=\"og:image:height\" content=\"252\" \/>\n\t<meta property=\"og:image:type\" content=\"image\/jpeg\" \/>\n<meta name=\"author\" content=\"N.S Carideal\" \/>\n<meta name=\"twitter:card\" content=\"summary_large_image\" \/>\n<meta name=\"twitter:creator\" content=\"@caridealauto\" \/>\n<meta name=\"twitter:site\" content=\"@caridealauto\" \/>\n<meta name=\"twitter:label1\" content=\"\u00c9crit par\" \/>\n\t<meta name=\"twitter:data1\" content=\"N.S Carideal\" \/>\n\t<meta name=\"twitter:label2\" content=\"Dur\u00e9e de lecture estim\u00e9e\" \/>\n\t<meta name=\"twitter:data2\" content=\"2 minutes\" \/>\n<script type=\"application\/ld+json\" class=\"yoast-schema-graph\">{\"@context\":\"https:\/\/schema.org\",\"@graph\":[{\"@type\":\"Article\",\"@id\":\"https:\/\/www.carideal.com\/blog\/2014\/05\/19\/le-range-rover-hybrid\/#article\",\"isPartOf\":{\"@id\":\"https:\/\/www.carideal.com\/blog\/2014\/05\/19\/le-range-rover-hybrid\/\"},\"author\":{\"name\":\"N.S Carideal\",\"@id\":\"https:\/\/www.carideal.com\/blog\/#\/schema\/person\/985c7e757d1042d647f21bfaf8d41ebc\"},\"headline\":\"Le prototype Range Rover Hybride\",\"datePublished\":\"2014-05-19T13:28:00+00:00\",\"dateModified\":\"2019-01-25T13:04:24+00:00\",\"mainEntityOfPage\":{\"@id\":\"https:\/\/www.carideal.com\/blog\/2014\/05\/19\/le-range-rover-hybrid\/\"},\"wordCount\":487,\"publisher\":{\"@id\":\"https:\/\/www.carideal.com\/blog\/#organization\"},\"image\":{\"@id\":\"https:\/\/www.carideal.com\/blog\/2014\/05\/19\/le-range-rover-hybrid\/#primaryimage\"},\"thumbnailUrl\":\"https:\/\/www.carideal.com\/blog\/wp-content\/uploads\/2014\/05\/hybrid-range-rover-carideal-mandataire-automobile_m.jpg\",\"articleSection\":[\"4X4 Actualit\u00e9\",\"Actualit\u00e9 Range Rover\",\"Technologie Automobile\",\"Voiture Hybride\"],\"inLanguage\":\"fr-FR\"},{\"@type\":\"WebPage\",\"@id\":\"https:\/\/www.carideal.com\/blog\/2014\/05\/19\/le-range-rover-hybrid\/\",\"url\":\"https:\/\/www.carideal.com\/blog\/2014\/05\/19\/le-range-rover-hybrid\/\",\"name\":\"Le prototype Range Rover Hybride - Blog auto Carid\u00e9al\",\"isPartOf\":{\"@id\":\"https:\/\/www.carideal.com\/blog\/#website\"},\"primaryImageOfPage\":{\"@id\":\"https:\/\/www.carideal.com\/blog\/2014\/05\/19\/le-range-rover-hybrid\/#primaryimage\"},\"image\":{\"@id\":\"https:\/\/www.carideal.com\/blog\/2014\/05\/19\/le-range-rover-hybrid\/#primaryimage\"},\"thumbnailUrl\":\"https:\/\/www.carideal.com\/blog\/wp-content\/uploads\/2014\/05\/hybrid-range-rover-carideal-mandataire-automobile_m.jpg\",\"datePublished\":\"2014-05-19T13:28:00+00:00\",\"dateModified\":\"2019-01-25T13:04:24+00:00\",\"description\":\"Land Rover prend le virage de l'hybridation et nous presente son prototype de Range Rover hybride sous la forme d'un mixte entre une motorisation diesel et \u00e9lectrique.\",\"breadcrumb\":{\"@id\":\"https:\/\/www.carideal.com\/blog\/2014\/05\/19\/le-range-rover-hybrid\/#breadcrumb\"},\"inLanguage\":\"fr-FR\",\"potentialAction\":[{\"@type\":\"ReadAction\",\"target\":[\"https:\/\/www.carideal.com\/blog\/2014\/05\/19\/le-range-rover-hybrid\/\"]}]},{\"@type\":\"ImageObject\",\"inLanguage\":\"fr-FR\",\"@id\":\"https:\/\/www.carideal.com\/blog\/2014\/05\/19\/le-range-rover-hybrid\/#primaryimage\",\"url\":\"https:\/\/www.carideal.com\/blog\/wp-content\/uploads\/2014\/05\/hybrid-range-rover-carideal-mandataire-automobile_m.jpg\",\"contentUrl\":\"https:\/\/www.carideal.com\/blog\/wp-content\/uploads\/2014\/05\/hybrid-range-rover-carideal-mandataire-automobile_m.jpg\",\"width\":448,\"height\":252,\"caption\":\"Le prototype Range Rover Hybride\"},{\"@type\":\"BreadcrumbList\",\"@id\":\"https:\/\/www.carideal.com\/blog\/2014\/05\/19\/le-range-rover-hybrid\/#breadcrumb\",\"itemListElement\":[{\"@type\":\"ListItem\",\"position\":1,\"name\":\"Blog Carid\u00e9al\",\"item\":\"https:\/\/www.carideal.com\/blog\/\"},{\"@type\":\"ListItem\",\"position\":2,\"name\":\"Type de v\u00e9hicule\",\"item\":\"https:\/\/www.carideal.com\/blog\/type-de-vehicule\/\"},{\"@type\":\"ListItem\",\"position\":3,\"name\":\"4X4 Actualit\u00e9\",\"item\":\"https:\/\/www.carideal.com\/blog\/type-de-vehicule\/4x4-suv\/\"},{\"@type\":\"ListItem\",\"position\":4,\"name\":\"Le prototype Range Rover Hybride\"}]},{\"@type\":\"WebSite\",\"@id\":\"https:\/\/www.carideal.com\/blog\/#website\",\"url\":\"https:\/\/www.carideal.com\/blog\/\",\"name\":\"Blog auto Carid\u00e9al\",\"description\":\"Actualit\u00e9 auto par des passionn\u00e9s\",\"publisher\":{\"@id\":\"https:\/\/www.carideal.com\/blog\/#organization\"},\"potentialAction\":[{\"@type\":\"SearchAction\",\"target\":{\"@type\":\"EntryPoint\",\"urlTemplate\":\"https:\/\/www.carideal.com\/blog\/?s={search_term_string}\"},\"query-input\":{\"@type\":\"PropertyValueSpecification\",\"valueRequired\":true,\"valueName\":\"search_term_string\"}}],\"inLanguage\":\"fr-FR\"},{\"@type\":\"Organization\",\"@id\":\"https:\/\/www.carideal.com\/blog\/#organization\",\"name\":\"Carideal\",\"url\":\"https:\/\/www.carideal.com\/blog\/\",\"logo\":{\"@type\":\"ImageObject\",\"inLanguage\":\"fr-FR\",\"@id\":\"https:\/\/www.carideal.com\/blog\/#\/schema\/logo\/image\/\",\"url\":\"http:\/\/www.carideal.com\/blog\/wp-content\/uploads\/2016\/03\/logo-carideal-mandataire-automobile.png\",\"contentUrl\":\"http:\/\/www.carideal.com\/blog\/wp-content\/uploads\/2016\/03\/logo-carideal-mandataire-automobile.png\",\"width\":300,\"height\":300,\"caption\":\"Carideal\"},\"image\":{\"@id\":\"https:\/\/www.carideal.com\/blog\/#\/schema\/logo\/image\/\"},\"sameAs\":[\"https:\/\/www.facebook.com\/Carideal.mandataire.automobile\",\"https:\/\/x.com\/caridealauto\",\"https:\/\/www.instagram.com\/carideal1\/\",\"https:\/\/www.linkedin.com\/company\/carideal.com\",\"https:\/\/fr.pinterest.com\/schiavonsas\/\",\"https:\/\/www.youtube.com\/user\/caridealsas\"]},{\"@type\":\"Person\",\"@id\":\"https:\/\/www.carideal.com\/blog\/#\/schema\/person\/985c7e757d1042d647f21bfaf8d41ebc\",\"name\":\"N.S Carideal\",\"image\":{\"@type\":\"ImageObject\",\"inLanguage\":\"fr-FR\",\"@id\":\"https:\/\/www.carideal.com\/blog\/#\/schema\/person\/image\/\",\"url\":\"https:\/\/secure.gravatar.com\/avatar\/edb7ccdf1a4e3d14aef967760d354d0e?s=96&r=g\",\"contentUrl\":\"https:\/\/secure.gravatar.com\/avatar\/edb7ccdf1a4e3d14aef967760d354d0e?s=96&r=g\",\"caption\":\"N.S Carideal\"},\"description\":\"Depuis tout petit fan d'automobile. Il est question d'essayer et de comparer toutes ces voitures qui nous ont fait r\u00e9ver, avant que celles-ci ne devient uniquement des voitures de collection.\",\"sameAs\":[\"http:\/\/www.carideal.com\/blog\",\"https:\/\/www.facebook.com\/Carideal.mandataire.automobile\/\",\"https:\/\/www.linkedin.com\/in\/nschiavon\/\",\"https:\/\/www.youtube.com\/user\/caridealsas\/\"],\"url\":\"https:\/\/www.carideal.com\/blog\/author\/admin_carideal\/\"}]}<\/script>\n<!-- \/ Yoast SEO plugin. -->","yoast_head_json":{"title":"Le prototype Range Rover Hybride - Blog auto Carid\u00e9al","description":"Land Rover prend le virage de l'hybridation et nous presente son prototype de Range Rover hybride sous la forme d'un mixte entre une motorisation diesel et \u00e9lectrique.","robots":{"index":"index","follow":"follow","max-snippet":"max-snippet:-1","max-image-preview":"max-image-preview:large","max-video-preview":"max-video-preview:-1"},"canonical":"https:\/\/www.carideal.com\/blog\/2014\/05\/19\/le-range-rover-hybrid\/","og_locale":"fr_FR","og_type":"article","og_title":"Le prototype Range Rover Hybride - Blog auto Carid\u00e9al","og_description":"Land Rover prend le virage de l'hybridation et nous presente son prototype de Range Rover hybride sous la forme d'un mixte entre une motorisation diesel et \u00e9lectrique.","og_url":"https:\/\/www.carideal.com\/blog\/2014\/05\/19\/le-range-rover-hybrid\/","og_site_name":"Blog auto Carid\u00e9al","article_publisher":"https:\/\/www.facebook.com\/Carideal.mandataire.automobile","article_author":"https:\/\/www.facebook.com\/Carideal.mandataire.automobile\/","article_published_time":"2014-05-19T13:28:00+00:00","article_modified_time":"2019-01-25T13:04:24+00:00","og_image":[{"width":448,"height":252,"url":"https:\/\/www.carideal.com\/blog\/wp-content\/uploads\/2014\/05\/hybrid-range-rover-carideal-mandataire-automobile_m.jpg","type":"image\/jpeg"}],"author":"N.S Carideal","twitter_card":"summary_large_image","twitter_creator":"@caridealauto","twitter_site":"@caridealauto","twitter_misc":{"\u00c9crit par":"N.S Carideal","Dur\u00e9e de lecture estim\u00e9e":"2 minutes"},"schema":{"@context":"https:\/\/schema.org","@graph":[{"@type":"Article","@id":"https:\/\/www.carideal.com\/blog\/2014\/05\/19\/le-range-rover-hybrid\/#article","isPartOf":{"@id":"https:\/\/www.carideal.com\/blog\/2014\/05\/19\/le-range-rover-hybrid\/"},"author":{"name":"N.S Carideal","@id":"https:\/\/www.carideal.com\/blog\/#\/schema\/person\/985c7e757d1042d647f21bfaf8d41ebc"},"headline":"Le prototype Range Rover Hybride","datePublished":"2014-05-19T13:28:00+00:00","dateModified":"2019-01-25T13:04:24+00:00","mainEntityOfPage":{"@id":"https:\/\/www.carideal.com\/blog\/2014\/05\/19\/le-range-rover-hybrid\/"},"wordCount":487,"publisher":{"@id":"https:\/\/www.carideal.com\/blog\/#organization"},"image":{"@id":"https:\/\/www.carideal.com\/blog\/2014\/05\/19\/le-range-rover-hybrid\/#primaryimage"},"thumbnailUrl":"https:\/\/www.carideal.com\/blog\/wp-content\/uploads\/2014\/05\/hybrid-range-rover-carideal-mandataire-automobile_m.jpg","articleSection":["4X4 Actualit\u00e9","Actualit\u00e9 Range Rover","Technologie Automobile","Voiture Hybride"],"inLanguage":"fr-FR"},{"@type":"WebPage","@id":"https:\/\/www.carideal.com\/blog\/2014\/05\/19\/le-range-rover-hybrid\/","url":"https:\/\/www.carideal.com\/blog\/2014\/05\/19\/le-range-rover-hybrid\/","name":"Le prototype Range Rover Hybride - Blog auto Carid\u00e9al","isPartOf":{"@id":"https:\/\/www.carideal.com\/blog\/#website"},"primaryImageOfPage":{"@id":"https:\/\/www.carideal.com\/blog\/2014\/05\/19\/le-range-rover-hybrid\/#primaryimage"},"image":{"@id":"https:\/\/www.carideal.com\/blog\/2014\/05\/19\/le-range-rover-hybrid\/#primaryimage"},"thumbnailUrl":"https:\/\/www.carideal.com\/blog\/wp-content\/uploads\/2014\/05\/hybrid-range-rover-carideal-mandataire-automobile_m.jpg","datePublished":"2014-05-19T13:28:00+00:00","dateModified":"2019-01-25T13:04:24+00:00","description":"Land Rover prend le virage de l'hybridation et nous presente son prototype de Range Rover hybride sous la forme d'un mixte entre une motorisation diesel et \u00e9lectrique.","breadcrumb":{"@id":"https:\/\/www.carideal.com\/blog\/2014\/05\/19\/le-range-rover-hybrid\/#breadcrumb"},"inLanguage":"fr-FR","potentialAction":[{"@type":"ReadAction","target":["https:\/\/www.carideal.com\/blog\/2014\/05\/19\/le-range-rover-hybrid\/"]}]},{"@type":"ImageObject","inLanguage":"fr-FR","@id":"https:\/\/www.carideal.com\/blog\/2014\/05\/19\/le-range-rover-hybrid\/#primaryimage","url":"https:\/\/www.carideal.com\/blog\/wp-content\/uploads\/2014\/05\/hybrid-range-rover-carideal-mandataire-automobile_m.jpg","contentUrl":"https:\/\/www.carideal.com\/blog\/wp-content\/uploads\/2014\/05\/hybrid-range-rover-carideal-mandataire-automobile_m.jpg","width":448,"height":252,"caption":"Le prototype Range Rover Hybride"},{"@type":"BreadcrumbList","@id":"https:\/\/www.carideal.com\/blog\/2014\/05\/19\/le-range-rover-hybrid\/#breadcrumb","itemListElement":[{"@type":"ListItem","position":1,"name":"Blog Carid\u00e9al","item":"https:\/\/www.carideal.com\/blog\/"},{"@type":"ListItem","position":2,"name":"Type de v\u00e9hicule","item":"https:\/\/www.carideal.com\/blog\/type-de-vehicule\/"},{"@type":"ListItem","position":3,"name":"4X4 Actualit\u00e9","item":"https:\/\/www.carideal.com\/blog\/type-de-vehicule\/4x4-suv\/"},{"@type":"ListItem","position":4,"name":"Le prototype Range Rover Hybride"}]},{"@type":"WebSite","@id":"https:\/\/www.carideal.com\/blog\/#website","url":"https:\/\/www.carideal.com\/blog\/","name":"Blog auto Carid\u00e9al","description":"Actualit\u00e9 auto par des passionn\u00e9s","publisher":{"@id":"https:\/\/www.carideal.com\/blog\/#organization"},"potentialAction":[{"@type":"SearchAction","target":{"@type":"EntryPoint","urlTemplate":"https:\/\/www.carideal.com\/blog\/?s={search_term_string}"},"query-input":{"@type":"PropertyValueSpecification","valueRequired":true,"valueName":"search_term_string"}}],"inLanguage":"fr-FR"},{"@type":"Organization","@id":"https:\/\/www.carideal.com\/blog\/#organization","name":"Carideal","url":"https:\/\/www.carideal.com\/blog\/","logo":{"@type":"ImageObject","inLanguage":"fr-FR","@id":"https:\/\/www.carideal.com\/blog\/#\/schema\/logo\/image\/","url":"http:\/\/www.carideal.com\/blog\/wp-content\/uploads\/2016\/03\/logo-carideal-mandataire-automobile.png","contentUrl":"http:\/\/www.carideal.com\/blog\/wp-content\/uploads\/2016\/03\/logo-carideal-mandataire-automobile.png","width":300,"height":300,"caption":"Carideal"},"image":{"@id":"https:\/\/www.carideal.com\/blog\/#\/schema\/logo\/image\/"},"sameAs":["https:\/\/www.facebook.com\/Carideal.mandataire.automobile","https:\/\/x.com\/caridealauto","https:\/\/www.instagram.com\/carideal1\/","https:\/\/www.linkedin.com\/company\/carideal.com","https:\/\/fr.pinterest.com\/schiavonsas\/","https:\/\/www.youtube.com\/user\/caridealsas"]},{"@type":"Person","@id":"https:\/\/www.carideal.com\/blog\/#\/schema\/person\/985c7e757d1042d647f21bfaf8d41ebc","name":"N.S Carideal","image":{"@type":"ImageObject","inLanguage":"fr-FR","@id":"https:\/\/www.carideal.com\/blog\/#\/schema\/person\/image\/","url":"https:\/\/secure.gravatar.com\/avatar\/edb7ccdf1a4e3d14aef967760d354d0e?s=96&r=g","contentUrl":"https:\/\/secure.gravatar.com\/avatar\/edb7ccdf1a4e3d14aef967760d354d0e?s=96&r=g","caption":"N.S Carideal"},"description":"Depuis tout petit fan d'automobile. Il est question d'essayer et de comparer toutes ces voitures qui nous ont fait r\u00e9ver, avant que celles-ci ne devient uniquement des voitures de collection.","sameAs":["http:\/\/www.carideal.com\/blog","https:\/\/www.facebook.com\/Carideal.mandataire.automobile\/","https:\/\/www.linkedin.com\/in\/nschiavon\/","https:\/\/www.youtube.com\/user\/caridealsas\/"],"url":"https:\/\/www.carideal.com\/blog\/author\/admin_carideal\/"}]}},"uagb_featured_image_src":{"full":["https:\/\/www.carideal.com\/blog\/wp-content\/uploads\/2014\/05\/hybrid-range-rover-carideal-mandataire-automobile_m.jpg",448,252,false],"thumbnail":["https:\/\/www.carideal.com\/blog\/wp-content\/uploads\/2014\/05\/hybrid-range-rover-carideal-mandataire-automobile_m-150x150.jpg",150,150,true],"medium":["https:\/\/www.carideal.com\/blog\/wp-content\/uploads\/2014\/05\/hybrid-range-rover-carideal-mandataire-automobile_m-300x169.jpg",300,169,true],"medium_large":["https:\/\/www.carideal.com\/blog\/wp-content\/uploads\/2014\/05\/hybrid-range-rover-carideal-mandataire-automobile_m.jpg",448,252,false],"large":["https:\/\/www.carideal.com\/blog\/wp-content\/uploads\/2014\/05\/hybrid-range-rover-carideal-mandataire-automobile_m.jpg",448,252,false],"1536x1536":["https:\/\/www.carideal.com\/blog\/wp-content\/uploads\/2014\/05\/hybrid-range-rover-carideal-mandataire-automobile_m.jpg",448,252,false],"2048x2048":["https:\/\/www.carideal.com\/blog\/wp-content\/uploads\/2014\/05\/hybrid-range-rover-carideal-mandataire-automobile_m.jpg",448,252,false],"wppr-widget":["https:\/\/www.carideal.com\/blog\/wp-content\/uploads\/2014\/05\/hybrid-range-rover-carideal-mandataire-automobile_m-50x28.jpg",50,28,true]},"uagb_author_info":{"display_name":"N.S Carideal","author_link":"https:\/\/www.carideal.com\/blog\/author\/admin_carideal\/"},"uagb_comment_info":0,"uagb_excerpt":"Le prototype du Range Rover Hybride Land Rover se convertit \u00e0 l'hybride diesel avec son Range Rover Hybrid. Mais cette volont\u00e9 de Land Rover ne convainc pas pour les \u00e9conomies de carburant, 1.1 l\/110 km, avec un v\u00e9hicule qui vaut 16 000 \u20ac de plus. N\u00e9anmoins le malus \u00e9cologique baisse de 4 300 \u20ac. Ce\u2026","_links":{"self":[{"href":"https:\/\/www.carideal.com\/blog\/wp-json\/wp\/v2\/posts\/48"}],"collection":[{"href":"https:\/\/www.carideal.com\/blog\/wp-json\/wp\/v2\/posts"}],"about":[{"href":"https:\/\/www.carideal.com\/blog\/wp-json\/wp\/v2\/types\/post"}],"author":[{"embeddable":true,"href":"https:\/\/www.carideal.com\/blog\/wp-json\/wp\/v2\/users\/1"}],"replies":[{"embeddable":true,"href":"https:\/\/www.carideal.com\/blog\/wp-json\/wp\/v2\/comments?post=48"}],"version-history":[{"count":0,"href":"https:\/\/www.carideal.com\/blog\/wp-json\/wp\/v2\/posts\/48\/revisions"}],"wp:featuredmedia":[{"embeddable":true,"href":"https:\/\/www.carideal.com\/blog\/wp-json\/wp\/v2\/media\/18360"}],"wp:attachment":[{"href":"https:\/\/www.carideal.com\/blog\/wp-json\/wp\/v2\/media?parent=48"}],"wp:term":[{"taxonomy":"category","embeddable":true,"href":"https:\/\/www.carideal.com\/blog\/wp-json\/wp\/v2\/categories?post=48"},{"taxonomy":"post_tag","embeddable":true,"href":"https:\/\/www.carideal.com\/blog\/wp-json\/wp\/v2\/tags?post=48"}],"curies":[{"name":"wp","href":"https:\/\/api.w.org\/{rel}","templated":true}]}}